{"id":222502,"date":"2023-04-17T08:53:51","date_gmt":"2023-04-17T11:53:51","guid":{"rendered":"https:\/\/diariotextual.com\/inicio\/?p=222502"},"modified":"2023-04-17T16:49:22","modified_gmt":"2023-04-17T19:49:22","slug":"arranca-la-41-fiesta-provincial-del-teatro-en-santa-rosa","status":"publish","type":"post","link":"https:\/\/diariotextual.com\/inicio\/index.php\/2023\/04\/17\/arranca-la-41-fiesta-provincial-del-teatro-en-santa-rosa\/","title":{"rendered":"Comenz\u00f3 la 41\u00b0 Fiesta Provincial del Teatro en Santa Rosa"},"content":{"rendered":"\n<p>Con un r\u00e9cord hist\u00f3rico de obras, comenz\u00f3 este lunes la <strong>41\u00b0 Fiesta Provincial del Teatro en La Pampa<\/strong>, que se desarrollar\u00e1 hasta el viernes 21 de abril en Santa Rosa.<\/p>\n\n\n\n<p>Las entradas son gratuitas y se dar\u00e1n al momento de cada funci\u00f3n por orden de llegada a cada sala. Las obras que se presentar\u00e1n este lunes son las siguientes: <\/p>\n\n\n\n<p><strong>-Blacked Out, 15hs, TKQ <\/strong>(Sarmiento y Cervantes) Flavia est\u00e1 en un descampado fuera de la ciudad. No sabe c\u00f3mo lleg\u00f3 hasta ah\u00ed. Un d\u00eda com\u00fan sale de la oficina del diario y se dirige a lo de su amiga pero nunca llega. Palabras desordenadas la llevan a construir el relato de su propia crisis. Intentos torpes, recuerdos como flashes, sue\u00f1os sin sentido en una mente dispersa. Una p\u00e9rdida de memoria temporal que abre otro espacio en el tiempo. Un antes y un despu\u00e9s en una vida que se transforma. Dramaturgia: Cari\u00f1o Teatro. Direcci\u00f3n: Valentina Rata Zelaya. Actuaci\u00f3n: Astrid Urban. Producci\u00f3n Integral: Compa\u00f1\u00eda Cari\u00f1o Teatro. Dise\u00f1o de iluminaci\u00f3n, fotos y videos: Victoria Rostom. Dise\u00f1o sonoro y musical: Leo Carrizo.<\/p>\n\n\n\n<p><strong>-Las enanas, 18hs, ATTP<\/strong> (Jos\u00e9 Luro y Bolivia)Paso de comedia basado en el relato hom\u00f3nimo de Olga Orozco. Dos hermanas atrapadas en el tiempo, obsesionadas por detener el paso de los a\u00f1os y por saber c\u00f3mo fue su llegada a este mundo. Mujeres sentenciadas por mandatos familiares, contemplando, imaginando y esperando la llegada del amor eterno.Int\u00e9rpretes: Silvina D\u00b4Atri y Emilce Aimar. Acompa\u00f1amiento de Direcci\u00f3n: Mirta Bogdasarian. Adaptaci\u00f3n: Silvina D\u00b4Atri. Gui\u00f3n de luces: David Albornoz. Operaci\u00f3n t\u00e9cnica: Laura Acu\u00f1a. Colaboraci\u00f3n: Nicol\u00e1s Nahuel Troncoso. Fotos: Pablo Ramos. Para mayores de 12 a\u00f1os.<\/p>\n\n\n\n<p><strong>-Las de enfrente, 20hs, CMC<\/strong> (Quintana 172) Radio teatro.<\/p>\n\n\n\n<p><strong>-Vestigios, 21hs, Teatro Espa\u00f1ol <\/strong>(Lagos 44) Intervenci\u00f3n callejera de danza teatro.<\/p>\n\n\n\n<p><strong>-Esp\u00eda a una mujer que se mata, 21.30hs,<\/strong> <strong>Teatro Espa\u00f1ol.<\/strong> En el patio de la casa de campo, seis personas comen, beben, charlan, se confiesan. Los v\u00ednculos entre ellas por momentos se quiebran, por momentos se estrechan. Entre la risa y la tragedia est\u00e1 la vida, incesante, continua. Pero tambi\u00e9n un aire de metateatro que, por momentos, nos hace dudar de si estamos viendo la realidad de esos personajes o el ensayo de algo por venir. De Daniel Veronese (versi\u00f3n de T\u00edo Vania de Anton Chejov). Act\u00faan: Carina Patthauer, Edith Gazzaniga, Mariana Roser\u00f3, Sebasti\u00e1n Buttafuoco, Marcelo Gonz\u00e1lez, Chiche Astigarraga. Direcci\u00f3n: Adri\u00e1n Canale. <\/p>\n\n\n\n<p>Mas informacion en<a href=\"https:\/\/www.facebook.com\/lapampa.inteatro\" target=\"_blank\" rel=\"noreferrer noopener\"> https:\/\/www.facebook.com\/lapampa.inteatro<\/a><\/p>\n","protected":false},"excerpt":{"rendered":"<p>Con un r\u00e9cord hist\u00f3rico de obras, comenz\u00f3 este lunes la 41\u00b0 Fiesta Provincial del Teatro en La Pampa, que se desarrollar\u00e1 hasta el viernes 21 de abril en Santa Rosa.&hellip;<\/p>\n","protected":false},"author":4,"featured_media":222558,"comment_status":"closed","ping_status":"open","sticky":false,"template":"","format":"standard","meta":{"_acf_changed":false,"footnotes":""},"categories":[1,2],"tags":[],"class_list":["post-222502","post","type-post","status-publish","format-standard","has-post-thumbnail","hentry","category-es-noticia","category-cultura"],"acf":[],"yoast_head":"<!-- This site is optimized with the Yoast SEO plugin v27.5 - https:\/\/yoast.com\/product\/yoast-seo-wordpress\/ -->\n<title>Comenz\u00f3 la 41\u00b0 Fiesta Provincial del Teatro en Santa Rosa - Diario Textual<\/title>\n<meta name=\"robots\" content=\"index, follow, max-snippet:-1, max-image-preview:large, max-video-preview:-1\" \/>\n<link rel=\"canonical\" href=\"https:\/\/diariotextual.com\/inicio\/index.php\/2023\/04\/17\/arranca-la-41-fiesta-provincial-del-teatro-en-santa-rosa\/\" \/>\n<meta property=\"og:locale\" content=\"es_ES\" \/>\n<meta property=\"og:type\" content=\"article\" \/>\n<meta property=\"og:title\" content=\"Comenz\u00f3 la 41\u00b0 Fiesta Provincial del Teatro en Santa Rosa - Diario Textual\" \/>\n<meta property=\"og:description\" content=\"Con un r\u00e9cord hist\u00f3rico de obras, comenz\u00f3 este lunes la 41\u00b0 Fiesta Provincial del Teatro en La Pampa, que se desarrollar\u00e1 hasta el viernes 21 de abril en Santa Rosa.&hellip;\" \/>\n<meta property=\"og:url\" content=\"https:\/\/diariotextual.com\/inicio\/index.php\/2023\/04\/17\/arranca-la-41-fiesta-provincial-del-teatro-en-santa-rosa\/\" \/>\n<meta property=\"og:site_name\" content=\"Diario Textual\" \/>\n<meta property=\"article:publisher\" content=\"https:\/\/www.facebook.com\/eltextual\" \/>\n<meta property=\"article:published_time\" content=\"2023-04-17T11:53:51+00:00\" \/>\n<meta property=\"article:modified_time\" content=\"2023-04-17T19:49:22+00:00\" \/>\n<meta property=\"og:image\" content=\"https:\/\/diariotextual.com\/inicio\/wp-content\/uploads\/2023\/04\/teatrotkqfiestaprovincial2023432.jpg\" \/>\n\t<meta property=\"og:image:width\" content=\"1156\" \/>\n\t<meta property=\"og:image:height\" content=\"779\" \/>\n\t<meta property=\"og:image:type\" content=\"image\/jpeg\" \/>\n<meta name=\"author\" content=\"diario2\" \/>\n<meta name=\"twitter:card\" content=\"summary_large_image\" \/>\n<meta name=\"twitter:creator\" content=\"@eltextual\" \/>\n<meta name=\"twitter:site\" content=\"@eltextual\" \/>\n<meta name=\"twitter:label1\" content=\"Escrito por\" \/>\n\t<meta name=\"twitter:data1\" content=\"diario2\" \/>\n\t<meta name=\"twitter:label2\" content=\"Tiempo de lectura\" \/>\n\t<meta name=\"twitter:data2\" content=\"2 minutos\" \/>\n<script type=\"application\/ld+json\" class=\"yoast-schema-graph\">{\"@context\":\"https:\\\/\\\/schema.org\",\"@graph\":[{\"@type\":\"Article\",\"@id\":\"https:\\\/\\\/diariotextual.com\\\/inicio\\\/index.php\\\/2023\\\/04\\\/17\\\/arranca-la-41-fiesta-provincial-del-teatro-en-santa-rosa\\\/#article\",\"isPartOf\":{\"@id\":\"https:\\\/\\\/diariotextual.com\\\/inicio\\\/index.php\\\/2023\\\/04\\\/17\\\/arranca-la-41-fiesta-provincial-del-teatro-en-santa-rosa\\\/\"},\"author\":{\"name\":\"diario2\",\"@id\":\"https:\\\/\\\/diariotextual.com\\\/inicio\\\/#\\\/schema\\\/person\\\/694f60677f23c4a530867a98f22b3768\"},\"headline\":\"Comenz\u00f3 la 41\u00b0 Fiesta Provincial del Teatro en Santa Rosa\",\"datePublished\":\"2023-04-17T11:53:51+00:00\",\"dateModified\":\"2023-04-17T19:49:22+00:00\",\"mainEntityOfPage\":{\"@id\":\"https:\\\/\\\/diariotextual.com\\\/inicio\\\/index.php\\\/2023\\\/04\\\/17\\\/arranca-la-41-fiesta-provincial-del-teatro-en-santa-rosa\\\/\"},\"wordCount\":453,\"publisher\":{\"@id\":\"https:\\\/\\\/diariotextual.com\\\/inicio\\\/#organization\"},\"image\":{\"@id\":\"https:\\\/\\\/diariotextual.com\\\/inicio\\\/index.php\\\/2023\\\/04\\\/17\\\/arranca-la-41-fiesta-provincial-del-teatro-en-santa-rosa\\\/#primaryimage\"},\"thumbnailUrl\":\"https:\\\/\\\/diariotextual.com\\\/inicio\\\/wp-content\\\/uploads\\\/2023\\\/04\\\/teatrotkqfiestaprovincial2023432.jpg\",\"articleSection\":[\"A - ES NOTICIA (van abajo)\",\"CULTURA\"],\"inLanguage\":\"es\"},{\"@type\":\"WebPage\",\"@id\":\"https:\\\/\\\/diariotextual.com\\\/inicio\\\/index.php\\\/2023\\\/04\\\/17\\\/arranca-la-41-fiesta-provincial-del-teatro-en-santa-rosa\\\/\",\"url\":\"https:\\\/\\\/diariotextual.com\\\/inicio\\\/index.php\\\/2023\\\/04\\\/17\\\/arranca-la-41-fiesta-provincial-del-teatro-en-santa-rosa\\\/\",\"name\":\"Comenz\u00f3 la 41\u00b0 Fiesta Provincial del Teatro en Santa Rosa - Diario Textual\",\"isPartOf\":{\"@id\":\"https:\\\/\\\/diariotextual.com\\\/inicio\\\/#website\"},\"primaryImageOfPage\":{\"@id\":\"https:\\\/\\\/diariotextual.com\\\/inicio\\\/index.php\\\/2023\\\/04\\\/17\\\/arranca-la-41-fiesta-provincial-del-teatro-en-santa-rosa\\\/#primaryimage\"},\"image\":{\"@id\":\"https:\\\/\\\/diariotextual.com\\\/inicio\\\/index.php\\\/2023\\\/04\\\/17\\\/arranca-la-41-fiesta-provincial-del-teatro-en-santa-rosa\\\/#primaryimage\"},\"thumbnailUrl\":\"https:\\\/\\\/diariotextual.com\\\/inicio\\\/wp-content\\\/uploads\\\/2023\\\/04\\\/teatrotkqfiestaprovincial2023432.jpg\",\"datePublished\":\"2023-04-17T11:53:51+00:00\",\"dateModified\":\"2023-04-17T19:49:22+00:00\",\"breadcrumb\":{\"@id\":\"https:\\\/\\\/diariotextual.com\\\/inicio\\\/index.php\\\/2023\\\/04\\\/17\\\/arranca-la-41-fiesta-provincial-del-teatro-en-santa-rosa\\\/#breadcrumb\"},\"inLanguage\":\"es\",\"potentialAction\":[{\"@type\":\"ReadAction\",\"target\":[\"https:\\\/\\\/diariotextual.com\\\/inicio\\\/index.php\\\/2023\\\/04\\\/17\\\/arranca-la-41-fiesta-provincial-del-teatro-en-santa-rosa\\\/\"]}]},{\"@type\":\"ImageObject\",\"inLanguage\":\"es\",\"@id\":\"https:\\\/\\\/diariotextual.com\\\/inicio\\\/index.php\\\/2023\\\/04\\\/17\\\/arranca-la-41-fiesta-provincial-del-teatro-en-santa-rosa\\\/#primaryimage\",\"url\":\"https:\\\/\\\/diariotextual.com\\\/inicio\\\/wp-content\\\/uploads\\\/2023\\\/04\\\/teatrotkqfiestaprovincial2023432.jpg\",\"contentUrl\":\"https:\\\/\\\/diariotextual.com\\\/inicio\\\/wp-content\\\/uploads\\\/2023\\\/04\\\/teatrotkqfiestaprovincial2023432.jpg\",\"width\":1156,\"height\":779},{\"@type\":\"BreadcrumbList\",\"@id\":\"https:\\\/\\\/diariotextual.com\\\/inicio\\\/index.php\\\/2023\\\/04\\\/17\\\/arranca-la-41-fiesta-provincial-del-teatro-en-santa-rosa\\\/#breadcrumb\",\"itemListElement\":[{\"@type\":\"ListItem\",\"position\":1,\"name\":\"Portada\",\"item\":\"https:\\\/\\\/diariotextual.com\\\/inicio\\\/\"},{\"@type\":\"ListItem\",\"position\":2,\"name\":\"Comenz\u00f3 la 41\u00b0 Fiesta Provincial del Teatro en Santa Rosa\"}]},{\"@type\":\"WebSite\",\"@id\":\"https:\\\/\\\/diariotextual.com\\\/inicio\\\/#website\",\"url\":\"https:\\\/\\\/diariotextual.com\\\/inicio\\\/\",\"name\":\"Diario Textual\",\"description\":\"\",\"publisher\":{\"@id\":\"https:\\\/\\\/diariotextual.com\\\/inicio\\\/#organization\"},\"potentialAction\":[{\"@type\":\"SearchAction\",\"target\":{\"@type\":\"EntryPoint\",\"urlTemplate\":\"https:\\\/\\\/diariotextual.com\\\/inicio\\\/?s={search_term_string}\"},\"query-input\":{\"@type\":\"PropertyValueSpecification\",\"valueRequired\":true,\"valueName\":\"search_term_string\"}}],\"inLanguage\":\"es\"},{\"@type\":\"Organization\",\"@id\":\"https:\\\/\\\/diariotextual.com\\\/inicio\\\/#organization\",\"name\":\"Diario Textual\",\"url\":\"https:\\\/\\\/diariotextual.com\\\/inicio\\\/\",\"logo\":{\"@type\":\"ImageObject\",\"inLanguage\":\"es\",\"@id\":\"https:\\\/\\\/diariotextual.com\\\/inicio\\\/#\\\/schema\\\/logo\\\/image\\\/\",\"url\":\"https:\\\/\\\/diariotextual.com\\\/inicio\\\/wp-content\\\/uploads\\\/2023\\\/05\\\/logotextual1.jpg\",\"contentUrl\":\"https:\\\/\\\/diariotextual.com\\\/inicio\\\/wp-content\\\/uploads\\\/2023\\\/05\\\/logotextual1.jpg\",\"width\":516,\"height\":76,\"caption\":\"Diario Textual\"},\"image\":{\"@id\":\"https:\\\/\\\/diariotextual.com\\\/inicio\\\/#\\\/schema\\\/logo\\\/image\\\/\"},\"sameAs\":[\"https:\\\/\\\/www.facebook.com\\\/eltextual\",\"https:\\\/\\\/x.com\\\/eltextual\",\"http:\\\/\\\/www.instagram.com\\\/eltextual\"]},{\"@type\":\"Person\",\"@id\":\"https:\\\/\\\/diariotextual.com\\\/inicio\\\/#\\\/schema\\\/person\\\/694f60677f23c4a530867a98f22b3768\",\"name\":\"diario2\",\"image\":{\"@type\":\"ImageObject\",\"inLanguage\":\"es\",\"@id\":\"https:\\\/\\\/secure.gravatar.com\\\/avatar\\\/5a2567495ba16b852fcd8f1ed006a2e24fcace936018ed8237e95f488ad6e0a7?s=96&d=mm&r=g\",\"url\":\"https:\\\/\\\/secure.gravatar.com\\\/avatar\\\/5a2567495ba16b852fcd8f1ed006a2e24fcace936018ed8237e95f488ad6e0a7?s=96&d=mm&r=g\",\"contentUrl\":\"https:\\\/\\\/secure.gravatar.com\\\/avatar\\\/5a2567495ba16b852fcd8f1ed006a2e24fcace936018ed8237e95f488ad6e0a7?s=96&d=mm&r=g\",\"caption\":\"diario2\"},\"url\":\"https:\\\/\\\/diariotextual.com\\\/inicio\\\/index.php\\\/author\\\/diario2\\\/\"}]}<\/script>\n<!-- \/ Yoast SEO plugin. -->","yoast_head_json":{"title":"Comenz\u00f3 la 41\u00b0 Fiesta Provincial del Teatro en Santa Rosa - Diario Textual","robots":{"index":"index","follow":"follow","max-snippet":"max-snippet:-1","max-image-preview":"max-image-preview:large","max-video-preview":"max-video-preview:-1"},"canonical":"https:\/\/diariotextual.com\/inicio\/index.php\/2023\/04\/17\/arranca-la-41-fiesta-provincial-del-teatro-en-santa-rosa\/","og_locale":"es_ES","og_type":"article","og_title":"Comenz\u00f3 la 41\u00b0 Fiesta Provincial del Teatro en Santa Rosa - Diario Textual","og_description":"Con un r\u00e9cord hist\u00f3rico de obras, comenz\u00f3 este lunes la 41\u00b0 Fiesta Provincial del Teatro en La Pampa, que se desarrollar\u00e1 hasta el viernes 21 de abril en Santa Rosa.&hellip;","og_url":"https:\/\/diariotextual.com\/inicio\/index.php\/2023\/04\/17\/arranca-la-41-fiesta-provincial-del-teatro-en-santa-rosa\/","og_site_name":"Diario Textual","article_publisher":"https:\/\/www.facebook.com\/eltextual","article_published_time":"2023-04-17T11:53:51+00:00","article_modified_time":"2023-04-17T19:49:22+00:00","og_image":[{"width":1156,"height":779,"url":"https:\/\/diariotextual.com\/inicio\/wp-content\/uploads\/2023\/04\/teatrotkqfiestaprovincial2023432.jpg","type":"image\/jpeg"}],"author":"diario2","twitter_card":"summary_large_image","twitter_creator":"@eltextual","twitter_site":"@eltextual","twitter_misc":{"Escrito por":"diario2","Tiempo de lectura":"2 minutos"},"schema":{"@context":"https:\/\/schema.org","@graph":[{"@type":"Article","@id":"https:\/\/diariotextual.com\/inicio\/index.php\/2023\/04\/17\/arranca-la-41-fiesta-provincial-del-teatro-en-santa-rosa\/#article","isPartOf":{"@id":"https:\/\/diariotextual.com\/inicio\/index.php\/2023\/04\/17\/arranca-la-41-fiesta-provincial-del-teatro-en-santa-rosa\/"},"author":{"name":"diario2","@id":"https:\/\/diariotextual.com\/inicio\/#\/schema\/person\/694f60677f23c4a530867a98f22b3768"},"headline":"Comenz\u00f3 la 41\u00b0 Fiesta Provincial del Teatro en Santa Rosa","datePublished":"2023-04-17T11:53:51+00:00","dateModified":"2023-04-17T19:49:22+00:00","mainEntityOfPage":{"@id":"https:\/\/diariotextual.com\/inicio\/index.php\/2023\/04\/17\/arranca-la-41-fiesta-provincial-del-teatro-en-santa-rosa\/"},"wordCount":453,"publisher":{"@id":"https:\/\/diariotextual.com\/inicio\/#organization"},"image":{"@id":"https:\/\/diariotextual.com\/inicio\/index.php\/2023\/04\/17\/arranca-la-41-fiesta-provincial-del-teatro-en-santa-rosa\/#primaryimage"},"thumbnailUrl":"https:\/\/diariotextual.com\/inicio\/wp-content\/uploads\/2023\/04\/teatrotkqfiestaprovincial2023432.jpg","articleSection":["A - ES NOTICIA (van abajo)","CULTURA"],"inLanguage":"es"},{"@type":"WebPage","@id":"https:\/\/diariotextual.com\/inicio\/index.php\/2023\/04\/17\/arranca-la-41-fiesta-provincial-del-teatro-en-santa-rosa\/","url":"https:\/\/diariotextual.com\/inicio\/index.php\/2023\/04\/17\/arranca-la-41-fiesta-provincial-del-teatro-en-santa-rosa\/","name":"Comenz\u00f3 la 41\u00b0 Fiesta Provincial del Teatro en Santa Rosa - Diario Textual","isPartOf":{"@id":"https:\/\/diariotextual.com\/inicio\/#website"},"primaryImageOfPage":{"@id":"https:\/\/diariotextual.com\/inicio\/index.php\/2023\/04\/17\/arranca-la-41-fiesta-provincial-del-teatro-en-santa-rosa\/#primaryimage"},"image":{"@id":"https:\/\/diariotextual.com\/inicio\/index.php\/2023\/04\/17\/arranca-la-41-fiesta-provincial-del-teatro-en-santa-rosa\/#primaryimage"},"thumbnailUrl":"https:\/\/diariotextual.com\/inicio\/wp-content\/uploads\/2023\/04\/teatrotkqfiestaprovincial2023432.jpg","datePublished":"2023-04-17T11:53:51+00:00","dateModified":"2023-04-17T19:49:22+00:00","breadcrumb":{"@id":"https:\/\/diariotextual.com\/inicio\/index.php\/2023\/04\/17\/arranca-la-41-fiesta-provincial-del-teatro-en-santa-rosa\/#breadcrumb"},"inLanguage":"es","potentialAction":[{"@type":"ReadAction","target":["https:\/\/diariotextual.com\/inicio\/index.php\/2023\/04\/17\/arranca-la-41-fiesta-provincial-del-teatro-en-santa-rosa\/"]}]},{"@type":"ImageObject","inLanguage":"es","@id":"https:\/\/diariotextual.com\/inicio\/index.php\/2023\/04\/17\/arranca-la-41-fiesta-provincial-del-teatro-en-santa-rosa\/#primaryimage","url":"https:\/\/diariotextual.com\/inicio\/wp-content\/uploads\/2023\/04\/teatrotkqfiestaprovincial2023432.jpg","contentUrl":"https:\/\/diariotextual.com\/inicio\/wp-content\/uploads\/2023\/04\/teatrotkqfiestaprovincial2023432.jpg","width":1156,"height":779},{"@type":"BreadcrumbList","@id":"https:\/\/diariotextual.com\/inicio\/index.php\/2023\/04\/17\/arranca-la-41-fiesta-provincial-del-teatro-en-santa-rosa\/#breadcrumb","itemListElement":[{"@type":"ListItem","position":1,"name":"Portada","item":"https:\/\/diariotextual.com\/inicio\/"},{"@type":"ListItem","position":2,"name":"Comenz\u00f3 la 41\u00b0 Fiesta Provincial del Teatro en Santa Rosa"}]},{"@type":"WebSite","@id":"https:\/\/diariotextual.com\/inicio\/#website","url":"https:\/\/diariotextual.com\/inicio\/","name":"Diario Textual","description":"","publisher":{"@id":"https:\/\/diariotextual.com\/inicio\/#organization"},"potentialAction":[{"@type":"SearchAction","target":{"@type":"EntryPoint","urlTemplate":"https:\/\/diariotextual.com\/inicio\/?s={search_term_string}"},"query-input":{"@type":"PropertyValueSpecification","valueRequired":true,"valueName":"search_term_string"}}],"inLanguage":"es"},{"@type":"Organization","@id":"https:\/\/diariotextual.com\/inicio\/#organization","name":"Diario Textual","url":"https:\/\/diariotextual.com\/inicio\/","logo":{"@type":"ImageObject","inLanguage":"es","@id":"https:\/\/diariotextual.com\/inicio\/#\/schema\/logo\/image\/","url":"https:\/\/diariotextual.com\/inicio\/wp-content\/uploads\/2023\/05\/logotextual1.jpg","contentUrl":"https:\/\/diariotextual.com\/inicio\/wp-content\/uploads\/2023\/05\/logotextual1.jpg","width":516,"height":76,"caption":"Diario Textual"},"image":{"@id":"https:\/\/diariotextual.com\/inicio\/#\/schema\/logo\/image\/"},"sameAs":["https:\/\/www.facebook.com\/eltextual","https:\/\/x.com\/eltextual","http:\/\/www.instagram.com\/eltextual"]},{"@type":"Person","@id":"https:\/\/diariotextual.com\/inicio\/#\/schema\/person\/694f60677f23c4a530867a98f22b3768","name":"diario2","image":{"@type":"ImageObject","inLanguage":"es","@id":"https:\/\/secure.gravatar.com\/avatar\/5a2567495ba16b852fcd8f1ed006a2e24fcace936018ed8237e95f488ad6e0a7?s=96&d=mm&r=g","url":"https:\/\/secure.gravatar.com\/avatar\/5a2567495ba16b852fcd8f1ed006a2e24fcace936018ed8237e95f488ad6e0a7?s=96&d=mm&r=g","contentUrl":"https:\/\/secure.gravatar.com\/avatar\/5a2567495ba16b852fcd8f1ed006a2e24fcace936018ed8237e95f488ad6e0a7?s=96&d=mm&r=g","caption":"diario2"},"url":"https:\/\/diariotextual.com\/inicio\/index.php\/author\/diario2\/"}]}},"_links":{"self":[{"href":"https:\/\/diariotextual.com\/inicio\/index.php\/wp-json\/wp\/v2\/posts\/222502","targetHints":{"allow":["GET"]}}],"collection":[{"href":"https:\/\/diariotextual.com\/inicio\/index.php\/wp-json\/wp\/v2\/posts"}],"about":[{"href":"https:\/\/diariotextual.com\/inicio\/index.php\/wp-json\/wp\/v2\/types\/post"}],"author":[{"embeddable":true,"href":"https:\/\/diariotextual.com\/inicio\/index.php\/wp-json\/wp\/v2\/users\/4"}],"replies":[{"embeddable":true,"href":"https:\/\/diariotextual.com\/inicio\/index.php\/wp-json\/wp\/v2\/comments?post=222502"}],"version-history":[{"count":3,"href":"https:\/\/diariotextual.com\/inicio\/index.php\/wp-json\/wp\/v2\/posts\/222502\/revisions"}],"predecessor-version":[{"id":222559,"href":"https:\/\/diariotextual.com\/inicio\/index.php\/wp-json\/wp\/v2\/posts\/222502\/revisions\/222559"}],"wp:featuredmedia":[{"embeddable":true,"href":"https:\/\/diariotextual.com\/inicio\/index.php\/wp-json\/wp\/v2\/media\/222558"}],"wp:attachment":[{"href":"https:\/\/diariotextual.com\/inicio\/index.php\/wp-json\/wp\/v2\/media?parent=222502"}],"wp:term":[{"taxonomy":"category","embeddable":true,"href":"https:\/\/diariotextual.com\/inicio\/index.php\/wp-json\/wp\/v2\/categories?post=222502"},{"taxonomy":"post_tag","embeddable":true,"href":"https:\/\/diariotextual.com\/inicio\/index.php\/wp-json\/wp\/v2\/tags?post=222502"}],"curies":[{"name":"wp","href":"https:\/\/api.w.org\/{rel}","templated":true}]}}