{"id":222543,"date":"2023-04-17T12:57:26","date_gmt":"2023-04-17T15:57:26","guid":{"rendered":"https:\/\/diariotextual.com\/inicio\/?p=222543"},"modified":"2023-04-18T07:08:09","modified_gmt":"2023-04-18T10:08:09","slug":"santa-rosa-crecio-el-numero-de-habilitaciones-y-se-agilizaron-los-tramites-comerciales","status":"publish","type":"post","link":"https:\/\/diariotextual.com\/inicio\/index.php\/2023\/04\/17\/santa-rosa-crecio-el-numero-de-habilitaciones-y-se-agilizaron-los-tramites-comerciales\/","title":{"rendered":"Santa Rosa: creci\u00f3 el n\u00famero de habilitaciones y se agilizaron los tr\u00e1mites comerciales\u00a0"},"content":{"rendered":"\n<p>El director de Comercio y Servicios del municipio de Santa Rosa, <strong>Maximiliano Che<\/strong>li, coment\u00f3 cu\u00e1les son las claves del crecimiento comercial en Santa Rosa y brind\u00f3 detalles de las novedades que se esperan para este a\u00f1o. <strong>\u201cEstamos trabajando a paso firme para agilizar los tr\u00e1mites, brindar soluciones a nuestros vecinos y a su vez potenciar al sector comercial\u201d,<\/strong> asegur\u00f3 Cheli.<\/p>\n\n\n\n<p>Al respecto, el director destac\u00f3 como \u201cfundamental para la ciudad\u201d la creaci\u00f3n de la Secretar\u00eda de Desarrollo Econ\u00f3mico por parte del intendente Luciano di N\u00e1poli. \u201cEsta decisi\u00f3n pol\u00edtica ha promovido, entre otros beneficios, la jerarquizaci\u00f3n del v\u00ednculo con el sector comercial de la ciudad\u201d.<\/p>\n\n\n\n<p>En la misma l\u00ednea Cheli asegur\u00f3: \u201cpotenciar el v\u00ednculo del Municipio con el sector privado es una prioridad para nuestra gesti\u00f3n que se sostiene con acciones constantes y permanentes\u201d. Y agreg\u00f3: \u201cesta sinergia es fundamental para el desarrollo econ\u00f3mico de Santa Rosa desde algo tan importante como lo es la generaci\u00f3n de empleo directo e indirecto\u201d.<\/p>\n\n\n\n<p>El funcionario resalt\u00f3 adem\u00e1s el trabajo articulado de la Secretar\u00eda con la C\u00e1mara de Comercio y lo valor\u00f3 como \u201cmuy fruct\u00edfero\u201d. <\/p>\n\n\n\n<figure class=\"wp-block-image size-large is-resized\"><img fetchpriority=\"high\" decoding=\"async\" src=\"https:\/\/diariotextual.com\/inicio\/wp-content\/uploads\/2023\/04\/chelimaximiliano436285-1024x683.jpg\" alt=\"\" class=\"wp-image-222545\" width=\"677\" height=\"451\" srcset=\"https:\/\/diariotextual.com\/inicio\/wp-content\/uploads\/2023\/04\/chelimaximiliano436285-1024x683.jpg 1024w, https:\/\/diariotextual.com\/inicio\/wp-content\/uploads\/2023\/04\/chelimaximiliano436285-300x200.jpg 300w, https:\/\/diariotextual.com\/inicio\/wp-content\/uploads\/2023\/04\/chelimaximiliano436285-768x512.jpg 768w, https:\/\/diariotextual.com\/inicio\/wp-content\/uploads\/2023\/04\/chelimaximiliano436285-1170x780.jpg 1170w, https:\/\/diariotextual.com\/inicio\/wp-content\/uploads\/2023\/04\/chelimaximiliano436285-585x390.jpg 585w, https:\/\/diariotextual.com\/inicio\/wp-content\/uploads\/2023\/04\/chelimaximiliano436285-263x175.jpg 263w, https:\/\/diariotextual.com\/inicio\/wp-content\/uploads\/2023\/04\/chelimaximiliano436285.jpg 1500w\" sizes=\"(max-width: 677px) 100vw, 677px\" \/><\/figure>\n\n\n\n<p>Cheli fue adem\u00e1s consultado por particularidades, avances y novedades de la Direcci\u00f3n:<\/p>\n\n\n\n<p>&#8211;<strong>\u00bfCu\u00e1l es el nivel de la actividad econ\u00f3mica en la capital pampeana?&nbsp;<\/strong><\/p>\n\n\n\n<p>Teniendo en cuenta la cantidad de habilitaciones comerciales, podr\u00edamos decir que el nivel de actividad econ\u00f3mica en Santa Rosa se increment\u00f3 en torno a un 12% durante el 2022 respecto al 2021, en lo relativo a la actividad comercial.<\/p>\n\n\n\n<p>Durante el primer trimestre de este a\u00f1o se sinti\u00f3 el impacto inflacionario y merm\u00f3 el nivel de habilitaciones comerciales con respecto al a\u00f1o pasado pero se mantuvo debido a la organizaci\u00f3n de eventos durante la temporada estival.<\/p>\n\n\n\n<p><strong>-\u00bfCu\u00e1les son los principales corredores de la ciudad y que importancia tienen para la actividad econ\u00f3mica?&nbsp;<\/strong><\/p>\n\n\n\n<p>Consideramos que los principales corredores comerciales de la ciudad son las avenidas Circunvalaci\u00f3n Santiago Marzo (en toda su extensi\u00f3n y en sus diferentes puntos cardinales), Luro, Spinetto, San Mart\u00edn y Per\u00f3n, adem\u00e1s de las calles Pilcomayo, Irigoyen, 9 de Julio, Ra\u00fal B. D\u00edaz, Coronel Gil, Bartolom\u00e9 Mitre, Avellaneda, Alsina, Alvear, Quintana, Hilario Lagos, Leandro &nbsp;Alem, Escalante, Autonomista y Tel\u00e9n.<\/p>\n\n\n\n<p>Estos tienen una gran importancia para el desarrollo econ\u00f3mico de la ciudad debido a que aglutinan la mayor cantidad de comercios y, por lo tanto, la mayor actividad comercial permanente y espor\u00e1dica. De esta forma, se genera m\u00e1s circulaci\u00f3n de la poblaci\u00f3n santarrose\u00f1a, lo que permite, por una parte, originar una sinergia comercial y, por otra, mantener un orden urban\u00edstico.<\/p>\n\n\n\n<p>&#8211;<strong>\u00bfQu\u00e9 tr\u00e1mites se han agilizado en la Direcci\u00f3n?<\/strong><\/p>\n\n\n\n<p>Uno de los grandes avances que tuvimos en este aspecto fue agilizar los tiempos de realizaci\u00f3n del tr\u00e1mite de habilitaci\u00f3n y baja comercial, mediante la vinculaci\u00f3n con otras reparticiones de la municipalidad y de la provincia.<\/p>\n\n\n\n<p>Se avanz\u00f3 en la digitalizaci\u00f3n de diferentes requerimientos como;&nbsp; la obtenci\u00f3n del libre deuda del Juzgado Municipal de Faltas, la tasa por inspecci\u00f3n de Seguridad e Higiene, el libre deuda alimentario y la posibilidad de realizar el curso de manipulaci\u00f3n de alimentos&nbsp; de forma totalmente online y con 24 horas disponibles durante el plazo de inscripci\u00f3n de la persona interesada.<\/p>\n\n\n\n<p><strong>-\u00bfC\u00f3mo es el proceso para realizar una habilitaci\u00f3n comercial? \u00bfCu\u00e1nto tarda?<\/strong><\/p>\n\n\n\n<p>El proceso para realizar la habilitaci\u00f3n comienza con la presentaci\u00f3n de la planilla para la obtenci\u00f3n del uso de suelo y aptitud t\u00e9cnica en la Mesa de Entradas y Salidas de la Municipalidad. Luego, la Direcci\u00f3n de Planeamiento Urbano eval\u00faa si el lugar donde estar\u00e1 ubicado el comercio es apto para esa actividad seg\u00fan los usos del C\u00f3digo Urban\u00edstico.<\/p>\n\n\n\n<p>Si el tr\u00e1mite cumple con todos los requerimientos solicitados, se extiende un certificado de aptitud t\u00e9cnica que se env\u00eda al interesado y a la Direcci\u00f3n de Comercio y Servicios.<\/p>\n\n\n\n<p>Si no existen observaciones t\u00e9cnicas ni documentales, el tr\u00e1mite demora como m\u00e1ximo siete d\u00edas h\u00e1biles. De igual forma, pueden existir casos puntuales en los cuales exista una demora mayor, como por ejemplo si se presentan deudas de alg\u00fan tipo, si hay que realizar alguna modificaci\u00f3n o si se lleva a cabo alguna observaci\u00f3n en la documentaci\u00f3n.<\/p>\n\n\n\n<p><strong>-\u00bfCu\u00e1les son las novedades a futuro respecto a este tr\u00e1mite?<\/strong><\/p>\n\n\n\n<p>En relaci\u00f3n a las habilitaciones comerciales pudimos trabajar en la modificaci\u00f3n de las ordenanzas que lo regulan y sus requisitos. En este sentido, el fruto de este trabajo es un c\u00f3digo de habilitaciones y permisos comerciales que ingres\u00f3 al Concejo Deliberante para su tratamiento durante marzo. El objetivo de este proyecto que envi\u00f3 el ejecutivo es la simplificaci\u00f3n del tr\u00e1mite con miras a la digitalizaci\u00f3n total del mismo; como principales objetivos adem\u00e1s de facilitar a trav\u00e9s de la concentraci\u00f3n normativa en un solo cuerpo que permita el f\u00e1cil acceso a todos los comerciantes.<\/p>\n\n\n\n<p>Otros aspectos considerables tienen que ver con la renovaci\u00f3n autom\u00e1tica de la habilitaci\u00f3n vencido el plazo y la calificaci\u00f3n de las diferentes actividades comerciales seg\u00fan el grado de complejidad; para contribuir al desarrollo econ\u00f3mico de forma arm\u00f3nica al desarrollo urbano.<\/p>\n","protected":false},"excerpt":{"rendered":"<p>El director de Comercio y Servicios del municipio de Santa Rosa, Maximiliano Cheli, coment\u00f3 cu\u00e1les son las claves del crecimiento comercial en Santa Rosa y brind\u00f3 detalles de las novedades&hellip;<\/p>\n","protected":false},"author":4,"featured_media":110705,"comment_status":"closed","ping_status":"open","sticky":false,"template":"","format":"standard","meta":{"_acf_changed":false,"footnotes":""},"categories":[1,11,12],"tags":[],"class_list":["post-222543","post","type-post","status-publish","format-standard","has-post-thumbnail","hentry","category-es-noticia","category-que-pasa","category-sociedad"],"acf":[],"yoast_head":"<!-- This site is optimized with the Yoast SEO plugin v27.5 - https:\/\/yoast.com\/product\/yoast-seo-wordpress\/ -->\n<title>Santa Rosa: creci\u00f3 el n\u00famero de habilitaciones y se agilizaron los tr\u00e1mites comerciales\u00a0 - Diario Textual<\/title>\n<meta name=\"robots\" content=\"index, follow, max-snippet:-1, max-image-preview:large, max-video-preview:-1\" \/>\n<link rel=\"canonical\" href=\"https:\/\/diariotextual.com\/inicio\/index.php\/2023\/04\/17\/santa-rosa-crecio-el-numero-de-habilitaciones-y-se-agilizaron-los-tramites-comerciales\/\" \/>\n<meta property=\"og:locale\" content=\"es_ES\" \/>\n<meta property=\"og:type\" content=\"article\" \/>\n<meta property=\"og:title\" content=\"Santa Rosa: creci\u00f3 el n\u00famero de habilitaciones y se agilizaron los tr\u00e1mites comerciales\u00a0 - Diario Textual\" \/>\n<meta property=\"og:description\" content=\"El director de Comercio y Servicios del municipio de Santa Rosa, Maximiliano Cheli, coment\u00f3 cu\u00e1les son las claves del crecimiento comercial en Santa Rosa y brind\u00f3 detalles de las novedades&hellip;\" \/>\n<meta property=\"og:url\" content=\"https:\/\/diariotextual.com\/inicio\/index.php\/2023\/04\/17\/santa-rosa-crecio-el-numero-de-habilitaciones-y-se-agilizaron-los-tramites-comerciales\/\" \/>\n<meta property=\"og:site_name\" content=\"Diario Textual\" \/>\n<meta property=\"article:publisher\" content=\"https:\/\/www.facebook.com\/eltextual\" \/>\n<meta property=\"article:published_time\" content=\"2023-04-17T15:57:26+00:00\" \/>\n<meta property=\"article:modified_time\" content=\"2023-04-18T10:08:09+00:00\" \/>\n<meta property=\"og:image\" content=\"https:\/\/diariotextual.com\/inicio\/wp-content\/uploads\/2020\/09\/coronaviruscomerciantessantarosa2020-11111.jpg\" \/>\n\t<meta property=\"og:image:width\" content=\"955\" \/>\n\t<meta property=\"og:image:height\" content=\"547\" \/>\n\t<meta property=\"og:image:type\" content=\"image\/jpeg\" \/>\n<meta name=\"author\" content=\"diario2\" \/>\n<meta name=\"twitter:card\" content=\"summary_large_image\" \/>\n<meta name=\"twitter:creator\" content=\"@eltextual\" \/>\n<meta name=\"twitter:site\" content=\"@eltextual\" \/>\n<meta name=\"twitter:label1\" content=\"Escrito por\" \/>\n\t<meta name=\"twitter:data1\" content=\"diario2\" \/>\n\t<meta name=\"twitter:label2\" content=\"Tiempo de lectura\" \/>\n\t<meta name=\"twitter:data2\" content=\"4 minutos\" \/>\n<script type=\"application\/ld+json\" class=\"yoast-schema-graph\">{\"@context\":\"https:\\\/\\\/schema.org\",\"@graph\":[{\"@type\":\"Article\",\"@id\":\"https:\\\/\\\/diariotextual.com\\\/inicio\\\/index.php\\\/2023\\\/04\\\/17\\\/santa-rosa-crecio-el-numero-de-habilitaciones-y-se-agilizaron-los-tramites-comerciales\\\/#article\",\"isPartOf\":{\"@id\":\"https:\\\/\\\/diariotextual.com\\\/inicio\\\/index.php\\\/2023\\\/04\\\/17\\\/santa-rosa-crecio-el-numero-de-habilitaciones-y-se-agilizaron-los-tramites-comerciales\\\/\"},\"author\":{\"name\":\"diario2\",\"@id\":\"https:\\\/\\\/diariotextual.com\\\/inicio\\\/#\\\/schema\\\/person\\\/694f60677f23c4a530867a98f22b3768\"},\"headline\":\"Santa Rosa: creci\u00f3 el n\u00famero de habilitaciones y se agilizaron los tr\u00e1mites comerciales\u00a0\",\"datePublished\":\"2023-04-17T15:57:26+00:00\",\"dateModified\":\"2023-04-18T10:08:09+00:00\",\"mainEntityOfPage\":{\"@id\":\"https:\\\/\\\/diariotextual.com\\\/inicio\\\/index.php\\\/2023\\\/04\\\/17\\\/santa-rosa-crecio-el-numero-de-habilitaciones-y-se-agilizaron-los-tramites-comerciales\\\/\"},\"wordCount\":939,\"publisher\":{\"@id\":\"https:\\\/\\\/diariotextual.com\\\/inicio\\\/#organization\"},\"image\":{\"@id\":\"https:\\\/\\\/diariotextual.com\\\/inicio\\\/index.php\\\/2023\\\/04\\\/17\\\/santa-rosa-crecio-el-numero-de-habilitaciones-y-se-agilizaron-los-tramites-comerciales\\\/#primaryimage\"},\"thumbnailUrl\":\"https:\\\/\\\/diariotextual.com\\\/inicio\\\/wp-content\\\/uploads\\\/2020\\\/09\\\/coronaviruscomerciantessantarosa2020-11111.jpg\",\"articleSection\":[\"A - ES NOTICIA (van abajo)\",\"A - QUE PASA (al costado)\",\"SOCIEDAD\"],\"inLanguage\":\"es\"},{\"@type\":\"WebPage\",\"@id\":\"https:\\\/\\\/diariotextual.com\\\/inicio\\\/index.php\\\/2023\\\/04\\\/17\\\/santa-rosa-crecio-el-numero-de-habilitaciones-y-se-agilizaron-los-tramites-comerciales\\\/\",\"url\":\"https:\\\/\\\/diariotextual.com\\\/inicio\\\/index.php\\\/2023\\\/04\\\/17\\\/santa-rosa-crecio-el-numero-de-habilitaciones-y-se-agilizaron-los-tramites-comerciales\\\/\",\"name\":\"Santa Rosa: creci\u00f3 el n\u00famero de habilitaciones y se agilizaron los tr\u00e1mites comerciales\u00a0 - Diario Textual\",\"isPartOf\":{\"@id\":\"https:\\\/\\\/diariotextual.com\\\/inicio\\\/#website\"},\"primaryImageOfPage\":{\"@id\":\"https:\\\/\\\/diariotextual.com\\\/inicio\\\/index.php\\\/2023\\\/04\\\/17\\\/santa-rosa-crecio-el-numero-de-habilitaciones-y-se-agilizaron-los-tramites-comerciales\\\/#primaryimage\"},\"image\":{\"@id\":\"https:\\\/\\\/diariotextual.com\\\/inicio\\\/index.php\\\/2023\\\/04\\\/17\\\/santa-rosa-crecio-el-numero-de-habilitaciones-y-se-agilizaron-los-tramites-comerciales\\\/#primaryimage\"},\"thumbnailUrl\":\"https:\\\/\\\/diariotextual.com\\\/inicio\\\/wp-content\\\/uploads\\\/2020\\\/09\\\/coronaviruscomerciantessantarosa2020-11111.jpg\",\"datePublished\":\"2023-04-17T15:57:26+00:00\",\"dateModified\":\"2023-04-18T10:08:09+00:00\",\"breadcrumb\":{\"@id\":\"https:\\\/\\\/diariotextual.com\\\/inicio\\\/index.php\\\/2023\\\/04\\\/17\\\/santa-rosa-crecio-el-numero-de-habilitaciones-y-se-agilizaron-los-tramites-comerciales\\\/#breadcrumb\"},\"inLanguage\":\"es\",\"potentialAction\":[{\"@type\":\"ReadAction\",\"target\":[\"https:\\\/\\\/diariotextual.com\\\/inicio\\\/index.php\\\/2023\\\/04\\\/17\\\/santa-rosa-crecio-el-numero-de-habilitaciones-y-se-agilizaron-los-tramites-comerciales\\\/\"]}]},{\"@type\":\"ImageObject\",\"inLanguage\":\"es\",\"@id\":\"https:\\\/\\\/diariotextual.com\\\/inicio\\\/index.php\\\/2023\\\/04\\\/17\\\/santa-rosa-crecio-el-numero-de-habilitaciones-y-se-agilizaron-los-tramites-comerciales\\\/#primaryimage\",\"url\":\"https:\\\/\\\/diariotextual.com\\\/inicio\\\/wp-content\\\/uploads\\\/2020\\\/09\\\/coronaviruscomerciantessantarosa2020-11111.jpg\",\"contentUrl\":\"https:\\\/\\\/diariotextual.com\\\/inicio\\\/wp-content\\\/uploads\\\/2020\\\/09\\\/coronaviruscomerciantessantarosa2020-11111.jpg\",\"width\":955,\"height\":547},{\"@type\":\"BreadcrumbList\",\"@id\":\"https:\\\/\\\/diariotextual.com\\\/inicio\\\/index.php\\\/2023\\\/04\\\/17\\\/santa-rosa-crecio-el-numero-de-habilitaciones-y-se-agilizaron-los-tramites-comerciales\\\/#breadcrumb\",\"itemListElement\":[{\"@type\":\"ListItem\",\"position\":1,\"name\":\"Portada\",\"item\":\"https:\\\/\\\/diariotextual.com\\\/inicio\\\/\"},{\"@type\":\"ListItem\",\"position\":2,\"name\":\"Santa Rosa: creci\u00f3 el n\u00famero de habilitaciones y se agilizaron los tr\u00e1mites comerciales\u00a0\"}]},{\"@type\":\"WebSite\",\"@id\":\"https:\\\/\\\/diariotextual.com\\\/inicio\\\/#website\",\"url\":\"https:\\\/\\\/diariotextual.com\\\/inicio\\\/\",\"name\":\"Diario Textual\",\"description\":\"\",\"publisher\":{\"@id\":\"https:\\\/\\\/diariotextual.com\\\/inicio\\\/#organization\"},\"potentialAction\":[{\"@type\":\"SearchAction\",\"target\":{\"@type\":\"EntryPoint\",\"urlTemplate\":\"https:\\\/\\\/diariotextual.com\\\/inicio\\\/?s={search_term_string}\"},\"query-input\":{\"@type\":\"PropertyValueSpecification\",\"valueRequired\":true,\"valueName\":\"search_term_string\"}}],\"inLanguage\":\"es\"},{\"@type\":\"Organization\",\"@id\":\"https:\\\/\\\/diariotextual.com\\\/inicio\\\/#organization\",\"name\":\"Diario Textual\",\"url\":\"https:\\\/\\\/diariotextual.com\\\/inicio\\\/\",\"logo\":{\"@type\":\"ImageObject\",\"inLanguage\":\"es\",\"@id\":\"https:\\\/\\\/diariotextual.com\\\/inicio\\\/#\\\/schema\\\/logo\\\/image\\\/\",\"url\":\"https:\\\/\\\/diariotextual.com\\\/inicio\\\/wp-content\\\/uploads\\\/2023\\\/05\\\/logotextual1.jpg\",\"contentUrl\":\"https:\\\/\\\/diariotextual.com\\\/inicio\\\/wp-content\\\/uploads\\\/2023\\\/05\\\/logotextual1.jpg\",\"width\":516,\"height\":76,\"caption\":\"Diario Textual\"},\"image\":{\"@id\":\"https:\\\/\\\/diariotextual.com\\\/inicio\\\/#\\\/schema\\\/logo\\\/image\\\/\"},\"sameAs\":[\"https:\\\/\\\/www.facebook.com\\\/eltextual\",\"https:\\\/\\\/x.com\\\/eltextual\",\"http:\\\/\\\/www.instagram.com\\\/eltextual\"]},{\"@type\":\"Person\",\"@id\":\"https:\\\/\\\/diariotextual.com\\\/inicio\\\/#\\\/schema\\\/person\\\/694f60677f23c4a530867a98f22b3768\",\"name\":\"diario2\",\"image\":{\"@type\":\"ImageObject\",\"inLanguage\":\"es\",\"@id\":\"https:\\\/\\\/secure.gravatar.com\\\/avatar\\\/5a2567495ba16b852fcd8f1ed006a2e24fcace936018ed8237e95f488ad6e0a7?s=96&d=mm&r=g\",\"url\":\"https:\\\/\\\/secure.gravatar.com\\\/avatar\\\/5a2567495ba16b852fcd8f1ed006a2e24fcace936018ed8237e95f488ad6e0a7?s=96&d=mm&r=g\",\"contentUrl\":\"https:\\\/\\\/secure.gravatar.com\\\/avatar\\\/5a2567495ba16b852fcd8f1ed006a2e24fcace936018ed8237e95f488ad6e0a7?s=96&d=mm&r=g\",\"caption\":\"diario2\"},\"url\":\"https:\\\/\\\/diariotextual.com\\\/inicio\\\/index.php\\\/author\\\/diario2\\\/\"}]}<\/script>\n<!-- \/ Yoast SEO plugin. -->","yoast_head_json":{"title":"Santa Rosa: creci\u00f3 el n\u00famero de habilitaciones y se agilizaron los tr\u00e1mites comerciales\u00a0 - Diario Textual","robots":{"index":"index","follow":"follow","max-snippet":"max-snippet:-1","max-image-preview":"max-image-preview:large","max-video-preview":"max-video-preview:-1"},"canonical":"https:\/\/diariotextual.com\/inicio\/index.php\/2023\/04\/17\/santa-rosa-crecio-el-numero-de-habilitaciones-y-se-agilizaron-los-tramites-comerciales\/","og_locale":"es_ES","og_type":"article","og_title":"Santa Rosa: creci\u00f3 el n\u00famero de habilitaciones y se agilizaron los tr\u00e1mites comerciales\u00a0 - Diario Textual","og_description":"El director de Comercio y Servicios del municipio de Santa Rosa, Maximiliano Cheli, coment\u00f3 cu\u00e1les son las claves del crecimiento comercial en Santa Rosa y brind\u00f3 detalles de las novedades&hellip;","og_url":"https:\/\/diariotextual.com\/inicio\/index.php\/2023\/04\/17\/santa-rosa-crecio-el-numero-de-habilitaciones-y-se-agilizaron-los-tramites-comerciales\/","og_site_name":"Diario Textual","article_publisher":"https:\/\/www.facebook.com\/eltextual","article_published_time":"2023-04-17T15:57:26+00:00","article_modified_time":"2023-04-18T10:08:09+00:00","og_image":[{"width":955,"height":547,"url":"https:\/\/diariotextual.com\/inicio\/wp-content\/uploads\/2020\/09\/coronaviruscomerciantessantarosa2020-11111.jpg","type":"image\/jpeg"}],"author":"diario2","twitter_card":"summary_large_image","twitter_creator":"@eltextual","twitter_site":"@eltextual","twitter_misc":{"Escrito por":"diario2","Tiempo de lectura":"4 minutos"},"schema":{"@context":"https:\/\/schema.org","@graph":[{"@type":"Article","@id":"https:\/\/diariotextual.com\/inicio\/index.php\/2023\/04\/17\/santa-rosa-crecio-el-numero-de-habilitaciones-y-se-agilizaron-los-tramites-comerciales\/#article","isPartOf":{"@id":"https:\/\/diariotextual.com\/inicio\/index.php\/2023\/04\/17\/santa-rosa-crecio-el-numero-de-habilitaciones-y-se-agilizaron-los-tramites-comerciales\/"},"author":{"name":"diario2","@id":"https:\/\/diariotextual.com\/inicio\/#\/schema\/person\/694f60677f23c4a530867a98f22b3768"},"headline":"Santa Rosa: creci\u00f3 el n\u00famero de habilitaciones y se agilizaron los tr\u00e1mites comerciales\u00a0","datePublished":"2023-04-17T15:57:26+00:00","dateModified":"2023-04-18T10:08:09+00:00","mainEntityOfPage":{"@id":"https:\/\/diariotextual.com\/inicio\/index.php\/2023\/04\/17\/santa-rosa-crecio-el-numero-de-habilitaciones-y-se-agilizaron-los-tramites-comerciales\/"},"wordCount":939,"publisher":{"@id":"https:\/\/diariotextual.com\/inicio\/#organization"},"image":{"@id":"https:\/\/diariotextual.com\/inicio\/index.php\/2023\/04\/17\/santa-rosa-crecio-el-numero-de-habilitaciones-y-se-agilizaron-los-tramites-comerciales\/#primaryimage"},"thumbnailUrl":"https:\/\/diariotextual.com\/inicio\/wp-content\/uploads\/2020\/09\/coronaviruscomerciantessantarosa2020-11111.jpg","articleSection":["A - ES NOTICIA (van abajo)","A - QUE PASA (al costado)","SOCIEDAD"],"inLanguage":"es"},{"@type":"WebPage","@id":"https:\/\/diariotextual.com\/inicio\/index.php\/2023\/04\/17\/santa-rosa-crecio-el-numero-de-habilitaciones-y-se-agilizaron-los-tramites-comerciales\/","url":"https:\/\/diariotextual.com\/inicio\/index.php\/2023\/04\/17\/santa-rosa-crecio-el-numero-de-habilitaciones-y-se-agilizaron-los-tramites-comerciales\/","name":"Santa Rosa: creci\u00f3 el n\u00famero de habilitaciones y se agilizaron los tr\u00e1mites comerciales\u00a0 - Diario Textual","isPartOf":{"@id":"https:\/\/diariotextual.com\/inicio\/#website"},"primaryImageOfPage":{"@id":"https:\/\/diariotextual.com\/inicio\/index.php\/2023\/04\/17\/santa-rosa-crecio-el-numero-de-habilitaciones-y-se-agilizaron-los-tramites-comerciales\/#primaryimage"},"image":{"@id":"https:\/\/diariotextual.com\/inicio\/index.php\/2023\/04\/17\/santa-rosa-crecio-el-numero-de-habilitaciones-y-se-agilizaron-los-tramites-comerciales\/#primaryimage"},"thumbnailUrl":"https:\/\/diariotextual.com\/inicio\/wp-content\/uploads\/2020\/09\/coronaviruscomerciantessantarosa2020-11111.jpg","datePublished":"2023-04-17T15:57:26+00:00","dateModified":"2023-04-18T10:08:09+00:00","breadcrumb":{"@id":"https:\/\/diariotextual.com\/inicio\/index.php\/2023\/04\/17\/santa-rosa-crecio-el-numero-de-habilitaciones-y-se-agilizaron-los-tramites-comerciales\/#breadcrumb"},"inLanguage":"es","potentialAction":[{"@type":"ReadAction","target":["https:\/\/diariotextual.com\/inicio\/index.php\/2023\/04\/17\/santa-rosa-crecio-el-numero-de-habilitaciones-y-se-agilizaron-los-tramites-comerciales\/"]}]},{"@type":"ImageObject","inLanguage":"es","@id":"https:\/\/diariotextual.com\/inicio\/index.php\/2023\/04\/17\/santa-rosa-crecio-el-numero-de-habilitaciones-y-se-agilizaron-los-tramites-comerciales\/#primaryimage","url":"https:\/\/diariotextual.com\/inicio\/wp-content\/uploads\/2020\/09\/coronaviruscomerciantessantarosa2020-11111.jpg","contentUrl":"https:\/\/diariotextual.com\/inicio\/wp-content\/uploads\/2020\/09\/coronaviruscomerciantessantarosa2020-11111.jpg","width":955,"height":547},{"@type":"BreadcrumbList","@id":"https:\/\/diariotextual.com\/inicio\/index.php\/2023\/04\/17\/santa-rosa-crecio-el-numero-de-habilitaciones-y-se-agilizaron-los-tramites-comerciales\/#breadcrumb","itemListElement":[{"@type":"ListItem","position":1,"name":"Portada","item":"https:\/\/diariotextual.com\/inicio\/"},{"@type":"ListItem","position":2,"name":"Santa Rosa: creci\u00f3 el n\u00famero de habilitaciones y se agilizaron los tr\u00e1mites comerciales\u00a0"}]},{"@type":"WebSite","@id":"https:\/\/diariotextual.com\/inicio\/#website","url":"https:\/\/diariotextual.com\/inicio\/","name":"Diario Textual","description":"","publisher":{"@id":"https:\/\/diariotextual.com\/inicio\/#organization"},"potentialAction":[{"@type":"SearchAction","target":{"@type":"EntryPoint","urlTemplate":"https:\/\/diariotextual.com\/inicio\/?s={search_term_string}"},"query-input":{"@type":"PropertyValueSpecification","valueRequired":true,"valueName":"search_term_string"}}],"inLanguage":"es"},{"@type":"Organization","@id":"https:\/\/diariotextual.com\/inicio\/#organization","name":"Diario Textual","url":"https:\/\/diariotextual.com\/inicio\/","logo":{"@type":"ImageObject","inLanguage":"es","@id":"https:\/\/diariotextual.com\/inicio\/#\/schema\/logo\/image\/","url":"https:\/\/diariotextual.com\/inicio\/wp-content\/uploads\/2023\/05\/logotextual1.jpg","contentUrl":"https:\/\/diariotextual.com\/inicio\/wp-content\/uploads\/2023\/05\/logotextual1.jpg","width":516,"height":76,"caption":"Diario Textual"},"image":{"@id":"https:\/\/diariotextual.com\/inicio\/#\/schema\/logo\/image\/"},"sameAs":["https:\/\/www.facebook.com\/eltextual","https:\/\/x.com\/eltextual","http:\/\/www.instagram.com\/eltextual"]},{"@type":"Person","@id":"https:\/\/diariotextual.com\/inicio\/#\/schema\/person\/694f60677f23c4a530867a98f22b3768","name":"diario2","image":{"@type":"ImageObject","inLanguage":"es","@id":"https:\/\/secure.gravatar.com\/avatar\/5a2567495ba16b852fcd8f1ed006a2e24fcace936018ed8237e95f488ad6e0a7?s=96&d=mm&r=g","url":"https:\/\/secure.gravatar.com\/avatar\/5a2567495ba16b852fcd8f1ed006a2e24fcace936018ed8237e95f488ad6e0a7?s=96&d=mm&r=g","contentUrl":"https:\/\/secure.gravatar.com\/avatar\/5a2567495ba16b852fcd8f1ed006a2e24fcace936018ed8237e95f488ad6e0a7?s=96&d=mm&r=g","caption":"diario2"},"url":"https:\/\/diariotextual.com\/inicio\/index.php\/author\/diario2\/"}]}},"_links":{"self":[{"href":"https:\/\/diariotextual.com\/inicio\/index.php\/wp-json\/wp\/v2\/posts\/222543","targetHints":{"allow":["GET"]}}],"collection":[{"href":"https:\/\/diariotextual.com\/inicio\/index.php\/wp-json\/wp\/v2\/posts"}],"about":[{"href":"https:\/\/diariotextual.com\/inicio\/index.php\/wp-json\/wp\/v2\/types\/post"}],"author":[{"embeddable":true,"href":"https:\/\/diariotextual.com\/inicio\/index.php\/wp-json\/wp\/v2\/users\/4"}],"replies":[{"embeddable":true,"href":"https:\/\/diariotextual.com\/inicio\/index.php\/wp-json\/wp\/v2\/comments?post=222543"}],"version-history":[{"count":3,"href":"https:\/\/diariotextual.com\/inicio\/index.php\/wp-json\/wp\/v2\/posts\/222543\/revisions"}],"predecessor-version":[{"id":222614,"href":"https:\/\/diariotextual.com\/inicio\/index.php\/wp-json\/wp\/v2\/posts\/222543\/revisions\/222614"}],"wp:featuredmedia":[{"embeddable":true,"href":"https:\/\/diariotextual.com\/inicio\/index.php\/wp-json\/wp\/v2\/media\/110705"}],"wp:attachment":[{"href":"https:\/\/diariotextual.com\/inicio\/index.php\/wp-json\/wp\/v2\/media?parent=222543"}],"wp:term":[{"taxonomy":"category","embeddable":true,"href":"https:\/\/diariotextual.com\/inicio\/index.php\/wp-json\/wp\/v2\/categories?post=222543"},{"taxonomy":"post_tag","embeddable":true,"href":"https:\/\/diariotextual.com\/inicio\/index.php\/wp-json\/wp\/v2\/tags?post=222543"}],"curies":[{"name":"wp","href":"https:\/\/api.w.org\/{rel}","templated":true}]}}