{"id":222547,"date":"2023-04-17T13:11:02","date_gmt":"2023-04-17T16:11:02","guid":{"rendered":"https:\/\/diariotextual.com\/inicio\/?p=222547"},"modified":"2023-04-17T18:00:39","modified_gmt":"2023-04-17T21:00:39","slug":"oficial-anunciaron-que-la-argentina-realizara-el-mundial-sub-20-de-futbol","status":"publish","type":"post","link":"https:\/\/diariotextual.com\/inicio\/index.php\/2023\/04\/17\/oficial-anunciaron-que-la-argentina-realizara-el-mundial-sub-20-de-futbol\/","title":{"rendered":"Oficial: la Argentina realizar\u00e1 el Mundial Sub 20 de f\u00fatbol"},"content":{"rendered":"\n<p>El ministro de Econom\u00eda, Sergio Massa, y el presidente de la AFA, Claudio \u201cChiqui\u201d Tapia, anunciaron que la <strong>Argentina ser\u00e1 la sede del pr\u00f3ximo campeonato Mundial Sub-20<\/strong>, que\u00a0se realizar\u00e1 desde el pr\u00f3ximo 20 de mayo al 11 de junio, informaron fuentes del Palacio de Hacienda.<br><br>Massa y Tapia encabezan el acto desde el Ministerio de Econom\u00eda en compa\u00f1\u00eda de la mesa directiva de la Asociaci\u00f3n del F\u00fatbol Argentino y el ministro de Deportes y Turismo, Mat\u00edas Lammens.<br><br>El jefe de la cartera econ\u00f3mica pone de manifiesto que la Argentina cuenta con el financiamiento necesario para poder realizar el torneo ecum\u00e9nico, luego de que la Federaci\u00f3n Internacional del F\u00fatbol Asociado (FIFA)\u00a0retirara la candidatura de Indonesia, debido a que ese pa\u00eds no reconoce a Israel como estado soberano y se opuso a la participaci\u00f3n de esa naci\u00f3n en el certamen.<br><br>De esta manera, las autoridades econ\u00f3micas pondr\u00e1n en relieve que la Argentina estar\u00e1 en condiciones de realizar el campeonato, para lo cual, <strong>la FIFA permitir\u00e1 la participaci\u00f3n del seleccionado sub-20 de la AFA, en calidad de pa\u00eds organizador, a pesar de no haber clasificado.<\/strong><br><br>Tapia estuvo acompa\u00f1ado por los vicepresidentes de la AFA, Rodolfo D&#8217;Onofrio (River Plate), David Garz\u00f3n (Hurac\u00e1n), Marcelo Achile (Defensores de Belgrano), Guillermo Raed (Mitre de Santiago del Estero) y el secretario general, V\u00edctor Blanco Rodr\u00edguez (Racing Club), entre otros.<\/p>\n","protected":false},"excerpt":{"rendered":"<p>El ministro de Econom\u00eda, Sergio Massa, y el presidente de la AFA, Claudio \u201cChiqui\u201d Tapia, anunciaron que la Argentina ser\u00e1 la sede del pr\u00f3ximo campeonato Mundial Sub-20, que\u00a0se realizar\u00e1 desde&hellip;<\/p>\n","protected":false},"author":4,"featured_media":222552,"comment_status":"closed","ping_status":"open","sticky":false,"template":"","format":"standard","meta":{"_acf_changed":false,"footnotes":""},"categories":[1,3],"tags":[],"class_list":["post-222547","post","type-post","status-publish","format-standard","has-post-thumbnail","hentry","category-es-noticia","category-deportes"],"acf":[],"yoast_head":"<!-- This site is optimized with the Yoast SEO plugin v27.5 - https:\/\/yoast.com\/product\/yoast-seo-wordpress\/ -->\n<title>Oficial: la Argentina realizar\u00e1 el Mundial Sub 20 de f\u00fatbol - Diario Textual<\/title>\n<meta name=\"robots\" content=\"index, follow, max-snippet:-1, max-image-preview:large, max-video-preview:-1\" \/>\n<link rel=\"canonical\" href=\"https:\/\/diariotextual.com\/inicio\/index.php\/2023\/04\/17\/oficial-anunciaron-que-la-argentina-realizara-el-mundial-sub-20-de-futbol\/\" \/>\n<meta property=\"og:locale\" content=\"es_ES\" \/>\n<meta property=\"og:type\" content=\"article\" \/>\n<meta property=\"og:title\" content=\"Oficial: la Argentina realizar\u00e1 el Mundial Sub 20 de f\u00fatbol - Diario Textual\" \/>\n<meta property=\"og:description\" content=\"El ministro de Econom\u00eda, Sergio Massa, y el presidente de la AFA, Claudio \u201cChiqui\u201d Tapia, anunciaron que la Argentina ser\u00e1 la sede del pr\u00f3ximo campeonato Mundial Sub-20, que\u00a0se realizar\u00e1 desde&hellip;\" \/>\n<meta property=\"og:url\" content=\"https:\/\/diariotextual.com\/inicio\/index.php\/2023\/04\/17\/oficial-anunciaron-que-la-argentina-realizara-el-mundial-sub-20-de-futbol\/\" \/>\n<meta property=\"og:site_name\" content=\"Diario Textual\" \/>\n<meta property=\"article:publisher\" content=\"https:\/\/www.facebook.com\/eltextual\" \/>\n<meta property=\"article:published_time\" content=\"2023-04-17T16:11:02+00:00\" \/>\n<meta property=\"article:modified_time\" content=\"2023-04-17T21:00:39+00:00\" \/>\n<meta property=\"og:image\" content=\"https:\/\/diariotextual.com\/inicio\/wp-content\/uploads\/2023\/04\/mundialsub20argcopa4535.jpg\" \/>\n\t<meta property=\"og:image:width\" content=\"640\" \/>\n\t<meta property=\"og:image:height\" content=\"415\" \/>\n\t<meta property=\"og:image:type\" content=\"image\/jpeg\" \/>\n<meta name=\"author\" content=\"diario2\" \/>\n<meta name=\"twitter:card\" content=\"summary_large_image\" \/>\n<meta name=\"twitter:creator\" content=\"@eltextual\" \/>\n<meta name=\"twitter:site\" content=\"@eltextual\" \/>\n<meta name=\"twitter:label1\" content=\"Escrito por\" \/>\n\t<meta name=\"twitter:data1\" content=\"diario2\" \/>\n\t<meta name=\"twitter:label2\" content=\"Tiempo de lectura\" \/>\n\t<meta name=\"twitter:data2\" content=\"2 minutos\" \/>\n<script type=\"application\/ld+json\" class=\"yoast-schema-graph\">{\"@context\":\"https:\\\/\\\/schema.org\",\"@graph\":[{\"@type\":\"Article\",\"@id\":\"https:\\\/\\\/diariotextual.com\\\/inicio\\\/index.php\\\/2023\\\/04\\\/17\\\/oficial-anunciaron-que-la-argentina-realizara-el-mundial-sub-20-de-futbol\\\/#article\",\"isPartOf\":{\"@id\":\"https:\\\/\\\/diariotextual.com\\\/inicio\\\/index.php\\\/2023\\\/04\\\/17\\\/oficial-anunciaron-que-la-argentina-realizara-el-mundial-sub-20-de-futbol\\\/\"},\"author\":{\"name\":\"diario2\",\"@id\":\"https:\\\/\\\/diariotextual.com\\\/inicio\\\/#\\\/schema\\\/person\\\/694f60677f23c4a530867a98f22b3768\"},\"headline\":\"Oficial: la Argentina realizar\u00e1 el Mundial Sub 20 de f\u00fatbol\",\"datePublished\":\"2023-04-17T16:11:02+00:00\",\"dateModified\":\"2023-04-17T21:00:39+00:00\",\"mainEntityOfPage\":{\"@id\":\"https:\\\/\\\/diariotextual.com\\\/inicio\\\/index.php\\\/2023\\\/04\\\/17\\\/oficial-anunciaron-que-la-argentina-realizara-el-mundial-sub-20-de-futbol\\\/\"},\"wordCount\":255,\"publisher\":{\"@id\":\"https:\\\/\\\/diariotextual.com\\\/inicio\\\/#organization\"},\"image\":{\"@id\":\"https:\\\/\\\/diariotextual.com\\\/inicio\\\/index.php\\\/2023\\\/04\\\/17\\\/oficial-anunciaron-que-la-argentina-realizara-el-mundial-sub-20-de-futbol\\\/#primaryimage\"},\"thumbnailUrl\":\"https:\\\/\\\/diariotextual.com\\\/inicio\\\/wp-content\\\/uploads\\\/2023\\\/04\\\/mundialsub20argcopa4535.jpg\",\"articleSection\":[\"A - ES NOTICIA (van abajo)\",\"DEPORTES\"],\"inLanguage\":\"es\"},{\"@type\":\"WebPage\",\"@id\":\"https:\\\/\\\/diariotextual.com\\\/inicio\\\/index.php\\\/2023\\\/04\\\/17\\\/oficial-anunciaron-que-la-argentina-realizara-el-mundial-sub-20-de-futbol\\\/\",\"url\":\"https:\\\/\\\/diariotextual.com\\\/inicio\\\/index.php\\\/2023\\\/04\\\/17\\\/oficial-anunciaron-que-la-argentina-realizara-el-mundial-sub-20-de-futbol\\\/\",\"name\":\"Oficial: la Argentina realizar\u00e1 el Mundial Sub 20 de f\u00fatbol - Diario Textual\",\"isPartOf\":{\"@id\":\"https:\\\/\\\/diariotextual.com\\\/inicio\\\/#website\"},\"primaryImageOfPage\":{\"@id\":\"https:\\\/\\\/diariotextual.com\\\/inicio\\\/index.php\\\/2023\\\/04\\\/17\\\/oficial-anunciaron-que-la-argentina-realizara-el-mundial-sub-20-de-futbol\\\/#primaryimage\"},\"image\":{\"@id\":\"https:\\\/\\\/diariotextual.com\\\/inicio\\\/index.php\\\/2023\\\/04\\\/17\\\/oficial-anunciaron-que-la-argentina-realizara-el-mundial-sub-20-de-futbol\\\/#primaryimage\"},\"thumbnailUrl\":\"https:\\\/\\\/diariotextual.com\\\/inicio\\\/wp-content\\\/uploads\\\/2023\\\/04\\\/mundialsub20argcopa4535.jpg\",\"datePublished\":\"2023-04-17T16:11:02+00:00\",\"dateModified\":\"2023-04-17T21:00:39+00:00\",\"breadcrumb\":{\"@id\":\"https:\\\/\\\/diariotextual.com\\\/inicio\\\/index.php\\\/2023\\\/04\\\/17\\\/oficial-anunciaron-que-la-argentina-realizara-el-mundial-sub-20-de-futbol\\\/#breadcrumb\"},\"inLanguage\":\"es\",\"potentialAction\":[{\"@type\":\"ReadAction\",\"target\":[\"https:\\\/\\\/diariotextual.com\\\/inicio\\\/index.php\\\/2023\\\/04\\\/17\\\/oficial-anunciaron-que-la-argentina-realizara-el-mundial-sub-20-de-futbol\\\/\"]}]},{\"@type\":\"ImageObject\",\"inLanguage\":\"es\",\"@id\":\"https:\\\/\\\/diariotextual.com\\\/inicio\\\/index.php\\\/2023\\\/04\\\/17\\\/oficial-anunciaron-que-la-argentina-realizara-el-mundial-sub-20-de-futbol\\\/#primaryimage\",\"url\":\"https:\\\/\\\/diariotextual.com\\\/inicio\\\/wp-content\\\/uploads\\\/2023\\\/04\\\/mundialsub20argcopa4535.jpg\",\"contentUrl\":\"https:\\\/\\\/diariotextual.com\\\/inicio\\\/wp-content\\\/uploads\\\/2023\\\/04\\\/mundialsub20argcopa4535.jpg\",\"width\":640,\"height\":415},{\"@type\":\"BreadcrumbList\",\"@id\":\"https:\\\/\\\/diariotextual.com\\\/inicio\\\/index.php\\\/2023\\\/04\\\/17\\\/oficial-anunciaron-que-la-argentina-realizara-el-mundial-sub-20-de-futbol\\\/#breadcrumb\",\"itemListElement\":[{\"@type\":\"ListItem\",\"position\":1,\"name\":\"Portada\",\"item\":\"https:\\\/\\\/diariotextual.com\\\/inicio\\\/\"},{\"@type\":\"ListItem\",\"position\":2,\"name\":\"Oficial: la Argentina realizar\u00e1 el Mundial Sub 20 de f\u00fatbol\"}]},{\"@type\":\"WebSite\",\"@id\":\"https:\\\/\\\/diariotextual.com\\\/inicio\\\/#website\",\"url\":\"https:\\\/\\\/diariotextual.com\\\/inicio\\\/\",\"name\":\"Diario Textual\",\"description\":\"\",\"publisher\":{\"@id\":\"https:\\\/\\\/diariotextual.com\\\/inicio\\\/#organization\"},\"potentialAction\":[{\"@type\":\"SearchAction\",\"target\":{\"@type\":\"EntryPoint\",\"urlTemplate\":\"https:\\\/\\\/diariotextual.com\\\/inicio\\\/?s={search_term_string}\"},\"query-input\":{\"@type\":\"PropertyValueSpecification\",\"valueRequired\":true,\"valueName\":\"search_term_string\"}}],\"inLanguage\":\"es\"},{\"@type\":\"Organization\",\"@id\":\"https:\\\/\\\/diariotextual.com\\\/inicio\\\/#organization\",\"name\":\"Diario Textual\",\"url\":\"https:\\\/\\\/diariotextual.com\\\/inicio\\\/\",\"logo\":{\"@type\":\"ImageObject\",\"inLanguage\":\"es\",\"@id\":\"https:\\\/\\\/diariotextual.com\\\/inicio\\\/#\\\/schema\\\/logo\\\/image\\\/\",\"url\":\"https:\\\/\\\/diariotextual.com\\\/inicio\\\/wp-content\\\/uploads\\\/2023\\\/05\\\/logotextual1.jpg\",\"contentUrl\":\"https:\\\/\\\/diariotextual.com\\\/inicio\\\/wp-content\\\/uploads\\\/2023\\\/05\\\/logotextual1.jpg\",\"width\":516,\"height\":76,\"caption\":\"Diario Textual\"},\"image\":{\"@id\":\"https:\\\/\\\/diariotextual.com\\\/inicio\\\/#\\\/schema\\\/logo\\\/image\\\/\"},\"sameAs\":[\"https:\\\/\\\/www.facebook.com\\\/eltextual\",\"https:\\\/\\\/x.com\\\/eltextual\",\"http:\\\/\\\/www.instagram.com\\\/eltextual\"]},{\"@type\":\"Person\",\"@id\":\"https:\\\/\\\/diariotextual.com\\\/inicio\\\/#\\\/schema\\\/person\\\/694f60677f23c4a530867a98f22b3768\",\"name\":\"diario2\",\"image\":{\"@type\":\"ImageObject\",\"inLanguage\":\"es\",\"@id\":\"https:\\\/\\\/secure.gravatar.com\\\/avatar\\\/5a2567495ba16b852fcd8f1ed006a2e24fcace936018ed8237e95f488ad6e0a7?s=96&d=mm&r=g\",\"url\":\"https:\\\/\\\/secure.gravatar.com\\\/avatar\\\/5a2567495ba16b852fcd8f1ed006a2e24fcace936018ed8237e95f488ad6e0a7?s=96&d=mm&r=g\",\"contentUrl\":\"https:\\\/\\\/secure.gravatar.com\\\/avatar\\\/5a2567495ba16b852fcd8f1ed006a2e24fcace936018ed8237e95f488ad6e0a7?s=96&d=mm&r=g\",\"caption\":\"diario2\"},\"url\":\"https:\\\/\\\/diariotextual.com\\\/inicio\\\/index.php\\\/author\\\/diario2\\\/\"}]}<\/script>\n<!-- \/ Yoast SEO plugin. -->","yoast_head_json":{"title":"Oficial: la Argentina realizar\u00e1 el Mundial Sub 20 de f\u00fatbol - Diario Textual","robots":{"index":"index","follow":"follow","max-snippet":"max-snippet:-1","max-image-preview":"max-image-preview:large","max-video-preview":"max-video-preview:-1"},"canonical":"https:\/\/diariotextual.com\/inicio\/index.php\/2023\/04\/17\/oficial-anunciaron-que-la-argentina-realizara-el-mundial-sub-20-de-futbol\/","og_locale":"es_ES","og_type":"article","og_title":"Oficial: la Argentina realizar\u00e1 el Mundial Sub 20 de f\u00fatbol - Diario Textual","og_description":"El ministro de Econom\u00eda, Sergio Massa, y el presidente de la AFA, Claudio \u201cChiqui\u201d Tapia, anunciaron que la Argentina ser\u00e1 la sede del pr\u00f3ximo campeonato Mundial Sub-20, que\u00a0se realizar\u00e1 desde&hellip;","og_url":"https:\/\/diariotextual.com\/inicio\/index.php\/2023\/04\/17\/oficial-anunciaron-que-la-argentina-realizara-el-mundial-sub-20-de-futbol\/","og_site_name":"Diario Textual","article_publisher":"https:\/\/www.facebook.com\/eltextual","article_published_time":"2023-04-17T16:11:02+00:00","article_modified_time":"2023-04-17T21:00:39+00:00","og_image":[{"width":640,"height":415,"url":"https:\/\/diariotextual.com\/inicio\/wp-content\/uploads\/2023\/04\/mundialsub20argcopa4535.jpg","type":"image\/jpeg"}],"author":"diario2","twitter_card":"summary_large_image","twitter_creator":"@eltextual","twitter_site":"@eltextual","twitter_misc":{"Escrito por":"diario2","Tiempo de lectura":"2 minutos"},"schema":{"@context":"https:\/\/schema.org","@graph":[{"@type":"Article","@id":"https:\/\/diariotextual.com\/inicio\/index.php\/2023\/04\/17\/oficial-anunciaron-que-la-argentina-realizara-el-mundial-sub-20-de-futbol\/#article","isPartOf":{"@id":"https:\/\/diariotextual.com\/inicio\/index.php\/2023\/04\/17\/oficial-anunciaron-que-la-argentina-realizara-el-mundial-sub-20-de-futbol\/"},"author":{"name":"diario2","@id":"https:\/\/diariotextual.com\/inicio\/#\/schema\/person\/694f60677f23c4a530867a98f22b3768"},"headline":"Oficial: la Argentina realizar\u00e1 el Mundial Sub 20 de f\u00fatbol","datePublished":"2023-04-17T16:11:02+00:00","dateModified":"2023-04-17T21:00:39+00:00","mainEntityOfPage":{"@id":"https:\/\/diariotextual.com\/inicio\/index.php\/2023\/04\/17\/oficial-anunciaron-que-la-argentina-realizara-el-mundial-sub-20-de-futbol\/"},"wordCount":255,"publisher":{"@id":"https:\/\/diariotextual.com\/inicio\/#organization"},"image":{"@id":"https:\/\/diariotextual.com\/inicio\/index.php\/2023\/04\/17\/oficial-anunciaron-que-la-argentina-realizara-el-mundial-sub-20-de-futbol\/#primaryimage"},"thumbnailUrl":"https:\/\/diariotextual.com\/inicio\/wp-content\/uploads\/2023\/04\/mundialsub20argcopa4535.jpg","articleSection":["A - ES NOTICIA (van abajo)","DEPORTES"],"inLanguage":"es"},{"@type":"WebPage","@id":"https:\/\/diariotextual.com\/inicio\/index.php\/2023\/04\/17\/oficial-anunciaron-que-la-argentina-realizara-el-mundial-sub-20-de-futbol\/","url":"https:\/\/diariotextual.com\/inicio\/index.php\/2023\/04\/17\/oficial-anunciaron-que-la-argentina-realizara-el-mundial-sub-20-de-futbol\/","name":"Oficial: la Argentina realizar\u00e1 el Mundial Sub 20 de f\u00fatbol - Diario Textual","isPartOf":{"@id":"https:\/\/diariotextual.com\/inicio\/#website"},"primaryImageOfPage":{"@id":"https:\/\/diariotextual.com\/inicio\/index.php\/2023\/04\/17\/oficial-anunciaron-que-la-argentina-realizara-el-mundial-sub-20-de-futbol\/#primaryimage"},"image":{"@id":"https:\/\/diariotextual.com\/inicio\/index.php\/2023\/04\/17\/oficial-anunciaron-que-la-argentina-realizara-el-mundial-sub-20-de-futbol\/#primaryimage"},"thumbnailUrl":"https:\/\/diariotextual.com\/inicio\/wp-content\/uploads\/2023\/04\/mundialsub20argcopa4535.jpg","datePublished":"2023-04-17T16:11:02+00:00","dateModified":"2023-04-17T21:00:39+00:00","breadcrumb":{"@id":"https:\/\/diariotextual.com\/inicio\/index.php\/2023\/04\/17\/oficial-anunciaron-que-la-argentina-realizara-el-mundial-sub-20-de-futbol\/#breadcrumb"},"inLanguage":"es","potentialAction":[{"@type":"ReadAction","target":["https:\/\/diariotextual.com\/inicio\/index.php\/2023\/04\/17\/oficial-anunciaron-que-la-argentina-realizara-el-mundial-sub-20-de-futbol\/"]}]},{"@type":"ImageObject","inLanguage":"es","@id":"https:\/\/diariotextual.com\/inicio\/index.php\/2023\/04\/17\/oficial-anunciaron-que-la-argentina-realizara-el-mundial-sub-20-de-futbol\/#primaryimage","url":"https:\/\/diariotextual.com\/inicio\/wp-content\/uploads\/2023\/04\/mundialsub20argcopa4535.jpg","contentUrl":"https:\/\/diariotextual.com\/inicio\/wp-content\/uploads\/2023\/04\/mundialsub20argcopa4535.jpg","width":640,"height":415},{"@type":"BreadcrumbList","@id":"https:\/\/diariotextual.com\/inicio\/index.php\/2023\/04\/17\/oficial-anunciaron-que-la-argentina-realizara-el-mundial-sub-20-de-futbol\/#breadcrumb","itemListElement":[{"@type":"ListItem","position":1,"name":"Portada","item":"https:\/\/diariotextual.com\/inicio\/"},{"@type":"ListItem","position":2,"name":"Oficial: la Argentina realizar\u00e1 el Mundial Sub 20 de f\u00fatbol"}]},{"@type":"WebSite","@id":"https:\/\/diariotextual.com\/inicio\/#website","url":"https:\/\/diariotextual.com\/inicio\/","name":"Diario Textual","description":"","publisher":{"@id":"https:\/\/diariotextual.com\/inicio\/#organization"},"potentialAction":[{"@type":"SearchAction","target":{"@type":"EntryPoint","urlTemplate":"https:\/\/diariotextual.com\/inicio\/?s={search_term_string}"},"query-input":{"@type":"PropertyValueSpecification","valueRequired":true,"valueName":"search_term_string"}}],"inLanguage":"es"},{"@type":"Organization","@id":"https:\/\/diariotextual.com\/inicio\/#organization","name":"Diario Textual","url":"https:\/\/diariotextual.com\/inicio\/","logo":{"@type":"ImageObject","inLanguage":"es","@id":"https:\/\/diariotextual.com\/inicio\/#\/schema\/logo\/image\/","url":"https:\/\/diariotextual.com\/inicio\/wp-content\/uploads\/2023\/05\/logotextual1.jpg","contentUrl":"https:\/\/diariotextual.com\/inicio\/wp-content\/uploads\/2023\/05\/logotextual1.jpg","width":516,"height":76,"caption":"Diario Textual"},"image":{"@id":"https:\/\/diariotextual.com\/inicio\/#\/schema\/logo\/image\/"},"sameAs":["https:\/\/www.facebook.com\/eltextual","https:\/\/x.com\/eltextual","http:\/\/www.instagram.com\/eltextual"]},{"@type":"Person","@id":"https:\/\/diariotextual.com\/inicio\/#\/schema\/person\/694f60677f23c4a530867a98f22b3768","name":"diario2","image":{"@type":"ImageObject","inLanguage":"es","@id":"https:\/\/secure.gravatar.com\/avatar\/5a2567495ba16b852fcd8f1ed006a2e24fcace936018ed8237e95f488ad6e0a7?s=96&d=mm&r=g","url":"https:\/\/secure.gravatar.com\/avatar\/5a2567495ba16b852fcd8f1ed006a2e24fcace936018ed8237e95f488ad6e0a7?s=96&d=mm&r=g","contentUrl":"https:\/\/secure.gravatar.com\/avatar\/5a2567495ba16b852fcd8f1ed006a2e24fcace936018ed8237e95f488ad6e0a7?s=96&d=mm&r=g","caption":"diario2"},"url":"https:\/\/diariotextual.com\/inicio\/index.php\/author\/diario2\/"}]}},"_links":{"self":[{"href":"https:\/\/diariotextual.com\/inicio\/index.php\/wp-json\/wp\/v2\/posts\/222547","targetHints":{"allow":["GET"]}}],"collection":[{"href":"https:\/\/diariotextual.com\/inicio\/index.php\/wp-json\/wp\/v2\/posts"}],"about":[{"href":"https:\/\/diariotextual.com\/inicio\/index.php\/wp-json\/wp\/v2\/types\/post"}],"author":[{"embeddable":true,"href":"https:\/\/diariotextual.com\/inicio\/index.php\/wp-json\/wp\/v2\/users\/4"}],"replies":[{"embeddable":true,"href":"https:\/\/diariotextual.com\/inicio\/index.php\/wp-json\/wp\/v2\/comments?post=222547"}],"version-history":[{"count":3,"href":"https:\/\/diariotextual.com\/inicio\/index.php\/wp-json\/wp\/v2\/posts\/222547\/revisions"}],"predecessor-version":[{"id":222554,"href":"https:\/\/diariotextual.com\/inicio\/index.php\/wp-json\/wp\/v2\/posts\/222547\/revisions\/222554"}],"wp:featuredmedia":[{"embeddable":true,"href":"https:\/\/diariotextual.com\/inicio\/index.php\/wp-json\/wp\/v2\/media\/222552"}],"wp:attachment":[{"href":"https:\/\/diariotextual.com\/inicio\/index.php\/wp-json\/wp\/v2\/media?parent=222547"}],"wp:term":[{"taxonomy":"category","embeddable":true,"href":"https:\/\/diariotextual.com\/inicio\/index.php\/wp-json\/wp\/v2\/categories?post=222547"},{"taxonomy":"post_tag","embeddable":true,"href":"https:\/\/diariotextual.com\/inicio\/index.php\/wp-json\/wp\/v2\/tags?post=222547"}],"curies":[{"name":"wp","href":"https:\/\/api.w.org\/{rel}","templated":true}]}}