{"id":222555,"date":"2023-04-17T13:20:50","date_gmt":"2023-04-17T16:20:50","guid":{"rendered":"https:\/\/diariotextual.com\/inicio\/?p=222555"},"modified":"2023-04-17T13:20:51","modified_gmt":"2023-04-17T16:20:51","slug":"en-mayo-retoman-su-actividad-los-talleres-de-la-cpe","status":"publish","type":"post","link":"https:\/\/diariotextual.com\/inicio\/index.php\/2023\/04\/17\/en-mayo-retoman-su-actividad-los-talleres-de-la-cpe\/","title":{"rendered":"En mayo retoman su actividad los talleres de la CPE"},"content":{"rendered":"\n<p>A partir de la primera semana de mayo comenzar\u00e1 un nuevo ciclo del programa de <strong>Talleres de la Cooperativa Popular de Electricidad (CPE)<\/strong>, con cuatro propuestas que funcionar\u00e1n en el Espacio Cultural \u201cAntonio Skara\u201d, sobre Ra\u00fal B. D\u00edaz a metros de 1\u00ba de Mayo.<\/p>\n\n\n\n<p>El inicio del ciclo 2023 de los talleres hab\u00eda sido postergado tras el colapso de una parte del techo del \u00e1rea de Atenci\u00f3n al P\u00fablico, que oblig\u00f3 al traslado de varios sectores de la cooperativa a espacios que utilizaban habitualmente estas actividades culturales. No obstante, a partir de la estabilizaci\u00f3n de los horarios y puntos de atenci\u00f3n, el Consejo de Administraci\u00f3n resolvi\u00f3 la <strong>reactivaci\u00f3n de los talleres de manera paulatina, a medida que se encuentren los espacios adecuados para su dictado<\/strong>. Una segunda tanda est\u00e1 en estudio para su pr\u00f3xima incorporaci\u00f3n a la serie de propuestas que durante 2022 alcanz\u00f3 la veintena de talleres.<\/p>\n\n\n\n<p>En esta primera etapa comenzar\u00e1n a funcionar en el mencionado espacio cultural Antonio Skara \u2014actualmente utilizado como sala de lectura de la Biblioteca\u2014, los talleres de Narraci\u00f3n Oral (con una modalidad virtual y una presencial), a cargo de la profesora Marisel Seltzer; el de Iniciaci\u00f3n al Dibujo, dictado por Mariano Ibazetta; el de C\u00f3mic y Manga, por Denis Santander; y el de Ajedrez, a cargo de Gustavo Homann. <\/p>\n\n\n\n<p>La inscripci\u00f3n y las consultas se pueden realizar directamente con los responsables de cada taller, a trav\u00e9s de Whatsapp, y se dictar\u00e1n en los d\u00edas y horarios que se detallan a continuaci\u00f3n:<\/p>\n\n\n\n<p>&#8211; Iniciaci\u00f3n de Dibujo: Lunes de 18:30 a 19:30 hs \u2013 Mariano Ibazetta (2954) 21-8600<\/p>\n\n\n\n<p>&#8211; C\u00f3mic y Manga: Martes de 18 a 19 hs \u2013 Denis Santander (2954) 39-4841<\/p>\n\n\n\n<p>&#8211; Narraci\u00f3n Oral: Mi\u00e9rcoles de 18 a 19:30 &#8211; Marisel Seltzer (2954) 32-5688<\/p>\n\n\n\n<p>&#8211; Ajedrez: Viernes de 19:30 a 20:30 \u2013 Gustavo Homann (2954) 50-1610<\/p>\n","protected":false},"excerpt":{"rendered":"<p>A partir de la primera semana de mayo comenzar\u00e1 un nuevo ciclo del programa de Talleres de la Cooperativa Popular de Electricidad (CPE), con cuatro propuestas que funcionar\u00e1n en el&hellip;<\/p>\n","protected":false},"author":4,"featured_media":222556,"comment_status":"closed","ping_status":"open","sticky":false,"template":"","format":"standard","meta":{"_acf_changed":false,"footnotes":""},"categories":[1,12],"tags":[],"class_list":["post-222555","post","type-post","status-publish","format-standard","has-post-thumbnail","hentry","category-es-noticia","category-sociedad"],"acf":[],"yoast_head":"<!-- This site is optimized with the Yoast SEO plugin v27.5 - https:\/\/yoast.com\/product\/yoast-seo-wordpress\/ -->\n<title>En mayo retoman su actividad los talleres de la CPE - Diario Textual<\/title>\n<meta name=\"robots\" content=\"index, follow, max-snippet:-1, max-image-preview:large, max-video-preview:-1\" \/>\n<link rel=\"canonical\" href=\"https:\/\/diariotextual.com\/inicio\/index.php\/2023\/04\/17\/en-mayo-retoman-su-actividad-los-talleres-de-la-cpe\/\" \/>\n<meta property=\"og:locale\" content=\"es_ES\" \/>\n<meta property=\"og:type\" content=\"article\" \/>\n<meta property=\"og:title\" content=\"En mayo retoman su actividad los talleres de la CPE - Diario Textual\" \/>\n<meta property=\"og:description\" content=\"A partir de la primera semana de mayo comenzar\u00e1 un nuevo ciclo del programa de Talleres de la Cooperativa Popular de Electricidad (CPE), con cuatro propuestas que funcionar\u00e1n en el&hellip;\" \/>\n<meta property=\"og:url\" content=\"https:\/\/diariotextual.com\/inicio\/index.php\/2023\/04\/17\/en-mayo-retoman-su-actividad-los-talleres-de-la-cpe\/\" \/>\n<meta property=\"og:site_name\" content=\"Diario Textual\" \/>\n<meta property=\"article:publisher\" content=\"https:\/\/www.facebook.com\/eltextual\" \/>\n<meta property=\"article:published_time\" content=\"2023-04-17T16:20:50+00:00\" \/>\n<meta property=\"article:modified_time\" content=\"2023-04-17T16:20:51+00:00\" \/>\n<meta property=\"og:image\" content=\"https:\/\/diariotextual.com\/inicio\/wp-content\/uploads\/2023\/04\/tallercpe467254.jpg\" \/>\n\t<meta property=\"og:image:width\" content=\"900\" \/>\n\t<meta property=\"og:image:height\" content=\"584\" \/>\n\t<meta property=\"og:image:type\" content=\"image\/jpeg\" \/>\n<meta name=\"author\" content=\"diario2\" \/>\n<meta name=\"twitter:card\" content=\"summary_large_image\" \/>\n<meta name=\"twitter:creator\" content=\"@eltextual\" \/>\n<meta name=\"twitter:site\" content=\"@eltextual\" \/>\n<meta name=\"twitter:label1\" content=\"Escrito por\" \/>\n\t<meta name=\"twitter:data1\" content=\"diario2\" \/>\n\t<meta name=\"twitter:label2\" content=\"Tiempo de lectura\" \/>\n\t<meta name=\"twitter:data2\" content=\"2 minutos\" \/>\n<script type=\"application\/ld+json\" class=\"yoast-schema-graph\">{\"@context\":\"https:\\\/\\\/schema.org\",\"@graph\":[{\"@type\":\"Article\",\"@id\":\"https:\\\/\\\/diariotextual.com\\\/inicio\\\/index.php\\\/2023\\\/04\\\/17\\\/en-mayo-retoman-su-actividad-los-talleres-de-la-cpe\\\/#article\",\"isPartOf\":{\"@id\":\"https:\\\/\\\/diariotextual.com\\\/inicio\\\/index.php\\\/2023\\\/04\\\/17\\\/en-mayo-retoman-su-actividad-los-talleres-de-la-cpe\\\/\"},\"author\":{\"name\":\"diario2\",\"@id\":\"https:\\\/\\\/diariotextual.com\\\/inicio\\\/#\\\/schema\\\/person\\\/694f60677f23c4a530867a98f22b3768\"},\"headline\":\"En mayo retoman su actividad los talleres de la CPE\",\"datePublished\":\"2023-04-17T16:20:50+00:00\",\"dateModified\":\"2023-04-17T16:20:51+00:00\",\"mainEntityOfPage\":{\"@id\":\"https:\\\/\\\/diariotextual.com\\\/inicio\\\/index.php\\\/2023\\\/04\\\/17\\\/en-mayo-retoman-su-actividad-los-talleres-de-la-cpe\\\/\"},\"wordCount\":320,\"publisher\":{\"@id\":\"https:\\\/\\\/diariotextual.com\\\/inicio\\\/#organization\"},\"image\":{\"@id\":\"https:\\\/\\\/diariotextual.com\\\/inicio\\\/index.php\\\/2023\\\/04\\\/17\\\/en-mayo-retoman-su-actividad-los-talleres-de-la-cpe\\\/#primaryimage\"},\"thumbnailUrl\":\"https:\\\/\\\/diariotextual.com\\\/inicio\\\/wp-content\\\/uploads\\\/2023\\\/04\\\/tallercpe467254.jpg\",\"articleSection\":[\"A - ES NOTICIA (van abajo)\",\"SOCIEDAD\"],\"inLanguage\":\"es\"},{\"@type\":\"WebPage\",\"@id\":\"https:\\\/\\\/diariotextual.com\\\/inicio\\\/index.php\\\/2023\\\/04\\\/17\\\/en-mayo-retoman-su-actividad-los-talleres-de-la-cpe\\\/\",\"url\":\"https:\\\/\\\/diariotextual.com\\\/inicio\\\/index.php\\\/2023\\\/04\\\/17\\\/en-mayo-retoman-su-actividad-los-talleres-de-la-cpe\\\/\",\"name\":\"En mayo retoman su actividad los talleres de la CPE - Diario Textual\",\"isPartOf\":{\"@id\":\"https:\\\/\\\/diariotextual.com\\\/inicio\\\/#website\"},\"primaryImageOfPage\":{\"@id\":\"https:\\\/\\\/diariotextual.com\\\/inicio\\\/index.php\\\/2023\\\/04\\\/17\\\/en-mayo-retoman-su-actividad-los-talleres-de-la-cpe\\\/#primaryimage\"},\"image\":{\"@id\":\"https:\\\/\\\/diariotextual.com\\\/inicio\\\/index.php\\\/2023\\\/04\\\/17\\\/en-mayo-retoman-su-actividad-los-talleres-de-la-cpe\\\/#primaryimage\"},\"thumbnailUrl\":\"https:\\\/\\\/diariotextual.com\\\/inicio\\\/wp-content\\\/uploads\\\/2023\\\/04\\\/tallercpe467254.jpg\",\"datePublished\":\"2023-04-17T16:20:50+00:00\",\"dateModified\":\"2023-04-17T16:20:51+00:00\",\"breadcrumb\":{\"@id\":\"https:\\\/\\\/diariotextual.com\\\/inicio\\\/index.php\\\/2023\\\/04\\\/17\\\/en-mayo-retoman-su-actividad-los-talleres-de-la-cpe\\\/#breadcrumb\"},\"inLanguage\":\"es\",\"potentialAction\":[{\"@type\":\"ReadAction\",\"target\":[\"https:\\\/\\\/diariotextual.com\\\/inicio\\\/index.php\\\/2023\\\/04\\\/17\\\/en-mayo-retoman-su-actividad-los-talleres-de-la-cpe\\\/\"]}]},{\"@type\":\"ImageObject\",\"inLanguage\":\"es\",\"@id\":\"https:\\\/\\\/diariotextual.com\\\/inicio\\\/index.php\\\/2023\\\/04\\\/17\\\/en-mayo-retoman-su-actividad-los-talleres-de-la-cpe\\\/#primaryimage\",\"url\":\"https:\\\/\\\/diariotextual.com\\\/inicio\\\/wp-content\\\/uploads\\\/2023\\\/04\\\/tallercpe467254.jpg\",\"contentUrl\":\"https:\\\/\\\/diariotextual.com\\\/inicio\\\/wp-content\\\/uploads\\\/2023\\\/04\\\/tallercpe467254.jpg\",\"width\":900,\"height\":584},{\"@type\":\"BreadcrumbList\",\"@id\":\"https:\\\/\\\/diariotextual.com\\\/inicio\\\/index.php\\\/2023\\\/04\\\/17\\\/en-mayo-retoman-su-actividad-los-talleres-de-la-cpe\\\/#breadcrumb\",\"itemListElement\":[{\"@type\":\"ListItem\",\"position\":1,\"name\":\"Portada\",\"item\":\"https:\\\/\\\/diariotextual.com\\\/inicio\\\/\"},{\"@type\":\"ListItem\",\"position\":2,\"name\":\"En mayo retoman su actividad los talleres de la CPE\"}]},{\"@type\":\"WebSite\",\"@id\":\"https:\\\/\\\/diariotextual.com\\\/inicio\\\/#website\",\"url\":\"https:\\\/\\\/diariotextual.com\\\/inicio\\\/\",\"name\":\"Diario Textual\",\"description\":\"\",\"publisher\":{\"@id\":\"https:\\\/\\\/diariotextual.com\\\/inicio\\\/#organization\"},\"potentialAction\":[{\"@type\":\"SearchAction\",\"target\":{\"@type\":\"EntryPoint\",\"urlTemplate\":\"https:\\\/\\\/diariotextual.com\\\/inicio\\\/?s={search_term_string}\"},\"query-input\":{\"@type\":\"PropertyValueSpecification\",\"valueRequired\":true,\"valueName\":\"search_term_string\"}}],\"inLanguage\":\"es\"},{\"@type\":\"Organization\",\"@id\":\"https:\\\/\\\/diariotextual.com\\\/inicio\\\/#organization\",\"name\":\"Diario Textual\",\"url\":\"https:\\\/\\\/diariotextual.com\\\/inicio\\\/\",\"logo\":{\"@type\":\"ImageObject\",\"inLanguage\":\"es\",\"@id\":\"https:\\\/\\\/diariotextual.com\\\/inicio\\\/#\\\/schema\\\/logo\\\/image\\\/\",\"url\":\"https:\\\/\\\/diariotextual.com\\\/inicio\\\/wp-content\\\/uploads\\\/2023\\\/05\\\/logotextual1.jpg\",\"contentUrl\":\"https:\\\/\\\/diariotextual.com\\\/inicio\\\/wp-content\\\/uploads\\\/2023\\\/05\\\/logotextual1.jpg\",\"width\":516,\"height\":76,\"caption\":\"Diario Textual\"},\"image\":{\"@id\":\"https:\\\/\\\/diariotextual.com\\\/inicio\\\/#\\\/schema\\\/logo\\\/image\\\/\"},\"sameAs\":[\"https:\\\/\\\/www.facebook.com\\\/eltextual\",\"https:\\\/\\\/x.com\\\/eltextual\",\"http:\\\/\\\/www.instagram.com\\\/eltextual\"]},{\"@type\":\"Person\",\"@id\":\"https:\\\/\\\/diariotextual.com\\\/inicio\\\/#\\\/schema\\\/person\\\/694f60677f23c4a530867a98f22b3768\",\"name\":\"diario2\",\"image\":{\"@type\":\"ImageObject\",\"inLanguage\":\"es\",\"@id\":\"https:\\\/\\\/secure.gravatar.com\\\/avatar\\\/5a2567495ba16b852fcd8f1ed006a2e24fcace936018ed8237e95f488ad6e0a7?s=96&d=mm&r=g\",\"url\":\"https:\\\/\\\/secure.gravatar.com\\\/avatar\\\/5a2567495ba16b852fcd8f1ed006a2e24fcace936018ed8237e95f488ad6e0a7?s=96&d=mm&r=g\",\"contentUrl\":\"https:\\\/\\\/secure.gravatar.com\\\/avatar\\\/5a2567495ba16b852fcd8f1ed006a2e24fcace936018ed8237e95f488ad6e0a7?s=96&d=mm&r=g\",\"caption\":\"diario2\"},\"url\":\"https:\\\/\\\/diariotextual.com\\\/inicio\\\/index.php\\\/author\\\/diario2\\\/\"}]}<\/script>\n<!-- \/ Yoast SEO plugin. -->","yoast_head_json":{"title":"En mayo retoman su actividad los talleres de la CPE - Diario Textual","robots":{"index":"index","follow":"follow","max-snippet":"max-snippet:-1","max-image-preview":"max-image-preview:large","max-video-preview":"max-video-preview:-1"},"canonical":"https:\/\/diariotextual.com\/inicio\/index.php\/2023\/04\/17\/en-mayo-retoman-su-actividad-los-talleres-de-la-cpe\/","og_locale":"es_ES","og_type":"article","og_title":"En mayo retoman su actividad los talleres de la CPE - Diario Textual","og_description":"A partir de la primera semana de mayo comenzar\u00e1 un nuevo ciclo del programa de Talleres de la Cooperativa Popular de Electricidad (CPE), con cuatro propuestas que funcionar\u00e1n en el&hellip;","og_url":"https:\/\/diariotextual.com\/inicio\/index.php\/2023\/04\/17\/en-mayo-retoman-su-actividad-los-talleres-de-la-cpe\/","og_site_name":"Diario Textual","article_publisher":"https:\/\/www.facebook.com\/eltextual","article_published_time":"2023-04-17T16:20:50+00:00","article_modified_time":"2023-04-17T16:20:51+00:00","og_image":[{"width":900,"height":584,"url":"https:\/\/diariotextual.com\/inicio\/wp-content\/uploads\/2023\/04\/tallercpe467254.jpg","type":"image\/jpeg"}],"author":"diario2","twitter_card":"summary_large_image","twitter_creator":"@eltextual","twitter_site":"@eltextual","twitter_misc":{"Escrito por":"diario2","Tiempo de lectura":"2 minutos"},"schema":{"@context":"https:\/\/schema.org","@graph":[{"@type":"Article","@id":"https:\/\/diariotextual.com\/inicio\/index.php\/2023\/04\/17\/en-mayo-retoman-su-actividad-los-talleres-de-la-cpe\/#article","isPartOf":{"@id":"https:\/\/diariotextual.com\/inicio\/index.php\/2023\/04\/17\/en-mayo-retoman-su-actividad-los-talleres-de-la-cpe\/"},"author":{"name":"diario2","@id":"https:\/\/diariotextual.com\/inicio\/#\/schema\/person\/694f60677f23c4a530867a98f22b3768"},"headline":"En mayo retoman su actividad los talleres de la CPE","datePublished":"2023-04-17T16:20:50+00:00","dateModified":"2023-04-17T16:20:51+00:00","mainEntityOfPage":{"@id":"https:\/\/diariotextual.com\/inicio\/index.php\/2023\/04\/17\/en-mayo-retoman-su-actividad-los-talleres-de-la-cpe\/"},"wordCount":320,"publisher":{"@id":"https:\/\/diariotextual.com\/inicio\/#organization"},"image":{"@id":"https:\/\/diariotextual.com\/inicio\/index.php\/2023\/04\/17\/en-mayo-retoman-su-actividad-los-talleres-de-la-cpe\/#primaryimage"},"thumbnailUrl":"https:\/\/diariotextual.com\/inicio\/wp-content\/uploads\/2023\/04\/tallercpe467254.jpg","articleSection":["A - ES NOTICIA (van abajo)","SOCIEDAD"],"inLanguage":"es"},{"@type":"WebPage","@id":"https:\/\/diariotextual.com\/inicio\/index.php\/2023\/04\/17\/en-mayo-retoman-su-actividad-los-talleres-de-la-cpe\/","url":"https:\/\/diariotextual.com\/inicio\/index.php\/2023\/04\/17\/en-mayo-retoman-su-actividad-los-talleres-de-la-cpe\/","name":"En mayo retoman su actividad los talleres de la CPE - Diario Textual","isPartOf":{"@id":"https:\/\/diariotextual.com\/inicio\/#website"},"primaryImageOfPage":{"@id":"https:\/\/diariotextual.com\/inicio\/index.php\/2023\/04\/17\/en-mayo-retoman-su-actividad-los-talleres-de-la-cpe\/#primaryimage"},"image":{"@id":"https:\/\/diariotextual.com\/inicio\/index.php\/2023\/04\/17\/en-mayo-retoman-su-actividad-los-talleres-de-la-cpe\/#primaryimage"},"thumbnailUrl":"https:\/\/diariotextual.com\/inicio\/wp-content\/uploads\/2023\/04\/tallercpe467254.jpg","datePublished":"2023-04-17T16:20:50+00:00","dateModified":"2023-04-17T16:20:51+00:00","breadcrumb":{"@id":"https:\/\/diariotextual.com\/inicio\/index.php\/2023\/04\/17\/en-mayo-retoman-su-actividad-los-talleres-de-la-cpe\/#breadcrumb"},"inLanguage":"es","potentialAction":[{"@type":"ReadAction","target":["https:\/\/diariotextual.com\/inicio\/index.php\/2023\/04\/17\/en-mayo-retoman-su-actividad-los-talleres-de-la-cpe\/"]}]},{"@type":"ImageObject","inLanguage":"es","@id":"https:\/\/diariotextual.com\/inicio\/index.php\/2023\/04\/17\/en-mayo-retoman-su-actividad-los-talleres-de-la-cpe\/#primaryimage","url":"https:\/\/diariotextual.com\/inicio\/wp-content\/uploads\/2023\/04\/tallercpe467254.jpg","contentUrl":"https:\/\/diariotextual.com\/inicio\/wp-content\/uploads\/2023\/04\/tallercpe467254.jpg","width":900,"height":584},{"@type":"BreadcrumbList","@id":"https:\/\/diariotextual.com\/inicio\/index.php\/2023\/04\/17\/en-mayo-retoman-su-actividad-los-talleres-de-la-cpe\/#breadcrumb","itemListElement":[{"@type":"ListItem","position":1,"name":"Portada","item":"https:\/\/diariotextual.com\/inicio\/"},{"@type":"ListItem","position":2,"name":"En mayo retoman su actividad los talleres de la CPE"}]},{"@type":"WebSite","@id":"https:\/\/diariotextual.com\/inicio\/#website","url":"https:\/\/diariotextual.com\/inicio\/","name":"Diario Textual","description":"","publisher":{"@id":"https:\/\/diariotextual.com\/inicio\/#organization"},"potentialAction":[{"@type":"SearchAction","target":{"@type":"EntryPoint","urlTemplate":"https:\/\/diariotextual.com\/inicio\/?s={search_term_string}"},"query-input":{"@type":"PropertyValueSpecification","valueRequired":true,"valueName":"search_term_string"}}],"inLanguage":"es"},{"@type":"Organization","@id":"https:\/\/diariotextual.com\/inicio\/#organization","name":"Diario Textual","url":"https:\/\/diariotextual.com\/inicio\/","logo":{"@type":"ImageObject","inLanguage":"es","@id":"https:\/\/diariotextual.com\/inicio\/#\/schema\/logo\/image\/","url":"https:\/\/diariotextual.com\/inicio\/wp-content\/uploads\/2023\/05\/logotextual1.jpg","contentUrl":"https:\/\/diariotextual.com\/inicio\/wp-content\/uploads\/2023\/05\/logotextual1.jpg","width":516,"height":76,"caption":"Diario Textual"},"image":{"@id":"https:\/\/diariotextual.com\/inicio\/#\/schema\/logo\/image\/"},"sameAs":["https:\/\/www.facebook.com\/eltextual","https:\/\/x.com\/eltextual","http:\/\/www.instagram.com\/eltextual"]},{"@type":"Person","@id":"https:\/\/diariotextual.com\/inicio\/#\/schema\/person\/694f60677f23c4a530867a98f22b3768","name":"diario2","image":{"@type":"ImageObject","inLanguage":"es","@id":"https:\/\/secure.gravatar.com\/avatar\/5a2567495ba16b852fcd8f1ed006a2e24fcace936018ed8237e95f488ad6e0a7?s=96&d=mm&r=g","url":"https:\/\/secure.gravatar.com\/avatar\/5a2567495ba16b852fcd8f1ed006a2e24fcace936018ed8237e95f488ad6e0a7?s=96&d=mm&r=g","contentUrl":"https:\/\/secure.gravatar.com\/avatar\/5a2567495ba16b852fcd8f1ed006a2e24fcace936018ed8237e95f488ad6e0a7?s=96&d=mm&r=g","caption":"diario2"},"url":"https:\/\/diariotextual.com\/inicio\/index.php\/author\/diario2\/"}]}},"_links":{"self":[{"href":"https:\/\/diariotextual.com\/inicio\/index.php\/wp-json\/wp\/v2\/posts\/222555","targetHints":{"allow":["GET"]}}],"collection":[{"href":"https:\/\/diariotextual.com\/inicio\/index.php\/wp-json\/wp\/v2\/posts"}],"about":[{"href":"https:\/\/diariotextual.com\/inicio\/index.php\/wp-json\/wp\/v2\/types\/post"}],"author":[{"embeddable":true,"href":"https:\/\/diariotextual.com\/inicio\/index.php\/wp-json\/wp\/v2\/users\/4"}],"replies":[{"embeddable":true,"href":"https:\/\/diariotextual.com\/inicio\/index.php\/wp-json\/wp\/v2\/comments?post=222555"}],"version-history":[{"count":1,"href":"https:\/\/diariotextual.com\/inicio\/index.php\/wp-json\/wp\/v2\/posts\/222555\/revisions"}],"predecessor-version":[{"id":222557,"href":"https:\/\/diariotextual.com\/inicio\/index.php\/wp-json\/wp\/v2\/posts\/222555\/revisions\/222557"}],"wp:featuredmedia":[{"embeddable":true,"href":"https:\/\/diariotextual.com\/inicio\/index.php\/wp-json\/wp\/v2\/media\/222556"}],"wp:attachment":[{"href":"https:\/\/diariotextual.com\/inicio\/index.php\/wp-json\/wp\/v2\/media?parent=222555"}],"wp:term":[{"taxonomy":"category","embeddable":true,"href":"https:\/\/diariotextual.com\/inicio\/index.php\/wp-json\/wp\/v2\/categories?post=222555"},{"taxonomy":"post_tag","embeddable":true,"href":"https:\/\/diariotextual.com\/inicio\/index.php\/wp-json\/wp\/v2\/tags?post=222555"}],"curies":[{"name":"wp","href":"https:\/\/api.w.org\/{rel}","templated":true}]}}