{"id":222621,"date":"2023-04-18T07:23:58","date_gmt":"2023-04-18T10:23:58","guid":{"rendered":"https:\/\/diariotextual.com\/inicio\/?p=222621"},"modified":"2023-04-18T07:27:58","modified_gmt":"2023-04-18T10:27:58","slug":"la-expo-tecnica-pampeana-llega-a-general-pico","status":"publish","type":"post","link":"https:\/\/diariotextual.com\/inicio\/index.php\/2023\/04\/18\/la-expo-tecnica-pampeana-llega-a-general-pico\/","title":{"rendered":"La Expo T\u00e9cnica Pampeana llega a General Pico"},"content":{"rendered":"\n<p>Veinte las instituciones escolares participar\u00e1n este martes 18 de la <strong>Expo T\u00e9cnica Pampeana en General Pico.<\/strong> El encuentro ser\u00e1 entre las 10 y 17 en El Parador, en avenida San Mart\u00edn entre calles 19 y 21, donde se pondr\u00e1n en contacto actores educativos con representantes del contexto socioproductivo.<\/p>\n\n\n\n<p>El Ministerio de Educaci\u00f3n, a trav\u00e9s de la Subsecretar\u00eda de Educaci\u00f3n T\u00e9cnico Profesional, inform\u00f3 que ser\u00e1n veinte las instituciones escolares participantes: EPET N\u00ba 2,&nbsp; EPET N\u00ba 3, CPFP N\u00ba 2, Extensiones \u00c1ulicas, CPFP N\u00ba 6, CPFP N\u00ba 7, Escuela Normal \u201cProvincia de San Luis\u201d, Colegio Secundario \u201cEl Salvador\u201d, Colegio Secundario \u201cVirginia G. de Amela\u201d, Centro Polit\u00e9cnico \u201cArturo Juan Ferrero\u201d e Instituto Superior Bellas Artes de General Pico, EPET N\u00ba 6 de Realic\u00f3, EPET N\u00ba 7 de Intendente Alvear, Instituto Agrot\u00e9cnico de Rancul, Instituto Fundaci\u00f3n Sociedad Rural Argentina de Realic\u00f3, CPFP N\u00ba 9 de Ingeniero Luiggi, CPFP N\u00ba 10 de Caleuf\u00fa, CPFP N\u00ba 11 de Realic\u00f3, CPFP N\u00ba 13 de Quem\u00fa Quem\u00fa y CPFP N\u00ba 20 de Arata.<\/p>\n\n\n\n<p>En el marco de la Expo, tambi\u00e9n se llevar\u00e1 a cabo una charla a cargo del Instituto Nacional de Tecnolog\u00eda Industrial (INTI) sobre Gesti\u00f3n de Mantenimiento. Los d\u00edas 27 y 28 de abril en Santa Rosa (Castelvecchio Complejo Social) se producir\u00e1 el cierre provincial donde tambi\u00e9n se dar\u00e1 inicio formal a la Educaci\u00f3n Secundaria Profesional y se reunir\u00e1 en forma ampliada el Consejo Provincial de Educaci\u00f3n, Trabajo y Producci\u00f3n.<\/p>\n\n\n\n<p>En cada uno de los encuentros, se invit\u00f3 a los presentes a compartir sus producciones en redes sociales utilizando el hashtag <strong>#ExpoTecnicaL<\/strong>P y mencionando en Instagram al Ministerio de Educaci\u00f3n: instagram.com\/edulapampa\/<\/p>\n","protected":false},"excerpt":{"rendered":"<p>Veinte las instituciones escolares participar\u00e1n este martes 18 de la Expo T\u00e9cnica Pampeana en General Pico. El encuentro ser\u00e1 entre las 10 y 17 en El Parador, en avenida San&hellip;<\/p>\n","protected":false},"author":4,"featured_media":222628,"comment_status":"closed","ping_status":"open","sticky":false,"template":"","format":"standard","meta":{"_acf_changed":false,"footnotes":""},"categories":[1,12],"tags":[],"class_list":["post-222621","post","type-post","status-publish","format-standard","has-post-thumbnail","hentry","category-es-noticia","category-sociedad"],"acf":[],"yoast_head":"<!-- This site is optimized with the Yoast SEO plugin v27.5 - https:\/\/yoast.com\/product\/yoast-seo-wordpress\/ -->\n<title>La Expo T\u00e9cnica Pampeana llega a General Pico - Diario Textual<\/title>\n<meta name=\"robots\" content=\"index, follow, max-snippet:-1, max-image-preview:large, max-video-preview:-1\" \/>\n<link rel=\"canonical\" href=\"https:\/\/diariotextual.com\/inicio\/index.php\/2023\/04\/18\/la-expo-tecnica-pampeana-llega-a-general-pico\/\" \/>\n<meta property=\"og:locale\" content=\"es_ES\" \/>\n<meta property=\"og:type\" content=\"article\" \/>\n<meta property=\"og:title\" content=\"La Expo T\u00e9cnica Pampeana llega a General Pico - Diario Textual\" \/>\n<meta property=\"og:description\" content=\"Veinte las instituciones escolares participar\u00e1n este martes 18 de la Expo T\u00e9cnica Pampeana en General Pico. El encuentro ser\u00e1 entre las 10 y 17 en El Parador, en avenida San&hellip;\" \/>\n<meta property=\"og:url\" content=\"https:\/\/diariotextual.com\/inicio\/index.php\/2023\/04\/18\/la-expo-tecnica-pampeana-llega-a-general-pico\/\" \/>\n<meta property=\"og:site_name\" content=\"Diario Textual\" \/>\n<meta property=\"article:publisher\" content=\"https:\/\/www.facebook.com\/eltextual\" \/>\n<meta property=\"article:published_time\" content=\"2023-04-18T10:23:58+00:00\" \/>\n<meta property=\"article:modified_time\" content=\"2023-04-18T10:27:58+00:00\" \/>\n<meta property=\"og:image\" content=\"https:\/\/diariotextual.com\/inicio\/wp-content\/uploads\/2023\/04\/expotecnicaalumnos54365.jpg\" \/>\n\t<meta property=\"og:image:width\" content=\"868\" \/>\n\t<meta property=\"og:image:height\" content=\"507\" \/>\n\t<meta property=\"og:image:type\" content=\"image\/jpeg\" \/>\n<meta name=\"author\" content=\"diario2\" \/>\n<meta name=\"twitter:card\" content=\"summary_large_image\" \/>\n<meta name=\"twitter:creator\" content=\"@eltextual\" \/>\n<meta name=\"twitter:site\" content=\"@eltextual\" \/>\n<meta name=\"twitter:label1\" content=\"Escrito por\" \/>\n\t<meta name=\"twitter:data1\" content=\"diario2\" \/>\n\t<meta name=\"twitter:label2\" content=\"Tiempo de lectura\" \/>\n\t<meta name=\"twitter:data2\" content=\"2 minutos\" \/>\n<script type=\"application\/ld+json\" class=\"yoast-schema-graph\">{\"@context\":\"https:\\\/\\\/schema.org\",\"@graph\":[{\"@type\":\"Article\",\"@id\":\"https:\\\/\\\/diariotextual.com\\\/inicio\\\/index.php\\\/2023\\\/04\\\/18\\\/la-expo-tecnica-pampeana-llega-a-general-pico\\\/#article\",\"isPartOf\":{\"@id\":\"https:\\\/\\\/diariotextual.com\\\/inicio\\\/index.php\\\/2023\\\/04\\\/18\\\/la-expo-tecnica-pampeana-llega-a-general-pico\\\/\"},\"author\":{\"name\":\"diario2\",\"@id\":\"https:\\\/\\\/diariotextual.com\\\/inicio\\\/#\\\/schema\\\/person\\\/694f60677f23c4a530867a98f22b3768\"},\"headline\":\"La Expo T\u00e9cnica Pampeana llega a General Pico\",\"datePublished\":\"2023-04-18T10:23:58+00:00\",\"dateModified\":\"2023-04-18T10:27:58+00:00\",\"mainEntityOfPage\":{\"@id\":\"https:\\\/\\\/diariotextual.com\\\/inicio\\\/index.php\\\/2023\\\/04\\\/18\\\/la-expo-tecnica-pampeana-llega-a-general-pico\\\/\"},\"wordCount\":280,\"publisher\":{\"@id\":\"https:\\\/\\\/diariotextual.com\\\/inicio\\\/#organization\"},\"image\":{\"@id\":\"https:\\\/\\\/diariotextual.com\\\/inicio\\\/index.php\\\/2023\\\/04\\\/18\\\/la-expo-tecnica-pampeana-llega-a-general-pico\\\/#primaryimage\"},\"thumbnailUrl\":\"https:\\\/\\\/diariotextual.com\\\/inicio\\\/wp-content\\\/uploads\\\/2023\\\/04\\\/expotecnicaalumnos54365.jpg\",\"articleSection\":[\"A - ES NOTICIA (van abajo)\",\"SOCIEDAD\"],\"inLanguage\":\"es\"},{\"@type\":\"WebPage\",\"@id\":\"https:\\\/\\\/diariotextual.com\\\/inicio\\\/index.php\\\/2023\\\/04\\\/18\\\/la-expo-tecnica-pampeana-llega-a-general-pico\\\/\",\"url\":\"https:\\\/\\\/diariotextual.com\\\/inicio\\\/index.php\\\/2023\\\/04\\\/18\\\/la-expo-tecnica-pampeana-llega-a-general-pico\\\/\",\"name\":\"La Expo T\u00e9cnica Pampeana llega a General Pico - Diario Textual\",\"isPartOf\":{\"@id\":\"https:\\\/\\\/diariotextual.com\\\/inicio\\\/#website\"},\"primaryImageOfPage\":{\"@id\":\"https:\\\/\\\/diariotextual.com\\\/inicio\\\/index.php\\\/2023\\\/04\\\/18\\\/la-expo-tecnica-pampeana-llega-a-general-pico\\\/#primaryimage\"},\"image\":{\"@id\":\"https:\\\/\\\/diariotextual.com\\\/inicio\\\/index.php\\\/2023\\\/04\\\/18\\\/la-expo-tecnica-pampeana-llega-a-general-pico\\\/#primaryimage\"},\"thumbnailUrl\":\"https:\\\/\\\/diariotextual.com\\\/inicio\\\/wp-content\\\/uploads\\\/2023\\\/04\\\/expotecnicaalumnos54365.jpg\",\"datePublished\":\"2023-04-18T10:23:58+00:00\",\"dateModified\":\"2023-04-18T10:27:58+00:00\",\"breadcrumb\":{\"@id\":\"https:\\\/\\\/diariotextual.com\\\/inicio\\\/index.php\\\/2023\\\/04\\\/18\\\/la-expo-tecnica-pampeana-llega-a-general-pico\\\/#breadcrumb\"},\"inLanguage\":\"es\",\"potentialAction\":[{\"@type\":\"ReadAction\",\"target\":[\"https:\\\/\\\/diariotextual.com\\\/inicio\\\/index.php\\\/2023\\\/04\\\/18\\\/la-expo-tecnica-pampeana-llega-a-general-pico\\\/\"]}]},{\"@type\":\"ImageObject\",\"inLanguage\":\"es\",\"@id\":\"https:\\\/\\\/diariotextual.com\\\/inicio\\\/index.php\\\/2023\\\/04\\\/18\\\/la-expo-tecnica-pampeana-llega-a-general-pico\\\/#primaryimage\",\"url\":\"https:\\\/\\\/diariotextual.com\\\/inicio\\\/wp-content\\\/uploads\\\/2023\\\/04\\\/expotecnicaalumnos54365.jpg\",\"contentUrl\":\"https:\\\/\\\/diariotextual.com\\\/inicio\\\/wp-content\\\/uploads\\\/2023\\\/04\\\/expotecnicaalumnos54365.jpg\",\"width\":868,\"height\":507},{\"@type\":\"BreadcrumbList\",\"@id\":\"https:\\\/\\\/diariotextual.com\\\/inicio\\\/index.php\\\/2023\\\/04\\\/18\\\/la-expo-tecnica-pampeana-llega-a-general-pico\\\/#breadcrumb\",\"itemListElement\":[{\"@type\":\"ListItem\",\"position\":1,\"name\":\"Portada\",\"item\":\"https:\\\/\\\/diariotextual.com\\\/inicio\\\/\"},{\"@type\":\"ListItem\",\"position\":2,\"name\":\"La Expo T\u00e9cnica Pampeana llega a General Pico\"}]},{\"@type\":\"WebSite\",\"@id\":\"https:\\\/\\\/diariotextual.com\\\/inicio\\\/#website\",\"url\":\"https:\\\/\\\/diariotextual.com\\\/inicio\\\/\",\"name\":\"Diario Textual\",\"description\":\"\",\"publisher\":{\"@id\":\"https:\\\/\\\/diariotextual.com\\\/inicio\\\/#organization\"},\"potentialAction\":[{\"@type\":\"SearchAction\",\"target\":{\"@type\":\"EntryPoint\",\"urlTemplate\":\"https:\\\/\\\/diariotextual.com\\\/inicio\\\/?s={search_term_string}\"},\"query-input\":{\"@type\":\"PropertyValueSpecification\",\"valueRequired\":true,\"valueName\":\"search_term_string\"}}],\"inLanguage\":\"es\"},{\"@type\":\"Organization\",\"@id\":\"https:\\\/\\\/diariotextual.com\\\/inicio\\\/#organization\",\"name\":\"Diario Textual\",\"url\":\"https:\\\/\\\/diariotextual.com\\\/inicio\\\/\",\"logo\":{\"@type\":\"ImageObject\",\"inLanguage\":\"es\",\"@id\":\"https:\\\/\\\/diariotextual.com\\\/inicio\\\/#\\\/schema\\\/logo\\\/image\\\/\",\"url\":\"https:\\\/\\\/diariotextual.com\\\/inicio\\\/wp-content\\\/uploads\\\/2023\\\/05\\\/logotextual1.jpg\",\"contentUrl\":\"https:\\\/\\\/diariotextual.com\\\/inicio\\\/wp-content\\\/uploads\\\/2023\\\/05\\\/logotextual1.jpg\",\"width\":516,\"height\":76,\"caption\":\"Diario Textual\"},\"image\":{\"@id\":\"https:\\\/\\\/diariotextual.com\\\/inicio\\\/#\\\/schema\\\/logo\\\/image\\\/\"},\"sameAs\":[\"https:\\\/\\\/www.facebook.com\\\/eltextual\",\"https:\\\/\\\/x.com\\\/eltextual\",\"http:\\\/\\\/www.instagram.com\\\/eltextual\"]},{\"@type\":\"Person\",\"@id\":\"https:\\\/\\\/diariotextual.com\\\/inicio\\\/#\\\/schema\\\/person\\\/694f60677f23c4a530867a98f22b3768\",\"name\":\"diario2\",\"image\":{\"@type\":\"ImageObject\",\"inLanguage\":\"es\",\"@id\":\"https:\\\/\\\/secure.gravatar.com\\\/avatar\\\/5a2567495ba16b852fcd8f1ed006a2e24fcace936018ed8237e95f488ad6e0a7?s=96&d=mm&r=g\",\"url\":\"https:\\\/\\\/secure.gravatar.com\\\/avatar\\\/5a2567495ba16b852fcd8f1ed006a2e24fcace936018ed8237e95f488ad6e0a7?s=96&d=mm&r=g\",\"contentUrl\":\"https:\\\/\\\/secure.gravatar.com\\\/avatar\\\/5a2567495ba16b852fcd8f1ed006a2e24fcace936018ed8237e95f488ad6e0a7?s=96&d=mm&r=g\",\"caption\":\"diario2\"},\"url\":\"https:\\\/\\\/diariotextual.com\\\/inicio\\\/index.php\\\/author\\\/diario2\\\/\"}]}<\/script>\n<!-- \/ Yoast SEO plugin. -->","yoast_head_json":{"title":"La Expo T\u00e9cnica Pampeana llega a General Pico - Diario Textual","robots":{"index":"index","follow":"follow","max-snippet":"max-snippet:-1","max-image-preview":"max-image-preview:large","max-video-preview":"max-video-preview:-1"},"canonical":"https:\/\/diariotextual.com\/inicio\/index.php\/2023\/04\/18\/la-expo-tecnica-pampeana-llega-a-general-pico\/","og_locale":"es_ES","og_type":"article","og_title":"La Expo T\u00e9cnica Pampeana llega a General Pico - Diario Textual","og_description":"Veinte las instituciones escolares participar\u00e1n este martes 18 de la Expo T\u00e9cnica Pampeana en General Pico. El encuentro ser\u00e1 entre las 10 y 17 en El Parador, en avenida San&hellip;","og_url":"https:\/\/diariotextual.com\/inicio\/index.php\/2023\/04\/18\/la-expo-tecnica-pampeana-llega-a-general-pico\/","og_site_name":"Diario Textual","article_publisher":"https:\/\/www.facebook.com\/eltextual","article_published_time":"2023-04-18T10:23:58+00:00","article_modified_time":"2023-04-18T10:27:58+00:00","og_image":[{"width":868,"height":507,"url":"https:\/\/diariotextual.com\/inicio\/wp-content\/uploads\/2023\/04\/expotecnicaalumnos54365.jpg","type":"image\/jpeg"}],"author":"diario2","twitter_card":"summary_large_image","twitter_creator":"@eltextual","twitter_site":"@eltextual","twitter_misc":{"Escrito por":"diario2","Tiempo de lectura":"2 minutos"},"schema":{"@context":"https:\/\/schema.org","@graph":[{"@type":"Article","@id":"https:\/\/diariotextual.com\/inicio\/index.php\/2023\/04\/18\/la-expo-tecnica-pampeana-llega-a-general-pico\/#article","isPartOf":{"@id":"https:\/\/diariotextual.com\/inicio\/index.php\/2023\/04\/18\/la-expo-tecnica-pampeana-llega-a-general-pico\/"},"author":{"name":"diario2","@id":"https:\/\/diariotextual.com\/inicio\/#\/schema\/person\/694f60677f23c4a530867a98f22b3768"},"headline":"La Expo T\u00e9cnica Pampeana llega a General Pico","datePublished":"2023-04-18T10:23:58+00:00","dateModified":"2023-04-18T10:27:58+00:00","mainEntityOfPage":{"@id":"https:\/\/diariotextual.com\/inicio\/index.php\/2023\/04\/18\/la-expo-tecnica-pampeana-llega-a-general-pico\/"},"wordCount":280,"publisher":{"@id":"https:\/\/diariotextual.com\/inicio\/#organization"},"image":{"@id":"https:\/\/diariotextual.com\/inicio\/index.php\/2023\/04\/18\/la-expo-tecnica-pampeana-llega-a-general-pico\/#primaryimage"},"thumbnailUrl":"https:\/\/diariotextual.com\/inicio\/wp-content\/uploads\/2023\/04\/expotecnicaalumnos54365.jpg","articleSection":["A - ES NOTICIA (van abajo)","SOCIEDAD"],"inLanguage":"es"},{"@type":"WebPage","@id":"https:\/\/diariotextual.com\/inicio\/index.php\/2023\/04\/18\/la-expo-tecnica-pampeana-llega-a-general-pico\/","url":"https:\/\/diariotextual.com\/inicio\/index.php\/2023\/04\/18\/la-expo-tecnica-pampeana-llega-a-general-pico\/","name":"La Expo T\u00e9cnica Pampeana llega a General Pico - Diario Textual","isPartOf":{"@id":"https:\/\/diariotextual.com\/inicio\/#website"},"primaryImageOfPage":{"@id":"https:\/\/diariotextual.com\/inicio\/index.php\/2023\/04\/18\/la-expo-tecnica-pampeana-llega-a-general-pico\/#primaryimage"},"image":{"@id":"https:\/\/diariotextual.com\/inicio\/index.php\/2023\/04\/18\/la-expo-tecnica-pampeana-llega-a-general-pico\/#primaryimage"},"thumbnailUrl":"https:\/\/diariotextual.com\/inicio\/wp-content\/uploads\/2023\/04\/expotecnicaalumnos54365.jpg","datePublished":"2023-04-18T10:23:58+00:00","dateModified":"2023-04-18T10:27:58+00:00","breadcrumb":{"@id":"https:\/\/diariotextual.com\/inicio\/index.php\/2023\/04\/18\/la-expo-tecnica-pampeana-llega-a-general-pico\/#breadcrumb"},"inLanguage":"es","potentialAction":[{"@type":"ReadAction","target":["https:\/\/diariotextual.com\/inicio\/index.php\/2023\/04\/18\/la-expo-tecnica-pampeana-llega-a-general-pico\/"]}]},{"@type":"ImageObject","inLanguage":"es","@id":"https:\/\/diariotextual.com\/inicio\/index.php\/2023\/04\/18\/la-expo-tecnica-pampeana-llega-a-general-pico\/#primaryimage","url":"https:\/\/diariotextual.com\/inicio\/wp-content\/uploads\/2023\/04\/expotecnicaalumnos54365.jpg","contentUrl":"https:\/\/diariotextual.com\/inicio\/wp-content\/uploads\/2023\/04\/expotecnicaalumnos54365.jpg","width":868,"height":507},{"@type":"BreadcrumbList","@id":"https:\/\/diariotextual.com\/inicio\/index.php\/2023\/04\/18\/la-expo-tecnica-pampeana-llega-a-general-pico\/#breadcrumb","itemListElement":[{"@type":"ListItem","position":1,"name":"Portada","item":"https:\/\/diariotextual.com\/inicio\/"},{"@type":"ListItem","position":2,"name":"La Expo T\u00e9cnica Pampeana llega a General Pico"}]},{"@type":"WebSite","@id":"https:\/\/diariotextual.com\/inicio\/#website","url":"https:\/\/diariotextual.com\/inicio\/","name":"Diario Textual","description":"","publisher":{"@id":"https:\/\/diariotextual.com\/inicio\/#organization"},"potentialAction":[{"@type":"SearchAction","target":{"@type":"EntryPoint","urlTemplate":"https:\/\/diariotextual.com\/inicio\/?s={search_term_string}"},"query-input":{"@type":"PropertyValueSpecification","valueRequired":true,"valueName":"search_term_string"}}],"inLanguage":"es"},{"@type":"Organization","@id":"https:\/\/diariotextual.com\/inicio\/#organization","name":"Diario Textual","url":"https:\/\/diariotextual.com\/inicio\/","logo":{"@type":"ImageObject","inLanguage":"es","@id":"https:\/\/diariotextual.com\/inicio\/#\/schema\/logo\/image\/","url":"https:\/\/diariotextual.com\/inicio\/wp-content\/uploads\/2023\/05\/logotextual1.jpg","contentUrl":"https:\/\/diariotextual.com\/inicio\/wp-content\/uploads\/2023\/05\/logotextual1.jpg","width":516,"height":76,"caption":"Diario Textual"},"image":{"@id":"https:\/\/diariotextual.com\/inicio\/#\/schema\/logo\/image\/"},"sameAs":["https:\/\/www.facebook.com\/eltextual","https:\/\/x.com\/eltextual","http:\/\/www.instagram.com\/eltextual"]},{"@type":"Person","@id":"https:\/\/diariotextual.com\/inicio\/#\/schema\/person\/694f60677f23c4a530867a98f22b3768","name":"diario2","image":{"@type":"ImageObject","inLanguage":"es","@id":"https:\/\/secure.gravatar.com\/avatar\/5a2567495ba16b852fcd8f1ed006a2e24fcace936018ed8237e95f488ad6e0a7?s=96&d=mm&r=g","url":"https:\/\/secure.gravatar.com\/avatar\/5a2567495ba16b852fcd8f1ed006a2e24fcace936018ed8237e95f488ad6e0a7?s=96&d=mm&r=g","contentUrl":"https:\/\/secure.gravatar.com\/avatar\/5a2567495ba16b852fcd8f1ed006a2e24fcace936018ed8237e95f488ad6e0a7?s=96&d=mm&r=g","caption":"diario2"},"url":"https:\/\/diariotextual.com\/inicio\/index.php\/author\/diario2\/"}]}},"_links":{"self":[{"href":"https:\/\/diariotextual.com\/inicio\/index.php\/wp-json\/wp\/v2\/posts\/222621","targetHints":{"allow":["GET"]}}],"collection":[{"href":"https:\/\/diariotextual.com\/inicio\/index.php\/wp-json\/wp\/v2\/posts"}],"about":[{"href":"https:\/\/diariotextual.com\/inicio\/index.php\/wp-json\/wp\/v2\/types\/post"}],"author":[{"embeddable":true,"href":"https:\/\/diariotextual.com\/inicio\/index.php\/wp-json\/wp\/v2\/users\/4"}],"replies":[{"embeddable":true,"href":"https:\/\/diariotextual.com\/inicio\/index.php\/wp-json\/wp\/v2\/comments?post=222621"}],"version-history":[{"count":3,"href":"https:\/\/diariotextual.com\/inicio\/index.php\/wp-json\/wp\/v2\/posts\/222621\/revisions"}],"predecessor-version":[{"id":222629,"href":"https:\/\/diariotextual.com\/inicio\/index.php\/wp-json\/wp\/v2\/posts\/222621\/revisions\/222629"}],"wp:featuredmedia":[{"embeddable":true,"href":"https:\/\/diariotextual.com\/inicio\/index.php\/wp-json\/wp\/v2\/media\/222628"}],"wp:attachment":[{"href":"https:\/\/diariotextual.com\/inicio\/index.php\/wp-json\/wp\/v2\/media?parent=222621"}],"wp:term":[{"taxonomy":"category","embeddable":true,"href":"https:\/\/diariotextual.com\/inicio\/index.php\/wp-json\/wp\/v2\/categories?post=222621"},{"taxonomy":"post_tag","embeddable":true,"href":"https:\/\/diariotextual.com\/inicio\/index.php\/wp-json\/wp\/v2\/tags?post=222621"}],"curies":[{"name":"wp","href":"https:\/\/api.w.org\/{rel}","templated":true}]}}