{"id":222777,"date":"2023-04-19T06:58:51","date_gmt":"2023-04-19T09:58:51","guid":{"rendered":"https:\/\/diariotextual.com\/inicio\/?p=222777"},"modified":"2023-04-19T07:01:38","modified_gmt":"2023-04-19T10:01:38","slug":"duval-guatrache-y-la-humada-recibieron-ambulancias-todo-terreno","status":"publish","type":"post","link":"https:\/\/diariotextual.com\/inicio\/index.php\/2023\/04\/19\/duval-guatrache-y-la-humada-recibieron-ambulancias-todo-terreno\/","title":{"rendered":"Duval, Guatrach\u00e9 y La Humada recibieron ambulancias todo terreno"},"content":{"rendered":"\n<p>Las localidades de <strong>Gobernador Duval, Guatrach\u00e9 y La Humada<\/strong> recibieron este martes ambulancias cero kil\u00f3metro, totalmente equipadas en el marco del fortalecimiento de estrategias sanitarias y como prioridad de garantizar el acceso igualitario a todos los pampeanos y pampeanas.<\/p>\n\n\n\n<p>La jornada que se desarroll\u00f3 en el Hospital de Complejidad Creciente, Ren\u00e9 Favaloro, estuvo encabezada por el ministro de Salud, Mario Rub\u00e9n Kohan, el ministro de Gobierno, Justicia y Derechos Humanos, Ariel Rauschenberger, el subsecretario de Salud, Gustavo Vera, la coordinadora de Salud, Araceli Silvestro, la subsecretaria de Pol\u00edtica Social, Graciela Salvini, y el acompa\u00f1amiento de directores de hospitales y referentes de centros de salud de la Provincia, intendentes e intendentas.<\/p>\n\n\n\n<p><strong>Son unidades 4&#215;4 marca Toyota aptas para acceder sin problemas a terrenos dif\u00edciles<\/strong>. Entendiendo la diversidad geogr\u00e1fica del territorio y a sabiendas de que algunos caminos del interior provincial suelen ser de dif\u00edcil acceso, es que por decisi\u00f3n pol\u00edtica del gobernador Sergio Ziliotto se destinaron estas ambulancias a las localidades de La Humada, Gobernador Duval y Guatrach\u00e9.<\/p>\n\n\n\n<p>Kohan se refiri\u00f3 a la importante incorporaci\u00f3n de estas unidades para las localidades de la Provincia. \u201cHablar del fortalecimiento del sistema de salud no es una idea intangible, es lo que el Gobierno de la provincia de La Pampa ha podido plasmar en hechos. Nos encontramos en este majestuoso marco como es el Hospital Ren\u00e9 Favoloro, pero se debe recordar que hay obras en todos los Establecimientos de Salud de la Provincia y se est\u00e1n construyendo nuevos hospitales\u201d, indic\u00f3.<\/p>\n\n\n\n<p>El ministro destac\u00f3 el compromiso del Ejecutivo con el sistema de Salud P\u00fablico. \u201cCon estas tres ambulancias llevamos entregadas en la Provincia 30 ambulancias en total, en un trabajo conjunto realizado con Naci\u00f3n, y tengo la posibilidad de anunciar que el gobernador, Sergio Ziliotto, dispuso de la compra de mayor cantidad de ambulancias para los pr\u00f3ximos meses, y ya se encuentran en proceso de licitaci\u00f3n para proceder a la compra de las mismas. Estamos trabajando a paso redoblado, fortaleciendo toda la red de Salud de La Pampa, como as\u00ed tambi\u00e9n los laboratorios, las instituciones de internaci\u00f3n, la red de im\u00e1genes, la presencia de los m\u00f3viles para el traslado de pacientes, entre otras\u201d, sostuvo.<\/p>\n\n\n\n<p>\u201cFelicitamos a las localidades que hoy son destinatarias de estas unidades. Seguimos trabajando y vamos por m\u00e1s\u201d, concluy\u00f3.<\/p>\n\n\n\n<p>En materia sanitaria, la ambulancia est\u00e1 adaptada de manera muy completa con el equipamiento necesario para ofrecer un soporte vital. \u201cFrente a una eventualidad buscamos estabilizar al paciente y derivarlo al Centro de Salud m\u00e1s cercano. Por este motivo este tipo de veh\u00edculos son esenciales. Fortalecen, consolidan y son herramientas fundamentales para garantizar la atenci\u00f3n, los traslados y las derivaciones mejorando la posibilidad de respuesta en toda la Provincia\u00bb, dijo Mauro Oliva, conductor de ambulancias de Guatrach\u00e9.<\/p>\n\n\n\n<p>Para finalizar a\u00f1adi\u00f3 que \u00abesta ambulancia va a facilitar ampliamente el ingreso a la Colonia Menonita, no solo para la atenci\u00f3n de la emergencia, sino tambi\u00e9n para la atenci\u00f3n integral en la comunidad. Los caminos en la Colonia y las distancias son complejos, por este motivo esta entrega estuvo pensada de manera estrat\u00e9gica. La geograf\u00eda de la Provincia es diferente y gestionar para la respuesta oportuna en todo el territorio, es fortalecer cada vez m\u00e1s el sistema de Salud\u00bb, concluy\u00f3.<\/p>\n","protected":false},"excerpt":{"rendered":"<p>Las localidades de Gobernador Duval, Guatrach\u00e9 y La Humada recibieron este martes ambulancias cero kil\u00f3metro, totalmente equipadas en el marco del fortalecimiento de estrategias sanitarias y como prioridad de garantizar&hellip;<\/p>\n","protected":false},"author":4,"featured_media":222778,"comment_status":"closed","ping_status":"open","sticky":false,"template":"","format":"standard","meta":{"_acf_changed":false,"footnotes":""},"categories":[1,12],"tags":[],"class_list":["post-222777","post","type-post","status-publish","format-standard","has-post-thumbnail","hentry","category-es-noticia","category-sociedad"],"acf":[],"yoast_head":"<!-- This site is optimized with the Yoast SEO plugin v27.5 - https:\/\/yoast.com\/product\/yoast-seo-wordpress\/ -->\n<title>Duval, Guatrach\u00e9 y La Humada recibieron ambulancias todo terreno - Diario Textual<\/title>\n<meta name=\"robots\" content=\"index, follow, max-snippet:-1, max-image-preview:large, max-video-preview:-1\" \/>\n<link rel=\"canonical\" href=\"https:\/\/diariotextual.com\/inicio\/index.php\/2023\/04\/19\/duval-guatrache-y-la-humada-recibieron-ambulancias-todo-terreno\/\" \/>\n<meta property=\"og:locale\" content=\"es_ES\" \/>\n<meta property=\"og:type\" content=\"article\" \/>\n<meta property=\"og:title\" content=\"Duval, Guatrach\u00e9 y La Humada recibieron ambulancias todo terreno - Diario Textual\" \/>\n<meta property=\"og:description\" content=\"Las localidades de Gobernador Duval, Guatrach\u00e9 y La Humada recibieron este martes ambulancias cero kil\u00f3metro, totalmente equipadas en el marco del fortalecimiento de estrategias sanitarias y como prioridad de garantizar&hellip;\" \/>\n<meta property=\"og:url\" content=\"https:\/\/diariotextual.com\/inicio\/index.php\/2023\/04\/19\/duval-guatrache-y-la-humada-recibieron-ambulancias-todo-terreno\/\" \/>\n<meta property=\"og:site_name\" content=\"Diario Textual\" \/>\n<meta property=\"article:publisher\" content=\"https:\/\/www.facebook.com\/eltextual\" \/>\n<meta property=\"article:published_time\" content=\"2023-04-19T09:58:51+00:00\" \/>\n<meta property=\"article:modified_time\" content=\"2023-04-19T10:01:38+00:00\" \/>\n<meta property=\"og:image\" content=\"https:\/\/diariotextual.com\/inicio\/wp-content\/uploads\/2023\/04\/ambulanciastodoterreno45732545.jpg\" \/>\n\t<meta property=\"og:image:width\" content=\"900\" \/>\n\t<meta property=\"og:image:height\" content=\"600\" \/>\n\t<meta property=\"og:image:type\" content=\"image\/jpeg\" \/>\n<meta name=\"author\" content=\"diario2\" \/>\n<meta name=\"twitter:card\" content=\"summary_large_image\" \/>\n<meta name=\"twitter:creator\" content=\"@eltextual\" \/>\n<meta name=\"twitter:site\" content=\"@eltextual\" \/>\n<meta name=\"twitter:label1\" content=\"Escrito por\" \/>\n\t<meta name=\"twitter:data1\" content=\"diario2\" \/>\n\t<meta name=\"twitter:label2\" content=\"Tiempo de lectura\" \/>\n\t<meta name=\"twitter:data2\" content=\"3 minutos\" \/>\n<script type=\"application\/ld+json\" class=\"yoast-schema-graph\">{\"@context\":\"https:\\\/\\\/schema.org\",\"@graph\":[{\"@type\":\"Article\",\"@id\":\"https:\\\/\\\/diariotextual.com\\\/inicio\\\/index.php\\\/2023\\\/04\\\/19\\\/duval-guatrache-y-la-humada-recibieron-ambulancias-todo-terreno\\\/#article\",\"isPartOf\":{\"@id\":\"https:\\\/\\\/diariotextual.com\\\/inicio\\\/index.php\\\/2023\\\/04\\\/19\\\/duval-guatrache-y-la-humada-recibieron-ambulancias-todo-terreno\\\/\"},\"author\":{\"name\":\"diario2\",\"@id\":\"https:\\\/\\\/diariotextual.com\\\/inicio\\\/#\\\/schema\\\/person\\\/694f60677f23c4a530867a98f22b3768\"},\"headline\":\"Duval, Guatrach\u00e9 y La Humada recibieron ambulancias todo terreno\",\"datePublished\":\"2023-04-19T09:58:51+00:00\",\"dateModified\":\"2023-04-19T10:01:38+00:00\",\"mainEntityOfPage\":{\"@id\":\"https:\\\/\\\/diariotextual.com\\\/inicio\\\/index.php\\\/2023\\\/04\\\/19\\\/duval-guatrache-y-la-humada-recibieron-ambulancias-todo-terreno\\\/\"},\"wordCount\":572,\"publisher\":{\"@id\":\"https:\\\/\\\/diariotextual.com\\\/inicio\\\/#organization\"},\"image\":{\"@id\":\"https:\\\/\\\/diariotextual.com\\\/inicio\\\/index.php\\\/2023\\\/04\\\/19\\\/duval-guatrache-y-la-humada-recibieron-ambulancias-todo-terreno\\\/#primaryimage\"},\"thumbnailUrl\":\"https:\\\/\\\/diariotextual.com\\\/inicio\\\/wp-content\\\/uploads\\\/2023\\\/04\\\/ambulanciastodoterreno45732545.jpg\",\"articleSection\":[\"A - ES NOTICIA (van abajo)\",\"SOCIEDAD\"],\"inLanguage\":\"es\"},{\"@type\":\"WebPage\",\"@id\":\"https:\\\/\\\/diariotextual.com\\\/inicio\\\/index.php\\\/2023\\\/04\\\/19\\\/duval-guatrache-y-la-humada-recibieron-ambulancias-todo-terreno\\\/\",\"url\":\"https:\\\/\\\/diariotextual.com\\\/inicio\\\/index.php\\\/2023\\\/04\\\/19\\\/duval-guatrache-y-la-humada-recibieron-ambulancias-todo-terreno\\\/\",\"name\":\"Duval, Guatrach\u00e9 y La Humada recibieron ambulancias todo terreno - Diario Textual\",\"isPartOf\":{\"@id\":\"https:\\\/\\\/diariotextual.com\\\/inicio\\\/#website\"},\"primaryImageOfPage\":{\"@id\":\"https:\\\/\\\/diariotextual.com\\\/inicio\\\/index.php\\\/2023\\\/04\\\/19\\\/duval-guatrache-y-la-humada-recibieron-ambulancias-todo-terreno\\\/#primaryimage\"},\"image\":{\"@id\":\"https:\\\/\\\/diariotextual.com\\\/inicio\\\/index.php\\\/2023\\\/04\\\/19\\\/duval-guatrache-y-la-humada-recibieron-ambulancias-todo-terreno\\\/#primaryimage\"},\"thumbnailUrl\":\"https:\\\/\\\/diariotextual.com\\\/inicio\\\/wp-content\\\/uploads\\\/2023\\\/04\\\/ambulanciastodoterreno45732545.jpg\",\"datePublished\":\"2023-04-19T09:58:51+00:00\",\"dateModified\":\"2023-04-19T10:01:38+00:00\",\"breadcrumb\":{\"@id\":\"https:\\\/\\\/diariotextual.com\\\/inicio\\\/index.php\\\/2023\\\/04\\\/19\\\/duval-guatrache-y-la-humada-recibieron-ambulancias-todo-terreno\\\/#breadcrumb\"},\"inLanguage\":\"es\",\"potentialAction\":[{\"@type\":\"ReadAction\",\"target\":[\"https:\\\/\\\/diariotextual.com\\\/inicio\\\/index.php\\\/2023\\\/04\\\/19\\\/duval-guatrache-y-la-humada-recibieron-ambulancias-todo-terreno\\\/\"]}]},{\"@type\":\"ImageObject\",\"inLanguage\":\"es\",\"@id\":\"https:\\\/\\\/diariotextual.com\\\/inicio\\\/index.php\\\/2023\\\/04\\\/19\\\/duval-guatrache-y-la-humada-recibieron-ambulancias-todo-terreno\\\/#primaryimage\",\"url\":\"https:\\\/\\\/diariotextual.com\\\/inicio\\\/wp-content\\\/uploads\\\/2023\\\/04\\\/ambulanciastodoterreno45732545.jpg\",\"contentUrl\":\"https:\\\/\\\/diariotextual.com\\\/inicio\\\/wp-content\\\/uploads\\\/2023\\\/04\\\/ambulanciastodoterreno45732545.jpg\",\"width\":900,\"height\":600},{\"@type\":\"BreadcrumbList\",\"@id\":\"https:\\\/\\\/diariotextual.com\\\/inicio\\\/index.php\\\/2023\\\/04\\\/19\\\/duval-guatrache-y-la-humada-recibieron-ambulancias-todo-terreno\\\/#breadcrumb\",\"itemListElement\":[{\"@type\":\"ListItem\",\"position\":1,\"name\":\"Portada\",\"item\":\"https:\\\/\\\/diariotextual.com\\\/inicio\\\/\"},{\"@type\":\"ListItem\",\"position\":2,\"name\":\"Duval, Guatrach\u00e9 y La Humada recibieron ambulancias todo terreno\"}]},{\"@type\":\"WebSite\",\"@id\":\"https:\\\/\\\/diariotextual.com\\\/inicio\\\/#website\",\"url\":\"https:\\\/\\\/diariotextual.com\\\/inicio\\\/\",\"name\":\"Diario Textual\",\"description\":\"\",\"publisher\":{\"@id\":\"https:\\\/\\\/diariotextual.com\\\/inicio\\\/#organization\"},\"potentialAction\":[{\"@type\":\"SearchAction\",\"target\":{\"@type\":\"EntryPoint\",\"urlTemplate\":\"https:\\\/\\\/diariotextual.com\\\/inicio\\\/?s={search_term_string}\"},\"query-input\":{\"@type\":\"PropertyValueSpecification\",\"valueRequired\":true,\"valueName\":\"search_term_string\"}}],\"inLanguage\":\"es\"},{\"@type\":\"Organization\",\"@id\":\"https:\\\/\\\/diariotextual.com\\\/inicio\\\/#organization\",\"name\":\"Diario Textual\",\"url\":\"https:\\\/\\\/diariotextual.com\\\/inicio\\\/\",\"logo\":{\"@type\":\"ImageObject\",\"inLanguage\":\"es\",\"@id\":\"https:\\\/\\\/diariotextual.com\\\/inicio\\\/#\\\/schema\\\/logo\\\/image\\\/\",\"url\":\"https:\\\/\\\/diariotextual.com\\\/inicio\\\/wp-content\\\/uploads\\\/2023\\\/05\\\/logotextual1.jpg\",\"contentUrl\":\"https:\\\/\\\/diariotextual.com\\\/inicio\\\/wp-content\\\/uploads\\\/2023\\\/05\\\/logotextual1.jpg\",\"width\":516,\"height\":76,\"caption\":\"Diario Textual\"},\"image\":{\"@id\":\"https:\\\/\\\/diariotextual.com\\\/inicio\\\/#\\\/schema\\\/logo\\\/image\\\/\"},\"sameAs\":[\"https:\\\/\\\/www.facebook.com\\\/eltextual\",\"https:\\\/\\\/x.com\\\/eltextual\",\"http:\\\/\\\/www.instagram.com\\\/eltextual\"]},{\"@type\":\"Person\",\"@id\":\"https:\\\/\\\/diariotextual.com\\\/inicio\\\/#\\\/schema\\\/person\\\/694f60677f23c4a530867a98f22b3768\",\"name\":\"diario2\",\"image\":{\"@type\":\"ImageObject\",\"inLanguage\":\"es\",\"@id\":\"https:\\\/\\\/secure.gravatar.com\\\/avatar\\\/5a2567495ba16b852fcd8f1ed006a2e24fcace936018ed8237e95f488ad6e0a7?s=96&d=mm&r=g\",\"url\":\"https:\\\/\\\/secure.gravatar.com\\\/avatar\\\/5a2567495ba16b852fcd8f1ed006a2e24fcace936018ed8237e95f488ad6e0a7?s=96&d=mm&r=g\",\"contentUrl\":\"https:\\\/\\\/secure.gravatar.com\\\/avatar\\\/5a2567495ba16b852fcd8f1ed006a2e24fcace936018ed8237e95f488ad6e0a7?s=96&d=mm&r=g\",\"caption\":\"diario2\"},\"url\":\"https:\\\/\\\/diariotextual.com\\\/inicio\\\/index.php\\\/author\\\/diario2\\\/\"}]}<\/script>\n<!-- \/ Yoast SEO plugin. -->","yoast_head_json":{"title":"Duval, Guatrach\u00e9 y La Humada recibieron ambulancias todo terreno - Diario Textual","robots":{"index":"index","follow":"follow","max-snippet":"max-snippet:-1","max-image-preview":"max-image-preview:large","max-video-preview":"max-video-preview:-1"},"canonical":"https:\/\/diariotextual.com\/inicio\/index.php\/2023\/04\/19\/duval-guatrache-y-la-humada-recibieron-ambulancias-todo-terreno\/","og_locale":"es_ES","og_type":"article","og_title":"Duval, Guatrach\u00e9 y La Humada recibieron ambulancias todo terreno - Diario Textual","og_description":"Las localidades de Gobernador Duval, Guatrach\u00e9 y La Humada recibieron este martes ambulancias cero kil\u00f3metro, totalmente equipadas en el marco del fortalecimiento de estrategias sanitarias y como prioridad de garantizar&hellip;","og_url":"https:\/\/diariotextual.com\/inicio\/index.php\/2023\/04\/19\/duval-guatrache-y-la-humada-recibieron-ambulancias-todo-terreno\/","og_site_name":"Diario Textual","article_publisher":"https:\/\/www.facebook.com\/eltextual","article_published_time":"2023-04-19T09:58:51+00:00","article_modified_time":"2023-04-19T10:01:38+00:00","og_image":[{"width":900,"height":600,"url":"https:\/\/diariotextual.com\/inicio\/wp-content\/uploads\/2023\/04\/ambulanciastodoterreno45732545.jpg","type":"image\/jpeg"}],"author":"diario2","twitter_card":"summary_large_image","twitter_creator":"@eltextual","twitter_site":"@eltextual","twitter_misc":{"Escrito por":"diario2","Tiempo de lectura":"3 minutos"},"schema":{"@context":"https:\/\/schema.org","@graph":[{"@type":"Article","@id":"https:\/\/diariotextual.com\/inicio\/index.php\/2023\/04\/19\/duval-guatrache-y-la-humada-recibieron-ambulancias-todo-terreno\/#article","isPartOf":{"@id":"https:\/\/diariotextual.com\/inicio\/index.php\/2023\/04\/19\/duval-guatrache-y-la-humada-recibieron-ambulancias-todo-terreno\/"},"author":{"name":"diario2","@id":"https:\/\/diariotextual.com\/inicio\/#\/schema\/person\/694f60677f23c4a530867a98f22b3768"},"headline":"Duval, Guatrach\u00e9 y La Humada recibieron ambulancias todo terreno","datePublished":"2023-04-19T09:58:51+00:00","dateModified":"2023-04-19T10:01:38+00:00","mainEntityOfPage":{"@id":"https:\/\/diariotextual.com\/inicio\/index.php\/2023\/04\/19\/duval-guatrache-y-la-humada-recibieron-ambulancias-todo-terreno\/"},"wordCount":572,"publisher":{"@id":"https:\/\/diariotextual.com\/inicio\/#organization"},"image":{"@id":"https:\/\/diariotextual.com\/inicio\/index.php\/2023\/04\/19\/duval-guatrache-y-la-humada-recibieron-ambulancias-todo-terreno\/#primaryimage"},"thumbnailUrl":"https:\/\/diariotextual.com\/inicio\/wp-content\/uploads\/2023\/04\/ambulanciastodoterreno45732545.jpg","articleSection":["A - ES NOTICIA (van abajo)","SOCIEDAD"],"inLanguage":"es"},{"@type":"WebPage","@id":"https:\/\/diariotextual.com\/inicio\/index.php\/2023\/04\/19\/duval-guatrache-y-la-humada-recibieron-ambulancias-todo-terreno\/","url":"https:\/\/diariotextual.com\/inicio\/index.php\/2023\/04\/19\/duval-guatrache-y-la-humada-recibieron-ambulancias-todo-terreno\/","name":"Duval, Guatrach\u00e9 y La Humada recibieron ambulancias todo terreno - Diario Textual","isPartOf":{"@id":"https:\/\/diariotextual.com\/inicio\/#website"},"primaryImageOfPage":{"@id":"https:\/\/diariotextual.com\/inicio\/index.php\/2023\/04\/19\/duval-guatrache-y-la-humada-recibieron-ambulancias-todo-terreno\/#primaryimage"},"image":{"@id":"https:\/\/diariotextual.com\/inicio\/index.php\/2023\/04\/19\/duval-guatrache-y-la-humada-recibieron-ambulancias-todo-terreno\/#primaryimage"},"thumbnailUrl":"https:\/\/diariotextual.com\/inicio\/wp-content\/uploads\/2023\/04\/ambulanciastodoterreno45732545.jpg","datePublished":"2023-04-19T09:58:51+00:00","dateModified":"2023-04-19T10:01:38+00:00","breadcrumb":{"@id":"https:\/\/diariotextual.com\/inicio\/index.php\/2023\/04\/19\/duval-guatrache-y-la-humada-recibieron-ambulancias-todo-terreno\/#breadcrumb"},"inLanguage":"es","potentialAction":[{"@type":"ReadAction","target":["https:\/\/diariotextual.com\/inicio\/index.php\/2023\/04\/19\/duval-guatrache-y-la-humada-recibieron-ambulancias-todo-terreno\/"]}]},{"@type":"ImageObject","inLanguage":"es","@id":"https:\/\/diariotextual.com\/inicio\/index.php\/2023\/04\/19\/duval-guatrache-y-la-humada-recibieron-ambulancias-todo-terreno\/#primaryimage","url":"https:\/\/diariotextual.com\/inicio\/wp-content\/uploads\/2023\/04\/ambulanciastodoterreno45732545.jpg","contentUrl":"https:\/\/diariotextual.com\/inicio\/wp-content\/uploads\/2023\/04\/ambulanciastodoterreno45732545.jpg","width":900,"height":600},{"@type":"BreadcrumbList","@id":"https:\/\/diariotextual.com\/inicio\/index.php\/2023\/04\/19\/duval-guatrache-y-la-humada-recibieron-ambulancias-todo-terreno\/#breadcrumb","itemListElement":[{"@type":"ListItem","position":1,"name":"Portada","item":"https:\/\/diariotextual.com\/inicio\/"},{"@type":"ListItem","position":2,"name":"Duval, Guatrach\u00e9 y La Humada recibieron ambulancias todo terreno"}]},{"@type":"WebSite","@id":"https:\/\/diariotextual.com\/inicio\/#website","url":"https:\/\/diariotextual.com\/inicio\/","name":"Diario Textual","description":"","publisher":{"@id":"https:\/\/diariotextual.com\/inicio\/#organization"},"potentialAction":[{"@type":"SearchAction","target":{"@type":"EntryPoint","urlTemplate":"https:\/\/diariotextual.com\/inicio\/?s={search_term_string}"},"query-input":{"@type":"PropertyValueSpecification","valueRequired":true,"valueName":"search_term_string"}}],"inLanguage":"es"},{"@type":"Organization","@id":"https:\/\/diariotextual.com\/inicio\/#organization","name":"Diario Textual","url":"https:\/\/diariotextual.com\/inicio\/","logo":{"@type":"ImageObject","inLanguage":"es","@id":"https:\/\/diariotextual.com\/inicio\/#\/schema\/logo\/image\/","url":"https:\/\/diariotextual.com\/inicio\/wp-content\/uploads\/2023\/05\/logotextual1.jpg","contentUrl":"https:\/\/diariotextual.com\/inicio\/wp-content\/uploads\/2023\/05\/logotextual1.jpg","width":516,"height":76,"caption":"Diario Textual"},"image":{"@id":"https:\/\/diariotextual.com\/inicio\/#\/schema\/logo\/image\/"},"sameAs":["https:\/\/www.facebook.com\/eltextual","https:\/\/x.com\/eltextual","http:\/\/www.instagram.com\/eltextual"]},{"@type":"Person","@id":"https:\/\/diariotextual.com\/inicio\/#\/schema\/person\/694f60677f23c4a530867a98f22b3768","name":"diario2","image":{"@type":"ImageObject","inLanguage":"es","@id":"https:\/\/secure.gravatar.com\/avatar\/5a2567495ba16b852fcd8f1ed006a2e24fcace936018ed8237e95f488ad6e0a7?s=96&d=mm&r=g","url":"https:\/\/secure.gravatar.com\/avatar\/5a2567495ba16b852fcd8f1ed006a2e24fcace936018ed8237e95f488ad6e0a7?s=96&d=mm&r=g","contentUrl":"https:\/\/secure.gravatar.com\/avatar\/5a2567495ba16b852fcd8f1ed006a2e24fcace936018ed8237e95f488ad6e0a7?s=96&d=mm&r=g","caption":"diario2"},"url":"https:\/\/diariotextual.com\/inicio\/index.php\/author\/diario2\/"}]}},"_links":{"self":[{"href":"https:\/\/diariotextual.com\/inicio\/index.php\/wp-json\/wp\/v2\/posts\/222777","targetHints":{"allow":["GET"]}}],"collection":[{"href":"https:\/\/diariotextual.com\/inicio\/index.php\/wp-json\/wp\/v2\/posts"}],"about":[{"href":"https:\/\/diariotextual.com\/inicio\/index.php\/wp-json\/wp\/v2\/types\/post"}],"author":[{"embeddable":true,"href":"https:\/\/diariotextual.com\/inicio\/index.php\/wp-json\/wp\/v2\/users\/4"}],"replies":[{"embeddable":true,"href":"https:\/\/diariotextual.com\/inicio\/index.php\/wp-json\/wp\/v2\/comments?post=222777"}],"version-history":[{"count":2,"href":"https:\/\/diariotextual.com\/inicio\/index.php\/wp-json\/wp\/v2\/posts\/222777\/revisions"}],"predecessor-version":[{"id":222781,"href":"https:\/\/diariotextual.com\/inicio\/index.php\/wp-json\/wp\/v2\/posts\/222777\/revisions\/222781"}],"wp:featuredmedia":[{"embeddable":true,"href":"https:\/\/diariotextual.com\/inicio\/index.php\/wp-json\/wp\/v2\/media\/222778"}],"wp:attachment":[{"href":"https:\/\/diariotextual.com\/inicio\/index.php\/wp-json\/wp\/v2\/media?parent=222777"}],"wp:term":[{"taxonomy":"category","embeddable":true,"href":"https:\/\/diariotextual.com\/inicio\/index.php\/wp-json\/wp\/v2\/categories?post=222777"},{"taxonomy":"post_tag","embeddable":true,"href":"https:\/\/diariotextual.com\/inicio\/index.php\/wp-json\/wp\/v2\/tags?post=222777"}],"curies":[{"name":"wp","href":"https:\/\/api.w.org\/{rel}","templated":true}]}}