{"id":222782,"date":"2023-04-19T07:18:53","date_gmt":"2023-04-19T10:18:53","guid":{"rendered":"https:\/\/diariotextual.com\/inicio\/?p=222782"},"modified":"2023-04-19T19:32:17","modified_gmt":"2023-04-19T22:32:17","slug":"las-funciones-de-este-miercoles-en-la-fiesta-del-teatro","status":"publish","type":"post","link":"https:\/\/diariotextual.com\/inicio\/index.php\/2023\/04\/19\/las-funciones-de-este-miercoles-en-la-fiesta-del-teatro\/","title":{"rendered":"Las funciones de este mi\u00e9rcoles en la Fiesta del Teatro"},"content":{"rendered":"\n<p>Las siguientes son las obras de este mi\u00e9rcoles en el marco de la <strong>41\u00b0 Fiesta Provincial del Teatro<\/strong>, que se desarrolla hasta el viernes 21 de abril en Santa Rosa.<\/p>\n\n\n\n<p>Las entradas se dar\u00e1n al momento de cada funci\u00f3n por orden de llegada a cada sala. Se recomienda consultar en&nbsp;<a href=\"https:\/\/www.facebook.com\/lapampa.inteatro\" target=\"_blank\" rel=\"noreferrer noopener\">https:\/\/www.facebook.com\/lapampa.inteatro<\/a>&nbsp;para acceder a la informaci\u00f3n actualizada.<\/p>\n\n\n\n<div style=\"height:100px\" aria-hidden=\"true\" class=\"wp-block-spacer\"><\/div>\n\n\n\n<p><strong>Talle \u00danico \u2013 15:00hs<\/strong>,<strong> Teatro Espa\u00f1ol<\/strong><\/p>\n\n\n\n<p>Narra las vivencias de una mujer con cuerpo gordo. Desde la intimidad de su casa enfrenta las miradas clasificatorias con las que convive a diario. \u00bfQu\u00e9 est\u00e1 dispuesto a hacer un cuerpo para pertenecer? \u00bfDe qui\u00e9n es realmente mi cuerpo? Un unipersonal que invita a reflexionar sobre la vida de un cuerpo \u201cfuera de la norma\u201d.<\/p>\n\n\n\n<p>G\u00e9nero: Unipersonal<\/p>\n\n\n\n<p>Duraci\u00f3n: 45 minutos<\/p>\n\n\n\n<div style=\"height:100px\" aria-hidden=\"true\" class=\"wp-block-spacer\"><\/div>\n\n\n\n<p><strong>Quema, Quema \u2013 15:00hs<\/strong>, <strong>Unidad Penitenciaria 13<\/strong><\/p>\n\n\n\n<p>El relato personal, en primera persona, se va entramando con el relato de situaciones de otros y otras, en tercera persona. Construido a partir de las experiencias, recuerdos y sucesos vividos por el actor dramaturgo y los integrantes de una comunidad peque\u00f1a, com\u00fan a todos.<\/p>\n\n\n\n<p>G\u00e9nero: Comedia<\/p>\n\n\n\n<p>Duraci\u00f3n: 20 minutos<\/p>\n\n\n\n<p>Audiencia: Solo reclusos<\/p>\n\n\n\n<div style=\"height:100px\" aria-hidden=\"true\" class=\"wp-block-spacer\"><\/div>\n\n\n\n<p><strong>Me gust\u00f3 verte \u2013 18:00hs<\/strong>, <strong>Teatro ATTP<\/strong><\/p>\n\n\n\n<p>Una mujer est\u00e1 sola en su casa. Acaba de despedir a una visita inesperada. A partir de ese momento el pasado y el presente se entraman para reconstruir un futuro posible. Representaciones, mandatos, estereotipos, roles, expectativas y decisiones en el \u00e1mbito familiar; maternidades, v\u00ednculos familiares e identidades de g\u00e9nero se despliegan en la escena.<\/p>\n\n\n\n<p>G\u00e9nero: Drama<\/p>\n\n\n\n<p>Duraci\u00f3n: 36 minutos<\/p>\n\n\n\n<div style=\"height:100px\" aria-hidden=\"true\" class=\"wp-block-spacer\"><\/div>\n\n\n\n<p><strong>Infamia \u2013 20:00hs<\/strong>, <strong>Teatro TKQ<\/strong><\/p>\n\n\n\n<p>Pasha, una corista, est\u00e1 con Nicolai, su amante, en su departamento, cuando recibe una visita particular: la mujer de Nicolai ha venido a pedirle compasi\u00f3n por ella y sus hijos. Tambi\u00e9n le cuenta sobre un delito cometido por Nicolai y acusa a Pasha por tal desfalco. La obra presenta el v\u00ednculo entre ambas mujeres y al final, como en tantas obras de Chejov, se muestra la vulnerabilidad de los m\u00e1s d\u00e9biles.<\/p>\n\n\n\n<p>G\u00e9nero: Drama<\/p>\n\n\n\n<p>Duraci\u00f3n: 35 minutos<\/p>\n\n\n\n<div style=\"height:100px\" aria-hidden=\"true\" class=\"wp-block-spacer\"><\/div>\n\n\n\n<p><strong>Una noche con Sandro \u2013 21:30hs<\/strong>, <strong>Teatro Espa\u00f1ol<\/strong><\/p>\n\n\n\n<p>Rosa es una fan\u00e1tica, \u201cuna nena\u201d de Sandro, y ha tenido un sue\u00f1o toda su vida: pasar una noche con su \u00eddolo. Ella va a buscar por todos los medios que su sue\u00f1o se haga realidad .Es cuando aparece en su vida Roberto y Tony, que van a tratar de cumplirle el sue\u00f1o.<\/p>\n\n\n\n<p>G\u00e9nero: Comedia<\/p>\n\n\n\n<p>Duraci\u00f3n: 50 minutos<\/p>\n\n\n\n<figure class=\"wp-block-image size-full\"><img fetchpriority=\"high\" decoding=\"async\" width=\"900\" height=\"601\" src=\"https:\/\/diariotextual.com\/inicio\/wp-content\/uploads\/2023\/04\/teatrofiestaprovincialtkq56.jpg\" alt=\"\" class=\"wp-image-222786\" srcset=\"https:\/\/diariotextual.com\/inicio\/wp-content\/uploads\/2023\/04\/teatrofiestaprovincialtkq56.jpg 900w, https:\/\/diariotextual.com\/inicio\/wp-content\/uploads\/2023\/04\/teatrofiestaprovincialtkq56-300x200.jpg 300w, https:\/\/diariotextual.com\/inicio\/wp-content\/uploads\/2023\/04\/teatrofiestaprovincialtkq56-768x513.jpg 768w, https:\/\/diariotextual.com\/inicio\/wp-content\/uploads\/2023\/04\/teatrofiestaprovincialtkq56-585x391.jpg 585w, https:\/\/diariotextual.com\/inicio\/wp-content\/uploads\/2023\/04\/teatrofiestaprovincialtkq56-263x175.jpg 263w\" sizes=\"(max-width: 900px) 100vw, 900px\" \/><\/figure>\n","protected":false},"excerpt":{"rendered":"<p>Las siguientes son las obras de este mi\u00e9rcoles en el marco de la 41\u00b0 Fiesta Provincial del Teatro, que se desarrolla hasta el viernes 21 de abril en Santa Rosa.&hellip;<\/p>\n","protected":false},"author":4,"featured_media":222784,"comment_status":"closed","ping_status":"open","sticky":false,"template":"","format":"standard","meta":{"_acf_changed":false,"footnotes":""},"categories":[1,2],"tags":[],"class_list":["post-222782","post","type-post","status-publish","format-standard","has-post-thumbnail","hentry","category-es-noticia","category-cultura"],"acf":[],"yoast_head":"<!-- This site is optimized with the Yoast SEO plugin v27.5 - https:\/\/yoast.com\/product\/yoast-seo-wordpress\/ -->\n<title>Las funciones de este mi\u00e9rcoles en la Fiesta del Teatro - Diario Textual<\/title>\n<meta name=\"robots\" content=\"index, follow, max-snippet:-1, max-image-preview:large, max-video-preview:-1\" \/>\n<link rel=\"canonical\" href=\"https:\/\/diariotextual.com\/inicio\/index.php\/2023\/04\/19\/las-funciones-de-este-miercoles-en-la-fiesta-del-teatro\/\" \/>\n<meta property=\"og:locale\" content=\"es_ES\" \/>\n<meta property=\"og:type\" content=\"article\" \/>\n<meta property=\"og:title\" content=\"Las funciones de este mi\u00e9rcoles en la Fiesta del Teatro - Diario Textual\" \/>\n<meta property=\"og:description\" content=\"Las siguientes son las obras de este mi\u00e9rcoles en el marco de la 41\u00b0 Fiesta Provincial del Teatro, que se desarrolla hasta el viernes 21 de abril en Santa Rosa.&hellip;\" \/>\n<meta property=\"og:url\" content=\"https:\/\/diariotextual.com\/inicio\/index.php\/2023\/04\/19\/las-funciones-de-este-miercoles-en-la-fiesta-del-teatro\/\" \/>\n<meta property=\"og:site_name\" content=\"Diario Textual\" \/>\n<meta property=\"article:publisher\" content=\"https:\/\/www.facebook.com\/eltextual\" \/>\n<meta property=\"article:published_time\" content=\"2023-04-19T10:18:53+00:00\" \/>\n<meta property=\"article:modified_time\" content=\"2023-04-19T22:32:17+00:00\" \/>\n<meta property=\"og:image\" content=\"https:\/\/diariotextual.com\/inicio\/wp-content\/uploads\/2023\/04\/talleunicoteatro46t32545.jpg\" \/>\n\t<meta property=\"og:image:width\" content=\"1000\" \/>\n\t<meta property=\"og:image:height\" content=\"667\" \/>\n\t<meta property=\"og:image:type\" content=\"image\/jpeg\" \/>\n<meta name=\"author\" content=\"diario2\" \/>\n<meta name=\"twitter:card\" content=\"summary_large_image\" \/>\n<meta name=\"twitter:creator\" content=\"@eltextual\" \/>\n<meta name=\"twitter:site\" content=\"@eltextual\" \/>\n<meta name=\"twitter:label1\" content=\"Escrito por\" \/>\n\t<meta name=\"twitter:data1\" content=\"diario2\" \/>\n\t<meta name=\"twitter:label2\" content=\"Tiempo de lectura\" \/>\n\t<meta name=\"twitter:data2\" content=\"2 minutos\" \/>\n<script type=\"application\/ld+json\" class=\"yoast-schema-graph\">{\"@context\":\"https:\\\/\\\/schema.org\",\"@graph\":[{\"@type\":\"Article\",\"@id\":\"https:\\\/\\\/diariotextual.com\\\/inicio\\\/index.php\\\/2023\\\/04\\\/19\\\/las-funciones-de-este-miercoles-en-la-fiesta-del-teatro\\\/#article\",\"isPartOf\":{\"@id\":\"https:\\\/\\\/diariotextual.com\\\/inicio\\\/index.php\\\/2023\\\/04\\\/19\\\/las-funciones-de-este-miercoles-en-la-fiesta-del-teatro\\\/\"},\"author\":{\"name\":\"diario2\",\"@id\":\"https:\\\/\\\/diariotextual.com\\\/inicio\\\/#\\\/schema\\\/person\\\/694f60677f23c4a530867a98f22b3768\"},\"headline\":\"Las funciones de este mi\u00e9rcoles en la Fiesta del Teatro\",\"datePublished\":\"2023-04-19T10:18:53+00:00\",\"dateModified\":\"2023-04-19T22:32:17+00:00\",\"mainEntityOfPage\":{\"@id\":\"https:\\\/\\\/diariotextual.com\\\/inicio\\\/index.php\\\/2023\\\/04\\\/19\\\/las-funciones-de-este-miercoles-en-la-fiesta-del-teatro\\\/\"},\"wordCount\":432,\"publisher\":{\"@id\":\"https:\\\/\\\/diariotextual.com\\\/inicio\\\/#organization\"},\"image\":{\"@id\":\"https:\\\/\\\/diariotextual.com\\\/inicio\\\/index.php\\\/2023\\\/04\\\/19\\\/las-funciones-de-este-miercoles-en-la-fiesta-del-teatro\\\/#primaryimage\"},\"thumbnailUrl\":\"https:\\\/\\\/diariotextual.com\\\/inicio\\\/wp-content\\\/uploads\\\/2023\\\/04\\\/talleunicoteatro46t32545.jpg\",\"articleSection\":[\"A - ES NOTICIA (van abajo)\",\"CULTURA\"],\"inLanguage\":\"es\"},{\"@type\":\"WebPage\",\"@id\":\"https:\\\/\\\/diariotextual.com\\\/inicio\\\/index.php\\\/2023\\\/04\\\/19\\\/las-funciones-de-este-miercoles-en-la-fiesta-del-teatro\\\/\",\"url\":\"https:\\\/\\\/diariotextual.com\\\/inicio\\\/index.php\\\/2023\\\/04\\\/19\\\/las-funciones-de-este-miercoles-en-la-fiesta-del-teatro\\\/\",\"name\":\"Las funciones de este mi\u00e9rcoles en la Fiesta del Teatro - Diario Textual\",\"isPartOf\":{\"@id\":\"https:\\\/\\\/diariotextual.com\\\/inicio\\\/#website\"},\"primaryImageOfPage\":{\"@id\":\"https:\\\/\\\/diariotextual.com\\\/inicio\\\/index.php\\\/2023\\\/04\\\/19\\\/las-funciones-de-este-miercoles-en-la-fiesta-del-teatro\\\/#primaryimage\"},\"image\":{\"@id\":\"https:\\\/\\\/diariotextual.com\\\/inicio\\\/index.php\\\/2023\\\/04\\\/19\\\/las-funciones-de-este-miercoles-en-la-fiesta-del-teatro\\\/#primaryimage\"},\"thumbnailUrl\":\"https:\\\/\\\/diariotextual.com\\\/inicio\\\/wp-content\\\/uploads\\\/2023\\\/04\\\/talleunicoteatro46t32545.jpg\",\"datePublished\":\"2023-04-19T10:18:53+00:00\",\"dateModified\":\"2023-04-19T22:32:17+00:00\",\"breadcrumb\":{\"@id\":\"https:\\\/\\\/diariotextual.com\\\/inicio\\\/index.php\\\/2023\\\/04\\\/19\\\/las-funciones-de-este-miercoles-en-la-fiesta-del-teatro\\\/#breadcrumb\"},\"inLanguage\":\"es\",\"potentialAction\":[{\"@type\":\"ReadAction\",\"target\":[\"https:\\\/\\\/diariotextual.com\\\/inicio\\\/index.php\\\/2023\\\/04\\\/19\\\/las-funciones-de-este-miercoles-en-la-fiesta-del-teatro\\\/\"]}]},{\"@type\":\"ImageObject\",\"inLanguage\":\"es\",\"@id\":\"https:\\\/\\\/diariotextual.com\\\/inicio\\\/index.php\\\/2023\\\/04\\\/19\\\/las-funciones-de-este-miercoles-en-la-fiesta-del-teatro\\\/#primaryimage\",\"url\":\"https:\\\/\\\/diariotextual.com\\\/inicio\\\/wp-content\\\/uploads\\\/2023\\\/04\\\/talleunicoteatro46t32545.jpg\",\"contentUrl\":\"https:\\\/\\\/diariotextual.com\\\/inicio\\\/wp-content\\\/uploads\\\/2023\\\/04\\\/talleunicoteatro46t32545.jpg\",\"width\":1000,\"height\":667},{\"@type\":\"BreadcrumbList\",\"@id\":\"https:\\\/\\\/diariotextual.com\\\/inicio\\\/index.php\\\/2023\\\/04\\\/19\\\/las-funciones-de-este-miercoles-en-la-fiesta-del-teatro\\\/#breadcrumb\",\"itemListElement\":[{\"@type\":\"ListItem\",\"position\":1,\"name\":\"Portada\",\"item\":\"https:\\\/\\\/diariotextual.com\\\/inicio\\\/\"},{\"@type\":\"ListItem\",\"position\":2,\"name\":\"Las funciones de este mi\u00e9rcoles en la Fiesta del Teatro\"}]},{\"@type\":\"WebSite\",\"@id\":\"https:\\\/\\\/diariotextual.com\\\/inicio\\\/#website\",\"url\":\"https:\\\/\\\/diariotextual.com\\\/inicio\\\/\",\"name\":\"Diario Textual\",\"description\":\"\",\"publisher\":{\"@id\":\"https:\\\/\\\/diariotextual.com\\\/inicio\\\/#organization\"},\"potentialAction\":[{\"@type\":\"SearchAction\",\"target\":{\"@type\":\"EntryPoint\",\"urlTemplate\":\"https:\\\/\\\/diariotextual.com\\\/inicio\\\/?s={search_term_string}\"},\"query-input\":{\"@type\":\"PropertyValueSpecification\",\"valueRequired\":true,\"valueName\":\"search_term_string\"}}],\"inLanguage\":\"es\"},{\"@type\":\"Organization\",\"@id\":\"https:\\\/\\\/diariotextual.com\\\/inicio\\\/#organization\",\"name\":\"Diario Textual\",\"url\":\"https:\\\/\\\/diariotextual.com\\\/inicio\\\/\",\"logo\":{\"@type\":\"ImageObject\",\"inLanguage\":\"es\",\"@id\":\"https:\\\/\\\/diariotextual.com\\\/inicio\\\/#\\\/schema\\\/logo\\\/image\\\/\",\"url\":\"https:\\\/\\\/diariotextual.com\\\/inicio\\\/wp-content\\\/uploads\\\/2023\\\/05\\\/logotextual1.jpg\",\"contentUrl\":\"https:\\\/\\\/diariotextual.com\\\/inicio\\\/wp-content\\\/uploads\\\/2023\\\/05\\\/logotextual1.jpg\",\"width\":516,\"height\":76,\"caption\":\"Diario Textual\"},\"image\":{\"@id\":\"https:\\\/\\\/diariotextual.com\\\/inicio\\\/#\\\/schema\\\/logo\\\/image\\\/\"},\"sameAs\":[\"https:\\\/\\\/www.facebook.com\\\/eltextual\",\"https:\\\/\\\/x.com\\\/eltextual\",\"http:\\\/\\\/www.instagram.com\\\/eltextual\"]},{\"@type\":\"Person\",\"@id\":\"https:\\\/\\\/diariotextual.com\\\/inicio\\\/#\\\/schema\\\/person\\\/694f60677f23c4a530867a98f22b3768\",\"name\":\"diario2\",\"image\":{\"@type\":\"ImageObject\",\"inLanguage\":\"es\",\"@id\":\"https:\\\/\\\/secure.gravatar.com\\\/avatar\\\/5a2567495ba16b852fcd8f1ed006a2e24fcace936018ed8237e95f488ad6e0a7?s=96&d=mm&r=g\",\"url\":\"https:\\\/\\\/secure.gravatar.com\\\/avatar\\\/5a2567495ba16b852fcd8f1ed006a2e24fcace936018ed8237e95f488ad6e0a7?s=96&d=mm&r=g\",\"contentUrl\":\"https:\\\/\\\/secure.gravatar.com\\\/avatar\\\/5a2567495ba16b852fcd8f1ed006a2e24fcace936018ed8237e95f488ad6e0a7?s=96&d=mm&r=g\",\"caption\":\"diario2\"},\"url\":\"https:\\\/\\\/diariotextual.com\\\/inicio\\\/index.php\\\/author\\\/diario2\\\/\"}]}<\/script>\n<!-- \/ Yoast SEO plugin. -->","yoast_head_json":{"title":"Las funciones de este mi\u00e9rcoles en la Fiesta del Teatro - Diario Textual","robots":{"index":"index","follow":"follow","max-snippet":"max-snippet:-1","max-image-preview":"max-image-preview:large","max-video-preview":"max-video-preview:-1"},"canonical":"https:\/\/diariotextual.com\/inicio\/index.php\/2023\/04\/19\/las-funciones-de-este-miercoles-en-la-fiesta-del-teatro\/","og_locale":"es_ES","og_type":"article","og_title":"Las funciones de este mi\u00e9rcoles en la Fiesta del Teatro - Diario Textual","og_description":"Las siguientes son las obras de este mi\u00e9rcoles en el marco de la 41\u00b0 Fiesta Provincial del Teatro, que se desarrolla hasta el viernes 21 de abril en Santa Rosa.&hellip;","og_url":"https:\/\/diariotextual.com\/inicio\/index.php\/2023\/04\/19\/las-funciones-de-este-miercoles-en-la-fiesta-del-teatro\/","og_site_name":"Diario Textual","article_publisher":"https:\/\/www.facebook.com\/eltextual","article_published_time":"2023-04-19T10:18:53+00:00","article_modified_time":"2023-04-19T22:32:17+00:00","og_image":[{"width":1000,"height":667,"url":"https:\/\/diariotextual.com\/inicio\/wp-content\/uploads\/2023\/04\/talleunicoteatro46t32545.jpg","type":"image\/jpeg"}],"author":"diario2","twitter_card":"summary_large_image","twitter_creator":"@eltextual","twitter_site":"@eltextual","twitter_misc":{"Escrito por":"diario2","Tiempo de lectura":"2 minutos"},"schema":{"@context":"https:\/\/schema.org","@graph":[{"@type":"Article","@id":"https:\/\/diariotextual.com\/inicio\/index.php\/2023\/04\/19\/las-funciones-de-este-miercoles-en-la-fiesta-del-teatro\/#article","isPartOf":{"@id":"https:\/\/diariotextual.com\/inicio\/index.php\/2023\/04\/19\/las-funciones-de-este-miercoles-en-la-fiesta-del-teatro\/"},"author":{"name":"diario2","@id":"https:\/\/diariotextual.com\/inicio\/#\/schema\/person\/694f60677f23c4a530867a98f22b3768"},"headline":"Las funciones de este mi\u00e9rcoles en la Fiesta del Teatro","datePublished":"2023-04-19T10:18:53+00:00","dateModified":"2023-04-19T22:32:17+00:00","mainEntityOfPage":{"@id":"https:\/\/diariotextual.com\/inicio\/index.php\/2023\/04\/19\/las-funciones-de-este-miercoles-en-la-fiesta-del-teatro\/"},"wordCount":432,"publisher":{"@id":"https:\/\/diariotextual.com\/inicio\/#organization"},"image":{"@id":"https:\/\/diariotextual.com\/inicio\/index.php\/2023\/04\/19\/las-funciones-de-este-miercoles-en-la-fiesta-del-teatro\/#primaryimage"},"thumbnailUrl":"https:\/\/diariotextual.com\/inicio\/wp-content\/uploads\/2023\/04\/talleunicoteatro46t32545.jpg","articleSection":["A - ES NOTICIA (van abajo)","CULTURA"],"inLanguage":"es"},{"@type":"WebPage","@id":"https:\/\/diariotextual.com\/inicio\/index.php\/2023\/04\/19\/las-funciones-de-este-miercoles-en-la-fiesta-del-teatro\/","url":"https:\/\/diariotextual.com\/inicio\/index.php\/2023\/04\/19\/las-funciones-de-este-miercoles-en-la-fiesta-del-teatro\/","name":"Las funciones de este mi\u00e9rcoles en la Fiesta del Teatro - Diario Textual","isPartOf":{"@id":"https:\/\/diariotextual.com\/inicio\/#website"},"primaryImageOfPage":{"@id":"https:\/\/diariotextual.com\/inicio\/index.php\/2023\/04\/19\/las-funciones-de-este-miercoles-en-la-fiesta-del-teatro\/#primaryimage"},"image":{"@id":"https:\/\/diariotextual.com\/inicio\/index.php\/2023\/04\/19\/las-funciones-de-este-miercoles-en-la-fiesta-del-teatro\/#primaryimage"},"thumbnailUrl":"https:\/\/diariotextual.com\/inicio\/wp-content\/uploads\/2023\/04\/talleunicoteatro46t32545.jpg","datePublished":"2023-04-19T10:18:53+00:00","dateModified":"2023-04-19T22:32:17+00:00","breadcrumb":{"@id":"https:\/\/diariotextual.com\/inicio\/index.php\/2023\/04\/19\/las-funciones-de-este-miercoles-en-la-fiesta-del-teatro\/#breadcrumb"},"inLanguage":"es","potentialAction":[{"@type":"ReadAction","target":["https:\/\/diariotextual.com\/inicio\/index.php\/2023\/04\/19\/las-funciones-de-este-miercoles-en-la-fiesta-del-teatro\/"]}]},{"@type":"ImageObject","inLanguage":"es","@id":"https:\/\/diariotextual.com\/inicio\/index.php\/2023\/04\/19\/las-funciones-de-este-miercoles-en-la-fiesta-del-teatro\/#primaryimage","url":"https:\/\/diariotextual.com\/inicio\/wp-content\/uploads\/2023\/04\/talleunicoteatro46t32545.jpg","contentUrl":"https:\/\/diariotextual.com\/inicio\/wp-content\/uploads\/2023\/04\/talleunicoteatro46t32545.jpg","width":1000,"height":667},{"@type":"BreadcrumbList","@id":"https:\/\/diariotextual.com\/inicio\/index.php\/2023\/04\/19\/las-funciones-de-este-miercoles-en-la-fiesta-del-teatro\/#breadcrumb","itemListElement":[{"@type":"ListItem","position":1,"name":"Portada","item":"https:\/\/diariotextual.com\/inicio\/"},{"@type":"ListItem","position":2,"name":"Las funciones de este mi\u00e9rcoles en la Fiesta del Teatro"}]},{"@type":"WebSite","@id":"https:\/\/diariotextual.com\/inicio\/#website","url":"https:\/\/diariotextual.com\/inicio\/","name":"Diario Textual","description":"","publisher":{"@id":"https:\/\/diariotextual.com\/inicio\/#organization"},"potentialAction":[{"@type":"SearchAction","target":{"@type":"EntryPoint","urlTemplate":"https:\/\/diariotextual.com\/inicio\/?s={search_term_string}"},"query-input":{"@type":"PropertyValueSpecification","valueRequired":true,"valueName":"search_term_string"}}],"inLanguage":"es"},{"@type":"Organization","@id":"https:\/\/diariotextual.com\/inicio\/#organization","name":"Diario Textual","url":"https:\/\/diariotextual.com\/inicio\/","logo":{"@type":"ImageObject","inLanguage":"es","@id":"https:\/\/diariotextual.com\/inicio\/#\/schema\/logo\/image\/","url":"https:\/\/diariotextual.com\/inicio\/wp-content\/uploads\/2023\/05\/logotextual1.jpg","contentUrl":"https:\/\/diariotextual.com\/inicio\/wp-content\/uploads\/2023\/05\/logotextual1.jpg","width":516,"height":76,"caption":"Diario Textual"},"image":{"@id":"https:\/\/diariotextual.com\/inicio\/#\/schema\/logo\/image\/"},"sameAs":["https:\/\/www.facebook.com\/eltextual","https:\/\/x.com\/eltextual","http:\/\/www.instagram.com\/eltextual"]},{"@type":"Person","@id":"https:\/\/diariotextual.com\/inicio\/#\/schema\/person\/694f60677f23c4a530867a98f22b3768","name":"diario2","image":{"@type":"ImageObject","inLanguage":"es","@id":"https:\/\/secure.gravatar.com\/avatar\/5a2567495ba16b852fcd8f1ed006a2e24fcace936018ed8237e95f488ad6e0a7?s=96&d=mm&r=g","url":"https:\/\/secure.gravatar.com\/avatar\/5a2567495ba16b852fcd8f1ed006a2e24fcace936018ed8237e95f488ad6e0a7?s=96&d=mm&r=g","contentUrl":"https:\/\/secure.gravatar.com\/avatar\/5a2567495ba16b852fcd8f1ed006a2e24fcace936018ed8237e95f488ad6e0a7?s=96&d=mm&r=g","caption":"diario2"},"url":"https:\/\/diariotextual.com\/inicio\/index.php\/author\/diario2\/"}]}},"_links":{"self":[{"href":"https:\/\/diariotextual.com\/inicio\/index.php\/wp-json\/wp\/v2\/posts\/222782","targetHints":{"allow":["GET"]}}],"collection":[{"href":"https:\/\/diariotextual.com\/inicio\/index.php\/wp-json\/wp\/v2\/posts"}],"about":[{"href":"https:\/\/diariotextual.com\/inicio\/index.php\/wp-json\/wp\/v2\/types\/post"}],"author":[{"embeddable":true,"href":"https:\/\/diariotextual.com\/inicio\/index.php\/wp-json\/wp\/v2\/users\/4"}],"replies":[{"embeddable":true,"href":"https:\/\/diariotextual.com\/inicio\/index.php\/wp-json\/wp\/v2\/comments?post=222782"}],"version-history":[{"count":4,"href":"https:\/\/diariotextual.com\/inicio\/index.php\/wp-json\/wp\/v2\/posts\/222782\/revisions"}],"predecessor-version":[{"id":222791,"href":"https:\/\/diariotextual.com\/inicio\/index.php\/wp-json\/wp\/v2\/posts\/222782\/revisions\/222791"}],"wp:featuredmedia":[{"embeddable":true,"href":"https:\/\/diariotextual.com\/inicio\/index.php\/wp-json\/wp\/v2\/media\/222784"}],"wp:attachment":[{"href":"https:\/\/diariotextual.com\/inicio\/index.php\/wp-json\/wp\/v2\/media?parent=222782"}],"wp:term":[{"taxonomy":"category","embeddable":true,"href":"https:\/\/diariotextual.com\/inicio\/index.php\/wp-json\/wp\/v2\/categories?post=222782"},{"taxonomy":"post_tag","embeddable":true,"href":"https:\/\/diariotextual.com\/inicio\/index.php\/wp-json\/wp\/v2\/tags?post=222782"}],"curies":[{"name":"wp","href":"https:\/\/api.w.org\/{rel}","templated":true}]}}