{"id":222823,"date":"2023-04-19T12:51:02","date_gmt":"2023-04-19T15:51:02","guid":{"rendered":"https:\/\/diariotextual.com\/inicio\/?p=222823"},"modified":"2023-04-19T17:52:19","modified_gmt":"2023-04-19T20:52:19","slug":"advertencia-a-estudiantes-usen-las-redes-sociales-en-forma-responsable","status":"publish","type":"post","link":"https:\/\/diariotextual.com\/inicio\/index.php\/2023\/04\/19\/advertencia-a-estudiantes-usen-las-redes-sociales-en-forma-responsable\/","title":{"rendered":"Advertencia a estudiantes: \u201cUsen las redes sociales en forma responsable\u201d"},"content":{"rendered":"\n<p>Tres funcionarios judiciales<strong> advirtieron sobre \u201cel uso responsable de las redes sociales\u201d y las consecuencias \u201cde las huellas digitales\u201d<\/strong> que quedan en ellas cuando se suben fotos y videos, durante una charla que brindaron en el Instituto<strong> Jos\u00e9 Hern\u00e1ndez de Colonia Bar\u00f3n <\/strong>para los alumnos y alumnas de primero, segundo y tercer a\u00f1o.<\/p>\n\n\n\n<p>La jueza de control,<strong> Mar\u00eda Florencia Maza; la defensora oficial, Mar\u00eda Silvina Blanco G\u00f3mez; y el fiscal Facundo Emanuel Bon Dergham<\/strong>, se trasladaron hacia esa localidad en el marco del programa del Superior Tribunal de Justicia, \u201cEducaci\u00f3n + Justicia\u201d.<\/p>\n\n\n\n<p>Ellos <strong>hablaron ante unos 70 estudiantes sobre varios temas<\/strong>, pero fundamentalmente hicieron hincapi\u00e9 en la necesidad de utilizar las redes sociales con responsabilidad. \u201c<strong>Nadie les dice que no se manejen con las redes, simplemente que sepan que cuando suben una publicaci\u00f3n est\u00e1n d\u00e1ndole mucha informaci\u00f3n a personas que no conocen\u201d, <\/strong>remarcaron los funcionarios.<\/p>\n\n\n\n<p>Durante la actividad, que se extendi\u00f3 por poco m\u00e1s de una hora, los alumnos formularon preguntas y una de ellas <strong>coment\u00f3 la iniciativa que tuvieron de abrir una cuenta en Instagram para contar los hechos positivos que suceden en Colonia Bar\u00f3n.<\/strong><\/p>\n\n\n\n<p>Con la apoyatura de un video, donde <strong>se mostr\u00f3 c\u00f3mo una adolescente fue hackeada cuando le envi\u00f3 una foto a su novio<\/strong>, y posteriormente chantajeada por un hombre con envi\u00e1rsela a sus amigos y a sus padres; Maza, Blanco G\u00f3mez y Bon Dergham enfatizaron que \u201cuna vez que una imagen es subida, ese material ya no nos pertenece y queda ah\u00ed para siempre\u201d. A su vez, la defensora afirm\u00f3 que \u201clos groomers no son solo hombres de aspecto feo como el del video, sino que tambi\u00e9n suelen ser mujeres\u201d.<\/p>\n\n\n\n<p>M\u00e1s adelante, los funcionarios \u2013siempre refiri\u00e9ndose a los<strong> ciberdelitos<\/strong>\u2013 exhibieron otro video referido al caso de Micaela Ortega, la ni\u00f1a de 12 a\u00f1os que en mayo de 2016 fue hallada muerta en un descampado de Bah\u00eda Blanca.<\/p>\n\n\n\n<p>En el juicio al homicida Jonathan Luna \u2013que en ese momento gozaba del beneficio de las salidas transitorias ya que hab\u00eda sido condenado en otra causa\u2013 se dict\u00f3 la primera sentencia en el pa\u00eds por un caso de grooming seguido de muerte. Por ello fue que Blanco G\u00f3mez pidi\u00f3 al alumnado \u201cno contactarse con personas desconocidas\u201d a trav\u00e9s de las redes sociales o, en todo caso, chequear qui\u00e9nes son ellas.<\/p>\n\n\n\n<p>A su vez, Maza trajo a colaci\u00f3n un fallo de la Corte Suprema de la Naci\u00f3n del a\u00f1o pasado por el que se le neg\u00f3 a Natalia Denegri el llamado \u201cderecho al olvido\u201d; una causa relacionada con el control del funcionamiento de la Inteligencia Artificial (IA) que rige los motores de b\u00fasqueda en internet.<\/p>\n\n\n\n<p>Denegri, involucrada en la d\u00e9cada del \u201990 en el caso C\u00f3ppola, hab\u00eda solicitado que Google suprimiera la informaci\u00f3n que asociaba a ella con el caso por considerarla perjudicial, antigua, irrelevante e innecesaria. Sin embargo, la Corte privilegi\u00f3 el derecho a la libertad de expresi\u00f3n y dijo que la mujer se expuso voluntariamente en programas de televisi\u00f3n y que la eliminaci\u00f3n del material pondr\u00eda \u201cen serio riesgo la historia, como tambi\u00e9n el ejercicio de la memoria social que se nutre de los diferentes hechos de la cultura\u201d.<\/p>\n\n\n\n<p>La jueza remarc\u00f3 que \u201cDenegri es una mujer que se fue del pa\u00eds y arm\u00f3 una vida absolutamente a la que ten\u00eda cuando era joven, pero sin embargo cada vez que se pone su nombre en un buscador, lo primero que aparece es el caso C\u00f3ppola. Por eso le decimos que usen las redes de manera responsable, porque lo que publiquen hoy quedar\u00e1 siempre, para cuando ustedes tengan 50 a\u00f1os\u201d.<\/p>\n\n\n\n<p>\u2018Educaci\u00f3n + Justicia\u2019 es una propuesta del STJ que tiene como objetivo principal promover un acercamiento real de la sociedad pampeana a la Justicia y, fundamentalmente, de los\/as alumnos secundarios que est\u00e1n pr\u00f3ximos a cumplir la mayor\u00eda de edad.<\/p>\n\n\n\n<p>A trav\u00e9s de \u00e9l se brindan diferentes ofertas pedag\u00f3gicas: asistencia a juicios, simulacros de juicio, charlas en escuelas y visitas guiadas. La iniciativa cuenta con el respaldo del Ministerio de Educaci\u00f3n y fue declarado de inter\u00e9s legislativo por la C\u00e1mara de Diputados.\u200b<\/p>\n","protected":false},"excerpt":{"rendered":"<p>Tres funcionarios judiciales advirtieron sobre \u201cel uso responsable de las redes sociales\u201d y las consecuencias \u201cde las huellas digitales\u201d que quedan en ellas cuando se suben fotos y videos, durante&hellip;<\/p>\n","protected":false},"author":4,"featured_media":222825,"comment_status":"closed","ping_status":"open","sticky":false,"template":"","format":"standard","meta":{"_acf_changed":false,"footnotes":""},"categories":[1,12],"tags":[],"class_list":["post-222823","post","type-post","status-publish","format-standard","has-post-thumbnail","hentry","category-es-noticia","category-sociedad"],"acf":[],"yoast_head":"<!-- This site is optimized with the Yoast SEO plugin v27.5 - https:\/\/yoast.com\/product\/yoast-seo-wordpress\/ -->\n<title>Advertencia a estudiantes: \u201cUsen las redes sociales en forma responsable\u201d - Diario Textual<\/title>\n<meta name=\"robots\" content=\"index, follow, max-snippet:-1, max-image-preview:large, max-video-preview:-1\" \/>\n<link rel=\"canonical\" href=\"https:\/\/diariotextual.com\/inicio\/index.php\/2023\/04\/19\/advertencia-a-estudiantes-usen-las-redes-sociales-en-forma-responsable\/\" \/>\n<meta property=\"og:locale\" content=\"es_ES\" \/>\n<meta property=\"og:type\" content=\"article\" \/>\n<meta property=\"og:title\" content=\"Advertencia a estudiantes: \u201cUsen las redes sociales en forma responsable\u201d - Diario Textual\" \/>\n<meta property=\"og:description\" content=\"Tres funcionarios judiciales advirtieron sobre \u201cel uso responsable de las redes sociales\u201d y las consecuencias \u201cde las huellas digitales\u201d que quedan en ellas cuando se suben fotos y videos, durante&hellip;\" \/>\n<meta property=\"og:url\" content=\"https:\/\/diariotextual.com\/inicio\/index.php\/2023\/04\/19\/advertencia-a-estudiantes-usen-las-redes-sociales-en-forma-responsable\/\" \/>\n<meta property=\"og:site_name\" content=\"Diario Textual\" \/>\n<meta property=\"article:publisher\" content=\"https:\/\/www.facebook.com\/eltextual\" \/>\n<meta property=\"article:published_time\" content=\"2023-04-19T15:51:02+00:00\" \/>\n<meta property=\"article:modified_time\" content=\"2023-04-19T20:52:19+00:00\" \/>\n<meta property=\"og:image\" content=\"https:\/\/diariotextual.com\/inicio\/wp-content\/uploads\/2023\/04\/baronalumnosstj.jpg\" \/>\n\t<meta property=\"og:image:width\" content=\"900\" \/>\n\t<meta property=\"og:image:height\" content=\"549\" \/>\n\t<meta property=\"og:image:type\" content=\"image\/jpeg\" \/>\n<meta name=\"author\" content=\"diario2\" \/>\n<meta name=\"twitter:card\" content=\"summary_large_image\" \/>\n<meta name=\"twitter:creator\" content=\"@eltextual\" \/>\n<meta name=\"twitter:site\" content=\"@eltextual\" \/>\n<meta name=\"twitter:label1\" content=\"Escrito por\" \/>\n\t<meta name=\"twitter:data1\" content=\"diario2\" \/>\n\t<meta name=\"twitter:label2\" content=\"Tiempo de lectura\" \/>\n\t<meta name=\"twitter:data2\" content=\"4 minutos\" \/>\n<script type=\"application\/ld+json\" class=\"yoast-schema-graph\">{\"@context\":\"https:\\\/\\\/schema.org\",\"@graph\":[{\"@type\":\"Article\",\"@id\":\"https:\\\/\\\/diariotextual.com\\\/inicio\\\/index.php\\\/2023\\\/04\\\/19\\\/advertencia-a-estudiantes-usen-las-redes-sociales-en-forma-responsable\\\/#article\",\"isPartOf\":{\"@id\":\"https:\\\/\\\/diariotextual.com\\\/inicio\\\/index.php\\\/2023\\\/04\\\/19\\\/advertencia-a-estudiantes-usen-las-redes-sociales-en-forma-responsable\\\/\"},\"author\":{\"name\":\"diario2\",\"@id\":\"https:\\\/\\\/diariotextual.com\\\/inicio\\\/#\\\/schema\\\/person\\\/694f60677f23c4a530867a98f22b3768\"},\"headline\":\"Advertencia a estudiantes: \u201cUsen las redes sociales en forma responsable\u201d\",\"datePublished\":\"2023-04-19T15:51:02+00:00\",\"dateModified\":\"2023-04-19T20:52:19+00:00\",\"mainEntityOfPage\":{\"@id\":\"https:\\\/\\\/diariotextual.com\\\/inicio\\\/index.php\\\/2023\\\/04\\\/19\\\/advertencia-a-estudiantes-usen-las-redes-sociales-en-forma-responsable\\\/\"},\"wordCount\":730,\"publisher\":{\"@id\":\"https:\\\/\\\/diariotextual.com\\\/inicio\\\/#organization\"},\"image\":{\"@id\":\"https:\\\/\\\/diariotextual.com\\\/inicio\\\/index.php\\\/2023\\\/04\\\/19\\\/advertencia-a-estudiantes-usen-las-redes-sociales-en-forma-responsable\\\/#primaryimage\"},\"thumbnailUrl\":\"https:\\\/\\\/diariotextual.com\\\/inicio\\\/wp-content\\\/uploads\\\/2023\\\/04\\\/baronalumnosstj.jpg\",\"articleSection\":[\"A - ES NOTICIA (van abajo)\",\"SOCIEDAD\"],\"inLanguage\":\"es\"},{\"@type\":\"WebPage\",\"@id\":\"https:\\\/\\\/diariotextual.com\\\/inicio\\\/index.php\\\/2023\\\/04\\\/19\\\/advertencia-a-estudiantes-usen-las-redes-sociales-en-forma-responsable\\\/\",\"url\":\"https:\\\/\\\/diariotextual.com\\\/inicio\\\/index.php\\\/2023\\\/04\\\/19\\\/advertencia-a-estudiantes-usen-las-redes-sociales-en-forma-responsable\\\/\",\"name\":\"Advertencia a estudiantes: \u201cUsen las redes sociales en forma responsable\u201d - Diario Textual\",\"isPartOf\":{\"@id\":\"https:\\\/\\\/diariotextual.com\\\/inicio\\\/#website\"},\"primaryImageOfPage\":{\"@id\":\"https:\\\/\\\/diariotextual.com\\\/inicio\\\/index.php\\\/2023\\\/04\\\/19\\\/advertencia-a-estudiantes-usen-las-redes-sociales-en-forma-responsable\\\/#primaryimage\"},\"image\":{\"@id\":\"https:\\\/\\\/diariotextual.com\\\/inicio\\\/index.php\\\/2023\\\/04\\\/19\\\/advertencia-a-estudiantes-usen-las-redes-sociales-en-forma-responsable\\\/#primaryimage\"},\"thumbnailUrl\":\"https:\\\/\\\/diariotextual.com\\\/inicio\\\/wp-content\\\/uploads\\\/2023\\\/04\\\/baronalumnosstj.jpg\",\"datePublished\":\"2023-04-19T15:51:02+00:00\",\"dateModified\":\"2023-04-19T20:52:19+00:00\",\"breadcrumb\":{\"@id\":\"https:\\\/\\\/diariotextual.com\\\/inicio\\\/index.php\\\/2023\\\/04\\\/19\\\/advertencia-a-estudiantes-usen-las-redes-sociales-en-forma-responsable\\\/#breadcrumb\"},\"inLanguage\":\"es\",\"potentialAction\":[{\"@type\":\"ReadAction\",\"target\":[\"https:\\\/\\\/diariotextual.com\\\/inicio\\\/index.php\\\/2023\\\/04\\\/19\\\/advertencia-a-estudiantes-usen-las-redes-sociales-en-forma-responsable\\\/\"]}]},{\"@type\":\"ImageObject\",\"inLanguage\":\"es\",\"@id\":\"https:\\\/\\\/diariotextual.com\\\/inicio\\\/index.php\\\/2023\\\/04\\\/19\\\/advertencia-a-estudiantes-usen-las-redes-sociales-en-forma-responsable\\\/#primaryimage\",\"url\":\"https:\\\/\\\/diariotextual.com\\\/inicio\\\/wp-content\\\/uploads\\\/2023\\\/04\\\/baronalumnosstj.jpg\",\"contentUrl\":\"https:\\\/\\\/diariotextual.com\\\/inicio\\\/wp-content\\\/uploads\\\/2023\\\/04\\\/baronalumnosstj.jpg\",\"width\":900,\"height\":549},{\"@type\":\"BreadcrumbList\",\"@id\":\"https:\\\/\\\/diariotextual.com\\\/inicio\\\/index.php\\\/2023\\\/04\\\/19\\\/advertencia-a-estudiantes-usen-las-redes-sociales-en-forma-responsable\\\/#breadcrumb\",\"itemListElement\":[{\"@type\":\"ListItem\",\"position\":1,\"name\":\"Portada\",\"item\":\"https:\\\/\\\/diariotextual.com\\\/inicio\\\/\"},{\"@type\":\"ListItem\",\"position\":2,\"name\":\"Advertencia a estudiantes: \u201cUsen las redes sociales en forma responsable\u201d\"}]},{\"@type\":\"WebSite\",\"@id\":\"https:\\\/\\\/diariotextual.com\\\/inicio\\\/#website\",\"url\":\"https:\\\/\\\/diariotextual.com\\\/inicio\\\/\",\"name\":\"Diario Textual\",\"description\":\"\",\"publisher\":{\"@id\":\"https:\\\/\\\/diariotextual.com\\\/inicio\\\/#organization\"},\"potentialAction\":[{\"@type\":\"SearchAction\",\"target\":{\"@type\":\"EntryPoint\",\"urlTemplate\":\"https:\\\/\\\/diariotextual.com\\\/inicio\\\/?s={search_term_string}\"},\"query-input\":{\"@type\":\"PropertyValueSpecification\",\"valueRequired\":true,\"valueName\":\"search_term_string\"}}],\"inLanguage\":\"es\"},{\"@type\":\"Organization\",\"@id\":\"https:\\\/\\\/diariotextual.com\\\/inicio\\\/#organization\",\"name\":\"Diario Textual\",\"url\":\"https:\\\/\\\/diariotextual.com\\\/inicio\\\/\",\"logo\":{\"@type\":\"ImageObject\",\"inLanguage\":\"es\",\"@id\":\"https:\\\/\\\/diariotextual.com\\\/inicio\\\/#\\\/schema\\\/logo\\\/image\\\/\",\"url\":\"https:\\\/\\\/diariotextual.com\\\/inicio\\\/wp-content\\\/uploads\\\/2023\\\/05\\\/logotextual1.jpg\",\"contentUrl\":\"https:\\\/\\\/diariotextual.com\\\/inicio\\\/wp-content\\\/uploads\\\/2023\\\/05\\\/logotextual1.jpg\",\"width\":516,\"height\":76,\"caption\":\"Diario Textual\"},\"image\":{\"@id\":\"https:\\\/\\\/diariotextual.com\\\/inicio\\\/#\\\/schema\\\/logo\\\/image\\\/\"},\"sameAs\":[\"https:\\\/\\\/www.facebook.com\\\/eltextual\",\"https:\\\/\\\/x.com\\\/eltextual\",\"http:\\\/\\\/www.instagram.com\\\/eltextual\"]},{\"@type\":\"Person\",\"@id\":\"https:\\\/\\\/diariotextual.com\\\/inicio\\\/#\\\/schema\\\/person\\\/694f60677f23c4a530867a98f22b3768\",\"name\":\"diario2\",\"image\":{\"@type\":\"ImageObject\",\"inLanguage\":\"es\",\"@id\":\"https:\\\/\\\/secure.gravatar.com\\\/avatar\\\/5a2567495ba16b852fcd8f1ed006a2e24fcace936018ed8237e95f488ad6e0a7?s=96&d=mm&r=g\",\"url\":\"https:\\\/\\\/secure.gravatar.com\\\/avatar\\\/5a2567495ba16b852fcd8f1ed006a2e24fcace936018ed8237e95f488ad6e0a7?s=96&d=mm&r=g\",\"contentUrl\":\"https:\\\/\\\/secure.gravatar.com\\\/avatar\\\/5a2567495ba16b852fcd8f1ed006a2e24fcace936018ed8237e95f488ad6e0a7?s=96&d=mm&r=g\",\"caption\":\"diario2\"},\"url\":\"https:\\\/\\\/diariotextual.com\\\/inicio\\\/index.php\\\/author\\\/diario2\\\/\"}]}<\/script>\n<!-- \/ Yoast SEO plugin. -->","yoast_head_json":{"title":"Advertencia a estudiantes: \u201cUsen las redes sociales en forma responsable\u201d - Diario Textual","robots":{"index":"index","follow":"follow","max-snippet":"max-snippet:-1","max-image-preview":"max-image-preview:large","max-video-preview":"max-video-preview:-1"},"canonical":"https:\/\/diariotextual.com\/inicio\/index.php\/2023\/04\/19\/advertencia-a-estudiantes-usen-las-redes-sociales-en-forma-responsable\/","og_locale":"es_ES","og_type":"article","og_title":"Advertencia a estudiantes: \u201cUsen las redes sociales en forma responsable\u201d - Diario Textual","og_description":"Tres funcionarios judiciales advirtieron sobre \u201cel uso responsable de las redes sociales\u201d y las consecuencias \u201cde las huellas digitales\u201d que quedan en ellas cuando se suben fotos y videos, durante&hellip;","og_url":"https:\/\/diariotextual.com\/inicio\/index.php\/2023\/04\/19\/advertencia-a-estudiantes-usen-las-redes-sociales-en-forma-responsable\/","og_site_name":"Diario Textual","article_publisher":"https:\/\/www.facebook.com\/eltextual","article_published_time":"2023-04-19T15:51:02+00:00","article_modified_time":"2023-04-19T20:52:19+00:00","og_image":[{"width":900,"height":549,"url":"https:\/\/diariotextual.com\/inicio\/wp-content\/uploads\/2023\/04\/baronalumnosstj.jpg","type":"image\/jpeg"}],"author":"diario2","twitter_card":"summary_large_image","twitter_creator":"@eltextual","twitter_site":"@eltextual","twitter_misc":{"Escrito por":"diario2","Tiempo de lectura":"4 minutos"},"schema":{"@context":"https:\/\/schema.org","@graph":[{"@type":"Article","@id":"https:\/\/diariotextual.com\/inicio\/index.php\/2023\/04\/19\/advertencia-a-estudiantes-usen-las-redes-sociales-en-forma-responsable\/#article","isPartOf":{"@id":"https:\/\/diariotextual.com\/inicio\/index.php\/2023\/04\/19\/advertencia-a-estudiantes-usen-las-redes-sociales-en-forma-responsable\/"},"author":{"name":"diario2","@id":"https:\/\/diariotextual.com\/inicio\/#\/schema\/person\/694f60677f23c4a530867a98f22b3768"},"headline":"Advertencia a estudiantes: \u201cUsen las redes sociales en forma responsable\u201d","datePublished":"2023-04-19T15:51:02+00:00","dateModified":"2023-04-19T20:52:19+00:00","mainEntityOfPage":{"@id":"https:\/\/diariotextual.com\/inicio\/index.php\/2023\/04\/19\/advertencia-a-estudiantes-usen-las-redes-sociales-en-forma-responsable\/"},"wordCount":730,"publisher":{"@id":"https:\/\/diariotextual.com\/inicio\/#organization"},"image":{"@id":"https:\/\/diariotextual.com\/inicio\/index.php\/2023\/04\/19\/advertencia-a-estudiantes-usen-las-redes-sociales-en-forma-responsable\/#primaryimage"},"thumbnailUrl":"https:\/\/diariotextual.com\/inicio\/wp-content\/uploads\/2023\/04\/baronalumnosstj.jpg","articleSection":["A - ES NOTICIA (van abajo)","SOCIEDAD"],"inLanguage":"es"},{"@type":"WebPage","@id":"https:\/\/diariotextual.com\/inicio\/index.php\/2023\/04\/19\/advertencia-a-estudiantes-usen-las-redes-sociales-en-forma-responsable\/","url":"https:\/\/diariotextual.com\/inicio\/index.php\/2023\/04\/19\/advertencia-a-estudiantes-usen-las-redes-sociales-en-forma-responsable\/","name":"Advertencia a estudiantes: \u201cUsen las redes sociales en forma responsable\u201d - Diario Textual","isPartOf":{"@id":"https:\/\/diariotextual.com\/inicio\/#website"},"primaryImageOfPage":{"@id":"https:\/\/diariotextual.com\/inicio\/index.php\/2023\/04\/19\/advertencia-a-estudiantes-usen-las-redes-sociales-en-forma-responsable\/#primaryimage"},"image":{"@id":"https:\/\/diariotextual.com\/inicio\/index.php\/2023\/04\/19\/advertencia-a-estudiantes-usen-las-redes-sociales-en-forma-responsable\/#primaryimage"},"thumbnailUrl":"https:\/\/diariotextual.com\/inicio\/wp-content\/uploads\/2023\/04\/baronalumnosstj.jpg","datePublished":"2023-04-19T15:51:02+00:00","dateModified":"2023-04-19T20:52:19+00:00","breadcrumb":{"@id":"https:\/\/diariotextual.com\/inicio\/index.php\/2023\/04\/19\/advertencia-a-estudiantes-usen-las-redes-sociales-en-forma-responsable\/#breadcrumb"},"inLanguage":"es","potentialAction":[{"@type":"ReadAction","target":["https:\/\/diariotextual.com\/inicio\/index.php\/2023\/04\/19\/advertencia-a-estudiantes-usen-las-redes-sociales-en-forma-responsable\/"]}]},{"@type":"ImageObject","inLanguage":"es","@id":"https:\/\/diariotextual.com\/inicio\/index.php\/2023\/04\/19\/advertencia-a-estudiantes-usen-las-redes-sociales-en-forma-responsable\/#primaryimage","url":"https:\/\/diariotextual.com\/inicio\/wp-content\/uploads\/2023\/04\/baronalumnosstj.jpg","contentUrl":"https:\/\/diariotextual.com\/inicio\/wp-content\/uploads\/2023\/04\/baronalumnosstj.jpg","width":900,"height":549},{"@type":"BreadcrumbList","@id":"https:\/\/diariotextual.com\/inicio\/index.php\/2023\/04\/19\/advertencia-a-estudiantes-usen-las-redes-sociales-en-forma-responsable\/#breadcrumb","itemListElement":[{"@type":"ListItem","position":1,"name":"Portada","item":"https:\/\/diariotextual.com\/inicio\/"},{"@type":"ListItem","position":2,"name":"Advertencia a estudiantes: \u201cUsen las redes sociales en forma responsable\u201d"}]},{"@type":"WebSite","@id":"https:\/\/diariotextual.com\/inicio\/#website","url":"https:\/\/diariotextual.com\/inicio\/","name":"Diario Textual","description":"","publisher":{"@id":"https:\/\/diariotextual.com\/inicio\/#organization"},"potentialAction":[{"@type":"SearchAction","target":{"@type":"EntryPoint","urlTemplate":"https:\/\/diariotextual.com\/inicio\/?s={search_term_string}"},"query-input":{"@type":"PropertyValueSpecification","valueRequired":true,"valueName":"search_term_string"}}],"inLanguage":"es"},{"@type":"Organization","@id":"https:\/\/diariotextual.com\/inicio\/#organization","name":"Diario Textual","url":"https:\/\/diariotextual.com\/inicio\/","logo":{"@type":"ImageObject","inLanguage":"es","@id":"https:\/\/diariotextual.com\/inicio\/#\/schema\/logo\/image\/","url":"https:\/\/diariotextual.com\/inicio\/wp-content\/uploads\/2023\/05\/logotextual1.jpg","contentUrl":"https:\/\/diariotextual.com\/inicio\/wp-content\/uploads\/2023\/05\/logotextual1.jpg","width":516,"height":76,"caption":"Diario Textual"},"image":{"@id":"https:\/\/diariotextual.com\/inicio\/#\/schema\/logo\/image\/"},"sameAs":["https:\/\/www.facebook.com\/eltextual","https:\/\/x.com\/eltextual","http:\/\/www.instagram.com\/eltextual"]},{"@type":"Person","@id":"https:\/\/diariotextual.com\/inicio\/#\/schema\/person\/694f60677f23c4a530867a98f22b3768","name":"diario2","image":{"@type":"ImageObject","inLanguage":"es","@id":"https:\/\/secure.gravatar.com\/avatar\/5a2567495ba16b852fcd8f1ed006a2e24fcace936018ed8237e95f488ad6e0a7?s=96&d=mm&r=g","url":"https:\/\/secure.gravatar.com\/avatar\/5a2567495ba16b852fcd8f1ed006a2e24fcace936018ed8237e95f488ad6e0a7?s=96&d=mm&r=g","contentUrl":"https:\/\/secure.gravatar.com\/avatar\/5a2567495ba16b852fcd8f1ed006a2e24fcace936018ed8237e95f488ad6e0a7?s=96&d=mm&r=g","caption":"diario2"},"url":"https:\/\/diariotextual.com\/inicio\/index.php\/author\/diario2\/"}]}},"_links":{"self":[{"href":"https:\/\/diariotextual.com\/inicio\/index.php\/wp-json\/wp\/v2\/posts\/222823","targetHints":{"allow":["GET"]}}],"collection":[{"href":"https:\/\/diariotextual.com\/inicio\/index.php\/wp-json\/wp\/v2\/posts"}],"about":[{"href":"https:\/\/diariotextual.com\/inicio\/index.php\/wp-json\/wp\/v2\/types\/post"}],"author":[{"embeddable":true,"href":"https:\/\/diariotextual.com\/inicio\/index.php\/wp-json\/wp\/v2\/users\/4"}],"replies":[{"embeddable":true,"href":"https:\/\/diariotextual.com\/inicio\/index.php\/wp-json\/wp\/v2\/comments?post=222823"}],"version-history":[{"count":1,"href":"https:\/\/diariotextual.com\/inicio\/index.php\/wp-json\/wp\/v2\/posts\/222823\/revisions"}],"predecessor-version":[{"id":222826,"href":"https:\/\/diariotextual.com\/inicio\/index.php\/wp-json\/wp\/v2\/posts\/222823\/revisions\/222826"}],"wp:featuredmedia":[{"embeddable":true,"href":"https:\/\/diariotextual.com\/inicio\/index.php\/wp-json\/wp\/v2\/media\/222825"}],"wp:attachment":[{"href":"https:\/\/diariotextual.com\/inicio\/index.php\/wp-json\/wp\/v2\/media?parent=222823"}],"wp:term":[{"taxonomy":"category","embeddable":true,"href":"https:\/\/diariotextual.com\/inicio\/index.php\/wp-json\/wp\/v2\/categories?post=222823"},{"taxonomy":"post_tag","embeddable":true,"href":"https:\/\/diariotextual.com\/inicio\/index.php\/wp-json\/wp\/v2\/tags?post=222823"}],"curies":[{"name":"wp","href":"https:\/\/api.w.org\/{rel}","templated":true}]}}