{"id":222827,"date":"2023-04-19T12:56:32","date_gmt":"2023-04-19T15:56:32","guid":{"rendered":"https:\/\/diariotextual.com\/inicio\/?p=222827"},"modified":"2023-04-19T12:56:34","modified_gmt":"2023-04-19T15:56:34","slug":"condenado-por-la-muerte-de-una-adolescente-en-un-siniestro-vial-en-santa-rosa","status":"publish","type":"post","link":"https:\/\/diariotextual.com\/inicio\/index.php\/2023\/04\/19\/condenado-por-la-muerte-de-una-adolescente-en-un-siniestro-vial-en-santa-rosa\/","title":{"rendered":"Condenado por la muerte de una adolescente en un siniestro vial en Santa Rosa"},"content":{"rendered":"\n<p>A trav\u00e9s del procedimiento de juicio abreviado, Jorge Adri\u00e1n Bustos fue condenado hoy a <strong>tres a\u00f1os de prisi\u00f3n de ejecuci\u00f3n condicional y 10 de inhabilitaci\u00f3n especial, como autor del delito de homicidio culposo causado por la conducci\u00f3n imprudente y negligente y antirreglamentaria <\/strong>de un veh\u00edculo con motor, agravado por encontrarse bajo los efectos de estupefacientes. <strong>En el hecho falleci\u00f3 la menor de 16 a\u00f1os, Milagros Luj\u00e1n Gonz\u00e1lez.<\/strong><\/p>\n\n\n\n<p>De acuerdo a las pruebas reunidas durante la investigaci\u00f3n fiscal preparatoria, qued\u00f3 acreditado que Bustos (21 a\u00f1os), con presencia de marihuana en sangre y orina, conduc\u00eda una moto Honda Wave a 53 kil\u00f3metros por hora y, <strong>en la esquina de Jos\u00e9 Ingenieros y Wilde, en Santa Rosa, colision\u00f3 contra el v\u00e9rtice delantero izquierdo de un Volkswagen Trend,<\/strong> que arrib\u00f3 al lugar desde la derecha. A ra\u00edz de la colisi\u00f3n, Gonz\u00e1lez \u2013quien iba de acompa\u00f1ante en la moto\u2013 muri\u00f3. El siniestro se produjo el 16 de julio del a\u00f1o pasado poco despu\u00e9s de las 15.<\/p>\n\n\n\n<p>El abreviado fue convenido entre el fiscal Oscar Alfredo Cazenave, la defensora oficial Mar\u00eda Antonella Marchisio y Bustos. La madre de la v\u00edctima, que forma parte del expediente como querellante y es representada por la defensora oficial Carolina Mu\u00f1oz, se opuso por no estar de acuerdo con que la pena sea de ejecuci\u00f3n condicional. En esta clase de procesos, la palabra de la v\u00edctima debe ser escuchada, aunque no es vinculante para la resoluci\u00f3n del conflicto penal.<\/p>\n\n\n\n<p>La sentencia fue dictada por el juez de control, N\u00e9stor Daniel Ralli, quien en el fallo record\u00f3 que el art\u00edculo 369 del C\u00f3digo Procesal Penal le impide a los magistrados \u201cfijar una pena superior a la solicitada por el representante del Ministerio P\u00fablico Fiscal\u201d y que \u201ca ella debo limitarme sin posibilidades de aplicar una pena m\u00e1s grave\u201d.<\/p>\n\n\n\n<p>Las partes convinieron en una sanci\u00f3n para el acusado de tres a\u00f1os de prisi\u00f3n en suspenso, 10 a\u00f1os de inhabilitaci\u00f3n especial para conducir todo tipo de veh\u00edculo con motor y dos a\u00f1os de reglas de conducta; durante los cuales deber\u00e1 fijar residencia, someterse al cuidado de la Unidad de Abordaje, Orientaci\u00f3n y Supervisi\u00f3n de personas en conflicto con la ley penal; abstenerse de usar estupefacientes o de abusar de bebidas alcoh\u00f3licas; realizar un tratamiento psicol\u00f3gico espec\u00edfico de adicciones y un curso de capacitaci\u00f3n vial en la Agencia Nacional de Seguridad Vial y no acercarse a menos de 100 metros del domicilio de la querellante ni tener contacto con ella.<\/p>\n\n\n\n<p>Al analizar la conducta de Bustos, Ralli dijo que fue \u201cimprudente porque, al conducir la moto habiendo consumido estupefacientes y a excesiva velocidad, adopt\u00f3 una conducta arriesgada y peligrosa\u201d; a\u00f1adiendo que tambi\u00e9n fue \u201cnegligente porque no verific\u00f3 el estado del casco protector que le entreg\u00f3 a su acompa\u00f1ante, ni tuvo el cuidado necesario al cruzar la intersecci\u00f3n de las calles (\u2026) Adem\u00e1s no respet\u00f3 la norma que establece que no se puede conducir habiendo consumido estupefacientes, ni excediendo la velocidad permitida\u201d.\u200b<\/p>\n","protected":false},"excerpt":{"rendered":"<p>A trav\u00e9s del procedimiento de juicio abreviado, Jorge Adri\u00e1n Bustos fue condenado hoy a tres a\u00f1os de prisi\u00f3n de ejecuci\u00f3n condicional y 10 de inhabilitaci\u00f3n especial, como autor del delito&hellip;<\/p>\n","protected":false},"author":4,"featured_media":194511,"comment_status":"closed","ping_status":"open","sticky":false,"template":"","format":"standard","meta":{"_acf_changed":false,"footnotes":""},"categories":[1,12],"tags":[],"class_list":["post-222827","post","type-post","status-publish","format-standard","has-post-thumbnail","hentry","category-es-noticia","category-sociedad"],"acf":[],"yoast_head":"<!-- This site is optimized with the Yoast SEO plugin v27.5 - https:\/\/yoast.com\/product\/yoast-seo-wordpress\/ -->\n<title>Condenado por la muerte de una adolescente en un siniestro vial en Santa Rosa - Diario Textual<\/title>\n<meta name=\"robots\" content=\"index, follow, max-snippet:-1, max-image-preview:large, max-video-preview:-1\" \/>\n<link rel=\"canonical\" href=\"https:\/\/diariotextual.com\/inicio\/index.php\/2023\/04\/19\/condenado-por-la-muerte-de-una-adolescente-en-un-siniestro-vial-en-santa-rosa\/\" \/>\n<meta property=\"og:locale\" content=\"es_ES\" \/>\n<meta property=\"og:type\" content=\"article\" \/>\n<meta property=\"og:title\" content=\"Condenado por la muerte de una adolescente en un siniestro vial en Santa Rosa - Diario Textual\" \/>\n<meta property=\"og:description\" content=\"A trav\u00e9s del procedimiento de juicio abreviado, Jorge Adri\u00e1n Bustos fue condenado hoy a tres a\u00f1os de prisi\u00f3n de ejecuci\u00f3n condicional y 10 de inhabilitaci\u00f3n especial, como autor del delito&hellip;\" \/>\n<meta property=\"og:url\" content=\"https:\/\/diariotextual.com\/inicio\/index.php\/2023\/04\/19\/condenado-por-la-muerte-de-una-adolescente-en-un-siniestro-vial-en-santa-rosa\/\" \/>\n<meta property=\"og:site_name\" content=\"Diario Textual\" \/>\n<meta property=\"article:publisher\" content=\"https:\/\/www.facebook.com\/eltextual\" \/>\n<meta property=\"article:published_time\" content=\"2023-04-19T15:56:32+00:00\" \/>\n<meta property=\"article:modified_time\" content=\"2023-04-19T15:56:34+00:00\" \/>\n<meta property=\"og:image\" content=\"https:\/\/diariotextual.com\/inicio\/wp-content\/uploads\/2022\/07\/choquemotowildejoseingenieros2022-1.jpeg\" \/>\n\t<meta property=\"og:image:width\" content=\"1600\" \/>\n\t<meta property=\"og:image:height\" content=\"1001\" \/>\n\t<meta property=\"og:image:type\" content=\"image\/jpeg\" \/>\n<meta name=\"author\" content=\"diario2\" \/>\n<meta name=\"twitter:card\" content=\"summary_large_image\" \/>\n<meta name=\"twitter:creator\" content=\"@eltextual\" \/>\n<meta name=\"twitter:site\" content=\"@eltextual\" \/>\n<meta name=\"twitter:label1\" content=\"Escrito por\" \/>\n\t<meta name=\"twitter:data1\" content=\"diario2\" \/>\n\t<meta name=\"twitter:label2\" content=\"Tiempo de lectura\" \/>\n\t<meta name=\"twitter:data2\" content=\"3 minutos\" \/>\n<script type=\"application\/ld+json\" class=\"yoast-schema-graph\">{\"@context\":\"https:\\\/\\\/schema.org\",\"@graph\":[{\"@type\":\"Article\",\"@id\":\"https:\\\/\\\/diariotextual.com\\\/inicio\\\/index.php\\\/2023\\\/04\\\/19\\\/condenado-por-la-muerte-de-una-adolescente-en-un-siniestro-vial-en-santa-rosa\\\/#article\",\"isPartOf\":{\"@id\":\"https:\\\/\\\/diariotextual.com\\\/inicio\\\/index.php\\\/2023\\\/04\\\/19\\\/condenado-por-la-muerte-de-una-adolescente-en-un-siniestro-vial-en-santa-rosa\\\/\"},\"author\":{\"name\":\"diario2\",\"@id\":\"https:\\\/\\\/diariotextual.com\\\/inicio\\\/#\\\/schema\\\/person\\\/694f60677f23c4a530867a98f22b3768\"},\"headline\":\"Condenado por la muerte de una adolescente en un siniestro vial en Santa Rosa\",\"datePublished\":\"2023-04-19T15:56:32+00:00\",\"dateModified\":\"2023-04-19T15:56:34+00:00\",\"mainEntityOfPage\":{\"@id\":\"https:\\\/\\\/diariotextual.com\\\/inicio\\\/index.php\\\/2023\\\/04\\\/19\\\/condenado-por-la-muerte-de-una-adolescente-en-un-siniestro-vial-en-santa-rosa\\\/\"},\"wordCount\":541,\"publisher\":{\"@id\":\"https:\\\/\\\/diariotextual.com\\\/inicio\\\/#organization\"},\"image\":{\"@id\":\"https:\\\/\\\/diariotextual.com\\\/inicio\\\/index.php\\\/2023\\\/04\\\/19\\\/condenado-por-la-muerte-de-una-adolescente-en-un-siniestro-vial-en-santa-rosa\\\/#primaryimage\"},\"thumbnailUrl\":\"https:\\\/\\\/diariotextual.com\\\/inicio\\\/wp-content\\\/uploads\\\/2022\\\/07\\\/choquemotowildejoseingenieros2022-1.jpeg\",\"articleSection\":[\"A - ES NOTICIA (van abajo)\",\"SOCIEDAD\"],\"inLanguage\":\"es\"},{\"@type\":\"WebPage\",\"@id\":\"https:\\\/\\\/diariotextual.com\\\/inicio\\\/index.php\\\/2023\\\/04\\\/19\\\/condenado-por-la-muerte-de-una-adolescente-en-un-siniestro-vial-en-santa-rosa\\\/\",\"url\":\"https:\\\/\\\/diariotextual.com\\\/inicio\\\/index.php\\\/2023\\\/04\\\/19\\\/condenado-por-la-muerte-de-una-adolescente-en-un-siniestro-vial-en-santa-rosa\\\/\",\"name\":\"Condenado por la muerte de una adolescente en un siniestro vial en Santa Rosa - Diario Textual\",\"isPartOf\":{\"@id\":\"https:\\\/\\\/diariotextual.com\\\/inicio\\\/#website\"},\"primaryImageOfPage\":{\"@id\":\"https:\\\/\\\/diariotextual.com\\\/inicio\\\/index.php\\\/2023\\\/04\\\/19\\\/condenado-por-la-muerte-de-una-adolescente-en-un-siniestro-vial-en-santa-rosa\\\/#primaryimage\"},\"image\":{\"@id\":\"https:\\\/\\\/diariotextual.com\\\/inicio\\\/index.php\\\/2023\\\/04\\\/19\\\/condenado-por-la-muerte-de-una-adolescente-en-un-siniestro-vial-en-santa-rosa\\\/#primaryimage\"},\"thumbnailUrl\":\"https:\\\/\\\/diariotextual.com\\\/inicio\\\/wp-content\\\/uploads\\\/2022\\\/07\\\/choquemotowildejoseingenieros2022-1.jpeg\",\"datePublished\":\"2023-04-19T15:56:32+00:00\",\"dateModified\":\"2023-04-19T15:56:34+00:00\",\"breadcrumb\":{\"@id\":\"https:\\\/\\\/diariotextual.com\\\/inicio\\\/index.php\\\/2023\\\/04\\\/19\\\/condenado-por-la-muerte-de-una-adolescente-en-un-siniestro-vial-en-santa-rosa\\\/#breadcrumb\"},\"inLanguage\":\"es\",\"potentialAction\":[{\"@type\":\"ReadAction\",\"target\":[\"https:\\\/\\\/diariotextual.com\\\/inicio\\\/index.php\\\/2023\\\/04\\\/19\\\/condenado-por-la-muerte-de-una-adolescente-en-un-siniestro-vial-en-santa-rosa\\\/\"]}]},{\"@type\":\"ImageObject\",\"inLanguage\":\"es\",\"@id\":\"https:\\\/\\\/diariotextual.com\\\/inicio\\\/index.php\\\/2023\\\/04\\\/19\\\/condenado-por-la-muerte-de-una-adolescente-en-un-siniestro-vial-en-santa-rosa\\\/#primaryimage\",\"url\":\"https:\\\/\\\/diariotextual.com\\\/inicio\\\/wp-content\\\/uploads\\\/2022\\\/07\\\/choquemotowildejoseingenieros2022-1.jpeg\",\"contentUrl\":\"https:\\\/\\\/diariotextual.com\\\/inicio\\\/wp-content\\\/uploads\\\/2022\\\/07\\\/choquemotowildejoseingenieros2022-1.jpeg\",\"width\":1600,\"height\":1001},{\"@type\":\"BreadcrumbList\",\"@id\":\"https:\\\/\\\/diariotextual.com\\\/inicio\\\/index.php\\\/2023\\\/04\\\/19\\\/condenado-por-la-muerte-de-una-adolescente-en-un-siniestro-vial-en-santa-rosa\\\/#breadcrumb\",\"itemListElement\":[{\"@type\":\"ListItem\",\"position\":1,\"name\":\"Portada\",\"item\":\"https:\\\/\\\/diariotextual.com\\\/inicio\\\/\"},{\"@type\":\"ListItem\",\"position\":2,\"name\":\"Condenado por la muerte de una adolescente en un siniestro vial en Santa Rosa\"}]},{\"@type\":\"WebSite\",\"@id\":\"https:\\\/\\\/diariotextual.com\\\/inicio\\\/#website\",\"url\":\"https:\\\/\\\/diariotextual.com\\\/inicio\\\/\",\"name\":\"Diario Textual\",\"description\":\"\",\"publisher\":{\"@id\":\"https:\\\/\\\/diariotextual.com\\\/inicio\\\/#organization\"},\"potentialAction\":[{\"@type\":\"SearchAction\",\"target\":{\"@type\":\"EntryPoint\",\"urlTemplate\":\"https:\\\/\\\/diariotextual.com\\\/inicio\\\/?s={search_term_string}\"},\"query-input\":{\"@type\":\"PropertyValueSpecification\",\"valueRequired\":true,\"valueName\":\"search_term_string\"}}],\"inLanguage\":\"es\"},{\"@type\":\"Organization\",\"@id\":\"https:\\\/\\\/diariotextual.com\\\/inicio\\\/#organization\",\"name\":\"Diario Textual\",\"url\":\"https:\\\/\\\/diariotextual.com\\\/inicio\\\/\",\"logo\":{\"@type\":\"ImageObject\",\"inLanguage\":\"es\",\"@id\":\"https:\\\/\\\/diariotextual.com\\\/inicio\\\/#\\\/schema\\\/logo\\\/image\\\/\",\"url\":\"https:\\\/\\\/diariotextual.com\\\/inicio\\\/wp-content\\\/uploads\\\/2023\\\/05\\\/logotextual1.jpg\",\"contentUrl\":\"https:\\\/\\\/diariotextual.com\\\/inicio\\\/wp-content\\\/uploads\\\/2023\\\/05\\\/logotextual1.jpg\",\"width\":516,\"height\":76,\"caption\":\"Diario Textual\"},\"image\":{\"@id\":\"https:\\\/\\\/diariotextual.com\\\/inicio\\\/#\\\/schema\\\/logo\\\/image\\\/\"},\"sameAs\":[\"https:\\\/\\\/www.facebook.com\\\/eltextual\",\"https:\\\/\\\/x.com\\\/eltextual\",\"http:\\\/\\\/www.instagram.com\\\/eltextual\"]},{\"@type\":\"Person\",\"@id\":\"https:\\\/\\\/diariotextual.com\\\/inicio\\\/#\\\/schema\\\/person\\\/694f60677f23c4a530867a98f22b3768\",\"name\":\"diario2\",\"image\":{\"@type\":\"ImageObject\",\"inLanguage\":\"es\",\"@id\":\"https:\\\/\\\/secure.gravatar.com\\\/avatar\\\/5a2567495ba16b852fcd8f1ed006a2e24fcace936018ed8237e95f488ad6e0a7?s=96&d=mm&r=g\",\"url\":\"https:\\\/\\\/secure.gravatar.com\\\/avatar\\\/5a2567495ba16b852fcd8f1ed006a2e24fcace936018ed8237e95f488ad6e0a7?s=96&d=mm&r=g\",\"contentUrl\":\"https:\\\/\\\/secure.gravatar.com\\\/avatar\\\/5a2567495ba16b852fcd8f1ed006a2e24fcace936018ed8237e95f488ad6e0a7?s=96&d=mm&r=g\",\"caption\":\"diario2\"},\"url\":\"https:\\\/\\\/diariotextual.com\\\/inicio\\\/index.php\\\/author\\\/diario2\\\/\"}]}<\/script>\n<!-- \/ Yoast SEO plugin. -->","yoast_head_json":{"title":"Condenado por la muerte de una adolescente en un siniestro vial en Santa Rosa - Diario Textual","robots":{"index":"index","follow":"follow","max-snippet":"max-snippet:-1","max-image-preview":"max-image-preview:large","max-video-preview":"max-video-preview:-1"},"canonical":"https:\/\/diariotextual.com\/inicio\/index.php\/2023\/04\/19\/condenado-por-la-muerte-de-una-adolescente-en-un-siniestro-vial-en-santa-rosa\/","og_locale":"es_ES","og_type":"article","og_title":"Condenado por la muerte de una adolescente en un siniestro vial en Santa Rosa - Diario Textual","og_description":"A trav\u00e9s del procedimiento de juicio abreviado, Jorge Adri\u00e1n Bustos fue condenado hoy a tres a\u00f1os de prisi\u00f3n de ejecuci\u00f3n condicional y 10 de inhabilitaci\u00f3n especial, como autor del delito&hellip;","og_url":"https:\/\/diariotextual.com\/inicio\/index.php\/2023\/04\/19\/condenado-por-la-muerte-de-una-adolescente-en-un-siniestro-vial-en-santa-rosa\/","og_site_name":"Diario Textual","article_publisher":"https:\/\/www.facebook.com\/eltextual","article_published_time":"2023-04-19T15:56:32+00:00","article_modified_time":"2023-04-19T15:56:34+00:00","og_image":[{"width":1600,"height":1001,"url":"https:\/\/diariotextual.com\/inicio\/wp-content\/uploads\/2022\/07\/choquemotowildejoseingenieros2022-1.jpeg","type":"image\/jpeg"}],"author":"diario2","twitter_card":"summary_large_image","twitter_creator":"@eltextual","twitter_site":"@eltextual","twitter_misc":{"Escrito por":"diario2","Tiempo de lectura":"3 minutos"},"schema":{"@context":"https:\/\/schema.org","@graph":[{"@type":"Article","@id":"https:\/\/diariotextual.com\/inicio\/index.php\/2023\/04\/19\/condenado-por-la-muerte-de-una-adolescente-en-un-siniestro-vial-en-santa-rosa\/#article","isPartOf":{"@id":"https:\/\/diariotextual.com\/inicio\/index.php\/2023\/04\/19\/condenado-por-la-muerte-de-una-adolescente-en-un-siniestro-vial-en-santa-rosa\/"},"author":{"name":"diario2","@id":"https:\/\/diariotextual.com\/inicio\/#\/schema\/person\/694f60677f23c4a530867a98f22b3768"},"headline":"Condenado por la muerte de una adolescente en un siniestro vial en Santa Rosa","datePublished":"2023-04-19T15:56:32+00:00","dateModified":"2023-04-19T15:56:34+00:00","mainEntityOfPage":{"@id":"https:\/\/diariotextual.com\/inicio\/index.php\/2023\/04\/19\/condenado-por-la-muerte-de-una-adolescente-en-un-siniestro-vial-en-santa-rosa\/"},"wordCount":541,"publisher":{"@id":"https:\/\/diariotextual.com\/inicio\/#organization"},"image":{"@id":"https:\/\/diariotextual.com\/inicio\/index.php\/2023\/04\/19\/condenado-por-la-muerte-de-una-adolescente-en-un-siniestro-vial-en-santa-rosa\/#primaryimage"},"thumbnailUrl":"https:\/\/diariotextual.com\/inicio\/wp-content\/uploads\/2022\/07\/choquemotowildejoseingenieros2022-1.jpeg","articleSection":["A - ES NOTICIA (van abajo)","SOCIEDAD"],"inLanguage":"es"},{"@type":"WebPage","@id":"https:\/\/diariotextual.com\/inicio\/index.php\/2023\/04\/19\/condenado-por-la-muerte-de-una-adolescente-en-un-siniestro-vial-en-santa-rosa\/","url":"https:\/\/diariotextual.com\/inicio\/index.php\/2023\/04\/19\/condenado-por-la-muerte-de-una-adolescente-en-un-siniestro-vial-en-santa-rosa\/","name":"Condenado por la muerte de una adolescente en un siniestro vial en Santa Rosa - Diario Textual","isPartOf":{"@id":"https:\/\/diariotextual.com\/inicio\/#website"},"primaryImageOfPage":{"@id":"https:\/\/diariotextual.com\/inicio\/index.php\/2023\/04\/19\/condenado-por-la-muerte-de-una-adolescente-en-un-siniestro-vial-en-santa-rosa\/#primaryimage"},"image":{"@id":"https:\/\/diariotextual.com\/inicio\/index.php\/2023\/04\/19\/condenado-por-la-muerte-de-una-adolescente-en-un-siniestro-vial-en-santa-rosa\/#primaryimage"},"thumbnailUrl":"https:\/\/diariotextual.com\/inicio\/wp-content\/uploads\/2022\/07\/choquemotowildejoseingenieros2022-1.jpeg","datePublished":"2023-04-19T15:56:32+00:00","dateModified":"2023-04-19T15:56:34+00:00","breadcrumb":{"@id":"https:\/\/diariotextual.com\/inicio\/index.php\/2023\/04\/19\/condenado-por-la-muerte-de-una-adolescente-en-un-siniestro-vial-en-santa-rosa\/#breadcrumb"},"inLanguage":"es","potentialAction":[{"@type":"ReadAction","target":["https:\/\/diariotextual.com\/inicio\/index.php\/2023\/04\/19\/condenado-por-la-muerte-de-una-adolescente-en-un-siniestro-vial-en-santa-rosa\/"]}]},{"@type":"ImageObject","inLanguage":"es","@id":"https:\/\/diariotextual.com\/inicio\/index.php\/2023\/04\/19\/condenado-por-la-muerte-de-una-adolescente-en-un-siniestro-vial-en-santa-rosa\/#primaryimage","url":"https:\/\/diariotextual.com\/inicio\/wp-content\/uploads\/2022\/07\/choquemotowildejoseingenieros2022-1.jpeg","contentUrl":"https:\/\/diariotextual.com\/inicio\/wp-content\/uploads\/2022\/07\/choquemotowildejoseingenieros2022-1.jpeg","width":1600,"height":1001},{"@type":"BreadcrumbList","@id":"https:\/\/diariotextual.com\/inicio\/index.php\/2023\/04\/19\/condenado-por-la-muerte-de-una-adolescente-en-un-siniestro-vial-en-santa-rosa\/#breadcrumb","itemListElement":[{"@type":"ListItem","position":1,"name":"Portada","item":"https:\/\/diariotextual.com\/inicio\/"},{"@type":"ListItem","position":2,"name":"Condenado por la muerte de una adolescente en un siniestro vial en Santa Rosa"}]},{"@type":"WebSite","@id":"https:\/\/diariotextual.com\/inicio\/#website","url":"https:\/\/diariotextual.com\/inicio\/","name":"Diario Textual","description":"","publisher":{"@id":"https:\/\/diariotextual.com\/inicio\/#organization"},"potentialAction":[{"@type":"SearchAction","target":{"@type":"EntryPoint","urlTemplate":"https:\/\/diariotextual.com\/inicio\/?s={search_term_string}"},"query-input":{"@type":"PropertyValueSpecification","valueRequired":true,"valueName":"search_term_string"}}],"inLanguage":"es"},{"@type":"Organization","@id":"https:\/\/diariotextual.com\/inicio\/#organization","name":"Diario Textual","url":"https:\/\/diariotextual.com\/inicio\/","logo":{"@type":"ImageObject","inLanguage":"es","@id":"https:\/\/diariotextual.com\/inicio\/#\/schema\/logo\/image\/","url":"https:\/\/diariotextual.com\/inicio\/wp-content\/uploads\/2023\/05\/logotextual1.jpg","contentUrl":"https:\/\/diariotextual.com\/inicio\/wp-content\/uploads\/2023\/05\/logotextual1.jpg","width":516,"height":76,"caption":"Diario Textual"},"image":{"@id":"https:\/\/diariotextual.com\/inicio\/#\/schema\/logo\/image\/"},"sameAs":["https:\/\/www.facebook.com\/eltextual","https:\/\/x.com\/eltextual","http:\/\/www.instagram.com\/eltextual"]},{"@type":"Person","@id":"https:\/\/diariotextual.com\/inicio\/#\/schema\/person\/694f60677f23c4a530867a98f22b3768","name":"diario2","image":{"@type":"ImageObject","inLanguage":"es","@id":"https:\/\/secure.gravatar.com\/avatar\/5a2567495ba16b852fcd8f1ed006a2e24fcace936018ed8237e95f488ad6e0a7?s=96&d=mm&r=g","url":"https:\/\/secure.gravatar.com\/avatar\/5a2567495ba16b852fcd8f1ed006a2e24fcace936018ed8237e95f488ad6e0a7?s=96&d=mm&r=g","contentUrl":"https:\/\/secure.gravatar.com\/avatar\/5a2567495ba16b852fcd8f1ed006a2e24fcace936018ed8237e95f488ad6e0a7?s=96&d=mm&r=g","caption":"diario2"},"url":"https:\/\/diariotextual.com\/inicio\/index.php\/author\/diario2\/"}]}},"_links":{"self":[{"href":"https:\/\/diariotextual.com\/inicio\/index.php\/wp-json\/wp\/v2\/posts\/222827","targetHints":{"allow":["GET"]}}],"collection":[{"href":"https:\/\/diariotextual.com\/inicio\/index.php\/wp-json\/wp\/v2\/posts"}],"about":[{"href":"https:\/\/diariotextual.com\/inicio\/index.php\/wp-json\/wp\/v2\/types\/post"}],"author":[{"embeddable":true,"href":"https:\/\/diariotextual.com\/inicio\/index.php\/wp-json\/wp\/v2\/users\/4"}],"replies":[{"embeddable":true,"href":"https:\/\/diariotextual.com\/inicio\/index.php\/wp-json\/wp\/v2\/comments?post=222827"}],"version-history":[{"count":2,"href":"https:\/\/diariotextual.com\/inicio\/index.php\/wp-json\/wp\/v2\/posts\/222827\/revisions"}],"predecessor-version":[{"id":222829,"href":"https:\/\/diariotextual.com\/inicio\/index.php\/wp-json\/wp\/v2\/posts\/222827\/revisions\/222829"}],"wp:featuredmedia":[{"embeddable":true,"href":"https:\/\/diariotextual.com\/inicio\/index.php\/wp-json\/wp\/v2\/media\/194511"}],"wp:attachment":[{"href":"https:\/\/diariotextual.com\/inicio\/index.php\/wp-json\/wp\/v2\/media?parent=222827"}],"wp:term":[{"taxonomy":"category","embeddable":true,"href":"https:\/\/diariotextual.com\/inicio\/index.php\/wp-json\/wp\/v2\/categories?post=222827"},{"taxonomy":"post_tag","embeddable":true,"href":"https:\/\/diariotextual.com\/inicio\/index.php\/wp-json\/wp\/v2\/tags?post=222827"}],"curies":[{"name":"wp","href":"https:\/\/api.w.org\/{rel}","templated":true}]}}