{"id":222959,"date":"2023-04-21T06:44:14","date_gmt":"2023-04-21T09:44:14","guid":{"rendered":"https:\/\/diariotextual.com\/inicio\/?p=222959"},"modified":"2023-04-21T06:44:15","modified_gmt":"2023-04-21T09:44:15","slug":"invitan-a-taller-de-separacion-de-residuos-en-el-botanico-provincial","status":"publish","type":"post","link":"https:\/\/diariotextual.com\/inicio\/index.php\/2023\/04\/21\/invitan-a-taller-de-separacion-de-residuos-en-el-botanico-provincial\/","title":{"rendered":"Invitan a taller de separaci\u00f3n de residuos, en el Bot\u00e1nico Provincial"},"content":{"rendered":"\n<p>El Ministerio de la Producci\u00f3n a trav\u00e9s de la Direcci\u00f3n General de Recursos Naturales invit\u00f3 a<strong>l Taller de Separaci\u00f3n de Residuos en Origen<\/strong>, a llevarse a cabo el 22 de abril de 16 a 18, en la sede del Jard\u00edn Bot\u00e1nico Provincial, avenida Per\u00f3n y Chimango, Toay.<\/p>\n\n\n\n<p>La actividad forma parte de un <strong>ciclo de cuatro talleres<\/strong> que abordar\u00e1n diferentes tem\u00e1ticas ambientales. El mismo estar\u00e1 a cargo del Centro para el Estudio y Conservaci\u00f3n de las Aves Rapaces en Argentina (CECARA), de la\u00a0 Facultad de Ciencias Exactas y Naturales de la Universidad Nacional de La Pampa, UNLPambiental y la Fundaci\u00f3n Kar\u00fa Map\u00fa.<\/p>\n\n\n\n<p>\u201cEl Jard\u00edn Bot\u00e1nico de Toay y todo su entorno conforman un espacio ideal para el desarrollo de actividades de educaci\u00f3n ambiental en la Provincia\u201d, se\u00f1alaron a la Agencia Provincial de Noticias desde la Fundaci\u00f3n.<\/p>\n\n\n\n<p>En ese sentido adelantaron que se comenzar\u00e1 con un taller destinado a toda la familia, para aprender a separar los residuos en origen. Luego se profundizar\u00e1 en la importancia de la separaci\u00f3n de residuos en origen, y en c\u00f3mo se est\u00e1 llevando a cabo esta separaci\u00f3n en la Provincia. Para finalizar este primer encuentro se realizar\u00e1n actividades l\u00fadicas como pr\u00e1ctica de la separaci\u00f3n.<\/p>\n\n\n\n<p>Para m\u00e1s informaci\u00f3n comunicarse con el Jard\u00edn Bot\u00e1nico Provincial&nbsp; whatsapp: 2954-292441.<\/p>\n","protected":false},"excerpt":{"rendered":"<p>El Ministerio de la Producci\u00f3n a trav\u00e9s de la Direcci\u00f3n General de Recursos Naturales invit\u00f3 al Taller de Separaci\u00f3n de Residuos en Origen, a llevarse a cabo el 22 de&hellip;<\/p>\n","protected":false},"author":4,"featured_media":146226,"comment_status":"closed","ping_status":"open","sticky":false,"template":"","format":"standard","meta":{"_acf_changed":false,"footnotes":""},"categories":[1,12],"tags":[],"class_list":["post-222959","post","type-post","status-publish","format-standard","has-post-thumbnail","hentry","category-es-noticia","category-sociedad"],"acf":[],"yoast_head":"<!-- This site is optimized with the Yoast SEO plugin v27.5 - https:\/\/yoast.com\/product\/yoast-seo-wordpress\/ -->\n<title>Invitan a taller de separaci\u00f3n de residuos, en el Bot\u00e1nico Provincial - Diario Textual<\/title>\n<meta name=\"robots\" content=\"index, follow, max-snippet:-1, max-image-preview:large, max-video-preview:-1\" \/>\n<link rel=\"canonical\" href=\"https:\/\/diariotextual.com\/inicio\/index.php\/2023\/04\/21\/invitan-a-taller-de-separacion-de-residuos-en-el-botanico-provincial\/\" \/>\n<meta property=\"og:locale\" content=\"es_ES\" \/>\n<meta property=\"og:type\" content=\"article\" \/>\n<meta property=\"og:title\" content=\"Invitan a taller de separaci\u00f3n de residuos, en el Bot\u00e1nico Provincial - Diario Textual\" \/>\n<meta property=\"og:description\" content=\"El Ministerio de la Producci\u00f3n a trav\u00e9s de la Direcci\u00f3n General de Recursos Naturales invit\u00f3 al Taller de Separaci\u00f3n de Residuos en Origen, a llevarse a cabo el 22 de&hellip;\" \/>\n<meta property=\"og:url\" content=\"https:\/\/diariotextual.com\/inicio\/index.php\/2023\/04\/21\/invitan-a-taller-de-separacion-de-residuos-en-el-botanico-provincial\/\" \/>\n<meta property=\"og:site_name\" content=\"Diario Textual\" \/>\n<meta property=\"article:publisher\" content=\"https:\/\/www.facebook.com\/eltextual\" \/>\n<meta property=\"article:published_time\" content=\"2023-04-21T09:44:14+00:00\" \/>\n<meta property=\"article:modified_time\" content=\"2023-04-21T09:44:15+00:00\" \/>\n<meta property=\"og:image\" content=\"https:\/\/diariotextual.com\/inicio\/wp-content\/uploads\/2021\/05\/residuosreciclado321o.jpg\" \/>\n\t<meta property=\"og:image:width\" content=\"768\" \/>\n\t<meta property=\"og:image:height\" content=\"480\" \/>\n\t<meta property=\"og:image:type\" content=\"image\/jpeg\" \/>\n<meta name=\"author\" content=\"diario2\" \/>\n<meta name=\"twitter:card\" content=\"summary_large_image\" \/>\n<meta name=\"twitter:creator\" content=\"@eltextual\" \/>\n<meta name=\"twitter:site\" content=\"@eltextual\" \/>\n<meta name=\"twitter:label1\" content=\"Escrito por\" \/>\n\t<meta name=\"twitter:data1\" content=\"diario2\" \/>\n\t<meta name=\"twitter:label2\" content=\"Tiempo de lectura\" \/>\n\t<meta name=\"twitter:data2\" content=\"1 minuto\" \/>\n<script type=\"application\/ld+json\" class=\"yoast-schema-graph\">{\"@context\":\"https:\\\/\\\/schema.org\",\"@graph\":[{\"@type\":\"Article\",\"@id\":\"https:\\\/\\\/diariotextual.com\\\/inicio\\\/index.php\\\/2023\\\/04\\\/21\\\/invitan-a-taller-de-separacion-de-residuos-en-el-botanico-provincial\\\/#article\",\"isPartOf\":{\"@id\":\"https:\\\/\\\/diariotextual.com\\\/inicio\\\/index.php\\\/2023\\\/04\\\/21\\\/invitan-a-taller-de-separacion-de-residuos-en-el-botanico-provincial\\\/\"},\"author\":{\"name\":\"diario2\",\"@id\":\"https:\\\/\\\/diariotextual.com\\\/inicio\\\/#\\\/schema\\\/person\\\/694f60677f23c4a530867a98f22b3768\"},\"headline\":\"Invitan a taller de separaci\u00f3n de residuos, en el Bot\u00e1nico Provincial\",\"datePublished\":\"2023-04-21T09:44:14+00:00\",\"dateModified\":\"2023-04-21T09:44:15+00:00\",\"mainEntityOfPage\":{\"@id\":\"https:\\\/\\\/diariotextual.com\\\/inicio\\\/index.php\\\/2023\\\/04\\\/21\\\/invitan-a-taller-de-separacion-de-residuos-en-el-botanico-provincial\\\/\"},\"wordCount\":248,\"publisher\":{\"@id\":\"https:\\\/\\\/diariotextual.com\\\/inicio\\\/#organization\"},\"image\":{\"@id\":\"https:\\\/\\\/diariotextual.com\\\/inicio\\\/index.php\\\/2023\\\/04\\\/21\\\/invitan-a-taller-de-separacion-de-residuos-en-el-botanico-provincial\\\/#primaryimage\"},\"thumbnailUrl\":\"https:\\\/\\\/diariotextual.com\\\/inicio\\\/wp-content\\\/uploads\\\/2021\\\/05\\\/residuosreciclado321o.jpg\",\"articleSection\":[\"A - ES NOTICIA (van abajo)\",\"SOCIEDAD\"],\"inLanguage\":\"es\"},{\"@type\":\"WebPage\",\"@id\":\"https:\\\/\\\/diariotextual.com\\\/inicio\\\/index.php\\\/2023\\\/04\\\/21\\\/invitan-a-taller-de-separacion-de-residuos-en-el-botanico-provincial\\\/\",\"url\":\"https:\\\/\\\/diariotextual.com\\\/inicio\\\/index.php\\\/2023\\\/04\\\/21\\\/invitan-a-taller-de-separacion-de-residuos-en-el-botanico-provincial\\\/\",\"name\":\"Invitan a taller de separaci\u00f3n de residuos, en el Bot\u00e1nico Provincial - Diario Textual\",\"isPartOf\":{\"@id\":\"https:\\\/\\\/diariotextual.com\\\/inicio\\\/#website\"},\"primaryImageOfPage\":{\"@id\":\"https:\\\/\\\/diariotextual.com\\\/inicio\\\/index.php\\\/2023\\\/04\\\/21\\\/invitan-a-taller-de-separacion-de-residuos-en-el-botanico-provincial\\\/#primaryimage\"},\"image\":{\"@id\":\"https:\\\/\\\/diariotextual.com\\\/inicio\\\/index.php\\\/2023\\\/04\\\/21\\\/invitan-a-taller-de-separacion-de-residuos-en-el-botanico-provincial\\\/#primaryimage\"},\"thumbnailUrl\":\"https:\\\/\\\/diariotextual.com\\\/inicio\\\/wp-content\\\/uploads\\\/2021\\\/05\\\/residuosreciclado321o.jpg\",\"datePublished\":\"2023-04-21T09:44:14+00:00\",\"dateModified\":\"2023-04-21T09:44:15+00:00\",\"breadcrumb\":{\"@id\":\"https:\\\/\\\/diariotextual.com\\\/inicio\\\/index.php\\\/2023\\\/04\\\/21\\\/invitan-a-taller-de-separacion-de-residuos-en-el-botanico-provincial\\\/#breadcrumb\"},\"inLanguage\":\"es\",\"potentialAction\":[{\"@type\":\"ReadAction\",\"target\":[\"https:\\\/\\\/diariotextual.com\\\/inicio\\\/index.php\\\/2023\\\/04\\\/21\\\/invitan-a-taller-de-separacion-de-residuos-en-el-botanico-provincial\\\/\"]}]},{\"@type\":\"ImageObject\",\"inLanguage\":\"es\",\"@id\":\"https:\\\/\\\/diariotextual.com\\\/inicio\\\/index.php\\\/2023\\\/04\\\/21\\\/invitan-a-taller-de-separacion-de-residuos-en-el-botanico-provincial\\\/#primaryimage\",\"url\":\"https:\\\/\\\/diariotextual.com\\\/inicio\\\/wp-content\\\/uploads\\\/2021\\\/05\\\/residuosreciclado321o.jpg\",\"contentUrl\":\"https:\\\/\\\/diariotextual.com\\\/inicio\\\/wp-content\\\/uploads\\\/2021\\\/05\\\/residuosreciclado321o.jpg\",\"width\":768,\"height\":480},{\"@type\":\"BreadcrumbList\",\"@id\":\"https:\\\/\\\/diariotextual.com\\\/inicio\\\/index.php\\\/2023\\\/04\\\/21\\\/invitan-a-taller-de-separacion-de-residuos-en-el-botanico-provincial\\\/#breadcrumb\",\"itemListElement\":[{\"@type\":\"ListItem\",\"position\":1,\"name\":\"Portada\",\"item\":\"https:\\\/\\\/diariotextual.com\\\/inicio\\\/\"},{\"@type\":\"ListItem\",\"position\":2,\"name\":\"Invitan a taller de separaci\u00f3n de residuos, en el Bot\u00e1nico Provincial\"}]},{\"@type\":\"WebSite\",\"@id\":\"https:\\\/\\\/diariotextual.com\\\/inicio\\\/#website\",\"url\":\"https:\\\/\\\/diariotextual.com\\\/inicio\\\/\",\"name\":\"Diario Textual\",\"description\":\"\",\"publisher\":{\"@id\":\"https:\\\/\\\/diariotextual.com\\\/inicio\\\/#organization\"},\"potentialAction\":[{\"@type\":\"SearchAction\",\"target\":{\"@type\":\"EntryPoint\",\"urlTemplate\":\"https:\\\/\\\/diariotextual.com\\\/inicio\\\/?s={search_term_string}\"},\"query-input\":{\"@type\":\"PropertyValueSpecification\",\"valueRequired\":true,\"valueName\":\"search_term_string\"}}],\"inLanguage\":\"es\"},{\"@type\":\"Organization\",\"@id\":\"https:\\\/\\\/diariotextual.com\\\/inicio\\\/#organization\",\"name\":\"Diario Textual\",\"url\":\"https:\\\/\\\/diariotextual.com\\\/inicio\\\/\",\"logo\":{\"@type\":\"ImageObject\",\"inLanguage\":\"es\",\"@id\":\"https:\\\/\\\/diariotextual.com\\\/inicio\\\/#\\\/schema\\\/logo\\\/image\\\/\",\"url\":\"https:\\\/\\\/diariotextual.com\\\/inicio\\\/wp-content\\\/uploads\\\/2023\\\/05\\\/logotextual1.jpg\",\"contentUrl\":\"https:\\\/\\\/diariotextual.com\\\/inicio\\\/wp-content\\\/uploads\\\/2023\\\/05\\\/logotextual1.jpg\",\"width\":516,\"height\":76,\"caption\":\"Diario Textual\"},\"image\":{\"@id\":\"https:\\\/\\\/diariotextual.com\\\/inicio\\\/#\\\/schema\\\/logo\\\/image\\\/\"},\"sameAs\":[\"https:\\\/\\\/www.facebook.com\\\/eltextual\",\"https:\\\/\\\/x.com\\\/eltextual\",\"http:\\\/\\\/www.instagram.com\\\/eltextual\"]},{\"@type\":\"Person\",\"@id\":\"https:\\\/\\\/diariotextual.com\\\/inicio\\\/#\\\/schema\\\/person\\\/694f60677f23c4a530867a98f22b3768\",\"name\":\"diario2\",\"image\":{\"@type\":\"ImageObject\",\"inLanguage\":\"es\",\"@id\":\"https:\\\/\\\/secure.gravatar.com\\\/avatar\\\/5a2567495ba16b852fcd8f1ed006a2e24fcace936018ed8237e95f488ad6e0a7?s=96&d=mm&r=g\",\"url\":\"https:\\\/\\\/secure.gravatar.com\\\/avatar\\\/5a2567495ba16b852fcd8f1ed006a2e24fcace936018ed8237e95f488ad6e0a7?s=96&d=mm&r=g\",\"contentUrl\":\"https:\\\/\\\/secure.gravatar.com\\\/avatar\\\/5a2567495ba16b852fcd8f1ed006a2e24fcace936018ed8237e95f488ad6e0a7?s=96&d=mm&r=g\",\"caption\":\"diario2\"},\"url\":\"https:\\\/\\\/diariotextual.com\\\/inicio\\\/index.php\\\/author\\\/diario2\\\/\"}]}<\/script>\n<!-- \/ Yoast SEO plugin. -->","yoast_head_json":{"title":"Invitan a taller de separaci\u00f3n de residuos, en el Bot\u00e1nico Provincial - Diario Textual","robots":{"index":"index","follow":"follow","max-snippet":"max-snippet:-1","max-image-preview":"max-image-preview:large","max-video-preview":"max-video-preview:-1"},"canonical":"https:\/\/diariotextual.com\/inicio\/index.php\/2023\/04\/21\/invitan-a-taller-de-separacion-de-residuos-en-el-botanico-provincial\/","og_locale":"es_ES","og_type":"article","og_title":"Invitan a taller de separaci\u00f3n de residuos, en el Bot\u00e1nico Provincial - Diario Textual","og_description":"El Ministerio de la Producci\u00f3n a trav\u00e9s de la Direcci\u00f3n General de Recursos Naturales invit\u00f3 al Taller de Separaci\u00f3n de Residuos en Origen, a llevarse a cabo el 22 de&hellip;","og_url":"https:\/\/diariotextual.com\/inicio\/index.php\/2023\/04\/21\/invitan-a-taller-de-separacion-de-residuos-en-el-botanico-provincial\/","og_site_name":"Diario Textual","article_publisher":"https:\/\/www.facebook.com\/eltextual","article_published_time":"2023-04-21T09:44:14+00:00","article_modified_time":"2023-04-21T09:44:15+00:00","og_image":[{"width":768,"height":480,"url":"https:\/\/diariotextual.com\/inicio\/wp-content\/uploads\/2021\/05\/residuosreciclado321o.jpg","type":"image\/jpeg"}],"author":"diario2","twitter_card":"summary_large_image","twitter_creator":"@eltextual","twitter_site":"@eltextual","twitter_misc":{"Escrito por":"diario2","Tiempo de lectura":"1 minuto"},"schema":{"@context":"https:\/\/schema.org","@graph":[{"@type":"Article","@id":"https:\/\/diariotextual.com\/inicio\/index.php\/2023\/04\/21\/invitan-a-taller-de-separacion-de-residuos-en-el-botanico-provincial\/#article","isPartOf":{"@id":"https:\/\/diariotextual.com\/inicio\/index.php\/2023\/04\/21\/invitan-a-taller-de-separacion-de-residuos-en-el-botanico-provincial\/"},"author":{"name":"diario2","@id":"https:\/\/diariotextual.com\/inicio\/#\/schema\/person\/694f60677f23c4a530867a98f22b3768"},"headline":"Invitan a taller de separaci\u00f3n de residuos, en el Bot\u00e1nico Provincial","datePublished":"2023-04-21T09:44:14+00:00","dateModified":"2023-04-21T09:44:15+00:00","mainEntityOfPage":{"@id":"https:\/\/diariotextual.com\/inicio\/index.php\/2023\/04\/21\/invitan-a-taller-de-separacion-de-residuos-en-el-botanico-provincial\/"},"wordCount":248,"publisher":{"@id":"https:\/\/diariotextual.com\/inicio\/#organization"},"image":{"@id":"https:\/\/diariotextual.com\/inicio\/index.php\/2023\/04\/21\/invitan-a-taller-de-separacion-de-residuos-en-el-botanico-provincial\/#primaryimage"},"thumbnailUrl":"https:\/\/diariotextual.com\/inicio\/wp-content\/uploads\/2021\/05\/residuosreciclado321o.jpg","articleSection":["A - ES NOTICIA (van abajo)","SOCIEDAD"],"inLanguage":"es"},{"@type":"WebPage","@id":"https:\/\/diariotextual.com\/inicio\/index.php\/2023\/04\/21\/invitan-a-taller-de-separacion-de-residuos-en-el-botanico-provincial\/","url":"https:\/\/diariotextual.com\/inicio\/index.php\/2023\/04\/21\/invitan-a-taller-de-separacion-de-residuos-en-el-botanico-provincial\/","name":"Invitan a taller de separaci\u00f3n de residuos, en el Bot\u00e1nico Provincial - Diario Textual","isPartOf":{"@id":"https:\/\/diariotextual.com\/inicio\/#website"},"primaryImageOfPage":{"@id":"https:\/\/diariotextual.com\/inicio\/index.php\/2023\/04\/21\/invitan-a-taller-de-separacion-de-residuos-en-el-botanico-provincial\/#primaryimage"},"image":{"@id":"https:\/\/diariotextual.com\/inicio\/index.php\/2023\/04\/21\/invitan-a-taller-de-separacion-de-residuos-en-el-botanico-provincial\/#primaryimage"},"thumbnailUrl":"https:\/\/diariotextual.com\/inicio\/wp-content\/uploads\/2021\/05\/residuosreciclado321o.jpg","datePublished":"2023-04-21T09:44:14+00:00","dateModified":"2023-04-21T09:44:15+00:00","breadcrumb":{"@id":"https:\/\/diariotextual.com\/inicio\/index.php\/2023\/04\/21\/invitan-a-taller-de-separacion-de-residuos-en-el-botanico-provincial\/#breadcrumb"},"inLanguage":"es","potentialAction":[{"@type":"ReadAction","target":["https:\/\/diariotextual.com\/inicio\/index.php\/2023\/04\/21\/invitan-a-taller-de-separacion-de-residuos-en-el-botanico-provincial\/"]}]},{"@type":"ImageObject","inLanguage":"es","@id":"https:\/\/diariotextual.com\/inicio\/index.php\/2023\/04\/21\/invitan-a-taller-de-separacion-de-residuos-en-el-botanico-provincial\/#primaryimage","url":"https:\/\/diariotextual.com\/inicio\/wp-content\/uploads\/2021\/05\/residuosreciclado321o.jpg","contentUrl":"https:\/\/diariotextual.com\/inicio\/wp-content\/uploads\/2021\/05\/residuosreciclado321o.jpg","width":768,"height":480},{"@type":"BreadcrumbList","@id":"https:\/\/diariotextual.com\/inicio\/index.php\/2023\/04\/21\/invitan-a-taller-de-separacion-de-residuos-en-el-botanico-provincial\/#breadcrumb","itemListElement":[{"@type":"ListItem","position":1,"name":"Portada","item":"https:\/\/diariotextual.com\/inicio\/"},{"@type":"ListItem","position":2,"name":"Invitan a taller de separaci\u00f3n de residuos, en el Bot\u00e1nico Provincial"}]},{"@type":"WebSite","@id":"https:\/\/diariotextual.com\/inicio\/#website","url":"https:\/\/diariotextual.com\/inicio\/","name":"Diario Textual","description":"","publisher":{"@id":"https:\/\/diariotextual.com\/inicio\/#organization"},"potentialAction":[{"@type":"SearchAction","target":{"@type":"EntryPoint","urlTemplate":"https:\/\/diariotextual.com\/inicio\/?s={search_term_string}"},"query-input":{"@type":"PropertyValueSpecification","valueRequired":true,"valueName":"search_term_string"}}],"inLanguage":"es"},{"@type":"Organization","@id":"https:\/\/diariotextual.com\/inicio\/#organization","name":"Diario Textual","url":"https:\/\/diariotextual.com\/inicio\/","logo":{"@type":"ImageObject","inLanguage":"es","@id":"https:\/\/diariotextual.com\/inicio\/#\/schema\/logo\/image\/","url":"https:\/\/diariotextual.com\/inicio\/wp-content\/uploads\/2023\/05\/logotextual1.jpg","contentUrl":"https:\/\/diariotextual.com\/inicio\/wp-content\/uploads\/2023\/05\/logotextual1.jpg","width":516,"height":76,"caption":"Diario Textual"},"image":{"@id":"https:\/\/diariotextual.com\/inicio\/#\/schema\/logo\/image\/"},"sameAs":["https:\/\/www.facebook.com\/eltextual","https:\/\/x.com\/eltextual","http:\/\/www.instagram.com\/eltextual"]},{"@type":"Person","@id":"https:\/\/diariotextual.com\/inicio\/#\/schema\/person\/694f60677f23c4a530867a98f22b3768","name":"diario2","image":{"@type":"ImageObject","inLanguage":"es","@id":"https:\/\/secure.gravatar.com\/avatar\/5a2567495ba16b852fcd8f1ed006a2e24fcace936018ed8237e95f488ad6e0a7?s=96&d=mm&r=g","url":"https:\/\/secure.gravatar.com\/avatar\/5a2567495ba16b852fcd8f1ed006a2e24fcace936018ed8237e95f488ad6e0a7?s=96&d=mm&r=g","contentUrl":"https:\/\/secure.gravatar.com\/avatar\/5a2567495ba16b852fcd8f1ed006a2e24fcace936018ed8237e95f488ad6e0a7?s=96&d=mm&r=g","caption":"diario2"},"url":"https:\/\/diariotextual.com\/inicio\/index.php\/author\/diario2\/"}]}},"_links":{"self":[{"href":"https:\/\/diariotextual.com\/inicio\/index.php\/wp-json\/wp\/v2\/posts\/222959","targetHints":{"allow":["GET"]}}],"collection":[{"href":"https:\/\/diariotextual.com\/inicio\/index.php\/wp-json\/wp\/v2\/posts"}],"about":[{"href":"https:\/\/diariotextual.com\/inicio\/index.php\/wp-json\/wp\/v2\/types\/post"}],"author":[{"embeddable":true,"href":"https:\/\/diariotextual.com\/inicio\/index.php\/wp-json\/wp\/v2\/users\/4"}],"replies":[{"embeddable":true,"href":"https:\/\/diariotextual.com\/inicio\/index.php\/wp-json\/wp\/v2\/comments?post=222959"}],"version-history":[{"count":1,"href":"https:\/\/diariotextual.com\/inicio\/index.php\/wp-json\/wp\/v2\/posts\/222959\/revisions"}],"predecessor-version":[{"id":222960,"href":"https:\/\/diariotextual.com\/inicio\/index.php\/wp-json\/wp\/v2\/posts\/222959\/revisions\/222960"}],"wp:featuredmedia":[{"embeddable":true,"href":"https:\/\/diariotextual.com\/inicio\/index.php\/wp-json\/wp\/v2\/media\/146226"}],"wp:attachment":[{"href":"https:\/\/diariotextual.com\/inicio\/index.php\/wp-json\/wp\/v2\/media?parent=222959"}],"wp:term":[{"taxonomy":"category","embeddable":true,"href":"https:\/\/diariotextual.com\/inicio\/index.php\/wp-json\/wp\/v2\/categories?post=222959"},{"taxonomy":"post_tag","embeddable":true,"href":"https:\/\/diariotextual.com\/inicio\/index.php\/wp-json\/wp\/v2\/tags?post=222959"}],"curies":[{"name":"wp","href":"https:\/\/api.w.org\/{rel}","templated":true}]}}