{"id":222976,"date":"2023-04-21T07:36:24","date_gmt":"2023-04-21T10:36:24","guid":{"rendered":"https:\/\/diariotextual.com\/inicio\/?p=222976"},"modified":"2023-04-21T07:37:17","modified_gmt":"2023-04-21T10:37:17","slug":"gran-cierre-de-la-fiesta-provincial-del-teatro-conoce-la-programacion-del-viernes","status":"publish","type":"post","link":"https:\/\/diariotextual.com\/inicio\/index.php\/2023\/04\/21\/gran-cierre-de-la-fiesta-provincial-del-teatro-conoce-la-programacion-del-viernes\/","title":{"rendered":"Gran cierre de la Fiesta Provincial del Teatro: conoc\u00e9 la programaci\u00f3n del viernes"},"content":{"rendered":"\n<p>Culmina este viernes la <strong>41\u00b0 edici\u00f3n de la Fiesta Provincial del Teatro <\/strong>con una variada programaci\u00f3n para disfrutar de obras en diferentes salas de la ciudad con entrada libre y gratuita. Por la noche se realizar\u00e1 el cierre en la discoteca Jockey Club.<\/p>\n\n\n\n<p>Durante la semana el evento transcurri\u00f3 con gran \u00e9xito y funciones a sala llena en cada jornada.<\/p>\n\n\n\n<p>Las obras que se presentar\u00e1n este viernes 21 son las siguientes:<\/p>\n\n\n\n<p><strong>11:00 hs, sala ATTP , \u201cSantos\u201d,<\/strong> un circo minimal y teatro de objetos, que circular\u00e1 alrededor de una historia de amor grotesca y delirante. La obra es de Claudio Inferno y Eleazar Fanjul y cuenta con la direcci\u00f3n de Karl Stets.<\/p>\n\n\n\n<p><strong>15:00 hs, en el Teatro Espa\u00f1ol, \u201cReina mala\u201d<\/strong>, un espect\u00e1culo teatral infantil, en el que act\u00faan Betina Vilari\u00f1o y Vanesa Casayes. (Entradas agotadas)<\/p>\n\n\n\n<p><strong>16:00 hs, en TKQ, \u201cMi mu\u00f1equita\u201d,<\/strong> una obra que presenta los arquetipos de familia y simult\u00e1neamente desestabiliza el concepto de la familia como instituci\u00f3n a trav\u00e9s de una familia fragmentada cuya historia est\u00e1 colmada de violencia. Act\u00faan: Marina Asquini, Carolina Courty, Pablo Acosta, Rub\u00e9n Herrera, Marina Castillo, Silvia Maina. Dirige: Norberto Tojo.<\/p>\n\n\n\n<p><strong>17:00 hs en el Teatro Espa\u00f1ol, \u201cFiesta en la Academia\u201d<\/strong>, una obra de teatro inclusivo.<\/p>\n\n\n\n<p><strong>17:30 hs, en el Parque Oliver, \u201cTe bailo\u201d<\/strong>, circo teatro de la compa\u00f1\u00eda De Circolibr\u00ed (Enzo Wiggenhauser y Florencia Mart\u00ednez Saraevich).<\/p>\n\n\n\n<p><strong>18:00 hs, sala ATTP, \u201cHacheras\u201d,<\/strong> una obra que a partir del aporte est\u00e9tico de la poes\u00eda de Teresa P\u00e9rez, m\u00e1s la investigaci\u00f3n y el registro de vidas reales, construy\u00f3 una recuperaci\u00f3n de la historia de las mujeres hacheras, quienes participaron del desmonte de cald\u00e9n en el territorio nacional que luego se convirti\u00f3 en provincia de La Pampa.<\/p>\n\n\n\n<p><strong>20 hs, en el Centro Municipal de Cultura (CMC), \u201cHumoramor\u201d.<\/strong><\/p>\n\n\n\n<p><strong>21:30 hs, en el Teatro Espa\u00f1ol \u201cPolic\u00edas versus OVNIS\u201d,<\/strong> una obra basada en una historia real e irrefutable. El encuentro teatral de extraterrestres y miembros de la Polic\u00eda m\u00e1s emblem\u00e1tico de la ovnilog\u00eda interestelar. La obra es de Paula Echalecu y cuenta con la direcci\u00f3n de Dar\u00edo Quiroga. Act\u00faan Ramiro Rodr\u00edguez, Javier Moldovan y Davito Matzkin.<\/p>\n\n\n\n<p><strong>Cierre: a las 22:30 horas, en el Jockey <\/strong>(9 de Julio 234), abierto a toda la comunidad. Se presentar\u00e1 \u201cDesarraigo\u201d, la Compa\u00f1\u00eda Tiempos y Grupo Lxs Random.<\/p>\n","protected":false},"excerpt":{"rendered":"<p>Culmina este viernes la 41\u00b0 edici\u00f3n de la Fiesta Provincial del Teatro con una variada programaci\u00f3n para disfrutar de obras en diferentes salas de la ciudad con entrada libre y&hellip;<\/p>\n","protected":false},"author":4,"featured_media":222983,"comment_status":"closed","ping_status":"open","sticky":false,"template":"","format":"standard","meta":{"_acf_changed":false,"footnotes":""},"categories":[1,2],"tags":[],"class_list":["post-222976","post","type-post","status-publish","format-standard","has-post-thumbnail","hentry","category-es-noticia","category-cultura"],"acf":[],"yoast_head":"<!-- This site is optimized with the Yoast SEO plugin v27.5 - https:\/\/yoast.com\/product\/yoast-seo-wordpress\/ -->\n<title>Gran cierre de la Fiesta Provincial del Teatro: conoc\u00e9 la programaci\u00f3n del viernes - Diario Textual<\/title>\n<meta name=\"robots\" content=\"index, follow, max-snippet:-1, max-image-preview:large, max-video-preview:-1\" \/>\n<link rel=\"canonical\" href=\"https:\/\/diariotextual.com\/inicio\/index.php\/2023\/04\/21\/gran-cierre-de-la-fiesta-provincial-del-teatro-conoce-la-programacion-del-viernes\/\" \/>\n<meta property=\"og:locale\" content=\"es_ES\" \/>\n<meta property=\"og:type\" content=\"article\" \/>\n<meta property=\"og:title\" content=\"Gran cierre de la Fiesta Provincial del Teatro: conoc\u00e9 la programaci\u00f3n del viernes - Diario Textual\" \/>\n<meta property=\"og:description\" content=\"Culmina este viernes la 41\u00b0 edici\u00f3n de la Fiesta Provincial del Teatro con una variada programaci\u00f3n para disfrutar de obras en diferentes salas de la ciudad con entrada libre y&hellip;\" \/>\n<meta property=\"og:url\" content=\"https:\/\/diariotextual.com\/inicio\/index.php\/2023\/04\/21\/gran-cierre-de-la-fiesta-provincial-del-teatro-conoce-la-programacion-del-viernes\/\" \/>\n<meta property=\"og:site_name\" content=\"Diario Textual\" \/>\n<meta property=\"article:publisher\" content=\"https:\/\/www.facebook.com\/eltextual\" \/>\n<meta property=\"article:published_time\" content=\"2023-04-21T10:36:24+00:00\" \/>\n<meta property=\"article:modified_time\" content=\"2023-04-21T10:37:17+00:00\" \/>\n<meta property=\"og:image\" content=\"https:\/\/diariotextual.com\/inicio\/wp-content\/uploads\/2023\/04\/teatroattpfiestateatro7438546.jpg\" \/>\n\t<meta property=\"og:image:width\" content=\"1446\" \/>\n\t<meta property=\"og:image:height\" content=\"932\" \/>\n\t<meta property=\"og:image:type\" content=\"image\/jpeg\" \/>\n<meta name=\"author\" content=\"diario2\" \/>\n<meta name=\"twitter:card\" content=\"summary_large_image\" \/>\n<meta name=\"twitter:creator\" content=\"@eltextual\" \/>\n<meta name=\"twitter:site\" content=\"@eltextual\" \/>\n<meta name=\"twitter:label1\" content=\"Escrito por\" \/>\n\t<meta name=\"twitter:data1\" content=\"diario2\" \/>\n\t<meta name=\"twitter:label2\" content=\"Tiempo de lectura\" \/>\n\t<meta name=\"twitter:data2\" content=\"2 minutos\" \/>\n<script type=\"application\/ld+json\" class=\"yoast-schema-graph\">{\"@context\":\"https:\\\/\\\/schema.org\",\"@graph\":[{\"@type\":\"Article\",\"@id\":\"https:\\\/\\\/diariotextual.com\\\/inicio\\\/index.php\\\/2023\\\/04\\\/21\\\/gran-cierre-de-la-fiesta-provincial-del-teatro-conoce-la-programacion-del-viernes\\\/#article\",\"isPartOf\":{\"@id\":\"https:\\\/\\\/diariotextual.com\\\/inicio\\\/index.php\\\/2023\\\/04\\\/21\\\/gran-cierre-de-la-fiesta-provincial-del-teatro-conoce-la-programacion-del-viernes\\\/\"},\"author\":{\"name\":\"diario2\",\"@id\":\"https:\\\/\\\/diariotextual.com\\\/inicio\\\/#\\\/schema\\\/person\\\/694f60677f23c4a530867a98f22b3768\"},\"headline\":\"Gran cierre de la Fiesta Provincial del Teatro: conoc\u00e9 la programaci\u00f3n del viernes\",\"datePublished\":\"2023-04-21T10:36:24+00:00\",\"dateModified\":\"2023-04-21T10:37:17+00:00\",\"mainEntityOfPage\":{\"@id\":\"https:\\\/\\\/diariotextual.com\\\/inicio\\\/index.php\\\/2023\\\/04\\\/21\\\/gran-cierre-de-la-fiesta-provincial-del-teatro-conoce-la-programacion-del-viernes\\\/\"},\"wordCount\":408,\"publisher\":{\"@id\":\"https:\\\/\\\/diariotextual.com\\\/inicio\\\/#organization\"},\"image\":{\"@id\":\"https:\\\/\\\/diariotextual.com\\\/inicio\\\/index.php\\\/2023\\\/04\\\/21\\\/gran-cierre-de-la-fiesta-provincial-del-teatro-conoce-la-programacion-del-viernes\\\/#primaryimage\"},\"thumbnailUrl\":\"https:\\\/\\\/diariotextual.com\\\/inicio\\\/wp-content\\\/uploads\\\/2023\\\/04\\\/teatroattpfiestateatro7438546.jpg\",\"articleSection\":[\"A - ES NOTICIA (van abajo)\",\"CULTURA\"],\"inLanguage\":\"es\"},{\"@type\":\"WebPage\",\"@id\":\"https:\\\/\\\/diariotextual.com\\\/inicio\\\/index.php\\\/2023\\\/04\\\/21\\\/gran-cierre-de-la-fiesta-provincial-del-teatro-conoce-la-programacion-del-viernes\\\/\",\"url\":\"https:\\\/\\\/diariotextual.com\\\/inicio\\\/index.php\\\/2023\\\/04\\\/21\\\/gran-cierre-de-la-fiesta-provincial-del-teatro-conoce-la-programacion-del-viernes\\\/\",\"name\":\"Gran cierre de la Fiesta Provincial del Teatro: conoc\u00e9 la programaci\u00f3n del viernes - Diario Textual\",\"isPartOf\":{\"@id\":\"https:\\\/\\\/diariotextual.com\\\/inicio\\\/#website\"},\"primaryImageOfPage\":{\"@id\":\"https:\\\/\\\/diariotextual.com\\\/inicio\\\/index.php\\\/2023\\\/04\\\/21\\\/gran-cierre-de-la-fiesta-provincial-del-teatro-conoce-la-programacion-del-viernes\\\/#primaryimage\"},\"image\":{\"@id\":\"https:\\\/\\\/diariotextual.com\\\/inicio\\\/index.php\\\/2023\\\/04\\\/21\\\/gran-cierre-de-la-fiesta-provincial-del-teatro-conoce-la-programacion-del-viernes\\\/#primaryimage\"},\"thumbnailUrl\":\"https:\\\/\\\/diariotextual.com\\\/inicio\\\/wp-content\\\/uploads\\\/2023\\\/04\\\/teatroattpfiestateatro7438546.jpg\",\"datePublished\":\"2023-04-21T10:36:24+00:00\",\"dateModified\":\"2023-04-21T10:37:17+00:00\",\"breadcrumb\":{\"@id\":\"https:\\\/\\\/diariotextual.com\\\/inicio\\\/index.php\\\/2023\\\/04\\\/21\\\/gran-cierre-de-la-fiesta-provincial-del-teatro-conoce-la-programacion-del-viernes\\\/#breadcrumb\"},\"inLanguage\":\"es\",\"potentialAction\":[{\"@type\":\"ReadAction\",\"target\":[\"https:\\\/\\\/diariotextual.com\\\/inicio\\\/index.php\\\/2023\\\/04\\\/21\\\/gran-cierre-de-la-fiesta-provincial-del-teatro-conoce-la-programacion-del-viernes\\\/\"]}]},{\"@type\":\"ImageObject\",\"inLanguage\":\"es\",\"@id\":\"https:\\\/\\\/diariotextual.com\\\/inicio\\\/index.php\\\/2023\\\/04\\\/21\\\/gran-cierre-de-la-fiesta-provincial-del-teatro-conoce-la-programacion-del-viernes\\\/#primaryimage\",\"url\":\"https:\\\/\\\/diariotextual.com\\\/inicio\\\/wp-content\\\/uploads\\\/2023\\\/04\\\/teatroattpfiestateatro7438546.jpg\",\"contentUrl\":\"https:\\\/\\\/diariotextual.com\\\/inicio\\\/wp-content\\\/uploads\\\/2023\\\/04\\\/teatroattpfiestateatro7438546.jpg\",\"width\":1446,\"height\":932},{\"@type\":\"BreadcrumbList\",\"@id\":\"https:\\\/\\\/diariotextual.com\\\/inicio\\\/index.php\\\/2023\\\/04\\\/21\\\/gran-cierre-de-la-fiesta-provincial-del-teatro-conoce-la-programacion-del-viernes\\\/#breadcrumb\",\"itemListElement\":[{\"@type\":\"ListItem\",\"position\":1,\"name\":\"Portada\",\"item\":\"https:\\\/\\\/diariotextual.com\\\/inicio\\\/\"},{\"@type\":\"ListItem\",\"position\":2,\"name\":\"Gran cierre de la Fiesta Provincial del Teatro: conoc\u00e9 la programaci\u00f3n del viernes\"}]},{\"@type\":\"WebSite\",\"@id\":\"https:\\\/\\\/diariotextual.com\\\/inicio\\\/#website\",\"url\":\"https:\\\/\\\/diariotextual.com\\\/inicio\\\/\",\"name\":\"Diario Textual\",\"description\":\"\",\"publisher\":{\"@id\":\"https:\\\/\\\/diariotextual.com\\\/inicio\\\/#organization\"},\"potentialAction\":[{\"@type\":\"SearchAction\",\"target\":{\"@type\":\"EntryPoint\",\"urlTemplate\":\"https:\\\/\\\/diariotextual.com\\\/inicio\\\/?s={search_term_string}\"},\"query-input\":{\"@type\":\"PropertyValueSpecification\",\"valueRequired\":true,\"valueName\":\"search_term_string\"}}],\"inLanguage\":\"es\"},{\"@type\":\"Organization\",\"@id\":\"https:\\\/\\\/diariotextual.com\\\/inicio\\\/#organization\",\"name\":\"Diario Textual\",\"url\":\"https:\\\/\\\/diariotextual.com\\\/inicio\\\/\",\"logo\":{\"@type\":\"ImageObject\",\"inLanguage\":\"es\",\"@id\":\"https:\\\/\\\/diariotextual.com\\\/inicio\\\/#\\\/schema\\\/logo\\\/image\\\/\",\"url\":\"https:\\\/\\\/diariotextual.com\\\/inicio\\\/wp-content\\\/uploads\\\/2023\\\/05\\\/logotextual1.jpg\",\"contentUrl\":\"https:\\\/\\\/diariotextual.com\\\/inicio\\\/wp-content\\\/uploads\\\/2023\\\/05\\\/logotextual1.jpg\",\"width\":516,\"height\":76,\"caption\":\"Diario Textual\"},\"image\":{\"@id\":\"https:\\\/\\\/diariotextual.com\\\/inicio\\\/#\\\/schema\\\/logo\\\/image\\\/\"},\"sameAs\":[\"https:\\\/\\\/www.facebook.com\\\/eltextual\",\"https:\\\/\\\/x.com\\\/eltextual\",\"http:\\\/\\\/www.instagram.com\\\/eltextual\"]},{\"@type\":\"Person\",\"@id\":\"https:\\\/\\\/diariotextual.com\\\/inicio\\\/#\\\/schema\\\/person\\\/694f60677f23c4a530867a98f22b3768\",\"name\":\"diario2\",\"image\":{\"@type\":\"ImageObject\",\"inLanguage\":\"es\",\"@id\":\"https:\\\/\\\/secure.gravatar.com\\\/avatar\\\/5a2567495ba16b852fcd8f1ed006a2e24fcace936018ed8237e95f488ad6e0a7?s=96&d=mm&r=g\",\"url\":\"https:\\\/\\\/secure.gravatar.com\\\/avatar\\\/5a2567495ba16b852fcd8f1ed006a2e24fcace936018ed8237e95f488ad6e0a7?s=96&d=mm&r=g\",\"contentUrl\":\"https:\\\/\\\/secure.gravatar.com\\\/avatar\\\/5a2567495ba16b852fcd8f1ed006a2e24fcace936018ed8237e95f488ad6e0a7?s=96&d=mm&r=g\",\"caption\":\"diario2\"},\"url\":\"https:\\\/\\\/diariotextual.com\\\/inicio\\\/index.php\\\/author\\\/diario2\\\/\"}]}<\/script>\n<!-- \/ Yoast SEO plugin. -->","yoast_head_json":{"title":"Gran cierre de la Fiesta Provincial del Teatro: conoc\u00e9 la programaci\u00f3n del viernes - Diario Textual","robots":{"index":"index","follow":"follow","max-snippet":"max-snippet:-1","max-image-preview":"max-image-preview:large","max-video-preview":"max-video-preview:-1"},"canonical":"https:\/\/diariotextual.com\/inicio\/index.php\/2023\/04\/21\/gran-cierre-de-la-fiesta-provincial-del-teatro-conoce-la-programacion-del-viernes\/","og_locale":"es_ES","og_type":"article","og_title":"Gran cierre de la Fiesta Provincial del Teatro: conoc\u00e9 la programaci\u00f3n del viernes - Diario Textual","og_description":"Culmina este viernes la 41\u00b0 edici\u00f3n de la Fiesta Provincial del Teatro con una variada programaci\u00f3n para disfrutar de obras en diferentes salas de la ciudad con entrada libre y&hellip;","og_url":"https:\/\/diariotextual.com\/inicio\/index.php\/2023\/04\/21\/gran-cierre-de-la-fiesta-provincial-del-teatro-conoce-la-programacion-del-viernes\/","og_site_name":"Diario Textual","article_publisher":"https:\/\/www.facebook.com\/eltextual","article_published_time":"2023-04-21T10:36:24+00:00","article_modified_time":"2023-04-21T10:37:17+00:00","og_image":[{"width":1446,"height":932,"url":"https:\/\/diariotextual.com\/inicio\/wp-content\/uploads\/2023\/04\/teatroattpfiestateatro7438546.jpg","type":"image\/jpeg"}],"author":"diario2","twitter_card":"summary_large_image","twitter_creator":"@eltextual","twitter_site":"@eltextual","twitter_misc":{"Escrito por":"diario2","Tiempo de lectura":"2 minutos"},"schema":{"@context":"https:\/\/schema.org","@graph":[{"@type":"Article","@id":"https:\/\/diariotextual.com\/inicio\/index.php\/2023\/04\/21\/gran-cierre-de-la-fiesta-provincial-del-teatro-conoce-la-programacion-del-viernes\/#article","isPartOf":{"@id":"https:\/\/diariotextual.com\/inicio\/index.php\/2023\/04\/21\/gran-cierre-de-la-fiesta-provincial-del-teatro-conoce-la-programacion-del-viernes\/"},"author":{"name":"diario2","@id":"https:\/\/diariotextual.com\/inicio\/#\/schema\/person\/694f60677f23c4a530867a98f22b3768"},"headline":"Gran cierre de la Fiesta Provincial del Teatro: conoc\u00e9 la programaci\u00f3n del viernes","datePublished":"2023-04-21T10:36:24+00:00","dateModified":"2023-04-21T10:37:17+00:00","mainEntityOfPage":{"@id":"https:\/\/diariotextual.com\/inicio\/index.php\/2023\/04\/21\/gran-cierre-de-la-fiesta-provincial-del-teatro-conoce-la-programacion-del-viernes\/"},"wordCount":408,"publisher":{"@id":"https:\/\/diariotextual.com\/inicio\/#organization"},"image":{"@id":"https:\/\/diariotextual.com\/inicio\/index.php\/2023\/04\/21\/gran-cierre-de-la-fiesta-provincial-del-teatro-conoce-la-programacion-del-viernes\/#primaryimage"},"thumbnailUrl":"https:\/\/diariotextual.com\/inicio\/wp-content\/uploads\/2023\/04\/teatroattpfiestateatro7438546.jpg","articleSection":["A - ES NOTICIA (van abajo)","CULTURA"],"inLanguage":"es"},{"@type":"WebPage","@id":"https:\/\/diariotextual.com\/inicio\/index.php\/2023\/04\/21\/gran-cierre-de-la-fiesta-provincial-del-teatro-conoce-la-programacion-del-viernes\/","url":"https:\/\/diariotextual.com\/inicio\/index.php\/2023\/04\/21\/gran-cierre-de-la-fiesta-provincial-del-teatro-conoce-la-programacion-del-viernes\/","name":"Gran cierre de la Fiesta Provincial del Teatro: conoc\u00e9 la programaci\u00f3n del viernes - Diario Textual","isPartOf":{"@id":"https:\/\/diariotextual.com\/inicio\/#website"},"primaryImageOfPage":{"@id":"https:\/\/diariotextual.com\/inicio\/index.php\/2023\/04\/21\/gran-cierre-de-la-fiesta-provincial-del-teatro-conoce-la-programacion-del-viernes\/#primaryimage"},"image":{"@id":"https:\/\/diariotextual.com\/inicio\/index.php\/2023\/04\/21\/gran-cierre-de-la-fiesta-provincial-del-teatro-conoce-la-programacion-del-viernes\/#primaryimage"},"thumbnailUrl":"https:\/\/diariotextual.com\/inicio\/wp-content\/uploads\/2023\/04\/teatroattpfiestateatro7438546.jpg","datePublished":"2023-04-21T10:36:24+00:00","dateModified":"2023-04-21T10:37:17+00:00","breadcrumb":{"@id":"https:\/\/diariotextual.com\/inicio\/index.php\/2023\/04\/21\/gran-cierre-de-la-fiesta-provincial-del-teatro-conoce-la-programacion-del-viernes\/#breadcrumb"},"inLanguage":"es","potentialAction":[{"@type":"ReadAction","target":["https:\/\/diariotextual.com\/inicio\/index.php\/2023\/04\/21\/gran-cierre-de-la-fiesta-provincial-del-teatro-conoce-la-programacion-del-viernes\/"]}]},{"@type":"ImageObject","inLanguage":"es","@id":"https:\/\/diariotextual.com\/inicio\/index.php\/2023\/04\/21\/gran-cierre-de-la-fiesta-provincial-del-teatro-conoce-la-programacion-del-viernes\/#primaryimage","url":"https:\/\/diariotextual.com\/inicio\/wp-content\/uploads\/2023\/04\/teatroattpfiestateatro7438546.jpg","contentUrl":"https:\/\/diariotextual.com\/inicio\/wp-content\/uploads\/2023\/04\/teatroattpfiestateatro7438546.jpg","width":1446,"height":932},{"@type":"BreadcrumbList","@id":"https:\/\/diariotextual.com\/inicio\/index.php\/2023\/04\/21\/gran-cierre-de-la-fiesta-provincial-del-teatro-conoce-la-programacion-del-viernes\/#breadcrumb","itemListElement":[{"@type":"ListItem","position":1,"name":"Portada","item":"https:\/\/diariotextual.com\/inicio\/"},{"@type":"ListItem","position":2,"name":"Gran cierre de la Fiesta Provincial del Teatro: conoc\u00e9 la programaci\u00f3n del viernes"}]},{"@type":"WebSite","@id":"https:\/\/diariotextual.com\/inicio\/#website","url":"https:\/\/diariotextual.com\/inicio\/","name":"Diario Textual","description":"","publisher":{"@id":"https:\/\/diariotextual.com\/inicio\/#organization"},"potentialAction":[{"@type":"SearchAction","target":{"@type":"EntryPoint","urlTemplate":"https:\/\/diariotextual.com\/inicio\/?s={search_term_string}"},"query-input":{"@type":"PropertyValueSpecification","valueRequired":true,"valueName":"search_term_string"}}],"inLanguage":"es"},{"@type":"Organization","@id":"https:\/\/diariotextual.com\/inicio\/#organization","name":"Diario Textual","url":"https:\/\/diariotextual.com\/inicio\/","logo":{"@type":"ImageObject","inLanguage":"es","@id":"https:\/\/diariotextual.com\/inicio\/#\/schema\/logo\/image\/","url":"https:\/\/diariotextual.com\/inicio\/wp-content\/uploads\/2023\/05\/logotextual1.jpg","contentUrl":"https:\/\/diariotextual.com\/inicio\/wp-content\/uploads\/2023\/05\/logotextual1.jpg","width":516,"height":76,"caption":"Diario Textual"},"image":{"@id":"https:\/\/diariotextual.com\/inicio\/#\/schema\/logo\/image\/"},"sameAs":["https:\/\/www.facebook.com\/eltextual","https:\/\/x.com\/eltextual","http:\/\/www.instagram.com\/eltextual"]},{"@type":"Person","@id":"https:\/\/diariotextual.com\/inicio\/#\/schema\/person\/694f60677f23c4a530867a98f22b3768","name":"diario2","image":{"@type":"ImageObject","inLanguage":"es","@id":"https:\/\/secure.gravatar.com\/avatar\/5a2567495ba16b852fcd8f1ed006a2e24fcace936018ed8237e95f488ad6e0a7?s=96&d=mm&r=g","url":"https:\/\/secure.gravatar.com\/avatar\/5a2567495ba16b852fcd8f1ed006a2e24fcace936018ed8237e95f488ad6e0a7?s=96&d=mm&r=g","contentUrl":"https:\/\/secure.gravatar.com\/avatar\/5a2567495ba16b852fcd8f1ed006a2e24fcace936018ed8237e95f488ad6e0a7?s=96&d=mm&r=g","caption":"diario2"},"url":"https:\/\/diariotextual.com\/inicio\/index.php\/author\/diario2\/"}]}},"_links":{"self":[{"href":"https:\/\/diariotextual.com\/inicio\/index.php\/wp-json\/wp\/v2\/posts\/222976","targetHints":{"allow":["GET"]}}],"collection":[{"href":"https:\/\/diariotextual.com\/inicio\/index.php\/wp-json\/wp\/v2\/posts"}],"about":[{"href":"https:\/\/diariotextual.com\/inicio\/index.php\/wp-json\/wp\/v2\/types\/post"}],"author":[{"embeddable":true,"href":"https:\/\/diariotextual.com\/inicio\/index.php\/wp-json\/wp\/v2\/users\/4"}],"replies":[{"embeddable":true,"href":"https:\/\/diariotextual.com\/inicio\/index.php\/wp-json\/wp\/v2\/comments?post=222976"}],"version-history":[{"count":2,"href":"https:\/\/diariotextual.com\/inicio\/index.php\/wp-json\/wp\/v2\/posts\/222976\/revisions"}],"predecessor-version":[{"id":222984,"href":"https:\/\/diariotextual.com\/inicio\/index.php\/wp-json\/wp\/v2\/posts\/222976\/revisions\/222984"}],"wp:featuredmedia":[{"embeddable":true,"href":"https:\/\/diariotextual.com\/inicio\/index.php\/wp-json\/wp\/v2\/media\/222983"}],"wp:attachment":[{"href":"https:\/\/diariotextual.com\/inicio\/index.php\/wp-json\/wp\/v2\/media?parent=222976"}],"wp:term":[{"taxonomy":"category","embeddable":true,"href":"https:\/\/diariotextual.com\/inicio\/index.php\/wp-json\/wp\/v2\/categories?post=222976"},{"taxonomy":"post_tag","embeddable":true,"href":"https:\/\/diariotextual.com\/inicio\/index.php\/wp-json\/wp\/v2\/tags?post=222976"}],"curies":[{"name":"wp","href":"https:\/\/api.w.org\/{rel}","templated":true}]}}