{"id":223004,"date":"2023-04-21T13:07:57","date_gmt":"2023-04-21T16:07:57","guid":{"rendered":"https:\/\/diariotextual.com\/inicio\/?p=223004"},"modified":"2023-04-21T13:08:00","modified_gmt":"2023-04-21T16:08:00","slug":"este-domingo-23-corte-de-luz-en-los-barrios-colonia-escalante-sur-y-rio-atuel-de-santa-rosa","status":"publish","type":"post","link":"https:\/\/diariotextual.com\/inicio\/index.php\/2023\/04\/21\/este-domingo-23-corte-de-luz-en-los-barrios-colonia-escalante-sur-y-rio-atuel-de-santa-rosa\/","title":{"rendered":"Este domingo 23, corte de luz en los barrios Colonia Escalante Sur y R\u00edo Atuel de Santa Rosa"},"content":{"rendered":"\n<p>Este domingo 23 de abril, desde las 8 hasta las 12 horas, la Cooperativa Popular de Electricidad (CPE) anunci\u00f3 que se producir\u00e1 un corte programado en el suministro de energ\u00eda el\u00e9ctrica en la zona comprendida por la avenida circunvalaci\u00f3n Santiago Marzo Este y calles Gentili, Garay Vivas y Corona Mart\u00ednez. El corte afecta al barrio R\u00edo Atuel y un sector de Colonia Escalante Sur. <\/p>\n\n\n\n<p>Personal de la CPE remodelar\u00e1 l\u00edneas de media tensi\u00f3n.<\/p>\n","protected":false},"excerpt":{"rendered":"<p>Este domingo 23 de abril, desde las 8 hasta las 12 horas, la Cooperativa Popular de Electricidad (CPE) anunci\u00f3 que se producir\u00e1 un corte programado en el suministro de energ\u00eda&hellip;<\/p>\n","protected":false},"author":4,"featured_media":213995,"comment_status":"closed","ping_status":"open","sticky":false,"template":"","format":"standard","meta":{"_acf_changed":false,"footnotes":""},"categories":[1,12],"tags":[],"class_list":["post-223004","post","type-post","status-publish","format-standard","has-post-thumbnail","hentry","category-es-noticia","category-sociedad"],"acf":[],"yoast_head":"<!-- This site is optimized with the Yoast SEO plugin v27.5 - https:\/\/yoast.com\/product\/yoast-seo-wordpress\/ -->\n<title>Este domingo 23, corte de luz en los barrios Colonia Escalante Sur y R\u00edo Atuel de Santa Rosa - Diario Textual<\/title>\n<meta name=\"robots\" content=\"index, follow, max-snippet:-1, max-image-preview:large, max-video-preview:-1\" \/>\n<link rel=\"canonical\" href=\"https:\/\/diariotextual.com\/inicio\/index.php\/2023\/04\/21\/este-domingo-23-corte-de-luz-en-los-barrios-colonia-escalante-sur-y-rio-atuel-de-santa-rosa\/\" \/>\n<meta property=\"og:locale\" content=\"es_ES\" \/>\n<meta property=\"og:type\" content=\"article\" \/>\n<meta property=\"og:title\" content=\"Este domingo 23, corte de luz en los barrios Colonia Escalante Sur y R\u00edo Atuel de Santa Rosa - Diario Textual\" \/>\n<meta property=\"og:description\" content=\"Este domingo 23 de abril, desde las 8 hasta las 12 horas, la Cooperativa Popular de Electricidad (CPE) anunci\u00f3 que se producir\u00e1 un corte programado en el suministro de energ\u00eda&hellip;\" \/>\n<meta property=\"og:url\" content=\"https:\/\/diariotextual.com\/inicio\/index.php\/2023\/04\/21\/este-domingo-23-corte-de-luz-en-los-barrios-colonia-escalante-sur-y-rio-atuel-de-santa-rosa\/\" \/>\n<meta property=\"og:site_name\" content=\"Diario Textual\" \/>\n<meta property=\"article:publisher\" content=\"https:\/\/www.facebook.com\/eltextual\" \/>\n<meta property=\"article:published_time\" content=\"2023-04-21T16:07:57+00:00\" \/>\n<meta property=\"article:modified_time\" content=\"2023-04-21T16:08:00+00:00\" \/>\n<meta property=\"og:image\" content=\"https:\/\/diariotextual.com\/inicio\/wp-content\/uploads\/2023\/01\/electricidadcpeoperarios2023-1.jpeg\" \/>\n\t<meta property=\"og:image:width\" content=\"1280\" \/>\n\t<meta property=\"og:image:height\" content=\"859\" \/>\n\t<meta property=\"og:image:type\" content=\"image\/jpeg\" \/>\n<meta name=\"author\" content=\"diario2\" \/>\n<meta name=\"twitter:card\" content=\"summary_large_image\" \/>\n<meta name=\"twitter:creator\" content=\"@eltextual\" \/>\n<meta name=\"twitter:site\" content=\"@eltextual\" \/>\n<meta name=\"twitter:label1\" content=\"Escrito por\" \/>\n\t<meta name=\"twitter:data1\" content=\"diario2\" \/>\n\t<meta name=\"twitter:label2\" content=\"Tiempo de lectura\" \/>\n\t<meta name=\"twitter:data2\" content=\"1 minuto\" \/>\n<script type=\"application\/ld+json\" class=\"yoast-schema-graph\">{\"@context\":\"https:\\\/\\\/schema.org\",\"@graph\":[{\"@type\":\"Article\",\"@id\":\"https:\\\/\\\/diariotextual.com\\\/inicio\\\/index.php\\\/2023\\\/04\\\/21\\\/este-domingo-23-corte-de-luz-en-los-barrios-colonia-escalante-sur-y-rio-atuel-de-santa-rosa\\\/#article\",\"isPartOf\":{\"@id\":\"https:\\\/\\\/diariotextual.com\\\/inicio\\\/index.php\\\/2023\\\/04\\\/21\\\/este-domingo-23-corte-de-luz-en-los-barrios-colonia-escalante-sur-y-rio-atuel-de-santa-rosa\\\/\"},\"author\":{\"name\":\"diario2\",\"@id\":\"https:\\\/\\\/diariotextual.com\\\/inicio\\\/#\\\/schema\\\/person\\\/694f60677f23c4a530867a98f22b3768\"},\"headline\":\"Este domingo 23, corte de luz en los barrios Colonia Escalante Sur y R\u00edo Atuel de Santa Rosa\",\"datePublished\":\"2023-04-21T16:07:57+00:00\",\"dateModified\":\"2023-04-21T16:08:00+00:00\",\"mainEntityOfPage\":{\"@id\":\"https:\\\/\\\/diariotextual.com\\\/inicio\\\/index.php\\\/2023\\\/04\\\/21\\\/este-domingo-23-corte-de-luz-en-los-barrios-colonia-escalante-sur-y-rio-atuel-de-santa-rosa\\\/\"},\"wordCount\":95,\"publisher\":{\"@id\":\"https:\\\/\\\/diariotextual.com\\\/inicio\\\/#organization\"},\"image\":{\"@id\":\"https:\\\/\\\/diariotextual.com\\\/inicio\\\/index.php\\\/2023\\\/04\\\/21\\\/este-domingo-23-corte-de-luz-en-los-barrios-colonia-escalante-sur-y-rio-atuel-de-santa-rosa\\\/#primaryimage\"},\"thumbnailUrl\":\"https:\\\/\\\/diariotextual.com\\\/inicio\\\/wp-content\\\/uploads\\\/2023\\\/01\\\/electricidadcpeoperarios2023-1.jpeg\",\"articleSection\":[\"A - ES NOTICIA (van abajo)\",\"SOCIEDAD\"],\"inLanguage\":\"es\"},{\"@type\":\"WebPage\",\"@id\":\"https:\\\/\\\/diariotextual.com\\\/inicio\\\/index.php\\\/2023\\\/04\\\/21\\\/este-domingo-23-corte-de-luz-en-los-barrios-colonia-escalante-sur-y-rio-atuel-de-santa-rosa\\\/\",\"url\":\"https:\\\/\\\/diariotextual.com\\\/inicio\\\/index.php\\\/2023\\\/04\\\/21\\\/este-domingo-23-corte-de-luz-en-los-barrios-colonia-escalante-sur-y-rio-atuel-de-santa-rosa\\\/\",\"name\":\"Este domingo 23, corte de luz en los barrios Colonia Escalante Sur y R\u00edo Atuel de Santa Rosa - Diario Textual\",\"isPartOf\":{\"@id\":\"https:\\\/\\\/diariotextual.com\\\/inicio\\\/#website\"},\"primaryImageOfPage\":{\"@id\":\"https:\\\/\\\/diariotextual.com\\\/inicio\\\/index.php\\\/2023\\\/04\\\/21\\\/este-domingo-23-corte-de-luz-en-los-barrios-colonia-escalante-sur-y-rio-atuel-de-santa-rosa\\\/#primaryimage\"},\"image\":{\"@id\":\"https:\\\/\\\/diariotextual.com\\\/inicio\\\/index.php\\\/2023\\\/04\\\/21\\\/este-domingo-23-corte-de-luz-en-los-barrios-colonia-escalante-sur-y-rio-atuel-de-santa-rosa\\\/#primaryimage\"},\"thumbnailUrl\":\"https:\\\/\\\/diariotextual.com\\\/inicio\\\/wp-content\\\/uploads\\\/2023\\\/01\\\/electricidadcpeoperarios2023-1.jpeg\",\"datePublished\":\"2023-04-21T16:07:57+00:00\",\"dateModified\":\"2023-04-21T16:08:00+00:00\",\"breadcrumb\":{\"@id\":\"https:\\\/\\\/diariotextual.com\\\/inicio\\\/index.php\\\/2023\\\/04\\\/21\\\/este-domingo-23-corte-de-luz-en-los-barrios-colonia-escalante-sur-y-rio-atuel-de-santa-rosa\\\/#breadcrumb\"},\"inLanguage\":\"es\",\"potentialAction\":[{\"@type\":\"ReadAction\",\"target\":[\"https:\\\/\\\/diariotextual.com\\\/inicio\\\/index.php\\\/2023\\\/04\\\/21\\\/este-domingo-23-corte-de-luz-en-los-barrios-colonia-escalante-sur-y-rio-atuel-de-santa-rosa\\\/\"]}]},{\"@type\":\"ImageObject\",\"inLanguage\":\"es\",\"@id\":\"https:\\\/\\\/diariotextual.com\\\/inicio\\\/index.php\\\/2023\\\/04\\\/21\\\/este-domingo-23-corte-de-luz-en-los-barrios-colonia-escalante-sur-y-rio-atuel-de-santa-rosa\\\/#primaryimage\",\"url\":\"https:\\\/\\\/diariotextual.com\\\/inicio\\\/wp-content\\\/uploads\\\/2023\\\/01\\\/electricidadcpeoperarios2023-1.jpeg\",\"contentUrl\":\"https:\\\/\\\/diariotextual.com\\\/inicio\\\/wp-content\\\/uploads\\\/2023\\\/01\\\/electricidadcpeoperarios2023-1.jpeg\",\"width\":1280,\"height\":859},{\"@type\":\"BreadcrumbList\",\"@id\":\"https:\\\/\\\/diariotextual.com\\\/inicio\\\/index.php\\\/2023\\\/04\\\/21\\\/este-domingo-23-corte-de-luz-en-los-barrios-colonia-escalante-sur-y-rio-atuel-de-santa-rosa\\\/#breadcrumb\",\"itemListElement\":[{\"@type\":\"ListItem\",\"position\":1,\"name\":\"Portada\",\"item\":\"https:\\\/\\\/diariotextual.com\\\/inicio\\\/\"},{\"@type\":\"ListItem\",\"position\":2,\"name\":\"Este domingo 23, corte de luz en los barrios Colonia Escalante Sur y R\u00edo Atuel de Santa Rosa\"}]},{\"@type\":\"WebSite\",\"@id\":\"https:\\\/\\\/diariotextual.com\\\/inicio\\\/#website\",\"url\":\"https:\\\/\\\/diariotextual.com\\\/inicio\\\/\",\"name\":\"Diario Textual\",\"description\":\"\",\"publisher\":{\"@id\":\"https:\\\/\\\/diariotextual.com\\\/inicio\\\/#organization\"},\"potentialAction\":[{\"@type\":\"SearchAction\",\"target\":{\"@type\":\"EntryPoint\",\"urlTemplate\":\"https:\\\/\\\/diariotextual.com\\\/inicio\\\/?s={search_term_string}\"},\"query-input\":{\"@type\":\"PropertyValueSpecification\",\"valueRequired\":true,\"valueName\":\"search_term_string\"}}],\"inLanguage\":\"es\"},{\"@type\":\"Organization\",\"@id\":\"https:\\\/\\\/diariotextual.com\\\/inicio\\\/#organization\",\"name\":\"Diario Textual\",\"url\":\"https:\\\/\\\/diariotextual.com\\\/inicio\\\/\",\"logo\":{\"@type\":\"ImageObject\",\"inLanguage\":\"es\",\"@id\":\"https:\\\/\\\/diariotextual.com\\\/inicio\\\/#\\\/schema\\\/logo\\\/image\\\/\",\"url\":\"https:\\\/\\\/diariotextual.com\\\/inicio\\\/wp-content\\\/uploads\\\/2023\\\/05\\\/logotextual1.jpg\",\"contentUrl\":\"https:\\\/\\\/diariotextual.com\\\/inicio\\\/wp-content\\\/uploads\\\/2023\\\/05\\\/logotextual1.jpg\",\"width\":516,\"height\":76,\"caption\":\"Diario Textual\"},\"image\":{\"@id\":\"https:\\\/\\\/diariotextual.com\\\/inicio\\\/#\\\/schema\\\/logo\\\/image\\\/\"},\"sameAs\":[\"https:\\\/\\\/www.facebook.com\\\/eltextual\",\"https:\\\/\\\/x.com\\\/eltextual\",\"http:\\\/\\\/www.instagram.com\\\/eltextual\"]},{\"@type\":\"Person\",\"@id\":\"https:\\\/\\\/diariotextual.com\\\/inicio\\\/#\\\/schema\\\/person\\\/694f60677f23c4a530867a98f22b3768\",\"name\":\"diario2\",\"image\":{\"@type\":\"ImageObject\",\"inLanguage\":\"es\",\"@id\":\"https:\\\/\\\/secure.gravatar.com\\\/avatar\\\/5a2567495ba16b852fcd8f1ed006a2e24fcace936018ed8237e95f488ad6e0a7?s=96&d=mm&r=g\",\"url\":\"https:\\\/\\\/secure.gravatar.com\\\/avatar\\\/5a2567495ba16b852fcd8f1ed006a2e24fcace936018ed8237e95f488ad6e0a7?s=96&d=mm&r=g\",\"contentUrl\":\"https:\\\/\\\/secure.gravatar.com\\\/avatar\\\/5a2567495ba16b852fcd8f1ed006a2e24fcace936018ed8237e95f488ad6e0a7?s=96&d=mm&r=g\",\"caption\":\"diario2\"},\"url\":\"https:\\\/\\\/diariotextual.com\\\/inicio\\\/index.php\\\/author\\\/diario2\\\/\"}]}<\/script>\n<!-- \/ Yoast SEO plugin. -->","yoast_head_json":{"title":"Este domingo 23, corte de luz en los barrios Colonia Escalante Sur y R\u00edo Atuel de Santa Rosa - Diario Textual","robots":{"index":"index","follow":"follow","max-snippet":"max-snippet:-1","max-image-preview":"max-image-preview:large","max-video-preview":"max-video-preview:-1"},"canonical":"https:\/\/diariotextual.com\/inicio\/index.php\/2023\/04\/21\/este-domingo-23-corte-de-luz-en-los-barrios-colonia-escalante-sur-y-rio-atuel-de-santa-rosa\/","og_locale":"es_ES","og_type":"article","og_title":"Este domingo 23, corte de luz en los barrios Colonia Escalante Sur y R\u00edo Atuel de Santa Rosa - Diario Textual","og_description":"Este domingo 23 de abril, desde las 8 hasta las 12 horas, la Cooperativa Popular de Electricidad (CPE) anunci\u00f3 que se producir\u00e1 un corte programado en el suministro de energ\u00eda&hellip;","og_url":"https:\/\/diariotextual.com\/inicio\/index.php\/2023\/04\/21\/este-domingo-23-corte-de-luz-en-los-barrios-colonia-escalante-sur-y-rio-atuel-de-santa-rosa\/","og_site_name":"Diario Textual","article_publisher":"https:\/\/www.facebook.com\/eltextual","article_published_time":"2023-04-21T16:07:57+00:00","article_modified_time":"2023-04-21T16:08:00+00:00","og_image":[{"width":1280,"height":859,"url":"https:\/\/diariotextual.com\/inicio\/wp-content\/uploads\/2023\/01\/electricidadcpeoperarios2023-1.jpeg","type":"image\/jpeg"}],"author":"diario2","twitter_card":"summary_large_image","twitter_creator":"@eltextual","twitter_site":"@eltextual","twitter_misc":{"Escrito por":"diario2","Tiempo de lectura":"1 minuto"},"schema":{"@context":"https:\/\/schema.org","@graph":[{"@type":"Article","@id":"https:\/\/diariotextual.com\/inicio\/index.php\/2023\/04\/21\/este-domingo-23-corte-de-luz-en-los-barrios-colonia-escalante-sur-y-rio-atuel-de-santa-rosa\/#article","isPartOf":{"@id":"https:\/\/diariotextual.com\/inicio\/index.php\/2023\/04\/21\/este-domingo-23-corte-de-luz-en-los-barrios-colonia-escalante-sur-y-rio-atuel-de-santa-rosa\/"},"author":{"name":"diario2","@id":"https:\/\/diariotextual.com\/inicio\/#\/schema\/person\/694f60677f23c4a530867a98f22b3768"},"headline":"Este domingo 23, corte de luz en los barrios Colonia Escalante Sur y R\u00edo Atuel de Santa Rosa","datePublished":"2023-04-21T16:07:57+00:00","dateModified":"2023-04-21T16:08:00+00:00","mainEntityOfPage":{"@id":"https:\/\/diariotextual.com\/inicio\/index.php\/2023\/04\/21\/este-domingo-23-corte-de-luz-en-los-barrios-colonia-escalante-sur-y-rio-atuel-de-santa-rosa\/"},"wordCount":95,"publisher":{"@id":"https:\/\/diariotextual.com\/inicio\/#organization"},"image":{"@id":"https:\/\/diariotextual.com\/inicio\/index.php\/2023\/04\/21\/este-domingo-23-corte-de-luz-en-los-barrios-colonia-escalante-sur-y-rio-atuel-de-santa-rosa\/#primaryimage"},"thumbnailUrl":"https:\/\/diariotextual.com\/inicio\/wp-content\/uploads\/2023\/01\/electricidadcpeoperarios2023-1.jpeg","articleSection":["A - ES NOTICIA (van abajo)","SOCIEDAD"],"inLanguage":"es"},{"@type":"WebPage","@id":"https:\/\/diariotextual.com\/inicio\/index.php\/2023\/04\/21\/este-domingo-23-corte-de-luz-en-los-barrios-colonia-escalante-sur-y-rio-atuel-de-santa-rosa\/","url":"https:\/\/diariotextual.com\/inicio\/index.php\/2023\/04\/21\/este-domingo-23-corte-de-luz-en-los-barrios-colonia-escalante-sur-y-rio-atuel-de-santa-rosa\/","name":"Este domingo 23, corte de luz en los barrios Colonia Escalante Sur y R\u00edo Atuel de Santa Rosa - Diario Textual","isPartOf":{"@id":"https:\/\/diariotextual.com\/inicio\/#website"},"primaryImageOfPage":{"@id":"https:\/\/diariotextual.com\/inicio\/index.php\/2023\/04\/21\/este-domingo-23-corte-de-luz-en-los-barrios-colonia-escalante-sur-y-rio-atuel-de-santa-rosa\/#primaryimage"},"image":{"@id":"https:\/\/diariotextual.com\/inicio\/index.php\/2023\/04\/21\/este-domingo-23-corte-de-luz-en-los-barrios-colonia-escalante-sur-y-rio-atuel-de-santa-rosa\/#primaryimage"},"thumbnailUrl":"https:\/\/diariotextual.com\/inicio\/wp-content\/uploads\/2023\/01\/electricidadcpeoperarios2023-1.jpeg","datePublished":"2023-04-21T16:07:57+00:00","dateModified":"2023-04-21T16:08:00+00:00","breadcrumb":{"@id":"https:\/\/diariotextual.com\/inicio\/index.php\/2023\/04\/21\/este-domingo-23-corte-de-luz-en-los-barrios-colonia-escalante-sur-y-rio-atuel-de-santa-rosa\/#breadcrumb"},"inLanguage":"es","potentialAction":[{"@type":"ReadAction","target":["https:\/\/diariotextual.com\/inicio\/index.php\/2023\/04\/21\/este-domingo-23-corte-de-luz-en-los-barrios-colonia-escalante-sur-y-rio-atuel-de-santa-rosa\/"]}]},{"@type":"ImageObject","inLanguage":"es","@id":"https:\/\/diariotextual.com\/inicio\/index.php\/2023\/04\/21\/este-domingo-23-corte-de-luz-en-los-barrios-colonia-escalante-sur-y-rio-atuel-de-santa-rosa\/#primaryimage","url":"https:\/\/diariotextual.com\/inicio\/wp-content\/uploads\/2023\/01\/electricidadcpeoperarios2023-1.jpeg","contentUrl":"https:\/\/diariotextual.com\/inicio\/wp-content\/uploads\/2023\/01\/electricidadcpeoperarios2023-1.jpeg","width":1280,"height":859},{"@type":"BreadcrumbList","@id":"https:\/\/diariotextual.com\/inicio\/index.php\/2023\/04\/21\/este-domingo-23-corte-de-luz-en-los-barrios-colonia-escalante-sur-y-rio-atuel-de-santa-rosa\/#breadcrumb","itemListElement":[{"@type":"ListItem","position":1,"name":"Portada","item":"https:\/\/diariotextual.com\/inicio\/"},{"@type":"ListItem","position":2,"name":"Este domingo 23, corte de luz en los barrios Colonia Escalante Sur y R\u00edo Atuel de Santa Rosa"}]},{"@type":"WebSite","@id":"https:\/\/diariotextual.com\/inicio\/#website","url":"https:\/\/diariotextual.com\/inicio\/","name":"Diario Textual","description":"","publisher":{"@id":"https:\/\/diariotextual.com\/inicio\/#organization"},"potentialAction":[{"@type":"SearchAction","target":{"@type":"EntryPoint","urlTemplate":"https:\/\/diariotextual.com\/inicio\/?s={search_term_string}"},"query-input":{"@type":"PropertyValueSpecification","valueRequired":true,"valueName":"search_term_string"}}],"inLanguage":"es"},{"@type":"Organization","@id":"https:\/\/diariotextual.com\/inicio\/#organization","name":"Diario Textual","url":"https:\/\/diariotextual.com\/inicio\/","logo":{"@type":"ImageObject","inLanguage":"es","@id":"https:\/\/diariotextual.com\/inicio\/#\/schema\/logo\/image\/","url":"https:\/\/diariotextual.com\/inicio\/wp-content\/uploads\/2023\/05\/logotextual1.jpg","contentUrl":"https:\/\/diariotextual.com\/inicio\/wp-content\/uploads\/2023\/05\/logotextual1.jpg","width":516,"height":76,"caption":"Diario Textual"},"image":{"@id":"https:\/\/diariotextual.com\/inicio\/#\/schema\/logo\/image\/"},"sameAs":["https:\/\/www.facebook.com\/eltextual","https:\/\/x.com\/eltextual","http:\/\/www.instagram.com\/eltextual"]},{"@type":"Person","@id":"https:\/\/diariotextual.com\/inicio\/#\/schema\/person\/694f60677f23c4a530867a98f22b3768","name":"diario2","image":{"@type":"ImageObject","inLanguage":"es","@id":"https:\/\/secure.gravatar.com\/avatar\/5a2567495ba16b852fcd8f1ed006a2e24fcace936018ed8237e95f488ad6e0a7?s=96&d=mm&r=g","url":"https:\/\/secure.gravatar.com\/avatar\/5a2567495ba16b852fcd8f1ed006a2e24fcace936018ed8237e95f488ad6e0a7?s=96&d=mm&r=g","contentUrl":"https:\/\/secure.gravatar.com\/avatar\/5a2567495ba16b852fcd8f1ed006a2e24fcace936018ed8237e95f488ad6e0a7?s=96&d=mm&r=g","caption":"diario2"},"url":"https:\/\/diariotextual.com\/inicio\/index.php\/author\/diario2\/"}]}},"_links":{"self":[{"href":"https:\/\/diariotextual.com\/inicio\/index.php\/wp-json\/wp\/v2\/posts\/223004","targetHints":{"allow":["GET"]}}],"collection":[{"href":"https:\/\/diariotextual.com\/inicio\/index.php\/wp-json\/wp\/v2\/posts"}],"about":[{"href":"https:\/\/diariotextual.com\/inicio\/index.php\/wp-json\/wp\/v2\/types\/post"}],"author":[{"embeddable":true,"href":"https:\/\/diariotextual.com\/inicio\/index.php\/wp-json\/wp\/v2\/users\/4"}],"replies":[{"embeddable":true,"href":"https:\/\/diariotextual.com\/inicio\/index.php\/wp-json\/wp\/v2\/comments?post=223004"}],"version-history":[{"count":1,"href":"https:\/\/diariotextual.com\/inicio\/index.php\/wp-json\/wp\/v2\/posts\/223004\/revisions"}],"predecessor-version":[{"id":223005,"href":"https:\/\/diariotextual.com\/inicio\/index.php\/wp-json\/wp\/v2\/posts\/223004\/revisions\/223005"}],"wp:featuredmedia":[{"embeddable":true,"href":"https:\/\/diariotextual.com\/inicio\/index.php\/wp-json\/wp\/v2\/media\/213995"}],"wp:attachment":[{"href":"https:\/\/diariotextual.com\/inicio\/index.php\/wp-json\/wp\/v2\/media?parent=223004"}],"wp:term":[{"taxonomy":"category","embeddable":true,"href":"https:\/\/diariotextual.com\/inicio\/index.php\/wp-json\/wp\/v2\/categories?post=223004"},{"taxonomy":"post_tag","embeddable":true,"href":"https:\/\/diariotextual.com\/inicio\/index.php\/wp-json\/wp\/v2\/tags?post=223004"}],"curies":[{"name":"wp","href":"https:\/\/api.w.org\/{rel}","templated":true}]}}