{"id":223061,"date":"2023-04-22T11:46:02","date_gmt":"2023-04-22T14:46:02","guid":{"rendered":"https:\/\/diariotextual.com\/inicio\/?p=223061"},"modified":"2023-04-22T11:46:03","modified_gmt":"2023-04-22T14:46:03","slug":"lapices-un-musical-con-memoria-representara-a-la-pampa-en-la-fiesta-nacional-del-teatro","status":"publish","type":"post","link":"https:\/\/diariotextual.com\/inicio\/index.php\/2023\/04\/22\/lapices-un-musical-con-memoria-representara-a-la-pampa-en-la-fiesta-nacional-del-teatro\/","title":{"rendered":"\u201cL\u00e1pices, un musical con memoria\u201d representar\u00e1 a La Pampa en la Fiesta Nacional del Teatro"},"content":{"rendered":"\n<p>La obra de teatro <strong>\u201cL\u00e1pices, un musical con memoria\u201d <\/strong>se qued\u00f3 con el primer premio en la 41\u00b0 Fiesta Provincial de La Pampa seguida por <strong>\u201cMe gust\u00f3 verte\u201d y \u201cTalle \u00fanico\u201d<\/strong>, de acuerdo a la selecci\u00f3n del jurado integrado por Julieta Mart\u00edn, de La Pampa; Mart\u00edn Marcou, de Santa Cruz, y Luciano Delprato, de la ciudad de C\u00f3rdoba.<\/p>\n\n\n\n<p>La Fiesta cont\u00f3 con 30 obras en escena, entre Competencia y Muestra, lo que represent\u00f3 un r\u00e9cord hist\u00f3rico para esta celebraci\u00f3n del trabajo de los y las artistas de La Pampa.<\/p>\n\n\n\n<p>Sinopsis de \u201cL\u00e1pices\u201d. La Plata, 1976. Mientras la Argentina es azotada por una fuerte crisis econ\u00f3mica y pol\u00edtica, un grupo de estudiantes secundarios se embarcan en la tarea de luchar por una sociedad m\u00e1s justa. En medio de protestas, actos rel\u00e1mpagos, reuniones de la UES, ollas populares y pe\u00f1as, Pablo conoce a Claudia. Una historia de amor, sue\u00f1os y rock en \u00e9pocas de represi\u00f3n, secuestros y terror.<\/p>\n\n\n\n<p>Act\u00faan: Juan Gabriel Iaconis Serraino, Carola Marull, Priscila Aguirre, Juan Francisco Bualo, Ignacio Su\u00e1rez, Emiliano Fern\u00e1ndez, Diego D\u00edaz, Mar\u00eda Victoria Rodr\u00edguez, Germ\u00e1n Zolecio, Julieta P\u00e9rez Peyran, Gustavo Galdames, Juli\u00e1n Varela, Mercedes Andreotti, Carolina Aguerrido, Gabriela Uribe. Ensamble: Roberto Folgestein. Direcci\u00f3n y ensamble: Paula Grosse. Swing: Walter Campos. Teclado: Juan Fad\u00f3n. Direcci\u00f3n vocal: Ariel Madrides. Asistente de direcci\u00f3n y de coreograf\u00edas: Magal\u00ed Gigena. Producci\u00f3n y Comunicaci\u00f3n: Luc\u00eda Benini. Dise\u00f1o de sonido: Daniel Vallejo. Dise\u00f1o de luces: Carolina Rabenstein. Libro, puesta y coreograf\u00edas originales: Sol Cardozo y Paula Grosse.<\/p>\n\n\n\n<p>La fiesta fue una cogesti\u00f3n entre el Instituto Nacional del Teatro (INT), la Secretar\u00eda de Cultura y Educaci\u00f3n de la Municipalidad de Santa Rosa y la Secretar\u00eda de Cultura de la provincia, as\u00ed como tambi\u00e9n con otras instituciones del quehacer teatral santarrose\u00f1o. La entrada a todas las funciones fue libre y gratuita.<\/p>\n\n\n\n<p><\/p>\n\n\n\n<p><strong><em>Foto gentileza Juli\u00e1n Varela <\/em><\/strong><\/p>\n","protected":false},"excerpt":{"rendered":"<p>La obra de teatro \u201cL\u00e1pices, un musical con memoria\u201d se qued\u00f3 con el primer premio en la 41\u00b0 Fiesta Provincial de La Pampa seguida por \u201cMe gust\u00f3 verte\u201d y \u201cTalle&hellip;<\/p>\n","protected":false},"author":4,"featured_media":223062,"comment_status":"closed","ping_status":"open","sticky":false,"template":"","format":"standard","meta":{"_acf_changed":false,"footnotes":""},"categories":[1,2],"tags":[],"class_list":["post-223061","post","type-post","status-publish","format-standard","has-post-thumbnail","hentry","category-es-noticia","category-cultura"],"acf":[],"yoast_head":"<!-- This site is optimized with the Yoast SEO plugin v27.5 - https:\/\/yoast.com\/product\/yoast-seo-wordpress\/ -->\n<title>\u201cL\u00e1pices, un musical con memoria\u201d representar\u00e1 a La Pampa en la Fiesta Nacional del Teatro - Diario Textual<\/title>\n<meta name=\"robots\" content=\"index, follow, max-snippet:-1, max-image-preview:large, max-video-preview:-1\" \/>\n<link rel=\"canonical\" href=\"https:\/\/diariotextual.com\/inicio\/index.php\/2023\/04\/22\/lapices-un-musical-con-memoria-representara-a-la-pampa-en-la-fiesta-nacional-del-teatro\/\" \/>\n<meta property=\"og:locale\" content=\"es_ES\" \/>\n<meta property=\"og:type\" content=\"article\" \/>\n<meta property=\"og:title\" content=\"\u201cL\u00e1pices, un musical con memoria\u201d representar\u00e1 a La Pampa en la Fiesta Nacional del Teatro - Diario Textual\" \/>\n<meta property=\"og:description\" content=\"La obra de teatro \u201cL\u00e1pices, un musical con memoria\u201d se qued\u00f3 con el primer premio en la 41\u00b0 Fiesta Provincial de La Pampa seguida por \u201cMe gust\u00f3 verte\u201d y \u201cTalle&hellip;\" \/>\n<meta property=\"og:url\" content=\"https:\/\/diariotextual.com\/inicio\/index.php\/2023\/04\/22\/lapices-un-musical-con-memoria-representara-a-la-pampa-en-la-fiesta-nacional-del-teatro\/\" \/>\n<meta property=\"og:site_name\" content=\"Diario Textual\" \/>\n<meta property=\"article:publisher\" content=\"https:\/\/www.facebook.com\/eltextual\" \/>\n<meta property=\"article:published_time\" content=\"2023-04-22T14:46:02+00:00\" \/>\n<meta property=\"article:modified_time\" content=\"2023-04-22T14:46:03+00:00\" \/>\n<meta property=\"og:image\" content=\"https:\/\/diariotextual.com\/inicio\/wp-content\/uploads\/2023\/04\/lapicesvarelafoto2023.jpg\" \/>\n\t<meta property=\"og:image:width\" content=\"1440\" \/>\n\t<meta property=\"og:image:height\" content=\"959\" \/>\n\t<meta property=\"og:image:type\" content=\"image\/jpeg\" \/>\n<meta name=\"author\" content=\"diario2\" \/>\n<meta name=\"twitter:card\" content=\"summary_large_image\" \/>\n<meta name=\"twitter:creator\" content=\"@eltextual\" \/>\n<meta name=\"twitter:site\" content=\"@eltextual\" \/>\n<meta name=\"twitter:label1\" content=\"Escrito por\" \/>\n\t<meta name=\"twitter:data1\" content=\"diario2\" \/>\n\t<meta name=\"twitter:label2\" content=\"Tiempo de lectura\" \/>\n\t<meta name=\"twitter:data2\" content=\"2 minutos\" \/>\n<script type=\"application\/ld+json\" class=\"yoast-schema-graph\">{\"@context\":\"https:\\\/\\\/schema.org\",\"@graph\":[{\"@type\":\"Article\",\"@id\":\"https:\\\/\\\/diariotextual.com\\\/inicio\\\/index.php\\\/2023\\\/04\\\/22\\\/lapices-un-musical-con-memoria-representara-a-la-pampa-en-la-fiesta-nacional-del-teatro\\\/#article\",\"isPartOf\":{\"@id\":\"https:\\\/\\\/diariotextual.com\\\/inicio\\\/index.php\\\/2023\\\/04\\\/22\\\/lapices-un-musical-con-memoria-representara-a-la-pampa-en-la-fiesta-nacional-del-teatro\\\/\"},\"author\":{\"name\":\"diario2\",\"@id\":\"https:\\\/\\\/diariotextual.com\\\/inicio\\\/#\\\/schema\\\/person\\\/694f60677f23c4a530867a98f22b3768\"},\"headline\":\"\u201cL\u00e1pices, un musical con memoria\u201d representar\u00e1 a La Pampa en la Fiesta Nacional del Teatro\",\"datePublished\":\"2023-04-22T14:46:02+00:00\",\"dateModified\":\"2023-04-22T14:46:03+00:00\",\"mainEntityOfPage\":{\"@id\":\"https:\\\/\\\/diariotextual.com\\\/inicio\\\/index.php\\\/2023\\\/04\\\/22\\\/lapices-un-musical-con-memoria-representara-a-la-pampa-en-la-fiesta-nacional-del-teatro\\\/\"},\"wordCount\":355,\"publisher\":{\"@id\":\"https:\\\/\\\/diariotextual.com\\\/inicio\\\/#organization\"},\"image\":{\"@id\":\"https:\\\/\\\/diariotextual.com\\\/inicio\\\/index.php\\\/2023\\\/04\\\/22\\\/lapices-un-musical-con-memoria-representara-a-la-pampa-en-la-fiesta-nacional-del-teatro\\\/#primaryimage\"},\"thumbnailUrl\":\"https:\\\/\\\/diariotextual.com\\\/inicio\\\/wp-content\\\/uploads\\\/2023\\\/04\\\/lapicesvarelafoto2023.jpg\",\"articleSection\":[\"A - ES NOTICIA (van abajo)\",\"CULTURA\"],\"inLanguage\":\"es\"},{\"@type\":\"WebPage\",\"@id\":\"https:\\\/\\\/diariotextual.com\\\/inicio\\\/index.php\\\/2023\\\/04\\\/22\\\/lapices-un-musical-con-memoria-representara-a-la-pampa-en-la-fiesta-nacional-del-teatro\\\/\",\"url\":\"https:\\\/\\\/diariotextual.com\\\/inicio\\\/index.php\\\/2023\\\/04\\\/22\\\/lapices-un-musical-con-memoria-representara-a-la-pampa-en-la-fiesta-nacional-del-teatro\\\/\",\"name\":\"\u201cL\u00e1pices, un musical con memoria\u201d representar\u00e1 a La Pampa en la Fiesta Nacional del Teatro - Diario Textual\",\"isPartOf\":{\"@id\":\"https:\\\/\\\/diariotextual.com\\\/inicio\\\/#website\"},\"primaryImageOfPage\":{\"@id\":\"https:\\\/\\\/diariotextual.com\\\/inicio\\\/index.php\\\/2023\\\/04\\\/22\\\/lapices-un-musical-con-memoria-representara-a-la-pampa-en-la-fiesta-nacional-del-teatro\\\/#primaryimage\"},\"image\":{\"@id\":\"https:\\\/\\\/diariotextual.com\\\/inicio\\\/index.php\\\/2023\\\/04\\\/22\\\/lapices-un-musical-con-memoria-representara-a-la-pampa-en-la-fiesta-nacional-del-teatro\\\/#primaryimage\"},\"thumbnailUrl\":\"https:\\\/\\\/diariotextual.com\\\/inicio\\\/wp-content\\\/uploads\\\/2023\\\/04\\\/lapicesvarelafoto2023.jpg\",\"datePublished\":\"2023-04-22T14:46:02+00:00\",\"dateModified\":\"2023-04-22T14:46:03+00:00\",\"breadcrumb\":{\"@id\":\"https:\\\/\\\/diariotextual.com\\\/inicio\\\/index.php\\\/2023\\\/04\\\/22\\\/lapices-un-musical-con-memoria-representara-a-la-pampa-en-la-fiesta-nacional-del-teatro\\\/#breadcrumb\"},\"inLanguage\":\"es\",\"potentialAction\":[{\"@type\":\"ReadAction\",\"target\":[\"https:\\\/\\\/diariotextual.com\\\/inicio\\\/index.php\\\/2023\\\/04\\\/22\\\/lapices-un-musical-con-memoria-representara-a-la-pampa-en-la-fiesta-nacional-del-teatro\\\/\"]}]},{\"@type\":\"ImageObject\",\"inLanguage\":\"es\",\"@id\":\"https:\\\/\\\/diariotextual.com\\\/inicio\\\/index.php\\\/2023\\\/04\\\/22\\\/lapices-un-musical-con-memoria-representara-a-la-pampa-en-la-fiesta-nacional-del-teatro\\\/#primaryimage\",\"url\":\"https:\\\/\\\/diariotextual.com\\\/inicio\\\/wp-content\\\/uploads\\\/2023\\\/04\\\/lapicesvarelafoto2023.jpg\",\"contentUrl\":\"https:\\\/\\\/diariotextual.com\\\/inicio\\\/wp-content\\\/uploads\\\/2023\\\/04\\\/lapicesvarelafoto2023.jpg\",\"width\":1440,\"height\":959},{\"@type\":\"BreadcrumbList\",\"@id\":\"https:\\\/\\\/diariotextual.com\\\/inicio\\\/index.php\\\/2023\\\/04\\\/22\\\/lapices-un-musical-con-memoria-representara-a-la-pampa-en-la-fiesta-nacional-del-teatro\\\/#breadcrumb\",\"itemListElement\":[{\"@type\":\"ListItem\",\"position\":1,\"name\":\"Portada\",\"item\":\"https:\\\/\\\/diariotextual.com\\\/inicio\\\/\"},{\"@type\":\"ListItem\",\"position\":2,\"name\":\"\u201cL\u00e1pices, un musical con memoria\u201d representar\u00e1 a La Pampa en la Fiesta Nacional del Teatro\"}]},{\"@type\":\"WebSite\",\"@id\":\"https:\\\/\\\/diariotextual.com\\\/inicio\\\/#website\",\"url\":\"https:\\\/\\\/diariotextual.com\\\/inicio\\\/\",\"name\":\"Diario Textual\",\"description\":\"\",\"publisher\":{\"@id\":\"https:\\\/\\\/diariotextual.com\\\/inicio\\\/#organization\"},\"potentialAction\":[{\"@type\":\"SearchAction\",\"target\":{\"@type\":\"EntryPoint\",\"urlTemplate\":\"https:\\\/\\\/diariotextual.com\\\/inicio\\\/?s={search_term_string}\"},\"query-input\":{\"@type\":\"PropertyValueSpecification\",\"valueRequired\":true,\"valueName\":\"search_term_string\"}}],\"inLanguage\":\"es\"},{\"@type\":\"Organization\",\"@id\":\"https:\\\/\\\/diariotextual.com\\\/inicio\\\/#organization\",\"name\":\"Diario Textual\",\"url\":\"https:\\\/\\\/diariotextual.com\\\/inicio\\\/\",\"logo\":{\"@type\":\"ImageObject\",\"inLanguage\":\"es\",\"@id\":\"https:\\\/\\\/diariotextual.com\\\/inicio\\\/#\\\/schema\\\/logo\\\/image\\\/\",\"url\":\"https:\\\/\\\/diariotextual.com\\\/inicio\\\/wp-content\\\/uploads\\\/2023\\\/05\\\/logotextual1.jpg\",\"contentUrl\":\"https:\\\/\\\/diariotextual.com\\\/inicio\\\/wp-content\\\/uploads\\\/2023\\\/05\\\/logotextual1.jpg\",\"width\":516,\"height\":76,\"caption\":\"Diario Textual\"},\"image\":{\"@id\":\"https:\\\/\\\/diariotextual.com\\\/inicio\\\/#\\\/schema\\\/logo\\\/image\\\/\"},\"sameAs\":[\"https:\\\/\\\/www.facebook.com\\\/eltextual\",\"https:\\\/\\\/x.com\\\/eltextual\",\"http:\\\/\\\/www.instagram.com\\\/eltextual\"]},{\"@type\":\"Person\",\"@id\":\"https:\\\/\\\/diariotextual.com\\\/inicio\\\/#\\\/schema\\\/person\\\/694f60677f23c4a530867a98f22b3768\",\"name\":\"diario2\",\"image\":{\"@type\":\"ImageObject\",\"inLanguage\":\"es\",\"@id\":\"https:\\\/\\\/secure.gravatar.com\\\/avatar\\\/5a2567495ba16b852fcd8f1ed006a2e24fcace936018ed8237e95f488ad6e0a7?s=96&d=mm&r=g\",\"url\":\"https:\\\/\\\/secure.gravatar.com\\\/avatar\\\/5a2567495ba16b852fcd8f1ed006a2e24fcace936018ed8237e95f488ad6e0a7?s=96&d=mm&r=g\",\"contentUrl\":\"https:\\\/\\\/secure.gravatar.com\\\/avatar\\\/5a2567495ba16b852fcd8f1ed006a2e24fcace936018ed8237e95f488ad6e0a7?s=96&d=mm&r=g\",\"caption\":\"diario2\"},\"url\":\"https:\\\/\\\/diariotextual.com\\\/inicio\\\/index.php\\\/author\\\/diario2\\\/\"}]}<\/script>\n<!-- \/ Yoast SEO plugin. -->","yoast_head_json":{"title":"\u201cL\u00e1pices, un musical con memoria\u201d representar\u00e1 a La Pampa en la Fiesta Nacional del Teatro - Diario Textual","robots":{"index":"index","follow":"follow","max-snippet":"max-snippet:-1","max-image-preview":"max-image-preview:large","max-video-preview":"max-video-preview:-1"},"canonical":"https:\/\/diariotextual.com\/inicio\/index.php\/2023\/04\/22\/lapices-un-musical-con-memoria-representara-a-la-pampa-en-la-fiesta-nacional-del-teatro\/","og_locale":"es_ES","og_type":"article","og_title":"\u201cL\u00e1pices, un musical con memoria\u201d representar\u00e1 a La Pampa en la Fiesta Nacional del Teatro - Diario Textual","og_description":"La obra de teatro \u201cL\u00e1pices, un musical con memoria\u201d se qued\u00f3 con el primer premio en la 41\u00b0 Fiesta Provincial de La Pampa seguida por \u201cMe gust\u00f3 verte\u201d y \u201cTalle&hellip;","og_url":"https:\/\/diariotextual.com\/inicio\/index.php\/2023\/04\/22\/lapices-un-musical-con-memoria-representara-a-la-pampa-en-la-fiesta-nacional-del-teatro\/","og_site_name":"Diario Textual","article_publisher":"https:\/\/www.facebook.com\/eltextual","article_published_time":"2023-04-22T14:46:02+00:00","article_modified_time":"2023-04-22T14:46:03+00:00","og_image":[{"width":1440,"height":959,"url":"https:\/\/diariotextual.com\/inicio\/wp-content\/uploads\/2023\/04\/lapicesvarelafoto2023.jpg","type":"image\/jpeg"}],"author":"diario2","twitter_card":"summary_large_image","twitter_creator":"@eltextual","twitter_site":"@eltextual","twitter_misc":{"Escrito por":"diario2","Tiempo de lectura":"2 minutos"},"schema":{"@context":"https:\/\/schema.org","@graph":[{"@type":"Article","@id":"https:\/\/diariotextual.com\/inicio\/index.php\/2023\/04\/22\/lapices-un-musical-con-memoria-representara-a-la-pampa-en-la-fiesta-nacional-del-teatro\/#article","isPartOf":{"@id":"https:\/\/diariotextual.com\/inicio\/index.php\/2023\/04\/22\/lapices-un-musical-con-memoria-representara-a-la-pampa-en-la-fiesta-nacional-del-teatro\/"},"author":{"name":"diario2","@id":"https:\/\/diariotextual.com\/inicio\/#\/schema\/person\/694f60677f23c4a530867a98f22b3768"},"headline":"\u201cL\u00e1pices, un musical con memoria\u201d representar\u00e1 a La Pampa en la Fiesta Nacional del Teatro","datePublished":"2023-04-22T14:46:02+00:00","dateModified":"2023-04-22T14:46:03+00:00","mainEntityOfPage":{"@id":"https:\/\/diariotextual.com\/inicio\/index.php\/2023\/04\/22\/lapices-un-musical-con-memoria-representara-a-la-pampa-en-la-fiesta-nacional-del-teatro\/"},"wordCount":355,"publisher":{"@id":"https:\/\/diariotextual.com\/inicio\/#organization"},"image":{"@id":"https:\/\/diariotextual.com\/inicio\/index.php\/2023\/04\/22\/lapices-un-musical-con-memoria-representara-a-la-pampa-en-la-fiesta-nacional-del-teatro\/#primaryimage"},"thumbnailUrl":"https:\/\/diariotextual.com\/inicio\/wp-content\/uploads\/2023\/04\/lapicesvarelafoto2023.jpg","articleSection":["A - ES NOTICIA (van abajo)","CULTURA"],"inLanguage":"es"},{"@type":"WebPage","@id":"https:\/\/diariotextual.com\/inicio\/index.php\/2023\/04\/22\/lapices-un-musical-con-memoria-representara-a-la-pampa-en-la-fiesta-nacional-del-teatro\/","url":"https:\/\/diariotextual.com\/inicio\/index.php\/2023\/04\/22\/lapices-un-musical-con-memoria-representara-a-la-pampa-en-la-fiesta-nacional-del-teatro\/","name":"\u201cL\u00e1pices, un musical con memoria\u201d representar\u00e1 a La Pampa en la Fiesta Nacional del Teatro - Diario Textual","isPartOf":{"@id":"https:\/\/diariotextual.com\/inicio\/#website"},"primaryImageOfPage":{"@id":"https:\/\/diariotextual.com\/inicio\/index.php\/2023\/04\/22\/lapices-un-musical-con-memoria-representara-a-la-pampa-en-la-fiesta-nacional-del-teatro\/#primaryimage"},"image":{"@id":"https:\/\/diariotextual.com\/inicio\/index.php\/2023\/04\/22\/lapices-un-musical-con-memoria-representara-a-la-pampa-en-la-fiesta-nacional-del-teatro\/#primaryimage"},"thumbnailUrl":"https:\/\/diariotextual.com\/inicio\/wp-content\/uploads\/2023\/04\/lapicesvarelafoto2023.jpg","datePublished":"2023-04-22T14:46:02+00:00","dateModified":"2023-04-22T14:46:03+00:00","breadcrumb":{"@id":"https:\/\/diariotextual.com\/inicio\/index.php\/2023\/04\/22\/lapices-un-musical-con-memoria-representara-a-la-pampa-en-la-fiesta-nacional-del-teatro\/#breadcrumb"},"inLanguage":"es","potentialAction":[{"@type":"ReadAction","target":["https:\/\/diariotextual.com\/inicio\/index.php\/2023\/04\/22\/lapices-un-musical-con-memoria-representara-a-la-pampa-en-la-fiesta-nacional-del-teatro\/"]}]},{"@type":"ImageObject","inLanguage":"es","@id":"https:\/\/diariotextual.com\/inicio\/index.php\/2023\/04\/22\/lapices-un-musical-con-memoria-representara-a-la-pampa-en-la-fiesta-nacional-del-teatro\/#primaryimage","url":"https:\/\/diariotextual.com\/inicio\/wp-content\/uploads\/2023\/04\/lapicesvarelafoto2023.jpg","contentUrl":"https:\/\/diariotextual.com\/inicio\/wp-content\/uploads\/2023\/04\/lapicesvarelafoto2023.jpg","width":1440,"height":959},{"@type":"BreadcrumbList","@id":"https:\/\/diariotextual.com\/inicio\/index.php\/2023\/04\/22\/lapices-un-musical-con-memoria-representara-a-la-pampa-en-la-fiesta-nacional-del-teatro\/#breadcrumb","itemListElement":[{"@type":"ListItem","position":1,"name":"Portada","item":"https:\/\/diariotextual.com\/inicio\/"},{"@type":"ListItem","position":2,"name":"\u201cL\u00e1pices, un musical con memoria\u201d representar\u00e1 a La Pampa en la Fiesta Nacional del Teatro"}]},{"@type":"WebSite","@id":"https:\/\/diariotextual.com\/inicio\/#website","url":"https:\/\/diariotextual.com\/inicio\/","name":"Diario Textual","description":"","publisher":{"@id":"https:\/\/diariotextual.com\/inicio\/#organization"},"potentialAction":[{"@type":"SearchAction","target":{"@type":"EntryPoint","urlTemplate":"https:\/\/diariotextual.com\/inicio\/?s={search_term_string}"},"query-input":{"@type":"PropertyValueSpecification","valueRequired":true,"valueName":"search_term_string"}}],"inLanguage":"es"},{"@type":"Organization","@id":"https:\/\/diariotextual.com\/inicio\/#organization","name":"Diario Textual","url":"https:\/\/diariotextual.com\/inicio\/","logo":{"@type":"ImageObject","inLanguage":"es","@id":"https:\/\/diariotextual.com\/inicio\/#\/schema\/logo\/image\/","url":"https:\/\/diariotextual.com\/inicio\/wp-content\/uploads\/2023\/05\/logotextual1.jpg","contentUrl":"https:\/\/diariotextual.com\/inicio\/wp-content\/uploads\/2023\/05\/logotextual1.jpg","width":516,"height":76,"caption":"Diario Textual"},"image":{"@id":"https:\/\/diariotextual.com\/inicio\/#\/schema\/logo\/image\/"},"sameAs":["https:\/\/www.facebook.com\/eltextual","https:\/\/x.com\/eltextual","http:\/\/www.instagram.com\/eltextual"]},{"@type":"Person","@id":"https:\/\/diariotextual.com\/inicio\/#\/schema\/person\/694f60677f23c4a530867a98f22b3768","name":"diario2","image":{"@type":"ImageObject","inLanguage":"es","@id":"https:\/\/secure.gravatar.com\/avatar\/5a2567495ba16b852fcd8f1ed006a2e24fcace936018ed8237e95f488ad6e0a7?s=96&d=mm&r=g","url":"https:\/\/secure.gravatar.com\/avatar\/5a2567495ba16b852fcd8f1ed006a2e24fcace936018ed8237e95f488ad6e0a7?s=96&d=mm&r=g","contentUrl":"https:\/\/secure.gravatar.com\/avatar\/5a2567495ba16b852fcd8f1ed006a2e24fcace936018ed8237e95f488ad6e0a7?s=96&d=mm&r=g","caption":"diario2"},"url":"https:\/\/diariotextual.com\/inicio\/index.php\/author\/diario2\/"}]}},"_links":{"self":[{"href":"https:\/\/diariotextual.com\/inicio\/index.php\/wp-json\/wp\/v2\/posts\/223061","targetHints":{"allow":["GET"]}}],"collection":[{"href":"https:\/\/diariotextual.com\/inicio\/index.php\/wp-json\/wp\/v2\/posts"}],"about":[{"href":"https:\/\/diariotextual.com\/inicio\/index.php\/wp-json\/wp\/v2\/types\/post"}],"author":[{"embeddable":true,"href":"https:\/\/diariotextual.com\/inicio\/index.php\/wp-json\/wp\/v2\/users\/4"}],"replies":[{"embeddable":true,"href":"https:\/\/diariotextual.com\/inicio\/index.php\/wp-json\/wp\/v2\/comments?post=223061"}],"version-history":[{"count":1,"href":"https:\/\/diariotextual.com\/inicio\/index.php\/wp-json\/wp\/v2\/posts\/223061\/revisions"}],"predecessor-version":[{"id":223063,"href":"https:\/\/diariotextual.com\/inicio\/index.php\/wp-json\/wp\/v2\/posts\/223061\/revisions\/223063"}],"wp:featuredmedia":[{"embeddable":true,"href":"https:\/\/diariotextual.com\/inicio\/index.php\/wp-json\/wp\/v2\/media\/223062"}],"wp:attachment":[{"href":"https:\/\/diariotextual.com\/inicio\/index.php\/wp-json\/wp\/v2\/media?parent=223061"}],"wp:term":[{"taxonomy":"category","embeddable":true,"href":"https:\/\/diariotextual.com\/inicio\/index.php\/wp-json\/wp\/v2\/categories?post=223061"},{"taxonomy":"post_tag","embeddable":true,"href":"https:\/\/diariotextual.com\/inicio\/index.php\/wp-json\/wp\/v2\/tags?post=223061"}],"curies":[{"name":"wp","href":"https:\/\/api.w.org\/{rel}","templated":true}]}}