{"id":223174,"date":"2023-04-24T15:00:56","date_gmt":"2023-04-24T18:00:56","guid":{"rendered":"https:\/\/diariotextual.com\/inicio\/?p=223174"},"modified":"2023-04-25T06:29:11","modified_gmt":"2023-04-25T09:29:11","slug":"el-tour-de-francia-2023-se-acerca-con-varios-favoritos","status":"publish","type":"post","link":"https:\/\/diariotextual.com\/inicio\/index.php\/2023\/04\/24\/el-tour-de-francia-2023-se-acerca-con-varios-favoritos\/","title":{"rendered":"El Tour de Francia 2023 se acerca con varios favoritos"},"content":{"rendered":"\n<p>A algo m\u00e1s de dos meses del inicio de la edici\u00f3n 110 del Tour de Francia ya se posicionan los favoritos para ganar la carrera y triunfar internacionalmente con este gran logro deportivo. Un evento que paralizar\u00e1 al planeta como cada curso, y del que <a href=\"https:\/\/betway.bet.ar\/es-ar\/sports\">las apuestas online tomar\u00e1n buena nota<\/a>.<\/p>\n\n\n\n<p>Este a\u00f1o la competencia de ciclismo iniciar\u00e1 en Bilbao, Espa\u00f1a, y terminar\u00e1 en la ciudad de Par\u00eds, Francia. Se realizar\u00e1 del s\u00e1bado 1 de julio al domingo 23 de julio de 2023 con la participaci\u00f3n de m\u00e1s de 22 equipos. Los ciclistas deber\u00e1n afrontar 22 etapas, que en total ser\u00e1n 3.404 kil\u00f3metros, y as\u00ed triunfar en esta famosa carrera.<\/p>\n\n\n\n<div style=\"height:100px\" aria-hidden=\"true\" class=\"wp-block-spacer\"><\/div>\n\n\n\n<h2 class=\"wp-block-heading\">Los equipos favoritos a ganar el Tour de Francia<\/h2>\n\n\n\n<p>Dentro de todos los equipos que entraron calificados por el UCI WorldTeam y la UCI ProTeam se perfilan 3 grandes ciclistas como los favoritos para completar el recorrido y ganar la competencia.<\/p>\n\n\n\n<p>Uno de los m\u00e1s sonados es, como no pod\u00eda ser de otra forma, el ganador de la edici\u00f3n 2022: Jonas Vingegaard. El dan\u00e9s de 26 a\u00f1os fue la revelaci\u00f3n del a\u00f1o pasado al completar la ruta y demostrar que tiene habilidades superando tramos altos y, por lo tanto, con una gran capacidad para escalar. Este podr\u00eda ser uno de sus puntos a favor este a\u00f1o ya que la prueba a contrarreloj justamente ser\u00e1 de 22 kil\u00f3metros en una zona de monta\u00f1a.<\/p>\n\n\n\n<p>Otro de los candidatos al t\u00edtulo es el esloveno Tadej Pogacar. Gan\u00f3 el tour en el a\u00f1o 2020 y 2021 y aunque qued\u00f3 en segundo lugar en el 2022 este a\u00f1o tendr\u00e1 la oportunidad de una reba\u00f1a justa. Recordemos que el deportista de solo 24 a\u00f1os ya conquist\u00f3 grandes t\u00edtulos y como un escalador de alto nivel podr\u00eda recuperar el trofeo.<\/p>\n\n\n\n<p>El colombiano Egan Bernal, de 26 a\u00f1os, figura como otro de los ciclistas que podr\u00eda quedarse con la victoria por encima de sus rivales m\u00e1s j\u00f3venes. Ya en el 2019 gan\u00f3 la competencia y tiene la experiencia suficiente para hacer frente a la ruta de 3.404 kil\u00f3metros a\u00fan despu\u00e9s de recuperarse las lesiones que sufri\u00f3 en el accidente de enero de 2022.<\/p>\n\n\n\n<div style=\"height:100px\" aria-hidden=\"true\" class=\"wp-block-spacer\"><\/div>\n\n\n\n<h2 class=\"wp-block-heading\">El tour de Francia 2023<\/h2>\n\n\n\n<p>Para este a\u00f1o, la Organizaci\u00f3n Deportiva Amaury (ASO) decidi\u00f3 que el recorrido iniciar\u00eda en la localidad de Bilbao, Espa\u00f1a terminando como es costumbre en la ciudad de Par\u00eds. Es la segunda vez en la historia de la carrera que inicia en el Pa\u00eds Vasco y la ocasi\u00f3n n\u00famero 25 en territorio extranjero.<\/p>\n\n\n\n<p>La particularidad de este a\u00f1o ser\u00e1n las etapas. Ser\u00e1n 22 que est\u00e1n compuestas por 8 tramos en piso llano, 4 a media monta\u00f1a y 1 a contrarreloj con puntaje individual. As\u00ed como 2 descansos y 8 tramos en monta\u00f1a alta que tendr\u00e1n 4 llegadas a lo m\u00e1s alto que ser\u00e1n: Cauterets-Cambasque, Puy de D\u00f4me, Grand Colombier y Saint-Gervais Mont-Blanc.<\/p>\n\n\n\n<p>Las rutas est\u00e1n decididas y ser\u00e1n un verdadero reto y que se espera que m\u00e1s de una decida desistir del tour. Asimismo, los tiempos determinados para descanso y cumplimiento de rutas dejar\u00e1n al descubierto a los verdaderos l\u00edderes del ciclismo mundial.<\/p>\n\n\n\n<p>Con todas las cartas sobre la mesa, ahora los participantes deben prepararse para poder superar las complicadas rutas en bicicleta. Se espera que sea una edici\u00f3n especial repleta de emociones y que, como sucede en el deporte, surjan estrellas inesperadas que cambien por completo la competencia de este a\u00f1o 2023.<\/p>\n","protected":false},"excerpt":{"rendered":"<p>A algo m\u00e1s de dos meses del inicio de la edici\u00f3n 110 del Tour de Francia ya se posicionan los favoritos para ganar la carrera y triunfar internacionalmente con este&hellip;<\/p>\n","protected":false},"author":3,"featured_media":223176,"comment_status":"closed","ping_status":"open","sticky":false,"template":"","format":"standard","meta":{"_acf_changed":false,"footnotes":""},"categories":[1,11,3],"tags":[],"class_list":["post-223174","post","type-post","status-publish","format-standard","has-post-thumbnail","hentry","category-es-noticia","category-que-pasa","category-deportes"],"acf":[],"yoast_head":"<!-- This site is optimized with the Yoast SEO plugin v27.5 - https:\/\/yoast.com\/product\/yoast-seo-wordpress\/ -->\n<title>El Tour de Francia 2023 se acerca con varios favoritos - Diario Textual<\/title>\n<meta name=\"robots\" content=\"index, follow, max-snippet:-1, max-image-preview:large, max-video-preview:-1\" \/>\n<link rel=\"canonical\" href=\"https:\/\/diariotextual.com\/inicio\/index.php\/2023\/04\/24\/el-tour-de-francia-2023-se-acerca-con-varios-favoritos\/\" \/>\n<meta property=\"og:locale\" content=\"es_ES\" \/>\n<meta property=\"og:type\" content=\"article\" \/>\n<meta property=\"og:title\" content=\"El Tour de Francia 2023 se acerca con varios favoritos - Diario Textual\" \/>\n<meta property=\"og:description\" content=\"A algo m\u00e1s de dos meses del inicio de la edici\u00f3n 110 del Tour de Francia ya se posicionan los favoritos para ganar la carrera y triunfar internacionalmente con este&hellip;\" \/>\n<meta property=\"og:url\" content=\"https:\/\/diariotextual.com\/inicio\/index.php\/2023\/04\/24\/el-tour-de-francia-2023-se-acerca-con-varios-favoritos\/\" \/>\n<meta property=\"og:site_name\" content=\"Diario Textual\" \/>\n<meta property=\"article:publisher\" content=\"https:\/\/www.facebook.com\/eltextual\" \/>\n<meta property=\"article:published_time\" content=\"2023-04-24T18:00:56+00:00\" \/>\n<meta property=\"article:modified_time\" content=\"2023-04-25T09:29:11+00:00\" \/>\n<meta property=\"og:image\" content=\"https:\/\/diariotextual.com\/inicio\/wp-content\/uploads\/2023\/04\/tour2023-1.png\" \/>\n\t<meta property=\"og:image:width\" content=\"921\" \/>\n\t<meta property=\"og:image:height\" content=\"518\" \/>\n\t<meta property=\"og:image:type\" content=\"image\/png\" \/>\n<meta name=\"author\" content=\"Diario1 Diario1\" \/>\n<meta name=\"twitter:card\" content=\"summary_large_image\" \/>\n<meta name=\"twitter:creator\" content=\"@eltextual\" \/>\n<meta name=\"twitter:site\" content=\"@eltextual\" \/>\n<meta name=\"twitter:label1\" content=\"Escrito por\" \/>\n\t<meta name=\"twitter:data1\" content=\"Diario1 Diario1\" \/>\n\t<meta name=\"twitter:label2\" content=\"Tiempo de lectura\" \/>\n\t<meta name=\"twitter:data2\" content=\"3 minutos\" \/>\n<script type=\"application\/ld+json\" class=\"yoast-schema-graph\">{\"@context\":\"https:\\\/\\\/schema.org\",\"@graph\":[{\"@type\":\"Article\",\"@id\":\"https:\\\/\\\/diariotextual.com\\\/inicio\\\/index.php\\\/2023\\\/04\\\/24\\\/el-tour-de-francia-2023-se-acerca-con-varios-favoritos\\\/#article\",\"isPartOf\":{\"@id\":\"https:\\\/\\\/diariotextual.com\\\/inicio\\\/index.php\\\/2023\\\/04\\\/24\\\/el-tour-de-francia-2023-se-acerca-con-varios-favoritos\\\/\"},\"author\":{\"name\":\"Diario1 Diario1\",\"@id\":\"https:\\\/\\\/diariotextual.com\\\/inicio\\\/#\\\/schema\\\/person\\\/418fc4093c33e86ed41562db3508f958\"},\"headline\":\"El Tour de Francia 2023 se acerca con varios favoritos\",\"datePublished\":\"2023-04-24T18:00:56+00:00\",\"dateModified\":\"2023-04-25T09:29:11+00:00\",\"mainEntityOfPage\":{\"@id\":\"https:\\\/\\\/diariotextual.com\\\/inicio\\\/index.php\\\/2023\\\/04\\\/24\\\/el-tour-de-francia-2023-se-acerca-con-varios-favoritos\\\/\"},\"wordCount\":604,\"publisher\":{\"@id\":\"https:\\\/\\\/diariotextual.com\\\/inicio\\\/#organization\"},\"image\":{\"@id\":\"https:\\\/\\\/diariotextual.com\\\/inicio\\\/index.php\\\/2023\\\/04\\\/24\\\/el-tour-de-francia-2023-se-acerca-con-varios-favoritos\\\/#primaryimage\"},\"thumbnailUrl\":\"https:\\\/\\\/diariotextual.com\\\/inicio\\\/wp-content\\\/uploads\\\/2023\\\/04\\\/tour2023-1.png\",\"articleSection\":[\"A - ES NOTICIA (van abajo)\",\"A - QUE PASA (al costado)\",\"DEPORTES\"],\"inLanguage\":\"es\"},{\"@type\":\"WebPage\",\"@id\":\"https:\\\/\\\/diariotextual.com\\\/inicio\\\/index.php\\\/2023\\\/04\\\/24\\\/el-tour-de-francia-2023-se-acerca-con-varios-favoritos\\\/\",\"url\":\"https:\\\/\\\/diariotextual.com\\\/inicio\\\/index.php\\\/2023\\\/04\\\/24\\\/el-tour-de-francia-2023-se-acerca-con-varios-favoritos\\\/\",\"name\":\"El Tour de Francia 2023 se acerca con varios favoritos - Diario Textual\",\"isPartOf\":{\"@id\":\"https:\\\/\\\/diariotextual.com\\\/inicio\\\/#website\"},\"primaryImageOfPage\":{\"@id\":\"https:\\\/\\\/diariotextual.com\\\/inicio\\\/index.php\\\/2023\\\/04\\\/24\\\/el-tour-de-francia-2023-se-acerca-con-varios-favoritos\\\/#primaryimage\"},\"image\":{\"@id\":\"https:\\\/\\\/diariotextual.com\\\/inicio\\\/index.php\\\/2023\\\/04\\\/24\\\/el-tour-de-francia-2023-se-acerca-con-varios-favoritos\\\/#primaryimage\"},\"thumbnailUrl\":\"https:\\\/\\\/diariotextual.com\\\/inicio\\\/wp-content\\\/uploads\\\/2023\\\/04\\\/tour2023-1.png\",\"datePublished\":\"2023-04-24T18:00:56+00:00\",\"dateModified\":\"2023-04-25T09:29:11+00:00\",\"breadcrumb\":{\"@id\":\"https:\\\/\\\/diariotextual.com\\\/inicio\\\/index.php\\\/2023\\\/04\\\/24\\\/el-tour-de-francia-2023-se-acerca-con-varios-favoritos\\\/#breadcrumb\"},\"inLanguage\":\"es\",\"potentialAction\":[{\"@type\":\"ReadAction\",\"target\":[\"https:\\\/\\\/diariotextual.com\\\/inicio\\\/index.php\\\/2023\\\/04\\\/24\\\/el-tour-de-francia-2023-se-acerca-con-varios-favoritos\\\/\"]}]},{\"@type\":\"ImageObject\",\"inLanguage\":\"es\",\"@id\":\"https:\\\/\\\/diariotextual.com\\\/inicio\\\/index.php\\\/2023\\\/04\\\/24\\\/el-tour-de-francia-2023-se-acerca-con-varios-favoritos\\\/#primaryimage\",\"url\":\"https:\\\/\\\/diariotextual.com\\\/inicio\\\/wp-content\\\/uploads\\\/2023\\\/04\\\/tour2023-1.png\",\"contentUrl\":\"https:\\\/\\\/diariotextual.com\\\/inicio\\\/wp-content\\\/uploads\\\/2023\\\/04\\\/tour2023-1.png\",\"width\":921,\"height\":518},{\"@type\":\"BreadcrumbList\",\"@id\":\"https:\\\/\\\/diariotextual.com\\\/inicio\\\/index.php\\\/2023\\\/04\\\/24\\\/el-tour-de-francia-2023-se-acerca-con-varios-favoritos\\\/#breadcrumb\",\"itemListElement\":[{\"@type\":\"ListItem\",\"position\":1,\"name\":\"Portada\",\"item\":\"https:\\\/\\\/diariotextual.com\\\/inicio\\\/\"},{\"@type\":\"ListItem\",\"position\":2,\"name\":\"El Tour de Francia 2023 se acerca con varios favoritos\"}]},{\"@type\":\"WebSite\",\"@id\":\"https:\\\/\\\/diariotextual.com\\\/inicio\\\/#website\",\"url\":\"https:\\\/\\\/diariotextual.com\\\/inicio\\\/\",\"name\":\"Diario Textual\",\"description\":\"\",\"publisher\":{\"@id\":\"https:\\\/\\\/diariotextual.com\\\/inicio\\\/#organization\"},\"potentialAction\":[{\"@type\":\"SearchAction\",\"target\":{\"@type\":\"EntryPoint\",\"urlTemplate\":\"https:\\\/\\\/diariotextual.com\\\/inicio\\\/?s={search_term_string}\"},\"query-input\":{\"@type\":\"PropertyValueSpecification\",\"valueRequired\":true,\"valueName\":\"search_term_string\"}}],\"inLanguage\":\"es\"},{\"@type\":\"Organization\",\"@id\":\"https:\\\/\\\/diariotextual.com\\\/inicio\\\/#organization\",\"name\":\"Diario Textual\",\"url\":\"https:\\\/\\\/diariotextual.com\\\/inicio\\\/\",\"logo\":{\"@type\":\"ImageObject\",\"inLanguage\":\"es\",\"@id\":\"https:\\\/\\\/diariotextual.com\\\/inicio\\\/#\\\/schema\\\/logo\\\/image\\\/\",\"url\":\"https:\\\/\\\/diariotextual.com\\\/inicio\\\/wp-content\\\/uploads\\\/2023\\\/05\\\/logotextual1.jpg\",\"contentUrl\":\"https:\\\/\\\/diariotextual.com\\\/inicio\\\/wp-content\\\/uploads\\\/2023\\\/05\\\/logotextual1.jpg\",\"width\":516,\"height\":76,\"caption\":\"Diario Textual\"},\"image\":{\"@id\":\"https:\\\/\\\/diariotextual.com\\\/inicio\\\/#\\\/schema\\\/logo\\\/image\\\/\"},\"sameAs\":[\"https:\\\/\\\/www.facebook.com\\\/eltextual\",\"https:\\\/\\\/x.com\\\/eltextual\",\"http:\\\/\\\/www.instagram.com\\\/eltextual\"]},{\"@type\":\"Person\",\"@id\":\"https:\\\/\\\/diariotextual.com\\\/inicio\\\/#\\\/schema\\\/person\\\/418fc4093c33e86ed41562db3508f958\",\"name\":\"Diario1 Diario1\",\"image\":{\"@type\":\"ImageObject\",\"inLanguage\":\"es\",\"@id\":\"https:\\\/\\\/secure.gravatar.com\\\/avatar\\\/9167d280179c85bc18be67aa7eda765854300033af4896dd779b608640f2ef7a?s=96&d=mm&r=g\",\"url\":\"https:\\\/\\\/secure.gravatar.com\\\/avatar\\\/9167d280179c85bc18be67aa7eda765854300033af4896dd779b608640f2ef7a?s=96&d=mm&r=g\",\"contentUrl\":\"https:\\\/\\\/secure.gravatar.com\\\/avatar\\\/9167d280179c85bc18be67aa7eda765854300033af4896dd779b608640f2ef7a?s=96&d=mm&r=g\",\"caption\":\"Diario1 Diario1\"},\"url\":\"https:\\\/\\\/diariotextual.com\\\/inicio\\\/index.php\\\/author\\\/diario1\\\/\"}]}<\/script>\n<!-- \/ Yoast SEO plugin. -->","yoast_head_json":{"title":"El Tour de Francia 2023 se acerca con varios favoritos - Diario Textual","robots":{"index":"index","follow":"follow","max-snippet":"max-snippet:-1","max-image-preview":"max-image-preview:large","max-video-preview":"max-video-preview:-1"},"canonical":"https:\/\/diariotextual.com\/inicio\/index.php\/2023\/04\/24\/el-tour-de-francia-2023-se-acerca-con-varios-favoritos\/","og_locale":"es_ES","og_type":"article","og_title":"El Tour de Francia 2023 se acerca con varios favoritos - Diario Textual","og_description":"A algo m\u00e1s de dos meses del inicio de la edici\u00f3n 110 del Tour de Francia ya se posicionan los favoritos para ganar la carrera y triunfar internacionalmente con este&hellip;","og_url":"https:\/\/diariotextual.com\/inicio\/index.php\/2023\/04\/24\/el-tour-de-francia-2023-se-acerca-con-varios-favoritos\/","og_site_name":"Diario Textual","article_publisher":"https:\/\/www.facebook.com\/eltextual","article_published_time":"2023-04-24T18:00:56+00:00","article_modified_time":"2023-04-25T09:29:11+00:00","og_image":[{"width":921,"height":518,"url":"https:\/\/diariotextual.com\/inicio\/wp-content\/uploads\/2023\/04\/tour2023-1.png","type":"image\/png"}],"author":"Diario1 Diario1","twitter_card":"summary_large_image","twitter_creator":"@eltextual","twitter_site":"@eltextual","twitter_misc":{"Escrito por":"Diario1 Diario1","Tiempo de lectura":"3 minutos"},"schema":{"@context":"https:\/\/schema.org","@graph":[{"@type":"Article","@id":"https:\/\/diariotextual.com\/inicio\/index.php\/2023\/04\/24\/el-tour-de-francia-2023-se-acerca-con-varios-favoritos\/#article","isPartOf":{"@id":"https:\/\/diariotextual.com\/inicio\/index.php\/2023\/04\/24\/el-tour-de-francia-2023-se-acerca-con-varios-favoritos\/"},"author":{"name":"Diario1 Diario1","@id":"https:\/\/diariotextual.com\/inicio\/#\/schema\/person\/418fc4093c33e86ed41562db3508f958"},"headline":"El Tour de Francia 2023 se acerca con varios favoritos","datePublished":"2023-04-24T18:00:56+00:00","dateModified":"2023-04-25T09:29:11+00:00","mainEntityOfPage":{"@id":"https:\/\/diariotextual.com\/inicio\/index.php\/2023\/04\/24\/el-tour-de-francia-2023-se-acerca-con-varios-favoritos\/"},"wordCount":604,"publisher":{"@id":"https:\/\/diariotextual.com\/inicio\/#organization"},"image":{"@id":"https:\/\/diariotextual.com\/inicio\/index.php\/2023\/04\/24\/el-tour-de-francia-2023-se-acerca-con-varios-favoritos\/#primaryimage"},"thumbnailUrl":"https:\/\/diariotextual.com\/inicio\/wp-content\/uploads\/2023\/04\/tour2023-1.png","articleSection":["A - ES NOTICIA (van abajo)","A - QUE PASA (al costado)","DEPORTES"],"inLanguage":"es"},{"@type":"WebPage","@id":"https:\/\/diariotextual.com\/inicio\/index.php\/2023\/04\/24\/el-tour-de-francia-2023-se-acerca-con-varios-favoritos\/","url":"https:\/\/diariotextual.com\/inicio\/index.php\/2023\/04\/24\/el-tour-de-francia-2023-se-acerca-con-varios-favoritos\/","name":"El Tour de Francia 2023 se acerca con varios favoritos - Diario Textual","isPartOf":{"@id":"https:\/\/diariotextual.com\/inicio\/#website"},"primaryImageOfPage":{"@id":"https:\/\/diariotextual.com\/inicio\/index.php\/2023\/04\/24\/el-tour-de-francia-2023-se-acerca-con-varios-favoritos\/#primaryimage"},"image":{"@id":"https:\/\/diariotextual.com\/inicio\/index.php\/2023\/04\/24\/el-tour-de-francia-2023-se-acerca-con-varios-favoritos\/#primaryimage"},"thumbnailUrl":"https:\/\/diariotextual.com\/inicio\/wp-content\/uploads\/2023\/04\/tour2023-1.png","datePublished":"2023-04-24T18:00:56+00:00","dateModified":"2023-04-25T09:29:11+00:00","breadcrumb":{"@id":"https:\/\/diariotextual.com\/inicio\/index.php\/2023\/04\/24\/el-tour-de-francia-2023-se-acerca-con-varios-favoritos\/#breadcrumb"},"inLanguage":"es","potentialAction":[{"@type":"ReadAction","target":["https:\/\/diariotextual.com\/inicio\/index.php\/2023\/04\/24\/el-tour-de-francia-2023-se-acerca-con-varios-favoritos\/"]}]},{"@type":"ImageObject","inLanguage":"es","@id":"https:\/\/diariotextual.com\/inicio\/index.php\/2023\/04\/24\/el-tour-de-francia-2023-se-acerca-con-varios-favoritos\/#primaryimage","url":"https:\/\/diariotextual.com\/inicio\/wp-content\/uploads\/2023\/04\/tour2023-1.png","contentUrl":"https:\/\/diariotextual.com\/inicio\/wp-content\/uploads\/2023\/04\/tour2023-1.png","width":921,"height":518},{"@type":"BreadcrumbList","@id":"https:\/\/diariotextual.com\/inicio\/index.php\/2023\/04\/24\/el-tour-de-francia-2023-se-acerca-con-varios-favoritos\/#breadcrumb","itemListElement":[{"@type":"ListItem","position":1,"name":"Portada","item":"https:\/\/diariotextual.com\/inicio\/"},{"@type":"ListItem","position":2,"name":"El Tour de Francia 2023 se acerca con varios favoritos"}]},{"@type":"WebSite","@id":"https:\/\/diariotextual.com\/inicio\/#website","url":"https:\/\/diariotextual.com\/inicio\/","name":"Diario Textual","description":"","publisher":{"@id":"https:\/\/diariotextual.com\/inicio\/#organization"},"potentialAction":[{"@type":"SearchAction","target":{"@type":"EntryPoint","urlTemplate":"https:\/\/diariotextual.com\/inicio\/?s={search_term_string}"},"query-input":{"@type":"PropertyValueSpecification","valueRequired":true,"valueName":"search_term_string"}}],"inLanguage":"es"},{"@type":"Organization","@id":"https:\/\/diariotextual.com\/inicio\/#organization","name":"Diario Textual","url":"https:\/\/diariotextual.com\/inicio\/","logo":{"@type":"ImageObject","inLanguage":"es","@id":"https:\/\/diariotextual.com\/inicio\/#\/schema\/logo\/image\/","url":"https:\/\/diariotextual.com\/inicio\/wp-content\/uploads\/2023\/05\/logotextual1.jpg","contentUrl":"https:\/\/diariotextual.com\/inicio\/wp-content\/uploads\/2023\/05\/logotextual1.jpg","width":516,"height":76,"caption":"Diario Textual"},"image":{"@id":"https:\/\/diariotextual.com\/inicio\/#\/schema\/logo\/image\/"},"sameAs":["https:\/\/www.facebook.com\/eltextual","https:\/\/x.com\/eltextual","http:\/\/www.instagram.com\/eltextual"]},{"@type":"Person","@id":"https:\/\/diariotextual.com\/inicio\/#\/schema\/person\/418fc4093c33e86ed41562db3508f958","name":"Diario1 Diario1","image":{"@type":"ImageObject","inLanguage":"es","@id":"https:\/\/secure.gravatar.com\/avatar\/9167d280179c85bc18be67aa7eda765854300033af4896dd779b608640f2ef7a?s=96&d=mm&r=g","url":"https:\/\/secure.gravatar.com\/avatar\/9167d280179c85bc18be67aa7eda765854300033af4896dd779b608640f2ef7a?s=96&d=mm&r=g","contentUrl":"https:\/\/secure.gravatar.com\/avatar\/9167d280179c85bc18be67aa7eda765854300033af4896dd779b608640f2ef7a?s=96&d=mm&r=g","caption":"Diario1 Diario1"},"url":"https:\/\/diariotextual.com\/inicio\/index.php\/author\/diario1\/"}]}},"_links":{"self":[{"href":"https:\/\/diariotextual.com\/inicio\/index.php\/wp-json\/wp\/v2\/posts\/223174","targetHints":{"allow":["GET"]}}],"collection":[{"href":"https:\/\/diariotextual.com\/inicio\/index.php\/wp-json\/wp\/v2\/posts"}],"about":[{"href":"https:\/\/diariotextual.com\/inicio\/index.php\/wp-json\/wp\/v2\/types\/post"}],"author":[{"embeddable":true,"href":"https:\/\/diariotextual.com\/inicio\/index.php\/wp-json\/wp\/v2\/users\/3"}],"replies":[{"embeddable":true,"href":"https:\/\/diariotextual.com\/inicio\/index.php\/wp-json\/wp\/v2\/comments?post=223174"}],"version-history":[{"count":1,"href":"https:\/\/diariotextual.com\/inicio\/index.php\/wp-json\/wp\/v2\/posts\/223174\/revisions"}],"predecessor-version":[{"id":223175,"href":"https:\/\/diariotextual.com\/inicio\/index.php\/wp-json\/wp\/v2\/posts\/223174\/revisions\/223175"}],"wp:featuredmedia":[{"embeddable":true,"href":"https:\/\/diariotextual.com\/inicio\/index.php\/wp-json\/wp\/v2\/media\/223176"}],"wp:attachment":[{"href":"https:\/\/diariotextual.com\/inicio\/index.php\/wp-json\/wp\/v2\/media?parent=223174"}],"wp:term":[{"taxonomy":"category","embeddable":true,"href":"https:\/\/diariotextual.com\/inicio\/index.php\/wp-json\/wp\/v2\/categories?post=223174"},{"taxonomy":"post_tag","embeddable":true,"href":"https:\/\/diariotextual.com\/inicio\/index.php\/wp-json\/wp\/v2\/tags?post=223174"}],"curies":[{"name":"wp","href":"https:\/\/api.w.org\/{rel}","templated":true}]}}