{"id":223271,"date":"2023-04-25T13:21:18","date_gmt":"2023-04-25T16:21:18","guid":{"rendered":"https:\/\/diariotextual.com\/inicio\/?p=223271"},"modified":"2023-04-25T13:21:20","modified_gmt":"2023-04-25T16:21:20","slug":"educacion-justicia-charla-a-estudiantes-de-un-colegio-de-castex","status":"publish","type":"post","link":"https:\/\/diariotextual.com\/inicio\/index.php\/2023\/04\/25\/educacion-justicia-charla-a-estudiantes-de-un-colegio-de-castex\/","title":{"rendered":"\u201cEducaci\u00f3n + Justicia\u201d: charla a estudiantes de un colegio de Castex"},"content":{"rendered":"\n<p>La jueza y el juez de control, Mar\u00eda Florencia Maza y Andr\u00e9s Torino, brindaron una charla a <strong>alumnos secundarios del colegio Manuel Belgrano, de Eduardo Castex, en el marco del programa \u201cEducaci\u00f3n + Justicia\u201d<\/strong>, a trav\u00e9s del cual el Superior Tribunal de Justicia promueve un acercamiento real de comunidad pampeana y, especialmente de los y las estudiantes que est\u00e1n pr\u00f3ximos a cumplir la mayor\u00eda de edad, al Poder Judicial.<\/p>\n\n\n\n<p>La charla se desarroll\u00f3 en el Centro Judicial durante una visita de los<strong> j\u00f3venes de cuarto, quinto y sexto a\u00f1o a Santa Rosa. <\/strong>All\u00ed los funcionarios explicaron c\u00f3mo est\u00e1 organizada la Justicia provincial y qu\u00e9 dependencias funcionan all\u00ed, y luego se refirieron a distintas temas, d\u00e1ndoles lugar a los estudiantes para que formulen preguntas.<\/p>\n\n\n\n<p>Maza y Torino dieron detalles del procedimiento penal, explicaron la imputabilidad que les cabe a los adolescentes de 16 y 17 a\u00f1os \u2013haciendo hincapi\u00e9 en las grescas a la salida de los boliches y los siniestros viales\u2013, hablaron sobre violencia de g\u00e9nero y remarcaron la necesidad de ser responsables en el uso de las redes sociales.<\/p>\n\n\n\n<p>Tambi\u00e9n indicaron que alrededor del 80 por ciento de las causas penales que van a debate se resuelven por el procedimiento de juicio abreviado \u2013especificaron de qu\u00e9 se trata esa v\u00eda alternativa de resoluci\u00f3n de conflictos\u2013 y, ante interrogantes puntuales, respondieron que, en l\u00edneas generales, el 60 por ciento de las causas penales que se tramitan corresponden a delitos de \u00edndole sexual y a violencia familiar y de g\u00e9nero.<\/p>\n\n\n\n<p>La actividad se extendi\u00f3 durante una hora y el grupo de 25 alumnos\/as estuvo acompa\u00f1ado por tres docentes.<\/p>\n\n\n\n<p>\u201cEducaci\u00f3n + Justicia\u201d es una iniciativa del STJ que comenz\u00f3 en 2015 y que tiene, como objetivo central, brindar un acercamiento real del Poder Judicial a la sociedad y fundamentalmente a los estudiantes secundarios. El programa cuenta con el respaldo del Ministerio de Educaci\u00f3n y la C\u00e1mara de Diputados lo declar\u00f3 de inter\u00e9s legislativo.<\/p>\n\n\n\n<p>En \u00e9l se incluyen varias ofertas pedag\u00f3gicas: charlas de funcionarios y magistrados en escuelas de toda la provincia, organizaci\u00f3n de simulacros de juicio, asistencia a juicios orales, exhibici\u00f3n de un juicio real editado y visitas guiadas a edificios judiciales.\u200b<\/p>\n","protected":false},"excerpt":{"rendered":"<p>La jueza y el juez de control, Mar\u00eda Florencia Maza y Andr\u00e9s Torino, brindaron una charla a alumnos secundarios del colegio Manuel Belgrano, de Eduardo Castex, en el marco del&hellip;<\/p>\n","protected":false},"author":4,"featured_media":223272,"comment_status":"closed","ping_status":"open","sticky":false,"template":"","format":"standard","meta":{"_acf_changed":false,"footnotes":""},"categories":[1,12],"tags":[],"class_list":["post-223271","post","type-post","status-publish","format-standard","has-post-thumbnail","hentry","category-es-noticia","category-sociedad"],"acf":[],"yoast_head":"<!-- This site is optimized with the Yoast SEO plugin v27.5 - https:\/\/yoast.com\/product\/yoast-seo-wordpress\/ -->\n<title>\u201cEducaci\u00f3n + Justicia\u201d: charla a estudiantes de un colegio de Castex - Diario Textual<\/title>\n<meta name=\"robots\" content=\"index, follow, max-snippet:-1, max-image-preview:large, max-video-preview:-1\" \/>\n<link rel=\"canonical\" href=\"https:\/\/diariotextual.com\/inicio\/index.php\/2023\/04\/25\/educacion-justicia-charla-a-estudiantes-de-un-colegio-de-castex\/\" \/>\n<meta property=\"og:locale\" content=\"es_ES\" \/>\n<meta property=\"og:type\" content=\"article\" \/>\n<meta property=\"og:title\" content=\"\u201cEducaci\u00f3n + Justicia\u201d: charla a estudiantes de un colegio de Castex - Diario Textual\" \/>\n<meta property=\"og:description\" content=\"La jueza y el juez de control, Mar\u00eda Florencia Maza y Andr\u00e9s Torino, brindaron una charla a alumnos secundarios del colegio Manuel Belgrano, de Eduardo Castex, en el marco del&hellip;\" \/>\n<meta property=\"og:url\" content=\"https:\/\/diariotextual.com\/inicio\/index.php\/2023\/04\/25\/educacion-justicia-charla-a-estudiantes-de-un-colegio-de-castex\/\" \/>\n<meta property=\"og:site_name\" content=\"Diario Textual\" \/>\n<meta property=\"article:publisher\" content=\"https:\/\/www.facebook.com\/eltextual\" \/>\n<meta property=\"article:published_time\" content=\"2023-04-25T16:21:18+00:00\" \/>\n<meta property=\"article:modified_time\" content=\"2023-04-25T16:21:20+00:00\" \/>\n<meta property=\"og:image\" content=\"https:\/\/diariotextual.com\/inicio\/wp-content\/uploads\/2023\/04\/colegiobelgranocastex233.jpg\" \/>\n\t<meta property=\"og:image:width\" content=\"900\" \/>\n\t<meta property=\"og:image:height\" content=\"566\" \/>\n\t<meta property=\"og:image:type\" content=\"image\/jpeg\" \/>\n<meta name=\"author\" content=\"diario2\" \/>\n<meta name=\"twitter:card\" content=\"summary_large_image\" \/>\n<meta name=\"twitter:creator\" content=\"@eltextual\" \/>\n<meta name=\"twitter:site\" content=\"@eltextual\" \/>\n<meta name=\"twitter:label1\" content=\"Escrito por\" \/>\n\t<meta name=\"twitter:data1\" content=\"diario2\" \/>\n\t<meta name=\"twitter:label2\" content=\"Tiempo de lectura\" \/>\n\t<meta name=\"twitter:data2\" content=\"2 minutos\" \/>\n<script type=\"application\/ld+json\" class=\"yoast-schema-graph\">{\"@context\":\"https:\\\/\\\/schema.org\",\"@graph\":[{\"@type\":\"Article\",\"@id\":\"https:\\\/\\\/diariotextual.com\\\/inicio\\\/index.php\\\/2023\\\/04\\\/25\\\/educacion-justicia-charla-a-estudiantes-de-un-colegio-de-castex\\\/#article\",\"isPartOf\":{\"@id\":\"https:\\\/\\\/diariotextual.com\\\/inicio\\\/index.php\\\/2023\\\/04\\\/25\\\/educacion-justicia-charla-a-estudiantes-de-un-colegio-de-castex\\\/\"},\"author\":{\"name\":\"diario2\",\"@id\":\"https:\\\/\\\/diariotextual.com\\\/inicio\\\/#\\\/schema\\\/person\\\/694f60677f23c4a530867a98f22b3768\"},\"headline\":\"\u201cEducaci\u00f3n + Justicia\u201d: charla a estudiantes de un colegio de Castex\",\"datePublished\":\"2023-04-25T16:21:18+00:00\",\"dateModified\":\"2023-04-25T16:21:20+00:00\",\"mainEntityOfPage\":{\"@id\":\"https:\\\/\\\/diariotextual.com\\\/inicio\\\/index.php\\\/2023\\\/04\\\/25\\\/educacion-justicia-charla-a-estudiantes-de-un-colegio-de-castex\\\/\"},\"wordCount\":389,\"publisher\":{\"@id\":\"https:\\\/\\\/diariotextual.com\\\/inicio\\\/#organization\"},\"image\":{\"@id\":\"https:\\\/\\\/diariotextual.com\\\/inicio\\\/index.php\\\/2023\\\/04\\\/25\\\/educacion-justicia-charla-a-estudiantes-de-un-colegio-de-castex\\\/#primaryimage\"},\"thumbnailUrl\":\"https:\\\/\\\/diariotextual.com\\\/inicio\\\/wp-content\\\/uploads\\\/2023\\\/04\\\/colegiobelgranocastex233.jpg\",\"articleSection\":[\"A - ES NOTICIA (van abajo)\",\"SOCIEDAD\"],\"inLanguage\":\"es\"},{\"@type\":\"WebPage\",\"@id\":\"https:\\\/\\\/diariotextual.com\\\/inicio\\\/index.php\\\/2023\\\/04\\\/25\\\/educacion-justicia-charla-a-estudiantes-de-un-colegio-de-castex\\\/\",\"url\":\"https:\\\/\\\/diariotextual.com\\\/inicio\\\/index.php\\\/2023\\\/04\\\/25\\\/educacion-justicia-charla-a-estudiantes-de-un-colegio-de-castex\\\/\",\"name\":\"\u201cEducaci\u00f3n + Justicia\u201d: charla a estudiantes de un colegio de Castex - Diario Textual\",\"isPartOf\":{\"@id\":\"https:\\\/\\\/diariotextual.com\\\/inicio\\\/#website\"},\"primaryImageOfPage\":{\"@id\":\"https:\\\/\\\/diariotextual.com\\\/inicio\\\/index.php\\\/2023\\\/04\\\/25\\\/educacion-justicia-charla-a-estudiantes-de-un-colegio-de-castex\\\/#primaryimage\"},\"image\":{\"@id\":\"https:\\\/\\\/diariotextual.com\\\/inicio\\\/index.php\\\/2023\\\/04\\\/25\\\/educacion-justicia-charla-a-estudiantes-de-un-colegio-de-castex\\\/#primaryimage\"},\"thumbnailUrl\":\"https:\\\/\\\/diariotextual.com\\\/inicio\\\/wp-content\\\/uploads\\\/2023\\\/04\\\/colegiobelgranocastex233.jpg\",\"datePublished\":\"2023-04-25T16:21:18+00:00\",\"dateModified\":\"2023-04-25T16:21:20+00:00\",\"breadcrumb\":{\"@id\":\"https:\\\/\\\/diariotextual.com\\\/inicio\\\/index.php\\\/2023\\\/04\\\/25\\\/educacion-justicia-charla-a-estudiantes-de-un-colegio-de-castex\\\/#breadcrumb\"},\"inLanguage\":\"es\",\"potentialAction\":[{\"@type\":\"ReadAction\",\"target\":[\"https:\\\/\\\/diariotextual.com\\\/inicio\\\/index.php\\\/2023\\\/04\\\/25\\\/educacion-justicia-charla-a-estudiantes-de-un-colegio-de-castex\\\/\"]}]},{\"@type\":\"ImageObject\",\"inLanguage\":\"es\",\"@id\":\"https:\\\/\\\/diariotextual.com\\\/inicio\\\/index.php\\\/2023\\\/04\\\/25\\\/educacion-justicia-charla-a-estudiantes-de-un-colegio-de-castex\\\/#primaryimage\",\"url\":\"https:\\\/\\\/diariotextual.com\\\/inicio\\\/wp-content\\\/uploads\\\/2023\\\/04\\\/colegiobelgranocastex233.jpg\",\"contentUrl\":\"https:\\\/\\\/diariotextual.com\\\/inicio\\\/wp-content\\\/uploads\\\/2023\\\/04\\\/colegiobelgranocastex233.jpg\",\"width\":900,\"height\":566},{\"@type\":\"BreadcrumbList\",\"@id\":\"https:\\\/\\\/diariotextual.com\\\/inicio\\\/index.php\\\/2023\\\/04\\\/25\\\/educacion-justicia-charla-a-estudiantes-de-un-colegio-de-castex\\\/#breadcrumb\",\"itemListElement\":[{\"@type\":\"ListItem\",\"position\":1,\"name\":\"Portada\",\"item\":\"https:\\\/\\\/diariotextual.com\\\/inicio\\\/\"},{\"@type\":\"ListItem\",\"position\":2,\"name\":\"\u201cEducaci\u00f3n + Justicia\u201d: charla a estudiantes de un colegio de Castex\"}]},{\"@type\":\"WebSite\",\"@id\":\"https:\\\/\\\/diariotextual.com\\\/inicio\\\/#website\",\"url\":\"https:\\\/\\\/diariotextual.com\\\/inicio\\\/\",\"name\":\"Diario Textual\",\"description\":\"\",\"publisher\":{\"@id\":\"https:\\\/\\\/diariotextual.com\\\/inicio\\\/#organization\"},\"potentialAction\":[{\"@type\":\"SearchAction\",\"target\":{\"@type\":\"EntryPoint\",\"urlTemplate\":\"https:\\\/\\\/diariotextual.com\\\/inicio\\\/?s={search_term_string}\"},\"query-input\":{\"@type\":\"PropertyValueSpecification\",\"valueRequired\":true,\"valueName\":\"search_term_string\"}}],\"inLanguage\":\"es\"},{\"@type\":\"Organization\",\"@id\":\"https:\\\/\\\/diariotextual.com\\\/inicio\\\/#organization\",\"name\":\"Diario Textual\",\"url\":\"https:\\\/\\\/diariotextual.com\\\/inicio\\\/\",\"logo\":{\"@type\":\"ImageObject\",\"inLanguage\":\"es\",\"@id\":\"https:\\\/\\\/diariotextual.com\\\/inicio\\\/#\\\/schema\\\/logo\\\/image\\\/\",\"url\":\"https:\\\/\\\/diariotextual.com\\\/inicio\\\/wp-content\\\/uploads\\\/2023\\\/05\\\/logotextual1.jpg\",\"contentUrl\":\"https:\\\/\\\/diariotextual.com\\\/inicio\\\/wp-content\\\/uploads\\\/2023\\\/05\\\/logotextual1.jpg\",\"width\":516,\"height\":76,\"caption\":\"Diario Textual\"},\"image\":{\"@id\":\"https:\\\/\\\/diariotextual.com\\\/inicio\\\/#\\\/schema\\\/logo\\\/image\\\/\"},\"sameAs\":[\"https:\\\/\\\/www.facebook.com\\\/eltextual\",\"https:\\\/\\\/x.com\\\/eltextual\",\"http:\\\/\\\/www.instagram.com\\\/eltextual\"]},{\"@type\":\"Person\",\"@id\":\"https:\\\/\\\/diariotextual.com\\\/inicio\\\/#\\\/schema\\\/person\\\/694f60677f23c4a530867a98f22b3768\",\"name\":\"diario2\",\"image\":{\"@type\":\"ImageObject\",\"inLanguage\":\"es\",\"@id\":\"https:\\\/\\\/secure.gravatar.com\\\/avatar\\\/5a2567495ba16b852fcd8f1ed006a2e24fcace936018ed8237e95f488ad6e0a7?s=96&d=mm&r=g\",\"url\":\"https:\\\/\\\/secure.gravatar.com\\\/avatar\\\/5a2567495ba16b852fcd8f1ed006a2e24fcace936018ed8237e95f488ad6e0a7?s=96&d=mm&r=g\",\"contentUrl\":\"https:\\\/\\\/secure.gravatar.com\\\/avatar\\\/5a2567495ba16b852fcd8f1ed006a2e24fcace936018ed8237e95f488ad6e0a7?s=96&d=mm&r=g\",\"caption\":\"diario2\"},\"url\":\"https:\\\/\\\/diariotextual.com\\\/inicio\\\/index.php\\\/author\\\/diario2\\\/\"}]}<\/script>\n<!-- \/ Yoast SEO plugin. -->","yoast_head_json":{"title":"\u201cEducaci\u00f3n + Justicia\u201d: charla a estudiantes de un colegio de Castex - Diario Textual","robots":{"index":"index","follow":"follow","max-snippet":"max-snippet:-1","max-image-preview":"max-image-preview:large","max-video-preview":"max-video-preview:-1"},"canonical":"https:\/\/diariotextual.com\/inicio\/index.php\/2023\/04\/25\/educacion-justicia-charla-a-estudiantes-de-un-colegio-de-castex\/","og_locale":"es_ES","og_type":"article","og_title":"\u201cEducaci\u00f3n + Justicia\u201d: charla a estudiantes de un colegio de Castex - Diario Textual","og_description":"La jueza y el juez de control, Mar\u00eda Florencia Maza y Andr\u00e9s Torino, brindaron una charla a alumnos secundarios del colegio Manuel Belgrano, de Eduardo Castex, en el marco del&hellip;","og_url":"https:\/\/diariotextual.com\/inicio\/index.php\/2023\/04\/25\/educacion-justicia-charla-a-estudiantes-de-un-colegio-de-castex\/","og_site_name":"Diario Textual","article_publisher":"https:\/\/www.facebook.com\/eltextual","article_published_time":"2023-04-25T16:21:18+00:00","article_modified_time":"2023-04-25T16:21:20+00:00","og_image":[{"width":900,"height":566,"url":"https:\/\/diariotextual.com\/inicio\/wp-content\/uploads\/2023\/04\/colegiobelgranocastex233.jpg","type":"image\/jpeg"}],"author":"diario2","twitter_card":"summary_large_image","twitter_creator":"@eltextual","twitter_site":"@eltextual","twitter_misc":{"Escrito por":"diario2","Tiempo de lectura":"2 minutos"},"schema":{"@context":"https:\/\/schema.org","@graph":[{"@type":"Article","@id":"https:\/\/diariotextual.com\/inicio\/index.php\/2023\/04\/25\/educacion-justicia-charla-a-estudiantes-de-un-colegio-de-castex\/#article","isPartOf":{"@id":"https:\/\/diariotextual.com\/inicio\/index.php\/2023\/04\/25\/educacion-justicia-charla-a-estudiantes-de-un-colegio-de-castex\/"},"author":{"name":"diario2","@id":"https:\/\/diariotextual.com\/inicio\/#\/schema\/person\/694f60677f23c4a530867a98f22b3768"},"headline":"\u201cEducaci\u00f3n + Justicia\u201d: charla a estudiantes de un colegio de Castex","datePublished":"2023-04-25T16:21:18+00:00","dateModified":"2023-04-25T16:21:20+00:00","mainEntityOfPage":{"@id":"https:\/\/diariotextual.com\/inicio\/index.php\/2023\/04\/25\/educacion-justicia-charla-a-estudiantes-de-un-colegio-de-castex\/"},"wordCount":389,"publisher":{"@id":"https:\/\/diariotextual.com\/inicio\/#organization"},"image":{"@id":"https:\/\/diariotextual.com\/inicio\/index.php\/2023\/04\/25\/educacion-justicia-charla-a-estudiantes-de-un-colegio-de-castex\/#primaryimage"},"thumbnailUrl":"https:\/\/diariotextual.com\/inicio\/wp-content\/uploads\/2023\/04\/colegiobelgranocastex233.jpg","articleSection":["A - ES NOTICIA (van abajo)","SOCIEDAD"],"inLanguage":"es"},{"@type":"WebPage","@id":"https:\/\/diariotextual.com\/inicio\/index.php\/2023\/04\/25\/educacion-justicia-charla-a-estudiantes-de-un-colegio-de-castex\/","url":"https:\/\/diariotextual.com\/inicio\/index.php\/2023\/04\/25\/educacion-justicia-charla-a-estudiantes-de-un-colegio-de-castex\/","name":"\u201cEducaci\u00f3n + Justicia\u201d: charla a estudiantes de un colegio de Castex - Diario Textual","isPartOf":{"@id":"https:\/\/diariotextual.com\/inicio\/#website"},"primaryImageOfPage":{"@id":"https:\/\/diariotextual.com\/inicio\/index.php\/2023\/04\/25\/educacion-justicia-charla-a-estudiantes-de-un-colegio-de-castex\/#primaryimage"},"image":{"@id":"https:\/\/diariotextual.com\/inicio\/index.php\/2023\/04\/25\/educacion-justicia-charla-a-estudiantes-de-un-colegio-de-castex\/#primaryimage"},"thumbnailUrl":"https:\/\/diariotextual.com\/inicio\/wp-content\/uploads\/2023\/04\/colegiobelgranocastex233.jpg","datePublished":"2023-04-25T16:21:18+00:00","dateModified":"2023-04-25T16:21:20+00:00","breadcrumb":{"@id":"https:\/\/diariotextual.com\/inicio\/index.php\/2023\/04\/25\/educacion-justicia-charla-a-estudiantes-de-un-colegio-de-castex\/#breadcrumb"},"inLanguage":"es","potentialAction":[{"@type":"ReadAction","target":["https:\/\/diariotextual.com\/inicio\/index.php\/2023\/04\/25\/educacion-justicia-charla-a-estudiantes-de-un-colegio-de-castex\/"]}]},{"@type":"ImageObject","inLanguage":"es","@id":"https:\/\/diariotextual.com\/inicio\/index.php\/2023\/04\/25\/educacion-justicia-charla-a-estudiantes-de-un-colegio-de-castex\/#primaryimage","url":"https:\/\/diariotextual.com\/inicio\/wp-content\/uploads\/2023\/04\/colegiobelgranocastex233.jpg","contentUrl":"https:\/\/diariotextual.com\/inicio\/wp-content\/uploads\/2023\/04\/colegiobelgranocastex233.jpg","width":900,"height":566},{"@type":"BreadcrumbList","@id":"https:\/\/diariotextual.com\/inicio\/index.php\/2023\/04\/25\/educacion-justicia-charla-a-estudiantes-de-un-colegio-de-castex\/#breadcrumb","itemListElement":[{"@type":"ListItem","position":1,"name":"Portada","item":"https:\/\/diariotextual.com\/inicio\/"},{"@type":"ListItem","position":2,"name":"\u201cEducaci\u00f3n + Justicia\u201d: charla a estudiantes de un colegio de Castex"}]},{"@type":"WebSite","@id":"https:\/\/diariotextual.com\/inicio\/#website","url":"https:\/\/diariotextual.com\/inicio\/","name":"Diario Textual","description":"","publisher":{"@id":"https:\/\/diariotextual.com\/inicio\/#organization"},"potentialAction":[{"@type":"SearchAction","target":{"@type":"EntryPoint","urlTemplate":"https:\/\/diariotextual.com\/inicio\/?s={search_term_string}"},"query-input":{"@type":"PropertyValueSpecification","valueRequired":true,"valueName":"search_term_string"}}],"inLanguage":"es"},{"@type":"Organization","@id":"https:\/\/diariotextual.com\/inicio\/#organization","name":"Diario Textual","url":"https:\/\/diariotextual.com\/inicio\/","logo":{"@type":"ImageObject","inLanguage":"es","@id":"https:\/\/diariotextual.com\/inicio\/#\/schema\/logo\/image\/","url":"https:\/\/diariotextual.com\/inicio\/wp-content\/uploads\/2023\/05\/logotextual1.jpg","contentUrl":"https:\/\/diariotextual.com\/inicio\/wp-content\/uploads\/2023\/05\/logotextual1.jpg","width":516,"height":76,"caption":"Diario Textual"},"image":{"@id":"https:\/\/diariotextual.com\/inicio\/#\/schema\/logo\/image\/"},"sameAs":["https:\/\/www.facebook.com\/eltextual","https:\/\/x.com\/eltextual","http:\/\/www.instagram.com\/eltextual"]},{"@type":"Person","@id":"https:\/\/diariotextual.com\/inicio\/#\/schema\/person\/694f60677f23c4a530867a98f22b3768","name":"diario2","image":{"@type":"ImageObject","inLanguage":"es","@id":"https:\/\/secure.gravatar.com\/avatar\/5a2567495ba16b852fcd8f1ed006a2e24fcace936018ed8237e95f488ad6e0a7?s=96&d=mm&r=g","url":"https:\/\/secure.gravatar.com\/avatar\/5a2567495ba16b852fcd8f1ed006a2e24fcace936018ed8237e95f488ad6e0a7?s=96&d=mm&r=g","contentUrl":"https:\/\/secure.gravatar.com\/avatar\/5a2567495ba16b852fcd8f1ed006a2e24fcace936018ed8237e95f488ad6e0a7?s=96&d=mm&r=g","caption":"diario2"},"url":"https:\/\/diariotextual.com\/inicio\/index.php\/author\/diario2\/"}]}},"_links":{"self":[{"href":"https:\/\/diariotextual.com\/inicio\/index.php\/wp-json\/wp\/v2\/posts\/223271","targetHints":{"allow":["GET"]}}],"collection":[{"href":"https:\/\/diariotextual.com\/inicio\/index.php\/wp-json\/wp\/v2\/posts"}],"about":[{"href":"https:\/\/diariotextual.com\/inicio\/index.php\/wp-json\/wp\/v2\/types\/post"}],"author":[{"embeddable":true,"href":"https:\/\/diariotextual.com\/inicio\/index.php\/wp-json\/wp\/v2\/users\/4"}],"replies":[{"embeddable":true,"href":"https:\/\/diariotextual.com\/inicio\/index.php\/wp-json\/wp\/v2\/comments?post=223271"}],"version-history":[{"count":1,"href":"https:\/\/diariotextual.com\/inicio\/index.php\/wp-json\/wp\/v2\/posts\/223271\/revisions"}],"predecessor-version":[{"id":223273,"href":"https:\/\/diariotextual.com\/inicio\/index.php\/wp-json\/wp\/v2\/posts\/223271\/revisions\/223273"}],"wp:featuredmedia":[{"embeddable":true,"href":"https:\/\/diariotextual.com\/inicio\/index.php\/wp-json\/wp\/v2\/media\/223272"}],"wp:attachment":[{"href":"https:\/\/diariotextual.com\/inicio\/index.php\/wp-json\/wp\/v2\/media?parent=223271"}],"wp:term":[{"taxonomy":"category","embeddable":true,"href":"https:\/\/diariotextual.com\/inicio\/index.php\/wp-json\/wp\/v2\/categories?post=223271"},{"taxonomy":"post_tag","embeddable":true,"href":"https:\/\/diariotextual.com\/inicio\/index.php\/wp-json\/wp\/v2\/tags?post=223271"}],"curies":[{"name":"wp","href":"https:\/\/api.w.org\/{rel}","templated":true}]}}