{"id":223284,"date":"2023-04-25T16:35:00","date_gmt":"2023-04-25T19:35:00","guid":{"rendered":"https:\/\/diariotextual.com\/inicio\/?p=223284"},"modified":"2023-04-26T06:58:37","modified_gmt":"2023-04-26T09:58:37","slug":"murio-el-expiloto-roberto-urretavizcaya-idolo-del-turismo-carretera","status":"publish","type":"post","link":"https:\/\/diariotextual.com\/inicio\/index.php\/2023\/04\/25\/murio-el-expiloto-roberto-urretavizcaya-idolo-del-turismo-carretera\/","title":{"rendered":"Muri\u00f3 el expiloto Roberto Urretavizcaya, \u00eddolo del Turismo Carretera"},"content":{"rendered":"\n<p>El ex piloto <strong>Roberto Urretavizcaya<\/strong>, \u00eddolo del Turismo Carretera, muri\u00f3 a los 65 a\u00f1os luego de estar internado desde marzo en la Cl\u00ednica Centro de Jun\u00edn tras protagonizar un accidente de tr\u00e1nsito con moto en un camino rural que une las ciudades de Chacabuco y Bragado.<\/p>\n\n\n\n<p><strong>La ACTC confirm\u00f3 la noticia<\/strong>&nbsp;trav\u00e9s de sus redes sociales:<strong>&nbsp;\u00abLamentamos informar el fallecimiento de nuestro amigo Roberto \u2018Tito\u2019 Urretavizcaya, un gran referente del Turismo Carretera y del automovilismo nacional.<\/strong>&nbsp;Acompa\u00f1amos con un sentido abrazo a su esposa Marcia, Tom\u00e1s, familiares y allegados. Hasta siempre Tito\u00bb.<\/p>\n\n\n\n<p>Hace poco m\u00e1s de un mes, cuando se produjo el accidente, Urretavizcaya sufri\u00f3 un traumatismo grave de cr\u00e1neo y fue internado en la unidad de terapia intensiva del Hospital Municipal de su ciudad, Chacabuco, hasta que luego fue trasladado al lugar en donde finalmente falleci\u00f3.<\/p>\n\n\n\n<p><strong>Fue parte de la \u00e9poca dorada del TC entre la d\u00e9cada de los 80 y los 90<\/strong>. Tras su incursi\u00f3n en el automovilismo en la F\u00f3rmula Renault, categor\u00eda en la que se consagr\u00f3 campe\u00f3n (1982), luego hizo su estreno a bordo de un Chevrolet en el equipo Supertap Chivilcoy, aunque tuvo que esperar hasta 1989 para lograr su primera victoria con la marca del mo\u00f1o en la&nbsp;Vuelta de San Lorenzo.<\/p>\n\n\n\n<p>El destino quiso que en la misma ciudad bonaerense en la que hizo su primera presentaci\u00f3n -7 de septiembre de 1986 en Jun\u00edn-, y tambi\u00e9n donde se retir\u00f3 de forma definitiva del automovilismo profesional, el 7 de agosto de 2011 con un Ford de la escuadra Savino Sport, su vida se apag\u00f3.<\/p>\n\n\n\n<p>Tambi\u00e9n corri\u00f3 con Ford y Dodge en su trayectoria que se extendi\u00f3 durante tres d\u00e9cadas arriba de un auto. En su historial en La M\u00e1xima,&nbsp;<strong>disput\u00f3 un total de 352 carreras<\/strong>&nbsp;-hasta el 2017 mantuvo el r\u00e9cord de presencias dentro de la categor\u00eda-, logr\u00f3&nbsp;<strong>10 victorias<\/strong>&nbsp;-seis con Ford y cuatro con Chevrolet-, seis pole positions, 46 series, 26 podios y marc\u00f3 12 r\u00e9cords de vuelta.<\/p>\n\n\n\n<p>Como parte de una camada de pilotos que naci\u00f3 en los circuitos semipermanente, en la \u00e9poca que el TC corr\u00eda en la ruta, su estilo era uno de los que generaba mayor atracci\u00f3n en los aficionados. Intr\u00e9pido, siempre bien predispuesto, su marca qued\u00f3 en los circuitos, pero tambi\u00e9n en los boxes.<\/p>\n\n\n\n<p>Otra de las categor\u00edas donde Urretavizcaya mostr\u00f3 sus dotes al volante fue el&nbsp;<strong>TC2000&nbsp;<\/strong>en el equipo oficial Chevrolet junto a Guillermo Ortelli.&nbsp;<\/p>\n\n\n\n<p><\/p>\n","protected":false},"excerpt":{"rendered":"<p>El ex piloto Roberto Urretavizcaya, \u00eddolo del Turismo Carretera, muri\u00f3 a los 65 a\u00f1os luego de estar internado desde marzo en la Cl\u00ednica Centro de Jun\u00edn tras protagonizar un accidente&hellip;<\/p>\n","protected":false},"author":3,"featured_media":223287,"comment_status":"closed","ping_status":"open","sticky":false,"template":"","format":"standard","meta":{"_acf_changed":false,"footnotes":""},"categories":[1,3],"tags":[],"class_list":["post-223284","post","type-post","status-publish","format-standard","has-post-thumbnail","hentry","category-es-noticia","category-deportes"],"acf":[],"yoast_head":"<!-- This site is optimized with the Yoast SEO plugin v27.4 - https:\/\/yoast.com\/product\/yoast-seo-wordpress\/ -->\n<title>Muri\u00f3 el expiloto Roberto Urretavizcaya, \u00eddolo del Turismo Carretera - Diario Textual<\/title>\n<meta name=\"robots\" content=\"index, follow, max-snippet:-1, max-image-preview:large, max-video-preview:-1\" \/>\n<link rel=\"canonical\" href=\"https:\/\/diariotextual.com\/inicio\/index.php\/2023\/04\/25\/murio-el-expiloto-roberto-urretavizcaya-idolo-del-turismo-carretera\/\" \/>\n<meta property=\"og:locale\" content=\"es_ES\" \/>\n<meta property=\"og:type\" content=\"article\" \/>\n<meta property=\"og:title\" content=\"Muri\u00f3 el expiloto Roberto Urretavizcaya, \u00eddolo del Turismo Carretera - Diario Textual\" \/>\n<meta property=\"og:description\" content=\"El ex piloto Roberto Urretavizcaya, \u00eddolo del Turismo Carretera, muri\u00f3 a los 65 a\u00f1os luego de estar internado desde marzo en la Cl\u00ednica Centro de Jun\u00edn tras protagonizar un accidente&hellip;\" \/>\n<meta property=\"og:url\" content=\"https:\/\/diariotextual.com\/inicio\/index.php\/2023\/04\/25\/murio-el-expiloto-roberto-urretavizcaya-idolo-del-turismo-carretera\/\" \/>\n<meta property=\"og:site_name\" content=\"Diario Textual\" \/>\n<meta property=\"article:publisher\" content=\"https:\/\/www.facebook.com\/eltextual\" \/>\n<meta property=\"article:published_time\" content=\"2023-04-25T19:35:00+00:00\" \/>\n<meta property=\"article:modified_time\" content=\"2023-04-26T09:58:37+00:00\" \/>\n<meta property=\"og:image\" content=\"https:\/\/diariotextual.com\/inicio\/wp-content\/uploads\/2023\/04\/urretavizcayaroberto011.jpg\" \/>\n\t<meta property=\"og:image:width\" content=\"720\" \/>\n\t<meta property=\"og:image:height\" content=\"410\" \/>\n\t<meta property=\"og:image:type\" content=\"image\/jpeg\" \/>\n<meta name=\"author\" content=\"Diario1 Diario1\" \/>\n<meta name=\"twitter:card\" content=\"summary_large_image\" \/>\n<meta name=\"twitter:creator\" content=\"@eltextual\" \/>\n<meta name=\"twitter:site\" content=\"@eltextual\" \/>\n<meta name=\"twitter:label1\" content=\"Escrito por\" \/>\n\t<meta name=\"twitter:data1\" content=\"Diario1 Diario1\" \/>\n\t<meta name=\"twitter:label2\" content=\"Tiempo de lectura\" \/>\n\t<meta name=\"twitter:data2\" content=\"2 minutos\" \/>\n<script type=\"application\/ld+json\" class=\"yoast-schema-graph\">{\"@context\":\"https:\\\/\\\/schema.org\",\"@graph\":[{\"@type\":\"Article\",\"@id\":\"https:\\\/\\\/diariotextual.com\\\/inicio\\\/index.php\\\/2023\\\/04\\\/25\\\/murio-el-expiloto-roberto-urretavizcaya-idolo-del-turismo-carretera\\\/#article\",\"isPartOf\":{\"@id\":\"https:\\\/\\\/diariotextual.com\\\/inicio\\\/index.php\\\/2023\\\/04\\\/25\\\/murio-el-expiloto-roberto-urretavizcaya-idolo-del-turismo-carretera\\\/\"},\"author\":{\"name\":\"Diario1 Diario1\",\"@id\":\"https:\\\/\\\/diariotextual.com\\\/inicio\\\/#\\\/schema\\\/person\\\/418fc4093c33e86ed41562db3508f958\"},\"headline\":\"Muri\u00f3 el expiloto Roberto Urretavizcaya, \u00eddolo del Turismo Carretera\",\"datePublished\":\"2023-04-25T19:35:00+00:00\",\"dateModified\":\"2023-04-26T09:58:37+00:00\",\"mainEntityOfPage\":{\"@id\":\"https:\\\/\\\/diariotextual.com\\\/inicio\\\/index.php\\\/2023\\\/04\\\/25\\\/murio-el-expiloto-roberto-urretavizcaya-idolo-del-turismo-carretera\\\/\"},\"wordCount\":435,\"publisher\":{\"@id\":\"https:\\\/\\\/diariotextual.com\\\/inicio\\\/#organization\"},\"image\":{\"@id\":\"https:\\\/\\\/diariotextual.com\\\/inicio\\\/index.php\\\/2023\\\/04\\\/25\\\/murio-el-expiloto-roberto-urretavizcaya-idolo-del-turismo-carretera\\\/#primaryimage\"},\"thumbnailUrl\":\"https:\\\/\\\/diariotextual.com\\\/inicio\\\/wp-content\\\/uploads\\\/2023\\\/04\\\/urretavizcayaroberto011.jpg\",\"articleSection\":[\"A - ES NOTICIA (van abajo)\",\"DEPORTES\"],\"inLanguage\":\"es\"},{\"@type\":\"WebPage\",\"@id\":\"https:\\\/\\\/diariotextual.com\\\/inicio\\\/index.php\\\/2023\\\/04\\\/25\\\/murio-el-expiloto-roberto-urretavizcaya-idolo-del-turismo-carretera\\\/\",\"url\":\"https:\\\/\\\/diariotextual.com\\\/inicio\\\/index.php\\\/2023\\\/04\\\/25\\\/murio-el-expiloto-roberto-urretavizcaya-idolo-del-turismo-carretera\\\/\",\"name\":\"Muri\u00f3 el expiloto Roberto Urretavizcaya, \u00eddolo del Turismo Carretera - Diario Textual\",\"isPartOf\":{\"@id\":\"https:\\\/\\\/diariotextual.com\\\/inicio\\\/#website\"},\"primaryImageOfPage\":{\"@id\":\"https:\\\/\\\/diariotextual.com\\\/inicio\\\/index.php\\\/2023\\\/04\\\/25\\\/murio-el-expiloto-roberto-urretavizcaya-idolo-del-turismo-carretera\\\/#primaryimage\"},\"image\":{\"@id\":\"https:\\\/\\\/diariotextual.com\\\/inicio\\\/index.php\\\/2023\\\/04\\\/25\\\/murio-el-expiloto-roberto-urretavizcaya-idolo-del-turismo-carretera\\\/#primaryimage\"},\"thumbnailUrl\":\"https:\\\/\\\/diariotextual.com\\\/inicio\\\/wp-content\\\/uploads\\\/2023\\\/04\\\/urretavizcayaroberto011.jpg\",\"datePublished\":\"2023-04-25T19:35:00+00:00\",\"dateModified\":\"2023-04-26T09:58:37+00:00\",\"breadcrumb\":{\"@id\":\"https:\\\/\\\/diariotextual.com\\\/inicio\\\/index.php\\\/2023\\\/04\\\/25\\\/murio-el-expiloto-roberto-urretavizcaya-idolo-del-turismo-carretera\\\/#breadcrumb\"},\"inLanguage\":\"es\",\"potentialAction\":[{\"@type\":\"ReadAction\",\"target\":[\"https:\\\/\\\/diariotextual.com\\\/inicio\\\/index.php\\\/2023\\\/04\\\/25\\\/murio-el-expiloto-roberto-urretavizcaya-idolo-del-turismo-carretera\\\/\"]}]},{\"@type\":\"ImageObject\",\"inLanguage\":\"es\",\"@id\":\"https:\\\/\\\/diariotextual.com\\\/inicio\\\/index.php\\\/2023\\\/04\\\/25\\\/murio-el-expiloto-roberto-urretavizcaya-idolo-del-turismo-carretera\\\/#primaryimage\",\"url\":\"https:\\\/\\\/diariotextual.com\\\/inicio\\\/wp-content\\\/uploads\\\/2023\\\/04\\\/urretavizcayaroberto011.jpg\",\"contentUrl\":\"https:\\\/\\\/diariotextual.com\\\/inicio\\\/wp-content\\\/uploads\\\/2023\\\/04\\\/urretavizcayaroberto011.jpg\",\"width\":720,\"height\":410},{\"@type\":\"BreadcrumbList\",\"@id\":\"https:\\\/\\\/diariotextual.com\\\/inicio\\\/index.php\\\/2023\\\/04\\\/25\\\/murio-el-expiloto-roberto-urretavizcaya-idolo-del-turismo-carretera\\\/#breadcrumb\",\"itemListElement\":[{\"@type\":\"ListItem\",\"position\":1,\"name\":\"Portada\",\"item\":\"https:\\\/\\\/diariotextual.com\\\/inicio\\\/\"},{\"@type\":\"ListItem\",\"position\":2,\"name\":\"Muri\u00f3 el expiloto Roberto Urretavizcaya, \u00eddolo del Turismo Carretera\"}]},{\"@type\":\"WebSite\",\"@id\":\"https:\\\/\\\/diariotextual.com\\\/inicio\\\/#website\",\"url\":\"https:\\\/\\\/diariotextual.com\\\/inicio\\\/\",\"name\":\"Diario Textual\",\"description\":\"\",\"publisher\":{\"@id\":\"https:\\\/\\\/diariotextual.com\\\/inicio\\\/#organization\"},\"potentialAction\":[{\"@type\":\"SearchAction\",\"target\":{\"@type\":\"EntryPoint\",\"urlTemplate\":\"https:\\\/\\\/diariotextual.com\\\/inicio\\\/?s={search_term_string}\"},\"query-input\":{\"@type\":\"PropertyValueSpecification\",\"valueRequired\":true,\"valueName\":\"search_term_string\"}}],\"inLanguage\":\"es\"},{\"@type\":\"Organization\",\"@id\":\"https:\\\/\\\/diariotextual.com\\\/inicio\\\/#organization\",\"name\":\"Diario Textual\",\"url\":\"https:\\\/\\\/diariotextual.com\\\/inicio\\\/\",\"logo\":{\"@type\":\"ImageObject\",\"inLanguage\":\"es\",\"@id\":\"https:\\\/\\\/diariotextual.com\\\/inicio\\\/#\\\/schema\\\/logo\\\/image\\\/\",\"url\":\"https:\\\/\\\/diariotextual.com\\\/inicio\\\/wp-content\\\/uploads\\\/2023\\\/05\\\/logotextual1.jpg\",\"contentUrl\":\"https:\\\/\\\/diariotextual.com\\\/inicio\\\/wp-content\\\/uploads\\\/2023\\\/05\\\/logotextual1.jpg\",\"width\":516,\"height\":76,\"caption\":\"Diario Textual\"},\"image\":{\"@id\":\"https:\\\/\\\/diariotextual.com\\\/inicio\\\/#\\\/schema\\\/logo\\\/image\\\/\"},\"sameAs\":[\"https:\\\/\\\/www.facebook.com\\\/eltextual\",\"https:\\\/\\\/x.com\\\/eltextual\",\"http:\\\/\\\/www.instagram.com\\\/eltextual\"]},{\"@type\":\"Person\",\"@id\":\"https:\\\/\\\/diariotextual.com\\\/inicio\\\/#\\\/schema\\\/person\\\/418fc4093c33e86ed41562db3508f958\",\"name\":\"Diario1 Diario1\",\"image\":{\"@type\":\"ImageObject\",\"inLanguage\":\"es\",\"@id\":\"https:\\\/\\\/secure.gravatar.com\\\/avatar\\\/9167d280179c85bc18be67aa7eda765854300033af4896dd779b608640f2ef7a?s=96&d=mm&r=g\",\"url\":\"https:\\\/\\\/secure.gravatar.com\\\/avatar\\\/9167d280179c85bc18be67aa7eda765854300033af4896dd779b608640f2ef7a?s=96&d=mm&r=g\",\"contentUrl\":\"https:\\\/\\\/secure.gravatar.com\\\/avatar\\\/9167d280179c85bc18be67aa7eda765854300033af4896dd779b608640f2ef7a?s=96&d=mm&r=g\",\"caption\":\"Diario1 Diario1\"},\"url\":\"https:\\\/\\\/diariotextual.com\\\/inicio\\\/index.php\\\/author\\\/diario1\\\/\"}]}<\/script>\n<!-- \/ Yoast SEO plugin. -->","yoast_head_json":{"title":"Muri\u00f3 el expiloto Roberto Urretavizcaya, \u00eddolo del Turismo Carretera - Diario Textual","robots":{"index":"index","follow":"follow","max-snippet":"max-snippet:-1","max-image-preview":"max-image-preview:large","max-video-preview":"max-video-preview:-1"},"canonical":"https:\/\/diariotextual.com\/inicio\/index.php\/2023\/04\/25\/murio-el-expiloto-roberto-urretavizcaya-idolo-del-turismo-carretera\/","og_locale":"es_ES","og_type":"article","og_title":"Muri\u00f3 el expiloto Roberto Urretavizcaya, \u00eddolo del Turismo Carretera - Diario Textual","og_description":"El ex piloto Roberto Urretavizcaya, \u00eddolo del Turismo Carretera, muri\u00f3 a los 65 a\u00f1os luego de estar internado desde marzo en la Cl\u00ednica Centro de Jun\u00edn tras protagonizar un accidente&hellip;","og_url":"https:\/\/diariotextual.com\/inicio\/index.php\/2023\/04\/25\/murio-el-expiloto-roberto-urretavizcaya-idolo-del-turismo-carretera\/","og_site_name":"Diario Textual","article_publisher":"https:\/\/www.facebook.com\/eltextual","article_published_time":"2023-04-25T19:35:00+00:00","article_modified_time":"2023-04-26T09:58:37+00:00","og_image":[{"width":720,"height":410,"url":"https:\/\/diariotextual.com\/inicio\/wp-content\/uploads\/2023\/04\/urretavizcayaroberto011.jpg","type":"image\/jpeg"}],"author":"Diario1 Diario1","twitter_card":"summary_large_image","twitter_creator":"@eltextual","twitter_site":"@eltextual","twitter_misc":{"Escrito por":"Diario1 Diario1","Tiempo de lectura":"2 minutos"},"schema":{"@context":"https:\/\/schema.org","@graph":[{"@type":"Article","@id":"https:\/\/diariotextual.com\/inicio\/index.php\/2023\/04\/25\/murio-el-expiloto-roberto-urretavizcaya-idolo-del-turismo-carretera\/#article","isPartOf":{"@id":"https:\/\/diariotextual.com\/inicio\/index.php\/2023\/04\/25\/murio-el-expiloto-roberto-urretavizcaya-idolo-del-turismo-carretera\/"},"author":{"name":"Diario1 Diario1","@id":"https:\/\/diariotextual.com\/inicio\/#\/schema\/person\/418fc4093c33e86ed41562db3508f958"},"headline":"Muri\u00f3 el expiloto Roberto Urretavizcaya, \u00eddolo del Turismo Carretera","datePublished":"2023-04-25T19:35:00+00:00","dateModified":"2023-04-26T09:58:37+00:00","mainEntityOfPage":{"@id":"https:\/\/diariotextual.com\/inicio\/index.php\/2023\/04\/25\/murio-el-expiloto-roberto-urretavizcaya-idolo-del-turismo-carretera\/"},"wordCount":435,"publisher":{"@id":"https:\/\/diariotextual.com\/inicio\/#organization"},"image":{"@id":"https:\/\/diariotextual.com\/inicio\/index.php\/2023\/04\/25\/murio-el-expiloto-roberto-urretavizcaya-idolo-del-turismo-carretera\/#primaryimage"},"thumbnailUrl":"https:\/\/diariotextual.com\/inicio\/wp-content\/uploads\/2023\/04\/urretavizcayaroberto011.jpg","articleSection":["A - ES NOTICIA (van abajo)","DEPORTES"],"inLanguage":"es"},{"@type":"WebPage","@id":"https:\/\/diariotextual.com\/inicio\/index.php\/2023\/04\/25\/murio-el-expiloto-roberto-urretavizcaya-idolo-del-turismo-carretera\/","url":"https:\/\/diariotextual.com\/inicio\/index.php\/2023\/04\/25\/murio-el-expiloto-roberto-urretavizcaya-idolo-del-turismo-carretera\/","name":"Muri\u00f3 el expiloto Roberto Urretavizcaya, \u00eddolo del Turismo Carretera - Diario Textual","isPartOf":{"@id":"https:\/\/diariotextual.com\/inicio\/#website"},"primaryImageOfPage":{"@id":"https:\/\/diariotextual.com\/inicio\/index.php\/2023\/04\/25\/murio-el-expiloto-roberto-urretavizcaya-idolo-del-turismo-carretera\/#primaryimage"},"image":{"@id":"https:\/\/diariotextual.com\/inicio\/index.php\/2023\/04\/25\/murio-el-expiloto-roberto-urretavizcaya-idolo-del-turismo-carretera\/#primaryimage"},"thumbnailUrl":"https:\/\/diariotextual.com\/inicio\/wp-content\/uploads\/2023\/04\/urretavizcayaroberto011.jpg","datePublished":"2023-04-25T19:35:00+00:00","dateModified":"2023-04-26T09:58:37+00:00","breadcrumb":{"@id":"https:\/\/diariotextual.com\/inicio\/index.php\/2023\/04\/25\/murio-el-expiloto-roberto-urretavizcaya-idolo-del-turismo-carretera\/#breadcrumb"},"inLanguage":"es","potentialAction":[{"@type":"ReadAction","target":["https:\/\/diariotextual.com\/inicio\/index.php\/2023\/04\/25\/murio-el-expiloto-roberto-urretavizcaya-idolo-del-turismo-carretera\/"]}]},{"@type":"ImageObject","inLanguage":"es","@id":"https:\/\/diariotextual.com\/inicio\/index.php\/2023\/04\/25\/murio-el-expiloto-roberto-urretavizcaya-idolo-del-turismo-carretera\/#primaryimage","url":"https:\/\/diariotextual.com\/inicio\/wp-content\/uploads\/2023\/04\/urretavizcayaroberto011.jpg","contentUrl":"https:\/\/diariotextual.com\/inicio\/wp-content\/uploads\/2023\/04\/urretavizcayaroberto011.jpg","width":720,"height":410},{"@type":"BreadcrumbList","@id":"https:\/\/diariotextual.com\/inicio\/index.php\/2023\/04\/25\/murio-el-expiloto-roberto-urretavizcaya-idolo-del-turismo-carretera\/#breadcrumb","itemListElement":[{"@type":"ListItem","position":1,"name":"Portada","item":"https:\/\/diariotextual.com\/inicio\/"},{"@type":"ListItem","position":2,"name":"Muri\u00f3 el expiloto Roberto Urretavizcaya, \u00eddolo del Turismo Carretera"}]},{"@type":"WebSite","@id":"https:\/\/diariotextual.com\/inicio\/#website","url":"https:\/\/diariotextual.com\/inicio\/","name":"Diario Textual","description":"","publisher":{"@id":"https:\/\/diariotextual.com\/inicio\/#organization"},"potentialAction":[{"@type":"SearchAction","target":{"@type":"EntryPoint","urlTemplate":"https:\/\/diariotextual.com\/inicio\/?s={search_term_string}"},"query-input":{"@type":"PropertyValueSpecification","valueRequired":true,"valueName":"search_term_string"}}],"inLanguage":"es"},{"@type":"Organization","@id":"https:\/\/diariotextual.com\/inicio\/#organization","name":"Diario Textual","url":"https:\/\/diariotextual.com\/inicio\/","logo":{"@type":"ImageObject","inLanguage":"es","@id":"https:\/\/diariotextual.com\/inicio\/#\/schema\/logo\/image\/","url":"https:\/\/diariotextual.com\/inicio\/wp-content\/uploads\/2023\/05\/logotextual1.jpg","contentUrl":"https:\/\/diariotextual.com\/inicio\/wp-content\/uploads\/2023\/05\/logotextual1.jpg","width":516,"height":76,"caption":"Diario Textual"},"image":{"@id":"https:\/\/diariotextual.com\/inicio\/#\/schema\/logo\/image\/"},"sameAs":["https:\/\/www.facebook.com\/eltextual","https:\/\/x.com\/eltextual","http:\/\/www.instagram.com\/eltextual"]},{"@type":"Person","@id":"https:\/\/diariotextual.com\/inicio\/#\/schema\/person\/418fc4093c33e86ed41562db3508f958","name":"Diario1 Diario1","image":{"@type":"ImageObject","inLanguage":"es","@id":"https:\/\/secure.gravatar.com\/avatar\/9167d280179c85bc18be67aa7eda765854300033af4896dd779b608640f2ef7a?s=96&d=mm&r=g","url":"https:\/\/secure.gravatar.com\/avatar\/9167d280179c85bc18be67aa7eda765854300033af4896dd779b608640f2ef7a?s=96&d=mm&r=g","contentUrl":"https:\/\/secure.gravatar.com\/avatar\/9167d280179c85bc18be67aa7eda765854300033af4896dd779b608640f2ef7a?s=96&d=mm&r=g","caption":"Diario1 Diario1"},"url":"https:\/\/diariotextual.com\/inicio\/index.php\/author\/diario1\/"}]}},"_links":{"self":[{"href":"https:\/\/diariotextual.com\/inicio\/index.php\/wp-json\/wp\/v2\/posts\/223284","targetHints":{"allow":["GET"]}}],"collection":[{"href":"https:\/\/diariotextual.com\/inicio\/index.php\/wp-json\/wp\/v2\/posts"}],"about":[{"href":"https:\/\/diariotextual.com\/inicio\/index.php\/wp-json\/wp\/v2\/types\/post"}],"author":[{"embeddable":true,"href":"https:\/\/diariotextual.com\/inicio\/index.php\/wp-json\/wp\/v2\/users\/3"}],"replies":[{"embeddable":true,"href":"https:\/\/diariotextual.com\/inicio\/index.php\/wp-json\/wp\/v2\/comments?post=223284"}],"version-history":[{"count":3,"href":"https:\/\/diariotextual.com\/inicio\/index.php\/wp-json\/wp\/v2\/posts\/223284\/revisions"}],"predecessor-version":[{"id":223330,"href":"https:\/\/diariotextual.com\/inicio\/index.php\/wp-json\/wp\/v2\/posts\/223284\/revisions\/223330"}],"wp:featuredmedia":[{"embeddable":true,"href":"https:\/\/diariotextual.com\/inicio\/index.php\/wp-json\/wp\/v2\/media\/223287"}],"wp:attachment":[{"href":"https:\/\/diariotextual.com\/inicio\/index.php\/wp-json\/wp\/v2\/media?parent=223284"}],"wp:term":[{"taxonomy":"category","embeddable":true,"href":"https:\/\/diariotextual.com\/inicio\/index.php\/wp-json\/wp\/v2\/categories?post=223284"},{"taxonomy":"post_tag","embeddable":true,"href":"https:\/\/diariotextual.com\/inicio\/index.php\/wp-json\/wp\/v2\/tags?post=223284"}],"curies":[{"name":"wp","href":"https:\/\/api.w.org\/{rel}","templated":true}]}}