{"id":223295,"date":"2023-04-25T17:39:30","date_gmt":"2023-04-25T20:39:30","guid":{"rendered":"https:\/\/diariotextual.com\/inicio\/?p=223295"},"modified":"2023-04-25T17:39:32","modified_gmt":"2023-04-25T20:39:32","slug":"anuncian-la-obra-llevo-todo-conmigo-en-el-teatro-tkq","status":"publish","type":"post","link":"https:\/\/diariotextual.com\/inicio\/index.php\/2023\/04\/25\/anuncian-la-obra-llevo-todo-conmigo-en-el-teatro-tkq\/","title":{"rendered":"Anuncian la obra \u201cLlevo todo conmigo\u201d en el Teatro TKQ"},"content":{"rendered":"\n<p>El <strong>Teatro TKQ de Santa Rosa<\/strong> anunci\u00f3 la funci\u00f3n teatral de \u201cLlevo todo conmigo\u201d, de la Compa\u00f1\u00eda La Escalera Teatro, de Puerto Madryn, y de Teatro Del Bardo, de Paran\u00e1.<\/p>\n\n\n\n<p>\u201cEsto que soy. Esto que tengo. Las personas que me habitan. Los recuerdos que me narro. Los dos que son yo. El infinito que sos. Como una Alicia trasnochada me pregunto y no s\u00e9 con que palabras nombrar lo que me respondo. Viajo en la memoria de este cuerpo que me fue dado. Llevo todo conmigo como quien se deshace. Como quien se sumerge en el mar\u201d, describe la sinopsis.<\/p>\n\n\n\n<p>La obra es sugerida para mayores de 13 a\u00f1os. Se presentar\u00e1 el viernes 5 de mayo a las 21 horas en la sala ubicada en Sarmiento y Cervantes.<\/p>\n\n\n\n<p>El valor de la entrada es de 1.500 pesos. Las reservas son \u00fanicamente por mensaje al whatsapp 2954-310030.<\/p>\n\n\n\n<p>Sobre La Escalera Teatro: compa\u00f1\u00eda de teatro creada en 1984 en la ciudad de Neuqu\u00e9n. En el a\u00f1o 2001 hacen base en la ciudad de Puerto Madryn desde donde giran hacia otras ciudades, parajes y pueblos. En el 2005 abren las puertas de la primera sala de teatro independiente de la ciudad: El Galp\u00f3n de La Escalera. Apasionados de su oficio, militantes del encuentro, artistas inquietos que hacen de la exploraci\u00f3n e investigaci\u00f3n su forma de habitar el mundo, junto a la creaci\u00f3n e implementaci\u00f3n de proyectos que les permita entramarse con otros lenguajes y artistas. Compa\u00f1\u00eda con repertorio variado de espect\u00e1culos teatrales para todo p\u00fablico y para adultos; abrazando distintos formatos, t\u00e9cnicas y lenguajes posibilitando un amplio campo de acci\u00f3n y encuentro.<\/p>\n\n\n\n<p>Creadores de la Marat\u00f3n Teatral (2005), La escuela va al teatro (2007) y del Festival Nacional de Teatro Teatrazo (2007) proyectos que a\u00fan siguen vigentes.<\/p>\n\n\n\n<p>Sobre Teatro del Bardo: es una agrupaci\u00f3n art\u00edstica independiente de la ciudad de Paran\u00e1, Entre R\u00edos, que trabaja en torno a cuatro ejes b\u00e1sicos: la construcci\u00f3n de espect\u00e1culos, la investigaci\u00f3n teatral, la pedagog\u00eda y la construcci\u00f3n de circuitos alternativos de trabajo. Formado originariamente en Argentina, el grupo ha extendido su trabajo a diversos pa\u00edses de Am\u00e9rica Latina y Europa. Desde sus comienzos, esta agrupaci\u00f3n, ha centrado gran parte de su trabajo en la consecuci\u00f3n y sostenimiento de diversas instancias de producci\u00f3n en conjunto con otros grupos, artistas y organizaciones sociales. La conformaci\u00f3n de proyectos como el Equipo de Educaci\u00f3n por el Arte, la Escuela del Bardo y las actividades que este desarrolla en todo el pa\u00eds, o el surgimiento de la Asociaci\u00f3n Civil Teatro del Bardo, son la cristalizaci\u00f3n de esta mec\u00e1nica de trabajo en relaci\u00f3n. La Asociaci\u00f3n Civil teatro del Bardo, surgi\u00f3 para dar forma jur\u00eddica a las actividades que desde el a\u00f1o 1999 realiza la agrupaci\u00f3n de teatro autogestivo Teatro del Bardo.<\/p>\n","protected":false},"excerpt":{"rendered":"<p>El Teatro TKQ de Santa Rosa anunci\u00f3 la funci\u00f3n teatral de \u201cLlevo todo conmigo\u201d, de la Compa\u00f1\u00eda La Escalera Teatro, de Puerto Madryn, y de Teatro Del Bardo, de Paran\u00e1.&hellip;<\/p>\n","protected":false},"author":4,"featured_media":223300,"comment_status":"closed","ping_status":"open","sticky":false,"template":"","format":"standard","meta":{"_acf_changed":false,"footnotes":""},"categories":[1,2],"tags":[],"class_list":["post-223295","post","type-post","status-publish","format-standard","has-post-thumbnail","hentry","category-es-noticia","category-cultura"],"acf":[],"yoast_head":"<!-- This site is optimized with the Yoast SEO plugin v27.5 - https:\/\/yoast.com\/product\/yoast-seo-wordpress\/ -->\n<title>Anuncian la obra \u201cLlevo todo conmigo\u201d en el Teatro TKQ - Diario Textual<\/title>\n<meta name=\"robots\" content=\"index, follow, max-snippet:-1, max-image-preview:large, max-video-preview:-1\" \/>\n<link rel=\"canonical\" href=\"https:\/\/diariotextual.com\/inicio\/index.php\/2023\/04\/25\/anuncian-la-obra-llevo-todo-conmigo-en-el-teatro-tkq\/\" \/>\n<meta property=\"og:locale\" content=\"es_ES\" \/>\n<meta property=\"og:type\" content=\"article\" \/>\n<meta property=\"og:title\" content=\"Anuncian la obra \u201cLlevo todo conmigo\u201d en el Teatro TKQ - Diario Textual\" \/>\n<meta property=\"og:description\" content=\"El Teatro TKQ de Santa Rosa anunci\u00f3 la funci\u00f3n teatral de \u201cLlevo todo conmigo\u201d, de la Compa\u00f1\u00eda La Escalera Teatro, de Puerto Madryn, y de Teatro Del Bardo, de Paran\u00e1.&hellip;\" \/>\n<meta property=\"og:url\" content=\"https:\/\/diariotextual.com\/inicio\/index.php\/2023\/04\/25\/anuncian-la-obra-llevo-todo-conmigo-en-el-teatro-tkq\/\" \/>\n<meta property=\"og:site_name\" content=\"Diario Textual\" \/>\n<meta property=\"article:publisher\" content=\"https:\/\/www.facebook.com\/eltextual\" \/>\n<meta property=\"article:published_time\" content=\"2023-04-25T20:39:30+00:00\" \/>\n<meta property=\"article:modified_time\" content=\"2023-04-25T20:39:32+00:00\" \/>\n<meta property=\"og:image\" content=\"https:\/\/diariotextual.com\/inicio\/wp-content\/uploads\/2023\/04\/llevotodoconmigoteatro64327.jpg\" \/>\n\t<meta property=\"og:image:width\" content=\"453\" \/>\n\t<meta property=\"og:image:height\" content=\"336\" \/>\n\t<meta property=\"og:image:type\" content=\"image\/jpeg\" \/>\n<meta name=\"author\" content=\"diario2\" \/>\n<meta name=\"twitter:card\" content=\"summary_large_image\" \/>\n<meta name=\"twitter:creator\" content=\"@eltextual\" \/>\n<meta name=\"twitter:site\" content=\"@eltextual\" \/>\n<meta name=\"twitter:label1\" content=\"Escrito por\" \/>\n\t<meta name=\"twitter:data1\" content=\"diario2\" \/>\n\t<meta name=\"twitter:label2\" content=\"Tiempo de lectura\" \/>\n\t<meta name=\"twitter:data2\" content=\"3 minutos\" \/>\n<script type=\"application\/ld+json\" class=\"yoast-schema-graph\">{\"@context\":\"https:\\\/\\\/schema.org\",\"@graph\":[{\"@type\":\"Article\",\"@id\":\"https:\\\/\\\/diariotextual.com\\\/inicio\\\/index.php\\\/2023\\\/04\\\/25\\\/anuncian-la-obra-llevo-todo-conmigo-en-el-teatro-tkq\\\/#article\",\"isPartOf\":{\"@id\":\"https:\\\/\\\/diariotextual.com\\\/inicio\\\/index.php\\\/2023\\\/04\\\/25\\\/anuncian-la-obra-llevo-todo-conmigo-en-el-teatro-tkq\\\/\"},\"author\":{\"name\":\"diario2\",\"@id\":\"https:\\\/\\\/diariotextual.com\\\/inicio\\\/#\\\/schema\\\/person\\\/694f60677f23c4a530867a98f22b3768\"},\"headline\":\"Anuncian la obra \u201cLlevo todo conmigo\u201d en el Teatro TKQ\",\"datePublished\":\"2023-04-25T20:39:30+00:00\",\"dateModified\":\"2023-04-25T20:39:32+00:00\",\"mainEntityOfPage\":{\"@id\":\"https:\\\/\\\/diariotextual.com\\\/inicio\\\/index.php\\\/2023\\\/04\\\/25\\\/anuncian-la-obra-llevo-todo-conmigo-en-el-teatro-tkq\\\/\"},\"wordCount\":500,\"publisher\":{\"@id\":\"https:\\\/\\\/diariotextual.com\\\/inicio\\\/#organization\"},\"image\":{\"@id\":\"https:\\\/\\\/diariotextual.com\\\/inicio\\\/index.php\\\/2023\\\/04\\\/25\\\/anuncian-la-obra-llevo-todo-conmigo-en-el-teatro-tkq\\\/#primaryimage\"},\"thumbnailUrl\":\"https:\\\/\\\/diariotextual.com\\\/inicio\\\/wp-content\\\/uploads\\\/2023\\\/04\\\/llevotodoconmigoteatro64327.jpg\",\"articleSection\":[\"A - ES NOTICIA (van abajo)\",\"CULTURA\"],\"inLanguage\":\"es\"},{\"@type\":\"WebPage\",\"@id\":\"https:\\\/\\\/diariotextual.com\\\/inicio\\\/index.php\\\/2023\\\/04\\\/25\\\/anuncian-la-obra-llevo-todo-conmigo-en-el-teatro-tkq\\\/\",\"url\":\"https:\\\/\\\/diariotextual.com\\\/inicio\\\/index.php\\\/2023\\\/04\\\/25\\\/anuncian-la-obra-llevo-todo-conmigo-en-el-teatro-tkq\\\/\",\"name\":\"Anuncian la obra \u201cLlevo todo conmigo\u201d en el Teatro TKQ - Diario Textual\",\"isPartOf\":{\"@id\":\"https:\\\/\\\/diariotextual.com\\\/inicio\\\/#website\"},\"primaryImageOfPage\":{\"@id\":\"https:\\\/\\\/diariotextual.com\\\/inicio\\\/index.php\\\/2023\\\/04\\\/25\\\/anuncian-la-obra-llevo-todo-conmigo-en-el-teatro-tkq\\\/#primaryimage\"},\"image\":{\"@id\":\"https:\\\/\\\/diariotextual.com\\\/inicio\\\/index.php\\\/2023\\\/04\\\/25\\\/anuncian-la-obra-llevo-todo-conmigo-en-el-teatro-tkq\\\/#primaryimage\"},\"thumbnailUrl\":\"https:\\\/\\\/diariotextual.com\\\/inicio\\\/wp-content\\\/uploads\\\/2023\\\/04\\\/llevotodoconmigoteatro64327.jpg\",\"datePublished\":\"2023-04-25T20:39:30+00:00\",\"dateModified\":\"2023-04-25T20:39:32+00:00\",\"breadcrumb\":{\"@id\":\"https:\\\/\\\/diariotextual.com\\\/inicio\\\/index.php\\\/2023\\\/04\\\/25\\\/anuncian-la-obra-llevo-todo-conmigo-en-el-teatro-tkq\\\/#breadcrumb\"},\"inLanguage\":\"es\",\"potentialAction\":[{\"@type\":\"ReadAction\",\"target\":[\"https:\\\/\\\/diariotextual.com\\\/inicio\\\/index.php\\\/2023\\\/04\\\/25\\\/anuncian-la-obra-llevo-todo-conmigo-en-el-teatro-tkq\\\/\"]}]},{\"@type\":\"ImageObject\",\"inLanguage\":\"es\",\"@id\":\"https:\\\/\\\/diariotextual.com\\\/inicio\\\/index.php\\\/2023\\\/04\\\/25\\\/anuncian-la-obra-llevo-todo-conmigo-en-el-teatro-tkq\\\/#primaryimage\",\"url\":\"https:\\\/\\\/diariotextual.com\\\/inicio\\\/wp-content\\\/uploads\\\/2023\\\/04\\\/llevotodoconmigoteatro64327.jpg\",\"contentUrl\":\"https:\\\/\\\/diariotextual.com\\\/inicio\\\/wp-content\\\/uploads\\\/2023\\\/04\\\/llevotodoconmigoteatro64327.jpg\",\"width\":453,\"height\":336},{\"@type\":\"BreadcrumbList\",\"@id\":\"https:\\\/\\\/diariotextual.com\\\/inicio\\\/index.php\\\/2023\\\/04\\\/25\\\/anuncian-la-obra-llevo-todo-conmigo-en-el-teatro-tkq\\\/#breadcrumb\",\"itemListElement\":[{\"@type\":\"ListItem\",\"position\":1,\"name\":\"Portada\",\"item\":\"https:\\\/\\\/diariotextual.com\\\/inicio\\\/\"},{\"@type\":\"ListItem\",\"position\":2,\"name\":\"Anuncian la obra \u201cLlevo todo conmigo\u201d en el Teatro TKQ\"}]},{\"@type\":\"WebSite\",\"@id\":\"https:\\\/\\\/diariotextual.com\\\/inicio\\\/#website\",\"url\":\"https:\\\/\\\/diariotextual.com\\\/inicio\\\/\",\"name\":\"Diario Textual\",\"description\":\"\",\"publisher\":{\"@id\":\"https:\\\/\\\/diariotextual.com\\\/inicio\\\/#organization\"},\"potentialAction\":[{\"@type\":\"SearchAction\",\"target\":{\"@type\":\"EntryPoint\",\"urlTemplate\":\"https:\\\/\\\/diariotextual.com\\\/inicio\\\/?s={search_term_string}\"},\"query-input\":{\"@type\":\"PropertyValueSpecification\",\"valueRequired\":true,\"valueName\":\"search_term_string\"}}],\"inLanguage\":\"es\"},{\"@type\":\"Organization\",\"@id\":\"https:\\\/\\\/diariotextual.com\\\/inicio\\\/#organization\",\"name\":\"Diario Textual\",\"url\":\"https:\\\/\\\/diariotextual.com\\\/inicio\\\/\",\"logo\":{\"@type\":\"ImageObject\",\"inLanguage\":\"es\",\"@id\":\"https:\\\/\\\/diariotextual.com\\\/inicio\\\/#\\\/schema\\\/logo\\\/image\\\/\",\"url\":\"https:\\\/\\\/diariotextual.com\\\/inicio\\\/wp-content\\\/uploads\\\/2023\\\/05\\\/logotextual1.jpg\",\"contentUrl\":\"https:\\\/\\\/diariotextual.com\\\/inicio\\\/wp-content\\\/uploads\\\/2023\\\/05\\\/logotextual1.jpg\",\"width\":516,\"height\":76,\"caption\":\"Diario Textual\"},\"image\":{\"@id\":\"https:\\\/\\\/diariotextual.com\\\/inicio\\\/#\\\/schema\\\/logo\\\/image\\\/\"},\"sameAs\":[\"https:\\\/\\\/www.facebook.com\\\/eltextual\",\"https:\\\/\\\/x.com\\\/eltextual\",\"http:\\\/\\\/www.instagram.com\\\/eltextual\"]},{\"@type\":\"Person\",\"@id\":\"https:\\\/\\\/diariotextual.com\\\/inicio\\\/#\\\/schema\\\/person\\\/694f60677f23c4a530867a98f22b3768\",\"name\":\"diario2\",\"image\":{\"@type\":\"ImageObject\",\"inLanguage\":\"es\",\"@id\":\"https:\\\/\\\/secure.gravatar.com\\\/avatar\\\/5a2567495ba16b852fcd8f1ed006a2e24fcace936018ed8237e95f488ad6e0a7?s=96&d=mm&r=g\",\"url\":\"https:\\\/\\\/secure.gravatar.com\\\/avatar\\\/5a2567495ba16b852fcd8f1ed006a2e24fcace936018ed8237e95f488ad6e0a7?s=96&d=mm&r=g\",\"contentUrl\":\"https:\\\/\\\/secure.gravatar.com\\\/avatar\\\/5a2567495ba16b852fcd8f1ed006a2e24fcace936018ed8237e95f488ad6e0a7?s=96&d=mm&r=g\",\"caption\":\"diario2\"},\"url\":\"https:\\\/\\\/diariotextual.com\\\/inicio\\\/index.php\\\/author\\\/diario2\\\/\"}]}<\/script>\n<!-- \/ Yoast SEO plugin. -->","yoast_head_json":{"title":"Anuncian la obra \u201cLlevo todo conmigo\u201d en el Teatro TKQ - Diario Textual","robots":{"index":"index","follow":"follow","max-snippet":"max-snippet:-1","max-image-preview":"max-image-preview:large","max-video-preview":"max-video-preview:-1"},"canonical":"https:\/\/diariotextual.com\/inicio\/index.php\/2023\/04\/25\/anuncian-la-obra-llevo-todo-conmigo-en-el-teatro-tkq\/","og_locale":"es_ES","og_type":"article","og_title":"Anuncian la obra \u201cLlevo todo conmigo\u201d en el Teatro TKQ - Diario Textual","og_description":"El Teatro TKQ de Santa Rosa anunci\u00f3 la funci\u00f3n teatral de \u201cLlevo todo conmigo\u201d, de la Compa\u00f1\u00eda La Escalera Teatro, de Puerto Madryn, y de Teatro Del Bardo, de Paran\u00e1.&hellip;","og_url":"https:\/\/diariotextual.com\/inicio\/index.php\/2023\/04\/25\/anuncian-la-obra-llevo-todo-conmigo-en-el-teatro-tkq\/","og_site_name":"Diario Textual","article_publisher":"https:\/\/www.facebook.com\/eltextual","article_published_time":"2023-04-25T20:39:30+00:00","article_modified_time":"2023-04-25T20:39:32+00:00","og_image":[{"width":453,"height":336,"url":"https:\/\/diariotextual.com\/inicio\/wp-content\/uploads\/2023\/04\/llevotodoconmigoteatro64327.jpg","type":"image\/jpeg"}],"author":"diario2","twitter_card":"summary_large_image","twitter_creator":"@eltextual","twitter_site":"@eltextual","twitter_misc":{"Escrito por":"diario2","Tiempo de lectura":"3 minutos"},"schema":{"@context":"https:\/\/schema.org","@graph":[{"@type":"Article","@id":"https:\/\/diariotextual.com\/inicio\/index.php\/2023\/04\/25\/anuncian-la-obra-llevo-todo-conmigo-en-el-teatro-tkq\/#article","isPartOf":{"@id":"https:\/\/diariotextual.com\/inicio\/index.php\/2023\/04\/25\/anuncian-la-obra-llevo-todo-conmigo-en-el-teatro-tkq\/"},"author":{"name":"diario2","@id":"https:\/\/diariotextual.com\/inicio\/#\/schema\/person\/694f60677f23c4a530867a98f22b3768"},"headline":"Anuncian la obra \u201cLlevo todo conmigo\u201d en el Teatro TKQ","datePublished":"2023-04-25T20:39:30+00:00","dateModified":"2023-04-25T20:39:32+00:00","mainEntityOfPage":{"@id":"https:\/\/diariotextual.com\/inicio\/index.php\/2023\/04\/25\/anuncian-la-obra-llevo-todo-conmigo-en-el-teatro-tkq\/"},"wordCount":500,"publisher":{"@id":"https:\/\/diariotextual.com\/inicio\/#organization"},"image":{"@id":"https:\/\/diariotextual.com\/inicio\/index.php\/2023\/04\/25\/anuncian-la-obra-llevo-todo-conmigo-en-el-teatro-tkq\/#primaryimage"},"thumbnailUrl":"https:\/\/diariotextual.com\/inicio\/wp-content\/uploads\/2023\/04\/llevotodoconmigoteatro64327.jpg","articleSection":["A - ES NOTICIA (van abajo)","CULTURA"],"inLanguage":"es"},{"@type":"WebPage","@id":"https:\/\/diariotextual.com\/inicio\/index.php\/2023\/04\/25\/anuncian-la-obra-llevo-todo-conmigo-en-el-teatro-tkq\/","url":"https:\/\/diariotextual.com\/inicio\/index.php\/2023\/04\/25\/anuncian-la-obra-llevo-todo-conmigo-en-el-teatro-tkq\/","name":"Anuncian la obra \u201cLlevo todo conmigo\u201d en el Teatro TKQ - Diario Textual","isPartOf":{"@id":"https:\/\/diariotextual.com\/inicio\/#website"},"primaryImageOfPage":{"@id":"https:\/\/diariotextual.com\/inicio\/index.php\/2023\/04\/25\/anuncian-la-obra-llevo-todo-conmigo-en-el-teatro-tkq\/#primaryimage"},"image":{"@id":"https:\/\/diariotextual.com\/inicio\/index.php\/2023\/04\/25\/anuncian-la-obra-llevo-todo-conmigo-en-el-teatro-tkq\/#primaryimage"},"thumbnailUrl":"https:\/\/diariotextual.com\/inicio\/wp-content\/uploads\/2023\/04\/llevotodoconmigoteatro64327.jpg","datePublished":"2023-04-25T20:39:30+00:00","dateModified":"2023-04-25T20:39:32+00:00","breadcrumb":{"@id":"https:\/\/diariotextual.com\/inicio\/index.php\/2023\/04\/25\/anuncian-la-obra-llevo-todo-conmigo-en-el-teatro-tkq\/#breadcrumb"},"inLanguage":"es","potentialAction":[{"@type":"ReadAction","target":["https:\/\/diariotextual.com\/inicio\/index.php\/2023\/04\/25\/anuncian-la-obra-llevo-todo-conmigo-en-el-teatro-tkq\/"]}]},{"@type":"ImageObject","inLanguage":"es","@id":"https:\/\/diariotextual.com\/inicio\/index.php\/2023\/04\/25\/anuncian-la-obra-llevo-todo-conmigo-en-el-teatro-tkq\/#primaryimage","url":"https:\/\/diariotextual.com\/inicio\/wp-content\/uploads\/2023\/04\/llevotodoconmigoteatro64327.jpg","contentUrl":"https:\/\/diariotextual.com\/inicio\/wp-content\/uploads\/2023\/04\/llevotodoconmigoteatro64327.jpg","width":453,"height":336},{"@type":"BreadcrumbList","@id":"https:\/\/diariotextual.com\/inicio\/index.php\/2023\/04\/25\/anuncian-la-obra-llevo-todo-conmigo-en-el-teatro-tkq\/#breadcrumb","itemListElement":[{"@type":"ListItem","position":1,"name":"Portada","item":"https:\/\/diariotextual.com\/inicio\/"},{"@type":"ListItem","position":2,"name":"Anuncian la obra \u201cLlevo todo conmigo\u201d en el Teatro TKQ"}]},{"@type":"WebSite","@id":"https:\/\/diariotextual.com\/inicio\/#website","url":"https:\/\/diariotextual.com\/inicio\/","name":"Diario Textual","description":"","publisher":{"@id":"https:\/\/diariotextual.com\/inicio\/#organization"},"potentialAction":[{"@type":"SearchAction","target":{"@type":"EntryPoint","urlTemplate":"https:\/\/diariotextual.com\/inicio\/?s={search_term_string}"},"query-input":{"@type":"PropertyValueSpecification","valueRequired":true,"valueName":"search_term_string"}}],"inLanguage":"es"},{"@type":"Organization","@id":"https:\/\/diariotextual.com\/inicio\/#organization","name":"Diario Textual","url":"https:\/\/diariotextual.com\/inicio\/","logo":{"@type":"ImageObject","inLanguage":"es","@id":"https:\/\/diariotextual.com\/inicio\/#\/schema\/logo\/image\/","url":"https:\/\/diariotextual.com\/inicio\/wp-content\/uploads\/2023\/05\/logotextual1.jpg","contentUrl":"https:\/\/diariotextual.com\/inicio\/wp-content\/uploads\/2023\/05\/logotextual1.jpg","width":516,"height":76,"caption":"Diario Textual"},"image":{"@id":"https:\/\/diariotextual.com\/inicio\/#\/schema\/logo\/image\/"},"sameAs":["https:\/\/www.facebook.com\/eltextual","https:\/\/x.com\/eltextual","http:\/\/www.instagram.com\/eltextual"]},{"@type":"Person","@id":"https:\/\/diariotextual.com\/inicio\/#\/schema\/person\/694f60677f23c4a530867a98f22b3768","name":"diario2","image":{"@type":"ImageObject","inLanguage":"es","@id":"https:\/\/secure.gravatar.com\/avatar\/5a2567495ba16b852fcd8f1ed006a2e24fcace936018ed8237e95f488ad6e0a7?s=96&d=mm&r=g","url":"https:\/\/secure.gravatar.com\/avatar\/5a2567495ba16b852fcd8f1ed006a2e24fcace936018ed8237e95f488ad6e0a7?s=96&d=mm&r=g","contentUrl":"https:\/\/secure.gravatar.com\/avatar\/5a2567495ba16b852fcd8f1ed006a2e24fcace936018ed8237e95f488ad6e0a7?s=96&d=mm&r=g","caption":"diario2"},"url":"https:\/\/diariotextual.com\/inicio\/index.php\/author\/diario2\/"}]}},"_links":{"self":[{"href":"https:\/\/diariotextual.com\/inicio\/index.php\/wp-json\/wp\/v2\/posts\/223295","targetHints":{"allow":["GET"]}}],"collection":[{"href":"https:\/\/diariotextual.com\/inicio\/index.php\/wp-json\/wp\/v2\/posts"}],"about":[{"href":"https:\/\/diariotextual.com\/inicio\/index.php\/wp-json\/wp\/v2\/types\/post"}],"author":[{"embeddable":true,"href":"https:\/\/diariotextual.com\/inicio\/index.php\/wp-json\/wp\/v2\/users\/4"}],"replies":[{"embeddable":true,"href":"https:\/\/diariotextual.com\/inicio\/index.php\/wp-json\/wp\/v2\/comments?post=223295"}],"version-history":[{"count":1,"href":"https:\/\/diariotextual.com\/inicio\/index.php\/wp-json\/wp\/v2\/posts\/223295\/revisions"}],"predecessor-version":[{"id":223298,"href":"https:\/\/diariotextual.com\/inicio\/index.php\/wp-json\/wp\/v2\/posts\/223295\/revisions\/223298"}],"wp:featuredmedia":[{"embeddable":true,"href":"https:\/\/diariotextual.com\/inicio\/index.php\/wp-json\/wp\/v2\/media\/223300"}],"wp:attachment":[{"href":"https:\/\/diariotextual.com\/inicio\/index.php\/wp-json\/wp\/v2\/media?parent=223295"}],"wp:term":[{"taxonomy":"category","embeddable":true,"href":"https:\/\/diariotextual.com\/inicio\/index.php\/wp-json\/wp\/v2\/categories?post=223295"},{"taxonomy":"post_tag","embeddable":true,"href":"https:\/\/diariotextual.com\/inicio\/index.php\/wp-json\/wp\/v2\/tags?post=223295"}],"curies":[{"name":"wp","href":"https:\/\/api.w.org\/{rel}","templated":true}]}}