{"id":223306,"date":"2023-04-25T18:05:35","date_gmt":"2023-04-25T21:05:35","guid":{"rendered":"https:\/\/diariotextual.com\/inicio\/?p=223306"},"modified":"2023-04-25T18:05:37","modified_gmt":"2023-04-25T21:05:37","slug":"comienza-la-temporada-2023-de-cine-con-perspectiva-de-genero-en-el-espacio-incaa","status":"publish","type":"post","link":"https:\/\/diariotextual.com\/inicio\/index.php\/2023\/04\/25\/comienza-la-temporada-2023-de-cine-con-perspectiva-de-genero-en-el-espacio-incaa\/","title":{"rendered":"Comienza la temporada 2023 de cine con perspectiva de g\u00e9nero en el Espacio Incaa"},"content":{"rendered":"\n<p>El viernes 28 de abril se presentar\u00e1 con entrada gratuita una <strong>nueva jornada de cine con perspectiva de g\u00e9nero<\/strong> en el Espacio INCAA Santa Rosa.<\/p>\n\n\n\n<p>La asistencia del p\u00fablico a las proyecciones realizadas el a\u00f1o pasado y lo enriquecedor de las charlas posteriores aseguraron la continuidad y permanencia de este ciclo en la sala.<\/p>\n\n\n\n<p>Esta propuesta es organizada por la C\u00e1tedra Libre Extracurricular de Educaci\u00f3n Sexual Integral (ESI) y DDSSyRR de la Facultad de Ciencias Humanas de la Universidad Nacional de La Pampa, la Secretaria de Cultura y Educaci\u00f3n del Municipio y el Programa Gafas Violetas de la Subgerencia de Desarrollo Federal del INCAA.<\/p>\n\n\n\n<p>El ciclo es abierto a toda la comunidad y siempre las funciones son con entrada libre y gratuita. Se proyectan pel\u00edculas que por su propuesta est\u00e9tica y\/o narrativa, cuestionan los estereotipos de g\u00e9nero y promueven el empoderamiento de las mujeres, personas trans\/travestis e identidades no binarias.<\/p>\n\n\n\n<p>En este primer encuentro del a\u00f1o, la funci\u00f3n est\u00e1 programada para<strong> el viernes 28 de abril a las 19.30 horas. Se proyectar\u00e1 \u201cNosilatiaj. La belleza\u201d, de Daniela Seggiaro. <\/strong>La pel\u00edcula tiene una duraci\u00f3n de 83 minutos y fue realizada en el a\u00f1o 2012. El filme aboga por el cuidado de la naturaleza y pone en valor la identidad de la comunidad wich\u00ed del Chaco salte\u00f1o a trav\u00e9s del drama de una joven aborigen a quien su patrona le roba el cabello, s\u00edmbolo de su belleza e identidad.<\/p>\n\n\n\n<p><strong>En esta misma jornada, tambi\u00e9n se proyectar\u00e1 el cortometraje \u201cPrincesas\u201d de Natural Arpajou. <\/strong>Este trabajo tiene una duraci\u00f3n de 15 minutos y fue producida en el a\u00f1o 2015. Nos relata la historia de una ni\u00f1a a la que le niegan su identidad por una cuesti\u00f3n de clase social. Nos habla del abandono y de las clases sociales m\u00e1s fr\u00e1giles que viven a la sombra de lo que por derecho les corresponde.<\/p>\n","protected":false},"excerpt":{"rendered":"<p>El viernes 28 de abril se presentar\u00e1 con entrada gratuita una nueva jornada de cine con perspectiva de g\u00e9nero en el Espacio INCAA Santa Rosa. La asistencia del p\u00fablico a&hellip;<\/p>\n","protected":false},"author":4,"featured_media":223307,"comment_status":"closed","ping_status":"open","sticky":false,"template":"","format":"standard","meta":{"_acf_changed":false,"footnotes":""},"categories":[1,2],"tags":[],"class_list":["post-223306","post","type-post","status-publish","format-standard","has-post-thumbnail","hentry","category-es-noticia","category-cultura"],"acf":[],"yoast_head":"<!-- This site is optimized with the Yoast SEO plugin v27.5 - https:\/\/yoast.com\/product\/yoast-seo-wordpress\/ -->\n<title>Comienza la temporada 2023 de cine con perspectiva de g\u00e9nero en el Espacio Incaa - Diario Textual<\/title>\n<meta name=\"robots\" content=\"index, follow, max-snippet:-1, max-image-preview:large, max-video-preview:-1\" \/>\n<link rel=\"canonical\" href=\"https:\/\/diariotextual.com\/inicio\/index.php\/2023\/04\/25\/comienza-la-temporada-2023-de-cine-con-perspectiva-de-genero-en-el-espacio-incaa\/\" \/>\n<meta property=\"og:locale\" content=\"es_ES\" \/>\n<meta property=\"og:type\" content=\"article\" \/>\n<meta property=\"og:title\" content=\"Comienza la temporada 2023 de cine con perspectiva de g\u00e9nero en el Espacio Incaa - Diario Textual\" \/>\n<meta property=\"og:description\" content=\"El viernes 28 de abril se presentar\u00e1 con entrada gratuita una nueva jornada de cine con perspectiva de g\u00e9nero en el Espacio INCAA Santa Rosa. La asistencia del p\u00fablico a&hellip;\" \/>\n<meta property=\"og:url\" content=\"https:\/\/diariotextual.com\/inicio\/index.php\/2023\/04\/25\/comienza-la-temporada-2023-de-cine-con-perspectiva-de-genero-en-el-espacio-incaa\/\" \/>\n<meta property=\"og:site_name\" content=\"Diario Textual\" \/>\n<meta property=\"article:publisher\" content=\"https:\/\/www.facebook.com\/eltextual\" \/>\n<meta property=\"article:published_time\" content=\"2023-04-25T21:05:35+00:00\" \/>\n<meta property=\"article:modified_time\" content=\"2023-04-25T21:05:37+00:00\" \/>\n<meta property=\"og:image\" content=\"https:\/\/diariotextual.com\/inicio\/wp-content\/uploads\/2023\/04\/princesascortometraje54.jpg\" \/>\n\t<meta property=\"og:image:width\" content=\"550\" \/>\n\t<meta property=\"og:image:height\" content=\"309\" \/>\n\t<meta property=\"og:image:type\" content=\"image\/jpeg\" \/>\n<meta name=\"author\" content=\"diario2\" \/>\n<meta name=\"twitter:card\" content=\"summary_large_image\" \/>\n<meta name=\"twitter:creator\" content=\"@eltextual\" \/>\n<meta name=\"twitter:site\" content=\"@eltextual\" \/>\n<meta name=\"twitter:label1\" content=\"Escrito por\" \/>\n\t<meta name=\"twitter:data1\" content=\"diario2\" \/>\n\t<meta name=\"twitter:label2\" content=\"Tiempo de lectura\" \/>\n\t<meta name=\"twitter:data2\" content=\"2 minutos\" \/>\n<script type=\"application\/ld+json\" class=\"yoast-schema-graph\">{\"@context\":\"https:\\\/\\\/schema.org\",\"@graph\":[{\"@type\":\"Article\",\"@id\":\"https:\\\/\\\/diariotextual.com\\\/inicio\\\/index.php\\\/2023\\\/04\\\/25\\\/comienza-la-temporada-2023-de-cine-con-perspectiva-de-genero-en-el-espacio-incaa\\\/#article\",\"isPartOf\":{\"@id\":\"https:\\\/\\\/diariotextual.com\\\/inicio\\\/index.php\\\/2023\\\/04\\\/25\\\/comienza-la-temporada-2023-de-cine-con-perspectiva-de-genero-en-el-espacio-incaa\\\/\"},\"author\":{\"name\":\"diario2\",\"@id\":\"https:\\\/\\\/diariotextual.com\\\/inicio\\\/#\\\/schema\\\/person\\\/694f60677f23c4a530867a98f22b3768\"},\"headline\":\"Comienza la temporada 2023 de cine con perspectiva de g\u00e9nero en el Espacio Incaa\",\"datePublished\":\"2023-04-25T21:05:35+00:00\",\"dateModified\":\"2023-04-25T21:05:37+00:00\",\"mainEntityOfPage\":{\"@id\":\"https:\\\/\\\/diariotextual.com\\\/inicio\\\/index.php\\\/2023\\\/04\\\/25\\\/comienza-la-temporada-2023-de-cine-con-perspectiva-de-genero-en-el-espacio-incaa\\\/\"},\"wordCount\":341,\"publisher\":{\"@id\":\"https:\\\/\\\/diariotextual.com\\\/inicio\\\/#organization\"},\"image\":{\"@id\":\"https:\\\/\\\/diariotextual.com\\\/inicio\\\/index.php\\\/2023\\\/04\\\/25\\\/comienza-la-temporada-2023-de-cine-con-perspectiva-de-genero-en-el-espacio-incaa\\\/#primaryimage\"},\"thumbnailUrl\":\"https:\\\/\\\/diariotextual.com\\\/inicio\\\/wp-content\\\/uploads\\\/2023\\\/04\\\/princesascortometraje54.jpg\",\"articleSection\":[\"A - ES NOTICIA (van abajo)\",\"CULTURA\"],\"inLanguage\":\"es\"},{\"@type\":\"WebPage\",\"@id\":\"https:\\\/\\\/diariotextual.com\\\/inicio\\\/index.php\\\/2023\\\/04\\\/25\\\/comienza-la-temporada-2023-de-cine-con-perspectiva-de-genero-en-el-espacio-incaa\\\/\",\"url\":\"https:\\\/\\\/diariotextual.com\\\/inicio\\\/index.php\\\/2023\\\/04\\\/25\\\/comienza-la-temporada-2023-de-cine-con-perspectiva-de-genero-en-el-espacio-incaa\\\/\",\"name\":\"Comienza la temporada 2023 de cine con perspectiva de g\u00e9nero en el Espacio Incaa - Diario Textual\",\"isPartOf\":{\"@id\":\"https:\\\/\\\/diariotextual.com\\\/inicio\\\/#website\"},\"primaryImageOfPage\":{\"@id\":\"https:\\\/\\\/diariotextual.com\\\/inicio\\\/index.php\\\/2023\\\/04\\\/25\\\/comienza-la-temporada-2023-de-cine-con-perspectiva-de-genero-en-el-espacio-incaa\\\/#primaryimage\"},\"image\":{\"@id\":\"https:\\\/\\\/diariotextual.com\\\/inicio\\\/index.php\\\/2023\\\/04\\\/25\\\/comienza-la-temporada-2023-de-cine-con-perspectiva-de-genero-en-el-espacio-incaa\\\/#primaryimage\"},\"thumbnailUrl\":\"https:\\\/\\\/diariotextual.com\\\/inicio\\\/wp-content\\\/uploads\\\/2023\\\/04\\\/princesascortometraje54.jpg\",\"datePublished\":\"2023-04-25T21:05:35+00:00\",\"dateModified\":\"2023-04-25T21:05:37+00:00\",\"breadcrumb\":{\"@id\":\"https:\\\/\\\/diariotextual.com\\\/inicio\\\/index.php\\\/2023\\\/04\\\/25\\\/comienza-la-temporada-2023-de-cine-con-perspectiva-de-genero-en-el-espacio-incaa\\\/#breadcrumb\"},\"inLanguage\":\"es\",\"potentialAction\":[{\"@type\":\"ReadAction\",\"target\":[\"https:\\\/\\\/diariotextual.com\\\/inicio\\\/index.php\\\/2023\\\/04\\\/25\\\/comienza-la-temporada-2023-de-cine-con-perspectiva-de-genero-en-el-espacio-incaa\\\/\"]}]},{\"@type\":\"ImageObject\",\"inLanguage\":\"es\",\"@id\":\"https:\\\/\\\/diariotextual.com\\\/inicio\\\/index.php\\\/2023\\\/04\\\/25\\\/comienza-la-temporada-2023-de-cine-con-perspectiva-de-genero-en-el-espacio-incaa\\\/#primaryimage\",\"url\":\"https:\\\/\\\/diariotextual.com\\\/inicio\\\/wp-content\\\/uploads\\\/2023\\\/04\\\/princesascortometraje54.jpg\",\"contentUrl\":\"https:\\\/\\\/diariotextual.com\\\/inicio\\\/wp-content\\\/uploads\\\/2023\\\/04\\\/princesascortometraje54.jpg\",\"width\":550,\"height\":309},{\"@type\":\"BreadcrumbList\",\"@id\":\"https:\\\/\\\/diariotextual.com\\\/inicio\\\/index.php\\\/2023\\\/04\\\/25\\\/comienza-la-temporada-2023-de-cine-con-perspectiva-de-genero-en-el-espacio-incaa\\\/#breadcrumb\",\"itemListElement\":[{\"@type\":\"ListItem\",\"position\":1,\"name\":\"Portada\",\"item\":\"https:\\\/\\\/diariotextual.com\\\/inicio\\\/\"},{\"@type\":\"ListItem\",\"position\":2,\"name\":\"Comienza la temporada 2023 de cine con perspectiva de g\u00e9nero en el Espacio Incaa\"}]},{\"@type\":\"WebSite\",\"@id\":\"https:\\\/\\\/diariotextual.com\\\/inicio\\\/#website\",\"url\":\"https:\\\/\\\/diariotextual.com\\\/inicio\\\/\",\"name\":\"Diario Textual\",\"description\":\"\",\"publisher\":{\"@id\":\"https:\\\/\\\/diariotextual.com\\\/inicio\\\/#organization\"},\"potentialAction\":[{\"@type\":\"SearchAction\",\"target\":{\"@type\":\"EntryPoint\",\"urlTemplate\":\"https:\\\/\\\/diariotextual.com\\\/inicio\\\/?s={search_term_string}\"},\"query-input\":{\"@type\":\"PropertyValueSpecification\",\"valueRequired\":true,\"valueName\":\"search_term_string\"}}],\"inLanguage\":\"es\"},{\"@type\":\"Organization\",\"@id\":\"https:\\\/\\\/diariotextual.com\\\/inicio\\\/#organization\",\"name\":\"Diario Textual\",\"url\":\"https:\\\/\\\/diariotextual.com\\\/inicio\\\/\",\"logo\":{\"@type\":\"ImageObject\",\"inLanguage\":\"es\",\"@id\":\"https:\\\/\\\/diariotextual.com\\\/inicio\\\/#\\\/schema\\\/logo\\\/image\\\/\",\"url\":\"https:\\\/\\\/diariotextual.com\\\/inicio\\\/wp-content\\\/uploads\\\/2023\\\/05\\\/logotextual1.jpg\",\"contentUrl\":\"https:\\\/\\\/diariotextual.com\\\/inicio\\\/wp-content\\\/uploads\\\/2023\\\/05\\\/logotextual1.jpg\",\"width\":516,\"height\":76,\"caption\":\"Diario Textual\"},\"image\":{\"@id\":\"https:\\\/\\\/diariotextual.com\\\/inicio\\\/#\\\/schema\\\/logo\\\/image\\\/\"},\"sameAs\":[\"https:\\\/\\\/www.facebook.com\\\/eltextual\",\"https:\\\/\\\/x.com\\\/eltextual\",\"http:\\\/\\\/www.instagram.com\\\/eltextual\"]},{\"@type\":\"Person\",\"@id\":\"https:\\\/\\\/diariotextual.com\\\/inicio\\\/#\\\/schema\\\/person\\\/694f60677f23c4a530867a98f22b3768\",\"name\":\"diario2\",\"image\":{\"@type\":\"ImageObject\",\"inLanguage\":\"es\",\"@id\":\"https:\\\/\\\/secure.gravatar.com\\\/avatar\\\/5a2567495ba16b852fcd8f1ed006a2e24fcace936018ed8237e95f488ad6e0a7?s=96&d=mm&r=g\",\"url\":\"https:\\\/\\\/secure.gravatar.com\\\/avatar\\\/5a2567495ba16b852fcd8f1ed006a2e24fcace936018ed8237e95f488ad6e0a7?s=96&d=mm&r=g\",\"contentUrl\":\"https:\\\/\\\/secure.gravatar.com\\\/avatar\\\/5a2567495ba16b852fcd8f1ed006a2e24fcace936018ed8237e95f488ad6e0a7?s=96&d=mm&r=g\",\"caption\":\"diario2\"},\"url\":\"https:\\\/\\\/diariotextual.com\\\/inicio\\\/index.php\\\/author\\\/diario2\\\/\"}]}<\/script>\n<!-- \/ Yoast SEO plugin. -->","yoast_head_json":{"title":"Comienza la temporada 2023 de cine con perspectiva de g\u00e9nero en el Espacio Incaa - Diario Textual","robots":{"index":"index","follow":"follow","max-snippet":"max-snippet:-1","max-image-preview":"max-image-preview:large","max-video-preview":"max-video-preview:-1"},"canonical":"https:\/\/diariotextual.com\/inicio\/index.php\/2023\/04\/25\/comienza-la-temporada-2023-de-cine-con-perspectiva-de-genero-en-el-espacio-incaa\/","og_locale":"es_ES","og_type":"article","og_title":"Comienza la temporada 2023 de cine con perspectiva de g\u00e9nero en el Espacio Incaa - Diario Textual","og_description":"El viernes 28 de abril se presentar\u00e1 con entrada gratuita una nueva jornada de cine con perspectiva de g\u00e9nero en el Espacio INCAA Santa Rosa. La asistencia del p\u00fablico a&hellip;","og_url":"https:\/\/diariotextual.com\/inicio\/index.php\/2023\/04\/25\/comienza-la-temporada-2023-de-cine-con-perspectiva-de-genero-en-el-espacio-incaa\/","og_site_name":"Diario Textual","article_publisher":"https:\/\/www.facebook.com\/eltextual","article_published_time":"2023-04-25T21:05:35+00:00","article_modified_time":"2023-04-25T21:05:37+00:00","og_image":[{"width":550,"height":309,"url":"https:\/\/diariotextual.com\/inicio\/wp-content\/uploads\/2023\/04\/princesascortometraje54.jpg","type":"image\/jpeg"}],"author":"diario2","twitter_card":"summary_large_image","twitter_creator":"@eltextual","twitter_site":"@eltextual","twitter_misc":{"Escrito por":"diario2","Tiempo de lectura":"2 minutos"},"schema":{"@context":"https:\/\/schema.org","@graph":[{"@type":"Article","@id":"https:\/\/diariotextual.com\/inicio\/index.php\/2023\/04\/25\/comienza-la-temporada-2023-de-cine-con-perspectiva-de-genero-en-el-espacio-incaa\/#article","isPartOf":{"@id":"https:\/\/diariotextual.com\/inicio\/index.php\/2023\/04\/25\/comienza-la-temporada-2023-de-cine-con-perspectiva-de-genero-en-el-espacio-incaa\/"},"author":{"name":"diario2","@id":"https:\/\/diariotextual.com\/inicio\/#\/schema\/person\/694f60677f23c4a530867a98f22b3768"},"headline":"Comienza la temporada 2023 de cine con perspectiva de g\u00e9nero en el Espacio Incaa","datePublished":"2023-04-25T21:05:35+00:00","dateModified":"2023-04-25T21:05:37+00:00","mainEntityOfPage":{"@id":"https:\/\/diariotextual.com\/inicio\/index.php\/2023\/04\/25\/comienza-la-temporada-2023-de-cine-con-perspectiva-de-genero-en-el-espacio-incaa\/"},"wordCount":341,"publisher":{"@id":"https:\/\/diariotextual.com\/inicio\/#organization"},"image":{"@id":"https:\/\/diariotextual.com\/inicio\/index.php\/2023\/04\/25\/comienza-la-temporada-2023-de-cine-con-perspectiva-de-genero-en-el-espacio-incaa\/#primaryimage"},"thumbnailUrl":"https:\/\/diariotextual.com\/inicio\/wp-content\/uploads\/2023\/04\/princesascortometraje54.jpg","articleSection":["A - ES NOTICIA (van abajo)","CULTURA"],"inLanguage":"es"},{"@type":"WebPage","@id":"https:\/\/diariotextual.com\/inicio\/index.php\/2023\/04\/25\/comienza-la-temporada-2023-de-cine-con-perspectiva-de-genero-en-el-espacio-incaa\/","url":"https:\/\/diariotextual.com\/inicio\/index.php\/2023\/04\/25\/comienza-la-temporada-2023-de-cine-con-perspectiva-de-genero-en-el-espacio-incaa\/","name":"Comienza la temporada 2023 de cine con perspectiva de g\u00e9nero en el Espacio Incaa - Diario Textual","isPartOf":{"@id":"https:\/\/diariotextual.com\/inicio\/#website"},"primaryImageOfPage":{"@id":"https:\/\/diariotextual.com\/inicio\/index.php\/2023\/04\/25\/comienza-la-temporada-2023-de-cine-con-perspectiva-de-genero-en-el-espacio-incaa\/#primaryimage"},"image":{"@id":"https:\/\/diariotextual.com\/inicio\/index.php\/2023\/04\/25\/comienza-la-temporada-2023-de-cine-con-perspectiva-de-genero-en-el-espacio-incaa\/#primaryimage"},"thumbnailUrl":"https:\/\/diariotextual.com\/inicio\/wp-content\/uploads\/2023\/04\/princesascortometraje54.jpg","datePublished":"2023-04-25T21:05:35+00:00","dateModified":"2023-04-25T21:05:37+00:00","breadcrumb":{"@id":"https:\/\/diariotextual.com\/inicio\/index.php\/2023\/04\/25\/comienza-la-temporada-2023-de-cine-con-perspectiva-de-genero-en-el-espacio-incaa\/#breadcrumb"},"inLanguage":"es","potentialAction":[{"@type":"ReadAction","target":["https:\/\/diariotextual.com\/inicio\/index.php\/2023\/04\/25\/comienza-la-temporada-2023-de-cine-con-perspectiva-de-genero-en-el-espacio-incaa\/"]}]},{"@type":"ImageObject","inLanguage":"es","@id":"https:\/\/diariotextual.com\/inicio\/index.php\/2023\/04\/25\/comienza-la-temporada-2023-de-cine-con-perspectiva-de-genero-en-el-espacio-incaa\/#primaryimage","url":"https:\/\/diariotextual.com\/inicio\/wp-content\/uploads\/2023\/04\/princesascortometraje54.jpg","contentUrl":"https:\/\/diariotextual.com\/inicio\/wp-content\/uploads\/2023\/04\/princesascortometraje54.jpg","width":550,"height":309},{"@type":"BreadcrumbList","@id":"https:\/\/diariotextual.com\/inicio\/index.php\/2023\/04\/25\/comienza-la-temporada-2023-de-cine-con-perspectiva-de-genero-en-el-espacio-incaa\/#breadcrumb","itemListElement":[{"@type":"ListItem","position":1,"name":"Portada","item":"https:\/\/diariotextual.com\/inicio\/"},{"@type":"ListItem","position":2,"name":"Comienza la temporada 2023 de cine con perspectiva de g\u00e9nero en el Espacio Incaa"}]},{"@type":"WebSite","@id":"https:\/\/diariotextual.com\/inicio\/#website","url":"https:\/\/diariotextual.com\/inicio\/","name":"Diario Textual","description":"","publisher":{"@id":"https:\/\/diariotextual.com\/inicio\/#organization"},"potentialAction":[{"@type":"SearchAction","target":{"@type":"EntryPoint","urlTemplate":"https:\/\/diariotextual.com\/inicio\/?s={search_term_string}"},"query-input":{"@type":"PropertyValueSpecification","valueRequired":true,"valueName":"search_term_string"}}],"inLanguage":"es"},{"@type":"Organization","@id":"https:\/\/diariotextual.com\/inicio\/#organization","name":"Diario Textual","url":"https:\/\/diariotextual.com\/inicio\/","logo":{"@type":"ImageObject","inLanguage":"es","@id":"https:\/\/diariotextual.com\/inicio\/#\/schema\/logo\/image\/","url":"https:\/\/diariotextual.com\/inicio\/wp-content\/uploads\/2023\/05\/logotextual1.jpg","contentUrl":"https:\/\/diariotextual.com\/inicio\/wp-content\/uploads\/2023\/05\/logotextual1.jpg","width":516,"height":76,"caption":"Diario Textual"},"image":{"@id":"https:\/\/diariotextual.com\/inicio\/#\/schema\/logo\/image\/"},"sameAs":["https:\/\/www.facebook.com\/eltextual","https:\/\/x.com\/eltextual","http:\/\/www.instagram.com\/eltextual"]},{"@type":"Person","@id":"https:\/\/diariotextual.com\/inicio\/#\/schema\/person\/694f60677f23c4a530867a98f22b3768","name":"diario2","image":{"@type":"ImageObject","inLanguage":"es","@id":"https:\/\/secure.gravatar.com\/avatar\/5a2567495ba16b852fcd8f1ed006a2e24fcace936018ed8237e95f488ad6e0a7?s=96&d=mm&r=g","url":"https:\/\/secure.gravatar.com\/avatar\/5a2567495ba16b852fcd8f1ed006a2e24fcace936018ed8237e95f488ad6e0a7?s=96&d=mm&r=g","contentUrl":"https:\/\/secure.gravatar.com\/avatar\/5a2567495ba16b852fcd8f1ed006a2e24fcace936018ed8237e95f488ad6e0a7?s=96&d=mm&r=g","caption":"diario2"},"url":"https:\/\/diariotextual.com\/inicio\/index.php\/author\/diario2\/"}]}},"_links":{"self":[{"href":"https:\/\/diariotextual.com\/inicio\/index.php\/wp-json\/wp\/v2\/posts\/223306","targetHints":{"allow":["GET"]}}],"collection":[{"href":"https:\/\/diariotextual.com\/inicio\/index.php\/wp-json\/wp\/v2\/posts"}],"about":[{"href":"https:\/\/diariotextual.com\/inicio\/index.php\/wp-json\/wp\/v2\/types\/post"}],"author":[{"embeddable":true,"href":"https:\/\/diariotextual.com\/inicio\/index.php\/wp-json\/wp\/v2\/users\/4"}],"replies":[{"embeddable":true,"href":"https:\/\/diariotextual.com\/inicio\/index.php\/wp-json\/wp\/v2\/comments?post=223306"}],"version-history":[{"count":1,"href":"https:\/\/diariotextual.com\/inicio\/index.php\/wp-json\/wp\/v2\/posts\/223306\/revisions"}],"predecessor-version":[{"id":223308,"href":"https:\/\/diariotextual.com\/inicio\/index.php\/wp-json\/wp\/v2\/posts\/223306\/revisions\/223308"}],"wp:featuredmedia":[{"embeddable":true,"href":"https:\/\/diariotextual.com\/inicio\/index.php\/wp-json\/wp\/v2\/media\/223307"}],"wp:attachment":[{"href":"https:\/\/diariotextual.com\/inicio\/index.php\/wp-json\/wp\/v2\/media?parent=223306"}],"wp:term":[{"taxonomy":"category","embeddable":true,"href":"https:\/\/diariotextual.com\/inicio\/index.php\/wp-json\/wp\/v2\/categories?post=223306"},{"taxonomy":"post_tag","embeddable":true,"href":"https:\/\/diariotextual.com\/inicio\/index.php\/wp-json\/wp\/v2\/tags?post=223306"}],"curies":[{"name":"wp","href":"https:\/\/api.w.org\/{rel}","templated":true}]}}