{"id":223309,"date":"2023-04-25T18:20:24","date_gmt":"2023-04-25T21:20:24","guid":{"rendered":"https:\/\/diariotextual.com\/inicio\/?p=223309"},"modified":"2023-04-25T18:20:26","modified_gmt":"2023-04-25T21:20:26","slug":"segundo-concierto-de-la-banda-sinfonica-de-la-pampa","status":"publish","type":"post","link":"https:\/\/diariotextual.com\/inicio\/index.php\/2023\/04\/25\/segundo-concierto-de-la-banda-sinfonica-de-la-pampa\/","title":{"rendered":"Segundo concierto de la Banda Sinf\u00f3nica de La Pampa"},"content":{"rendered":"\n<p>La <strong>Banda Sinf\u00f3nica de La Pampa<\/strong> (BSLP), organismo de la Secretar\u00eda de Cultura del Gobierno provincial, presenta un nuevo concierto de la temporada con la participaci\u00f3n del prestigioso tubista, Patricio Cosentino.<\/p>\n\n\n\n<p>El segundo concierto 2023 ser\u00e1 el pr\u00f3ximo viernes 28 de abril a las 21, en el Auditorio del Centro Cultural Medasur, en avenida Belgrano Sur 180, Santa Rosa, con entrada libre y gratuita (los ingresos se dar\u00e1n por orden de llegada).<\/p>\n\n\n\n<p>La BSLP comenzar\u00e1 con la obra de Claude Smith \u201cGala XXV\u201d obra comisionada por la Asociaci\u00f3n de Directores de California, para celebrar el 25 aniversario. El estreno aconteci\u00f3 en febrero de 1982, en Hayward con la direcci\u00f3n del propio compositor. \u00abEn una s\u00edntesis la obra presenta dos temas principales con un desarrollo en el que se perciben instrumentos solistas, peque\u00f1os ensambles de variados timbres y una ingeniosa construcci\u00f3n r\u00edtmica y arm\u00f3nica, acompa\u00f1ada de una magistral orquestaci\u00f3n. Es una composici\u00f3n jubilosa, poderosa y absolutamente desafiante\u201d, describi\u00f3 a la Agencia Provincial de Noticias el director coordinador Muchi Gerez, al relatar el programa de este concierto. Y prosigui\u00f3, \u201cseguidamente nuestro invitado har\u00e1 su presentaci\u00f3n con \u201cRule Britannia\u201d, adaptaci\u00f3n de Jorge Tagliapietra de la versi\u00f3n de Adam Frey estrenada en 2004\u201d. A continuaci\u00f3n se presentar\u00e1 el estreno sudamericano de la obra de Georg Puntingam titulada \u201cA South American Fantasy\u201d , con sus tres partes 1) Meditation, 2) Dance y 3) Toccata. Este concierto fue compuesto en diciembre de 2021. Y seguidamente un medley (popurr\u00ed) de canciones de Frank Sinatra para concluir con la presentaci\u00f3n de una versi\u00f3n de \u201cLibertango\u201d de Astor Piazzolla.<\/p>\n\n\n\n<p>Patricio Cosentino (naci\u00f3 en 1980, Buenos Aires \u2013 Argentina) es el tubista Latinoamericano m\u00e1s activo de la actualidad que ha desarrollado una carrera internacional como solista, m\u00fasica de c\u00e1mara, pedagogo y director. Despu\u00e9s de recibir su t\u00edtulo bajo la tutela del celebrado tubista Walter Hilgers en la Hochschule f\u00fcr Musik \u201cFranz Liszt\u201d en Weimar, Alemania, regresa a la Argentina como tubista principal de la Orquesta Sinf\u00f3nica Nacional y se convierte en el primer profesor de tuba titulado del pa\u00eds.<\/p>\n","protected":false},"excerpt":{"rendered":"<p>La Banda Sinf\u00f3nica de La Pampa (BSLP), organismo de la Secretar\u00eda de Cultura del Gobierno provincial, presenta un nuevo concierto de la temporada con la participaci\u00f3n del prestigioso tubista, Patricio&hellip;<\/p>\n","protected":false},"author":4,"featured_media":157137,"comment_status":"closed","ping_status":"open","sticky":false,"template":"","format":"standard","meta":{"_acf_changed":false,"footnotes":""},"categories":[1,2],"tags":[],"class_list":["post-223309","post","type-post","status-publish","format-standard","has-post-thumbnail","hentry","category-es-noticia","category-cultura"],"acf":[],"yoast_head":"<!-- This site is optimized with the Yoast SEO plugin v27.5 - https:\/\/yoast.com\/product\/yoast-seo-wordpress\/ -->\n<title>Segundo concierto de la Banda Sinf\u00f3nica de La Pampa - Diario Textual<\/title>\n<meta name=\"robots\" content=\"index, follow, max-snippet:-1, max-image-preview:large, max-video-preview:-1\" \/>\n<link rel=\"canonical\" href=\"https:\/\/diariotextual.com\/inicio\/index.php\/2023\/04\/25\/segundo-concierto-de-la-banda-sinfonica-de-la-pampa\/\" \/>\n<meta property=\"og:locale\" content=\"es_ES\" \/>\n<meta property=\"og:type\" content=\"article\" \/>\n<meta property=\"og:title\" content=\"Segundo concierto de la Banda Sinf\u00f3nica de La Pampa - Diario Textual\" \/>\n<meta property=\"og:description\" content=\"La Banda Sinf\u00f3nica de La Pampa (BSLP), organismo de la Secretar\u00eda de Cultura del Gobierno provincial, presenta un nuevo concierto de la temporada con la participaci\u00f3n del prestigioso tubista, Patricio&hellip;\" \/>\n<meta property=\"og:url\" content=\"https:\/\/diariotextual.com\/inicio\/index.php\/2023\/04\/25\/segundo-concierto-de-la-banda-sinfonica-de-la-pampa\/\" \/>\n<meta property=\"og:site_name\" content=\"Diario Textual\" \/>\n<meta property=\"article:publisher\" content=\"https:\/\/www.facebook.com\/eltextual\" \/>\n<meta property=\"article:published_time\" content=\"2023-04-25T21:20:24+00:00\" \/>\n<meta property=\"article:modified_time\" content=\"2023-04-25T21:20:26+00:00\" \/>\n<meta property=\"og:image\" content=\"https:\/\/diariotextual.com\/inicio\/wp-content\/uploads\/2021\/08\/bandasinfonica2021-1.jpg\" \/>\n\t<meta property=\"og:image:width\" content=\"1072\" \/>\n\t<meta property=\"og:image:height\" content=\"712\" \/>\n\t<meta property=\"og:image:type\" content=\"image\/jpeg\" \/>\n<meta name=\"author\" content=\"diario2\" \/>\n<meta name=\"twitter:card\" content=\"summary_large_image\" \/>\n<meta name=\"twitter:creator\" content=\"@eltextual\" \/>\n<meta name=\"twitter:site\" content=\"@eltextual\" \/>\n<meta name=\"twitter:label1\" content=\"Escrito por\" \/>\n\t<meta name=\"twitter:data1\" content=\"diario2\" \/>\n\t<meta name=\"twitter:label2\" content=\"Tiempo de lectura\" \/>\n\t<meta name=\"twitter:data2\" content=\"2 minutos\" \/>\n<script type=\"application\/ld+json\" class=\"yoast-schema-graph\">{\"@context\":\"https:\\\/\\\/schema.org\",\"@graph\":[{\"@type\":\"Article\",\"@id\":\"https:\\\/\\\/diariotextual.com\\\/inicio\\\/index.php\\\/2023\\\/04\\\/25\\\/segundo-concierto-de-la-banda-sinfonica-de-la-pampa\\\/#article\",\"isPartOf\":{\"@id\":\"https:\\\/\\\/diariotextual.com\\\/inicio\\\/index.php\\\/2023\\\/04\\\/25\\\/segundo-concierto-de-la-banda-sinfonica-de-la-pampa\\\/\"},\"author\":{\"name\":\"diario2\",\"@id\":\"https:\\\/\\\/diariotextual.com\\\/inicio\\\/#\\\/schema\\\/person\\\/694f60677f23c4a530867a98f22b3768\"},\"headline\":\"Segundo concierto de la Banda Sinf\u00f3nica de La Pampa\",\"datePublished\":\"2023-04-25T21:20:24+00:00\",\"dateModified\":\"2023-04-25T21:20:26+00:00\",\"mainEntityOfPage\":{\"@id\":\"https:\\\/\\\/diariotextual.com\\\/inicio\\\/index.php\\\/2023\\\/04\\\/25\\\/segundo-concierto-de-la-banda-sinfonica-de-la-pampa\\\/\"},\"wordCount\":364,\"publisher\":{\"@id\":\"https:\\\/\\\/diariotextual.com\\\/inicio\\\/#organization\"},\"image\":{\"@id\":\"https:\\\/\\\/diariotextual.com\\\/inicio\\\/index.php\\\/2023\\\/04\\\/25\\\/segundo-concierto-de-la-banda-sinfonica-de-la-pampa\\\/#primaryimage\"},\"thumbnailUrl\":\"https:\\\/\\\/diariotextual.com\\\/inicio\\\/wp-content\\\/uploads\\\/2021\\\/08\\\/bandasinfonica2021-1.jpg\",\"articleSection\":[\"A - ES NOTICIA (van abajo)\",\"CULTURA\"],\"inLanguage\":\"es\"},{\"@type\":\"WebPage\",\"@id\":\"https:\\\/\\\/diariotextual.com\\\/inicio\\\/index.php\\\/2023\\\/04\\\/25\\\/segundo-concierto-de-la-banda-sinfonica-de-la-pampa\\\/\",\"url\":\"https:\\\/\\\/diariotextual.com\\\/inicio\\\/index.php\\\/2023\\\/04\\\/25\\\/segundo-concierto-de-la-banda-sinfonica-de-la-pampa\\\/\",\"name\":\"Segundo concierto de la Banda Sinf\u00f3nica de La Pampa - Diario Textual\",\"isPartOf\":{\"@id\":\"https:\\\/\\\/diariotextual.com\\\/inicio\\\/#website\"},\"primaryImageOfPage\":{\"@id\":\"https:\\\/\\\/diariotextual.com\\\/inicio\\\/index.php\\\/2023\\\/04\\\/25\\\/segundo-concierto-de-la-banda-sinfonica-de-la-pampa\\\/#primaryimage\"},\"image\":{\"@id\":\"https:\\\/\\\/diariotextual.com\\\/inicio\\\/index.php\\\/2023\\\/04\\\/25\\\/segundo-concierto-de-la-banda-sinfonica-de-la-pampa\\\/#primaryimage\"},\"thumbnailUrl\":\"https:\\\/\\\/diariotextual.com\\\/inicio\\\/wp-content\\\/uploads\\\/2021\\\/08\\\/bandasinfonica2021-1.jpg\",\"datePublished\":\"2023-04-25T21:20:24+00:00\",\"dateModified\":\"2023-04-25T21:20:26+00:00\",\"breadcrumb\":{\"@id\":\"https:\\\/\\\/diariotextual.com\\\/inicio\\\/index.php\\\/2023\\\/04\\\/25\\\/segundo-concierto-de-la-banda-sinfonica-de-la-pampa\\\/#breadcrumb\"},\"inLanguage\":\"es\",\"potentialAction\":[{\"@type\":\"ReadAction\",\"target\":[\"https:\\\/\\\/diariotextual.com\\\/inicio\\\/index.php\\\/2023\\\/04\\\/25\\\/segundo-concierto-de-la-banda-sinfonica-de-la-pampa\\\/\"]}]},{\"@type\":\"ImageObject\",\"inLanguage\":\"es\",\"@id\":\"https:\\\/\\\/diariotextual.com\\\/inicio\\\/index.php\\\/2023\\\/04\\\/25\\\/segundo-concierto-de-la-banda-sinfonica-de-la-pampa\\\/#primaryimage\",\"url\":\"https:\\\/\\\/diariotextual.com\\\/inicio\\\/wp-content\\\/uploads\\\/2021\\\/08\\\/bandasinfonica2021-1.jpg\",\"contentUrl\":\"https:\\\/\\\/diariotextual.com\\\/inicio\\\/wp-content\\\/uploads\\\/2021\\\/08\\\/bandasinfonica2021-1.jpg\",\"width\":1072,\"height\":712},{\"@type\":\"BreadcrumbList\",\"@id\":\"https:\\\/\\\/diariotextual.com\\\/inicio\\\/index.php\\\/2023\\\/04\\\/25\\\/segundo-concierto-de-la-banda-sinfonica-de-la-pampa\\\/#breadcrumb\",\"itemListElement\":[{\"@type\":\"ListItem\",\"position\":1,\"name\":\"Portada\",\"item\":\"https:\\\/\\\/diariotextual.com\\\/inicio\\\/\"},{\"@type\":\"ListItem\",\"position\":2,\"name\":\"Segundo concierto de la Banda Sinf\u00f3nica de La Pampa\"}]},{\"@type\":\"WebSite\",\"@id\":\"https:\\\/\\\/diariotextual.com\\\/inicio\\\/#website\",\"url\":\"https:\\\/\\\/diariotextual.com\\\/inicio\\\/\",\"name\":\"Diario Textual\",\"description\":\"\",\"publisher\":{\"@id\":\"https:\\\/\\\/diariotextual.com\\\/inicio\\\/#organization\"},\"potentialAction\":[{\"@type\":\"SearchAction\",\"target\":{\"@type\":\"EntryPoint\",\"urlTemplate\":\"https:\\\/\\\/diariotextual.com\\\/inicio\\\/?s={search_term_string}\"},\"query-input\":{\"@type\":\"PropertyValueSpecification\",\"valueRequired\":true,\"valueName\":\"search_term_string\"}}],\"inLanguage\":\"es\"},{\"@type\":\"Organization\",\"@id\":\"https:\\\/\\\/diariotextual.com\\\/inicio\\\/#organization\",\"name\":\"Diario Textual\",\"url\":\"https:\\\/\\\/diariotextual.com\\\/inicio\\\/\",\"logo\":{\"@type\":\"ImageObject\",\"inLanguage\":\"es\",\"@id\":\"https:\\\/\\\/diariotextual.com\\\/inicio\\\/#\\\/schema\\\/logo\\\/image\\\/\",\"url\":\"https:\\\/\\\/diariotextual.com\\\/inicio\\\/wp-content\\\/uploads\\\/2023\\\/05\\\/logotextual1.jpg\",\"contentUrl\":\"https:\\\/\\\/diariotextual.com\\\/inicio\\\/wp-content\\\/uploads\\\/2023\\\/05\\\/logotextual1.jpg\",\"width\":516,\"height\":76,\"caption\":\"Diario Textual\"},\"image\":{\"@id\":\"https:\\\/\\\/diariotextual.com\\\/inicio\\\/#\\\/schema\\\/logo\\\/image\\\/\"},\"sameAs\":[\"https:\\\/\\\/www.facebook.com\\\/eltextual\",\"https:\\\/\\\/x.com\\\/eltextual\",\"http:\\\/\\\/www.instagram.com\\\/eltextual\"]},{\"@type\":\"Person\",\"@id\":\"https:\\\/\\\/diariotextual.com\\\/inicio\\\/#\\\/schema\\\/person\\\/694f60677f23c4a530867a98f22b3768\",\"name\":\"diario2\",\"image\":{\"@type\":\"ImageObject\",\"inLanguage\":\"es\",\"@id\":\"https:\\\/\\\/secure.gravatar.com\\\/avatar\\\/5a2567495ba16b852fcd8f1ed006a2e24fcace936018ed8237e95f488ad6e0a7?s=96&d=mm&r=g\",\"url\":\"https:\\\/\\\/secure.gravatar.com\\\/avatar\\\/5a2567495ba16b852fcd8f1ed006a2e24fcace936018ed8237e95f488ad6e0a7?s=96&d=mm&r=g\",\"contentUrl\":\"https:\\\/\\\/secure.gravatar.com\\\/avatar\\\/5a2567495ba16b852fcd8f1ed006a2e24fcace936018ed8237e95f488ad6e0a7?s=96&d=mm&r=g\",\"caption\":\"diario2\"},\"url\":\"https:\\\/\\\/diariotextual.com\\\/inicio\\\/index.php\\\/author\\\/diario2\\\/\"}]}<\/script>\n<!-- \/ Yoast SEO plugin. -->","yoast_head_json":{"title":"Segundo concierto de la Banda Sinf\u00f3nica de La Pampa - Diario Textual","robots":{"index":"index","follow":"follow","max-snippet":"max-snippet:-1","max-image-preview":"max-image-preview:large","max-video-preview":"max-video-preview:-1"},"canonical":"https:\/\/diariotextual.com\/inicio\/index.php\/2023\/04\/25\/segundo-concierto-de-la-banda-sinfonica-de-la-pampa\/","og_locale":"es_ES","og_type":"article","og_title":"Segundo concierto de la Banda Sinf\u00f3nica de La Pampa - Diario Textual","og_description":"La Banda Sinf\u00f3nica de La Pampa (BSLP), organismo de la Secretar\u00eda de Cultura del Gobierno provincial, presenta un nuevo concierto de la temporada con la participaci\u00f3n del prestigioso tubista, Patricio&hellip;","og_url":"https:\/\/diariotextual.com\/inicio\/index.php\/2023\/04\/25\/segundo-concierto-de-la-banda-sinfonica-de-la-pampa\/","og_site_name":"Diario Textual","article_publisher":"https:\/\/www.facebook.com\/eltextual","article_published_time":"2023-04-25T21:20:24+00:00","article_modified_time":"2023-04-25T21:20:26+00:00","og_image":[{"width":1072,"height":712,"url":"https:\/\/diariotextual.com\/inicio\/wp-content\/uploads\/2021\/08\/bandasinfonica2021-1.jpg","type":"image\/jpeg"}],"author":"diario2","twitter_card":"summary_large_image","twitter_creator":"@eltextual","twitter_site":"@eltextual","twitter_misc":{"Escrito por":"diario2","Tiempo de lectura":"2 minutos"},"schema":{"@context":"https:\/\/schema.org","@graph":[{"@type":"Article","@id":"https:\/\/diariotextual.com\/inicio\/index.php\/2023\/04\/25\/segundo-concierto-de-la-banda-sinfonica-de-la-pampa\/#article","isPartOf":{"@id":"https:\/\/diariotextual.com\/inicio\/index.php\/2023\/04\/25\/segundo-concierto-de-la-banda-sinfonica-de-la-pampa\/"},"author":{"name":"diario2","@id":"https:\/\/diariotextual.com\/inicio\/#\/schema\/person\/694f60677f23c4a530867a98f22b3768"},"headline":"Segundo concierto de la Banda Sinf\u00f3nica de La Pampa","datePublished":"2023-04-25T21:20:24+00:00","dateModified":"2023-04-25T21:20:26+00:00","mainEntityOfPage":{"@id":"https:\/\/diariotextual.com\/inicio\/index.php\/2023\/04\/25\/segundo-concierto-de-la-banda-sinfonica-de-la-pampa\/"},"wordCount":364,"publisher":{"@id":"https:\/\/diariotextual.com\/inicio\/#organization"},"image":{"@id":"https:\/\/diariotextual.com\/inicio\/index.php\/2023\/04\/25\/segundo-concierto-de-la-banda-sinfonica-de-la-pampa\/#primaryimage"},"thumbnailUrl":"https:\/\/diariotextual.com\/inicio\/wp-content\/uploads\/2021\/08\/bandasinfonica2021-1.jpg","articleSection":["A - ES NOTICIA (van abajo)","CULTURA"],"inLanguage":"es"},{"@type":"WebPage","@id":"https:\/\/diariotextual.com\/inicio\/index.php\/2023\/04\/25\/segundo-concierto-de-la-banda-sinfonica-de-la-pampa\/","url":"https:\/\/diariotextual.com\/inicio\/index.php\/2023\/04\/25\/segundo-concierto-de-la-banda-sinfonica-de-la-pampa\/","name":"Segundo concierto de la Banda Sinf\u00f3nica de La Pampa - Diario Textual","isPartOf":{"@id":"https:\/\/diariotextual.com\/inicio\/#website"},"primaryImageOfPage":{"@id":"https:\/\/diariotextual.com\/inicio\/index.php\/2023\/04\/25\/segundo-concierto-de-la-banda-sinfonica-de-la-pampa\/#primaryimage"},"image":{"@id":"https:\/\/diariotextual.com\/inicio\/index.php\/2023\/04\/25\/segundo-concierto-de-la-banda-sinfonica-de-la-pampa\/#primaryimage"},"thumbnailUrl":"https:\/\/diariotextual.com\/inicio\/wp-content\/uploads\/2021\/08\/bandasinfonica2021-1.jpg","datePublished":"2023-04-25T21:20:24+00:00","dateModified":"2023-04-25T21:20:26+00:00","breadcrumb":{"@id":"https:\/\/diariotextual.com\/inicio\/index.php\/2023\/04\/25\/segundo-concierto-de-la-banda-sinfonica-de-la-pampa\/#breadcrumb"},"inLanguage":"es","potentialAction":[{"@type":"ReadAction","target":["https:\/\/diariotextual.com\/inicio\/index.php\/2023\/04\/25\/segundo-concierto-de-la-banda-sinfonica-de-la-pampa\/"]}]},{"@type":"ImageObject","inLanguage":"es","@id":"https:\/\/diariotextual.com\/inicio\/index.php\/2023\/04\/25\/segundo-concierto-de-la-banda-sinfonica-de-la-pampa\/#primaryimage","url":"https:\/\/diariotextual.com\/inicio\/wp-content\/uploads\/2021\/08\/bandasinfonica2021-1.jpg","contentUrl":"https:\/\/diariotextual.com\/inicio\/wp-content\/uploads\/2021\/08\/bandasinfonica2021-1.jpg","width":1072,"height":712},{"@type":"BreadcrumbList","@id":"https:\/\/diariotextual.com\/inicio\/index.php\/2023\/04\/25\/segundo-concierto-de-la-banda-sinfonica-de-la-pampa\/#breadcrumb","itemListElement":[{"@type":"ListItem","position":1,"name":"Portada","item":"https:\/\/diariotextual.com\/inicio\/"},{"@type":"ListItem","position":2,"name":"Segundo concierto de la Banda Sinf\u00f3nica de La Pampa"}]},{"@type":"WebSite","@id":"https:\/\/diariotextual.com\/inicio\/#website","url":"https:\/\/diariotextual.com\/inicio\/","name":"Diario Textual","description":"","publisher":{"@id":"https:\/\/diariotextual.com\/inicio\/#organization"},"potentialAction":[{"@type":"SearchAction","target":{"@type":"EntryPoint","urlTemplate":"https:\/\/diariotextual.com\/inicio\/?s={search_term_string}"},"query-input":{"@type":"PropertyValueSpecification","valueRequired":true,"valueName":"search_term_string"}}],"inLanguage":"es"},{"@type":"Organization","@id":"https:\/\/diariotextual.com\/inicio\/#organization","name":"Diario Textual","url":"https:\/\/diariotextual.com\/inicio\/","logo":{"@type":"ImageObject","inLanguage":"es","@id":"https:\/\/diariotextual.com\/inicio\/#\/schema\/logo\/image\/","url":"https:\/\/diariotextual.com\/inicio\/wp-content\/uploads\/2023\/05\/logotextual1.jpg","contentUrl":"https:\/\/diariotextual.com\/inicio\/wp-content\/uploads\/2023\/05\/logotextual1.jpg","width":516,"height":76,"caption":"Diario Textual"},"image":{"@id":"https:\/\/diariotextual.com\/inicio\/#\/schema\/logo\/image\/"},"sameAs":["https:\/\/www.facebook.com\/eltextual","https:\/\/x.com\/eltextual","http:\/\/www.instagram.com\/eltextual"]},{"@type":"Person","@id":"https:\/\/diariotextual.com\/inicio\/#\/schema\/person\/694f60677f23c4a530867a98f22b3768","name":"diario2","image":{"@type":"ImageObject","inLanguage":"es","@id":"https:\/\/secure.gravatar.com\/avatar\/5a2567495ba16b852fcd8f1ed006a2e24fcace936018ed8237e95f488ad6e0a7?s=96&d=mm&r=g","url":"https:\/\/secure.gravatar.com\/avatar\/5a2567495ba16b852fcd8f1ed006a2e24fcace936018ed8237e95f488ad6e0a7?s=96&d=mm&r=g","contentUrl":"https:\/\/secure.gravatar.com\/avatar\/5a2567495ba16b852fcd8f1ed006a2e24fcace936018ed8237e95f488ad6e0a7?s=96&d=mm&r=g","caption":"diario2"},"url":"https:\/\/diariotextual.com\/inicio\/index.php\/author\/diario2\/"}]}},"_links":{"self":[{"href":"https:\/\/diariotextual.com\/inicio\/index.php\/wp-json\/wp\/v2\/posts\/223309","targetHints":{"allow":["GET"]}}],"collection":[{"href":"https:\/\/diariotextual.com\/inicio\/index.php\/wp-json\/wp\/v2\/posts"}],"about":[{"href":"https:\/\/diariotextual.com\/inicio\/index.php\/wp-json\/wp\/v2\/types\/post"}],"author":[{"embeddable":true,"href":"https:\/\/diariotextual.com\/inicio\/index.php\/wp-json\/wp\/v2\/users\/4"}],"replies":[{"embeddable":true,"href":"https:\/\/diariotextual.com\/inicio\/index.php\/wp-json\/wp\/v2\/comments?post=223309"}],"version-history":[{"count":2,"href":"https:\/\/diariotextual.com\/inicio\/index.php\/wp-json\/wp\/v2\/posts\/223309\/revisions"}],"predecessor-version":[{"id":223311,"href":"https:\/\/diariotextual.com\/inicio\/index.php\/wp-json\/wp\/v2\/posts\/223309\/revisions\/223311"}],"wp:featuredmedia":[{"embeddable":true,"href":"https:\/\/diariotextual.com\/inicio\/index.php\/wp-json\/wp\/v2\/media\/157137"}],"wp:attachment":[{"href":"https:\/\/diariotextual.com\/inicio\/index.php\/wp-json\/wp\/v2\/media?parent=223309"}],"wp:term":[{"taxonomy":"category","embeddable":true,"href":"https:\/\/diariotextual.com\/inicio\/index.php\/wp-json\/wp\/v2\/categories?post=223309"},{"taxonomy":"post_tag","embeddable":true,"href":"https:\/\/diariotextual.com\/inicio\/index.php\/wp-json\/wp\/v2\/tags?post=223309"}],"curies":[{"name":"wp","href":"https:\/\/api.w.org\/{rel}","templated":true}]}}