{"id":223398,"date":"2023-04-26T13:37:13","date_gmt":"2023-04-26T16:37:13","guid":{"rendered":"https:\/\/diariotextual.com\/inicio\/?p=223398"},"modified":"2023-04-27T09:59:17","modified_gmt":"2023-04-27T12:59:17","slug":"abuso-de-su-hija-y-fue-condenado-a-10-anos-de-prision","status":"publish","type":"post","link":"https:\/\/diariotextual.com\/inicio\/index.php\/2023\/04\/26\/abuso-de-su-hija-y-fue-condenado-a-10-anos-de-prision\/","title":{"rendered":"Abus\u00f3 de su hija y fue condenado a 10 a\u00f1os de prisi\u00f3n"},"content":{"rendered":"\n<p>Un padre fue condenado hoy a<strong> 10 a\u00f1os de prisi\u00f3n <\/strong>por haber abusado de su hija durante seis a\u00f1os. La sentencia fue dictada por la jueza de audiencia santarrose\u00f1a, Alejandra Ongaro, tras la realizaci\u00f3n del juicio oral.<\/p>\n\n\n\n<p>La magistrada dio por probado que el acusado, de 37 a\u00f1os, \u201cagredi\u00f3 sexualmente, en reiteradas oportunidades, a su hija desde que era una ni\u00f1a de siete a\u00f1os hasta su llegada a la adolescencia a los 13\u201d; a\u00f1adiendo que los hechos ocurrieron en \u201cel interior de la vivienda donde conviv\u00eda el grupo familiar\u201d.<\/p>\n\n\n\n<p>En otro p\u00e1rrafo del fallo, Ongaro se\u00f1al\u00f3 que \u201cel \u00faltimo de los hechos padecidos por la v\u00edctima se produjo el 1 de diciembre del 2021 y constituy\u00f3 el disparador para que ella develara \u2013a pocas horas de producirse la \u00faltima de las agresiones\u2013, la situaci\u00f3n abusiva a la que fue sometida por su padre durante aquellos a\u00f1os\u201d.<\/p>\n\n\n\n<p>La jueza termin\u00f3 condenando al imputado a 10 a\u00f1os de prisi\u00f3n como autor de los delitos de abuso sexual simple, abuso sexual gravemente ultrajante \u2013por las circunstancias de su realizaci\u00f3n\u2013 y abuso sexual con acceso carnal, agravado por ser el ascendiente de la v\u00edctima, hechos ocurridos entre los 7 y 13 a\u00f1os de la ni\u00f1a; todo ello como delito continuado, siendo los hechos valorados en el marco de las leyes 26.485 de Protecci\u00f3n Integral contra las Mujeres, y 26.061 de Protecci\u00f3n integral de los derechos de las ni\u00f1as, ni\u00f1os y adolescentes.<\/p>\n\n\n\n<p>Adem\u00e1s Ongaro le mantuvo al padre el arresto domiciliario, con control de dispositivo electr\u00f3nico, hasta que la sentencia quede firme.<\/p>\n\n\n\n<p>El fiscal Walter Martos hab\u00eda requerido una pena de 12 a\u00f1os, a la que adhiri\u00f3 la querella \u2013representada por la defensora oficial Carolina Mu\u00f1oz\u2013; mientras que el defensor particular del acusado, Gast\u00f3n G\u00f3mez, aleg\u00f3 por la absoluci\u00f3n.<\/p>\n\n\n\n<p>Para fijar la pena, Ongaro valor\u00f3 como agravantes la edad de la v\u00edctima, m\u00e1s teniendo en cuenta que las agresiones comenzaron cuando ten\u00eda siete a\u00f1os, por lo que \u201cla coloc\u00f3 en un extremo de vulnerabilidad\u201d; las \u201csecuelas traum\u00e1ticas que se han proyectado en su psiquis\u201d, teniendo en cuenta especialmente la extensi\u00f3n en el tiempo de los abusos; y \u201clas consecuencias directas e indirectas que ellos tuvieron en la vida de la adolescente\u201d.\u200b<\/p>\n","protected":false},"excerpt":{"rendered":"<p>Un padre fue condenado hoy a 10 a\u00f1os de prisi\u00f3n por haber abusado de su hija durante seis a\u00f1os. La sentencia fue dictada por la jueza de audiencia santarrose\u00f1a, Alejandra&hellip;<\/p>\n","protected":false},"author":4,"featured_media":135762,"comment_status":"closed","ping_status":"open","sticky":false,"template":"","format":"standard","meta":{"_acf_changed":false,"footnotes":""},"categories":[1,12],"tags":[],"class_list":["post-223398","post","type-post","status-publish","format-standard","has-post-thumbnail","hentry","category-es-noticia","category-sociedad"],"acf":[],"yoast_head":"<!-- This site is optimized with the Yoast SEO plugin v27.5 - https:\/\/yoast.com\/product\/yoast-seo-wordpress\/ -->\n<title>Abus\u00f3 de su hija y fue condenado a 10 a\u00f1os de prisi\u00f3n - Diario Textual<\/title>\n<meta name=\"robots\" content=\"index, follow, max-snippet:-1, max-image-preview:large, max-video-preview:-1\" \/>\n<link rel=\"canonical\" href=\"https:\/\/diariotextual.com\/inicio\/index.php\/2023\/04\/26\/abuso-de-su-hija-y-fue-condenado-a-10-anos-de-prision\/\" \/>\n<meta property=\"og:locale\" content=\"es_ES\" \/>\n<meta property=\"og:type\" content=\"article\" \/>\n<meta property=\"og:title\" content=\"Abus\u00f3 de su hija y fue condenado a 10 a\u00f1os de prisi\u00f3n - Diario Textual\" \/>\n<meta property=\"og:description\" content=\"Un padre fue condenado hoy a 10 a\u00f1os de prisi\u00f3n por haber abusado de su hija durante seis a\u00f1os. La sentencia fue dictada por la jueza de audiencia santarrose\u00f1a, Alejandra&hellip;\" \/>\n<meta property=\"og:url\" content=\"https:\/\/diariotextual.com\/inicio\/index.php\/2023\/04\/26\/abuso-de-su-hija-y-fue-condenado-a-10-anos-de-prision\/\" \/>\n<meta property=\"og:site_name\" content=\"Diario Textual\" \/>\n<meta property=\"article:publisher\" content=\"https:\/\/www.facebook.com\/eltextual\" \/>\n<meta property=\"article:published_time\" content=\"2023-04-26T16:37:13+00:00\" \/>\n<meta property=\"article:modified_time\" content=\"2023-04-27T12:59:17+00:00\" \/>\n<meta property=\"og:image\" content=\"https:\/\/diariotextual.com\/inicio\/wp-content\/uploads\/2021\/03\/abusosexualinfantil0001.jpg\" \/>\n\t<meta property=\"og:image:width\" content=\"724\" \/>\n\t<meta property=\"og:image:height\" content=\"403\" \/>\n\t<meta property=\"og:image:type\" content=\"image\/jpeg\" \/>\n<meta name=\"author\" content=\"diario2\" \/>\n<meta name=\"twitter:card\" content=\"summary_large_image\" \/>\n<meta name=\"twitter:creator\" content=\"@eltextual\" \/>\n<meta name=\"twitter:site\" content=\"@eltextual\" \/>\n<meta name=\"twitter:label1\" content=\"Escrito por\" \/>\n\t<meta name=\"twitter:data1\" content=\"diario2\" \/>\n\t<meta name=\"twitter:label2\" content=\"Tiempo de lectura\" \/>\n\t<meta name=\"twitter:data2\" content=\"2 minutos\" \/>\n<script type=\"application\/ld+json\" class=\"yoast-schema-graph\">{\"@context\":\"https:\\\/\\\/schema.org\",\"@graph\":[{\"@type\":\"Article\",\"@id\":\"https:\\\/\\\/diariotextual.com\\\/inicio\\\/index.php\\\/2023\\\/04\\\/26\\\/abuso-de-su-hija-y-fue-condenado-a-10-anos-de-prision\\\/#article\",\"isPartOf\":{\"@id\":\"https:\\\/\\\/diariotextual.com\\\/inicio\\\/index.php\\\/2023\\\/04\\\/26\\\/abuso-de-su-hija-y-fue-condenado-a-10-anos-de-prision\\\/\"},\"author\":{\"name\":\"diario2\",\"@id\":\"https:\\\/\\\/diariotextual.com\\\/inicio\\\/#\\\/schema\\\/person\\\/694f60677f23c4a530867a98f22b3768\"},\"headline\":\"Abus\u00f3 de su hija y fue condenado a 10 a\u00f1os de prisi\u00f3n\",\"datePublished\":\"2023-04-26T16:37:13+00:00\",\"dateModified\":\"2023-04-27T12:59:17+00:00\",\"mainEntityOfPage\":{\"@id\":\"https:\\\/\\\/diariotextual.com\\\/inicio\\\/index.php\\\/2023\\\/04\\\/26\\\/abuso-de-su-hija-y-fue-condenado-a-10-anos-de-prision\\\/\"},\"wordCount\":407,\"publisher\":{\"@id\":\"https:\\\/\\\/diariotextual.com\\\/inicio\\\/#organization\"},\"image\":{\"@id\":\"https:\\\/\\\/diariotextual.com\\\/inicio\\\/index.php\\\/2023\\\/04\\\/26\\\/abuso-de-su-hija-y-fue-condenado-a-10-anos-de-prision\\\/#primaryimage\"},\"thumbnailUrl\":\"https:\\\/\\\/diariotextual.com\\\/inicio\\\/wp-content\\\/uploads\\\/2021\\\/03\\\/abusosexualinfantil0001.jpg\",\"articleSection\":[\"A - ES NOTICIA (van abajo)\",\"SOCIEDAD\"],\"inLanguage\":\"es\"},{\"@type\":\"WebPage\",\"@id\":\"https:\\\/\\\/diariotextual.com\\\/inicio\\\/index.php\\\/2023\\\/04\\\/26\\\/abuso-de-su-hija-y-fue-condenado-a-10-anos-de-prision\\\/\",\"url\":\"https:\\\/\\\/diariotextual.com\\\/inicio\\\/index.php\\\/2023\\\/04\\\/26\\\/abuso-de-su-hija-y-fue-condenado-a-10-anos-de-prision\\\/\",\"name\":\"Abus\u00f3 de su hija y fue condenado a 10 a\u00f1os de prisi\u00f3n - Diario Textual\",\"isPartOf\":{\"@id\":\"https:\\\/\\\/diariotextual.com\\\/inicio\\\/#website\"},\"primaryImageOfPage\":{\"@id\":\"https:\\\/\\\/diariotextual.com\\\/inicio\\\/index.php\\\/2023\\\/04\\\/26\\\/abuso-de-su-hija-y-fue-condenado-a-10-anos-de-prision\\\/#primaryimage\"},\"image\":{\"@id\":\"https:\\\/\\\/diariotextual.com\\\/inicio\\\/index.php\\\/2023\\\/04\\\/26\\\/abuso-de-su-hija-y-fue-condenado-a-10-anos-de-prision\\\/#primaryimage\"},\"thumbnailUrl\":\"https:\\\/\\\/diariotextual.com\\\/inicio\\\/wp-content\\\/uploads\\\/2021\\\/03\\\/abusosexualinfantil0001.jpg\",\"datePublished\":\"2023-04-26T16:37:13+00:00\",\"dateModified\":\"2023-04-27T12:59:17+00:00\",\"breadcrumb\":{\"@id\":\"https:\\\/\\\/diariotextual.com\\\/inicio\\\/index.php\\\/2023\\\/04\\\/26\\\/abuso-de-su-hija-y-fue-condenado-a-10-anos-de-prision\\\/#breadcrumb\"},\"inLanguage\":\"es\",\"potentialAction\":[{\"@type\":\"ReadAction\",\"target\":[\"https:\\\/\\\/diariotextual.com\\\/inicio\\\/index.php\\\/2023\\\/04\\\/26\\\/abuso-de-su-hija-y-fue-condenado-a-10-anos-de-prision\\\/\"]}]},{\"@type\":\"ImageObject\",\"inLanguage\":\"es\",\"@id\":\"https:\\\/\\\/diariotextual.com\\\/inicio\\\/index.php\\\/2023\\\/04\\\/26\\\/abuso-de-su-hija-y-fue-condenado-a-10-anos-de-prision\\\/#primaryimage\",\"url\":\"https:\\\/\\\/diariotextual.com\\\/inicio\\\/wp-content\\\/uploads\\\/2021\\\/03\\\/abusosexualinfantil0001.jpg\",\"contentUrl\":\"https:\\\/\\\/diariotextual.com\\\/inicio\\\/wp-content\\\/uploads\\\/2021\\\/03\\\/abusosexualinfantil0001.jpg\",\"width\":724,\"height\":403},{\"@type\":\"BreadcrumbList\",\"@id\":\"https:\\\/\\\/diariotextual.com\\\/inicio\\\/index.php\\\/2023\\\/04\\\/26\\\/abuso-de-su-hija-y-fue-condenado-a-10-anos-de-prision\\\/#breadcrumb\",\"itemListElement\":[{\"@type\":\"ListItem\",\"position\":1,\"name\":\"Portada\",\"item\":\"https:\\\/\\\/diariotextual.com\\\/inicio\\\/\"},{\"@type\":\"ListItem\",\"position\":2,\"name\":\"Abus\u00f3 de su hija y fue condenado a 10 a\u00f1os de prisi\u00f3n\"}]},{\"@type\":\"WebSite\",\"@id\":\"https:\\\/\\\/diariotextual.com\\\/inicio\\\/#website\",\"url\":\"https:\\\/\\\/diariotextual.com\\\/inicio\\\/\",\"name\":\"Diario Textual\",\"description\":\"\",\"publisher\":{\"@id\":\"https:\\\/\\\/diariotextual.com\\\/inicio\\\/#organization\"},\"potentialAction\":[{\"@type\":\"SearchAction\",\"target\":{\"@type\":\"EntryPoint\",\"urlTemplate\":\"https:\\\/\\\/diariotextual.com\\\/inicio\\\/?s={search_term_string}\"},\"query-input\":{\"@type\":\"PropertyValueSpecification\",\"valueRequired\":true,\"valueName\":\"search_term_string\"}}],\"inLanguage\":\"es\"},{\"@type\":\"Organization\",\"@id\":\"https:\\\/\\\/diariotextual.com\\\/inicio\\\/#organization\",\"name\":\"Diario Textual\",\"url\":\"https:\\\/\\\/diariotextual.com\\\/inicio\\\/\",\"logo\":{\"@type\":\"ImageObject\",\"inLanguage\":\"es\",\"@id\":\"https:\\\/\\\/diariotextual.com\\\/inicio\\\/#\\\/schema\\\/logo\\\/image\\\/\",\"url\":\"https:\\\/\\\/diariotextual.com\\\/inicio\\\/wp-content\\\/uploads\\\/2023\\\/05\\\/logotextual1.jpg\",\"contentUrl\":\"https:\\\/\\\/diariotextual.com\\\/inicio\\\/wp-content\\\/uploads\\\/2023\\\/05\\\/logotextual1.jpg\",\"width\":516,\"height\":76,\"caption\":\"Diario Textual\"},\"image\":{\"@id\":\"https:\\\/\\\/diariotextual.com\\\/inicio\\\/#\\\/schema\\\/logo\\\/image\\\/\"},\"sameAs\":[\"https:\\\/\\\/www.facebook.com\\\/eltextual\",\"https:\\\/\\\/x.com\\\/eltextual\",\"http:\\\/\\\/www.instagram.com\\\/eltextual\"]},{\"@type\":\"Person\",\"@id\":\"https:\\\/\\\/diariotextual.com\\\/inicio\\\/#\\\/schema\\\/person\\\/694f60677f23c4a530867a98f22b3768\",\"name\":\"diario2\",\"image\":{\"@type\":\"ImageObject\",\"inLanguage\":\"es\",\"@id\":\"https:\\\/\\\/secure.gravatar.com\\\/avatar\\\/5a2567495ba16b852fcd8f1ed006a2e24fcace936018ed8237e95f488ad6e0a7?s=96&d=mm&r=g\",\"url\":\"https:\\\/\\\/secure.gravatar.com\\\/avatar\\\/5a2567495ba16b852fcd8f1ed006a2e24fcace936018ed8237e95f488ad6e0a7?s=96&d=mm&r=g\",\"contentUrl\":\"https:\\\/\\\/secure.gravatar.com\\\/avatar\\\/5a2567495ba16b852fcd8f1ed006a2e24fcace936018ed8237e95f488ad6e0a7?s=96&d=mm&r=g\",\"caption\":\"diario2\"},\"url\":\"https:\\\/\\\/diariotextual.com\\\/inicio\\\/index.php\\\/author\\\/diario2\\\/\"}]}<\/script>\n<!-- \/ Yoast SEO plugin. -->","yoast_head_json":{"title":"Abus\u00f3 de su hija y fue condenado a 10 a\u00f1os de prisi\u00f3n - Diario Textual","robots":{"index":"index","follow":"follow","max-snippet":"max-snippet:-1","max-image-preview":"max-image-preview:large","max-video-preview":"max-video-preview:-1"},"canonical":"https:\/\/diariotextual.com\/inicio\/index.php\/2023\/04\/26\/abuso-de-su-hija-y-fue-condenado-a-10-anos-de-prision\/","og_locale":"es_ES","og_type":"article","og_title":"Abus\u00f3 de su hija y fue condenado a 10 a\u00f1os de prisi\u00f3n - Diario Textual","og_description":"Un padre fue condenado hoy a 10 a\u00f1os de prisi\u00f3n por haber abusado de su hija durante seis a\u00f1os. La sentencia fue dictada por la jueza de audiencia santarrose\u00f1a, Alejandra&hellip;","og_url":"https:\/\/diariotextual.com\/inicio\/index.php\/2023\/04\/26\/abuso-de-su-hija-y-fue-condenado-a-10-anos-de-prision\/","og_site_name":"Diario Textual","article_publisher":"https:\/\/www.facebook.com\/eltextual","article_published_time":"2023-04-26T16:37:13+00:00","article_modified_time":"2023-04-27T12:59:17+00:00","og_image":[{"width":724,"height":403,"url":"https:\/\/diariotextual.com\/inicio\/wp-content\/uploads\/2021\/03\/abusosexualinfantil0001.jpg","type":"image\/jpeg"}],"author":"diario2","twitter_card":"summary_large_image","twitter_creator":"@eltextual","twitter_site":"@eltextual","twitter_misc":{"Escrito por":"diario2","Tiempo de lectura":"2 minutos"},"schema":{"@context":"https:\/\/schema.org","@graph":[{"@type":"Article","@id":"https:\/\/diariotextual.com\/inicio\/index.php\/2023\/04\/26\/abuso-de-su-hija-y-fue-condenado-a-10-anos-de-prision\/#article","isPartOf":{"@id":"https:\/\/diariotextual.com\/inicio\/index.php\/2023\/04\/26\/abuso-de-su-hija-y-fue-condenado-a-10-anos-de-prision\/"},"author":{"name":"diario2","@id":"https:\/\/diariotextual.com\/inicio\/#\/schema\/person\/694f60677f23c4a530867a98f22b3768"},"headline":"Abus\u00f3 de su hija y fue condenado a 10 a\u00f1os de prisi\u00f3n","datePublished":"2023-04-26T16:37:13+00:00","dateModified":"2023-04-27T12:59:17+00:00","mainEntityOfPage":{"@id":"https:\/\/diariotextual.com\/inicio\/index.php\/2023\/04\/26\/abuso-de-su-hija-y-fue-condenado-a-10-anos-de-prision\/"},"wordCount":407,"publisher":{"@id":"https:\/\/diariotextual.com\/inicio\/#organization"},"image":{"@id":"https:\/\/diariotextual.com\/inicio\/index.php\/2023\/04\/26\/abuso-de-su-hija-y-fue-condenado-a-10-anos-de-prision\/#primaryimage"},"thumbnailUrl":"https:\/\/diariotextual.com\/inicio\/wp-content\/uploads\/2021\/03\/abusosexualinfantil0001.jpg","articleSection":["A - ES NOTICIA (van abajo)","SOCIEDAD"],"inLanguage":"es"},{"@type":"WebPage","@id":"https:\/\/diariotextual.com\/inicio\/index.php\/2023\/04\/26\/abuso-de-su-hija-y-fue-condenado-a-10-anos-de-prision\/","url":"https:\/\/diariotextual.com\/inicio\/index.php\/2023\/04\/26\/abuso-de-su-hija-y-fue-condenado-a-10-anos-de-prision\/","name":"Abus\u00f3 de su hija y fue condenado a 10 a\u00f1os de prisi\u00f3n - Diario Textual","isPartOf":{"@id":"https:\/\/diariotextual.com\/inicio\/#website"},"primaryImageOfPage":{"@id":"https:\/\/diariotextual.com\/inicio\/index.php\/2023\/04\/26\/abuso-de-su-hija-y-fue-condenado-a-10-anos-de-prision\/#primaryimage"},"image":{"@id":"https:\/\/diariotextual.com\/inicio\/index.php\/2023\/04\/26\/abuso-de-su-hija-y-fue-condenado-a-10-anos-de-prision\/#primaryimage"},"thumbnailUrl":"https:\/\/diariotextual.com\/inicio\/wp-content\/uploads\/2021\/03\/abusosexualinfantil0001.jpg","datePublished":"2023-04-26T16:37:13+00:00","dateModified":"2023-04-27T12:59:17+00:00","breadcrumb":{"@id":"https:\/\/diariotextual.com\/inicio\/index.php\/2023\/04\/26\/abuso-de-su-hija-y-fue-condenado-a-10-anos-de-prision\/#breadcrumb"},"inLanguage":"es","potentialAction":[{"@type":"ReadAction","target":["https:\/\/diariotextual.com\/inicio\/index.php\/2023\/04\/26\/abuso-de-su-hija-y-fue-condenado-a-10-anos-de-prision\/"]}]},{"@type":"ImageObject","inLanguage":"es","@id":"https:\/\/diariotextual.com\/inicio\/index.php\/2023\/04\/26\/abuso-de-su-hija-y-fue-condenado-a-10-anos-de-prision\/#primaryimage","url":"https:\/\/diariotextual.com\/inicio\/wp-content\/uploads\/2021\/03\/abusosexualinfantil0001.jpg","contentUrl":"https:\/\/diariotextual.com\/inicio\/wp-content\/uploads\/2021\/03\/abusosexualinfantil0001.jpg","width":724,"height":403},{"@type":"BreadcrumbList","@id":"https:\/\/diariotextual.com\/inicio\/index.php\/2023\/04\/26\/abuso-de-su-hija-y-fue-condenado-a-10-anos-de-prision\/#breadcrumb","itemListElement":[{"@type":"ListItem","position":1,"name":"Portada","item":"https:\/\/diariotextual.com\/inicio\/"},{"@type":"ListItem","position":2,"name":"Abus\u00f3 de su hija y fue condenado a 10 a\u00f1os de prisi\u00f3n"}]},{"@type":"WebSite","@id":"https:\/\/diariotextual.com\/inicio\/#website","url":"https:\/\/diariotextual.com\/inicio\/","name":"Diario Textual","description":"","publisher":{"@id":"https:\/\/diariotextual.com\/inicio\/#organization"},"potentialAction":[{"@type":"SearchAction","target":{"@type":"EntryPoint","urlTemplate":"https:\/\/diariotextual.com\/inicio\/?s={search_term_string}"},"query-input":{"@type":"PropertyValueSpecification","valueRequired":true,"valueName":"search_term_string"}}],"inLanguage":"es"},{"@type":"Organization","@id":"https:\/\/diariotextual.com\/inicio\/#organization","name":"Diario Textual","url":"https:\/\/diariotextual.com\/inicio\/","logo":{"@type":"ImageObject","inLanguage":"es","@id":"https:\/\/diariotextual.com\/inicio\/#\/schema\/logo\/image\/","url":"https:\/\/diariotextual.com\/inicio\/wp-content\/uploads\/2023\/05\/logotextual1.jpg","contentUrl":"https:\/\/diariotextual.com\/inicio\/wp-content\/uploads\/2023\/05\/logotextual1.jpg","width":516,"height":76,"caption":"Diario Textual"},"image":{"@id":"https:\/\/diariotextual.com\/inicio\/#\/schema\/logo\/image\/"},"sameAs":["https:\/\/www.facebook.com\/eltextual","https:\/\/x.com\/eltextual","http:\/\/www.instagram.com\/eltextual"]},{"@type":"Person","@id":"https:\/\/diariotextual.com\/inicio\/#\/schema\/person\/694f60677f23c4a530867a98f22b3768","name":"diario2","image":{"@type":"ImageObject","inLanguage":"es","@id":"https:\/\/secure.gravatar.com\/avatar\/5a2567495ba16b852fcd8f1ed006a2e24fcace936018ed8237e95f488ad6e0a7?s=96&d=mm&r=g","url":"https:\/\/secure.gravatar.com\/avatar\/5a2567495ba16b852fcd8f1ed006a2e24fcace936018ed8237e95f488ad6e0a7?s=96&d=mm&r=g","contentUrl":"https:\/\/secure.gravatar.com\/avatar\/5a2567495ba16b852fcd8f1ed006a2e24fcace936018ed8237e95f488ad6e0a7?s=96&d=mm&r=g","caption":"diario2"},"url":"https:\/\/diariotextual.com\/inicio\/index.php\/author\/diario2\/"}]}},"_links":{"self":[{"href":"https:\/\/diariotextual.com\/inicio\/index.php\/wp-json\/wp\/v2\/posts\/223398","targetHints":{"allow":["GET"]}}],"collection":[{"href":"https:\/\/diariotextual.com\/inicio\/index.php\/wp-json\/wp\/v2\/posts"}],"about":[{"href":"https:\/\/diariotextual.com\/inicio\/index.php\/wp-json\/wp\/v2\/types\/post"}],"author":[{"embeddable":true,"href":"https:\/\/diariotextual.com\/inicio\/index.php\/wp-json\/wp\/v2\/users\/4"}],"replies":[{"embeddable":true,"href":"https:\/\/diariotextual.com\/inicio\/index.php\/wp-json\/wp\/v2\/comments?post=223398"}],"version-history":[{"count":1,"href":"https:\/\/diariotextual.com\/inicio\/index.php\/wp-json\/wp\/v2\/posts\/223398\/revisions"}],"predecessor-version":[{"id":223399,"href":"https:\/\/diariotextual.com\/inicio\/index.php\/wp-json\/wp\/v2\/posts\/223398\/revisions\/223399"}],"wp:featuredmedia":[{"embeddable":true,"href":"https:\/\/diariotextual.com\/inicio\/index.php\/wp-json\/wp\/v2\/media\/135762"}],"wp:attachment":[{"href":"https:\/\/diariotextual.com\/inicio\/index.php\/wp-json\/wp\/v2\/media?parent=223398"}],"wp:term":[{"taxonomy":"category","embeddable":true,"href":"https:\/\/diariotextual.com\/inicio\/index.php\/wp-json\/wp\/v2\/categories?post=223398"},{"taxonomy":"post_tag","embeddable":true,"href":"https:\/\/diariotextual.com\/inicio\/index.php\/wp-json\/wp\/v2\/tags?post=223398"}],"curies":[{"name":"wp","href":"https:\/\/api.w.org\/{rel}","templated":true}]}}