{"id":223400,"date":"2023-04-26T13:42:33","date_gmt":"2023-04-26T16:42:33","guid":{"rendered":"https:\/\/diariotextual.com\/inicio\/?p=223400"},"modified":"2023-04-26T13:42:35","modified_gmt":"2023-04-26T16:42:35","slug":"pondran-libros-en-las-estaciones-de-espera-de-los-micros-del-emtu","status":"publish","type":"post","link":"https:\/\/diariotextual.com\/inicio\/index.php\/2023\/04\/26\/pondran-libros-en-las-estaciones-de-espera-de-los-micros-del-emtu\/","title":{"rendered":"Pondr\u00e1n libros en las estaciones de espera de los micros del EMTU"},"content":{"rendered":"\n<p>El Consejo de Administraci\u00f3n de la Cooperativa Popular de Electricidad (CPE) dispuso que la Biblioteca Popular Cooperativa \u201cDomingo Gentili\u201d, realizara una <strong>donaci\u00f3n de 70 libros y alrededor de 20 revistas <\/strong>al Centro Municipal de Cultura del municipio de Santa Rosa, que a su vez los destinar\u00e1 al Ente Municipal de Transporte Urbano (EMTU) con el fin de ser compartidos en las <strong>estaciones de espera de los micros urbanos.<\/strong><\/p>\n\n\n\n<p>La iniciativa busca acercar la posibilidad de lectura a las personas que diariamente utilizan el transporte p\u00fablico para trasladarse en el \u00e1mbito urbano y quiz\u00e1s no cuentan con la posibilidad o el tiempo necesarios para acercarse a centros de lectura o leer en sus domicilios. En <strong>buzones ubicados en las garitas de colectivo, el EMTU dispondr\u00e1 revistas y libros <\/strong>para que puedan ser consultados de manera gratuita. El Director de Cultura municipal Sergio Ibaceta recibi\u00f3 la donaci\u00f3n de manos del titular de la CPE, Alfredo Carrascal, en un breve acto desarrollado en la Sala \u201cAntonio Skara\u201d.<\/p>\n\n\n\n<figure class=\"wp-block-image size-large is-resized\"><img fetchpriority=\"high\" decoding=\"async\" src=\"https:\/\/diariotextual.com\/inicio\/wp-content\/uploads\/2023\/04\/cpeemtucultura47385-1024x672.jpg\" alt=\"\" class=\"wp-image-223401\" width=\"642\" height=\"421\" srcset=\"https:\/\/diariotextual.com\/inicio\/wp-content\/uploads\/2023\/04\/cpeemtucultura47385-1024x672.jpg 1024w, https:\/\/diariotextual.com\/inicio\/wp-content\/uploads\/2023\/04\/cpeemtucultura47385-300x197.jpg 300w, https:\/\/diariotextual.com\/inicio\/wp-content\/uploads\/2023\/04\/cpeemtucultura47385-768x504.jpg 768w, https:\/\/diariotextual.com\/inicio\/wp-content\/uploads\/2023\/04\/cpeemtucultura47385-585x384.jpg 585w, https:\/\/diariotextual.com\/inicio\/wp-content\/uploads\/2023\/04\/cpeemtucultura47385.jpg 1095w\" sizes=\"(max-width: 642px) 100vw, 642px\" \/><\/figure>\n\n\n\n<p><\/p>\n","protected":false},"excerpt":{"rendered":"<p>El Consejo de Administraci\u00f3n de la Cooperativa Popular de Electricidad (CPE) dispuso que la Biblioteca Popular Cooperativa \u201cDomingo Gentili\u201d, realizara una donaci\u00f3n de 70 libros y alrededor de 20 revistas&hellip;<\/p>\n","protected":false},"author":4,"featured_media":195416,"comment_status":"closed","ping_status":"open","sticky":false,"template":"","format":"standard","meta":{"_acf_changed":false,"footnotes":""},"categories":[1,12],"tags":[],"class_list":["post-223400","post","type-post","status-publish","format-standard","has-post-thumbnail","hentry","category-es-noticia","category-sociedad"],"acf":[],"yoast_head":"<!-- This site is optimized with the Yoast SEO plugin v27.5 - https:\/\/yoast.com\/product\/yoast-seo-wordpress\/ -->\n<title>Pondr\u00e1n libros en las estaciones de espera de los micros del EMTU - Diario Textual<\/title>\n<meta name=\"robots\" content=\"index, follow, max-snippet:-1, max-image-preview:large, max-video-preview:-1\" \/>\n<link rel=\"canonical\" href=\"https:\/\/diariotextual.com\/inicio\/index.php\/2023\/04\/26\/pondran-libros-en-las-estaciones-de-espera-de-los-micros-del-emtu\/\" \/>\n<meta property=\"og:locale\" content=\"es_ES\" \/>\n<meta property=\"og:type\" content=\"article\" \/>\n<meta property=\"og:title\" content=\"Pondr\u00e1n libros en las estaciones de espera de los micros del EMTU - Diario Textual\" \/>\n<meta property=\"og:description\" content=\"El Consejo de Administraci\u00f3n de la Cooperativa Popular de Electricidad (CPE) dispuso que la Biblioteca Popular Cooperativa \u201cDomingo Gentili\u201d, realizara una donaci\u00f3n de 70 libros y alrededor de 20 revistas&hellip;\" \/>\n<meta property=\"og:url\" content=\"https:\/\/diariotextual.com\/inicio\/index.php\/2023\/04\/26\/pondran-libros-en-las-estaciones-de-espera-de-los-micros-del-emtu\/\" \/>\n<meta property=\"og:site_name\" content=\"Diario Textual\" \/>\n<meta property=\"article:publisher\" content=\"https:\/\/www.facebook.com\/eltextual\" \/>\n<meta property=\"article:published_time\" content=\"2023-04-26T16:42:33+00:00\" \/>\n<meta property=\"article:modified_time\" content=\"2023-04-26T16:42:35+00:00\" \/>\n<meta property=\"og:image\" content=\"https:\/\/diariotextual.com\/inicio\/wp-content\/uploads\/2022\/07\/microsemtuparada.jpg\" \/>\n\t<meta property=\"og:image:width\" content=\"1280\" \/>\n\t<meta property=\"og:image:height\" content=\"755\" \/>\n\t<meta property=\"og:image:type\" content=\"image\/jpeg\" \/>\n<meta name=\"author\" content=\"diario2\" \/>\n<meta name=\"twitter:card\" content=\"summary_large_image\" \/>\n<meta name=\"twitter:creator\" content=\"@eltextual\" \/>\n<meta name=\"twitter:site\" content=\"@eltextual\" \/>\n<meta name=\"twitter:label1\" content=\"Escrito por\" \/>\n\t<meta name=\"twitter:data1\" content=\"diario2\" \/>\n\t<meta name=\"twitter:label2\" content=\"Tiempo de lectura\" \/>\n\t<meta name=\"twitter:data2\" content=\"1 minuto\" \/>\n<script type=\"application\/ld+json\" class=\"yoast-schema-graph\">{\"@context\":\"https:\\\/\\\/schema.org\",\"@graph\":[{\"@type\":\"Article\",\"@id\":\"https:\\\/\\\/diariotextual.com\\\/inicio\\\/index.php\\\/2023\\\/04\\\/26\\\/pondran-libros-en-las-estaciones-de-espera-de-los-micros-del-emtu\\\/#article\",\"isPartOf\":{\"@id\":\"https:\\\/\\\/diariotextual.com\\\/inicio\\\/index.php\\\/2023\\\/04\\\/26\\\/pondran-libros-en-las-estaciones-de-espera-de-los-micros-del-emtu\\\/\"},\"author\":{\"name\":\"diario2\",\"@id\":\"https:\\\/\\\/diariotextual.com\\\/inicio\\\/#\\\/schema\\\/person\\\/694f60677f23c4a530867a98f22b3768\"},\"headline\":\"Pondr\u00e1n libros en las estaciones de espera de los micros del EMTU\",\"datePublished\":\"2023-04-26T16:42:33+00:00\",\"dateModified\":\"2023-04-26T16:42:35+00:00\",\"mainEntityOfPage\":{\"@id\":\"https:\\\/\\\/diariotextual.com\\\/inicio\\\/index.php\\\/2023\\\/04\\\/26\\\/pondran-libros-en-las-estaciones-de-espera-de-los-micros-del-emtu\\\/\"},\"wordCount\":180,\"publisher\":{\"@id\":\"https:\\\/\\\/diariotextual.com\\\/inicio\\\/#organization\"},\"image\":{\"@id\":\"https:\\\/\\\/diariotextual.com\\\/inicio\\\/index.php\\\/2023\\\/04\\\/26\\\/pondran-libros-en-las-estaciones-de-espera-de-los-micros-del-emtu\\\/#primaryimage\"},\"thumbnailUrl\":\"https:\\\/\\\/diariotextual.com\\\/inicio\\\/wp-content\\\/uploads\\\/2022\\\/07\\\/microsemtuparada.jpg\",\"articleSection\":[\"A - ES NOTICIA (van abajo)\",\"SOCIEDAD\"],\"inLanguage\":\"es\"},{\"@type\":\"WebPage\",\"@id\":\"https:\\\/\\\/diariotextual.com\\\/inicio\\\/index.php\\\/2023\\\/04\\\/26\\\/pondran-libros-en-las-estaciones-de-espera-de-los-micros-del-emtu\\\/\",\"url\":\"https:\\\/\\\/diariotextual.com\\\/inicio\\\/index.php\\\/2023\\\/04\\\/26\\\/pondran-libros-en-las-estaciones-de-espera-de-los-micros-del-emtu\\\/\",\"name\":\"Pondr\u00e1n libros en las estaciones de espera de los micros del EMTU - Diario Textual\",\"isPartOf\":{\"@id\":\"https:\\\/\\\/diariotextual.com\\\/inicio\\\/#website\"},\"primaryImageOfPage\":{\"@id\":\"https:\\\/\\\/diariotextual.com\\\/inicio\\\/index.php\\\/2023\\\/04\\\/26\\\/pondran-libros-en-las-estaciones-de-espera-de-los-micros-del-emtu\\\/#primaryimage\"},\"image\":{\"@id\":\"https:\\\/\\\/diariotextual.com\\\/inicio\\\/index.php\\\/2023\\\/04\\\/26\\\/pondran-libros-en-las-estaciones-de-espera-de-los-micros-del-emtu\\\/#primaryimage\"},\"thumbnailUrl\":\"https:\\\/\\\/diariotextual.com\\\/inicio\\\/wp-content\\\/uploads\\\/2022\\\/07\\\/microsemtuparada.jpg\",\"datePublished\":\"2023-04-26T16:42:33+00:00\",\"dateModified\":\"2023-04-26T16:42:35+00:00\",\"breadcrumb\":{\"@id\":\"https:\\\/\\\/diariotextual.com\\\/inicio\\\/index.php\\\/2023\\\/04\\\/26\\\/pondran-libros-en-las-estaciones-de-espera-de-los-micros-del-emtu\\\/#breadcrumb\"},\"inLanguage\":\"es\",\"potentialAction\":[{\"@type\":\"ReadAction\",\"target\":[\"https:\\\/\\\/diariotextual.com\\\/inicio\\\/index.php\\\/2023\\\/04\\\/26\\\/pondran-libros-en-las-estaciones-de-espera-de-los-micros-del-emtu\\\/\"]}]},{\"@type\":\"ImageObject\",\"inLanguage\":\"es\",\"@id\":\"https:\\\/\\\/diariotextual.com\\\/inicio\\\/index.php\\\/2023\\\/04\\\/26\\\/pondran-libros-en-las-estaciones-de-espera-de-los-micros-del-emtu\\\/#primaryimage\",\"url\":\"https:\\\/\\\/diariotextual.com\\\/inicio\\\/wp-content\\\/uploads\\\/2022\\\/07\\\/microsemtuparada.jpg\",\"contentUrl\":\"https:\\\/\\\/diariotextual.com\\\/inicio\\\/wp-content\\\/uploads\\\/2022\\\/07\\\/microsemtuparada.jpg\",\"width\":1280,\"height\":755},{\"@type\":\"BreadcrumbList\",\"@id\":\"https:\\\/\\\/diariotextual.com\\\/inicio\\\/index.php\\\/2023\\\/04\\\/26\\\/pondran-libros-en-las-estaciones-de-espera-de-los-micros-del-emtu\\\/#breadcrumb\",\"itemListElement\":[{\"@type\":\"ListItem\",\"position\":1,\"name\":\"Portada\",\"item\":\"https:\\\/\\\/diariotextual.com\\\/inicio\\\/\"},{\"@type\":\"ListItem\",\"position\":2,\"name\":\"Pondr\u00e1n libros en las estaciones de espera de los micros del EMTU\"}]},{\"@type\":\"WebSite\",\"@id\":\"https:\\\/\\\/diariotextual.com\\\/inicio\\\/#website\",\"url\":\"https:\\\/\\\/diariotextual.com\\\/inicio\\\/\",\"name\":\"Diario Textual\",\"description\":\"\",\"publisher\":{\"@id\":\"https:\\\/\\\/diariotextual.com\\\/inicio\\\/#organization\"},\"potentialAction\":[{\"@type\":\"SearchAction\",\"target\":{\"@type\":\"EntryPoint\",\"urlTemplate\":\"https:\\\/\\\/diariotextual.com\\\/inicio\\\/?s={search_term_string}\"},\"query-input\":{\"@type\":\"PropertyValueSpecification\",\"valueRequired\":true,\"valueName\":\"search_term_string\"}}],\"inLanguage\":\"es\"},{\"@type\":\"Organization\",\"@id\":\"https:\\\/\\\/diariotextual.com\\\/inicio\\\/#organization\",\"name\":\"Diario Textual\",\"url\":\"https:\\\/\\\/diariotextual.com\\\/inicio\\\/\",\"logo\":{\"@type\":\"ImageObject\",\"inLanguage\":\"es\",\"@id\":\"https:\\\/\\\/diariotextual.com\\\/inicio\\\/#\\\/schema\\\/logo\\\/image\\\/\",\"url\":\"https:\\\/\\\/diariotextual.com\\\/inicio\\\/wp-content\\\/uploads\\\/2023\\\/05\\\/logotextual1.jpg\",\"contentUrl\":\"https:\\\/\\\/diariotextual.com\\\/inicio\\\/wp-content\\\/uploads\\\/2023\\\/05\\\/logotextual1.jpg\",\"width\":516,\"height\":76,\"caption\":\"Diario Textual\"},\"image\":{\"@id\":\"https:\\\/\\\/diariotextual.com\\\/inicio\\\/#\\\/schema\\\/logo\\\/image\\\/\"},\"sameAs\":[\"https:\\\/\\\/www.facebook.com\\\/eltextual\",\"https:\\\/\\\/x.com\\\/eltextual\",\"http:\\\/\\\/www.instagram.com\\\/eltextual\"]},{\"@type\":\"Person\",\"@id\":\"https:\\\/\\\/diariotextual.com\\\/inicio\\\/#\\\/schema\\\/person\\\/694f60677f23c4a530867a98f22b3768\",\"name\":\"diario2\",\"image\":{\"@type\":\"ImageObject\",\"inLanguage\":\"es\",\"@id\":\"https:\\\/\\\/secure.gravatar.com\\\/avatar\\\/5a2567495ba16b852fcd8f1ed006a2e24fcace936018ed8237e95f488ad6e0a7?s=96&d=mm&r=g\",\"url\":\"https:\\\/\\\/secure.gravatar.com\\\/avatar\\\/5a2567495ba16b852fcd8f1ed006a2e24fcace936018ed8237e95f488ad6e0a7?s=96&d=mm&r=g\",\"contentUrl\":\"https:\\\/\\\/secure.gravatar.com\\\/avatar\\\/5a2567495ba16b852fcd8f1ed006a2e24fcace936018ed8237e95f488ad6e0a7?s=96&d=mm&r=g\",\"caption\":\"diario2\"},\"url\":\"https:\\\/\\\/diariotextual.com\\\/inicio\\\/index.php\\\/author\\\/diario2\\\/\"}]}<\/script>\n<!-- \/ Yoast SEO plugin. -->","yoast_head_json":{"title":"Pondr\u00e1n libros en las estaciones de espera de los micros del EMTU - Diario Textual","robots":{"index":"index","follow":"follow","max-snippet":"max-snippet:-1","max-image-preview":"max-image-preview:large","max-video-preview":"max-video-preview:-1"},"canonical":"https:\/\/diariotextual.com\/inicio\/index.php\/2023\/04\/26\/pondran-libros-en-las-estaciones-de-espera-de-los-micros-del-emtu\/","og_locale":"es_ES","og_type":"article","og_title":"Pondr\u00e1n libros en las estaciones de espera de los micros del EMTU - Diario Textual","og_description":"El Consejo de Administraci\u00f3n de la Cooperativa Popular de Electricidad (CPE) dispuso que la Biblioteca Popular Cooperativa \u201cDomingo Gentili\u201d, realizara una donaci\u00f3n de 70 libros y alrededor de 20 revistas&hellip;","og_url":"https:\/\/diariotextual.com\/inicio\/index.php\/2023\/04\/26\/pondran-libros-en-las-estaciones-de-espera-de-los-micros-del-emtu\/","og_site_name":"Diario Textual","article_publisher":"https:\/\/www.facebook.com\/eltextual","article_published_time":"2023-04-26T16:42:33+00:00","article_modified_time":"2023-04-26T16:42:35+00:00","og_image":[{"width":1280,"height":755,"url":"https:\/\/diariotextual.com\/inicio\/wp-content\/uploads\/2022\/07\/microsemtuparada.jpg","type":"image\/jpeg"}],"author":"diario2","twitter_card":"summary_large_image","twitter_creator":"@eltextual","twitter_site":"@eltextual","twitter_misc":{"Escrito por":"diario2","Tiempo de lectura":"1 minuto"},"schema":{"@context":"https:\/\/schema.org","@graph":[{"@type":"Article","@id":"https:\/\/diariotextual.com\/inicio\/index.php\/2023\/04\/26\/pondran-libros-en-las-estaciones-de-espera-de-los-micros-del-emtu\/#article","isPartOf":{"@id":"https:\/\/diariotextual.com\/inicio\/index.php\/2023\/04\/26\/pondran-libros-en-las-estaciones-de-espera-de-los-micros-del-emtu\/"},"author":{"name":"diario2","@id":"https:\/\/diariotextual.com\/inicio\/#\/schema\/person\/694f60677f23c4a530867a98f22b3768"},"headline":"Pondr\u00e1n libros en las estaciones de espera de los micros del EMTU","datePublished":"2023-04-26T16:42:33+00:00","dateModified":"2023-04-26T16:42:35+00:00","mainEntityOfPage":{"@id":"https:\/\/diariotextual.com\/inicio\/index.php\/2023\/04\/26\/pondran-libros-en-las-estaciones-de-espera-de-los-micros-del-emtu\/"},"wordCount":180,"publisher":{"@id":"https:\/\/diariotextual.com\/inicio\/#organization"},"image":{"@id":"https:\/\/diariotextual.com\/inicio\/index.php\/2023\/04\/26\/pondran-libros-en-las-estaciones-de-espera-de-los-micros-del-emtu\/#primaryimage"},"thumbnailUrl":"https:\/\/diariotextual.com\/inicio\/wp-content\/uploads\/2022\/07\/microsemtuparada.jpg","articleSection":["A - ES NOTICIA (van abajo)","SOCIEDAD"],"inLanguage":"es"},{"@type":"WebPage","@id":"https:\/\/diariotextual.com\/inicio\/index.php\/2023\/04\/26\/pondran-libros-en-las-estaciones-de-espera-de-los-micros-del-emtu\/","url":"https:\/\/diariotextual.com\/inicio\/index.php\/2023\/04\/26\/pondran-libros-en-las-estaciones-de-espera-de-los-micros-del-emtu\/","name":"Pondr\u00e1n libros en las estaciones de espera de los micros del EMTU - Diario Textual","isPartOf":{"@id":"https:\/\/diariotextual.com\/inicio\/#website"},"primaryImageOfPage":{"@id":"https:\/\/diariotextual.com\/inicio\/index.php\/2023\/04\/26\/pondran-libros-en-las-estaciones-de-espera-de-los-micros-del-emtu\/#primaryimage"},"image":{"@id":"https:\/\/diariotextual.com\/inicio\/index.php\/2023\/04\/26\/pondran-libros-en-las-estaciones-de-espera-de-los-micros-del-emtu\/#primaryimage"},"thumbnailUrl":"https:\/\/diariotextual.com\/inicio\/wp-content\/uploads\/2022\/07\/microsemtuparada.jpg","datePublished":"2023-04-26T16:42:33+00:00","dateModified":"2023-04-26T16:42:35+00:00","breadcrumb":{"@id":"https:\/\/diariotextual.com\/inicio\/index.php\/2023\/04\/26\/pondran-libros-en-las-estaciones-de-espera-de-los-micros-del-emtu\/#breadcrumb"},"inLanguage":"es","potentialAction":[{"@type":"ReadAction","target":["https:\/\/diariotextual.com\/inicio\/index.php\/2023\/04\/26\/pondran-libros-en-las-estaciones-de-espera-de-los-micros-del-emtu\/"]}]},{"@type":"ImageObject","inLanguage":"es","@id":"https:\/\/diariotextual.com\/inicio\/index.php\/2023\/04\/26\/pondran-libros-en-las-estaciones-de-espera-de-los-micros-del-emtu\/#primaryimage","url":"https:\/\/diariotextual.com\/inicio\/wp-content\/uploads\/2022\/07\/microsemtuparada.jpg","contentUrl":"https:\/\/diariotextual.com\/inicio\/wp-content\/uploads\/2022\/07\/microsemtuparada.jpg","width":1280,"height":755},{"@type":"BreadcrumbList","@id":"https:\/\/diariotextual.com\/inicio\/index.php\/2023\/04\/26\/pondran-libros-en-las-estaciones-de-espera-de-los-micros-del-emtu\/#breadcrumb","itemListElement":[{"@type":"ListItem","position":1,"name":"Portada","item":"https:\/\/diariotextual.com\/inicio\/"},{"@type":"ListItem","position":2,"name":"Pondr\u00e1n libros en las estaciones de espera de los micros del EMTU"}]},{"@type":"WebSite","@id":"https:\/\/diariotextual.com\/inicio\/#website","url":"https:\/\/diariotextual.com\/inicio\/","name":"Diario Textual","description":"","publisher":{"@id":"https:\/\/diariotextual.com\/inicio\/#organization"},"potentialAction":[{"@type":"SearchAction","target":{"@type":"EntryPoint","urlTemplate":"https:\/\/diariotextual.com\/inicio\/?s={search_term_string}"},"query-input":{"@type":"PropertyValueSpecification","valueRequired":true,"valueName":"search_term_string"}}],"inLanguage":"es"},{"@type":"Organization","@id":"https:\/\/diariotextual.com\/inicio\/#organization","name":"Diario Textual","url":"https:\/\/diariotextual.com\/inicio\/","logo":{"@type":"ImageObject","inLanguage":"es","@id":"https:\/\/diariotextual.com\/inicio\/#\/schema\/logo\/image\/","url":"https:\/\/diariotextual.com\/inicio\/wp-content\/uploads\/2023\/05\/logotextual1.jpg","contentUrl":"https:\/\/diariotextual.com\/inicio\/wp-content\/uploads\/2023\/05\/logotextual1.jpg","width":516,"height":76,"caption":"Diario Textual"},"image":{"@id":"https:\/\/diariotextual.com\/inicio\/#\/schema\/logo\/image\/"},"sameAs":["https:\/\/www.facebook.com\/eltextual","https:\/\/x.com\/eltextual","http:\/\/www.instagram.com\/eltextual"]},{"@type":"Person","@id":"https:\/\/diariotextual.com\/inicio\/#\/schema\/person\/694f60677f23c4a530867a98f22b3768","name":"diario2","image":{"@type":"ImageObject","inLanguage":"es","@id":"https:\/\/secure.gravatar.com\/avatar\/5a2567495ba16b852fcd8f1ed006a2e24fcace936018ed8237e95f488ad6e0a7?s=96&d=mm&r=g","url":"https:\/\/secure.gravatar.com\/avatar\/5a2567495ba16b852fcd8f1ed006a2e24fcace936018ed8237e95f488ad6e0a7?s=96&d=mm&r=g","contentUrl":"https:\/\/secure.gravatar.com\/avatar\/5a2567495ba16b852fcd8f1ed006a2e24fcace936018ed8237e95f488ad6e0a7?s=96&d=mm&r=g","caption":"diario2"},"url":"https:\/\/diariotextual.com\/inicio\/index.php\/author\/diario2\/"}]}},"_links":{"self":[{"href":"https:\/\/diariotextual.com\/inicio\/index.php\/wp-json\/wp\/v2\/posts\/223400","targetHints":{"allow":["GET"]}}],"collection":[{"href":"https:\/\/diariotextual.com\/inicio\/index.php\/wp-json\/wp\/v2\/posts"}],"about":[{"href":"https:\/\/diariotextual.com\/inicio\/index.php\/wp-json\/wp\/v2\/types\/post"}],"author":[{"embeddable":true,"href":"https:\/\/diariotextual.com\/inicio\/index.php\/wp-json\/wp\/v2\/users\/4"}],"replies":[{"embeddable":true,"href":"https:\/\/diariotextual.com\/inicio\/index.php\/wp-json\/wp\/v2\/comments?post=223400"}],"version-history":[{"count":1,"href":"https:\/\/diariotextual.com\/inicio\/index.php\/wp-json\/wp\/v2\/posts\/223400\/revisions"}],"predecessor-version":[{"id":223402,"href":"https:\/\/diariotextual.com\/inicio\/index.php\/wp-json\/wp\/v2\/posts\/223400\/revisions\/223402"}],"wp:featuredmedia":[{"embeddable":true,"href":"https:\/\/diariotextual.com\/inicio\/index.php\/wp-json\/wp\/v2\/media\/195416"}],"wp:attachment":[{"href":"https:\/\/diariotextual.com\/inicio\/index.php\/wp-json\/wp\/v2\/media?parent=223400"}],"wp:term":[{"taxonomy":"category","embeddable":true,"href":"https:\/\/diariotextual.com\/inicio\/index.php\/wp-json\/wp\/v2\/categories?post=223400"},{"taxonomy":"post_tag","embeddable":true,"href":"https:\/\/diariotextual.com\/inicio\/index.php\/wp-json\/wp\/v2\/tags?post=223400"}],"curies":[{"name":"wp","href":"https:\/\/api.w.org\/{rel}","templated":true}]}}