{"id":223426,"date":"2023-04-26T20:58:27","date_gmt":"2023-04-26T23:58:27","guid":{"rendered":"https:\/\/diariotextual.com\/inicio\/?p=223426"},"modified":"2023-04-26T20:58:28","modified_gmt":"2023-04-26T23:58:28","slug":"nuevo-festival-de-boxeo-en-el-club-san-martin-de-santa-rosa","status":"publish","type":"post","link":"https:\/\/diariotextual.com\/inicio\/index.php\/2023\/04\/26\/nuevo-festival-de-boxeo-en-el-club-san-martin-de-santa-rosa\/","title":{"rendered":"Nuevo festival de boxeo en el Club San Mart\u00edn de Santa Rosa"},"content":{"rendered":"\n<p>Con el auspicio de la Subsecretar\u00eda de Deportes, Recreaci\u00f3n y Turismo del Ministerio de Desarrollo Social, el Club San Mart\u00edn de Santa Rosa ser\u00e1 escenario, este viernes, de la <strong>velada \u201cDe Rusia con pasi\u00f3n\u201d<\/strong>, con transmisi\u00f3n de la Televisi\u00f3n P\u00fablica Pampeana a partir de las 22.<\/p>\n\n\n\n<p>Ser\u00e1n, en total seis peleas. En la de fondo, el santarrose\u00f1o Sergio \u201cRuso\u201d Gil (20-14-2; 13 KO) enfrentar\u00e1 al bonaerense Cristian Rodrigo Gonz\u00e1lez (11-15-1; 6 KO) a seis asaltos de tres minutos por uno de descanso.\u00a0Por su parte, las de aficionados ser\u00e1n Sergio Ledesma &#8211;\u00a0Gast\u00f3n Di Caro, Cielo Urd\u00e1niz &#8211;\u00a0Luz C\u00f3rdoba, Francisco Cotto &#8211;\u00a0Alberto Holzman, Richard Medina &#8211;\u00a0Cristian Andino y Santiago Mercado &#8211;\u00a0Diego Godoy.\u00a0<\/p>\n\n\n\n<p>El representante del Club San Mart\u00edn, Lucas Ovejero, destac\u00f3 \u201cel apoyo del Gobierno provincial a trav\u00e9s de la Subsecretar\u00eda de Deportes\u201d para la concreci\u00f3n de este, que ser\u00e1 el tercer festival del a\u00f1o que organice la instituci\u00f3n desde su reapertura. \u201cEsto genera una visibilidad importante para nosotros y para las actividades que se desarrollan en el club\u201d, analiz\u00f3.<\/p>\n\n\n\n<p>Por su parte, el subsecretario de Deportes, Ceferino Almud\u00e9var, reiter\u00f3 el compromiso para \u201capoyar el desarrollo del boxeo en la provincia. Estamos fomentando festivales en Santa Rosa y en el interior porque era uno de los reclamos que ten\u00edamos: que los chicos y chicas entrenaban pero no ten\u00edan donde mostrarse. Por eso fomentamos estos espacios de participaci\u00f3n\u201d. En esta l\u00ednea, adelant\u00f3 que<strong> \u201ctenemos en vista la posibilidad de que haya festivales en lugares como General Acha, Catril\u00f3, y Rancul <\/strong>y la idea de que se hagan tambi\u00e9n en otras localidades de manera sistem\u00e1tica en el a\u00f1o\u201d.<\/p>\n\n\n\n<p>\u201cEn Santa Rosa \u2013sigui\u00f3- tenemos instituciones como San Mart\u00edn, Sarmiento, el Club Argentino, que han sido lugares emblem\u00e1ticos para este deporte y la organizaci\u00f3n de festivales es una forma de ir d\u00e1ndole vida a las instalaciones\u201d. Remarc\u00f3 que <strong>\u201cel boxeo es un hito hist\u00f3rico en La Pampa<\/strong>, que vivi\u00f3\u00a0etapas de oro. Buscamos volver a acercarnos a ese momento hist\u00f3rico generando festivales de calidad que, por otro lado, permiten que los clubes obtengan fondos para reinvertir despu\u00e9s en materiales o infraestructura para los entrenamientos\u201d.<\/p>\n\n\n\n<p><strong>\u201cSomos conscientes de que estamos en un camino de recuperaci\u00f3n<\/strong>\u201d de la disciplina en la provincia, indic\u00f3, pero advirti\u00f3 que \u201ctampoco tenemos que olvidarnos de que pasaron momentos duros. Por eso seguimos apuntando a generar estos espacios para que nuestros boxeadores y boxeadoras se muestren\u201d, concluy\u00f3.<\/p>\n","protected":false},"excerpt":{"rendered":"<p>Con el auspicio de la Subsecretar\u00eda de Deportes, Recreaci\u00f3n y Turismo del Ministerio de Desarrollo Social, el Club San Mart\u00edn de Santa Rosa ser\u00e1 escenario, este viernes, de la velada&hellip;<\/p>\n","protected":false},"author":4,"featured_media":223429,"comment_status":"closed","ping_status":"open","sticky":false,"template":"","format":"standard","meta":{"_acf_changed":false,"footnotes":""},"categories":[1,3],"tags":[],"class_list":["post-223426","post","type-post","status-publish","format-standard","has-post-thumbnail","hentry","category-es-noticia","category-deportes"],"acf":[],"yoast_head":"<!-- This site is optimized with the Yoast SEO plugin v27.5 - https:\/\/yoast.com\/product\/yoast-seo-wordpress\/ -->\n<title>Nuevo festival de boxeo en el Club San Mart\u00edn de Santa Rosa - Diario Textual<\/title>\n<meta name=\"robots\" content=\"index, follow, max-snippet:-1, max-image-preview:large, max-video-preview:-1\" \/>\n<link rel=\"canonical\" href=\"https:\/\/diariotextual.com\/inicio\/index.php\/2023\/04\/26\/nuevo-festival-de-boxeo-en-el-club-san-martin-de-santa-rosa\/\" \/>\n<meta property=\"og:locale\" content=\"es_ES\" \/>\n<meta property=\"og:type\" content=\"article\" \/>\n<meta property=\"og:title\" content=\"Nuevo festival de boxeo en el Club San Mart\u00edn de Santa Rosa - Diario Textual\" \/>\n<meta property=\"og:description\" content=\"Con el auspicio de la Subsecretar\u00eda de Deportes, Recreaci\u00f3n y Turismo del Ministerio de Desarrollo Social, el Club San Mart\u00edn de Santa Rosa ser\u00e1 escenario, este viernes, de la velada&hellip;\" \/>\n<meta property=\"og:url\" content=\"https:\/\/diariotextual.com\/inicio\/index.php\/2023\/04\/26\/nuevo-festival-de-boxeo-en-el-club-san-martin-de-santa-rosa\/\" \/>\n<meta property=\"og:site_name\" content=\"Diario Textual\" \/>\n<meta property=\"article:publisher\" content=\"https:\/\/www.facebook.com\/eltextual\" \/>\n<meta property=\"article:published_time\" content=\"2023-04-26T23:58:27+00:00\" \/>\n<meta property=\"article:modified_time\" content=\"2023-04-26T23:58:28+00:00\" \/>\n<meta property=\"og:image\" content=\"https:\/\/diariotextual.com\/inicio\/wp-content\/uploads\/2023\/04\/boxeosanmartin2333.jpg\" \/>\n\t<meta property=\"og:image:width\" content=\"1281\" \/>\n\t<meta property=\"og:image:height\" content=\"703\" \/>\n\t<meta property=\"og:image:type\" content=\"image\/jpeg\" \/>\n<meta name=\"author\" content=\"diario2\" \/>\n<meta name=\"twitter:card\" content=\"summary_large_image\" \/>\n<meta name=\"twitter:creator\" content=\"@eltextual\" \/>\n<meta name=\"twitter:site\" content=\"@eltextual\" \/>\n<meta name=\"twitter:label1\" content=\"Escrito por\" \/>\n\t<meta name=\"twitter:data1\" content=\"diario2\" \/>\n\t<meta name=\"twitter:label2\" content=\"Tiempo de lectura\" \/>\n\t<meta name=\"twitter:data2\" content=\"2 minutos\" \/>\n<script type=\"application\/ld+json\" class=\"yoast-schema-graph\">{\"@context\":\"https:\\\/\\\/schema.org\",\"@graph\":[{\"@type\":\"Article\",\"@id\":\"https:\\\/\\\/diariotextual.com\\\/inicio\\\/index.php\\\/2023\\\/04\\\/26\\\/nuevo-festival-de-boxeo-en-el-club-san-martin-de-santa-rosa\\\/#article\",\"isPartOf\":{\"@id\":\"https:\\\/\\\/diariotextual.com\\\/inicio\\\/index.php\\\/2023\\\/04\\\/26\\\/nuevo-festival-de-boxeo-en-el-club-san-martin-de-santa-rosa\\\/\"},\"author\":{\"name\":\"diario2\",\"@id\":\"https:\\\/\\\/diariotextual.com\\\/inicio\\\/#\\\/schema\\\/person\\\/694f60677f23c4a530867a98f22b3768\"},\"headline\":\"Nuevo festival de boxeo en el Club San Mart\u00edn de Santa Rosa\",\"datePublished\":\"2023-04-26T23:58:27+00:00\",\"dateModified\":\"2023-04-26T23:58:28+00:00\",\"mainEntityOfPage\":{\"@id\":\"https:\\\/\\\/diariotextual.com\\\/inicio\\\/index.php\\\/2023\\\/04\\\/26\\\/nuevo-festival-de-boxeo-en-el-club-san-martin-de-santa-rosa\\\/\"},\"wordCount\":449,\"publisher\":{\"@id\":\"https:\\\/\\\/diariotextual.com\\\/inicio\\\/#organization\"},\"image\":{\"@id\":\"https:\\\/\\\/diariotextual.com\\\/inicio\\\/index.php\\\/2023\\\/04\\\/26\\\/nuevo-festival-de-boxeo-en-el-club-san-martin-de-santa-rosa\\\/#primaryimage\"},\"thumbnailUrl\":\"https:\\\/\\\/diariotextual.com\\\/inicio\\\/wp-content\\\/uploads\\\/2023\\\/04\\\/boxeosanmartin2333.jpg\",\"articleSection\":[\"A - ES NOTICIA (van abajo)\",\"DEPORTES\"],\"inLanguage\":\"es\"},{\"@type\":\"WebPage\",\"@id\":\"https:\\\/\\\/diariotextual.com\\\/inicio\\\/index.php\\\/2023\\\/04\\\/26\\\/nuevo-festival-de-boxeo-en-el-club-san-martin-de-santa-rosa\\\/\",\"url\":\"https:\\\/\\\/diariotextual.com\\\/inicio\\\/index.php\\\/2023\\\/04\\\/26\\\/nuevo-festival-de-boxeo-en-el-club-san-martin-de-santa-rosa\\\/\",\"name\":\"Nuevo festival de boxeo en el Club San Mart\u00edn de Santa Rosa - Diario Textual\",\"isPartOf\":{\"@id\":\"https:\\\/\\\/diariotextual.com\\\/inicio\\\/#website\"},\"primaryImageOfPage\":{\"@id\":\"https:\\\/\\\/diariotextual.com\\\/inicio\\\/index.php\\\/2023\\\/04\\\/26\\\/nuevo-festival-de-boxeo-en-el-club-san-martin-de-santa-rosa\\\/#primaryimage\"},\"image\":{\"@id\":\"https:\\\/\\\/diariotextual.com\\\/inicio\\\/index.php\\\/2023\\\/04\\\/26\\\/nuevo-festival-de-boxeo-en-el-club-san-martin-de-santa-rosa\\\/#primaryimage\"},\"thumbnailUrl\":\"https:\\\/\\\/diariotextual.com\\\/inicio\\\/wp-content\\\/uploads\\\/2023\\\/04\\\/boxeosanmartin2333.jpg\",\"datePublished\":\"2023-04-26T23:58:27+00:00\",\"dateModified\":\"2023-04-26T23:58:28+00:00\",\"breadcrumb\":{\"@id\":\"https:\\\/\\\/diariotextual.com\\\/inicio\\\/index.php\\\/2023\\\/04\\\/26\\\/nuevo-festival-de-boxeo-en-el-club-san-martin-de-santa-rosa\\\/#breadcrumb\"},\"inLanguage\":\"es\",\"potentialAction\":[{\"@type\":\"ReadAction\",\"target\":[\"https:\\\/\\\/diariotextual.com\\\/inicio\\\/index.php\\\/2023\\\/04\\\/26\\\/nuevo-festival-de-boxeo-en-el-club-san-martin-de-santa-rosa\\\/\"]}]},{\"@type\":\"ImageObject\",\"inLanguage\":\"es\",\"@id\":\"https:\\\/\\\/diariotextual.com\\\/inicio\\\/index.php\\\/2023\\\/04\\\/26\\\/nuevo-festival-de-boxeo-en-el-club-san-martin-de-santa-rosa\\\/#primaryimage\",\"url\":\"https:\\\/\\\/diariotextual.com\\\/inicio\\\/wp-content\\\/uploads\\\/2023\\\/04\\\/boxeosanmartin2333.jpg\",\"contentUrl\":\"https:\\\/\\\/diariotextual.com\\\/inicio\\\/wp-content\\\/uploads\\\/2023\\\/04\\\/boxeosanmartin2333.jpg\",\"width\":1281,\"height\":703},{\"@type\":\"BreadcrumbList\",\"@id\":\"https:\\\/\\\/diariotextual.com\\\/inicio\\\/index.php\\\/2023\\\/04\\\/26\\\/nuevo-festival-de-boxeo-en-el-club-san-martin-de-santa-rosa\\\/#breadcrumb\",\"itemListElement\":[{\"@type\":\"ListItem\",\"position\":1,\"name\":\"Portada\",\"item\":\"https:\\\/\\\/diariotextual.com\\\/inicio\\\/\"},{\"@type\":\"ListItem\",\"position\":2,\"name\":\"Nuevo festival de boxeo en el Club San Mart\u00edn de Santa Rosa\"}]},{\"@type\":\"WebSite\",\"@id\":\"https:\\\/\\\/diariotextual.com\\\/inicio\\\/#website\",\"url\":\"https:\\\/\\\/diariotextual.com\\\/inicio\\\/\",\"name\":\"Diario Textual\",\"description\":\"\",\"publisher\":{\"@id\":\"https:\\\/\\\/diariotextual.com\\\/inicio\\\/#organization\"},\"potentialAction\":[{\"@type\":\"SearchAction\",\"target\":{\"@type\":\"EntryPoint\",\"urlTemplate\":\"https:\\\/\\\/diariotextual.com\\\/inicio\\\/?s={search_term_string}\"},\"query-input\":{\"@type\":\"PropertyValueSpecification\",\"valueRequired\":true,\"valueName\":\"search_term_string\"}}],\"inLanguage\":\"es\"},{\"@type\":\"Organization\",\"@id\":\"https:\\\/\\\/diariotextual.com\\\/inicio\\\/#organization\",\"name\":\"Diario Textual\",\"url\":\"https:\\\/\\\/diariotextual.com\\\/inicio\\\/\",\"logo\":{\"@type\":\"ImageObject\",\"inLanguage\":\"es\",\"@id\":\"https:\\\/\\\/diariotextual.com\\\/inicio\\\/#\\\/schema\\\/logo\\\/image\\\/\",\"url\":\"https:\\\/\\\/diariotextual.com\\\/inicio\\\/wp-content\\\/uploads\\\/2023\\\/05\\\/logotextual1.jpg\",\"contentUrl\":\"https:\\\/\\\/diariotextual.com\\\/inicio\\\/wp-content\\\/uploads\\\/2023\\\/05\\\/logotextual1.jpg\",\"width\":516,\"height\":76,\"caption\":\"Diario Textual\"},\"image\":{\"@id\":\"https:\\\/\\\/diariotextual.com\\\/inicio\\\/#\\\/schema\\\/logo\\\/image\\\/\"},\"sameAs\":[\"https:\\\/\\\/www.facebook.com\\\/eltextual\",\"https:\\\/\\\/x.com\\\/eltextual\",\"http:\\\/\\\/www.instagram.com\\\/eltextual\"]},{\"@type\":\"Person\",\"@id\":\"https:\\\/\\\/diariotextual.com\\\/inicio\\\/#\\\/schema\\\/person\\\/694f60677f23c4a530867a98f22b3768\",\"name\":\"diario2\",\"image\":{\"@type\":\"ImageObject\",\"inLanguage\":\"es\",\"@id\":\"https:\\\/\\\/secure.gravatar.com\\\/avatar\\\/5a2567495ba16b852fcd8f1ed006a2e24fcace936018ed8237e95f488ad6e0a7?s=96&d=mm&r=g\",\"url\":\"https:\\\/\\\/secure.gravatar.com\\\/avatar\\\/5a2567495ba16b852fcd8f1ed006a2e24fcace936018ed8237e95f488ad6e0a7?s=96&d=mm&r=g\",\"contentUrl\":\"https:\\\/\\\/secure.gravatar.com\\\/avatar\\\/5a2567495ba16b852fcd8f1ed006a2e24fcace936018ed8237e95f488ad6e0a7?s=96&d=mm&r=g\",\"caption\":\"diario2\"},\"url\":\"https:\\\/\\\/diariotextual.com\\\/inicio\\\/index.php\\\/author\\\/diario2\\\/\"}]}<\/script>\n<!-- \/ Yoast SEO plugin. -->","yoast_head_json":{"title":"Nuevo festival de boxeo en el Club San Mart\u00edn de Santa Rosa - Diario Textual","robots":{"index":"index","follow":"follow","max-snippet":"max-snippet:-1","max-image-preview":"max-image-preview:large","max-video-preview":"max-video-preview:-1"},"canonical":"https:\/\/diariotextual.com\/inicio\/index.php\/2023\/04\/26\/nuevo-festival-de-boxeo-en-el-club-san-martin-de-santa-rosa\/","og_locale":"es_ES","og_type":"article","og_title":"Nuevo festival de boxeo en el Club San Mart\u00edn de Santa Rosa - Diario Textual","og_description":"Con el auspicio de la Subsecretar\u00eda de Deportes, Recreaci\u00f3n y Turismo del Ministerio de Desarrollo Social, el Club San Mart\u00edn de Santa Rosa ser\u00e1 escenario, este viernes, de la velada&hellip;","og_url":"https:\/\/diariotextual.com\/inicio\/index.php\/2023\/04\/26\/nuevo-festival-de-boxeo-en-el-club-san-martin-de-santa-rosa\/","og_site_name":"Diario Textual","article_publisher":"https:\/\/www.facebook.com\/eltextual","article_published_time":"2023-04-26T23:58:27+00:00","article_modified_time":"2023-04-26T23:58:28+00:00","og_image":[{"width":1281,"height":703,"url":"https:\/\/diariotextual.com\/inicio\/wp-content\/uploads\/2023\/04\/boxeosanmartin2333.jpg","type":"image\/jpeg"}],"author":"diario2","twitter_card":"summary_large_image","twitter_creator":"@eltextual","twitter_site":"@eltextual","twitter_misc":{"Escrito por":"diario2","Tiempo de lectura":"2 minutos"},"schema":{"@context":"https:\/\/schema.org","@graph":[{"@type":"Article","@id":"https:\/\/diariotextual.com\/inicio\/index.php\/2023\/04\/26\/nuevo-festival-de-boxeo-en-el-club-san-martin-de-santa-rosa\/#article","isPartOf":{"@id":"https:\/\/diariotextual.com\/inicio\/index.php\/2023\/04\/26\/nuevo-festival-de-boxeo-en-el-club-san-martin-de-santa-rosa\/"},"author":{"name":"diario2","@id":"https:\/\/diariotextual.com\/inicio\/#\/schema\/person\/694f60677f23c4a530867a98f22b3768"},"headline":"Nuevo festival de boxeo en el Club San Mart\u00edn de Santa Rosa","datePublished":"2023-04-26T23:58:27+00:00","dateModified":"2023-04-26T23:58:28+00:00","mainEntityOfPage":{"@id":"https:\/\/diariotextual.com\/inicio\/index.php\/2023\/04\/26\/nuevo-festival-de-boxeo-en-el-club-san-martin-de-santa-rosa\/"},"wordCount":449,"publisher":{"@id":"https:\/\/diariotextual.com\/inicio\/#organization"},"image":{"@id":"https:\/\/diariotextual.com\/inicio\/index.php\/2023\/04\/26\/nuevo-festival-de-boxeo-en-el-club-san-martin-de-santa-rosa\/#primaryimage"},"thumbnailUrl":"https:\/\/diariotextual.com\/inicio\/wp-content\/uploads\/2023\/04\/boxeosanmartin2333.jpg","articleSection":["A - ES NOTICIA (van abajo)","DEPORTES"],"inLanguage":"es"},{"@type":"WebPage","@id":"https:\/\/diariotextual.com\/inicio\/index.php\/2023\/04\/26\/nuevo-festival-de-boxeo-en-el-club-san-martin-de-santa-rosa\/","url":"https:\/\/diariotextual.com\/inicio\/index.php\/2023\/04\/26\/nuevo-festival-de-boxeo-en-el-club-san-martin-de-santa-rosa\/","name":"Nuevo festival de boxeo en el Club San Mart\u00edn de Santa Rosa - Diario Textual","isPartOf":{"@id":"https:\/\/diariotextual.com\/inicio\/#website"},"primaryImageOfPage":{"@id":"https:\/\/diariotextual.com\/inicio\/index.php\/2023\/04\/26\/nuevo-festival-de-boxeo-en-el-club-san-martin-de-santa-rosa\/#primaryimage"},"image":{"@id":"https:\/\/diariotextual.com\/inicio\/index.php\/2023\/04\/26\/nuevo-festival-de-boxeo-en-el-club-san-martin-de-santa-rosa\/#primaryimage"},"thumbnailUrl":"https:\/\/diariotextual.com\/inicio\/wp-content\/uploads\/2023\/04\/boxeosanmartin2333.jpg","datePublished":"2023-04-26T23:58:27+00:00","dateModified":"2023-04-26T23:58:28+00:00","breadcrumb":{"@id":"https:\/\/diariotextual.com\/inicio\/index.php\/2023\/04\/26\/nuevo-festival-de-boxeo-en-el-club-san-martin-de-santa-rosa\/#breadcrumb"},"inLanguage":"es","potentialAction":[{"@type":"ReadAction","target":["https:\/\/diariotextual.com\/inicio\/index.php\/2023\/04\/26\/nuevo-festival-de-boxeo-en-el-club-san-martin-de-santa-rosa\/"]}]},{"@type":"ImageObject","inLanguage":"es","@id":"https:\/\/diariotextual.com\/inicio\/index.php\/2023\/04\/26\/nuevo-festival-de-boxeo-en-el-club-san-martin-de-santa-rosa\/#primaryimage","url":"https:\/\/diariotextual.com\/inicio\/wp-content\/uploads\/2023\/04\/boxeosanmartin2333.jpg","contentUrl":"https:\/\/diariotextual.com\/inicio\/wp-content\/uploads\/2023\/04\/boxeosanmartin2333.jpg","width":1281,"height":703},{"@type":"BreadcrumbList","@id":"https:\/\/diariotextual.com\/inicio\/index.php\/2023\/04\/26\/nuevo-festival-de-boxeo-en-el-club-san-martin-de-santa-rosa\/#breadcrumb","itemListElement":[{"@type":"ListItem","position":1,"name":"Portada","item":"https:\/\/diariotextual.com\/inicio\/"},{"@type":"ListItem","position":2,"name":"Nuevo festival de boxeo en el Club San Mart\u00edn de Santa Rosa"}]},{"@type":"WebSite","@id":"https:\/\/diariotextual.com\/inicio\/#website","url":"https:\/\/diariotextual.com\/inicio\/","name":"Diario Textual","description":"","publisher":{"@id":"https:\/\/diariotextual.com\/inicio\/#organization"},"potentialAction":[{"@type":"SearchAction","target":{"@type":"EntryPoint","urlTemplate":"https:\/\/diariotextual.com\/inicio\/?s={search_term_string}"},"query-input":{"@type":"PropertyValueSpecification","valueRequired":true,"valueName":"search_term_string"}}],"inLanguage":"es"},{"@type":"Organization","@id":"https:\/\/diariotextual.com\/inicio\/#organization","name":"Diario Textual","url":"https:\/\/diariotextual.com\/inicio\/","logo":{"@type":"ImageObject","inLanguage":"es","@id":"https:\/\/diariotextual.com\/inicio\/#\/schema\/logo\/image\/","url":"https:\/\/diariotextual.com\/inicio\/wp-content\/uploads\/2023\/05\/logotextual1.jpg","contentUrl":"https:\/\/diariotextual.com\/inicio\/wp-content\/uploads\/2023\/05\/logotextual1.jpg","width":516,"height":76,"caption":"Diario Textual"},"image":{"@id":"https:\/\/diariotextual.com\/inicio\/#\/schema\/logo\/image\/"},"sameAs":["https:\/\/www.facebook.com\/eltextual","https:\/\/x.com\/eltextual","http:\/\/www.instagram.com\/eltextual"]},{"@type":"Person","@id":"https:\/\/diariotextual.com\/inicio\/#\/schema\/person\/694f60677f23c4a530867a98f22b3768","name":"diario2","image":{"@type":"ImageObject","inLanguage":"es","@id":"https:\/\/secure.gravatar.com\/avatar\/5a2567495ba16b852fcd8f1ed006a2e24fcace936018ed8237e95f488ad6e0a7?s=96&d=mm&r=g","url":"https:\/\/secure.gravatar.com\/avatar\/5a2567495ba16b852fcd8f1ed006a2e24fcace936018ed8237e95f488ad6e0a7?s=96&d=mm&r=g","contentUrl":"https:\/\/secure.gravatar.com\/avatar\/5a2567495ba16b852fcd8f1ed006a2e24fcace936018ed8237e95f488ad6e0a7?s=96&d=mm&r=g","caption":"diario2"},"url":"https:\/\/diariotextual.com\/inicio\/index.php\/author\/diario2\/"}]}},"_links":{"self":[{"href":"https:\/\/diariotextual.com\/inicio\/index.php\/wp-json\/wp\/v2\/posts\/223426","targetHints":{"allow":["GET"]}}],"collection":[{"href":"https:\/\/diariotextual.com\/inicio\/index.php\/wp-json\/wp\/v2\/posts"}],"about":[{"href":"https:\/\/diariotextual.com\/inicio\/index.php\/wp-json\/wp\/v2\/types\/post"}],"author":[{"embeddable":true,"href":"https:\/\/diariotextual.com\/inicio\/index.php\/wp-json\/wp\/v2\/users\/4"}],"replies":[{"embeddable":true,"href":"https:\/\/diariotextual.com\/inicio\/index.php\/wp-json\/wp\/v2\/comments?post=223426"}],"version-history":[{"count":2,"href":"https:\/\/diariotextual.com\/inicio\/index.php\/wp-json\/wp\/v2\/posts\/223426\/revisions"}],"predecessor-version":[{"id":223428,"href":"https:\/\/diariotextual.com\/inicio\/index.php\/wp-json\/wp\/v2\/posts\/223426\/revisions\/223428"}],"wp:featuredmedia":[{"embeddable":true,"href":"https:\/\/diariotextual.com\/inicio\/index.php\/wp-json\/wp\/v2\/media\/223429"}],"wp:attachment":[{"href":"https:\/\/diariotextual.com\/inicio\/index.php\/wp-json\/wp\/v2\/media?parent=223426"}],"wp:term":[{"taxonomy":"category","embeddable":true,"href":"https:\/\/diariotextual.com\/inicio\/index.php\/wp-json\/wp\/v2\/categories?post=223426"},{"taxonomy":"post_tag","embeddable":true,"href":"https:\/\/diariotextual.com\/inicio\/index.php\/wp-json\/wp\/v2\/tags?post=223426"}],"curies":[{"name":"wp","href":"https:\/\/api.w.org\/{rel}","templated":true}]}}