{"id":223434,"date":"2023-04-27T04:14:00","date_gmt":"2023-04-27T07:14:00","guid":{"rendered":"https:\/\/diariotextual.com\/inicio\/?p=223434"},"modified":"2023-04-27T20:03:07","modified_gmt":"2023-04-27T23:03:07","slug":"cristina-kirchner-retoma-el-centro-de-la-escena-con-un-acto-en-la-plata","status":"publish","type":"post","link":"https:\/\/diariotextual.com\/inicio\/index.php\/2023\/04\/27\/cristina-kirchner-retoma-el-centro-de-la-escena-con-un-acto-en-la-plata\/","title":{"rendered":"Cristina Kirchner retoma el centro de la escena con un acto en La Plata"},"content":{"rendered":"\n<p>Mientras la danza de posibles candidatos presidenciales del Frente de Todos no cesa, <strong>Cristina Kirchner volver\u00e1 al centro de la escena este jueves con un acto de alto impacto pol\u00edtico en La Plata<\/strong>, en donde el oficialismo espera que la vicepresidenta arroje alguna se\u00f1al que sirva para ordenar electoralmente a la tropa.<\/p>\n\n\n\n<p>A las 18 hs, la jefa del kirchnerismo encabezar\u00e1 una \u201cclase magistral\u201d en el reinaugurado Teatro Argentino de la capital bonaerense (su ciudad natal) titulada \u201c27 de abril 2003 \u2013 2023. La Argentina Circular\u201d, y lleva como subt\u00edtulo \u201cEl FMI y su hist\u00f3rica receta de inflaci\u00f3n y recesi\u00f3n; fragmentaci\u00f3n pol\u00edtica y concentraci\u00f3n econ\u00f3mica\u201d.<\/p>\n\n\n\n<p>M\u00e1s all\u00e1 de que la presentaci\u00f3n de la ex presidenta tendr\u00e1 lugar en momentos cr\u00edticos de la renegociaci\u00f3n de las metas del programa de refinanciaci\u00f3n de la deuda que lleva adelante el ministro de Econom\u00eda, Sergio Massa, se tratar\u00e1 de la primera presentaci\u00f3n p\u00fablica de la jefa del kirchnerismo luego de que el presidente Alberto Fern\u00e1ndez comunicara que no ir\u00e1 por su reelecci\u00f3n.<\/p>\n\n\n\n<p>En ese sentido, <strong>todos los flashes vuelven a posarse en Cristina Kirchner<\/strong>, quien pese a haber dicho a fines del a\u00f1o pasado que en estas elecciones no ser\u00eda \u201ccandidata a nada\u201d, viene someti\u00e9ndose a un operativo clamor de un sector del kirchnerismo para que revierta esa decisi\u00f3n, que la atribuye a una supuesta \u201cproscripci\u00f3n\u201d en su contra orquestada por el Poder Judicial.<\/p>\n\n\n\n<p>Como sea, la palabra de la vicepresidenta tiene un peso que no tiene ninguna otra figura del peronismo, y m\u00e1s a\u00fan desde el \u201crenunciamiento\u201d de Alberto Fern\u00e1ndez, por lo que se descuenta que ser\u00e1 su lapicera la que escribir\u00e1 el nombre del principal candidato con el que competir\u00e1 el Frente de Todos en las PASO.<\/p>\n\n\n\n<p>D\u00edas antes, Alberto Fern\u00e1ndez plante\u00f3 que trabaja en la democratizaci\u00f3n del Frente de Todos, y cuestion\u00f3 las designaciones a dedo de dirigentes del espacio en una clara alusi\u00f3n a la vicepresidenta.<\/p>\n\n\n\n<p>\u201cNo debe haber nadie que se\u00f1ale un candidato en el Frente de Todos\u201d, sentenci\u00f3 el mandatario, que mand\u00f3 a precalentar a la cancha a candidatos propios como Victoria Tolosa Paz para gobernadora bonaerense, y m\u00e1s t\u00edmidamente a Agust\u00edn Rossi para presidente.<\/p>\n\n\n\n<p>Uno de los nombres que m\u00e1s suena en el Frente de Todos como posible \u00abbendecido\u00bb de Cristina Kirchner es el de Sergio Massa, quien no podr\u00e1 estar en La Plata porque a esa misma hora estar\u00e1 firmando acuerdos con el Banco de Desarrollo de Am\u00e9rica Latina-CAF para concretar desembolsos por 680 millones de d\u00f3lares, en una semana cr\u00edtica por la escasez de divisas a ra\u00edz de la sequ\u00eda y la disparada del \u201cblue\u201d.<\/p>\n\n\n\n<p>Sin embargo, el l\u00edder del Frente Renovador enviar\u00e1 una delegaci\u00f3n propia para escuchar a la vicepresidenta en el Teatro Argentino. Se espera que Cristina Kirchner brinde un mensaje de apoyo a Massa en medio del torbellino financiero e inflacionario que vive la econom\u00eda, lo que algunos interpretar\u00e1n como un gui\u00f1o pol\u00edtico a las aspiraciones electorales del tigrense.<\/p>\n\n\n\n<p>El ministro de Econom\u00eda lidia con una inflaci\u00f3n indomable y la consecuente p\u00e9rdida de poder adquisitivo, por lo que su participaci\u00f3n electoral sigue siendo una inc\u00f3gnita.<\/p>\n\n\n\n<p>Un sector del kirchnerismo no abandona la idea de que se pueda \u201cromper la proscripci\u00f3n\u201d y que la vice anuncie su decisi\u00f3n de ir por un tercer mandato presidencial.<\/p>\n\n\n\n<p>El gobernador Axel Kicillof es uno de los m\u00e1s fervientes impulsores del \u201coperativo clamor\u201d, ya que necesita una boleta fuerte nacional que apuntale sus chances para retener la provincia de Buenos Aires.<\/p>\n\n\n\n<p>El ex ministro de Econom\u00eda es el candidato que mejor fideliza la base electoral de Cristina Kirchner de acuerdo a todas las encuestas, pero una candidatura no tan potente en el tramo presidencial podr\u00eda perjudicarlo ya que el corte de boleta es un fen\u00f3meno hist\u00f3ricamente limitado.<\/p>\n\n\n\n<p>Si no apareciera un candidato presidencial fuerte, el gobernador analiza desdoblar las elecciones bonaerenses respecto de las nacionales. Y no se descarta que la vicepresidenta le ordene subirse a la candidatura presidencial, un escenario que teme porque las posibilidades a nivel nacional son bastante menores a las provinciales.<\/p>\n\n\n\n<p>El embajador en Brasil, Daniel Scioli, ya est\u00e1 en campa\u00f1a como precandidato presidencial, al igual que el ministro de Interior, Eduardo \u201cWado\u201d de Pedro, y el l\u00edder del MTE y del Frente Patria Grande, Juan Grabois.<\/p>\n\n\n\n<p>El amigo del Papa Francisco no quiere saber nada con las candidaturas de Massa o de Scioli, pero se bajar\u00eda si Cristina Kirchner, Wado de Pedro o Kicillof fueran los representantes del Frente de Todos para pelear por otro turno en la Casa Rosada.<\/p>\n\n\n\n<p>La convocatoria de Cristina Kirchner en el reinaugurado Teatro Argentino tendr\u00e1 lugar a 20 a\u00f1os de la elecci\u00f3n que consagr\u00f3 a N\u00e9stor Kirchner como presidente el 27 de abril de 2003, inaugurando un ciclo pol\u00edtico que se cerr\u00f3 el 10 de diciembre de 2015 con la llegada de Mauricio Macri a la Casa Rosada. Adem\u00e1s, en ese teatro ella lanz\u00f3 su f\u00f3rmula presidencial junto a Julio Cobos en el a\u00f1o 2007.<\/p>\n\n\n\n<p>La exposici\u00f3n se enmarca en el lanzamiento de la Escuela Justicialista N\u00e9stor Kirchner, un espacio creado como \u00e1mbito de formaci\u00f3n de cuadros pol\u00edticos del kirchnerismo.<\/p>\n","protected":false},"excerpt":{"rendered":"<p>Mientras la danza de posibles candidatos presidenciales del Frente de Todos no cesa, Cristina Kirchner volver\u00e1 al centro de la escena este jueves con un acto de alto impacto pol\u00edtico&hellip;<\/p>\n","protected":false},"author":4,"featured_media":211742,"comment_status":"closed","ping_status":"open","sticky":false,"template":"","format":"standard","meta":{"_acf_changed":false,"footnotes":""},"categories":[8],"tags":[],"class_list":["post-223434","post","type-post","status-publish","format-standard","has-post-thumbnail","hentry","category-politica"],"acf":[],"yoast_head":"<!-- This site is optimized with the Yoast SEO plugin v27.5 - https:\/\/yoast.com\/product\/yoast-seo-wordpress\/ -->\n<title>Cristina Kirchner retoma el centro de la escena con un acto en La Plata - Diario Textual<\/title>\n<meta name=\"robots\" content=\"index, follow, max-snippet:-1, max-image-preview:large, max-video-preview:-1\" \/>\n<link rel=\"canonical\" href=\"https:\/\/diariotextual.com\/inicio\/index.php\/2023\/04\/27\/cristina-kirchner-retoma-el-centro-de-la-escena-con-un-acto-en-la-plata\/\" \/>\n<meta property=\"og:locale\" content=\"es_ES\" \/>\n<meta property=\"og:type\" content=\"article\" \/>\n<meta property=\"og:title\" content=\"Cristina Kirchner retoma el centro de la escena con un acto en La Plata - Diario Textual\" \/>\n<meta property=\"og:description\" content=\"Mientras la danza de posibles candidatos presidenciales del Frente de Todos no cesa, Cristina Kirchner volver\u00e1 al centro de la escena este jueves con un acto de alto impacto pol\u00edtico&hellip;\" \/>\n<meta property=\"og:url\" content=\"https:\/\/diariotextual.com\/inicio\/index.php\/2023\/04\/27\/cristina-kirchner-retoma-el-centro-de-la-escena-con-un-acto-en-la-plata\/\" \/>\n<meta property=\"og:site_name\" content=\"Diario Textual\" \/>\n<meta property=\"article:publisher\" content=\"https:\/\/www.facebook.com\/eltextual\" \/>\n<meta property=\"article:published_time\" content=\"2023-04-27T07:14:00+00:00\" \/>\n<meta property=\"article:modified_time\" content=\"2023-04-27T23:03:07+00:00\" \/>\n<meta property=\"og:image\" content=\"https:\/\/diariotextual.com\/inicio\/wp-content\/uploads\/2022\/12\/fernandezcristina2022-7003.jpg\" \/>\n\t<meta property=\"og:image:width\" content=\"1440\" \/>\n\t<meta property=\"og:image:height\" content=\"1097\" \/>\n\t<meta property=\"og:image:type\" content=\"image\/jpeg\" \/>\n<meta name=\"author\" content=\"diario2\" \/>\n<meta name=\"twitter:card\" content=\"summary_large_image\" \/>\n<meta name=\"twitter:creator\" content=\"@eltextual\" \/>\n<meta name=\"twitter:site\" content=\"@eltextual\" \/>\n<meta name=\"twitter:label1\" content=\"Escrito por\" \/>\n\t<meta name=\"twitter:data1\" content=\"diario2\" \/>\n\t<meta name=\"twitter:label2\" content=\"Tiempo de lectura\" \/>\n\t<meta name=\"twitter:data2\" content=\"4 minutos\" \/>\n<script type=\"application\/ld+json\" class=\"yoast-schema-graph\">{\"@context\":\"https:\\\/\\\/schema.org\",\"@graph\":[{\"@type\":\"Article\",\"@id\":\"https:\\\/\\\/diariotextual.com\\\/inicio\\\/index.php\\\/2023\\\/04\\\/27\\\/cristina-kirchner-retoma-el-centro-de-la-escena-con-un-acto-en-la-plata\\\/#article\",\"isPartOf\":{\"@id\":\"https:\\\/\\\/diariotextual.com\\\/inicio\\\/index.php\\\/2023\\\/04\\\/27\\\/cristina-kirchner-retoma-el-centro-de-la-escena-con-un-acto-en-la-plata\\\/\"},\"author\":{\"name\":\"diario2\",\"@id\":\"https:\\\/\\\/diariotextual.com\\\/inicio\\\/#\\\/schema\\\/person\\\/694f60677f23c4a530867a98f22b3768\"},\"headline\":\"Cristina Kirchner retoma el centro de la escena con un acto en La Plata\",\"datePublished\":\"2023-04-27T07:14:00+00:00\",\"dateModified\":\"2023-04-27T23:03:07+00:00\",\"mainEntityOfPage\":{\"@id\":\"https:\\\/\\\/diariotextual.com\\\/inicio\\\/index.php\\\/2023\\\/04\\\/27\\\/cristina-kirchner-retoma-el-centro-de-la-escena-con-un-acto-en-la-plata\\\/\"},\"wordCount\":920,\"publisher\":{\"@id\":\"https:\\\/\\\/diariotextual.com\\\/inicio\\\/#organization\"},\"image\":{\"@id\":\"https:\\\/\\\/diariotextual.com\\\/inicio\\\/index.php\\\/2023\\\/04\\\/27\\\/cristina-kirchner-retoma-el-centro-de-la-escena-con-un-acto-en-la-plata\\\/#primaryimage\"},\"thumbnailUrl\":\"https:\\\/\\\/diariotextual.com\\\/inicio\\\/wp-content\\\/uploads\\\/2022\\\/12\\\/fernandezcristina2022-7003.jpg\",\"articleSection\":[\"POLITICA\"],\"inLanguage\":\"es\"},{\"@type\":\"WebPage\",\"@id\":\"https:\\\/\\\/diariotextual.com\\\/inicio\\\/index.php\\\/2023\\\/04\\\/27\\\/cristina-kirchner-retoma-el-centro-de-la-escena-con-un-acto-en-la-plata\\\/\",\"url\":\"https:\\\/\\\/diariotextual.com\\\/inicio\\\/index.php\\\/2023\\\/04\\\/27\\\/cristina-kirchner-retoma-el-centro-de-la-escena-con-un-acto-en-la-plata\\\/\",\"name\":\"Cristina Kirchner retoma el centro de la escena con un acto en La Plata - Diario Textual\",\"isPartOf\":{\"@id\":\"https:\\\/\\\/diariotextual.com\\\/inicio\\\/#website\"},\"primaryImageOfPage\":{\"@id\":\"https:\\\/\\\/diariotextual.com\\\/inicio\\\/index.php\\\/2023\\\/04\\\/27\\\/cristina-kirchner-retoma-el-centro-de-la-escena-con-un-acto-en-la-plata\\\/#primaryimage\"},\"image\":{\"@id\":\"https:\\\/\\\/diariotextual.com\\\/inicio\\\/index.php\\\/2023\\\/04\\\/27\\\/cristina-kirchner-retoma-el-centro-de-la-escena-con-un-acto-en-la-plata\\\/#primaryimage\"},\"thumbnailUrl\":\"https:\\\/\\\/diariotextual.com\\\/inicio\\\/wp-content\\\/uploads\\\/2022\\\/12\\\/fernandezcristina2022-7003.jpg\",\"datePublished\":\"2023-04-27T07:14:00+00:00\",\"dateModified\":\"2023-04-27T23:03:07+00:00\",\"breadcrumb\":{\"@id\":\"https:\\\/\\\/diariotextual.com\\\/inicio\\\/index.php\\\/2023\\\/04\\\/27\\\/cristina-kirchner-retoma-el-centro-de-la-escena-con-un-acto-en-la-plata\\\/#breadcrumb\"},\"inLanguage\":\"es\",\"potentialAction\":[{\"@type\":\"ReadAction\",\"target\":[\"https:\\\/\\\/diariotextual.com\\\/inicio\\\/index.php\\\/2023\\\/04\\\/27\\\/cristina-kirchner-retoma-el-centro-de-la-escena-con-un-acto-en-la-plata\\\/\"]}]},{\"@type\":\"ImageObject\",\"inLanguage\":\"es\",\"@id\":\"https:\\\/\\\/diariotextual.com\\\/inicio\\\/index.php\\\/2023\\\/04\\\/27\\\/cristina-kirchner-retoma-el-centro-de-la-escena-con-un-acto-en-la-plata\\\/#primaryimage\",\"url\":\"https:\\\/\\\/diariotextual.com\\\/inicio\\\/wp-content\\\/uploads\\\/2022\\\/12\\\/fernandezcristina2022-7003.jpg\",\"contentUrl\":\"https:\\\/\\\/diariotextual.com\\\/inicio\\\/wp-content\\\/uploads\\\/2022\\\/12\\\/fernandezcristina2022-7003.jpg\",\"width\":1440,\"height\":1097},{\"@type\":\"BreadcrumbList\",\"@id\":\"https:\\\/\\\/diariotextual.com\\\/inicio\\\/index.php\\\/2023\\\/04\\\/27\\\/cristina-kirchner-retoma-el-centro-de-la-escena-con-un-acto-en-la-plata\\\/#breadcrumb\",\"itemListElement\":[{\"@type\":\"ListItem\",\"position\":1,\"name\":\"Portada\",\"item\":\"https:\\\/\\\/diariotextual.com\\\/inicio\\\/\"},{\"@type\":\"ListItem\",\"position\":2,\"name\":\"Cristina Kirchner retoma el centro de la escena con un acto en La Plata\"}]},{\"@type\":\"WebSite\",\"@id\":\"https:\\\/\\\/diariotextual.com\\\/inicio\\\/#website\",\"url\":\"https:\\\/\\\/diariotextual.com\\\/inicio\\\/\",\"name\":\"Diario Textual\",\"description\":\"\",\"publisher\":{\"@id\":\"https:\\\/\\\/diariotextual.com\\\/inicio\\\/#organization\"},\"potentialAction\":[{\"@type\":\"SearchAction\",\"target\":{\"@type\":\"EntryPoint\",\"urlTemplate\":\"https:\\\/\\\/diariotextual.com\\\/inicio\\\/?s={search_term_string}\"},\"query-input\":{\"@type\":\"PropertyValueSpecification\",\"valueRequired\":true,\"valueName\":\"search_term_string\"}}],\"inLanguage\":\"es\"},{\"@type\":\"Organization\",\"@id\":\"https:\\\/\\\/diariotextual.com\\\/inicio\\\/#organization\",\"name\":\"Diario Textual\",\"url\":\"https:\\\/\\\/diariotextual.com\\\/inicio\\\/\",\"logo\":{\"@type\":\"ImageObject\",\"inLanguage\":\"es\",\"@id\":\"https:\\\/\\\/diariotextual.com\\\/inicio\\\/#\\\/schema\\\/logo\\\/image\\\/\",\"url\":\"https:\\\/\\\/diariotextual.com\\\/inicio\\\/wp-content\\\/uploads\\\/2023\\\/05\\\/logotextual1.jpg\",\"contentUrl\":\"https:\\\/\\\/diariotextual.com\\\/inicio\\\/wp-content\\\/uploads\\\/2023\\\/05\\\/logotextual1.jpg\",\"width\":516,\"height\":76,\"caption\":\"Diario Textual\"},\"image\":{\"@id\":\"https:\\\/\\\/diariotextual.com\\\/inicio\\\/#\\\/schema\\\/logo\\\/image\\\/\"},\"sameAs\":[\"https:\\\/\\\/www.facebook.com\\\/eltextual\",\"https:\\\/\\\/x.com\\\/eltextual\",\"http:\\\/\\\/www.instagram.com\\\/eltextual\"]},{\"@type\":\"Person\",\"@id\":\"https:\\\/\\\/diariotextual.com\\\/inicio\\\/#\\\/schema\\\/person\\\/694f60677f23c4a530867a98f22b3768\",\"name\":\"diario2\",\"image\":{\"@type\":\"ImageObject\",\"inLanguage\":\"es\",\"@id\":\"https:\\\/\\\/secure.gravatar.com\\\/avatar\\\/5a2567495ba16b852fcd8f1ed006a2e24fcace936018ed8237e95f488ad6e0a7?s=96&d=mm&r=g\",\"url\":\"https:\\\/\\\/secure.gravatar.com\\\/avatar\\\/5a2567495ba16b852fcd8f1ed006a2e24fcace936018ed8237e95f488ad6e0a7?s=96&d=mm&r=g\",\"contentUrl\":\"https:\\\/\\\/secure.gravatar.com\\\/avatar\\\/5a2567495ba16b852fcd8f1ed006a2e24fcace936018ed8237e95f488ad6e0a7?s=96&d=mm&r=g\",\"caption\":\"diario2\"},\"url\":\"https:\\\/\\\/diariotextual.com\\\/inicio\\\/index.php\\\/author\\\/diario2\\\/\"}]}<\/script>\n<!-- \/ Yoast SEO plugin. -->","yoast_head_json":{"title":"Cristina Kirchner retoma el centro de la escena con un acto en La Plata - Diario Textual","robots":{"index":"index","follow":"follow","max-snippet":"max-snippet:-1","max-image-preview":"max-image-preview:large","max-video-preview":"max-video-preview:-1"},"canonical":"https:\/\/diariotextual.com\/inicio\/index.php\/2023\/04\/27\/cristina-kirchner-retoma-el-centro-de-la-escena-con-un-acto-en-la-plata\/","og_locale":"es_ES","og_type":"article","og_title":"Cristina Kirchner retoma el centro de la escena con un acto en La Plata - Diario Textual","og_description":"Mientras la danza de posibles candidatos presidenciales del Frente de Todos no cesa, Cristina Kirchner volver\u00e1 al centro de la escena este jueves con un acto de alto impacto pol\u00edtico&hellip;","og_url":"https:\/\/diariotextual.com\/inicio\/index.php\/2023\/04\/27\/cristina-kirchner-retoma-el-centro-de-la-escena-con-un-acto-en-la-plata\/","og_site_name":"Diario Textual","article_publisher":"https:\/\/www.facebook.com\/eltextual","article_published_time":"2023-04-27T07:14:00+00:00","article_modified_time":"2023-04-27T23:03:07+00:00","og_image":[{"width":1440,"height":1097,"url":"https:\/\/diariotextual.com\/inicio\/wp-content\/uploads\/2022\/12\/fernandezcristina2022-7003.jpg","type":"image\/jpeg"}],"author":"diario2","twitter_card":"summary_large_image","twitter_creator":"@eltextual","twitter_site":"@eltextual","twitter_misc":{"Escrito por":"diario2","Tiempo de lectura":"4 minutos"},"schema":{"@context":"https:\/\/schema.org","@graph":[{"@type":"Article","@id":"https:\/\/diariotextual.com\/inicio\/index.php\/2023\/04\/27\/cristina-kirchner-retoma-el-centro-de-la-escena-con-un-acto-en-la-plata\/#article","isPartOf":{"@id":"https:\/\/diariotextual.com\/inicio\/index.php\/2023\/04\/27\/cristina-kirchner-retoma-el-centro-de-la-escena-con-un-acto-en-la-plata\/"},"author":{"name":"diario2","@id":"https:\/\/diariotextual.com\/inicio\/#\/schema\/person\/694f60677f23c4a530867a98f22b3768"},"headline":"Cristina Kirchner retoma el centro de la escena con un acto en La Plata","datePublished":"2023-04-27T07:14:00+00:00","dateModified":"2023-04-27T23:03:07+00:00","mainEntityOfPage":{"@id":"https:\/\/diariotextual.com\/inicio\/index.php\/2023\/04\/27\/cristina-kirchner-retoma-el-centro-de-la-escena-con-un-acto-en-la-plata\/"},"wordCount":920,"publisher":{"@id":"https:\/\/diariotextual.com\/inicio\/#organization"},"image":{"@id":"https:\/\/diariotextual.com\/inicio\/index.php\/2023\/04\/27\/cristina-kirchner-retoma-el-centro-de-la-escena-con-un-acto-en-la-plata\/#primaryimage"},"thumbnailUrl":"https:\/\/diariotextual.com\/inicio\/wp-content\/uploads\/2022\/12\/fernandezcristina2022-7003.jpg","articleSection":["POLITICA"],"inLanguage":"es"},{"@type":"WebPage","@id":"https:\/\/diariotextual.com\/inicio\/index.php\/2023\/04\/27\/cristina-kirchner-retoma-el-centro-de-la-escena-con-un-acto-en-la-plata\/","url":"https:\/\/diariotextual.com\/inicio\/index.php\/2023\/04\/27\/cristina-kirchner-retoma-el-centro-de-la-escena-con-un-acto-en-la-plata\/","name":"Cristina Kirchner retoma el centro de la escena con un acto en La Plata - Diario Textual","isPartOf":{"@id":"https:\/\/diariotextual.com\/inicio\/#website"},"primaryImageOfPage":{"@id":"https:\/\/diariotextual.com\/inicio\/index.php\/2023\/04\/27\/cristina-kirchner-retoma-el-centro-de-la-escena-con-un-acto-en-la-plata\/#primaryimage"},"image":{"@id":"https:\/\/diariotextual.com\/inicio\/index.php\/2023\/04\/27\/cristina-kirchner-retoma-el-centro-de-la-escena-con-un-acto-en-la-plata\/#primaryimage"},"thumbnailUrl":"https:\/\/diariotextual.com\/inicio\/wp-content\/uploads\/2022\/12\/fernandezcristina2022-7003.jpg","datePublished":"2023-04-27T07:14:00+00:00","dateModified":"2023-04-27T23:03:07+00:00","breadcrumb":{"@id":"https:\/\/diariotextual.com\/inicio\/index.php\/2023\/04\/27\/cristina-kirchner-retoma-el-centro-de-la-escena-con-un-acto-en-la-plata\/#breadcrumb"},"inLanguage":"es","potentialAction":[{"@type":"ReadAction","target":["https:\/\/diariotextual.com\/inicio\/index.php\/2023\/04\/27\/cristina-kirchner-retoma-el-centro-de-la-escena-con-un-acto-en-la-plata\/"]}]},{"@type":"ImageObject","inLanguage":"es","@id":"https:\/\/diariotextual.com\/inicio\/index.php\/2023\/04\/27\/cristina-kirchner-retoma-el-centro-de-la-escena-con-un-acto-en-la-plata\/#primaryimage","url":"https:\/\/diariotextual.com\/inicio\/wp-content\/uploads\/2022\/12\/fernandezcristina2022-7003.jpg","contentUrl":"https:\/\/diariotextual.com\/inicio\/wp-content\/uploads\/2022\/12\/fernandezcristina2022-7003.jpg","width":1440,"height":1097},{"@type":"BreadcrumbList","@id":"https:\/\/diariotextual.com\/inicio\/index.php\/2023\/04\/27\/cristina-kirchner-retoma-el-centro-de-la-escena-con-un-acto-en-la-plata\/#breadcrumb","itemListElement":[{"@type":"ListItem","position":1,"name":"Portada","item":"https:\/\/diariotextual.com\/inicio\/"},{"@type":"ListItem","position":2,"name":"Cristina Kirchner retoma el centro de la escena con un acto en La Plata"}]},{"@type":"WebSite","@id":"https:\/\/diariotextual.com\/inicio\/#website","url":"https:\/\/diariotextual.com\/inicio\/","name":"Diario Textual","description":"","publisher":{"@id":"https:\/\/diariotextual.com\/inicio\/#organization"},"potentialAction":[{"@type":"SearchAction","target":{"@type":"EntryPoint","urlTemplate":"https:\/\/diariotextual.com\/inicio\/?s={search_term_string}"},"query-input":{"@type":"PropertyValueSpecification","valueRequired":true,"valueName":"search_term_string"}}],"inLanguage":"es"},{"@type":"Organization","@id":"https:\/\/diariotextual.com\/inicio\/#organization","name":"Diario Textual","url":"https:\/\/diariotextual.com\/inicio\/","logo":{"@type":"ImageObject","inLanguage":"es","@id":"https:\/\/diariotextual.com\/inicio\/#\/schema\/logo\/image\/","url":"https:\/\/diariotextual.com\/inicio\/wp-content\/uploads\/2023\/05\/logotextual1.jpg","contentUrl":"https:\/\/diariotextual.com\/inicio\/wp-content\/uploads\/2023\/05\/logotextual1.jpg","width":516,"height":76,"caption":"Diario Textual"},"image":{"@id":"https:\/\/diariotextual.com\/inicio\/#\/schema\/logo\/image\/"},"sameAs":["https:\/\/www.facebook.com\/eltextual","https:\/\/x.com\/eltextual","http:\/\/www.instagram.com\/eltextual"]},{"@type":"Person","@id":"https:\/\/diariotextual.com\/inicio\/#\/schema\/person\/694f60677f23c4a530867a98f22b3768","name":"diario2","image":{"@type":"ImageObject","inLanguage":"es","@id":"https:\/\/secure.gravatar.com\/avatar\/5a2567495ba16b852fcd8f1ed006a2e24fcace936018ed8237e95f488ad6e0a7?s=96&d=mm&r=g","url":"https:\/\/secure.gravatar.com\/avatar\/5a2567495ba16b852fcd8f1ed006a2e24fcace936018ed8237e95f488ad6e0a7?s=96&d=mm&r=g","contentUrl":"https:\/\/secure.gravatar.com\/avatar\/5a2567495ba16b852fcd8f1ed006a2e24fcace936018ed8237e95f488ad6e0a7?s=96&d=mm&r=g","caption":"diario2"},"url":"https:\/\/diariotextual.com\/inicio\/index.php\/author\/diario2\/"}]}},"_links":{"self":[{"href":"https:\/\/diariotextual.com\/inicio\/index.php\/wp-json\/wp\/v2\/posts\/223434","targetHints":{"allow":["GET"]}}],"collection":[{"href":"https:\/\/diariotextual.com\/inicio\/index.php\/wp-json\/wp\/v2\/posts"}],"about":[{"href":"https:\/\/diariotextual.com\/inicio\/index.php\/wp-json\/wp\/v2\/types\/post"}],"author":[{"embeddable":true,"href":"https:\/\/diariotextual.com\/inicio\/index.php\/wp-json\/wp\/v2\/users\/4"}],"replies":[{"embeddable":true,"href":"https:\/\/diariotextual.com\/inicio\/index.php\/wp-json\/wp\/v2\/comments?post=223434"}],"version-history":[{"count":3,"href":"https:\/\/diariotextual.com\/inicio\/index.php\/wp-json\/wp\/v2\/posts\/223434\/revisions"}],"predecessor-version":[{"id":223437,"href":"https:\/\/diariotextual.com\/inicio\/index.php\/wp-json\/wp\/v2\/posts\/223434\/revisions\/223437"}],"wp:featuredmedia":[{"embeddable":true,"href":"https:\/\/diariotextual.com\/inicio\/index.php\/wp-json\/wp\/v2\/media\/211742"}],"wp:attachment":[{"href":"https:\/\/diariotextual.com\/inicio\/index.php\/wp-json\/wp\/v2\/media?parent=223434"}],"wp:term":[{"taxonomy":"category","embeddable":true,"href":"https:\/\/diariotextual.com\/inicio\/index.php\/wp-json\/wp\/v2\/categories?post=223434"},{"taxonomy":"post_tag","embeddable":true,"href":"https:\/\/diariotextual.com\/inicio\/index.php\/wp-json\/wp\/v2\/tags?post=223434"}],"curies":[{"name":"wp","href":"https:\/\/api.w.org\/{rel}","templated":true}]}}