{"id":223450,"date":"2023-04-27T07:38:00","date_gmt":"2023-04-27T10:38:00","guid":{"rendered":"https:\/\/diariotextual.com\/inicio\/?p=223450"},"modified":"2023-04-27T07:38:02","modified_gmt":"2023-04-27T10:38:02","slug":"cuantos-feriados-xxl-quedan","status":"publish","type":"post","link":"https:\/\/diariotextual.com\/inicio\/index.php\/2023\/04\/27\/cuantos-feriados-xxl-quedan\/","title":{"rendered":"Cu\u00e1ntos feriados XXL quedan"},"content":{"rendered":"\n<p>Pese a que el pr\u00f3ximo <strong>feriado es el\u00a0D\u00eda del Trabajador<\/strong>, mayo tendr\u00e1 un\u00a0fin de semana XXL, situaci\u00f3n que se repetir\u00e1 tambi\u00e9n en junio. Luego, el pr\u00f3ximo descanso de estas caracter\u00edsticas ser\u00e1 reci\u00e9n en octubre.<\/p>\n\n\n\n<p>El quinto mes del a\u00f1o contar\u00e1 con <strong>dos fines de semana largo<\/strong>: el 1\u00b0 de mayo, que cae lunes, por lo que se suma al descanso de s\u00e1bado y domingo; al igual que el del\u00a02<strong>5 de mayo<\/strong>, que cae jueves. Como el viernes 26 se declar\u00f3\u00a0feriado con fines tur\u00edsticos, se forma as\u00ed un fin de semana de cuatro d\u00edas.<\/p>\n\n\n\n<p>De acuerdo con el calendario establecido por el Gobierno nacional, en junio suceder\u00e1 algo similar, ya que se juntan en un mismo fin de semana el <strong>17, que conmemora el paso a la inmortalidad del general Mart\u00edn Miguel de G\u00fcemes y el 20 de junio, conocido como\u00a0D\u00eda de la Bandera<\/strong>, en memoria de la muerte de Juan Manuel Belgrano. As\u00ed, el Ejecutivo decidi\u00f3 declarar el 19 como puente y, de esta manera, se conform\u00f3 otro fin de semana extra largo.<\/p>\n\n\n\n<p>Estas fechas coinciden con los plazos que establecidos por el&nbsp;Ministerio de Turismo&nbsp;para viajar con el beneficio del&nbsp;PreViaje 4, por lo que todos los que hayan comprado paquetes tur\u00edsticos para estos dos fines de semana y hayan cargado sus comprobantes en tiempo y forma contar\u00e1n con el reintegro del 50% del monto que pagaron.<\/p>\n\n\n\n<p>Aunque estos dos descansos se dar\u00e1n tan solo con un mes de diferencia,<strong> el pr\u00f3ximo de estas caracter\u00edsticas est\u00e1 previsto para el 13, 15, 14 y 16 de octubre<\/strong>, cuando se completar\u00e1 la lista de los cuatro fines de semana largos XXL, que comenz\u00f3 con los festejos de Carnaval en febrero.<\/p>\n\n\n\n<p><strong>Los dem\u00e1s fines de semana largos ser\u00e1n solo de tres d\u00edas y ser\u00e1n en agosto<\/strong>, en honor a la muerte del general Jos\u00e9 de San Mart\u00edn; en noviembre, por el D\u00eda de la Soberan\u00eda Nacional; y en diciembre, mes en el que hay establecidos dos feriados largos: el D\u00eda de la Inmaculada Concepci\u00f3n de Mar\u00eda y Navidad. Esto se debe a que, por ley, el Gobierno nacional no puede establecer m\u00e1s de tres feriados o\u00a0d\u00edas no laborables\u00a0con fines tur\u00edsticos al a\u00f1o, fechas que se establecieron en esta oportunidad el 18 de noviembre de 2022 a trav\u00e9s del decreto 764\/2022 que se public\u00f3 en el Bolet\u00edn Oficial.<\/p>\n\n\n\n<p>Pese a que el mes de<strong> julio cuenta con el feriado por el D\u00eda de la Independencia,<\/strong> esta fecha cae domingo y es uno de los que integran la lista de los <strong>\u201cferiados inamovibles\u201d<\/strong>. El cronograma tambi\u00e9n contempla d\u00edas no laborables que contempla a las personas que profesen alguna religi\u00f3n espec\u00edfica.<\/p>\n\n\n\n<p>Las personas que practiquen la religi\u00f3n isl\u00e1mica, por su parte, tendr\u00e1n contemplado el 28 de junio, por la Fiesta del Sacrificio, y el 19 de julio por el A\u00f1o Nuevo Isl\u00e1mico, tal como establece la ley N\u00b027.399. Sin embargo, estas son fechas aproximadas, puesto que se rigen por el calendario lunar.<\/p>\n\n\n\n<p>Por otro lado, quienes pertenecen a la comunidad jud\u00eda cuentan con el 16 y 17 de septiembre, por el A\u00f1o Nuevo Jud\u00edo, y el 25 del mismo mes, por el D\u00eda del Perd\u00f3n, de acuerdo con la legislaci\u00f3n vigente.<\/p>\n\n\n\n<p>Los trabajadores que no presten servicio por estas festividades religiosas contar\u00e1n con la remuneraci\u00f3n y los mismos derechos laborales como si hubieran prestado el servicio ese d\u00eda.<\/p>\n","protected":false},"excerpt":{"rendered":"<p>Pese a que el pr\u00f3ximo feriado es el\u00a0D\u00eda del Trabajador, mayo tendr\u00e1 un\u00a0fin de semana XXL, situaci\u00f3n que se repetir\u00e1 tambi\u00e9n en junio. Luego, el pr\u00f3ximo descanso de estas caracter\u00edsticas&hellip;<\/p>\n","protected":false},"author":4,"featured_media":54568,"comment_status":"closed","ping_status":"open","sticky":false,"template":"","format":"standard","meta":{"_acf_changed":false,"footnotes":""},"categories":[1,12],"tags":[],"class_list":["post-223450","post","type-post","status-publish","format-standard","has-post-thumbnail","hentry","category-es-noticia","category-sociedad"],"acf":[],"yoast_head":"<!-- This site is optimized with the Yoast SEO plugin v27.5 - https:\/\/yoast.com\/product\/yoast-seo-wordpress\/ -->\n<title>Cu\u00e1ntos feriados XXL quedan - Diario Textual<\/title>\n<meta name=\"robots\" content=\"index, follow, max-snippet:-1, max-image-preview:large, max-video-preview:-1\" \/>\n<link rel=\"canonical\" href=\"https:\/\/diariotextual.com\/inicio\/index.php\/2023\/04\/27\/cuantos-feriados-xxl-quedan\/\" \/>\n<meta property=\"og:locale\" content=\"es_ES\" \/>\n<meta property=\"og:type\" content=\"article\" \/>\n<meta property=\"og:title\" content=\"Cu\u00e1ntos feriados XXL quedan - Diario Textual\" \/>\n<meta property=\"og:description\" content=\"Pese a que el pr\u00f3ximo feriado es el\u00a0D\u00eda del Trabajador, mayo tendr\u00e1 un\u00a0fin de semana XXL, situaci\u00f3n que se repetir\u00e1 tambi\u00e9n en junio. Luego, el pr\u00f3ximo descanso de estas caracter\u00edsticas&hellip;\" \/>\n<meta property=\"og:url\" content=\"https:\/\/diariotextual.com\/inicio\/index.php\/2023\/04\/27\/cuantos-feriados-xxl-quedan\/\" \/>\n<meta property=\"og:site_name\" content=\"Diario Textual\" \/>\n<meta property=\"article:publisher\" content=\"https:\/\/www.facebook.com\/eltextual\" \/>\n<meta property=\"article:published_time\" content=\"2023-04-27T10:38:00+00:00\" \/>\n<meta property=\"article:modified_time\" content=\"2023-04-27T10:38:02+00:00\" \/>\n<meta property=\"og:image\" content=\"https:\/\/diariotextual.com\/inicio\/wp-content\/uploads\/2019\/07\/feriadoscalendario9566.jpg\" \/>\n\t<meta property=\"og:image:width\" content=\"765\" \/>\n\t<meta property=\"og:image:height\" content=\"431\" \/>\n\t<meta property=\"og:image:type\" content=\"image\/jpeg\" \/>\n<meta name=\"author\" content=\"diario2\" \/>\n<meta name=\"twitter:card\" content=\"summary_large_image\" \/>\n<meta name=\"twitter:creator\" content=\"@eltextual\" \/>\n<meta name=\"twitter:site\" content=\"@eltextual\" \/>\n<meta name=\"twitter:label1\" content=\"Escrito por\" \/>\n\t<meta name=\"twitter:data1\" content=\"diario2\" \/>\n\t<meta name=\"twitter:label2\" content=\"Tiempo de lectura\" \/>\n\t<meta name=\"twitter:data2\" content=\"3 minutos\" \/>\n<script type=\"application\/ld+json\" class=\"yoast-schema-graph\">{\"@context\":\"https:\\\/\\\/schema.org\",\"@graph\":[{\"@type\":\"Article\",\"@id\":\"https:\\\/\\\/diariotextual.com\\\/inicio\\\/index.php\\\/2023\\\/04\\\/27\\\/cuantos-feriados-xxl-quedan\\\/#article\",\"isPartOf\":{\"@id\":\"https:\\\/\\\/diariotextual.com\\\/inicio\\\/index.php\\\/2023\\\/04\\\/27\\\/cuantos-feriados-xxl-quedan\\\/\"},\"author\":{\"name\":\"diario2\",\"@id\":\"https:\\\/\\\/diariotextual.com\\\/inicio\\\/#\\\/schema\\\/person\\\/694f60677f23c4a530867a98f22b3768\"},\"headline\":\"Cu\u00e1ntos feriados XXL quedan\",\"datePublished\":\"2023-04-27T10:38:00+00:00\",\"dateModified\":\"2023-04-27T10:38:02+00:00\",\"mainEntityOfPage\":{\"@id\":\"https:\\\/\\\/diariotextual.com\\\/inicio\\\/index.php\\\/2023\\\/04\\\/27\\\/cuantos-feriados-xxl-quedan\\\/\"},\"wordCount\":603,\"publisher\":{\"@id\":\"https:\\\/\\\/diariotextual.com\\\/inicio\\\/#organization\"},\"image\":{\"@id\":\"https:\\\/\\\/diariotextual.com\\\/inicio\\\/index.php\\\/2023\\\/04\\\/27\\\/cuantos-feriados-xxl-quedan\\\/#primaryimage\"},\"thumbnailUrl\":\"https:\\\/\\\/diariotextual.com\\\/inicio\\\/wp-content\\\/uploads\\\/2019\\\/07\\\/feriadoscalendario9566.jpg\",\"articleSection\":[\"A - ES NOTICIA (van abajo)\",\"SOCIEDAD\"],\"inLanguage\":\"es\"},{\"@type\":\"WebPage\",\"@id\":\"https:\\\/\\\/diariotextual.com\\\/inicio\\\/index.php\\\/2023\\\/04\\\/27\\\/cuantos-feriados-xxl-quedan\\\/\",\"url\":\"https:\\\/\\\/diariotextual.com\\\/inicio\\\/index.php\\\/2023\\\/04\\\/27\\\/cuantos-feriados-xxl-quedan\\\/\",\"name\":\"Cu\u00e1ntos feriados XXL quedan - Diario Textual\",\"isPartOf\":{\"@id\":\"https:\\\/\\\/diariotextual.com\\\/inicio\\\/#website\"},\"primaryImageOfPage\":{\"@id\":\"https:\\\/\\\/diariotextual.com\\\/inicio\\\/index.php\\\/2023\\\/04\\\/27\\\/cuantos-feriados-xxl-quedan\\\/#primaryimage\"},\"image\":{\"@id\":\"https:\\\/\\\/diariotextual.com\\\/inicio\\\/index.php\\\/2023\\\/04\\\/27\\\/cuantos-feriados-xxl-quedan\\\/#primaryimage\"},\"thumbnailUrl\":\"https:\\\/\\\/diariotextual.com\\\/inicio\\\/wp-content\\\/uploads\\\/2019\\\/07\\\/feriadoscalendario9566.jpg\",\"datePublished\":\"2023-04-27T10:38:00+00:00\",\"dateModified\":\"2023-04-27T10:38:02+00:00\",\"breadcrumb\":{\"@id\":\"https:\\\/\\\/diariotextual.com\\\/inicio\\\/index.php\\\/2023\\\/04\\\/27\\\/cuantos-feriados-xxl-quedan\\\/#breadcrumb\"},\"inLanguage\":\"es\",\"potentialAction\":[{\"@type\":\"ReadAction\",\"target\":[\"https:\\\/\\\/diariotextual.com\\\/inicio\\\/index.php\\\/2023\\\/04\\\/27\\\/cuantos-feriados-xxl-quedan\\\/\"]}]},{\"@type\":\"ImageObject\",\"inLanguage\":\"es\",\"@id\":\"https:\\\/\\\/diariotextual.com\\\/inicio\\\/index.php\\\/2023\\\/04\\\/27\\\/cuantos-feriados-xxl-quedan\\\/#primaryimage\",\"url\":\"https:\\\/\\\/diariotextual.com\\\/inicio\\\/wp-content\\\/uploads\\\/2019\\\/07\\\/feriadoscalendario9566.jpg\",\"contentUrl\":\"https:\\\/\\\/diariotextual.com\\\/inicio\\\/wp-content\\\/uploads\\\/2019\\\/07\\\/feriadoscalendario9566.jpg\",\"width\":765,\"height\":431},{\"@type\":\"BreadcrumbList\",\"@id\":\"https:\\\/\\\/diariotextual.com\\\/inicio\\\/index.php\\\/2023\\\/04\\\/27\\\/cuantos-feriados-xxl-quedan\\\/#breadcrumb\",\"itemListElement\":[{\"@type\":\"ListItem\",\"position\":1,\"name\":\"Portada\",\"item\":\"https:\\\/\\\/diariotextual.com\\\/inicio\\\/\"},{\"@type\":\"ListItem\",\"position\":2,\"name\":\"Cu\u00e1ntos feriados XXL quedan\"}]},{\"@type\":\"WebSite\",\"@id\":\"https:\\\/\\\/diariotextual.com\\\/inicio\\\/#website\",\"url\":\"https:\\\/\\\/diariotextual.com\\\/inicio\\\/\",\"name\":\"Diario Textual\",\"description\":\"\",\"publisher\":{\"@id\":\"https:\\\/\\\/diariotextual.com\\\/inicio\\\/#organization\"},\"potentialAction\":[{\"@type\":\"SearchAction\",\"target\":{\"@type\":\"EntryPoint\",\"urlTemplate\":\"https:\\\/\\\/diariotextual.com\\\/inicio\\\/?s={search_term_string}\"},\"query-input\":{\"@type\":\"PropertyValueSpecification\",\"valueRequired\":true,\"valueName\":\"search_term_string\"}}],\"inLanguage\":\"es\"},{\"@type\":\"Organization\",\"@id\":\"https:\\\/\\\/diariotextual.com\\\/inicio\\\/#organization\",\"name\":\"Diario Textual\",\"url\":\"https:\\\/\\\/diariotextual.com\\\/inicio\\\/\",\"logo\":{\"@type\":\"ImageObject\",\"inLanguage\":\"es\",\"@id\":\"https:\\\/\\\/diariotextual.com\\\/inicio\\\/#\\\/schema\\\/logo\\\/image\\\/\",\"url\":\"https:\\\/\\\/diariotextual.com\\\/inicio\\\/wp-content\\\/uploads\\\/2023\\\/05\\\/logotextual1.jpg\",\"contentUrl\":\"https:\\\/\\\/diariotextual.com\\\/inicio\\\/wp-content\\\/uploads\\\/2023\\\/05\\\/logotextual1.jpg\",\"width\":516,\"height\":76,\"caption\":\"Diario Textual\"},\"image\":{\"@id\":\"https:\\\/\\\/diariotextual.com\\\/inicio\\\/#\\\/schema\\\/logo\\\/image\\\/\"},\"sameAs\":[\"https:\\\/\\\/www.facebook.com\\\/eltextual\",\"https:\\\/\\\/x.com\\\/eltextual\",\"http:\\\/\\\/www.instagram.com\\\/eltextual\"]},{\"@type\":\"Person\",\"@id\":\"https:\\\/\\\/diariotextual.com\\\/inicio\\\/#\\\/schema\\\/person\\\/694f60677f23c4a530867a98f22b3768\",\"name\":\"diario2\",\"image\":{\"@type\":\"ImageObject\",\"inLanguage\":\"es\",\"@id\":\"https:\\\/\\\/secure.gravatar.com\\\/avatar\\\/5a2567495ba16b852fcd8f1ed006a2e24fcace936018ed8237e95f488ad6e0a7?s=96&d=mm&r=g\",\"url\":\"https:\\\/\\\/secure.gravatar.com\\\/avatar\\\/5a2567495ba16b852fcd8f1ed006a2e24fcace936018ed8237e95f488ad6e0a7?s=96&d=mm&r=g\",\"contentUrl\":\"https:\\\/\\\/secure.gravatar.com\\\/avatar\\\/5a2567495ba16b852fcd8f1ed006a2e24fcace936018ed8237e95f488ad6e0a7?s=96&d=mm&r=g\",\"caption\":\"diario2\"},\"url\":\"https:\\\/\\\/diariotextual.com\\\/inicio\\\/index.php\\\/author\\\/diario2\\\/\"}]}<\/script>\n<!-- \/ Yoast SEO plugin. -->","yoast_head_json":{"title":"Cu\u00e1ntos feriados XXL quedan - Diario Textual","robots":{"index":"index","follow":"follow","max-snippet":"max-snippet:-1","max-image-preview":"max-image-preview:large","max-video-preview":"max-video-preview:-1"},"canonical":"https:\/\/diariotextual.com\/inicio\/index.php\/2023\/04\/27\/cuantos-feriados-xxl-quedan\/","og_locale":"es_ES","og_type":"article","og_title":"Cu\u00e1ntos feriados XXL quedan - Diario Textual","og_description":"Pese a que el pr\u00f3ximo feriado es el\u00a0D\u00eda del Trabajador, mayo tendr\u00e1 un\u00a0fin de semana XXL, situaci\u00f3n que se repetir\u00e1 tambi\u00e9n en junio. Luego, el pr\u00f3ximo descanso de estas caracter\u00edsticas&hellip;","og_url":"https:\/\/diariotextual.com\/inicio\/index.php\/2023\/04\/27\/cuantos-feriados-xxl-quedan\/","og_site_name":"Diario Textual","article_publisher":"https:\/\/www.facebook.com\/eltextual","article_published_time":"2023-04-27T10:38:00+00:00","article_modified_time":"2023-04-27T10:38:02+00:00","og_image":[{"width":765,"height":431,"url":"https:\/\/diariotextual.com\/inicio\/wp-content\/uploads\/2019\/07\/feriadoscalendario9566.jpg","type":"image\/jpeg"}],"author":"diario2","twitter_card":"summary_large_image","twitter_creator":"@eltextual","twitter_site":"@eltextual","twitter_misc":{"Escrito por":"diario2","Tiempo de lectura":"3 minutos"},"schema":{"@context":"https:\/\/schema.org","@graph":[{"@type":"Article","@id":"https:\/\/diariotextual.com\/inicio\/index.php\/2023\/04\/27\/cuantos-feriados-xxl-quedan\/#article","isPartOf":{"@id":"https:\/\/diariotextual.com\/inicio\/index.php\/2023\/04\/27\/cuantos-feriados-xxl-quedan\/"},"author":{"name":"diario2","@id":"https:\/\/diariotextual.com\/inicio\/#\/schema\/person\/694f60677f23c4a530867a98f22b3768"},"headline":"Cu\u00e1ntos feriados XXL quedan","datePublished":"2023-04-27T10:38:00+00:00","dateModified":"2023-04-27T10:38:02+00:00","mainEntityOfPage":{"@id":"https:\/\/diariotextual.com\/inicio\/index.php\/2023\/04\/27\/cuantos-feriados-xxl-quedan\/"},"wordCount":603,"publisher":{"@id":"https:\/\/diariotextual.com\/inicio\/#organization"},"image":{"@id":"https:\/\/diariotextual.com\/inicio\/index.php\/2023\/04\/27\/cuantos-feriados-xxl-quedan\/#primaryimage"},"thumbnailUrl":"https:\/\/diariotextual.com\/inicio\/wp-content\/uploads\/2019\/07\/feriadoscalendario9566.jpg","articleSection":["A - ES NOTICIA (van abajo)","SOCIEDAD"],"inLanguage":"es"},{"@type":"WebPage","@id":"https:\/\/diariotextual.com\/inicio\/index.php\/2023\/04\/27\/cuantos-feriados-xxl-quedan\/","url":"https:\/\/diariotextual.com\/inicio\/index.php\/2023\/04\/27\/cuantos-feriados-xxl-quedan\/","name":"Cu\u00e1ntos feriados XXL quedan - Diario Textual","isPartOf":{"@id":"https:\/\/diariotextual.com\/inicio\/#website"},"primaryImageOfPage":{"@id":"https:\/\/diariotextual.com\/inicio\/index.php\/2023\/04\/27\/cuantos-feriados-xxl-quedan\/#primaryimage"},"image":{"@id":"https:\/\/diariotextual.com\/inicio\/index.php\/2023\/04\/27\/cuantos-feriados-xxl-quedan\/#primaryimage"},"thumbnailUrl":"https:\/\/diariotextual.com\/inicio\/wp-content\/uploads\/2019\/07\/feriadoscalendario9566.jpg","datePublished":"2023-04-27T10:38:00+00:00","dateModified":"2023-04-27T10:38:02+00:00","breadcrumb":{"@id":"https:\/\/diariotextual.com\/inicio\/index.php\/2023\/04\/27\/cuantos-feriados-xxl-quedan\/#breadcrumb"},"inLanguage":"es","potentialAction":[{"@type":"ReadAction","target":["https:\/\/diariotextual.com\/inicio\/index.php\/2023\/04\/27\/cuantos-feriados-xxl-quedan\/"]}]},{"@type":"ImageObject","inLanguage":"es","@id":"https:\/\/diariotextual.com\/inicio\/index.php\/2023\/04\/27\/cuantos-feriados-xxl-quedan\/#primaryimage","url":"https:\/\/diariotextual.com\/inicio\/wp-content\/uploads\/2019\/07\/feriadoscalendario9566.jpg","contentUrl":"https:\/\/diariotextual.com\/inicio\/wp-content\/uploads\/2019\/07\/feriadoscalendario9566.jpg","width":765,"height":431},{"@type":"BreadcrumbList","@id":"https:\/\/diariotextual.com\/inicio\/index.php\/2023\/04\/27\/cuantos-feriados-xxl-quedan\/#breadcrumb","itemListElement":[{"@type":"ListItem","position":1,"name":"Portada","item":"https:\/\/diariotextual.com\/inicio\/"},{"@type":"ListItem","position":2,"name":"Cu\u00e1ntos feriados XXL quedan"}]},{"@type":"WebSite","@id":"https:\/\/diariotextual.com\/inicio\/#website","url":"https:\/\/diariotextual.com\/inicio\/","name":"Diario Textual","description":"","publisher":{"@id":"https:\/\/diariotextual.com\/inicio\/#organization"},"potentialAction":[{"@type":"SearchAction","target":{"@type":"EntryPoint","urlTemplate":"https:\/\/diariotextual.com\/inicio\/?s={search_term_string}"},"query-input":{"@type":"PropertyValueSpecification","valueRequired":true,"valueName":"search_term_string"}}],"inLanguage":"es"},{"@type":"Organization","@id":"https:\/\/diariotextual.com\/inicio\/#organization","name":"Diario Textual","url":"https:\/\/diariotextual.com\/inicio\/","logo":{"@type":"ImageObject","inLanguage":"es","@id":"https:\/\/diariotextual.com\/inicio\/#\/schema\/logo\/image\/","url":"https:\/\/diariotextual.com\/inicio\/wp-content\/uploads\/2023\/05\/logotextual1.jpg","contentUrl":"https:\/\/diariotextual.com\/inicio\/wp-content\/uploads\/2023\/05\/logotextual1.jpg","width":516,"height":76,"caption":"Diario Textual"},"image":{"@id":"https:\/\/diariotextual.com\/inicio\/#\/schema\/logo\/image\/"},"sameAs":["https:\/\/www.facebook.com\/eltextual","https:\/\/x.com\/eltextual","http:\/\/www.instagram.com\/eltextual"]},{"@type":"Person","@id":"https:\/\/diariotextual.com\/inicio\/#\/schema\/person\/694f60677f23c4a530867a98f22b3768","name":"diario2","image":{"@type":"ImageObject","inLanguage":"es","@id":"https:\/\/secure.gravatar.com\/avatar\/5a2567495ba16b852fcd8f1ed006a2e24fcace936018ed8237e95f488ad6e0a7?s=96&d=mm&r=g","url":"https:\/\/secure.gravatar.com\/avatar\/5a2567495ba16b852fcd8f1ed006a2e24fcace936018ed8237e95f488ad6e0a7?s=96&d=mm&r=g","contentUrl":"https:\/\/secure.gravatar.com\/avatar\/5a2567495ba16b852fcd8f1ed006a2e24fcace936018ed8237e95f488ad6e0a7?s=96&d=mm&r=g","caption":"diario2"},"url":"https:\/\/diariotextual.com\/inicio\/index.php\/author\/diario2\/"}]}},"_links":{"self":[{"href":"https:\/\/diariotextual.com\/inicio\/index.php\/wp-json\/wp\/v2\/posts\/223450","targetHints":{"allow":["GET"]}}],"collection":[{"href":"https:\/\/diariotextual.com\/inicio\/index.php\/wp-json\/wp\/v2\/posts"}],"about":[{"href":"https:\/\/diariotextual.com\/inicio\/index.php\/wp-json\/wp\/v2\/types\/post"}],"author":[{"embeddable":true,"href":"https:\/\/diariotextual.com\/inicio\/index.php\/wp-json\/wp\/v2\/users\/4"}],"replies":[{"embeddable":true,"href":"https:\/\/diariotextual.com\/inicio\/index.php\/wp-json\/wp\/v2\/comments?post=223450"}],"version-history":[{"count":1,"href":"https:\/\/diariotextual.com\/inicio\/index.php\/wp-json\/wp\/v2\/posts\/223450\/revisions"}],"predecessor-version":[{"id":223451,"href":"https:\/\/diariotextual.com\/inicio\/index.php\/wp-json\/wp\/v2\/posts\/223450\/revisions\/223451"}],"wp:featuredmedia":[{"embeddable":true,"href":"https:\/\/diariotextual.com\/inicio\/index.php\/wp-json\/wp\/v2\/media\/54568"}],"wp:attachment":[{"href":"https:\/\/diariotextual.com\/inicio\/index.php\/wp-json\/wp\/v2\/media?parent=223450"}],"wp:term":[{"taxonomy":"category","embeddable":true,"href":"https:\/\/diariotextual.com\/inicio\/index.php\/wp-json\/wp\/v2\/categories?post=223450"},{"taxonomy":"post_tag","embeddable":true,"href":"https:\/\/diariotextual.com\/inicio\/index.php\/wp-json\/wp\/v2\/tags?post=223450"}],"curies":[{"name":"wp","href":"https:\/\/api.w.org\/{rel}","templated":true}]}}