{"id":223485,"date":"2023-04-27T13:24:01","date_gmt":"2023-04-27T16:24:01","guid":{"rendered":"https:\/\/diariotextual.com\/inicio\/?p=223485"},"modified":"2023-04-27T13:24:03","modified_gmt":"2023-04-27T16:24:03","slug":"destacan-como-historica-la-eleccion-del-peronismo-universitario-en-la-unlpam","status":"publish","type":"post","link":"https:\/\/diariotextual.com\/inicio\/index.php\/2023\/04\/27\/destacan-como-historica-la-eleccion-del-peronismo-universitario-en-la-unlpam\/","title":{"rendered":"Destacan como \u201chist\u00f3rica\u201d la elecci\u00f3n del peronismo universitario en la UNLPam"},"content":{"rendered":"\n<p>En la nueva elecci\u00f3n del claustro de estudiantes en la UNLPam, el peronismo universitario, en un frente integrado por las agrupaciones Juntos Podemos (Econ\u00f3micas y Jur\u00eddicas) y Unidad Estudiantil (Ciencias Humanas) logr\u00f3 <strong>imponerse como segunda fuerza con el 36.7% por debajo de Franja Morada con 44.9%. <\/strong>Era esperado ganar en la Facultad de Humanas y fue sorpresa la victoria en Ingenier\u00eda, adem\u00e1s de los resultados en Agronom\u00eda y Exactas y Naturales.<\/p>\n\n\n\n<p>Hac\u00eda m\u00e1s de una d\u00e9cada que el peronismo no presentaba una lista al Consejo Superior, por lo que era incierto el resultado y el sistema de boleta \u00fanica oblig\u00f3 a esperar hasta los \u00faltimos minutos.<\/p>\n\n\n\n<p>Finalmente, los resultados, pasadas las 20 horas, confirmaban la obtenci\u00f3n de 2 de los 6 consejeros en disputa. Qui\u00e9nes ocupar\u00e1n estos espacios ser\u00e1n<strong> Lujan Junquera (Santa Rosa) y Al Prieto (General Pico).<\/strong><\/p>\n\n\n\n<p>A nivel facultades, tras competir en dos Centros de Estudiantes y dos Consejos Directivos, triunf\u00f3 de la mano de la agrupaci\u00f3n Unidad Estudiantil en la Facultad de Ciencias Humanas, dejando atr\u00e1s al socialismo que era conducci\u00f3n, por una amplia ventaja. En esta unidad acad\u00e9mica era la primera vez que se presentaban.<\/p>\n\n\n\n<p>En Humanas, el Centro de Estudiantes ser\u00e1 presidido por <strong>Juan Gabriel Iaconis y los consejeros directivos ser\u00e1n Guadalupe Lucero e Ivon Guti\u00e9rrez.<\/strong> En Econ\u00f3micas y Jur\u00eddicas habr\u00e1 dos representes en el Centro de Estudiantes y la consejera directiva ser\u00e1 <strong>Catalina Goedelmann.<\/strong><\/p>\n\n\n\n<p>Desde el peronismo afirmaron que<strong> se trata de una de las mejores elecciones en mucho tiempo<\/strong>, ya que se presentaron con un armado local y nuevo (es la 3\u00b0 elecci\u00f3n de Juntos Podemos y la 1\u00b0 de Unidad Estudiantil), que compite contra dos estructuras antiguas como son Franja Morada y el Movimiento Nacional Reformista (MNR), presentes en todo el pa\u00eds.<\/p>\n\n\n\n<p><\/p>\n\n\n\n<figure class=\"wp-block-embed is-type-wp-embed is-provider-diario-textual wp-block-embed-diario-textual\"><div class=\"wp-block-embed__wrapper\">\n<blockquote class=\"wp-embedded-content\" data-secret=\"Z4lWXOrUDh\"><a href=\"https:\/\/diariotextual.com\/inicio\/index.php\/2023\/04\/26\/franja-morada-la-mas-votada-de-la-unlpam\/\">Franja Morada, la m\u00e1s votada de la UNLPam<\/a><\/blockquote><iframe class=\"wp-embedded-content\" sandbox=\"allow-scripts\" security=\"restricted\" style=\"position: absolute; clip: rect(1px, 1px, 1px, 1px);\" title=\"\u00abFranja Morada, la m\u00e1s votada de la UNLPam\u00bb \u2014 Diario Textual\" src=\"https:\/\/diariotextual.com\/inicio\/index.php\/2023\/04\/26\/franja-morada-la-mas-votada-de-la-unlpam\/embed\/#?secret=BobGSHBnFA#?secret=Z4lWXOrUDh\" data-secret=\"Z4lWXOrUDh\" width=\"600\" height=\"338\" frameborder=\"0\" marginwidth=\"0\" marginheight=\"0\" scrolling=\"no\"><\/iframe>\n<\/div><\/figure>\n","protected":false},"excerpt":{"rendered":"<p>En la nueva elecci\u00f3n del claustro de estudiantes en la UNLPam, el peronismo universitario, en un frente integrado por las agrupaciones Juntos Podemos (Econ\u00f3micas y Jur\u00eddicas) y Unidad Estudiantil (Ciencias&hellip;<\/p>\n","protected":false},"author":4,"featured_media":223486,"comment_status":"closed","ping_status":"open","sticky":false,"template":"","format":"standard","meta":{"_acf_changed":false,"footnotes":""},"categories":[1,8],"tags":[],"class_list":["post-223485","post","type-post","status-publish","format-standard","has-post-thumbnail","hentry","category-es-noticia","category-politica"],"acf":[],"yoast_head":"<!-- This site is optimized with the Yoast SEO plugin v27.5 - https:\/\/yoast.com\/product\/yoast-seo-wordpress\/ -->\n<title>Destacan como \u201chist\u00f3rica\u201d la elecci\u00f3n del peronismo universitario en la UNLPam - Diario Textual<\/title>\n<meta name=\"robots\" content=\"index, follow, max-snippet:-1, max-image-preview:large, max-video-preview:-1\" \/>\n<link rel=\"canonical\" href=\"https:\/\/diariotextual.com\/inicio\/index.php\/2023\/04\/27\/destacan-como-historica-la-eleccion-del-peronismo-universitario-en-la-unlpam\/\" \/>\n<meta property=\"og:locale\" content=\"es_ES\" \/>\n<meta property=\"og:type\" content=\"article\" \/>\n<meta property=\"og:title\" content=\"Destacan como \u201chist\u00f3rica\u201d la elecci\u00f3n del peronismo universitario en la UNLPam - Diario Textual\" \/>\n<meta property=\"og:description\" content=\"En la nueva elecci\u00f3n del claustro de estudiantes en la UNLPam, el peronismo universitario, en un frente integrado por las agrupaciones Juntos Podemos (Econ\u00f3micas y Jur\u00eddicas) y Unidad Estudiantil (Ciencias&hellip;\" \/>\n<meta property=\"og:url\" content=\"https:\/\/diariotextual.com\/inicio\/index.php\/2023\/04\/27\/destacan-como-historica-la-eleccion-del-peronismo-universitario-en-la-unlpam\/\" \/>\n<meta property=\"og:site_name\" content=\"Diario Textual\" \/>\n<meta property=\"article:publisher\" content=\"https:\/\/www.facebook.com\/eltextual\" \/>\n<meta property=\"article:published_time\" content=\"2023-04-27T16:24:01+00:00\" \/>\n<meta property=\"article:modified_time\" content=\"2023-04-27T16:24:03+00:00\" \/>\n<meta property=\"og:image\" content=\"https:\/\/diariotextual.com\/inicio\/wp-content\/uploads\/2023\/04\/peronismohumanasunlpameleccion4.jpeg\" \/>\n\t<meta property=\"og:image:width\" content=\"1306\" \/>\n\t<meta property=\"og:image:height\" content=\"738\" \/>\n\t<meta property=\"og:image:type\" content=\"image\/jpeg\" \/>\n<meta name=\"author\" content=\"diario2\" \/>\n<meta name=\"twitter:card\" content=\"summary_large_image\" \/>\n<meta name=\"twitter:creator\" content=\"@eltextual\" \/>\n<meta name=\"twitter:site\" content=\"@eltextual\" \/>\n<meta name=\"twitter:label1\" content=\"Escrito por\" \/>\n\t<meta name=\"twitter:data1\" content=\"diario2\" \/>\n\t<meta name=\"twitter:label2\" content=\"Tiempo de lectura\" \/>\n\t<meta name=\"twitter:data2\" content=\"2 minutos\" \/>\n<script type=\"application\/ld+json\" class=\"yoast-schema-graph\">{\"@context\":\"https:\\\/\\\/schema.org\",\"@graph\":[{\"@type\":\"Article\",\"@id\":\"https:\\\/\\\/diariotextual.com\\\/inicio\\\/index.php\\\/2023\\\/04\\\/27\\\/destacan-como-historica-la-eleccion-del-peronismo-universitario-en-la-unlpam\\\/#article\",\"isPartOf\":{\"@id\":\"https:\\\/\\\/diariotextual.com\\\/inicio\\\/index.php\\\/2023\\\/04\\\/27\\\/destacan-como-historica-la-eleccion-del-peronismo-universitario-en-la-unlpam\\\/\"},\"author\":{\"name\":\"diario2\",\"@id\":\"https:\\\/\\\/diariotextual.com\\\/inicio\\\/#\\\/schema\\\/person\\\/694f60677f23c4a530867a98f22b3768\"},\"headline\":\"Destacan como \u201chist\u00f3rica\u201d la elecci\u00f3n del peronismo universitario en la UNLPam\",\"datePublished\":\"2023-04-27T16:24:01+00:00\",\"dateModified\":\"2023-04-27T16:24:03+00:00\",\"mainEntityOfPage\":{\"@id\":\"https:\\\/\\\/diariotextual.com\\\/inicio\\\/index.php\\\/2023\\\/04\\\/27\\\/destacan-como-historica-la-eleccion-del-peronismo-universitario-en-la-unlpam\\\/\"},\"wordCount\":326,\"publisher\":{\"@id\":\"https:\\\/\\\/diariotextual.com\\\/inicio\\\/#organization\"},\"image\":{\"@id\":\"https:\\\/\\\/diariotextual.com\\\/inicio\\\/index.php\\\/2023\\\/04\\\/27\\\/destacan-como-historica-la-eleccion-del-peronismo-universitario-en-la-unlpam\\\/#primaryimage\"},\"thumbnailUrl\":\"https:\\\/\\\/diariotextual.com\\\/inicio\\\/wp-content\\\/uploads\\\/2023\\\/04\\\/peronismohumanasunlpameleccion4.jpeg\",\"articleSection\":[\"A - ES NOTICIA (van abajo)\",\"POLITICA\"],\"inLanguage\":\"es\"},{\"@type\":\"WebPage\",\"@id\":\"https:\\\/\\\/diariotextual.com\\\/inicio\\\/index.php\\\/2023\\\/04\\\/27\\\/destacan-como-historica-la-eleccion-del-peronismo-universitario-en-la-unlpam\\\/\",\"url\":\"https:\\\/\\\/diariotextual.com\\\/inicio\\\/index.php\\\/2023\\\/04\\\/27\\\/destacan-como-historica-la-eleccion-del-peronismo-universitario-en-la-unlpam\\\/\",\"name\":\"Destacan como \u201chist\u00f3rica\u201d la elecci\u00f3n del peronismo universitario en la UNLPam - Diario Textual\",\"isPartOf\":{\"@id\":\"https:\\\/\\\/diariotextual.com\\\/inicio\\\/#website\"},\"primaryImageOfPage\":{\"@id\":\"https:\\\/\\\/diariotextual.com\\\/inicio\\\/index.php\\\/2023\\\/04\\\/27\\\/destacan-como-historica-la-eleccion-del-peronismo-universitario-en-la-unlpam\\\/#primaryimage\"},\"image\":{\"@id\":\"https:\\\/\\\/diariotextual.com\\\/inicio\\\/index.php\\\/2023\\\/04\\\/27\\\/destacan-como-historica-la-eleccion-del-peronismo-universitario-en-la-unlpam\\\/#primaryimage\"},\"thumbnailUrl\":\"https:\\\/\\\/diariotextual.com\\\/inicio\\\/wp-content\\\/uploads\\\/2023\\\/04\\\/peronismohumanasunlpameleccion4.jpeg\",\"datePublished\":\"2023-04-27T16:24:01+00:00\",\"dateModified\":\"2023-04-27T16:24:03+00:00\",\"breadcrumb\":{\"@id\":\"https:\\\/\\\/diariotextual.com\\\/inicio\\\/index.php\\\/2023\\\/04\\\/27\\\/destacan-como-historica-la-eleccion-del-peronismo-universitario-en-la-unlpam\\\/#breadcrumb\"},\"inLanguage\":\"es\",\"potentialAction\":[{\"@type\":\"ReadAction\",\"target\":[\"https:\\\/\\\/diariotextual.com\\\/inicio\\\/index.php\\\/2023\\\/04\\\/27\\\/destacan-como-historica-la-eleccion-del-peronismo-universitario-en-la-unlpam\\\/\"]}]},{\"@type\":\"ImageObject\",\"inLanguage\":\"es\",\"@id\":\"https:\\\/\\\/diariotextual.com\\\/inicio\\\/index.php\\\/2023\\\/04\\\/27\\\/destacan-como-historica-la-eleccion-del-peronismo-universitario-en-la-unlpam\\\/#primaryimage\",\"url\":\"https:\\\/\\\/diariotextual.com\\\/inicio\\\/wp-content\\\/uploads\\\/2023\\\/04\\\/peronismohumanasunlpameleccion4.jpeg\",\"contentUrl\":\"https:\\\/\\\/diariotextual.com\\\/inicio\\\/wp-content\\\/uploads\\\/2023\\\/04\\\/peronismohumanasunlpameleccion4.jpeg\",\"width\":1306,\"height\":738},{\"@type\":\"BreadcrumbList\",\"@id\":\"https:\\\/\\\/diariotextual.com\\\/inicio\\\/index.php\\\/2023\\\/04\\\/27\\\/destacan-como-historica-la-eleccion-del-peronismo-universitario-en-la-unlpam\\\/#breadcrumb\",\"itemListElement\":[{\"@type\":\"ListItem\",\"position\":1,\"name\":\"Portada\",\"item\":\"https:\\\/\\\/diariotextual.com\\\/inicio\\\/\"},{\"@type\":\"ListItem\",\"position\":2,\"name\":\"Destacan como \u201chist\u00f3rica\u201d la elecci\u00f3n del peronismo universitario en la UNLPam\"}]},{\"@type\":\"WebSite\",\"@id\":\"https:\\\/\\\/diariotextual.com\\\/inicio\\\/#website\",\"url\":\"https:\\\/\\\/diariotextual.com\\\/inicio\\\/\",\"name\":\"Diario Textual\",\"description\":\"\",\"publisher\":{\"@id\":\"https:\\\/\\\/diariotextual.com\\\/inicio\\\/#organization\"},\"potentialAction\":[{\"@type\":\"SearchAction\",\"target\":{\"@type\":\"EntryPoint\",\"urlTemplate\":\"https:\\\/\\\/diariotextual.com\\\/inicio\\\/?s={search_term_string}\"},\"query-input\":{\"@type\":\"PropertyValueSpecification\",\"valueRequired\":true,\"valueName\":\"search_term_string\"}}],\"inLanguage\":\"es\"},{\"@type\":\"Organization\",\"@id\":\"https:\\\/\\\/diariotextual.com\\\/inicio\\\/#organization\",\"name\":\"Diario Textual\",\"url\":\"https:\\\/\\\/diariotextual.com\\\/inicio\\\/\",\"logo\":{\"@type\":\"ImageObject\",\"inLanguage\":\"es\",\"@id\":\"https:\\\/\\\/diariotextual.com\\\/inicio\\\/#\\\/schema\\\/logo\\\/image\\\/\",\"url\":\"https:\\\/\\\/diariotextual.com\\\/inicio\\\/wp-content\\\/uploads\\\/2023\\\/05\\\/logotextual1.jpg\",\"contentUrl\":\"https:\\\/\\\/diariotextual.com\\\/inicio\\\/wp-content\\\/uploads\\\/2023\\\/05\\\/logotextual1.jpg\",\"width\":516,\"height\":76,\"caption\":\"Diario Textual\"},\"image\":{\"@id\":\"https:\\\/\\\/diariotextual.com\\\/inicio\\\/#\\\/schema\\\/logo\\\/image\\\/\"},\"sameAs\":[\"https:\\\/\\\/www.facebook.com\\\/eltextual\",\"https:\\\/\\\/x.com\\\/eltextual\",\"http:\\\/\\\/www.instagram.com\\\/eltextual\"]},{\"@type\":\"Person\",\"@id\":\"https:\\\/\\\/diariotextual.com\\\/inicio\\\/#\\\/schema\\\/person\\\/694f60677f23c4a530867a98f22b3768\",\"name\":\"diario2\",\"image\":{\"@type\":\"ImageObject\",\"inLanguage\":\"es\",\"@id\":\"https:\\\/\\\/secure.gravatar.com\\\/avatar\\\/5a2567495ba16b852fcd8f1ed006a2e24fcace936018ed8237e95f488ad6e0a7?s=96&d=mm&r=g\",\"url\":\"https:\\\/\\\/secure.gravatar.com\\\/avatar\\\/5a2567495ba16b852fcd8f1ed006a2e24fcace936018ed8237e95f488ad6e0a7?s=96&d=mm&r=g\",\"contentUrl\":\"https:\\\/\\\/secure.gravatar.com\\\/avatar\\\/5a2567495ba16b852fcd8f1ed006a2e24fcace936018ed8237e95f488ad6e0a7?s=96&d=mm&r=g\",\"caption\":\"diario2\"},\"url\":\"https:\\\/\\\/diariotextual.com\\\/inicio\\\/index.php\\\/author\\\/diario2\\\/\"}]}<\/script>\n<!-- \/ Yoast SEO plugin. -->","yoast_head_json":{"title":"Destacan como \u201chist\u00f3rica\u201d la elecci\u00f3n del peronismo universitario en la UNLPam - Diario Textual","robots":{"index":"index","follow":"follow","max-snippet":"max-snippet:-1","max-image-preview":"max-image-preview:large","max-video-preview":"max-video-preview:-1"},"canonical":"https:\/\/diariotextual.com\/inicio\/index.php\/2023\/04\/27\/destacan-como-historica-la-eleccion-del-peronismo-universitario-en-la-unlpam\/","og_locale":"es_ES","og_type":"article","og_title":"Destacan como \u201chist\u00f3rica\u201d la elecci\u00f3n del peronismo universitario en la UNLPam - Diario Textual","og_description":"En la nueva elecci\u00f3n del claustro de estudiantes en la UNLPam, el peronismo universitario, en un frente integrado por las agrupaciones Juntos Podemos (Econ\u00f3micas y Jur\u00eddicas) y Unidad Estudiantil (Ciencias&hellip;","og_url":"https:\/\/diariotextual.com\/inicio\/index.php\/2023\/04\/27\/destacan-como-historica-la-eleccion-del-peronismo-universitario-en-la-unlpam\/","og_site_name":"Diario Textual","article_publisher":"https:\/\/www.facebook.com\/eltextual","article_published_time":"2023-04-27T16:24:01+00:00","article_modified_time":"2023-04-27T16:24:03+00:00","og_image":[{"width":1306,"height":738,"url":"https:\/\/diariotextual.com\/inicio\/wp-content\/uploads\/2023\/04\/peronismohumanasunlpameleccion4.jpeg","type":"image\/jpeg"}],"author":"diario2","twitter_card":"summary_large_image","twitter_creator":"@eltextual","twitter_site":"@eltextual","twitter_misc":{"Escrito por":"diario2","Tiempo de lectura":"2 minutos"},"schema":{"@context":"https:\/\/schema.org","@graph":[{"@type":"Article","@id":"https:\/\/diariotextual.com\/inicio\/index.php\/2023\/04\/27\/destacan-como-historica-la-eleccion-del-peronismo-universitario-en-la-unlpam\/#article","isPartOf":{"@id":"https:\/\/diariotextual.com\/inicio\/index.php\/2023\/04\/27\/destacan-como-historica-la-eleccion-del-peronismo-universitario-en-la-unlpam\/"},"author":{"name":"diario2","@id":"https:\/\/diariotextual.com\/inicio\/#\/schema\/person\/694f60677f23c4a530867a98f22b3768"},"headline":"Destacan como \u201chist\u00f3rica\u201d la elecci\u00f3n del peronismo universitario en la UNLPam","datePublished":"2023-04-27T16:24:01+00:00","dateModified":"2023-04-27T16:24:03+00:00","mainEntityOfPage":{"@id":"https:\/\/diariotextual.com\/inicio\/index.php\/2023\/04\/27\/destacan-como-historica-la-eleccion-del-peronismo-universitario-en-la-unlpam\/"},"wordCount":326,"publisher":{"@id":"https:\/\/diariotextual.com\/inicio\/#organization"},"image":{"@id":"https:\/\/diariotextual.com\/inicio\/index.php\/2023\/04\/27\/destacan-como-historica-la-eleccion-del-peronismo-universitario-en-la-unlpam\/#primaryimage"},"thumbnailUrl":"https:\/\/diariotextual.com\/inicio\/wp-content\/uploads\/2023\/04\/peronismohumanasunlpameleccion4.jpeg","articleSection":["A - ES NOTICIA (van abajo)","POLITICA"],"inLanguage":"es"},{"@type":"WebPage","@id":"https:\/\/diariotextual.com\/inicio\/index.php\/2023\/04\/27\/destacan-como-historica-la-eleccion-del-peronismo-universitario-en-la-unlpam\/","url":"https:\/\/diariotextual.com\/inicio\/index.php\/2023\/04\/27\/destacan-como-historica-la-eleccion-del-peronismo-universitario-en-la-unlpam\/","name":"Destacan como \u201chist\u00f3rica\u201d la elecci\u00f3n del peronismo universitario en la UNLPam - Diario Textual","isPartOf":{"@id":"https:\/\/diariotextual.com\/inicio\/#website"},"primaryImageOfPage":{"@id":"https:\/\/diariotextual.com\/inicio\/index.php\/2023\/04\/27\/destacan-como-historica-la-eleccion-del-peronismo-universitario-en-la-unlpam\/#primaryimage"},"image":{"@id":"https:\/\/diariotextual.com\/inicio\/index.php\/2023\/04\/27\/destacan-como-historica-la-eleccion-del-peronismo-universitario-en-la-unlpam\/#primaryimage"},"thumbnailUrl":"https:\/\/diariotextual.com\/inicio\/wp-content\/uploads\/2023\/04\/peronismohumanasunlpameleccion4.jpeg","datePublished":"2023-04-27T16:24:01+00:00","dateModified":"2023-04-27T16:24:03+00:00","breadcrumb":{"@id":"https:\/\/diariotextual.com\/inicio\/index.php\/2023\/04\/27\/destacan-como-historica-la-eleccion-del-peronismo-universitario-en-la-unlpam\/#breadcrumb"},"inLanguage":"es","potentialAction":[{"@type":"ReadAction","target":["https:\/\/diariotextual.com\/inicio\/index.php\/2023\/04\/27\/destacan-como-historica-la-eleccion-del-peronismo-universitario-en-la-unlpam\/"]}]},{"@type":"ImageObject","inLanguage":"es","@id":"https:\/\/diariotextual.com\/inicio\/index.php\/2023\/04\/27\/destacan-como-historica-la-eleccion-del-peronismo-universitario-en-la-unlpam\/#primaryimage","url":"https:\/\/diariotextual.com\/inicio\/wp-content\/uploads\/2023\/04\/peronismohumanasunlpameleccion4.jpeg","contentUrl":"https:\/\/diariotextual.com\/inicio\/wp-content\/uploads\/2023\/04\/peronismohumanasunlpameleccion4.jpeg","width":1306,"height":738},{"@type":"BreadcrumbList","@id":"https:\/\/diariotextual.com\/inicio\/index.php\/2023\/04\/27\/destacan-como-historica-la-eleccion-del-peronismo-universitario-en-la-unlpam\/#breadcrumb","itemListElement":[{"@type":"ListItem","position":1,"name":"Portada","item":"https:\/\/diariotextual.com\/inicio\/"},{"@type":"ListItem","position":2,"name":"Destacan como \u201chist\u00f3rica\u201d la elecci\u00f3n del peronismo universitario en la UNLPam"}]},{"@type":"WebSite","@id":"https:\/\/diariotextual.com\/inicio\/#website","url":"https:\/\/diariotextual.com\/inicio\/","name":"Diario Textual","description":"","publisher":{"@id":"https:\/\/diariotextual.com\/inicio\/#organization"},"potentialAction":[{"@type":"SearchAction","target":{"@type":"EntryPoint","urlTemplate":"https:\/\/diariotextual.com\/inicio\/?s={search_term_string}"},"query-input":{"@type":"PropertyValueSpecification","valueRequired":true,"valueName":"search_term_string"}}],"inLanguage":"es"},{"@type":"Organization","@id":"https:\/\/diariotextual.com\/inicio\/#organization","name":"Diario Textual","url":"https:\/\/diariotextual.com\/inicio\/","logo":{"@type":"ImageObject","inLanguage":"es","@id":"https:\/\/diariotextual.com\/inicio\/#\/schema\/logo\/image\/","url":"https:\/\/diariotextual.com\/inicio\/wp-content\/uploads\/2023\/05\/logotextual1.jpg","contentUrl":"https:\/\/diariotextual.com\/inicio\/wp-content\/uploads\/2023\/05\/logotextual1.jpg","width":516,"height":76,"caption":"Diario Textual"},"image":{"@id":"https:\/\/diariotextual.com\/inicio\/#\/schema\/logo\/image\/"},"sameAs":["https:\/\/www.facebook.com\/eltextual","https:\/\/x.com\/eltextual","http:\/\/www.instagram.com\/eltextual"]},{"@type":"Person","@id":"https:\/\/diariotextual.com\/inicio\/#\/schema\/person\/694f60677f23c4a530867a98f22b3768","name":"diario2","image":{"@type":"ImageObject","inLanguage":"es","@id":"https:\/\/secure.gravatar.com\/avatar\/5a2567495ba16b852fcd8f1ed006a2e24fcace936018ed8237e95f488ad6e0a7?s=96&d=mm&r=g","url":"https:\/\/secure.gravatar.com\/avatar\/5a2567495ba16b852fcd8f1ed006a2e24fcace936018ed8237e95f488ad6e0a7?s=96&d=mm&r=g","contentUrl":"https:\/\/secure.gravatar.com\/avatar\/5a2567495ba16b852fcd8f1ed006a2e24fcace936018ed8237e95f488ad6e0a7?s=96&d=mm&r=g","caption":"diario2"},"url":"https:\/\/diariotextual.com\/inicio\/index.php\/author\/diario2\/"}]}},"_links":{"self":[{"href":"https:\/\/diariotextual.com\/inicio\/index.php\/wp-json\/wp\/v2\/posts\/223485","targetHints":{"allow":["GET"]}}],"collection":[{"href":"https:\/\/diariotextual.com\/inicio\/index.php\/wp-json\/wp\/v2\/posts"}],"about":[{"href":"https:\/\/diariotextual.com\/inicio\/index.php\/wp-json\/wp\/v2\/types\/post"}],"author":[{"embeddable":true,"href":"https:\/\/diariotextual.com\/inicio\/index.php\/wp-json\/wp\/v2\/users\/4"}],"replies":[{"embeddable":true,"href":"https:\/\/diariotextual.com\/inicio\/index.php\/wp-json\/wp\/v2\/comments?post=223485"}],"version-history":[{"count":1,"href":"https:\/\/diariotextual.com\/inicio\/index.php\/wp-json\/wp\/v2\/posts\/223485\/revisions"}],"predecessor-version":[{"id":223487,"href":"https:\/\/diariotextual.com\/inicio\/index.php\/wp-json\/wp\/v2\/posts\/223485\/revisions\/223487"}],"wp:featuredmedia":[{"embeddable":true,"href":"https:\/\/diariotextual.com\/inicio\/index.php\/wp-json\/wp\/v2\/media\/223486"}],"wp:attachment":[{"href":"https:\/\/diariotextual.com\/inicio\/index.php\/wp-json\/wp\/v2\/media?parent=223485"}],"wp:term":[{"taxonomy":"category","embeddable":true,"href":"https:\/\/diariotextual.com\/inicio\/index.php\/wp-json\/wp\/v2\/categories?post=223485"},{"taxonomy":"post_tag","embeddable":true,"href":"https:\/\/diariotextual.com\/inicio\/index.php\/wp-json\/wp\/v2\/tags?post=223485"}],"curies":[{"name":"wp","href":"https:\/\/api.w.org\/{rel}","templated":true}]}}