{"id":223492,"date":"2023-04-27T14:33:04","date_gmt":"2023-04-27T17:33:04","guid":{"rendered":"https:\/\/diariotextual.com\/inicio\/?p=223492"},"modified":"2023-04-27T14:53:35","modified_gmt":"2023-04-27T17:53:35","slug":"se-lanzo-la-colecta-de-santiago-maratea-para-independiente","status":"publish","type":"post","link":"https:\/\/diariotextual.com\/inicio\/index.php\/2023\/04\/27\/se-lanzo-la-colecta-de-santiago-maratea-para-independiente\/","title":{"rendered":"Se lanz\u00f3 la colecta de Maratea para Independiente"},"content":{"rendered":"\n<p>El influencer<strong> Santiago Maratea <\/strong>lanz\u00f3 este jueves una colecta virtual que constituir\u00e1 un fideicomiso, por fuera de la administraci\u00f3n del club, para saldar el pasivo de Independiente, estimado en m\u00e1s de 20 millones de d\u00f3lares. <strong>La colecta ya recaud\u00f3 74 millones de pesos a s\u00f3lo una hora de su lanzamiento.<\/strong><br><br>Maratea hizo la presentaci\u00f3n en la sala de conferencias del Estadio Libertadores de Am\u00e9rica-Ricardo Enrique Bochini, acompa\u00f1ado de Miguel \u201cPep\u00e9\u201d Santoro, una gloria del \u201cRojo\u201d, quien lo reconoci\u00f3 como \u201cuna persona sincera y honesta.<br><br>\u201cLa \u00fanica manera de sacar esto adelante era con todos juntos, entre los exjugadores, los de ahora y los hinchas\u201d, afirm\u00f3 Santoro, campe\u00f3n de todo con Independiente en el pasado.<br><br>Maratea, quien inform\u00f3 que el 5% de lo recaudado ser\u00e1 para gastos de gesti\u00f3n, arrib\u00f3 a la instituci\u00f3n a las 11.30, fue recibido por el vicepresidente segundo Juan Marconi y reconocido con el obsequio de la emblem\u00e1tica camiseta n\u00famero 10.<br><br>\u201cIndependiente debe m\u00e1s de 20 millones de d\u00f3lares y por eso hice el c\u00e1lculo que si todos colaboramos, podremos juntar la plata. Necesitamos 2.200.000 hinchas ya pagamos todo lo que se debe\u201d, detall\u00f3 en una historia de Instagram desde el campo de juego del estadio.<br><br>\u201cComparto cuatro links, uno de 4 mil, otro de 8 mil, y dos m\u00e1s de 16 mil y 32 mil. El club tiene muchas deudas\u201d, continu\u00f3. Adem\u00e1s, dej\u00f3 un alias para quienes deseen dar otras cifras.<br><br>En la conferencia de prensa, el influencer apareci\u00f3 con la camiseta de Independiente y explic\u00f3 que el origen de todo fue con su relaci\u00f3n personal con Marconi al que conoce desde \u201chace muchos a\u00f1os\u00bb<br><br>\u201cTengo un ej\u00e9rcito de personas emp\u00e1ticas que siempre me ayudaron con diferentes colectas. El ADN de mis colectas es la transparencia. Quiero que la plata vaya a donde tenga que ir. Las personas pueden chequear los movimientos, la plata no la toco y puedo manejar 20 millones de d\u00f3lares sin que falte un centavo\u201d, describi\u00f3.<br><br>\u201cHubo un problema por el monto que vamos a juntar y en consecuencia se arm\u00f3 un fideicomiso con el \u00fanico destino de juntar el dinero adeudado. El objetivo es ese\u201d, puntualiz\u00f3.<br><br>El objetivo de la colecta ser\u00e1 juntar lo m\u00e1s r\u00e1pido posible los casi 6 millones de d\u00f3lares que se le debe a Am\u00e9rica de M\u00e9xico por el mediocampista Cecilio Dom\u00ednguez, deuda por la que est\u00e1 inhibido el club.<br><br>\u201cLa Comisi\u00f3n Directiva no tiene nada que ver en esto, no se va a llevar ning\u00fan porcentaje de nada. Para los que me mandan a agarrar la pala, quiero que sepan que llevo tres semanas trabajando con mi gente para que esto salga bien. Lo que sobra ser\u00e1 para las divisiones inferiores del club\u201d, detall\u00f3 Maratea en el di\u00e1logo con la prensa.<br><br>\u201cSe van a pagar en un orden l\u00f3gico: primero lo urgente y luego lo secundario. Primero, la deuda que nos pone el agua al cuello\u201d, inform\u00f3.<br><br>Por \u00faltimo, Maratea cont\u00f3 que no es hincha del club, a pesar de que lo hicieron socio desde la dirigencia, aunque avis\u00f3 que a futuro sentir\u00e1 \u201clos colores\u201d.<br><br>El principal problema que tuvo Independiente en el \u00faltimo tiempo, con los d\u00f3lares, es el pago de salario de varios jugadores extranjeros .<br><br>En relaci\u00f3n a lo deportivo, el club de Avellaneda vive un momento cr\u00edtico, como en lo institucional desde la renuncia de hace dos semanas del presidente Fabi\u00e1n Doman, y se encuentra a tan solamente dos puntos del descenso por la tabla general, con 13 fechas jugadas y un restante de 28.<\/p>\n","protected":false},"excerpt":{"rendered":"<p>El influencer Santiago Maratea lanz\u00f3 este jueves una colecta virtual que constituir\u00e1 un fideicomiso, por fuera de la administraci\u00f3n del club, para saldar el pasivo de Independiente, estimado en m\u00e1s&hellip;<\/p>\n","protected":false},"author":4,"featured_media":222968,"comment_status":"closed","ping_status":"open","sticky":false,"template":"","format":"standard","meta":{"_acf_changed":false,"footnotes":""},"categories":[1,3],"tags":[],"class_list":["post-223492","post","type-post","status-publish","format-standard","has-post-thumbnail","hentry","category-es-noticia","category-deportes"],"acf":[],"yoast_head":"<!-- This site is optimized with the Yoast SEO plugin v27.5 - https:\/\/yoast.com\/product\/yoast-seo-wordpress\/ -->\n<title>Se lanz\u00f3 la colecta de Maratea para Independiente - Diario Textual<\/title>\n<meta name=\"robots\" content=\"index, follow, max-snippet:-1, max-image-preview:large, max-video-preview:-1\" \/>\n<link rel=\"canonical\" href=\"https:\/\/diariotextual.com\/inicio\/index.php\/2023\/04\/27\/se-lanzo-la-colecta-de-santiago-maratea-para-independiente\/\" \/>\n<meta property=\"og:locale\" content=\"es_ES\" \/>\n<meta property=\"og:type\" content=\"article\" \/>\n<meta property=\"og:title\" content=\"Se lanz\u00f3 la colecta de Maratea para Independiente - Diario Textual\" \/>\n<meta property=\"og:description\" content=\"El influencer Santiago Maratea lanz\u00f3 este jueves una colecta virtual que constituir\u00e1 un fideicomiso, por fuera de la administraci\u00f3n del club, para saldar el pasivo de Independiente, estimado en m\u00e1s&hellip;\" \/>\n<meta property=\"og:url\" content=\"https:\/\/diariotextual.com\/inicio\/index.php\/2023\/04\/27\/se-lanzo-la-colecta-de-santiago-maratea-para-independiente\/\" \/>\n<meta property=\"og:site_name\" content=\"Diario Textual\" \/>\n<meta property=\"article:publisher\" content=\"https:\/\/www.facebook.com\/eltextual\" \/>\n<meta property=\"article:published_time\" content=\"2023-04-27T17:33:04+00:00\" \/>\n<meta property=\"article:modified_time\" content=\"2023-04-27T17:53:35+00:00\" \/>\n<meta property=\"og:image\" content=\"https:\/\/diariotextual.com\/inicio\/wp-content\/uploads\/2023\/04\/marateaindependientesantoro203h.jpg\" \/>\n\t<meta property=\"og:image:width\" content=\"1536\" \/>\n\t<meta property=\"og:image:height\" content=\"1153\" \/>\n\t<meta property=\"og:image:type\" content=\"image\/jpeg\" \/>\n<meta name=\"author\" content=\"diario2\" \/>\n<meta name=\"twitter:card\" content=\"summary_large_image\" \/>\n<meta name=\"twitter:creator\" content=\"@eltextual\" \/>\n<meta name=\"twitter:site\" content=\"@eltextual\" \/>\n<meta name=\"twitter:label1\" content=\"Escrito por\" \/>\n\t<meta name=\"twitter:data1\" content=\"diario2\" \/>\n\t<meta name=\"twitter:label2\" content=\"Tiempo de lectura\" \/>\n\t<meta name=\"twitter:data2\" content=\"3 minutos\" \/>\n<script type=\"application\/ld+json\" class=\"yoast-schema-graph\">{\"@context\":\"https:\\\/\\\/schema.org\",\"@graph\":[{\"@type\":\"Article\",\"@id\":\"https:\\\/\\\/diariotextual.com\\\/inicio\\\/index.php\\\/2023\\\/04\\\/27\\\/se-lanzo-la-colecta-de-santiago-maratea-para-independiente\\\/#article\",\"isPartOf\":{\"@id\":\"https:\\\/\\\/diariotextual.com\\\/inicio\\\/index.php\\\/2023\\\/04\\\/27\\\/se-lanzo-la-colecta-de-santiago-maratea-para-independiente\\\/\"},\"author\":{\"name\":\"diario2\",\"@id\":\"https:\\\/\\\/diariotextual.com\\\/inicio\\\/#\\\/schema\\\/person\\\/694f60677f23c4a530867a98f22b3768\"},\"headline\":\"Se lanz\u00f3 la colecta de Maratea para Independiente\",\"datePublished\":\"2023-04-27T17:33:04+00:00\",\"dateModified\":\"2023-04-27T17:53:35+00:00\",\"mainEntityOfPage\":{\"@id\":\"https:\\\/\\\/diariotextual.com\\\/inicio\\\/index.php\\\/2023\\\/04\\\/27\\\/se-lanzo-la-colecta-de-santiago-maratea-para-independiente\\\/\"},\"wordCount\":611,\"publisher\":{\"@id\":\"https:\\\/\\\/diariotextual.com\\\/inicio\\\/#organization\"},\"image\":{\"@id\":\"https:\\\/\\\/diariotextual.com\\\/inicio\\\/index.php\\\/2023\\\/04\\\/27\\\/se-lanzo-la-colecta-de-santiago-maratea-para-independiente\\\/#primaryimage\"},\"thumbnailUrl\":\"https:\\\/\\\/diariotextual.com\\\/inicio\\\/wp-content\\\/uploads\\\/2023\\\/04\\\/marateaindependientesantoro203h.jpg\",\"articleSection\":[\"A - ES NOTICIA (van abajo)\",\"DEPORTES\"],\"inLanguage\":\"es\"},{\"@type\":\"WebPage\",\"@id\":\"https:\\\/\\\/diariotextual.com\\\/inicio\\\/index.php\\\/2023\\\/04\\\/27\\\/se-lanzo-la-colecta-de-santiago-maratea-para-independiente\\\/\",\"url\":\"https:\\\/\\\/diariotextual.com\\\/inicio\\\/index.php\\\/2023\\\/04\\\/27\\\/se-lanzo-la-colecta-de-santiago-maratea-para-independiente\\\/\",\"name\":\"Se lanz\u00f3 la colecta de Maratea para Independiente - Diario Textual\",\"isPartOf\":{\"@id\":\"https:\\\/\\\/diariotextual.com\\\/inicio\\\/#website\"},\"primaryImageOfPage\":{\"@id\":\"https:\\\/\\\/diariotextual.com\\\/inicio\\\/index.php\\\/2023\\\/04\\\/27\\\/se-lanzo-la-colecta-de-santiago-maratea-para-independiente\\\/#primaryimage\"},\"image\":{\"@id\":\"https:\\\/\\\/diariotextual.com\\\/inicio\\\/index.php\\\/2023\\\/04\\\/27\\\/se-lanzo-la-colecta-de-santiago-maratea-para-independiente\\\/#primaryimage\"},\"thumbnailUrl\":\"https:\\\/\\\/diariotextual.com\\\/inicio\\\/wp-content\\\/uploads\\\/2023\\\/04\\\/marateaindependientesantoro203h.jpg\",\"datePublished\":\"2023-04-27T17:33:04+00:00\",\"dateModified\":\"2023-04-27T17:53:35+00:00\",\"breadcrumb\":{\"@id\":\"https:\\\/\\\/diariotextual.com\\\/inicio\\\/index.php\\\/2023\\\/04\\\/27\\\/se-lanzo-la-colecta-de-santiago-maratea-para-independiente\\\/#breadcrumb\"},\"inLanguage\":\"es\",\"potentialAction\":[{\"@type\":\"ReadAction\",\"target\":[\"https:\\\/\\\/diariotextual.com\\\/inicio\\\/index.php\\\/2023\\\/04\\\/27\\\/se-lanzo-la-colecta-de-santiago-maratea-para-independiente\\\/\"]}]},{\"@type\":\"ImageObject\",\"inLanguage\":\"es\",\"@id\":\"https:\\\/\\\/diariotextual.com\\\/inicio\\\/index.php\\\/2023\\\/04\\\/27\\\/se-lanzo-la-colecta-de-santiago-maratea-para-independiente\\\/#primaryimage\",\"url\":\"https:\\\/\\\/diariotextual.com\\\/inicio\\\/wp-content\\\/uploads\\\/2023\\\/04\\\/marateaindependientesantoro203h.jpg\",\"contentUrl\":\"https:\\\/\\\/diariotextual.com\\\/inicio\\\/wp-content\\\/uploads\\\/2023\\\/04\\\/marateaindependientesantoro203h.jpg\",\"width\":1536,\"height\":1153},{\"@type\":\"BreadcrumbList\",\"@id\":\"https:\\\/\\\/diariotextual.com\\\/inicio\\\/index.php\\\/2023\\\/04\\\/27\\\/se-lanzo-la-colecta-de-santiago-maratea-para-independiente\\\/#breadcrumb\",\"itemListElement\":[{\"@type\":\"ListItem\",\"position\":1,\"name\":\"Portada\",\"item\":\"https:\\\/\\\/diariotextual.com\\\/inicio\\\/\"},{\"@type\":\"ListItem\",\"position\":2,\"name\":\"Se lanz\u00f3 la colecta de Maratea para Independiente\"}]},{\"@type\":\"WebSite\",\"@id\":\"https:\\\/\\\/diariotextual.com\\\/inicio\\\/#website\",\"url\":\"https:\\\/\\\/diariotextual.com\\\/inicio\\\/\",\"name\":\"Diario Textual\",\"description\":\"\",\"publisher\":{\"@id\":\"https:\\\/\\\/diariotextual.com\\\/inicio\\\/#organization\"},\"potentialAction\":[{\"@type\":\"SearchAction\",\"target\":{\"@type\":\"EntryPoint\",\"urlTemplate\":\"https:\\\/\\\/diariotextual.com\\\/inicio\\\/?s={search_term_string}\"},\"query-input\":{\"@type\":\"PropertyValueSpecification\",\"valueRequired\":true,\"valueName\":\"search_term_string\"}}],\"inLanguage\":\"es\"},{\"@type\":\"Organization\",\"@id\":\"https:\\\/\\\/diariotextual.com\\\/inicio\\\/#organization\",\"name\":\"Diario Textual\",\"url\":\"https:\\\/\\\/diariotextual.com\\\/inicio\\\/\",\"logo\":{\"@type\":\"ImageObject\",\"inLanguage\":\"es\",\"@id\":\"https:\\\/\\\/diariotextual.com\\\/inicio\\\/#\\\/schema\\\/logo\\\/image\\\/\",\"url\":\"https:\\\/\\\/diariotextual.com\\\/inicio\\\/wp-content\\\/uploads\\\/2023\\\/05\\\/logotextual1.jpg\",\"contentUrl\":\"https:\\\/\\\/diariotextual.com\\\/inicio\\\/wp-content\\\/uploads\\\/2023\\\/05\\\/logotextual1.jpg\",\"width\":516,\"height\":76,\"caption\":\"Diario Textual\"},\"image\":{\"@id\":\"https:\\\/\\\/diariotextual.com\\\/inicio\\\/#\\\/schema\\\/logo\\\/image\\\/\"},\"sameAs\":[\"https:\\\/\\\/www.facebook.com\\\/eltextual\",\"https:\\\/\\\/x.com\\\/eltextual\",\"http:\\\/\\\/www.instagram.com\\\/eltextual\"]},{\"@type\":\"Person\",\"@id\":\"https:\\\/\\\/diariotextual.com\\\/inicio\\\/#\\\/schema\\\/person\\\/694f60677f23c4a530867a98f22b3768\",\"name\":\"diario2\",\"image\":{\"@type\":\"ImageObject\",\"inLanguage\":\"es\",\"@id\":\"https:\\\/\\\/secure.gravatar.com\\\/avatar\\\/5a2567495ba16b852fcd8f1ed006a2e24fcace936018ed8237e95f488ad6e0a7?s=96&d=mm&r=g\",\"url\":\"https:\\\/\\\/secure.gravatar.com\\\/avatar\\\/5a2567495ba16b852fcd8f1ed006a2e24fcace936018ed8237e95f488ad6e0a7?s=96&d=mm&r=g\",\"contentUrl\":\"https:\\\/\\\/secure.gravatar.com\\\/avatar\\\/5a2567495ba16b852fcd8f1ed006a2e24fcace936018ed8237e95f488ad6e0a7?s=96&d=mm&r=g\",\"caption\":\"diario2\"},\"url\":\"https:\\\/\\\/diariotextual.com\\\/inicio\\\/index.php\\\/author\\\/diario2\\\/\"}]}<\/script>\n<!-- \/ Yoast SEO plugin. -->","yoast_head_json":{"title":"Se lanz\u00f3 la colecta de Maratea para Independiente - Diario Textual","robots":{"index":"index","follow":"follow","max-snippet":"max-snippet:-1","max-image-preview":"max-image-preview:large","max-video-preview":"max-video-preview:-1"},"canonical":"https:\/\/diariotextual.com\/inicio\/index.php\/2023\/04\/27\/se-lanzo-la-colecta-de-santiago-maratea-para-independiente\/","og_locale":"es_ES","og_type":"article","og_title":"Se lanz\u00f3 la colecta de Maratea para Independiente - Diario Textual","og_description":"El influencer Santiago Maratea lanz\u00f3 este jueves una colecta virtual que constituir\u00e1 un fideicomiso, por fuera de la administraci\u00f3n del club, para saldar el pasivo de Independiente, estimado en m\u00e1s&hellip;","og_url":"https:\/\/diariotextual.com\/inicio\/index.php\/2023\/04\/27\/se-lanzo-la-colecta-de-santiago-maratea-para-independiente\/","og_site_name":"Diario Textual","article_publisher":"https:\/\/www.facebook.com\/eltextual","article_published_time":"2023-04-27T17:33:04+00:00","article_modified_time":"2023-04-27T17:53:35+00:00","og_image":[{"width":1536,"height":1153,"url":"https:\/\/diariotextual.com\/inicio\/wp-content\/uploads\/2023\/04\/marateaindependientesantoro203h.jpg","type":"image\/jpeg"}],"author":"diario2","twitter_card":"summary_large_image","twitter_creator":"@eltextual","twitter_site":"@eltextual","twitter_misc":{"Escrito por":"diario2","Tiempo de lectura":"3 minutos"},"schema":{"@context":"https:\/\/schema.org","@graph":[{"@type":"Article","@id":"https:\/\/diariotextual.com\/inicio\/index.php\/2023\/04\/27\/se-lanzo-la-colecta-de-santiago-maratea-para-independiente\/#article","isPartOf":{"@id":"https:\/\/diariotextual.com\/inicio\/index.php\/2023\/04\/27\/se-lanzo-la-colecta-de-santiago-maratea-para-independiente\/"},"author":{"name":"diario2","@id":"https:\/\/diariotextual.com\/inicio\/#\/schema\/person\/694f60677f23c4a530867a98f22b3768"},"headline":"Se lanz\u00f3 la colecta de Maratea para Independiente","datePublished":"2023-04-27T17:33:04+00:00","dateModified":"2023-04-27T17:53:35+00:00","mainEntityOfPage":{"@id":"https:\/\/diariotextual.com\/inicio\/index.php\/2023\/04\/27\/se-lanzo-la-colecta-de-santiago-maratea-para-independiente\/"},"wordCount":611,"publisher":{"@id":"https:\/\/diariotextual.com\/inicio\/#organization"},"image":{"@id":"https:\/\/diariotextual.com\/inicio\/index.php\/2023\/04\/27\/se-lanzo-la-colecta-de-santiago-maratea-para-independiente\/#primaryimage"},"thumbnailUrl":"https:\/\/diariotextual.com\/inicio\/wp-content\/uploads\/2023\/04\/marateaindependientesantoro203h.jpg","articleSection":["A - ES NOTICIA (van abajo)","DEPORTES"],"inLanguage":"es"},{"@type":"WebPage","@id":"https:\/\/diariotextual.com\/inicio\/index.php\/2023\/04\/27\/se-lanzo-la-colecta-de-santiago-maratea-para-independiente\/","url":"https:\/\/diariotextual.com\/inicio\/index.php\/2023\/04\/27\/se-lanzo-la-colecta-de-santiago-maratea-para-independiente\/","name":"Se lanz\u00f3 la colecta de Maratea para Independiente - Diario Textual","isPartOf":{"@id":"https:\/\/diariotextual.com\/inicio\/#website"},"primaryImageOfPage":{"@id":"https:\/\/diariotextual.com\/inicio\/index.php\/2023\/04\/27\/se-lanzo-la-colecta-de-santiago-maratea-para-independiente\/#primaryimage"},"image":{"@id":"https:\/\/diariotextual.com\/inicio\/index.php\/2023\/04\/27\/se-lanzo-la-colecta-de-santiago-maratea-para-independiente\/#primaryimage"},"thumbnailUrl":"https:\/\/diariotextual.com\/inicio\/wp-content\/uploads\/2023\/04\/marateaindependientesantoro203h.jpg","datePublished":"2023-04-27T17:33:04+00:00","dateModified":"2023-04-27T17:53:35+00:00","breadcrumb":{"@id":"https:\/\/diariotextual.com\/inicio\/index.php\/2023\/04\/27\/se-lanzo-la-colecta-de-santiago-maratea-para-independiente\/#breadcrumb"},"inLanguage":"es","potentialAction":[{"@type":"ReadAction","target":["https:\/\/diariotextual.com\/inicio\/index.php\/2023\/04\/27\/se-lanzo-la-colecta-de-santiago-maratea-para-independiente\/"]}]},{"@type":"ImageObject","inLanguage":"es","@id":"https:\/\/diariotextual.com\/inicio\/index.php\/2023\/04\/27\/se-lanzo-la-colecta-de-santiago-maratea-para-independiente\/#primaryimage","url":"https:\/\/diariotextual.com\/inicio\/wp-content\/uploads\/2023\/04\/marateaindependientesantoro203h.jpg","contentUrl":"https:\/\/diariotextual.com\/inicio\/wp-content\/uploads\/2023\/04\/marateaindependientesantoro203h.jpg","width":1536,"height":1153},{"@type":"BreadcrumbList","@id":"https:\/\/diariotextual.com\/inicio\/index.php\/2023\/04\/27\/se-lanzo-la-colecta-de-santiago-maratea-para-independiente\/#breadcrumb","itemListElement":[{"@type":"ListItem","position":1,"name":"Portada","item":"https:\/\/diariotextual.com\/inicio\/"},{"@type":"ListItem","position":2,"name":"Se lanz\u00f3 la colecta de Maratea para Independiente"}]},{"@type":"WebSite","@id":"https:\/\/diariotextual.com\/inicio\/#website","url":"https:\/\/diariotextual.com\/inicio\/","name":"Diario Textual","description":"","publisher":{"@id":"https:\/\/diariotextual.com\/inicio\/#organization"},"potentialAction":[{"@type":"SearchAction","target":{"@type":"EntryPoint","urlTemplate":"https:\/\/diariotextual.com\/inicio\/?s={search_term_string}"},"query-input":{"@type":"PropertyValueSpecification","valueRequired":true,"valueName":"search_term_string"}}],"inLanguage":"es"},{"@type":"Organization","@id":"https:\/\/diariotextual.com\/inicio\/#organization","name":"Diario Textual","url":"https:\/\/diariotextual.com\/inicio\/","logo":{"@type":"ImageObject","inLanguage":"es","@id":"https:\/\/diariotextual.com\/inicio\/#\/schema\/logo\/image\/","url":"https:\/\/diariotextual.com\/inicio\/wp-content\/uploads\/2023\/05\/logotextual1.jpg","contentUrl":"https:\/\/diariotextual.com\/inicio\/wp-content\/uploads\/2023\/05\/logotextual1.jpg","width":516,"height":76,"caption":"Diario Textual"},"image":{"@id":"https:\/\/diariotextual.com\/inicio\/#\/schema\/logo\/image\/"},"sameAs":["https:\/\/www.facebook.com\/eltextual","https:\/\/x.com\/eltextual","http:\/\/www.instagram.com\/eltextual"]},{"@type":"Person","@id":"https:\/\/diariotextual.com\/inicio\/#\/schema\/person\/694f60677f23c4a530867a98f22b3768","name":"diario2","image":{"@type":"ImageObject","inLanguage":"es","@id":"https:\/\/secure.gravatar.com\/avatar\/5a2567495ba16b852fcd8f1ed006a2e24fcace936018ed8237e95f488ad6e0a7?s=96&d=mm&r=g","url":"https:\/\/secure.gravatar.com\/avatar\/5a2567495ba16b852fcd8f1ed006a2e24fcace936018ed8237e95f488ad6e0a7?s=96&d=mm&r=g","contentUrl":"https:\/\/secure.gravatar.com\/avatar\/5a2567495ba16b852fcd8f1ed006a2e24fcace936018ed8237e95f488ad6e0a7?s=96&d=mm&r=g","caption":"diario2"},"url":"https:\/\/diariotextual.com\/inicio\/index.php\/author\/diario2\/"}]}},"_links":{"self":[{"href":"https:\/\/diariotextual.com\/inicio\/index.php\/wp-json\/wp\/v2\/posts\/223492","targetHints":{"allow":["GET"]}}],"collection":[{"href":"https:\/\/diariotextual.com\/inicio\/index.php\/wp-json\/wp\/v2\/posts"}],"about":[{"href":"https:\/\/diariotextual.com\/inicio\/index.php\/wp-json\/wp\/v2\/types\/post"}],"author":[{"embeddable":true,"href":"https:\/\/diariotextual.com\/inicio\/index.php\/wp-json\/wp\/v2\/users\/4"}],"replies":[{"embeddable":true,"href":"https:\/\/diariotextual.com\/inicio\/index.php\/wp-json\/wp\/v2\/comments?post=223492"}],"version-history":[{"count":6,"href":"https:\/\/diariotextual.com\/inicio\/index.php\/wp-json\/wp\/v2\/posts\/223492\/revisions"}],"predecessor-version":[{"id":223500,"href":"https:\/\/diariotextual.com\/inicio\/index.php\/wp-json\/wp\/v2\/posts\/223492\/revisions\/223500"}],"wp:featuredmedia":[{"embeddable":true,"href":"https:\/\/diariotextual.com\/inicio\/index.php\/wp-json\/wp\/v2\/media\/222968"}],"wp:attachment":[{"href":"https:\/\/diariotextual.com\/inicio\/index.php\/wp-json\/wp\/v2\/media?parent=223492"}],"wp:term":[{"taxonomy":"category","embeddable":true,"href":"https:\/\/diariotextual.com\/inicio\/index.php\/wp-json\/wp\/v2\/categories?post=223492"},{"taxonomy":"post_tag","embeddable":true,"href":"https:\/\/diariotextual.com\/inicio\/index.php\/wp-json\/wp\/v2\/tags?post=223492"}],"curies":[{"name":"wp","href":"https:\/\/api.w.org\/{rel}","templated":true}]}}