{"id":223501,"date":"2023-04-27T15:01:31","date_gmt":"2023-04-27T18:01:31","guid":{"rendered":"https:\/\/diariotextual.com\/inicio\/?p=223501"},"modified":"2023-04-27T21:02:19","modified_gmt":"2023-04-28T00:02:19","slug":"presentaron-el-programa-desafio-exportador-pampeano-que-asistencias-preve","status":"publish","type":"post","link":"https:\/\/diariotextual.com\/inicio\/index.php\/2023\/04\/27\/presentaron-el-programa-desafio-exportador-pampeano-que-asistencias-preve\/","title":{"rendered":"Presentaron el Programa Desaf\u00edo Exportador Pampeano: qu\u00e9 asistencias prev\u00e9"},"content":{"rendered":"\n<p>Ya abri\u00f3 la convocatoria para empresas que deseen participar del <strong>nuevo programa Desaf\u00edo Exportador Pampeano<\/strong>, una iniciativa del Gobierno de La Pampa que se llevar\u00e1 adelante a trav\u00e9s de la Agencia I-Comex La Pampa.<\/p>\n\n\n\n<p>En el marco de la Reuni\u00f3n 13\u00aa del Consejo de Administraci\u00f3n de la Agencia La Pampa, de Inversiones y Comercio Exterior, se aprob\u00f3 por votaci\u00f3n un\u00e1nime esta ma\u00f1ana el Programa Desaf\u00edo Exportador Pampeano, una ampliaci\u00f3n provincial del programa nacional con el que I-Comex ya ha trabajado con anterioridad.<\/p>\n\n\n\n<p>Esta nueva herramienta est\u00e1 destinada a PyMEs pampeanas que busquen iniciarse en su proceso de internacionalizaci\u00f3n y requieran asistencia de un profesional. El programa pone a disposici\u00f3n de cada empresa un profesional calificado para formular e implementar un plan de negocios internacional a su medida cubriendo el 100% de los gastos de los honorarios profesionales de este.<\/p>\n\n\n\n<p>\u00abEste era un programa que ven\u00edamos analizando hace tiempo y despu\u00e9s de las necesidades que surgieron de las Rondas de Negocios Internacionales en ExpoPyMEs, nos decidimos a elaborar este plan y lanzarlo como herramienta para poder concretar su primera exportaci\u00f3n\u201d, explic\u00f3 el director de la Agencia I-Comex La Pampa, Sebasti\u00e1n Lastiri.<\/p>\n\n\n\n<p>Desaf\u00edo Exportador Pampeano es un programa dirigido a PyMEs con potencial exportador o que exporten de manera eventual, para desarrollar o potenciar su oferta exportable.&nbsp; Este posee 4 l\u00edneas de asistencia, las cuales se implementar\u00e1n de acuerdo al perfil y la necesidad de cada una de las empresas beneficiarias. En una primera instancia se Inicia con un diagn\u00f3stico, el cual revelar\u00e1 la situaci\u00f3n en las que se encuentre cada empresa, y la elaboraci\u00f3n de un plan de acci\u00f3n para el acompa\u00f1amiento de cada una de ellas.<\/p>\n\n\n\n<p>Las asistencias que prev\u00e9 el programa son:<\/p>\n\n\n\n<p>\u2022 Asistencia inicial, pensado para empresas en etapa inicial de su proceso de exportaci\u00f3n.<\/p>\n\n\n\n<p>\u2022 Asistencia en confecci\u00f3n del plan de exportaci\u00f3n.<\/p>\n\n\n\n<p>\u2022 Asistencia en promoci\u00f3n internacional.<\/p>\n\n\n\n<p>\u2022 Desarrollo de proyectos especiales.<\/p>\n\n\n\n<p>Participaron de la reuni\u00f3n adem\u00e1s del director de la Agencia I-Comex La Pampa, Sebasti\u00e1n Lastiri, los miembros del Consejo Administrativo: el ministro de Gobierno, Justicia y Derechos Humanos, Ariel Rauschenberger; la ministra de Producci\u00f3n, Fernanda Gonz\u00e1lez; el secretario de Miner\u00eda y Energ\u00eda de La Pampa, Mat\u00edas Toso; la secretaria de Turismo de La Pampa, Adriana Romero; en representaci\u00f3n del Banco de La Pampa asisti\u00f3 el vicepresidente, Alberto Giorgis y el diputado Provincial, Ra\u00fal Ariel Rojas. En representaci\u00f3n del Consejo Asesor: el presidente de la C\u00e1mara Argentina de la Construcci\u00f3n delegaci\u00f3n La Pampa, Adri\u00e1n Perez Habiaga; y el director de la Sociedad Rural Argentina distrito 5 La Pampa y San Luis, Mariano L\u00f3pez Alduncin.<\/p>\n\n\n\n<p>La Agencia I-Comex La Pampa ser\u00e1 la encargada de realizar un proceso de selecci\u00f3n tanto de las empresas que ingresen al programa como de los profesionales calificados, vinculando las partes, con el objetivo de que m\u00e1s PyMEs pampeanas accedan a mercados Internacionales.<\/p>\n\n\n\n<p>La preinscripci\u00f3n se realizar\u00e1 del 2 al 9 de mayo a trav\u00e9s de la web: www.icomexlapampa.org. Todas aquellas empresas interesadas que requieran m\u00e1s informaci\u00f3n pueden enviar su consulta a comex@icomexlapampa.org.<\/p>\n","protected":false},"excerpt":{"rendered":"<p>Ya abri\u00f3 la convocatoria para empresas que deseen participar del nuevo programa Desaf\u00edo Exportador Pampeano, una iniciativa del Gobierno de La Pampa que se llevar\u00e1 adelante a trav\u00e9s de la&hellip;<\/p>\n","protected":false},"author":4,"featured_media":174635,"comment_status":"closed","ping_status":"open","sticky":false,"template":"","format":"standard","meta":{"_acf_changed":false,"footnotes":""},"categories":[1,12],"tags":[],"class_list":["post-223501","post","type-post","status-publish","format-standard","has-post-thumbnail","hentry","category-es-noticia","category-sociedad"],"acf":[],"yoast_head":"<!-- This site is optimized with the Yoast SEO plugin v27.5 - https:\/\/yoast.com\/product\/yoast-seo-wordpress\/ -->\n<title>Presentaron el Programa Desaf\u00edo Exportador Pampeano: qu\u00e9 asistencias prev\u00e9 - Diario Textual<\/title>\n<meta name=\"robots\" content=\"index, follow, max-snippet:-1, max-image-preview:large, max-video-preview:-1\" \/>\n<link rel=\"canonical\" href=\"https:\/\/diariotextual.com\/inicio\/index.php\/2023\/04\/27\/presentaron-el-programa-desafio-exportador-pampeano-que-asistencias-preve\/\" \/>\n<meta property=\"og:locale\" content=\"es_ES\" \/>\n<meta property=\"og:type\" content=\"article\" \/>\n<meta property=\"og:title\" content=\"Presentaron el Programa Desaf\u00edo Exportador Pampeano: qu\u00e9 asistencias prev\u00e9 - Diario Textual\" \/>\n<meta property=\"og:description\" content=\"Ya abri\u00f3 la convocatoria para empresas que deseen participar del nuevo programa Desaf\u00edo Exportador Pampeano, una iniciativa del Gobierno de La Pampa que se llevar\u00e1 adelante a trav\u00e9s de la&hellip;\" \/>\n<meta property=\"og:url\" content=\"https:\/\/diariotextual.com\/inicio\/index.php\/2023\/04\/27\/presentaron-el-programa-desafio-exportador-pampeano-que-asistencias-preve\/\" \/>\n<meta property=\"og:site_name\" content=\"Diario Textual\" \/>\n<meta property=\"article:publisher\" content=\"https:\/\/www.facebook.com\/eltextual\" \/>\n<meta property=\"article:published_time\" content=\"2023-04-27T18:01:31+00:00\" \/>\n<meta property=\"article:modified_time\" content=\"2023-04-28T00:02:19+00:00\" \/>\n<meta property=\"og:image\" content=\"https:\/\/diariotextual.com\/inicio\/wp-content\/uploads\/2021\/12\/icomexproyectos56.jpg\" \/>\n\t<meta property=\"og:image:width\" content=\"900\" \/>\n\t<meta property=\"og:image:height\" content=\"507\" \/>\n\t<meta property=\"og:image:type\" content=\"image\/jpeg\" \/>\n<meta name=\"author\" content=\"diario2\" \/>\n<meta name=\"twitter:card\" content=\"summary_large_image\" \/>\n<meta name=\"twitter:creator\" content=\"@eltextual\" \/>\n<meta name=\"twitter:site\" content=\"@eltextual\" \/>\n<meta name=\"twitter:label1\" content=\"Escrito por\" \/>\n\t<meta name=\"twitter:data1\" content=\"diario2\" \/>\n\t<meta name=\"twitter:label2\" content=\"Tiempo de lectura\" \/>\n\t<meta name=\"twitter:data2\" content=\"3 minutos\" \/>\n<script type=\"application\/ld+json\" class=\"yoast-schema-graph\">{\"@context\":\"https:\\\/\\\/schema.org\",\"@graph\":[{\"@type\":\"Article\",\"@id\":\"https:\\\/\\\/diariotextual.com\\\/inicio\\\/index.php\\\/2023\\\/04\\\/27\\\/presentaron-el-programa-desafio-exportador-pampeano-que-asistencias-preve\\\/#article\",\"isPartOf\":{\"@id\":\"https:\\\/\\\/diariotextual.com\\\/inicio\\\/index.php\\\/2023\\\/04\\\/27\\\/presentaron-el-programa-desafio-exportador-pampeano-que-asistencias-preve\\\/\"},\"author\":{\"name\":\"diario2\",\"@id\":\"https:\\\/\\\/diariotextual.com\\\/inicio\\\/#\\\/schema\\\/person\\\/694f60677f23c4a530867a98f22b3768\"},\"headline\":\"Presentaron el Programa Desaf\u00edo Exportador Pampeano: qu\u00e9 asistencias prev\u00e9\",\"datePublished\":\"2023-04-27T18:01:31+00:00\",\"dateModified\":\"2023-04-28T00:02:19+00:00\",\"mainEntityOfPage\":{\"@id\":\"https:\\\/\\\/diariotextual.com\\\/inicio\\\/index.php\\\/2023\\\/04\\\/27\\\/presentaron-el-programa-desafio-exportador-pampeano-que-asistencias-preve\\\/\"},\"wordCount\":554,\"publisher\":{\"@id\":\"https:\\\/\\\/diariotextual.com\\\/inicio\\\/#organization\"},\"image\":{\"@id\":\"https:\\\/\\\/diariotextual.com\\\/inicio\\\/index.php\\\/2023\\\/04\\\/27\\\/presentaron-el-programa-desafio-exportador-pampeano-que-asistencias-preve\\\/#primaryimage\"},\"thumbnailUrl\":\"https:\\\/\\\/diariotextual.com\\\/inicio\\\/wp-content\\\/uploads\\\/2021\\\/12\\\/icomexproyectos56.jpg\",\"articleSection\":[\"A - ES NOTICIA (van abajo)\",\"SOCIEDAD\"],\"inLanguage\":\"es\"},{\"@type\":\"WebPage\",\"@id\":\"https:\\\/\\\/diariotextual.com\\\/inicio\\\/index.php\\\/2023\\\/04\\\/27\\\/presentaron-el-programa-desafio-exportador-pampeano-que-asistencias-preve\\\/\",\"url\":\"https:\\\/\\\/diariotextual.com\\\/inicio\\\/index.php\\\/2023\\\/04\\\/27\\\/presentaron-el-programa-desafio-exportador-pampeano-que-asistencias-preve\\\/\",\"name\":\"Presentaron el Programa Desaf\u00edo Exportador Pampeano: qu\u00e9 asistencias prev\u00e9 - Diario Textual\",\"isPartOf\":{\"@id\":\"https:\\\/\\\/diariotextual.com\\\/inicio\\\/#website\"},\"primaryImageOfPage\":{\"@id\":\"https:\\\/\\\/diariotextual.com\\\/inicio\\\/index.php\\\/2023\\\/04\\\/27\\\/presentaron-el-programa-desafio-exportador-pampeano-que-asistencias-preve\\\/#primaryimage\"},\"image\":{\"@id\":\"https:\\\/\\\/diariotextual.com\\\/inicio\\\/index.php\\\/2023\\\/04\\\/27\\\/presentaron-el-programa-desafio-exportador-pampeano-que-asistencias-preve\\\/#primaryimage\"},\"thumbnailUrl\":\"https:\\\/\\\/diariotextual.com\\\/inicio\\\/wp-content\\\/uploads\\\/2021\\\/12\\\/icomexproyectos56.jpg\",\"datePublished\":\"2023-04-27T18:01:31+00:00\",\"dateModified\":\"2023-04-28T00:02:19+00:00\",\"breadcrumb\":{\"@id\":\"https:\\\/\\\/diariotextual.com\\\/inicio\\\/index.php\\\/2023\\\/04\\\/27\\\/presentaron-el-programa-desafio-exportador-pampeano-que-asistencias-preve\\\/#breadcrumb\"},\"inLanguage\":\"es\",\"potentialAction\":[{\"@type\":\"ReadAction\",\"target\":[\"https:\\\/\\\/diariotextual.com\\\/inicio\\\/index.php\\\/2023\\\/04\\\/27\\\/presentaron-el-programa-desafio-exportador-pampeano-que-asistencias-preve\\\/\"]}]},{\"@type\":\"ImageObject\",\"inLanguage\":\"es\",\"@id\":\"https:\\\/\\\/diariotextual.com\\\/inicio\\\/index.php\\\/2023\\\/04\\\/27\\\/presentaron-el-programa-desafio-exportador-pampeano-que-asistencias-preve\\\/#primaryimage\",\"url\":\"https:\\\/\\\/diariotextual.com\\\/inicio\\\/wp-content\\\/uploads\\\/2021\\\/12\\\/icomexproyectos56.jpg\",\"contentUrl\":\"https:\\\/\\\/diariotextual.com\\\/inicio\\\/wp-content\\\/uploads\\\/2021\\\/12\\\/icomexproyectos56.jpg\",\"width\":900,\"height\":507},{\"@type\":\"BreadcrumbList\",\"@id\":\"https:\\\/\\\/diariotextual.com\\\/inicio\\\/index.php\\\/2023\\\/04\\\/27\\\/presentaron-el-programa-desafio-exportador-pampeano-que-asistencias-preve\\\/#breadcrumb\",\"itemListElement\":[{\"@type\":\"ListItem\",\"position\":1,\"name\":\"Portada\",\"item\":\"https:\\\/\\\/diariotextual.com\\\/inicio\\\/\"},{\"@type\":\"ListItem\",\"position\":2,\"name\":\"Presentaron el Programa Desaf\u00edo Exportador Pampeano: qu\u00e9 asistencias prev\u00e9\"}]},{\"@type\":\"WebSite\",\"@id\":\"https:\\\/\\\/diariotextual.com\\\/inicio\\\/#website\",\"url\":\"https:\\\/\\\/diariotextual.com\\\/inicio\\\/\",\"name\":\"Diario Textual\",\"description\":\"\",\"publisher\":{\"@id\":\"https:\\\/\\\/diariotextual.com\\\/inicio\\\/#organization\"},\"potentialAction\":[{\"@type\":\"SearchAction\",\"target\":{\"@type\":\"EntryPoint\",\"urlTemplate\":\"https:\\\/\\\/diariotextual.com\\\/inicio\\\/?s={search_term_string}\"},\"query-input\":{\"@type\":\"PropertyValueSpecification\",\"valueRequired\":true,\"valueName\":\"search_term_string\"}}],\"inLanguage\":\"es\"},{\"@type\":\"Organization\",\"@id\":\"https:\\\/\\\/diariotextual.com\\\/inicio\\\/#organization\",\"name\":\"Diario Textual\",\"url\":\"https:\\\/\\\/diariotextual.com\\\/inicio\\\/\",\"logo\":{\"@type\":\"ImageObject\",\"inLanguage\":\"es\",\"@id\":\"https:\\\/\\\/diariotextual.com\\\/inicio\\\/#\\\/schema\\\/logo\\\/image\\\/\",\"url\":\"https:\\\/\\\/diariotextual.com\\\/inicio\\\/wp-content\\\/uploads\\\/2023\\\/05\\\/logotextual1.jpg\",\"contentUrl\":\"https:\\\/\\\/diariotextual.com\\\/inicio\\\/wp-content\\\/uploads\\\/2023\\\/05\\\/logotextual1.jpg\",\"width\":516,\"height\":76,\"caption\":\"Diario Textual\"},\"image\":{\"@id\":\"https:\\\/\\\/diariotextual.com\\\/inicio\\\/#\\\/schema\\\/logo\\\/image\\\/\"},\"sameAs\":[\"https:\\\/\\\/www.facebook.com\\\/eltextual\",\"https:\\\/\\\/x.com\\\/eltextual\",\"http:\\\/\\\/www.instagram.com\\\/eltextual\"]},{\"@type\":\"Person\",\"@id\":\"https:\\\/\\\/diariotextual.com\\\/inicio\\\/#\\\/schema\\\/person\\\/694f60677f23c4a530867a98f22b3768\",\"name\":\"diario2\",\"image\":{\"@type\":\"ImageObject\",\"inLanguage\":\"es\",\"@id\":\"https:\\\/\\\/secure.gravatar.com\\\/avatar\\\/5a2567495ba16b852fcd8f1ed006a2e24fcace936018ed8237e95f488ad6e0a7?s=96&d=mm&r=g\",\"url\":\"https:\\\/\\\/secure.gravatar.com\\\/avatar\\\/5a2567495ba16b852fcd8f1ed006a2e24fcace936018ed8237e95f488ad6e0a7?s=96&d=mm&r=g\",\"contentUrl\":\"https:\\\/\\\/secure.gravatar.com\\\/avatar\\\/5a2567495ba16b852fcd8f1ed006a2e24fcace936018ed8237e95f488ad6e0a7?s=96&d=mm&r=g\",\"caption\":\"diario2\"},\"url\":\"https:\\\/\\\/diariotextual.com\\\/inicio\\\/index.php\\\/author\\\/diario2\\\/\"}]}<\/script>\n<!-- \/ Yoast SEO plugin. -->","yoast_head_json":{"title":"Presentaron el Programa Desaf\u00edo Exportador Pampeano: qu\u00e9 asistencias prev\u00e9 - Diario Textual","robots":{"index":"index","follow":"follow","max-snippet":"max-snippet:-1","max-image-preview":"max-image-preview:large","max-video-preview":"max-video-preview:-1"},"canonical":"https:\/\/diariotextual.com\/inicio\/index.php\/2023\/04\/27\/presentaron-el-programa-desafio-exportador-pampeano-que-asistencias-preve\/","og_locale":"es_ES","og_type":"article","og_title":"Presentaron el Programa Desaf\u00edo Exportador Pampeano: qu\u00e9 asistencias prev\u00e9 - Diario Textual","og_description":"Ya abri\u00f3 la convocatoria para empresas que deseen participar del nuevo programa Desaf\u00edo Exportador Pampeano, una iniciativa del Gobierno de La Pampa que se llevar\u00e1 adelante a trav\u00e9s de la&hellip;","og_url":"https:\/\/diariotextual.com\/inicio\/index.php\/2023\/04\/27\/presentaron-el-programa-desafio-exportador-pampeano-que-asistencias-preve\/","og_site_name":"Diario Textual","article_publisher":"https:\/\/www.facebook.com\/eltextual","article_published_time":"2023-04-27T18:01:31+00:00","article_modified_time":"2023-04-28T00:02:19+00:00","og_image":[{"width":900,"height":507,"url":"https:\/\/diariotextual.com\/inicio\/wp-content\/uploads\/2021\/12\/icomexproyectos56.jpg","type":"image\/jpeg"}],"author":"diario2","twitter_card":"summary_large_image","twitter_creator":"@eltextual","twitter_site":"@eltextual","twitter_misc":{"Escrito por":"diario2","Tiempo de lectura":"3 minutos"},"schema":{"@context":"https:\/\/schema.org","@graph":[{"@type":"Article","@id":"https:\/\/diariotextual.com\/inicio\/index.php\/2023\/04\/27\/presentaron-el-programa-desafio-exportador-pampeano-que-asistencias-preve\/#article","isPartOf":{"@id":"https:\/\/diariotextual.com\/inicio\/index.php\/2023\/04\/27\/presentaron-el-programa-desafio-exportador-pampeano-que-asistencias-preve\/"},"author":{"name":"diario2","@id":"https:\/\/diariotextual.com\/inicio\/#\/schema\/person\/694f60677f23c4a530867a98f22b3768"},"headline":"Presentaron el Programa Desaf\u00edo Exportador Pampeano: qu\u00e9 asistencias prev\u00e9","datePublished":"2023-04-27T18:01:31+00:00","dateModified":"2023-04-28T00:02:19+00:00","mainEntityOfPage":{"@id":"https:\/\/diariotextual.com\/inicio\/index.php\/2023\/04\/27\/presentaron-el-programa-desafio-exportador-pampeano-que-asistencias-preve\/"},"wordCount":554,"publisher":{"@id":"https:\/\/diariotextual.com\/inicio\/#organization"},"image":{"@id":"https:\/\/diariotextual.com\/inicio\/index.php\/2023\/04\/27\/presentaron-el-programa-desafio-exportador-pampeano-que-asistencias-preve\/#primaryimage"},"thumbnailUrl":"https:\/\/diariotextual.com\/inicio\/wp-content\/uploads\/2021\/12\/icomexproyectos56.jpg","articleSection":["A - ES NOTICIA (van abajo)","SOCIEDAD"],"inLanguage":"es"},{"@type":"WebPage","@id":"https:\/\/diariotextual.com\/inicio\/index.php\/2023\/04\/27\/presentaron-el-programa-desafio-exportador-pampeano-que-asistencias-preve\/","url":"https:\/\/diariotextual.com\/inicio\/index.php\/2023\/04\/27\/presentaron-el-programa-desafio-exportador-pampeano-que-asistencias-preve\/","name":"Presentaron el Programa Desaf\u00edo Exportador Pampeano: qu\u00e9 asistencias prev\u00e9 - Diario Textual","isPartOf":{"@id":"https:\/\/diariotextual.com\/inicio\/#website"},"primaryImageOfPage":{"@id":"https:\/\/diariotextual.com\/inicio\/index.php\/2023\/04\/27\/presentaron-el-programa-desafio-exportador-pampeano-que-asistencias-preve\/#primaryimage"},"image":{"@id":"https:\/\/diariotextual.com\/inicio\/index.php\/2023\/04\/27\/presentaron-el-programa-desafio-exportador-pampeano-que-asistencias-preve\/#primaryimage"},"thumbnailUrl":"https:\/\/diariotextual.com\/inicio\/wp-content\/uploads\/2021\/12\/icomexproyectos56.jpg","datePublished":"2023-04-27T18:01:31+00:00","dateModified":"2023-04-28T00:02:19+00:00","breadcrumb":{"@id":"https:\/\/diariotextual.com\/inicio\/index.php\/2023\/04\/27\/presentaron-el-programa-desafio-exportador-pampeano-que-asistencias-preve\/#breadcrumb"},"inLanguage":"es","potentialAction":[{"@type":"ReadAction","target":["https:\/\/diariotextual.com\/inicio\/index.php\/2023\/04\/27\/presentaron-el-programa-desafio-exportador-pampeano-que-asistencias-preve\/"]}]},{"@type":"ImageObject","inLanguage":"es","@id":"https:\/\/diariotextual.com\/inicio\/index.php\/2023\/04\/27\/presentaron-el-programa-desafio-exportador-pampeano-que-asistencias-preve\/#primaryimage","url":"https:\/\/diariotextual.com\/inicio\/wp-content\/uploads\/2021\/12\/icomexproyectos56.jpg","contentUrl":"https:\/\/diariotextual.com\/inicio\/wp-content\/uploads\/2021\/12\/icomexproyectos56.jpg","width":900,"height":507},{"@type":"BreadcrumbList","@id":"https:\/\/diariotextual.com\/inicio\/index.php\/2023\/04\/27\/presentaron-el-programa-desafio-exportador-pampeano-que-asistencias-preve\/#breadcrumb","itemListElement":[{"@type":"ListItem","position":1,"name":"Portada","item":"https:\/\/diariotextual.com\/inicio\/"},{"@type":"ListItem","position":2,"name":"Presentaron el Programa Desaf\u00edo Exportador Pampeano: qu\u00e9 asistencias prev\u00e9"}]},{"@type":"WebSite","@id":"https:\/\/diariotextual.com\/inicio\/#website","url":"https:\/\/diariotextual.com\/inicio\/","name":"Diario Textual","description":"","publisher":{"@id":"https:\/\/diariotextual.com\/inicio\/#organization"},"potentialAction":[{"@type":"SearchAction","target":{"@type":"EntryPoint","urlTemplate":"https:\/\/diariotextual.com\/inicio\/?s={search_term_string}"},"query-input":{"@type":"PropertyValueSpecification","valueRequired":true,"valueName":"search_term_string"}}],"inLanguage":"es"},{"@type":"Organization","@id":"https:\/\/diariotextual.com\/inicio\/#organization","name":"Diario Textual","url":"https:\/\/diariotextual.com\/inicio\/","logo":{"@type":"ImageObject","inLanguage":"es","@id":"https:\/\/diariotextual.com\/inicio\/#\/schema\/logo\/image\/","url":"https:\/\/diariotextual.com\/inicio\/wp-content\/uploads\/2023\/05\/logotextual1.jpg","contentUrl":"https:\/\/diariotextual.com\/inicio\/wp-content\/uploads\/2023\/05\/logotextual1.jpg","width":516,"height":76,"caption":"Diario Textual"},"image":{"@id":"https:\/\/diariotextual.com\/inicio\/#\/schema\/logo\/image\/"},"sameAs":["https:\/\/www.facebook.com\/eltextual","https:\/\/x.com\/eltextual","http:\/\/www.instagram.com\/eltextual"]},{"@type":"Person","@id":"https:\/\/diariotextual.com\/inicio\/#\/schema\/person\/694f60677f23c4a530867a98f22b3768","name":"diario2","image":{"@type":"ImageObject","inLanguage":"es","@id":"https:\/\/secure.gravatar.com\/avatar\/5a2567495ba16b852fcd8f1ed006a2e24fcace936018ed8237e95f488ad6e0a7?s=96&d=mm&r=g","url":"https:\/\/secure.gravatar.com\/avatar\/5a2567495ba16b852fcd8f1ed006a2e24fcace936018ed8237e95f488ad6e0a7?s=96&d=mm&r=g","contentUrl":"https:\/\/secure.gravatar.com\/avatar\/5a2567495ba16b852fcd8f1ed006a2e24fcace936018ed8237e95f488ad6e0a7?s=96&d=mm&r=g","caption":"diario2"},"url":"https:\/\/diariotextual.com\/inicio\/index.php\/author\/diario2\/"}]}},"_links":{"self":[{"href":"https:\/\/diariotextual.com\/inicio\/index.php\/wp-json\/wp\/v2\/posts\/223501","targetHints":{"allow":["GET"]}}],"collection":[{"href":"https:\/\/diariotextual.com\/inicio\/index.php\/wp-json\/wp\/v2\/posts"}],"about":[{"href":"https:\/\/diariotextual.com\/inicio\/index.php\/wp-json\/wp\/v2\/types\/post"}],"author":[{"embeddable":true,"href":"https:\/\/diariotextual.com\/inicio\/index.php\/wp-json\/wp\/v2\/users\/4"}],"replies":[{"embeddable":true,"href":"https:\/\/diariotextual.com\/inicio\/index.php\/wp-json\/wp\/v2\/comments?post=223501"}],"version-history":[{"count":2,"href":"https:\/\/diariotextual.com\/inicio\/index.php\/wp-json\/wp\/v2\/posts\/223501\/revisions"}],"predecessor-version":[{"id":223503,"href":"https:\/\/diariotextual.com\/inicio\/index.php\/wp-json\/wp\/v2\/posts\/223501\/revisions\/223503"}],"wp:featuredmedia":[{"embeddable":true,"href":"https:\/\/diariotextual.com\/inicio\/index.php\/wp-json\/wp\/v2\/media\/174635"}],"wp:attachment":[{"href":"https:\/\/diariotextual.com\/inicio\/index.php\/wp-json\/wp\/v2\/media?parent=223501"}],"wp:term":[{"taxonomy":"category","embeddable":true,"href":"https:\/\/diariotextual.com\/inicio\/index.php\/wp-json\/wp\/v2\/categories?post=223501"},{"taxonomy":"post_tag","embeddable":true,"href":"https:\/\/diariotextual.com\/inicio\/index.php\/wp-json\/wp\/v2\/tags?post=223501"}],"curies":[{"name":"wp","href":"https:\/\/api.w.org\/{rel}","templated":true}]}}