{"id":223504,"date":"2023-04-27T17:17:51","date_gmt":"2023-04-27T20:17:51","guid":{"rendered":"https:\/\/diariotextual.com\/inicio\/?p=223504"},"modified":"2023-04-28T08:20:40","modified_gmt":"2023-04-28T11:20:40","slug":"aprobaron-los-cambios-del-estimulo-que-provoco-el-conflicto-en-rentas","status":"publish","type":"post","link":"https:\/\/diariotextual.com\/inicio\/index.php\/2023\/04\/27\/aprobaron-los-cambios-del-estimulo-que-provoco-el-conflicto-en-rentas\/","title":{"rendered":"Aprobaron los cambios del est\u00edmulo que provoc\u00f3 el conflicto en Rentas"},"content":{"rendered":"\n<p>La <strong>C\u00e1mara de Diputados de La Pampa <\/strong>aprob\u00f3, por mayor\u00eda, los cambios de un adicional para que, adem\u00e1s de los trabajadores de la Direcci\u00f3n de Rentas, lo perciban otros empleados del Ministerio de Hacienda. La iniciativa, enviada por el gobernador <strong>Sergio Ziliotto<\/strong>, cont\u00f3 con el visto bueno de 24 legisladores y legisladoras, del peronismo, el radicalismo y otros partidos, y el rechazo de Propuesta Federal.<\/p>\n\n\n\n<p><strong>Este est\u00edmulo era percibido solo por trabajadores de Rentas. Pero el a\u00f1o pasado, el entonces ministro Ernesto Franco decidi\u00f3 ampliarlo a otros trabajadores. De esa manera, los empleados de Rentas empezaron a cobrar un porcentaje menor. En ese marco, iniciaron medidas de fuerza. El conflicto comenz\u00f3 a resolverse el mes pasado, cuando el Gobierno ofert\u00f3 mantenerle el porcentaje del est\u00edmulo a los trabajadores de Rentas y a los nuevos incorporados, pero a cambio debi\u00f3 impulsar la modificaci\u00f3n del C\u00f3digo Fiscal para incrementar la masa a distribuir.<\/strong><\/p>\n\n\n\n<p>El miembro informante fue el peronista Julio Gonz\u00e1lez.<strong> \u201cSe trata de un incremento que tiene como destino un est\u00edmulo para empleados de Hacienda que incluye a Catastro, Rentas, la Subsecretar\u00eda de Hacienda, la Direcci\u00f3n de Presupuesto, entre otros. Surge en base al acuerdo con los gremios y trabajadores, por eso se le est\u00e1 dando soluci\u00f3n con una gran celeridad\u201d<\/strong>, destac\u00f3 el diputado.<\/p>\n\n\n\n<p>Marcos Cuelle, si bien acompa\u00f1\u00f3 la iniciativa, critic\u00f3 la medida. \u201c<strong>Es una tard\u00eda soluci\u00f3n porque se perjudicaron a los trabajadores llen\u00e1ndolos de angustia, y tard\u00eda para el Estado.<\/strong> Adem\u00e1s, la propuesta de elevar el porcentual es una soluci\u00f3n que no va a tener el efecto que se busca\u201d, dijo.<\/p>\n\n\n\n<p>Mart\u00edn Ardohain, del PRO, directamente la rechaz\u00f3. \u201c<strong>El problema se gener\u00f3 a partir de decisi\u00f3n unilateral del ex ministro Franco. Se afect\u00f3 gravemente a muchos sectores. Hoy cuando el conflicto se encuentra resuelto, el gobierno no se hace cargo de todos los perjuicios ocasionados, sino que se van a hacer cargo todos los pampeanos. Si el porcentaje era tan \u00ednfimo, \u00bfpor qu\u00e9 permitieron que Rentas estuviera paralizada?\u201d<\/strong>, se pregunt\u00f3 el legislador.&nbsp;<\/p>\n\n\n\n<p>En otro orden, se aprob\u00f3 por mayor\u00eda, con el rechazo de la UCR y Propuesta Federal, el proyecto de resoluci\u00f3n por el que manifiestan benepl\u00e1cito por la aprobaci\u00f3n de la Ley 27705 de Plan de Pago de Deuda Previsional. \u201cSe trata de hacer justicia para un mont\u00f3n de personas que han trabajado toda su vida\u201d, dijo Espartaco Mar\u00edn.<\/p>\n\n\n\n<p>Por su parte, Mauricio Ag\u00f3n dijo que el proyecto \u201clo \u00fanico que hace es generar mayor cantidad de personas con una jubilaci\u00f3n baja. Yo no pienso acompa\u00f1ar algo que incluya a personas en la indigencia\u201d, dijo.<\/p>\n\n\n\n<p>En el mismo sentido, Laura Trapaglia expres\u00f3: \u201cEstas moratorias son parches moment\u00e1neos. En este caso se va a aumentar el d\u00e9ficit fiscal, y las generaciones futuras se van a encontrar con un sistema quebrado. Esto tiene que ver con un populismo legislativo\u201d.<\/p>\n\n\n\n<p>M\u00e1s adelante <strong>sali\u00f3 por unanimidad el proyecto por el que repudian las expresiones de Javier Milei, en contra de la educaci\u00f3n p\u00fablica.<\/strong><\/p>\n\n\n\n<p>\u201cMilei no es un libertario sino es un fascista\u201d, dijo el diputado peronista Leonardo Avenda\u00f1o. \u201cEste personaje nos quiere retrotraer al fascismo. La educaci\u00f3n p\u00fablica hoy nos permite estar ac\u00e1, espero que todos est\u00e9n alerta frente a este nuevo emergente del fascismo\u201d, advirti\u00f3.<\/p>\n\n\n\n<p>El radical&nbsp;<strong>Francisco Torroba<\/strong>&nbsp;se pronunci\u00f3 en el mismo sentido. \u201cAlguien que se presenta como liberal contradice los principios del liberalismo. Hay una intenci\u00f3n de destruir lo mejor de la Argentina, que siempre fue la educaci\u00f3n. Todos fuimos argentinos a partir de la educaci\u00f3n, que permiti\u00f3 el ascenso social\u201d, dijo.<\/p>\n\n\n\n<p>El macrista&nbsp;<strong>Mart\u00edn Ardohain<\/strong>&nbsp;tambi\u00e9n apunt\u00f3 contra Milei. \u201cArgentina -dijo- no tiene la educaci\u00f3n de antes, ya que los chicos tienen muchos problemas, y esa es la raz\u00f3n por la que se le da lugar a estos personajes que hoy nos complica a todos\u201d.<\/p>\n\n\n\n<p>A su vez, se aprob\u00f3 por unanimidad la iniciativa por la que solicitan a los representantes de la provincia de La Pampa en el Congreso de la Naci\u00f3n el pronto tratamiento del Proyecto de Ley 4137-D-2022, \u00abR\u00e9gimen de Tarifa Inclusiva para personas con discapacidad\u00bb.<\/p>\n\n\n\n<p>Tambi\u00e9n se declar\u00f3 de Inter\u00e9s Legislativo el 6\u00b0 Paseo Regulado \u201cLa Ruta del Cald\u00e9n\u201d, y se felicit\u00f3 al programa radial \u201cFockloreando entre jinetes\u201d por sus 30 a\u00f1os de vida.<\/p>\n\n\n\n<p>A 20 a\u00f1os de la elecci\u00f3n presidencial de N\u00e9stor Kirchner, Mart\u00edn Balsa tom\u00f3 la palabra y destac\u00f3 que el ex presidente \u201cnos invit\u00f3 a so\u00f1ar, modificando una Corte Suprema al servicio de las corporaciones y nos sac\u00f3 del FMI\u201d.<\/p>\n\n\n\n<p>Leonardo Avenda\u00f1o record\u00f3 el primer paro de los trabajadores a la dictadura militar a 44 a\u00f1os de aquel suceso. \u201cHubo dos emblemas en esa \u00e9poca y fueron las Madres de Plaza de Mayo y el Movimiento Obrero Organizado\u201d, dijo.<\/p>\n\n\n\n<p>Por \u00faltimo, el vicegobernador Mariano Fern\u00e1ndez, junto a diputados y diputadas, felicitaron y despidieron a M\u00f3nica Castro, trabajadora del \u00e1rea de Ceremonial de la Legislatura que consigui\u00f3 su jubilaci\u00f3n.<\/p>\n\n\n\n<p><\/p>\n","protected":false},"excerpt":{"rendered":"<p>La C\u00e1mara de Diputados de La Pampa aprob\u00f3, por mayor\u00eda, los cambios de un adicional para que, adem\u00e1s de los trabajadores de la Direcci\u00f3n de Rentas, lo perciban otros empleados&hellip;<\/p>\n","protected":false},"author":3,"featured_media":223506,"comment_status":"closed","ping_status":"open","sticky":false,"template":"","format":"standard","meta":{"_acf_changed":false,"footnotes":""},"categories":[11,8],"tags":[],"class_list":["post-223504","post","type-post","status-publish","format-standard","has-post-thumbnail","hentry","category-que-pasa","category-politica"],"acf":[],"yoast_head":"<!-- This site is optimized with the Yoast SEO plugin v27.5 - https:\/\/yoast.com\/product\/yoast-seo-wordpress\/ -->\n<title>Aprobaron los cambios del est\u00edmulo que provoc\u00f3 el conflicto en Rentas - Diario Textual<\/title>\n<meta name=\"robots\" content=\"index, follow, max-snippet:-1, max-image-preview:large, max-video-preview:-1\" \/>\n<link rel=\"canonical\" href=\"https:\/\/diariotextual.com\/inicio\/index.php\/2023\/04\/27\/aprobaron-los-cambios-del-estimulo-que-provoco-el-conflicto-en-rentas\/\" \/>\n<meta property=\"og:locale\" content=\"es_ES\" \/>\n<meta property=\"og:type\" content=\"article\" \/>\n<meta property=\"og:title\" content=\"Aprobaron los cambios del est\u00edmulo que provoc\u00f3 el conflicto en Rentas - Diario Textual\" \/>\n<meta property=\"og:description\" content=\"La C\u00e1mara de Diputados de La Pampa aprob\u00f3, por mayor\u00eda, los cambios de un adicional para que, adem\u00e1s de los trabajadores de la Direcci\u00f3n de Rentas, lo perciban otros empleados&hellip;\" \/>\n<meta property=\"og:url\" content=\"https:\/\/diariotextual.com\/inicio\/index.php\/2023\/04\/27\/aprobaron-los-cambios-del-estimulo-que-provoco-el-conflicto-en-rentas\/\" \/>\n<meta property=\"og:site_name\" content=\"Diario Textual\" \/>\n<meta property=\"article:publisher\" content=\"https:\/\/www.facebook.com\/eltextual\" \/>\n<meta property=\"article:published_time\" content=\"2023-04-27T20:17:51+00:00\" \/>\n<meta property=\"article:modified_time\" content=\"2023-04-28T11:20:40+00:00\" \/>\n<meta property=\"og:image\" content=\"https:\/\/diariotextual.com\/inicio\/wp-content\/uploads\/2023\/04\/mayoralaliciaendiputados2023-1-scaled.jpg\" \/>\n\t<meta property=\"og:image:width\" content=\"2560\" \/>\n\t<meta property=\"og:image:height\" content=\"1696\" \/>\n\t<meta property=\"og:image:type\" content=\"image\/jpeg\" \/>\n<meta name=\"author\" content=\"Diario1 Diario1\" \/>\n<meta name=\"twitter:card\" content=\"summary_large_image\" \/>\n<meta name=\"twitter:creator\" content=\"@eltextual\" \/>\n<meta name=\"twitter:site\" content=\"@eltextual\" \/>\n<meta name=\"twitter:label1\" content=\"Escrito por\" \/>\n\t<meta name=\"twitter:data1\" content=\"Diario1 Diario1\" \/>\n\t<meta name=\"twitter:label2\" content=\"Tiempo de lectura\" \/>\n\t<meta name=\"twitter:data2\" content=\"4 minutos\" \/>\n<script type=\"application\/ld+json\" class=\"yoast-schema-graph\">{\"@context\":\"https:\\\/\\\/schema.org\",\"@graph\":[{\"@type\":\"Article\",\"@id\":\"https:\\\/\\\/diariotextual.com\\\/inicio\\\/index.php\\\/2023\\\/04\\\/27\\\/aprobaron-los-cambios-del-estimulo-que-provoco-el-conflicto-en-rentas\\\/#article\",\"isPartOf\":{\"@id\":\"https:\\\/\\\/diariotextual.com\\\/inicio\\\/index.php\\\/2023\\\/04\\\/27\\\/aprobaron-los-cambios-del-estimulo-que-provoco-el-conflicto-en-rentas\\\/\"},\"author\":{\"name\":\"Diario1 Diario1\",\"@id\":\"https:\\\/\\\/diariotextual.com\\\/inicio\\\/#\\\/schema\\\/person\\\/418fc4093c33e86ed41562db3508f958\"},\"headline\":\"Aprobaron los cambios del est\u00edmulo que provoc\u00f3 el conflicto en Rentas\",\"datePublished\":\"2023-04-27T20:17:51+00:00\",\"dateModified\":\"2023-04-28T11:20:40+00:00\",\"mainEntityOfPage\":{\"@id\":\"https:\\\/\\\/diariotextual.com\\\/inicio\\\/index.php\\\/2023\\\/04\\\/27\\\/aprobaron-los-cambios-del-estimulo-que-provoco-el-conflicto-en-rentas\\\/\"},\"wordCount\":882,\"publisher\":{\"@id\":\"https:\\\/\\\/diariotextual.com\\\/inicio\\\/#organization\"},\"image\":{\"@id\":\"https:\\\/\\\/diariotextual.com\\\/inicio\\\/index.php\\\/2023\\\/04\\\/27\\\/aprobaron-los-cambios-del-estimulo-que-provoco-el-conflicto-en-rentas\\\/#primaryimage\"},\"thumbnailUrl\":\"https:\\\/\\\/diariotextual.com\\\/inicio\\\/wp-content\\\/uploads\\\/2023\\\/04\\\/mayoralaliciaendiputados2023-1-scaled.jpg\",\"articleSection\":[\"A - QUE PASA (al costado)\",\"POLITICA\"],\"inLanguage\":\"es\"},{\"@type\":\"WebPage\",\"@id\":\"https:\\\/\\\/diariotextual.com\\\/inicio\\\/index.php\\\/2023\\\/04\\\/27\\\/aprobaron-los-cambios-del-estimulo-que-provoco-el-conflicto-en-rentas\\\/\",\"url\":\"https:\\\/\\\/diariotextual.com\\\/inicio\\\/index.php\\\/2023\\\/04\\\/27\\\/aprobaron-los-cambios-del-estimulo-que-provoco-el-conflicto-en-rentas\\\/\",\"name\":\"Aprobaron los cambios del est\u00edmulo que provoc\u00f3 el conflicto en Rentas - Diario Textual\",\"isPartOf\":{\"@id\":\"https:\\\/\\\/diariotextual.com\\\/inicio\\\/#website\"},\"primaryImageOfPage\":{\"@id\":\"https:\\\/\\\/diariotextual.com\\\/inicio\\\/index.php\\\/2023\\\/04\\\/27\\\/aprobaron-los-cambios-del-estimulo-que-provoco-el-conflicto-en-rentas\\\/#primaryimage\"},\"image\":{\"@id\":\"https:\\\/\\\/diariotextual.com\\\/inicio\\\/index.php\\\/2023\\\/04\\\/27\\\/aprobaron-los-cambios-del-estimulo-que-provoco-el-conflicto-en-rentas\\\/#primaryimage\"},\"thumbnailUrl\":\"https:\\\/\\\/diariotextual.com\\\/inicio\\\/wp-content\\\/uploads\\\/2023\\\/04\\\/mayoralaliciaendiputados2023-1-scaled.jpg\",\"datePublished\":\"2023-04-27T20:17:51+00:00\",\"dateModified\":\"2023-04-28T11:20:40+00:00\",\"breadcrumb\":{\"@id\":\"https:\\\/\\\/diariotextual.com\\\/inicio\\\/index.php\\\/2023\\\/04\\\/27\\\/aprobaron-los-cambios-del-estimulo-que-provoco-el-conflicto-en-rentas\\\/#breadcrumb\"},\"inLanguage\":\"es\",\"potentialAction\":[{\"@type\":\"ReadAction\",\"target\":[\"https:\\\/\\\/diariotextual.com\\\/inicio\\\/index.php\\\/2023\\\/04\\\/27\\\/aprobaron-los-cambios-del-estimulo-que-provoco-el-conflicto-en-rentas\\\/\"]}]},{\"@type\":\"ImageObject\",\"inLanguage\":\"es\",\"@id\":\"https:\\\/\\\/diariotextual.com\\\/inicio\\\/index.php\\\/2023\\\/04\\\/27\\\/aprobaron-los-cambios-del-estimulo-que-provoco-el-conflicto-en-rentas\\\/#primaryimage\",\"url\":\"https:\\\/\\\/diariotextual.com\\\/inicio\\\/wp-content\\\/uploads\\\/2023\\\/04\\\/mayoralaliciaendiputados2023-1-scaled.jpg\",\"contentUrl\":\"https:\\\/\\\/diariotextual.com\\\/inicio\\\/wp-content\\\/uploads\\\/2023\\\/04\\\/mayoralaliciaendiputados2023-1-scaled.jpg\",\"width\":2560,\"height\":1696},{\"@type\":\"BreadcrumbList\",\"@id\":\"https:\\\/\\\/diariotextual.com\\\/inicio\\\/index.php\\\/2023\\\/04\\\/27\\\/aprobaron-los-cambios-del-estimulo-que-provoco-el-conflicto-en-rentas\\\/#breadcrumb\",\"itemListElement\":[{\"@type\":\"ListItem\",\"position\":1,\"name\":\"Portada\",\"item\":\"https:\\\/\\\/diariotextual.com\\\/inicio\\\/\"},{\"@type\":\"ListItem\",\"position\":2,\"name\":\"Aprobaron los cambios del est\u00edmulo que provoc\u00f3 el conflicto en Rentas\"}]},{\"@type\":\"WebSite\",\"@id\":\"https:\\\/\\\/diariotextual.com\\\/inicio\\\/#website\",\"url\":\"https:\\\/\\\/diariotextual.com\\\/inicio\\\/\",\"name\":\"Diario Textual\",\"description\":\"\",\"publisher\":{\"@id\":\"https:\\\/\\\/diariotextual.com\\\/inicio\\\/#organization\"},\"potentialAction\":[{\"@type\":\"SearchAction\",\"target\":{\"@type\":\"EntryPoint\",\"urlTemplate\":\"https:\\\/\\\/diariotextual.com\\\/inicio\\\/?s={search_term_string}\"},\"query-input\":{\"@type\":\"PropertyValueSpecification\",\"valueRequired\":true,\"valueName\":\"search_term_string\"}}],\"inLanguage\":\"es\"},{\"@type\":\"Organization\",\"@id\":\"https:\\\/\\\/diariotextual.com\\\/inicio\\\/#organization\",\"name\":\"Diario Textual\",\"url\":\"https:\\\/\\\/diariotextual.com\\\/inicio\\\/\",\"logo\":{\"@type\":\"ImageObject\",\"inLanguage\":\"es\",\"@id\":\"https:\\\/\\\/diariotextual.com\\\/inicio\\\/#\\\/schema\\\/logo\\\/image\\\/\",\"url\":\"https:\\\/\\\/diariotextual.com\\\/inicio\\\/wp-content\\\/uploads\\\/2023\\\/05\\\/logotextual1.jpg\",\"contentUrl\":\"https:\\\/\\\/diariotextual.com\\\/inicio\\\/wp-content\\\/uploads\\\/2023\\\/05\\\/logotextual1.jpg\",\"width\":516,\"height\":76,\"caption\":\"Diario Textual\"},\"image\":{\"@id\":\"https:\\\/\\\/diariotextual.com\\\/inicio\\\/#\\\/schema\\\/logo\\\/image\\\/\"},\"sameAs\":[\"https:\\\/\\\/www.facebook.com\\\/eltextual\",\"https:\\\/\\\/x.com\\\/eltextual\",\"http:\\\/\\\/www.instagram.com\\\/eltextual\"]},{\"@type\":\"Person\",\"@id\":\"https:\\\/\\\/diariotextual.com\\\/inicio\\\/#\\\/schema\\\/person\\\/418fc4093c33e86ed41562db3508f958\",\"name\":\"Diario1 Diario1\",\"image\":{\"@type\":\"ImageObject\",\"inLanguage\":\"es\",\"@id\":\"https:\\\/\\\/secure.gravatar.com\\\/avatar\\\/9167d280179c85bc18be67aa7eda765854300033af4896dd779b608640f2ef7a?s=96&d=mm&r=g\",\"url\":\"https:\\\/\\\/secure.gravatar.com\\\/avatar\\\/9167d280179c85bc18be67aa7eda765854300033af4896dd779b608640f2ef7a?s=96&d=mm&r=g\",\"contentUrl\":\"https:\\\/\\\/secure.gravatar.com\\\/avatar\\\/9167d280179c85bc18be67aa7eda765854300033af4896dd779b608640f2ef7a?s=96&d=mm&r=g\",\"caption\":\"Diario1 Diario1\"},\"url\":\"https:\\\/\\\/diariotextual.com\\\/inicio\\\/index.php\\\/author\\\/diario1\\\/\"}]}<\/script>\n<!-- \/ Yoast SEO plugin. -->","yoast_head_json":{"title":"Aprobaron los cambios del est\u00edmulo que provoc\u00f3 el conflicto en Rentas - Diario Textual","robots":{"index":"index","follow":"follow","max-snippet":"max-snippet:-1","max-image-preview":"max-image-preview:large","max-video-preview":"max-video-preview:-1"},"canonical":"https:\/\/diariotextual.com\/inicio\/index.php\/2023\/04\/27\/aprobaron-los-cambios-del-estimulo-que-provoco-el-conflicto-en-rentas\/","og_locale":"es_ES","og_type":"article","og_title":"Aprobaron los cambios del est\u00edmulo que provoc\u00f3 el conflicto en Rentas - Diario Textual","og_description":"La C\u00e1mara de Diputados de La Pampa aprob\u00f3, por mayor\u00eda, los cambios de un adicional para que, adem\u00e1s de los trabajadores de la Direcci\u00f3n de Rentas, lo perciban otros empleados&hellip;","og_url":"https:\/\/diariotextual.com\/inicio\/index.php\/2023\/04\/27\/aprobaron-los-cambios-del-estimulo-que-provoco-el-conflicto-en-rentas\/","og_site_name":"Diario Textual","article_publisher":"https:\/\/www.facebook.com\/eltextual","article_published_time":"2023-04-27T20:17:51+00:00","article_modified_time":"2023-04-28T11:20:40+00:00","og_image":[{"width":2560,"height":1696,"url":"https:\/\/diariotextual.com\/inicio\/wp-content\/uploads\/2023\/04\/mayoralaliciaendiputados2023-1-scaled.jpg","type":"image\/jpeg"}],"author":"Diario1 Diario1","twitter_card":"summary_large_image","twitter_creator":"@eltextual","twitter_site":"@eltextual","twitter_misc":{"Escrito por":"Diario1 Diario1","Tiempo de lectura":"4 minutos"},"schema":{"@context":"https:\/\/schema.org","@graph":[{"@type":"Article","@id":"https:\/\/diariotextual.com\/inicio\/index.php\/2023\/04\/27\/aprobaron-los-cambios-del-estimulo-que-provoco-el-conflicto-en-rentas\/#article","isPartOf":{"@id":"https:\/\/diariotextual.com\/inicio\/index.php\/2023\/04\/27\/aprobaron-los-cambios-del-estimulo-que-provoco-el-conflicto-en-rentas\/"},"author":{"name":"Diario1 Diario1","@id":"https:\/\/diariotextual.com\/inicio\/#\/schema\/person\/418fc4093c33e86ed41562db3508f958"},"headline":"Aprobaron los cambios del est\u00edmulo que provoc\u00f3 el conflicto en Rentas","datePublished":"2023-04-27T20:17:51+00:00","dateModified":"2023-04-28T11:20:40+00:00","mainEntityOfPage":{"@id":"https:\/\/diariotextual.com\/inicio\/index.php\/2023\/04\/27\/aprobaron-los-cambios-del-estimulo-que-provoco-el-conflicto-en-rentas\/"},"wordCount":882,"publisher":{"@id":"https:\/\/diariotextual.com\/inicio\/#organization"},"image":{"@id":"https:\/\/diariotextual.com\/inicio\/index.php\/2023\/04\/27\/aprobaron-los-cambios-del-estimulo-que-provoco-el-conflicto-en-rentas\/#primaryimage"},"thumbnailUrl":"https:\/\/diariotextual.com\/inicio\/wp-content\/uploads\/2023\/04\/mayoralaliciaendiputados2023-1-scaled.jpg","articleSection":["A - QUE PASA (al costado)","POLITICA"],"inLanguage":"es"},{"@type":"WebPage","@id":"https:\/\/diariotextual.com\/inicio\/index.php\/2023\/04\/27\/aprobaron-los-cambios-del-estimulo-que-provoco-el-conflicto-en-rentas\/","url":"https:\/\/diariotextual.com\/inicio\/index.php\/2023\/04\/27\/aprobaron-los-cambios-del-estimulo-que-provoco-el-conflicto-en-rentas\/","name":"Aprobaron los cambios del est\u00edmulo que provoc\u00f3 el conflicto en Rentas - Diario Textual","isPartOf":{"@id":"https:\/\/diariotextual.com\/inicio\/#website"},"primaryImageOfPage":{"@id":"https:\/\/diariotextual.com\/inicio\/index.php\/2023\/04\/27\/aprobaron-los-cambios-del-estimulo-que-provoco-el-conflicto-en-rentas\/#primaryimage"},"image":{"@id":"https:\/\/diariotextual.com\/inicio\/index.php\/2023\/04\/27\/aprobaron-los-cambios-del-estimulo-que-provoco-el-conflicto-en-rentas\/#primaryimage"},"thumbnailUrl":"https:\/\/diariotextual.com\/inicio\/wp-content\/uploads\/2023\/04\/mayoralaliciaendiputados2023-1-scaled.jpg","datePublished":"2023-04-27T20:17:51+00:00","dateModified":"2023-04-28T11:20:40+00:00","breadcrumb":{"@id":"https:\/\/diariotextual.com\/inicio\/index.php\/2023\/04\/27\/aprobaron-los-cambios-del-estimulo-que-provoco-el-conflicto-en-rentas\/#breadcrumb"},"inLanguage":"es","potentialAction":[{"@type":"ReadAction","target":["https:\/\/diariotextual.com\/inicio\/index.php\/2023\/04\/27\/aprobaron-los-cambios-del-estimulo-que-provoco-el-conflicto-en-rentas\/"]}]},{"@type":"ImageObject","inLanguage":"es","@id":"https:\/\/diariotextual.com\/inicio\/index.php\/2023\/04\/27\/aprobaron-los-cambios-del-estimulo-que-provoco-el-conflicto-en-rentas\/#primaryimage","url":"https:\/\/diariotextual.com\/inicio\/wp-content\/uploads\/2023\/04\/mayoralaliciaendiputados2023-1-scaled.jpg","contentUrl":"https:\/\/diariotextual.com\/inicio\/wp-content\/uploads\/2023\/04\/mayoralaliciaendiputados2023-1-scaled.jpg","width":2560,"height":1696},{"@type":"BreadcrumbList","@id":"https:\/\/diariotextual.com\/inicio\/index.php\/2023\/04\/27\/aprobaron-los-cambios-del-estimulo-que-provoco-el-conflicto-en-rentas\/#breadcrumb","itemListElement":[{"@type":"ListItem","position":1,"name":"Portada","item":"https:\/\/diariotextual.com\/inicio\/"},{"@type":"ListItem","position":2,"name":"Aprobaron los cambios del est\u00edmulo que provoc\u00f3 el conflicto en Rentas"}]},{"@type":"WebSite","@id":"https:\/\/diariotextual.com\/inicio\/#website","url":"https:\/\/diariotextual.com\/inicio\/","name":"Diario Textual","description":"","publisher":{"@id":"https:\/\/diariotextual.com\/inicio\/#organization"},"potentialAction":[{"@type":"SearchAction","target":{"@type":"EntryPoint","urlTemplate":"https:\/\/diariotextual.com\/inicio\/?s={search_term_string}"},"query-input":{"@type":"PropertyValueSpecification","valueRequired":true,"valueName":"search_term_string"}}],"inLanguage":"es"},{"@type":"Organization","@id":"https:\/\/diariotextual.com\/inicio\/#organization","name":"Diario Textual","url":"https:\/\/diariotextual.com\/inicio\/","logo":{"@type":"ImageObject","inLanguage":"es","@id":"https:\/\/diariotextual.com\/inicio\/#\/schema\/logo\/image\/","url":"https:\/\/diariotextual.com\/inicio\/wp-content\/uploads\/2023\/05\/logotextual1.jpg","contentUrl":"https:\/\/diariotextual.com\/inicio\/wp-content\/uploads\/2023\/05\/logotextual1.jpg","width":516,"height":76,"caption":"Diario Textual"},"image":{"@id":"https:\/\/diariotextual.com\/inicio\/#\/schema\/logo\/image\/"},"sameAs":["https:\/\/www.facebook.com\/eltextual","https:\/\/x.com\/eltextual","http:\/\/www.instagram.com\/eltextual"]},{"@type":"Person","@id":"https:\/\/diariotextual.com\/inicio\/#\/schema\/person\/418fc4093c33e86ed41562db3508f958","name":"Diario1 Diario1","image":{"@type":"ImageObject","inLanguage":"es","@id":"https:\/\/secure.gravatar.com\/avatar\/9167d280179c85bc18be67aa7eda765854300033af4896dd779b608640f2ef7a?s=96&d=mm&r=g","url":"https:\/\/secure.gravatar.com\/avatar\/9167d280179c85bc18be67aa7eda765854300033af4896dd779b608640f2ef7a?s=96&d=mm&r=g","contentUrl":"https:\/\/secure.gravatar.com\/avatar\/9167d280179c85bc18be67aa7eda765854300033af4896dd779b608640f2ef7a?s=96&d=mm&r=g","caption":"Diario1 Diario1"},"url":"https:\/\/diariotextual.com\/inicio\/index.php\/author\/diario1\/"}]}},"_links":{"self":[{"href":"https:\/\/diariotextual.com\/inicio\/index.php\/wp-json\/wp\/v2\/posts\/223504","targetHints":{"allow":["GET"]}}],"collection":[{"href":"https:\/\/diariotextual.com\/inicio\/index.php\/wp-json\/wp\/v2\/posts"}],"about":[{"href":"https:\/\/diariotextual.com\/inicio\/index.php\/wp-json\/wp\/v2\/types\/post"}],"author":[{"embeddable":true,"href":"https:\/\/diariotextual.com\/inicio\/index.php\/wp-json\/wp\/v2\/users\/3"}],"replies":[{"embeddable":true,"href":"https:\/\/diariotextual.com\/inicio\/index.php\/wp-json\/wp\/v2\/comments?post=223504"}],"version-history":[{"count":7,"href":"https:\/\/diariotextual.com\/inicio\/index.php\/wp-json\/wp\/v2\/posts\/223504\/revisions"}],"predecessor-version":[{"id":223584,"href":"https:\/\/diariotextual.com\/inicio\/index.php\/wp-json\/wp\/v2\/posts\/223504\/revisions\/223584"}],"wp:featuredmedia":[{"embeddable":true,"href":"https:\/\/diariotextual.com\/inicio\/index.php\/wp-json\/wp\/v2\/media\/223506"}],"wp:attachment":[{"href":"https:\/\/diariotextual.com\/inicio\/index.php\/wp-json\/wp\/v2\/media?parent=223504"}],"wp:term":[{"taxonomy":"category","embeddable":true,"href":"https:\/\/diariotextual.com\/inicio\/index.php\/wp-json\/wp\/v2\/categories?post=223504"},{"taxonomy":"post_tag","embeddable":true,"href":"https:\/\/diariotextual.com\/inicio\/index.php\/wp-json\/wp\/v2\/tags?post=223504"}],"curies":[{"name":"wp","href":"https:\/\/api.w.org\/{rel}","templated":true}]}}