{"id":223571,"date":"2023-04-28T07:37:50","date_gmt":"2023-04-28T10:37:50","guid":{"rendered":"https:\/\/diariotextual.com\/inicio\/?p=223571"},"modified":"2023-04-28T07:37:51","modified_gmt":"2023-04-28T10:37:51","slug":"levantamiento-representante-olimpica-dicta-una-capacitacion-en-la-pampa","status":"publish","type":"post","link":"https:\/\/diariotextual.com\/inicio\/index.php\/2023\/04\/28\/levantamiento-representante-olimpica-dicta-una-capacitacion-en-la-pampa\/","title":{"rendered":"Levantamiento: representante ol\u00edmpica dicta una capacitaci\u00f3n en La Pampa"},"content":{"rendered":"\n<p>La representante ol\u00edmpica de Argentina en los Juegos 2000, 2004 y 2008, <strong>Nora K\u00f6ppel<\/strong>, brindar\u00e1 una capacitaci\u00f3n para deportistas y entrenadores este s\u00e1bado en Santa Rosa junto a su hist\u00f3rico entrenador, Sergio Parra.<\/p>\n\n\n\n<p>El encuentro es organizado por la Subsecretar\u00eda de Deportes, Recreaci\u00f3n y Turismo del Ministerio de Desarrollo Social.<\/p>\n\n\n\n<p><strong>La capacitaci\u00f3n, que se dividir\u00e1 en dos turnos -9 a 12 y 14 a 17- se llevar\u00e1 a cabo en el gimnasio Taurus <\/strong>y se enmarca en las actividades de fomento para la disciplina que forma parte del programa \u201c\u2013 1000 + Deportes\u201d y que est\u00e1 inclu\u00edda dentro de los Juegos de Integraci\u00f3n Patag\u00f3nica de la que participar\u00e1 La Pampa.<\/p>\n\n\n\n<p><strong>K\u00f6ppel fue la primera mujer en la historia de las pesas argentinas en clasificar a un juego ol\u00edmpico en Sydney 2000, <\/strong>en donde obtuvo diploma ol\u00edmpico (octavo puesto). Con otra participaci\u00f3n ol\u00edmpica en Atenas 2004 y Beijing 2008, a lo largo de su carrera tambi\u00e9n represent\u00f3 a la Argentina en diferentes competiciones continentales.<\/p>\n\n\n\n<p>El programa: 8.45 horas acreditaci\u00f3n; 9hs apertura de la jornada; 9hs a 12hs capacitaci\u00f3n; 12hs a 14hs pausa; 14hs a 17hs capacitaci\u00f3n; 17.15hs, entrega de certificados.<\/p>\n\n\n\n<p>La actividad est\u00e1 dirigida a profesores de Educaci\u00f3n F\u00edsica, entrenadores, coaches de fitness, adem\u00e1s de los deportistas.<\/p>\n","protected":false},"excerpt":{"rendered":"<p>La representante ol\u00edmpica de Argentina en los Juegos 2000, 2004 y 2008, Nora K\u00f6ppel, brindar\u00e1 una capacitaci\u00f3n para deportistas y entrenadores este s\u00e1bado en Santa Rosa junto a su hist\u00f3rico&hellip;<\/p>\n","protected":false},"author":4,"featured_media":223580,"comment_status":"closed","ping_status":"open","sticky":false,"template":"","format":"standard","meta":{"_acf_changed":false,"footnotes":""},"categories":[1,3],"tags":[],"class_list":["post-223571","post","type-post","status-publish","format-standard","has-post-thumbnail","hentry","category-es-noticia","category-deportes"],"acf":[],"yoast_head":"<!-- This site is optimized with the Yoast SEO plugin v27.5 - https:\/\/yoast.com\/product\/yoast-seo-wordpress\/ -->\n<title>Levantamiento: representante ol\u00edmpica dicta una capacitaci\u00f3n en La Pampa - Diario Textual<\/title>\n<meta name=\"robots\" content=\"index, follow, max-snippet:-1, max-image-preview:large, max-video-preview:-1\" \/>\n<link rel=\"canonical\" href=\"https:\/\/diariotextual.com\/inicio\/index.php\/2023\/04\/28\/levantamiento-representante-olimpica-dicta-una-capacitacion-en-la-pampa\/\" \/>\n<meta property=\"og:locale\" content=\"es_ES\" \/>\n<meta property=\"og:type\" content=\"article\" \/>\n<meta property=\"og:title\" content=\"Levantamiento: representante ol\u00edmpica dicta una capacitaci\u00f3n en La Pampa - Diario Textual\" \/>\n<meta property=\"og:description\" content=\"La representante ol\u00edmpica de Argentina en los Juegos 2000, 2004 y 2008, Nora K\u00f6ppel, brindar\u00e1 una capacitaci\u00f3n para deportistas y entrenadores este s\u00e1bado en Santa Rosa junto a su hist\u00f3rico&hellip;\" \/>\n<meta property=\"og:url\" content=\"https:\/\/diariotextual.com\/inicio\/index.php\/2023\/04\/28\/levantamiento-representante-olimpica-dicta-una-capacitacion-en-la-pampa\/\" \/>\n<meta property=\"og:site_name\" content=\"Diario Textual\" \/>\n<meta property=\"article:publisher\" content=\"https:\/\/www.facebook.com\/eltextual\" \/>\n<meta property=\"article:published_time\" content=\"2023-04-28T10:37:50+00:00\" \/>\n<meta property=\"article:modified_time\" content=\"2023-04-28T10:37:51+00:00\" \/>\n<meta property=\"og:image\" content=\"https:\/\/diariotextual.com\/inicio\/wp-content\/uploads\/2023\/04\/koppelnora735.jpg\" \/>\n\t<meta property=\"og:image:width\" content=\"900\" \/>\n\t<meta property=\"og:image:height\" content=\"507\" \/>\n\t<meta property=\"og:image:type\" content=\"image\/jpeg\" \/>\n<meta name=\"author\" content=\"diario2\" \/>\n<meta name=\"twitter:card\" content=\"summary_large_image\" \/>\n<meta name=\"twitter:creator\" content=\"@eltextual\" \/>\n<meta name=\"twitter:site\" content=\"@eltextual\" \/>\n<meta name=\"twitter:label1\" content=\"Escrito por\" \/>\n\t<meta name=\"twitter:data1\" content=\"diario2\" \/>\n\t<meta name=\"twitter:label2\" content=\"Tiempo de lectura\" \/>\n\t<meta name=\"twitter:data2\" content=\"1 minuto\" \/>\n<script type=\"application\/ld+json\" class=\"yoast-schema-graph\">{\"@context\":\"https:\\\/\\\/schema.org\",\"@graph\":[{\"@type\":\"Article\",\"@id\":\"https:\\\/\\\/diariotextual.com\\\/inicio\\\/index.php\\\/2023\\\/04\\\/28\\\/levantamiento-representante-olimpica-dicta-una-capacitacion-en-la-pampa\\\/#article\",\"isPartOf\":{\"@id\":\"https:\\\/\\\/diariotextual.com\\\/inicio\\\/index.php\\\/2023\\\/04\\\/28\\\/levantamiento-representante-olimpica-dicta-una-capacitacion-en-la-pampa\\\/\"},\"author\":{\"name\":\"diario2\",\"@id\":\"https:\\\/\\\/diariotextual.com\\\/inicio\\\/#\\\/schema\\\/person\\\/694f60677f23c4a530867a98f22b3768\"},\"headline\":\"Levantamiento: representante ol\u00edmpica dicta una capacitaci\u00f3n en La Pampa\",\"datePublished\":\"2023-04-28T10:37:50+00:00\",\"dateModified\":\"2023-04-28T10:37:51+00:00\",\"mainEntityOfPage\":{\"@id\":\"https:\\\/\\\/diariotextual.com\\\/inicio\\\/index.php\\\/2023\\\/04\\\/28\\\/levantamiento-representante-olimpica-dicta-una-capacitacion-en-la-pampa\\\/\"},\"wordCount\":228,\"publisher\":{\"@id\":\"https:\\\/\\\/diariotextual.com\\\/inicio\\\/#organization\"},\"image\":{\"@id\":\"https:\\\/\\\/diariotextual.com\\\/inicio\\\/index.php\\\/2023\\\/04\\\/28\\\/levantamiento-representante-olimpica-dicta-una-capacitacion-en-la-pampa\\\/#primaryimage\"},\"thumbnailUrl\":\"https:\\\/\\\/diariotextual.com\\\/inicio\\\/wp-content\\\/uploads\\\/2023\\\/04\\\/koppelnora735.jpg\",\"articleSection\":[\"A - ES NOTICIA (van abajo)\",\"DEPORTES\"],\"inLanguage\":\"es\"},{\"@type\":\"WebPage\",\"@id\":\"https:\\\/\\\/diariotextual.com\\\/inicio\\\/index.php\\\/2023\\\/04\\\/28\\\/levantamiento-representante-olimpica-dicta-una-capacitacion-en-la-pampa\\\/\",\"url\":\"https:\\\/\\\/diariotextual.com\\\/inicio\\\/index.php\\\/2023\\\/04\\\/28\\\/levantamiento-representante-olimpica-dicta-una-capacitacion-en-la-pampa\\\/\",\"name\":\"Levantamiento: representante ol\u00edmpica dicta una capacitaci\u00f3n en La Pampa - Diario Textual\",\"isPartOf\":{\"@id\":\"https:\\\/\\\/diariotextual.com\\\/inicio\\\/#website\"},\"primaryImageOfPage\":{\"@id\":\"https:\\\/\\\/diariotextual.com\\\/inicio\\\/index.php\\\/2023\\\/04\\\/28\\\/levantamiento-representante-olimpica-dicta-una-capacitacion-en-la-pampa\\\/#primaryimage\"},\"image\":{\"@id\":\"https:\\\/\\\/diariotextual.com\\\/inicio\\\/index.php\\\/2023\\\/04\\\/28\\\/levantamiento-representante-olimpica-dicta-una-capacitacion-en-la-pampa\\\/#primaryimage\"},\"thumbnailUrl\":\"https:\\\/\\\/diariotextual.com\\\/inicio\\\/wp-content\\\/uploads\\\/2023\\\/04\\\/koppelnora735.jpg\",\"datePublished\":\"2023-04-28T10:37:50+00:00\",\"dateModified\":\"2023-04-28T10:37:51+00:00\",\"breadcrumb\":{\"@id\":\"https:\\\/\\\/diariotextual.com\\\/inicio\\\/index.php\\\/2023\\\/04\\\/28\\\/levantamiento-representante-olimpica-dicta-una-capacitacion-en-la-pampa\\\/#breadcrumb\"},\"inLanguage\":\"es\",\"potentialAction\":[{\"@type\":\"ReadAction\",\"target\":[\"https:\\\/\\\/diariotextual.com\\\/inicio\\\/index.php\\\/2023\\\/04\\\/28\\\/levantamiento-representante-olimpica-dicta-una-capacitacion-en-la-pampa\\\/\"]}]},{\"@type\":\"ImageObject\",\"inLanguage\":\"es\",\"@id\":\"https:\\\/\\\/diariotextual.com\\\/inicio\\\/index.php\\\/2023\\\/04\\\/28\\\/levantamiento-representante-olimpica-dicta-una-capacitacion-en-la-pampa\\\/#primaryimage\",\"url\":\"https:\\\/\\\/diariotextual.com\\\/inicio\\\/wp-content\\\/uploads\\\/2023\\\/04\\\/koppelnora735.jpg\",\"contentUrl\":\"https:\\\/\\\/diariotextual.com\\\/inicio\\\/wp-content\\\/uploads\\\/2023\\\/04\\\/koppelnora735.jpg\",\"width\":900,\"height\":507},{\"@type\":\"BreadcrumbList\",\"@id\":\"https:\\\/\\\/diariotextual.com\\\/inicio\\\/index.php\\\/2023\\\/04\\\/28\\\/levantamiento-representante-olimpica-dicta-una-capacitacion-en-la-pampa\\\/#breadcrumb\",\"itemListElement\":[{\"@type\":\"ListItem\",\"position\":1,\"name\":\"Portada\",\"item\":\"https:\\\/\\\/diariotextual.com\\\/inicio\\\/\"},{\"@type\":\"ListItem\",\"position\":2,\"name\":\"Levantamiento: representante ol\u00edmpica dicta una capacitaci\u00f3n en La Pampa\"}]},{\"@type\":\"WebSite\",\"@id\":\"https:\\\/\\\/diariotextual.com\\\/inicio\\\/#website\",\"url\":\"https:\\\/\\\/diariotextual.com\\\/inicio\\\/\",\"name\":\"Diario Textual\",\"description\":\"\",\"publisher\":{\"@id\":\"https:\\\/\\\/diariotextual.com\\\/inicio\\\/#organization\"},\"potentialAction\":[{\"@type\":\"SearchAction\",\"target\":{\"@type\":\"EntryPoint\",\"urlTemplate\":\"https:\\\/\\\/diariotextual.com\\\/inicio\\\/?s={search_term_string}\"},\"query-input\":{\"@type\":\"PropertyValueSpecification\",\"valueRequired\":true,\"valueName\":\"search_term_string\"}}],\"inLanguage\":\"es\"},{\"@type\":\"Organization\",\"@id\":\"https:\\\/\\\/diariotextual.com\\\/inicio\\\/#organization\",\"name\":\"Diario Textual\",\"url\":\"https:\\\/\\\/diariotextual.com\\\/inicio\\\/\",\"logo\":{\"@type\":\"ImageObject\",\"inLanguage\":\"es\",\"@id\":\"https:\\\/\\\/diariotextual.com\\\/inicio\\\/#\\\/schema\\\/logo\\\/image\\\/\",\"url\":\"https:\\\/\\\/diariotextual.com\\\/inicio\\\/wp-content\\\/uploads\\\/2023\\\/05\\\/logotextual1.jpg\",\"contentUrl\":\"https:\\\/\\\/diariotextual.com\\\/inicio\\\/wp-content\\\/uploads\\\/2023\\\/05\\\/logotextual1.jpg\",\"width\":516,\"height\":76,\"caption\":\"Diario Textual\"},\"image\":{\"@id\":\"https:\\\/\\\/diariotextual.com\\\/inicio\\\/#\\\/schema\\\/logo\\\/image\\\/\"},\"sameAs\":[\"https:\\\/\\\/www.facebook.com\\\/eltextual\",\"https:\\\/\\\/x.com\\\/eltextual\",\"http:\\\/\\\/www.instagram.com\\\/eltextual\"]},{\"@type\":\"Person\",\"@id\":\"https:\\\/\\\/diariotextual.com\\\/inicio\\\/#\\\/schema\\\/person\\\/694f60677f23c4a530867a98f22b3768\",\"name\":\"diario2\",\"image\":{\"@type\":\"ImageObject\",\"inLanguage\":\"es\",\"@id\":\"https:\\\/\\\/secure.gravatar.com\\\/avatar\\\/5a2567495ba16b852fcd8f1ed006a2e24fcace936018ed8237e95f488ad6e0a7?s=96&d=mm&r=g\",\"url\":\"https:\\\/\\\/secure.gravatar.com\\\/avatar\\\/5a2567495ba16b852fcd8f1ed006a2e24fcace936018ed8237e95f488ad6e0a7?s=96&d=mm&r=g\",\"contentUrl\":\"https:\\\/\\\/secure.gravatar.com\\\/avatar\\\/5a2567495ba16b852fcd8f1ed006a2e24fcace936018ed8237e95f488ad6e0a7?s=96&d=mm&r=g\",\"caption\":\"diario2\"},\"url\":\"https:\\\/\\\/diariotextual.com\\\/inicio\\\/index.php\\\/author\\\/diario2\\\/\"}]}<\/script>\n<!-- \/ Yoast SEO plugin. -->","yoast_head_json":{"title":"Levantamiento: representante ol\u00edmpica dicta una capacitaci\u00f3n en La Pampa - Diario Textual","robots":{"index":"index","follow":"follow","max-snippet":"max-snippet:-1","max-image-preview":"max-image-preview:large","max-video-preview":"max-video-preview:-1"},"canonical":"https:\/\/diariotextual.com\/inicio\/index.php\/2023\/04\/28\/levantamiento-representante-olimpica-dicta-una-capacitacion-en-la-pampa\/","og_locale":"es_ES","og_type":"article","og_title":"Levantamiento: representante ol\u00edmpica dicta una capacitaci\u00f3n en La Pampa - Diario Textual","og_description":"La representante ol\u00edmpica de Argentina en los Juegos 2000, 2004 y 2008, Nora K\u00f6ppel, brindar\u00e1 una capacitaci\u00f3n para deportistas y entrenadores este s\u00e1bado en Santa Rosa junto a su hist\u00f3rico&hellip;","og_url":"https:\/\/diariotextual.com\/inicio\/index.php\/2023\/04\/28\/levantamiento-representante-olimpica-dicta-una-capacitacion-en-la-pampa\/","og_site_name":"Diario Textual","article_publisher":"https:\/\/www.facebook.com\/eltextual","article_published_time":"2023-04-28T10:37:50+00:00","article_modified_time":"2023-04-28T10:37:51+00:00","og_image":[{"width":900,"height":507,"url":"https:\/\/diariotextual.com\/inicio\/wp-content\/uploads\/2023\/04\/koppelnora735.jpg","type":"image\/jpeg"}],"author":"diario2","twitter_card":"summary_large_image","twitter_creator":"@eltextual","twitter_site":"@eltextual","twitter_misc":{"Escrito por":"diario2","Tiempo de lectura":"1 minuto"},"schema":{"@context":"https:\/\/schema.org","@graph":[{"@type":"Article","@id":"https:\/\/diariotextual.com\/inicio\/index.php\/2023\/04\/28\/levantamiento-representante-olimpica-dicta-una-capacitacion-en-la-pampa\/#article","isPartOf":{"@id":"https:\/\/diariotextual.com\/inicio\/index.php\/2023\/04\/28\/levantamiento-representante-olimpica-dicta-una-capacitacion-en-la-pampa\/"},"author":{"name":"diario2","@id":"https:\/\/diariotextual.com\/inicio\/#\/schema\/person\/694f60677f23c4a530867a98f22b3768"},"headline":"Levantamiento: representante ol\u00edmpica dicta una capacitaci\u00f3n en La Pampa","datePublished":"2023-04-28T10:37:50+00:00","dateModified":"2023-04-28T10:37:51+00:00","mainEntityOfPage":{"@id":"https:\/\/diariotextual.com\/inicio\/index.php\/2023\/04\/28\/levantamiento-representante-olimpica-dicta-una-capacitacion-en-la-pampa\/"},"wordCount":228,"publisher":{"@id":"https:\/\/diariotextual.com\/inicio\/#organization"},"image":{"@id":"https:\/\/diariotextual.com\/inicio\/index.php\/2023\/04\/28\/levantamiento-representante-olimpica-dicta-una-capacitacion-en-la-pampa\/#primaryimage"},"thumbnailUrl":"https:\/\/diariotextual.com\/inicio\/wp-content\/uploads\/2023\/04\/koppelnora735.jpg","articleSection":["A - ES NOTICIA (van abajo)","DEPORTES"],"inLanguage":"es"},{"@type":"WebPage","@id":"https:\/\/diariotextual.com\/inicio\/index.php\/2023\/04\/28\/levantamiento-representante-olimpica-dicta-una-capacitacion-en-la-pampa\/","url":"https:\/\/diariotextual.com\/inicio\/index.php\/2023\/04\/28\/levantamiento-representante-olimpica-dicta-una-capacitacion-en-la-pampa\/","name":"Levantamiento: representante ol\u00edmpica dicta una capacitaci\u00f3n en La Pampa - Diario Textual","isPartOf":{"@id":"https:\/\/diariotextual.com\/inicio\/#website"},"primaryImageOfPage":{"@id":"https:\/\/diariotextual.com\/inicio\/index.php\/2023\/04\/28\/levantamiento-representante-olimpica-dicta-una-capacitacion-en-la-pampa\/#primaryimage"},"image":{"@id":"https:\/\/diariotextual.com\/inicio\/index.php\/2023\/04\/28\/levantamiento-representante-olimpica-dicta-una-capacitacion-en-la-pampa\/#primaryimage"},"thumbnailUrl":"https:\/\/diariotextual.com\/inicio\/wp-content\/uploads\/2023\/04\/koppelnora735.jpg","datePublished":"2023-04-28T10:37:50+00:00","dateModified":"2023-04-28T10:37:51+00:00","breadcrumb":{"@id":"https:\/\/diariotextual.com\/inicio\/index.php\/2023\/04\/28\/levantamiento-representante-olimpica-dicta-una-capacitacion-en-la-pampa\/#breadcrumb"},"inLanguage":"es","potentialAction":[{"@type":"ReadAction","target":["https:\/\/diariotextual.com\/inicio\/index.php\/2023\/04\/28\/levantamiento-representante-olimpica-dicta-una-capacitacion-en-la-pampa\/"]}]},{"@type":"ImageObject","inLanguage":"es","@id":"https:\/\/diariotextual.com\/inicio\/index.php\/2023\/04\/28\/levantamiento-representante-olimpica-dicta-una-capacitacion-en-la-pampa\/#primaryimage","url":"https:\/\/diariotextual.com\/inicio\/wp-content\/uploads\/2023\/04\/koppelnora735.jpg","contentUrl":"https:\/\/diariotextual.com\/inicio\/wp-content\/uploads\/2023\/04\/koppelnora735.jpg","width":900,"height":507},{"@type":"BreadcrumbList","@id":"https:\/\/diariotextual.com\/inicio\/index.php\/2023\/04\/28\/levantamiento-representante-olimpica-dicta-una-capacitacion-en-la-pampa\/#breadcrumb","itemListElement":[{"@type":"ListItem","position":1,"name":"Portada","item":"https:\/\/diariotextual.com\/inicio\/"},{"@type":"ListItem","position":2,"name":"Levantamiento: representante ol\u00edmpica dicta una capacitaci\u00f3n en La Pampa"}]},{"@type":"WebSite","@id":"https:\/\/diariotextual.com\/inicio\/#website","url":"https:\/\/diariotextual.com\/inicio\/","name":"Diario Textual","description":"","publisher":{"@id":"https:\/\/diariotextual.com\/inicio\/#organization"},"potentialAction":[{"@type":"SearchAction","target":{"@type":"EntryPoint","urlTemplate":"https:\/\/diariotextual.com\/inicio\/?s={search_term_string}"},"query-input":{"@type":"PropertyValueSpecification","valueRequired":true,"valueName":"search_term_string"}}],"inLanguage":"es"},{"@type":"Organization","@id":"https:\/\/diariotextual.com\/inicio\/#organization","name":"Diario Textual","url":"https:\/\/diariotextual.com\/inicio\/","logo":{"@type":"ImageObject","inLanguage":"es","@id":"https:\/\/diariotextual.com\/inicio\/#\/schema\/logo\/image\/","url":"https:\/\/diariotextual.com\/inicio\/wp-content\/uploads\/2023\/05\/logotextual1.jpg","contentUrl":"https:\/\/diariotextual.com\/inicio\/wp-content\/uploads\/2023\/05\/logotextual1.jpg","width":516,"height":76,"caption":"Diario Textual"},"image":{"@id":"https:\/\/diariotextual.com\/inicio\/#\/schema\/logo\/image\/"},"sameAs":["https:\/\/www.facebook.com\/eltextual","https:\/\/x.com\/eltextual","http:\/\/www.instagram.com\/eltextual"]},{"@type":"Person","@id":"https:\/\/diariotextual.com\/inicio\/#\/schema\/person\/694f60677f23c4a530867a98f22b3768","name":"diario2","image":{"@type":"ImageObject","inLanguage":"es","@id":"https:\/\/secure.gravatar.com\/avatar\/5a2567495ba16b852fcd8f1ed006a2e24fcace936018ed8237e95f488ad6e0a7?s=96&d=mm&r=g","url":"https:\/\/secure.gravatar.com\/avatar\/5a2567495ba16b852fcd8f1ed006a2e24fcace936018ed8237e95f488ad6e0a7?s=96&d=mm&r=g","contentUrl":"https:\/\/secure.gravatar.com\/avatar\/5a2567495ba16b852fcd8f1ed006a2e24fcace936018ed8237e95f488ad6e0a7?s=96&d=mm&r=g","caption":"diario2"},"url":"https:\/\/diariotextual.com\/inicio\/index.php\/author\/diario2\/"}]}},"_links":{"self":[{"href":"https:\/\/diariotextual.com\/inicio\/index.php\/wp-json\/wp\/v2\/posts\/223571","targetHints":{"allow":["GET"]}}],"collection":[{"href":"https:\/\/diariotextual.com\/inicio\/index.php\/wp-json\/wp\/v2\/posts"}],"about":[{"href":"https:\/\/diariotextual.com\/inicio\/index.php\/wp-json\/wp\/v2\/types\/post"}],"author":[{"embeddable":true,"href":"https:\/\/diariotextual.com\/inicio\/index.php\/wp-json\/wp\/v2\/users\/4"}],"replies":[{"embeddable":true,"href":"https:\/\/diariotextual.com\/inicio\/index.php\/wp-json\/wp\/v2\/comments?post=223571"}],"version-history":[{"count":4,"href":"https:\/\/diariotextual.com\/inicio\/index.php\/wp-json\/wp\/v2\/posts\/223571\/revisions"}],"predecessor-version":[{"id":223581,"href":"https:\/\/diariotextual.com\/inicio\/index.php\/wp-json\/wp\/v2\/posts\/223571\/revisions\/223581"}],"wp:featuredmedia":[{"embeddable":true,"href":"https:\/\/diariotextual.com\/inicio\/index.php\/wp-json\/wp\/v2\/media\/223580"}],"wp:attachment":[{"href":"https:\/\/diariotextual.com\/inicio\/index.php\/wp-json\/wp\/v2\/media?parent=223571"}],"wp:term":[{"taxonomy":"category","embeddable":true,"href":"https:\/\/diariotextual.com\/inicio\/index.php\/wp-json\/wp\/v2\/categories?post=223571"},{"taxonomy":"post_tag","embeddable":true,"href":"https:\/\/diariotextual.com\/inicio\/index.php\/wp-json\/wp\/v2\/tags?post=223571"}],"curies":[{"name":"wp","href":"https:\/\/api.w.org\/{rel}","templated":true}]}}