{"id":223585,"date":"2023-04-28T08:30:24","date_gmt":"2023-04-28T11:30:24","guid":{"rendered":"https:\/\/diariotextual.com\/inicio\/?p=223585"},"modified":"2023-04-29T08:39:24","modified_gmt":"2023-04-29T11:39:24","slug":"castex-choferes-de-ambulancias-volvieron-a-reclamar-que-se-reconozca-su-labor-especifica","status":"publish","type":"post","link":"https:\/\/diariotextual.com\/inicio\/index.php\/2023\/04\/28\/castex-choferes-de-ambulancias-volvieron-a-reclamar-que-se-reconozca-su-labor-especifica\/","title":{"rendered":"Choferes de ambulancias volvieron a reclamar que se reconozca su labor espec\u00edfica"},"content":{"rendered":"\n<p>Los choferes de ambulancias de la zona norte de la provincia se reunieron en Eduardo Castex con Juan Barbero, responsable de Coordinaci\u00f3n Desastres y Emergencias Sanitarias (Codes) del Ministerio de Salud de la provincia. Volvieron a reclamar por la implementaci\u00f3n de la <strong>rama choferes de ambulancias.<\/strong>&nbsp;<\/p>\n\n\n\n<p>En julio del a\u00f1o pasado el gobernador Sergio Ziliotto, mediante el Decreto N\u00b0 2318 de carrera sanitaria, oficializ\u00f3 la creaci\u00f3n de la rama.<\/p>\n\n\n\n<p>Ahora los trabajadores volvieron a exponer su reclamo para que les reconozca la labor espec\u00edfica que realizan.<strong> \u201cHay algunas cosas que todav\u00eda faltan realizar para que nuestro anhelo se concrete\u201d,<\/strong> indicaron los trabajadores al portal Castex Online.<\/p>\n\n\n\n<p>Concurrieron trabajadores de Pichi Hunica, La Maruja, Caleuf\u00fa, Quem\u00fa Quem\u00fa, General Pico, Ingeniero Luiggi, Rancul, Colonia Bar\u00f3n, Mauricio Mayer, Hilario Lagos y Eduardo Castex.<\/p>\n\n\n\n<figure class=\"wp-block-embed is-type-wp-embed is-provider-diario-textual wp-block-embed-diario-textual\"><div class=\"wp-block-embed__wrapper\">\n<blockquote class=\"wp-embedded-content\" data-secret=\"tXCWQj6tli\"><a href=\"https:\/\/diariotextual.com\/inicio\/index.php\/2022\/07\/01\/gremio-anuncia-que-ziliotto-firmo-decreto-de-creacion-de-la-rama-de-choferes-de-ambulancias\/\">Gremio anuncia que Ziliotto firm\u00f3 decreto de creaci\u00f3n de la rama de choferes de ambulancias<\/a><\/blockquote><iframe class=\"wp-embedded-content\" sandbox=\"allow-scripts\" security=\"restricted\" style=\"position: absolute; clip: rect(1px, 1px, 1px, 1px);\" title=\"\u00abGremio anuncia que Ziliotto firm\u00f3 decreto de creaci\u00f3n de la rama de choferes de ambulancias\u00bb \u2014 Diario Textual\" src=\"https:\/\/diariotextual.com\/inicio\/index.php\/2022\/07\/01\/gremio-anuncia-que-ziliotto-firmo-decreto-de-creacion-de-la-rama-de-choferes-de-ambulancias\/embed\/#?secret=NmeTyvUxVQ#?secret=tXCWQj6tli\" data-secret=\"tXCWQj6tli\" width=\"600\" height=\"338\" frameborder=\"0\" marginwidth=\"0\" marginheight=\"0\" scrolling=\"no\"><\/iframe>\n<\/div><\/figure>\n\n\n\n<p><\/p>\n\n\n\n<p>Leandro Spa\u00f1uolo, referente de los choferes, dijo el motivo de la reuni\u00f3n fue para que todos los choferes de ambulancias puedan interiorizarse de la situaci\u00f3n del reclamo hist\u00f3rico que llevan adelante. \u201cDesde la oficializaci\u00f3n de la creaci\u00f3n de la rama de Choferes mediante decreto que realiz\u00f3 el gobernador Sergio Ziliotto en julio del 2022, no hubo avances y no se ha efectivizado. No hemos tenido m\u00e1s respuestas luego del decreto que firm\u00f3 el gobernador, todav\u00eda seguimos a la espera de que se concrete\u201d, dijo.<\/p>\n\n\n\n<p>\u201cLa reuni\u00f3n con el representante del CODES fue muy buena\u201d, agreg\u00f3. \u201cDurante la reuni\u00f3n se trataron varios \u00edtems. Entre ellos, el reconocimiento en el recibo de sueldo, porque todav\u00eda somos parte de Servicios Generales y queremos que formemos parte de la rama Choferes de Ambulancias. Tambi\u00e9n hablamos sobre la edad jubilatoria, entre otras cosas\u201d, dijo.<\/p>\n","protected":false},"excerpt":{"rendered":"<p>Los choferes de ambulancias de la zona norte de la provincia se reunieron en Eduardo Castex con Juan Barbero, responsable de Coordinaci\u00f3n Desastres y Emergencias Sanitarias (Codes) del Ministerio de&hellip;<\/p>\n","protected":false},"author":4,"featured_media":223604,"comment_status":"closed","ping_status":"open","sticky":false,"template":"","format":"standard","meta":{"_acf_changed":false,"footnotes":""},"categories":[1,11,12],"tags":[],"class_list":["post-223585","post","type-post","status-publish","format-standard","has-post-thumbnail","hentry","category-es-noticia","category-que-pasa","category-sociedad"],"acf":[],"yoast_head":"<!-- This site is optimized with the Yoast SEO plugin v27.5 - https:\/\/yoast.com\/product\/yoast-seo-wordpress\/ -->\n<title>Choferes de ambulancias volvieron a reclamar que se reconozca su labor espec\u00edfica - Diario Textual<\/title>\n<meta name=\"robots\" content=\"index, follow, max-snippet:-1, max-image-preview:large, max-video-preview:-1\" \/>\n<link rel=\"canonical\" href=\"https:\/\/diariotextual.com\/inicio\/index.php\/2023\/04\/28\/castex-choferes-de-ambulancias-volvieron-a-reclamar-que-se-reconozca-su-labor-especifica\/\" \/>\n<meta property=\"og:locale\" content=\"es_ES\" \/>\n<meta property=\"og:type\" content=\"article\" \/>\n<meta property=\"og:title\" content=\"Choferes de ambulancias volvieron a reclamar que se reconozca su labor espec\u00edfica - Diario Textual\" \/>\n<meta property=\"og:description\" content=\"Los choferes de ambulancias de la zona norte de la provincia se reunieron en Eduardo Castex con Juan Barbero, responsable de Coordinaci\u00f3n Desastres y Emergencias Sanitarias (Codes) del Ministerio de&hellip;\" \/>\n<meta property=\"og:url\" content=\"https:\/\/diariotextual.com\/inicio\/index.php\/2023\/04\/28\/castex-choferes-de-ambulancias-volvieron-a-reclamar-que-se-reconozca-su-labor-especifica\/\" \/>\n<meta property=\"og:site_name\" content=\"Diario Textual\" \/>\n<meta property=\"article:publisher\" content=\"https:\/\/www.facebook.com\/eltextual\" \/>\n<meta property=\"article:published_time\" content=\"2023-04-28T11:30:24+00:00\" \/>\n<meta property=\"article:modified_time\" content=\"2023-04-29T11:39:24+00:00\" \/>\n<meta property=\"og:image\" content=\"https:\/\/diariotextual.com\/inicio\/wp-content\/uploads\/2023\/04\/ambulancias2023-12.jpg\" \/>\n\t<meta property=\"og:image:width\" content=\"1600\" \/>\n\t<meta property=\"og:image:height\" content=\"1068\" \/>\n\t<meta property=\"og:image:type\" content=\"image\/jpeg\" \/>\n<meta name=\"author\" content=\"diario2\" \/>\n<meta name=\"twitter:card\" content=\"summary_large_image\" \/>\n<meta name=\"twitter:creator\" content=\"@eltextual\" \/>\n<meta name=\"twitter:site\" content=\"@eltextual\" \/>\n<meta name=\"twitter:label1\" content=\"Escrito por\" \/>\n\t<meta name=\"twitter:data1\" content=\"diario2\" \/>\n\t<meta name=\"twitter:label2\" content=\"Tiempo de lectura\" \/>\n\t<meta name=\"twitter:data2\" content=\"2 minutos\" \/>\n<script type=\"application\/ld+json\" class=\"yoast-schema-graph\">{\"@context\":\"https:\\\/\\\/schema.org\",\"@graph\":[{\"@type\":\"Article\",\"@id\":\"https:\\\/\\\/diariotextual.com\\\/inicio\\\/index.php\\\/2023\\\/04\\\/28\\\/castex-choferes-de-ambulancias-volvieron-a-reclamar-que-se-reconozca-su-labor-especifica\\\/#article\",\"isPartOf\":{\"@id\":\"https:\\\/\\\/diariotextual.com\\\/inicio\\\/index.php\\\/2023\\\/04\\\/28\\\/castex-choferes-de-ambulancias-volvieron-a-reclamar-que-se-reconozca-su-labor-especifica\\\/\"},\"author\":{\"name\":\"diario2\",\"@id\":\"https:\\\/\\\/diariotextual.com\\\/inicio\\\/#\\\/schema\\\/person\\\/694f60677f23c4a530867a98f22b3768\"},\"headline\":\"Choferes de ambulancias volvieron a reclamar que se reconozca su labor espec\u00edfica\",\"datePublished\":\"2023-04-28T11:30:24+00:00\",\"dateModified\":\"2023-04-29T11:39:24+00:00\",\"mainEntityOfPage\":{\"@id\":\"https:\\\/\\\/diariotextual.com\\\/inicio\\\/index.php\\\/2023\\\/04\\\/28\\\/castex-choferes-de-ambulancias-volvieron-a-reclamar-que-se-reconozca-su-labor-especifica\\\/\"},\"wordCount\":307,\"publisher\":{\"@id\":\"https:\\\/\\\/diariotextual.com\\\/inicio\\\/#organization\"},\"image\":{\"@id\":\"https:\\\/\\\/diariotextual.com\\\/inicio\\\/index.php\\\/2023\\\/04\\\/28\\\/castex-choferes-de-ambulancias-volvieron-a-reclamar-que-se-reconozca-su-labor-especifica\\\/#primaryimage\"},\"thumbnailUrl\":\"https:\\\/\\\/diariotextual.com\\\/inicio\\\/wp-content\\\/uploads\\\/2023\\\/04\\\/ambulancias2023-12.jpg\",\"articleSection\":[\"A - ES NOTICIA (van abajo)\",\"A - QUE PASA (al costado)\",\"SOCIEDAD\"],\"inLanguage\":\"es\"},{\"@type\":\"WebPage\",\"@id\":\"https:\\\/\\\/diariotextual.com\\\/inicio\\\/index.php\\\/2023\\\/04\\\/28\\\/castex-choferes-de-ambulancias-volvieron-a-reclamar-que-se-reconozca-su-labor-especifica\\\/\",\"url\":\"https:\\\/\\\/diariotextual.com\\\/inicio\\\/index.php\\\/2023\\\/04\\\/28\\\/castex-choferes-de-ambulancias-volvieron-a-reclamar-que-se-reconozca-su-labor-especifica\\\/\",\"name\":\"Choferes de ambulancias volvieron a reclamar que se reconozca su labor espec\u00edfica - Diario Textual\",\"isPartOf\":{\"@id\":\"https:\\\/\\\/diariotextual.com\\\/inicio\\\/#website\"},\"primaryImageOfPage\":{\"@id\":\"https:\\\/\\\/diariotextual.com\\\/inicio\\\/index.php\\\/2023\\\/04\\\/28\\\/castex-choferes-de-ambulancias-volvieron-a-reclamar-que-se-reconozca-su-labor-especifica\\\/#primaryimage\"},\"image\":{\"@id\":\"https:\\\/\\\/diariotextual.com\\\/inicio\\\/index.php\\\/2023\\\/04\\\/28\\\/castex-choferes-de-ambulancias-volvieron-a-reclamar-que-se-reconozca-su-labor-especifica\\\/#primaryimage\"},\"thumbnailUrl\":\"https:\\\/\\\/diariotextual.com\\\/inicio\\\/wp-content\\\/uploads\\\/2023\\\/04\\\/ambulancias2023-12.jpg\",\"datePublished\":\"2023-04-28T11:30:24+00:00\",\"dateModified\":\"2023-04-29T11:39:24+00:00\",\"breadcrumb\":{\"@id\":\"https:\\\/\\\/diariotextual.com\\\/inicio\\\/index.php\\\/2023\\\/04\\\/28\\\/castex-choferes-de-ambulancias-volvieron-a-reclamar-que-se-reconozca-su-labor-especifica\\\/#breadcrumb\"},\"inLanguage\":\"es\",\"potentialAction\":[{\"@type\":\"ReadAction\",\"target\":[\"https:\\\/\\\/diariotextual.com\\\/inicio\\\/index.php\\\/2023\\\/04\\\/28\\\/castex-choferes-de-ambulancias-volvieron-a-reclamar-que-se-reconozca-su-labor-especifica\\\/\"]}]},{\"@type\":\"ImageObject\",\"inLanguage\":\"es\",\"@id\":\"https:\\\/\\\/diariotextual.com\\\/inicio\\\/index.php\\\/2023\\\/04\\\/28\\\/castex-choferes-de-ambulancias-volvieron-a-reclamar-que-se-reconozca-su-labor-especifica\\\/#primaryimage\",\"url\":\"https:\\\/\\\/diariotextual.com\\\/inicio\\\/wp-content\\\/uploads\\\/2023\\\/04\\\/ambulancias2023-12.jpg\",\"contentUrl\":\"https:\\\/\\\/diariotextual.com\\\/inicio\\\/wp-content\\\/uploads\\\/2023\\\/04\\\/ambulancias2023-12.jpg\",\"width\":1600,\"height\":1068},{\"@type\":\"BreadcrumbList\",\"@id\":\"https:\\\/\\\/diariotextual.com\\\/inicio\\\/index.php\\\/2023\\\/04\\\/28\\\/castex-choferes-de-ambulancias-volvieron-a-reclamar-que-se-reconozca-su-labor-especifica\\\/#breadcrumb\",\"itemListElement\":[{\"@type\":\"ListItem\",\"position\":1,\"name\":\"Portada\",\"item\":\"https:\\\/\\\/diariotextual.com\\\/inicio\\\/\"},{\"@type\":\"ListItem\",\"position\":2,\"name\":\"Choferes de ambulancias volvieron a reclamar que se reconozca su labor espec\u00edfica\"}]},{\"@type\":\"WebSite\",\"@id\":\"https:\\\/\\\/diariotextual.com\\\/inicio\\\/#website\",\"url\":\"https:\\\/\\\/diariotextual.com\\\/inicio\\\/\",\"name\":\"Diario Textual\",\"description\":\"\",\"publisher\":{\"@id\":\"https:\\\/\\\/diariotextual.com\\\/inicio\\\/#organization\"},\"potentialAction\":[{\"@type\":\"SearchAction\",\"target\":{\"@type\":\"EntryPoint\",\"urlTemplate\":\"https:\\\/\\\/diariotextual.com\\\/inicio\\\/?s={search_term_string}\"},\"query-input\":{\"@type\":\"PropertyValueSpecification\",\"valueRequired\":true,\"valueName\":\"search_term_string\"}}],\"inLanguage\":\"es\"},{\"@type\":\"Organization\",\"@id\":\"https:\\\/\\\/diariotextual.com\\\/inicio\\\/#organization\",\"name\":\"Diario Textual\",\"url\":\"https:\\\/\\\/diariotextual.com\\\/inicio\\\/\",\"logo\":{\"@type\":\"ImageObject\",\"inLanguage\":\"es\",\"@id\":\"https:\\\/\\\/diariotextual.com\\\/inicio\\\/#\\\/schema\\\/logo\\\/image\\\/\",\"url\":\"https:\\\/\\\/diariotextual.com\\\/inicio\\\/wp-content\\\/uploads\\\/2023\\\/05\\\/logotextual1.jpg\",\"contentUrl\":\"https:\\\/\\\/diariotextual.com\\\/inicio\\\/wp-content\\\/uploads\\\/2023\\\/05\\\/logotextual1.jpg\",\"width\":516,\"height\":76,\"caption\":\"Diario Textual\"},\"image\":{\"@id\":\"https:\\\/\\\/diariotextual.com\\\/inicio\\\/#\\\/schema\\\/logo\\\/image\\\/\"},\"sameAs\":[\"https:\\\/\\\/www.facebook.com\\\/eltextual\",\"https:\\\/\\\/x.com\\\/eltextual\",\"http:\\\/\\\/www.instagram.com\\\/eltextual\"]},{\"@type\":\"Person\",\"@id\":\"https:\\\/\\\/diariotextual.com\\\/inicio\\\/#\\\/schema\\\/person\\\/694f60677f23c4a530867a98f22b3768\",\"name\":\"diario2\",\"image\":{\"@type\":\"ImageObject\",\"inLanguage\":\"es\",\"@id\":\"https:\\\/\\\/secure.gravatar.com\\\/avatar\\\/5a2567495ba16b852fcd8f1ed006a2e24fcace936018ed8237e95f488ad6e0a7?s=96&d=mm&r=g\",\"url\":\"https:\\\/\\\/secure.gravatar.com\\\/avatar\\\/5a2567495ba16b852fcd8f1ed006a2e24fcace936018ed8237e95f488ad6e0a7?s=96&d=mm&r=g\",\"contentUrl\":\"https:\\\/\\\/secure.gravatar.com\\\/avatar\\\/5a2567495ba16b852fcd8f1ed006a2e24fcace936018ed8237e95f488ad6e0a7?s=96&d=mm&r=g\",\"caption\":\"diario2\"},\"url\":\"https:\\\/\\\/diariotextual.com\\\/inicio\\\/index.php\\\/author\\\/diario2\\\/\"}]}<\/script>\n<!-- \/ Yoast SEO plugin. -->","yoast_head_json":{"title":"Choferes de ambulancias volvieron a reclamar que se reconozca su labor espec\u00edfica - Diario Textual","robots":{"index":"index","follow":"follow","max-snippet":"max-snippet:-1","max-image-preview":"max-image-preview:large","max-video-preview":"max-video-preview:-1"},"canonical":"https:\/\/diariotextual.com\/inicio\/index.php\/2023\/04\/28\/castex-choferes-de-ambulancias-volvieron-a-reclamar-que-se-reconozca-su-labor-especifica\/","og_locale":"es_ES","og_type":"article","og_title":"Choferes de ambulancias volvieron a reclamar que se reconozca su labor espec\u00edfica - Diario Textual","og_description":"Los choferes de ambulancias de la zona norte de la provincia se reunieron en Eduardo Castex con Juan Barbero, responsable de Coordinaci\u00f3n Desastres y Emergencias Sanitarias (Codes) del Ministerio de&hellip;","og_url":"https:\/\/diariotextual.com\/inicio\/index.php\/2023\/04\/28\/castex-choferes-de-ambulancias-volvieron-a-reclamar-que-se-reconozca-su-labor-especifica\/","og_site_name":"Diario Textual","article_publisher":"https:\/\/www.facebook.com\/eltextual","article_published_time":"2023-04-28T11:30:24+00:00","article_modified_time":"2023-04-29T11:39:24+00:00","og_image":[{"width":1600,"height":1068,"url":"https:\/\/diariotextual.com\/inicio\/wp-content\/uploads\/2023\/04\/ambulancias2023-12.jpg","type":"image\/jpeg"}],"author":"diario2","twitter_card":"summary_large_image","twitter_creator":"@eltextual","twitter_site":"@eltextual","twitter_misc":{"Escrito por":"diario2","Tiempo de lectura":"2 minutos"},"schema":{"@context":"https:\/\/schema.org","@graph":[{"@type":"Article","@id":"https:\/\/diariotextual.com\/inicio\/index.php\/2023\/04\/28\/castex-choferes-de-ambulancias-volvieron-a-reclamar-que-se-reconozca-su-labor-especifica\/#article","isPartOf":{"@id":"https:\/\/diariotextual.com\/inicio\/index.php\/2023\/04\/28\/castex-choferes-de-ambulancias-volvieron-a-reclamar-que-se-reconozca-su-labor-especifica\/"},"author":{"name":"diario2","@id":"https:\/\/diariotextual.com\/inicio\/#\/schema\/person\/694f60677f23c4a530867a98f22b3768"},"headline":"Choferes de ambulancias volvieron a reclamar que se reconozca su labor espec\u00edfica","datePublished":"2023-04-28T11:30:24+00:00","dateModified":"2023-04-29T11:39:24+00:00","mainEntityOfPage":{"@id":"https:\/\/diariotextual.com\/inicio\/index.php\/2023\/04\/28\/castex-choferes-de-ambulancias-volvieron-a-reclamar-que-se-reconozca-su-labor-especifica\/"},"wordCount":307,"publisher":{"@id":"https:\/\/diariotextual.com\/inicio\/#organization"},"image":{"@id":"https:\/\/diariotextual.com\/inicio\/index.php\/2023\/04\/28\/castex-choferes-de-ambulancias-volvieron-a-reclamar-que-se-reconozca-su-labor-especifica\/#primaryimage"},"thumbnailUrl":"https:\/\/diariotextual.com\/inicio\/wp-content\/uploads\/2023\/04\/ambulancias2023-12.jpg","articleSection":["A - ES NOTICIA (van abajo)","A - QUE PASA (al costado)","SOCIEDAD"],"inLanguage":"es"},{"@type":"WebPage","@id":"https:\/\/diariotextual.com\/inicio\/index.php\/2023\/04\/28\/castex-choferes-de-ambulancias-volvieron-a-reclamar-que-se-reconozca-su-labor-especifica\/","url":"https:\/\/diariotextual.com\/inicio\/index.php\/2023\/04\/28\/castex-choferes-de-ambulancias-volvieron-a-reclamar-que-se-reconozca-su-labor-especifica\/","name":"Choferes de ambulancias volvieron a reclamar que se reconozca su labor espec\u00edfica - Diario Textual","isPartOf":{"@id":"https:\/\/diariotextual.com\/inicio\/#website"},"primaryImageOfPage":{"@id":"https:\/\/diariotextual.com\/inicio\/index.php\/2023\/04\/28\/castex-choferes-de-ambulancias-volvieron-a-reclamar-que-se-reconozca-su-labor-especifica\/#primaryimage"},"image":{"@id":"https:\/\/diariotextual.com\/inicio\/index.php\/2023\/04\/28\/castex-choferes-de-ambulancias-volvieron-a-reclamar-que-se-reconozca-su-labor-especifica\/#primaryimage"},"thumbnailUrl":"https:\/\/diariotextual.com\/inicio\/wp-content\/uploads\/2023\/04\/ambulancias2023-12.jpg","datePublished":"2023-04-28T11:30:24+00:00","dateModified":"2023-04-29T11:39:24+00:00","breadcrumb":{"@id":"https:\/\/diariotextual.com\/inicio\/index.php\/2023\/04\/28\/castex-choferes-de-ambulancias-volvieron-a-reclamar-que-se-reconozca-su-labor-especifica\/#breadcrumb"},"inLanguage":"es","potentialAction":[{"@type":"ReadAction","target":["https:\/\/diariotextual.com\/inicio\/index.php\/2023\/04\/28\/castex-choferes-de-ambulancias-volvieron-a-reclamar-que-se-reconozca-su-labor-especifica\/"]}]},{"@type":"ImageObject","inLanguage":"es","@id":"https:\/\/diariotextual.com\/inicio\/index.php\/2023\/04\/28\/castex-choferes-de-ambulancias-volvieron-a-reclamar-que-se-reconozca-su-labor-especifica\/#primaryimage","url":"https:\/\/diariotextual.com\/inicio\/wp-content\/uploads\/2023\/04\/ambulancias2023-12.jpg","contentUrl":"https:\/\/diariotextual.com\/inicio\/wp-content\/uploads\/2023\/04\/ambulancias2023-12.jpg","width":1600,"height":1068},{"@type":"BreadcrumbList","@id":"https:\/\/diariotextual.com\/inicio\/index.php\/2023\/04\/28\/castex-choferes-de-ambulancias-volvieron-a-reclamar-que-se-reconozca-su-labor-especifica\/#breadcrumb","itemListElement":[{"@type":"ListItem","position":1,"name":"Portada","item":"https:\/\/diariotextual.com\/inicio\/"},{"@type":"ListItem","position":2,"name":"Choferes de ambulancias volvieron a reclamar que se reconozca su labor espec\u00edfica"}]},{"@type":"WebSite","@id":"https:\/\/diariotextual.com\/inicio\/#website","url":"https:\/\/diariotextual.com\/inicio\/","name":"Diario Textual","description":"","publisher":{"@id":"https:\/\/diariotextual.com\/inicio\/#organization"},"potentialAction":[{"@type":"SearchAction","target":{"@type":"EntryPoint","urlTemplate":"https:\/\/diariotextual.com\/inicio\/?s={search_term_string}"},"query-input":{"@type":"PropertyValueSpecification","valueRequired":true,"valueName":"search_term_string"}}],"inLanguage":"es"},{"@type":"Organization","@id":"https:\/\/diariotextual.com\/inicio\/#organization","name":"Diario Textual","url":"https:\/\/diariotextual.com\/inicio\/","logo":{"@type":"ImageObject","inLanguage":"es","@id":"https:\/\/diariotextual.com\/inicio\/#\/schema\/logo\/image\/","url":"https:\/\/diariotextual.com\/inicio\/wp-content\/uploads\/2023\/05\/logotextual1.jpg","contentUrl":"https:\/\/diariotextual.com\/inicio\/wp-content\/uploads\/2023\/05\/logotextual1.jpg","width":516,"height":76,"caption":"Diario Textual"},"image":{"@id":"https:\/\/diariotextual.com\/inicio\/#\/schema\/logo\/image\/"},"sameAs":["https:\/\/www.facebook.com\/eltextual","https:\/\/x.com\/eltextual","http:\/\/www.instagram.com\/eltextual"]},{"@type":"Person","@id":"https:\/\/diariotextual.com\/inicio\/#\/schema\/person\/694f60677f23c4a530867a98f22b3768","name":"diario2","image":{"@type":"ImageObject","inLanguage":"es","@id":"https:\/\/secure.gravatar.com\/avatar\/5a2567495ba16b852fcd8f1ed006a2e24fcace936018ed8237e95f488ad6e0a7?s=96&d=mm&r=g","url":"https:\/\/secure.gravatar.com\/avatar\/5a2567495ba16b852fcd8f1ed006a2e24fcace936018ed8237e95f488ad6e0a7?s=96&d=mm&r=g","contentUrl":"https:\/\/secure.gravatar.com\/avatar\/5a2567495ba16b852fcd8f1ed006a2e24fcace936018ed8237e95f488ad6e0a7?s=96&d=mm&r=g","caption":"diario2"},"url":"https:\/\/diariotextual.com\/inicio\/index.php\/author\/diario2\/"}]}},"_links":{"self":[{"href":"https:\/\/diariotextual.com\/inicio\/index.php\/wp-json\/wp\/v2\/posts\/223585","targetHints":{"allow":["GET"]}}],"collection":[{"href":"https:\/\/diariotextual.com\/inicio\/index.php\/wp-json\/wp\/v2\/posts"}],"about":[{"href":"https:\/\/diariotextual.com\/inicio\/index.php\/wp-json\/wp\/v2\/types\/post"}],"author":[{"embeddable":true,"href":"https:\/\/diariotextual.com\/inicio\/index.php\/wp-json\/wp\/v2\/users\/4"}],"replies":[{"embeddable":true,"href":"https:\/\/diariotextual.com\/inicio\/index.php\/wp-json\/wp\/v2\/comments?post=223585"}],"version-history":[{"count":8,"href":"https:\/\/diariotextual.com\/inicio\/index.php\/wp-json\/wp\/v2\/posts\/223585\/revisions"}],"predecessor-version":[{"id":223621,"href":"https:\/\/diariotextual.com\/inicio\/index.php\/wp-json\/wp\/v2\/posts\/223585\/revisions\/223621"}],"wp:featuredmedia":[{"embeddable":true,"href":"https:\/\/diariotextual.com\/inicio\/index.php\/wp-json\/wp\/v2\/media\/223604"}],"wp:attachment":[{"href":"https:\/\/diariotextual.com\/inicio\/index.php\/wp-json\/wp\/v2\/media?parent=223585"}],"wp:term":[{"taxonomy":"category","embeddable":true,"href":"https:\/\/diariotextual.com\/inicio\/index.php\/wp-json\/wp\/v2\/categories?post=223585"},{"taxonomy":"post_tag","embeddable":true,"href":"https:\/\/diariotextual.com\/inicio\/index.php\/wp-json\/wp\/v2\/tags?post=223585"}],"curies":[{"name":"wp","href":"https:\/\/api.w.org\/{rel}","templated":true}]}}