{"id":223650,"date":"2023-04-28T13:23:05","date_gmt":"2023-04-28T16:23:05","guid":{"rendered":"https:\/\/diariotextual.com\/inicio\/?p=223650"},"modified":"2023-04-28T13:23:07","modified_gmt":"2023-04-28T16:23:07","slug":"realizaron-capacitacion-sobre-discapacidad-en-la-legislatura","status":"publish","type":"post","link":"https:\/\/diariotextual.com\/inicio\/index.php\/2023\/04\/28\/realizaron-capacitacion-sobre-discapacidad-en-la-legislatura\/","title":{"rendered":"Realizaron capacitaci\u00f3n sobre discapacidad en la Legislatura"},"content":{"rendered":"\n<p>La Direcci\u00f3n General de Recursos Humanos de la Legislatura provincial organiz\u00f3 una capacitaci\u00f3n en la Sala del Pensamiento sobre <strong>\u201cInteracci\u00f3n con personas con discapacidad en el \u00e1mbito laboral\u201d<\/strong>, dictada por la Direcci\u00f3n de Discapacidad del gobierno de La Pampa.<\/p>\n\n\n\n<p>Iv\u00e1n Poggio, titular del \u00c1rea, fue quien brind\u00f3 la charla. Estuvo acompa\u00f1ado de Alejandra Di Pietro, integrante de la Direcci\u00f3n. Tambi\u00e9n estuvieron presentes la directora de Recursos Humanos Magali Romero, la prosecretaria Roc\u00edo S\u00e1nchez, la diputada Valeria Luj\u00e1n y empleados y empleadas de la C\u00e1mara de Diputados.<\/p>\n\n\n\n<p>Durante la jornada se conocieron <strong>conceptos b\u00e1sicos sobre discapacidad, se adquirieron herramientas para la formaci\u00f3n del personal <\/strong>a fin de romper barreras comunicacionales, se recrearon situaciones pr\u00e1cticas para implementar en la vida real, entre otras cuestiones.<\/p>\n\n\n\n<p>El objetivo fue el de conocer aspectos fundamentales para la <strong>interacci\u00f3n con personas con discapacidad<\/strong> en lo que refiere a la atenci\u00f3n al p\u00fablico como la interacci\u00f3n dentro de los equipos de trabajo.<\/p>\n","protected":false},"excerpt":{"rendered":"<p>La Direcci\u00f3n General de Recursos Humanos de la Legislatura provincial organiz\u00f3 una capacitaci\u00f3n en la Sala del Pensamiento sobre \u201cInteracci\u00f3n con personas con discapacidad en el \u00e1mbito laboral\u201d, dictada por&hellip;<\/p>\n","protected":false},"author":4,"featured_media":223651,"comment_status":"closed","ping_status":"open","sticky":false,"template":"","format":"standard","meta":{"_acf_changed":false,"footnotes":""},"categories":[1,12],"tags":[],"class_list":["post-223650","post","type-post","status-publish","format-standard","has-post-thumbnail","hentry","category-es-noticia","category-sociedad"],"acf":[],"yoast_head":"<!-- This site is optimized with the Yoast SEO plugin v27.5 - https:\/\/yoast.com\/product\/yoast-seo-wordpress\/ -->\n<title>Realizaron capacitaci\u00f3n sobre discapacidad en la Legislatura - Diario Textual<\/title>\n<meta name=\"robots\" content=\"index, follow, max-snippet:-1, max-image-preview:large, max-video-preview:-1\" \/>\n<link rel=\"canonical\" href=\"https:\/\/diariotextual.com\/inicio\/index.php\/2023\/04\/28\/realizaron-capacitacion-sobre-discapacidad-en-la-legislatura\/\" \/>\n<meta property=\"og:locale\" content=\"es_ES\" \/>\n<meta property=\"og:type\" content=\"article\" \/>\n<meta property=\"og:title\" content=\"Realizaron capacitaci\u00f3n sobre discapacidad en la Legislatura - Diario Textual\" \/>\n<meta property=\"og:description\" content=\"La Direcci\u00f3n General de Recursos Humanos de la Legislatura provincial organiz\u00f3 una capacitaci\u00f3n en la Sala del Pensamiento sobre \u201cInteracci\u00f3n con personas con discapacidad en el \u00e1mbito laboral\u201d, dictada por&hellip;\" \/>\n<meta property=\"og:url\" content=\"https:\/\/diariotextual.com\/inicio\/index.php\/2023\/04\/28\/realizaron-capacitacion-sobre-discapacidad-en-la-legislatura\/\" \/>\n<meta property=\"og:site_name\" content=\"Diario Textual\" \/>\n<meta property=\"article:publisher\" content=\"https:\/\/www.facebook.com\/eltextual\" \/>\n<meta property=\"article:published_time\" content=\"2023-04-28T16:23:05+00:00\" \/>\n<meta property=\"article:modified_time\" content=\"2023-04-28T16:23:07+00:00\" \/>\n<meta property=\"og:image\" content=\"https:\/\/diariotextual.com\/inicio\/wp-content\/uploads\/2023\/04\/capacitaciondiscapacidadlegislatura43.jpg\" \/>\n\t<meta property=\"og:image:width\" content=\"900\" \/>\n\t<meta property=\"og:image:height\" content=\"538\" \/>\n\t<meta property=\"og:image:type\" content=\"image\/jpeg\" \/>\n<meta name=\"author\" content=\"diario2\" \/>\n<meta name=\"twitter:card\" content=\"summary_large_image\" \/>\n<meta name=\"twitter:creator\" content=\"@eltextual\" \/>\n<meta name=\"twitter:site\" content=\"@eltextual\" \/>\n<meta name=\"twitter:label1\" content=\"Escrito por\" \/>\n\t<meta name=\"twitter:data1\" content=\"diario2\" \/>\n\t<meta name=\"twitter:label2\" content=\"Tiempo de lectura\" \/>\n\t<meta name=\"twitter:data2\" content=\"1 minuto\" \/>\n<script type=\"application\/ld+json\" class=\"yoast-schema-graph\">{\"@context\":\"https:\\\/\\\/schema.org\",\"@graph\":[{\"@type\":\"Article\",\"@id\":\"https:\\\/\\\/diariotextual.com\\\/inicio\\\/index.php\\\/2023\\\/04\\\/28\\\/realizaron-capacitacion-sobre-discapacidad-en-la-legislatura\\\/#article\",\"isPartOf\":{\"@id\":\"https:\\\/\\\/diariotextual.com\\\/inicio\\\/index.php\\\/2023\\\/04\\\/28\\\/realizaron-capacitacion-sobre-discapacidad-en-la-legislatura\\\/\"},\"author\":{\"name\":\"diario2\",\"@id\":\"https:\\\/\\\/diariotextual.com\\\/inicio\\\/#\\\/schema\\\/person\\\/694f60677f23c4a530867a98f22b3768\"},\"headline\":\"Realizaron capacitaci\u00f3n sobre discapacidad en la Legislatura\",\"datePublished\":\"2023-04-28T16:23:05+00:00\",\"dateModified\":\"2023-04-28T16:23:07+00:00\",\"mainEntityOfPage\":{\"@id\":\"https:\\\/\\\/diariotextual.com\\\/inicio\\\/index.php\\\/2023\\\/04\\\/28\\\/realizaron-capacitacion-sobre-discapacidad-en-la-legislatura\\\/\"},\"wordCount\":182,\"publisher\":{\"@id\":\"https:\\\/\\\/diariotextual.com\\\/inicio\\\/#organization\"},\"image\":{\"@id\":\"https:\\\/\\\/diariotextual.com\\\/inicio\\\/index.php\\\/2023\\\/04\\\/28\\\/realizaron-capacitacion-sobre-discapacidad-en-la-legislatura\\\/#primaryimage\"},\"thumbnailUrl\":\"https:\\\/\\\/diariotextual.com\\\/inicio\\\/wp-content\\\/uploads\\\/2023\\\/04\\\/capacitaciondiscapacidadlegislatura43.jpg\",\"articleSection\":[\"A - ES NOTICIA (van abajo)\",\"SOCIEDAD\"],\"inLanguage\":\"es\"},{\"@type\":\"WebPage\",\"@id\":\"https:\\\/\\\/diariotextual.com\\\/inicio\\\/index.php\\\/2023\\\/04\\\/28\\\/realizaron-capacitacion-sobre-discapacidad-en-la-legislatura\\\/\",\"url\":\"https:\\\/\\\/diariotextual.com\\\/inicio\\\/index.php\\\/2023\\\/04\\\/28\\\/realizaron-capacitacion-sobre-discapacidad-en-la-legislatura\\\/\",\"name\":\"Realizaron capacitaci\u00f3n sobre discapacidad en la Legislatura - Diario Textual\",\"isPartOf\":{\"@id\":\"https:\\\/\\\/diariotextual.com\\\/inicio\\\/#website\"},\"primaryImageOfPage\":{\"@id\":\"https:\\\/\\\/diariotextual.com\\\/inicio\\\/index.php\\\/2023\\\/04\\\/28\\\/realizaron-capacitacion-sobre-discapacidad-en-la-legislatura\\\/#primaryimage\"},\"image\":{\"@id\":\"https:\\\/\\\/diariotextual.com\\\/inicio\\\/index.php\\\/2023\\\/04\\\/28\\\/realizaron-capacitacion-sobre-discapacidad-en-la-legislatura\\\/#primaryimage\"},\"thumbnailUrl\":\"https:\\\/\\\/diariotextual.com\\\/inicio\\\/wp-content\\\/uploads\\\/2023\\\/04\\\/capacitaciondiscapacidadlegislatura43.jpg\",\"datePublished\":\"2023-04-28T16:23:05+00:00\",\"dateModified\":\"2023-04-28T16:23:07+00:00\",\"breadcrumb\":{\"@id\":\"https:\\\/\\\/diariotextual.com\\\/inicio\\\/index.php\\\/2023\\\/04\\\/28\\\/realizaron-capacitacion-sobre-discapacidad-en-la-legislatura\\\/#breadcrumb\"},\"inLanguage\":\"es\",\"potentialAction\":[{\"@type\":\"ReadAction\",\"target\":[\"https:\\\/\\\/diariotextual.com\\\/inicio\\\/index.php\\\/2023\\\/04\\\/28\\\/realizaron-capacitacion-sobre-discapacidad-en-la-legislatura\\\/\"]}]},{\"@type\":\"ImageObject\",\"inLanguage\":\"es\",\"@id\":\"https:\\\/\\\/diariotextual.com\\\/inicio\\\/index.php\\\/2023\\\/04\\\/28\\\/realizaron-capacitacion-sobre-discapacidad-en-la-legislatura\\\/#primaryimage\",\"url\":\"https:\\\/\\\/diariotextual.com\\\/inicio\\\/wp-content\\\/uploads\\\/2023\\\/04\\\/capacitaciondiscapacidadlegislatura43.jpg\",\"contentUrl\":\"https:\\\/\\\/diariotextual.com\\\/inicio\\\/wp-content\\\/uploads\\\/2023\\\/04\\\/capacitaciondiscapacidadlegislatura43.jpg\",\"width\":900,\"height\":538},{\"@type\":\"BreadcrumbList\",\"@id\":\"https:\\\/\\\/diariotextual.com\\\/inicio\\\/index.php\\\/2023\\\/04\\\/28\\\/realizaron-capacitacion-sobre-discapacidad-en-la-legislatura\\\/#breadcrumb\",\"itemListElement\":[{\"@type\":\"ListItem\",\"position\":1,\"name\":\"Portada\",\"item\":\"https:\\\/\\\/diariotextual.com\\\/inicio\\\/\"},{\"@type\":\"ListItem\",\"position\":2,\"name\":\"Realizaron capacitaci\u00f3n sobre discapacidad en la Legislatura\"}]},{\"@type\":\"WebSite\",\"@id\":\"https:\\\/\\\/diariotextual.com\\\/inicio\\\/#website\",\"url\":\"https:\\\/\\\/diariotextual.com\\\/inicio\\\/\",\"name\":\"Diario Textual\",\"description\":\"\",\"publisher\":{\"@id\":\"https:\\\/\\\/diariotextual.com\\\/inicio\\\/#organization\"},\"potentialAction\":[{\"@type\":\"SearchAction\",\"target\":{\"@type\":\"EntryPoint\",\"urlTemplate\":\"https:\\\/\\\/diariotextual.com\\\/inicio\\\/?s={search_term_string}\"},\"query-input\":{\"@type\":\"PropertyValueSpecification\",\"valueRequired\":true,\"valueName\":\"search_term_string\"}}],\"inLanguage\":\"es\"},{\"@type\":\"Organization\",\"@id\":\"https:\\\/\\\/diariotextual.com\\\/inicio\\\/#organization\",\"name\":\"Diario Textual\",\"url\":\"https:\\\/\\\/diariotextual.com\\\/inicio\\\/\",\"logo\":{\"@type\":\"ImageObject\",\"inLanguage\":\"es\",\"@id\":\"https:\\\/\\\/diariotextual.com\\\/inicio\\\/#\\\/schema\\\/logo\\\/image\\\/\",\"url\":\"https:\\\/\\\/diariotextual.com\\\/inicio\\\/wp-content\\\/uploads\\\/2023\\\/05\\\/logotextual1.jpg\",\"contentUrl\":\"https:\\\/\\\/diariotextual.com\\\/inicio\\\/wp-content\\\/uploads\\\/2023\\\/05\\\/logotextual1.jpg\",\"width\":516,\"height\":76,\"caption\":\"Diario Textual\"},\"image\":{\"@id\":\"https:\\\/\\\/diariotextual.com\\\/inicio\\\/#\\\/schema\\\/logo\\\/image\\\/\"},\"sameAs\":[\"https:\\\/\\\/www.facebook.com\\\/eltextual\",\"https:\\\/\\\/x.com\\\/eltextual\",\"http:\\\/\\\/www.instagram.com\\\/eltextual\"]},{\"@type\":\"Person\",\"@id\":\"https:\\\/\\\/diariotextual.com\\\/inicio\\\/#\\\/schema\\\/person\\\/694f60677f23c4a530867a98f22b3768\",\"name\":\"diario2\",\"image\":{\"@type\":\"ImageObject\",\"inLanguage\":\"es\",\"@id\":\"https:\\\/\\\/secure.gravatar.com\\\/avatar\\\/5a2567495ba16b852fcd8f1ed006a2e24fcace936018ed8237e95f488ad6e0a7?s=96&d=mm&r=g\",\"url\":\"https:\\\/\\\/secure.gravatar.com\\\/avatar\\\/5a2567495ba16b852fcd8f1ed006a2e24fcace936018ed8237e95f488ad6e0a7?s=96&d=mm&r=g\",\"contentUrl\":\"https:\\\/\\\/secure.gravatar.com\\\/avatar\\\/5a2567495ba16b852fcd8f1ed006a2e24fcace936018ed8237e95f488ad6e0a7?s=96&d=mm&r=g\",\"caption\":\"diario2\"},\"url\":\"https:\\\/\\\/diariotextual.com\\\/inicio\\\/index.php\\\/author\\\/diario2\\\/\"}]}<\/script>\n<!-- \/ Yoast SEO plugin. -->","yoast_head_json":{"title":"Realizaron capacitaci\u00f3n sobre discapacidad en la Legislatura - Diario Textual","robots":{"index":"index","follow":"follow","max-snippet":"max-snippet:-1","max-image-preview":"max-image-preview:large","max-video-preview":"max-video-preview:-1"},"canonical":"https:\/\/diariotextual.com\/inicio\/index.php\/2023\/04\/28\/realizaron-capacitacion-sobre-discapacidad-en-la-legislatura\/","og_locale":"es_ES","og_type":"article","og_title":"Realizaron capacitaci\u00f3n sobre discapacidad en la Legislatura - Diario Textual","og_description":"La Direcci\u00f3n General de Recursos Humanos de la Legislatura provincial organiz\u00f3 una capacitaci\u00f3n en la Sala del Pensamiento sobre \u201cInteracci\u00f3n con personas con discapacidad en el \u00e1mbito laboral\u201d, dictada por&hellip;","og_url":"https:\/\/diariotextual.com\/inicio\/index.php\/2023\/04\/28\/realizaron-capacitacion-sobre-discapacidad-en-la-legislatura\/","og_site_name":"Diario Textual","article_publisher":"https:\/\/www.facebook.com\/eltextual","article_published_time":"2023-04-28T16:23:05+00:00","article_modified_time":"2023-04-28T16:23:07+00:00","og_image":[{"width":900,"height":538,"url":"https:\/\/diariotextual.com\/inicio\/wp-content\/uploads\/2023\/04\/capacitaciondiscapacidadlegislatura43.jpg","type":"image\/jpeg"}],"author":"diario2","twitter_card":"summary_large_image","twitter_creator":"@eltextual","twitter_site":"@eltextual","twitter_misc":{"Escrito por":"diario2","Tiempo de lectura":"1 minuto"},"schema":{"@context":"https:\/\/schema.org","@graph":[{"@type":"Article","@id":"https:\/\/diariotextual.com\/inicio\/index.php\/2023\/04\/28\/realizaron-capacitacion-sobre-discapacidad-en-la-legislatura\/#article","isPartOf":{"@id":"https:\/\/diariotextual.com\/inicio\/index.php\/2023\/04\/28\/realizaron-capacitacion-sobre-discapacidad-en-la-legislatura\/"},"author":{"name":"diario2","@id":"https:\/\/diariotextual.com\/inicio\/#\/schema\/person\/694f60677f23c4a530867a98f22b3768"},"headline":"Realizaron capacitaci\u00f3n sobre discapacidad en la Legislatura","datePublished":"2023-04-28T16:23:05+00:00","dateModified":"2023-04-28T16:23:07+00:00","mainEntityOfPage":{"@id":"https:\/\/diariotextual.com\/inicio\/index.php\/2023\/04\/28\/realizaron-capacitacion-sobre-discapacidad-en-la-legislatura\/"},"wordCount":182,"publisher":{"@id":"https:\/\/diariotextual.com\/inicio\/#organization"},"image":{"@id":"https:\/\/diariotextual.com\/inicio\/index.php\/2023\/04\/28\/realizaron-capacitacion-sobre-discapacidad-en-la-legislatura\/#primaryimage"},"thumbnailUrl":"https:\/\/diariotextual.com\/inicio\/wp-content\/uploads\/2023\/04\/capacitaciondiscapacidadlegislatura43.jpg","articleSection":["A - ES NOTICIA (van abajo)","SOCIEDAD"],"inLanguage":"es"},{"@type":"WebPage","@id":"https:\/\/diariotextual.com\/inicio\/index.php\/2023\/04\/28\/realizaron-capacitacion-sobre-discapacidad-en-la-legislatura\/","url":"https:\/\/diariotextual.com\/inicio\/index.php\/2023\/04\/28\/realizaron-capacitacion-sobre-discapacidad-en-la-legislatura\/","name":"Realizaron capacitaci\u00f3n sobre discapacidad en la Legislatura - Diario Textual","isPartOf":{"@id":"https:\/\/diariotextual.com\/inicio\/#website"},"primaryImageOfPage":{"@id":"https:\/\/diariotextual.com\/inicio\/index.php\/2023\/04\/28\/realizaron-capacitacion-sobre-discapacidad-en-la-legislatura\/#primaryimage"},"image":{"@id":"https:\/\/diariotextual.com\/inicio\/index.php\/2023\/04\/28\/realizaron-capacitacion-sobre-discapacidad-en-la-legislatura\/#primaryimage"},"thumbnailUrl":"https:\/\/diariotextual.com\/inicio\/wp-content\/uploads\/2023\/04\/capacitaciondiscapacidadlegislatura43.jpg","datePublished":"2023-04-28T16:23:05+00:00","dateModified":"2023-04-28T16:23:07+00:00","breadcrumb":{"@id":"https:\/\/diariotextual.com\/inicio\/index.php\/2023\/04\/28\/realizaron-capacitacion-sobre-discapacidad-en-la-legislatura\/#breadcrumb"},"inLanguage":"es","potentialAction":[{"@type":"ReadAction","target":["https:\/\/diariotextual.com\/inicio\/index.php\/2023\/04\/28\/realizaron-capacitacion-sobre-discapacidad-en-la-legislatura\/"]}]},{"@type":"ImageObject","inLanguage":"es","@id":"https:\/\/diariotextual.com\/inicio\/index.php\/2023\/04\/28\/realizaron-capacitacion-sobre-discapacidad-en-la-legislatura\/#primaryimage","url":"https:\/\/diariotextual.com\/inicio\/wp-content\/uploads\/2023\/04\/capacitaciondiscapacidadlegislatura43.jpg","contentUrl":"https:\/\/diariotextual.com\/inicio\/wp-content\/uploads\/2023\/04\/capacitaciondiscapacidadlegislatura43.jpg","width":900,"height":538},{"@type":"BreadcrumbList","@id":"https:\/\/diariotextual.com\/inicio\/index.php\/2023\/04\/28\/realizaron-capacitacion-sobre-discapacidad-en-la-legislatura\/#breadcrumb","itemListElement":[{"@type":"ListItem","position":1,"name":"Portada","item":"https:\/\/diariotextual.com\/inicio\/"},{"@type":"ListItem","position":2,"name":"Realizaron capacitaci\u00f3n sobre discapacidad en la Legislatura"}]},{"@type":"WebSite","@id":"https:\/\/diariotextual.com\/inicio\/#website","url":"https:\/\/diariotextual.com\/inicio\/","name":"Diario Textual","description":"","publisher":{"@id":"https:\/\/diariotextual.com\/inicio\/#organization"},"potentialAction":[{"@type":"SearchAction","target":{"@type":"EntryPoint","urlTemplate":"https:\/\/diariotextual.com\/inicio\/?s={search_term_string}"},"query-input":{"@type":"PropertyValueSpecification","valueRequired":true,"valueName":"search_term_string"}}],"inLanguage":"es"},{"@type":"Organization","@id":"https:\/\/diariotextual.com\/inicio\/#organization","name":"Diario Textual","url":"https:\/\/diariotextual.com\/inicio\/","logo":{"@type":"ImageObject","inLanguage":"es","@id":"https:\/\/diariotextual.com\/inicio\/#\/schema\/logo\/image\/","url":"https:\/\/diariotextual.com\/inicio\/wp-content\/uploads\/2023\/05\/logotextual1.jpg","contentUrl":"https:\/\/diariotextual.com\/inicio\/wp-content\/uploads\/2023\/05\/logotextual1.jpg","width":516,"height":76,"caption":"Diario Textual"},"image":{"@id":"https:\/\/diariotextual.com\/inicio\/#\/schema\/logo\/image\/"},"sameAs":["https:\/\/www.facebook.com\/eltextual","https:\/\/x.com\/eltextual","http:\/\/www.instagram.com\/eltextual"]},{"@type":"Person","@id":"https:\/\/diariotextual.com\/inicio\/#\/schema\/person\/694f60677f23c4a530867a98f22b3768","name":"diario2","image":{"@type":"ImageObject","inLanguage":"es","@id":"https:\/\/secure.gravatar.com\/avatar\/5a2567495ba16b852fcd8f1ed006a2e24fcace936018ed8237e95f488ad6e0a7?s=96&d=mm&r=g","url":"https:\/\/secure.gravatar.com\/avatar\/5a2567495ba16b852fcd8f1ed006a2e24fcace936018ed8237e95f488ad6e0a7?s=96&d=mm&r=g","contentUrl":"https:\/\/secure.gravatar.com\/avatar\/5a2567495ba16b852fcd8f1ed006a2e24fcace936018ed8237e95f488ad6e0a7?s=96&d=mm&r=g","caption":"diario2"},"url":"https:\/\/diariotextual.com\/inicio\/index.php\/author\/diario2\/"}]}},"_links":{"self":[{"href":"https:\/\/diariotextual.com\/inicio\/index.php\/wp-json\/wp\/v2\/posts\/223650","targetHints":{"allow":["GET"]}}],"collection":[{"href":"https:\/\/diariotextual.com\/inicio\/index.php\/wp-json\/wp\/v2\/posts"}],"about":[{"href":"https:\/\/diariotextual.com\/inicio\/index.php\/wp-json\/wp\/v2\/types\/post"}],"author":[{"embeddable":true,"href":"https:\/\/diariotextual.com\/inicio\/index.php\/wp-json\/wp\/v2\/users\/4"}],"replies":[{"embeddable":true,"href":"https:\/\/diariotextual.com\/inicio\/index.php\/wp-json\/wp\/v2\/comments?post=223650"}],"version-history":[{"count":1,"href":"https:\/\/diariotextual.com\/inicio\/index.php\/wp-json\/wp\/v2\/posts\/223650\/revisions"}],"predecessor-version":[{"id":223652,"href":"https:\/\/diariotextual.com\/inicio\/index.php\/wp-json\/wp\/v2\/posts\/223650\/revisions\/223652"}],"wp:featuredmedia":[{"embeddable":true,"href":"https:\/\/diariotextual.com\/inicio\/index.php\/wp-json\/wp\/v2\/media\/223651"}],"wp:attachment":[{"href":"https:\/\/diariotextual.com\/inicio\/index.php\/wp-json\/wp\/v2\/media?parent=223650"}],"wp:term":[{"taxonomy":"category","embeddable":true,"href":"https:\/\/diariotextual.com\/inicio\/index.php\/wp-json\/wp\/v2\/categories?post=223650"},{"taxonomy":"post_tag","embeddable":true,"href":"https:\/\/diariotextual.com\/inicio\/index.php\/wp-json\/wp\/v2\/tags?post=223650"}],"curies":[{"name":"wp","href":"https:\/\/api.w.org\/{rel}","templated":true}]}}