{"id":223906,"date":"2023-05-02T14:07:22","date_gmt":"2023-05-02T17:07:22","guid":{"rendered":"https:\/\/diariotextual.com\/inicio\/?p=223906"},"modified":"2023-05-02T14:07:24","modified_gmt":"2023-05-02T17:07:24","slug":"la-galeria-alfredo-olivo-inaugura-nueva-muestra","status":"publish","type":"post","link":"https:\/\/diariotextual.com\/inicio\/index.php\/2023\/05\/02\/la-galeria-alfredo-olivo-inaugura-nueva-muestra\/","title":{"rendered":"La Galer\u00eda Alfredo Olivo inaugura nueva muestra"},"content":{"rendered":"\n<p>La presidenta del concejo deliberante de Santa Rosa, Paula Grotto, anunci\u00f3 que el d\u00eda jueves 5 de mayo, a las 19 horas, se inaugurar\u00e1 la muestra \u201cDe lugares y sentires\u201d, de la artista Mar\u00eda Marta Cortesini Ramos, en la Galer\u00eda Alfredo Olivo.<\/p>\n\n\n\n<p>Esta exposici\u00f3n permanecer\u00e1 instalada por el transcurso de un mes, y podr\u00e1 ser visitada de lunes a viernes en los horarios de 8 a 13 y de 16 a 20 horas.<\/p>\n\n\n\n<p>Seg\u00fan explic\u00f3 Cortesini Ramos, con este proyecto busca \u201cgenerar emociones en las personas espectadoras, a partir de la composici\u00f3n de formas y colores. Adem\u00e1s, indica que \u201ccada cuadro es una exploraci\u00f3n visual de la creatividad y la expresi\u00f3n, y su estilo abstracto es una invitaci\u00f3n a imaginar y reflexionar sobre lugares reales o imaginarios y sobre sentimientos que genera la vida diaria\u201d.<\/p>\n\n\n\n<p>La pintora logr\u00f3 crear composiciones equilibradas, atractivas y originales a trav\u00e9s del uso de t\u00e9cnicas mixtas, con esp\u00e1tulas, pinceles y otros elementos, manejando con habilidad acr\u00edlicos y gesso, combinando colores y formas.<\/p>\n\n\n\n<p>\u201cDe lugares y sentires\u201d es una ventana a un mundo lleno de sensaciones y emociones, que merece ser explorado con calma y atenci\u00f3n. Los cuadros est\u00e1n llenos de colores vibrantes y formas fluidas, de profundidad y texturas que crean sensaci\u00f3n de movimiento y energ\u00eda\u201d, dice la artista.<\/p>\n\n\n\n<p>Mar\u00eda Marta Cortesini Ramos es artista pl\u00e1stica, nacida en General Pico, La Pampa en 1966. Radicada en Santa Rosa desde 1989, particip\u00f3 de Talleres de pintura en la Universidad Nacional de La Pampa y en forma particular tom\u00f3 clases de pintura con la Profesora Griselda Carassay.<\/p>\n\n\n\n<p>Expuso obras en muestras colectivas en la presala del Aula Magna (UNLPam), en la C\u00e1mara de Diputados de la Provincia de La Pampa, en el Centro cultural El Molino y en el Magna Jazz en Santa Rosa, entre otros sitios.<\/p>\n\n\n\n<p>Adem\u00e1s, particip\u00f3 del Sal\u00f3n Pampeano de Poema Ilustrado en Gral. Pico, La Pampa.<\/p>\n\n\n\n<p>Su trabajo puede apreciarse en sus redes sociales (Facebook: Rastros de pincel y en Instagram: @rastrosdepincel)<\/p>\n","protected":false},"excerpt":{"rendered":"<p>La presidenta del concejo deliberante de Santa Rosa, Paula Grotto, anunci\u00f3 que el d\u00eda jueves 5 de mayo, a las 19 horas, se inaugurar\u00e1 la muestra \u201cDe lugares y sentires\u201d,&hellip;<\/p>\n","protected":false},"author":4,"featured_media":223907,"comment_status":"closed","ping_status":"open","sticky":false,"template":"","format":"standard","meta":{"_acf_changed":false,"footnotes":""},"categories":[1,2],"tags":[],"class_list":["post-223906","post","type-post","status-publish","format-standard","has-post-thumbnail","hentry","category-es-noticia","category-cultura"],"acf":[],"yoast_head":"<!-- This site is optimized with the Yoast SEO plugin v27.5 - https:\/\/yoast.com\/product\/yoast-seo-wordpress\/ -->\n<title>La Galer\u00eda Alfredo Olivo inaugura nueva muestra - Diario Textual<\/title>\n<meta name=\"robots\" content=\"index, follow, max-snippet:-1, max-image-preview:large, max-video-preview:-1\" \/>\n<link rel=\"canonical\" href=\"https:\/\/diariotextual.com\/inicio\/index.php\/2023\/05\/02\/la-galeria-alfredo-olivo-inaugura-nueva-muestra\/\" \/>\n<meta property=\"og:locale\" content=\"es_ES\" \/>\n<meta property=\"og:type\" content=\"article\" \/>\n<meta property=\"og:title\" content=\"La Galer\u00eda Alfredo Olivo inaugura nueva muestra - Diario Textual\" \/>\n<meta property=\"og:description\" content=\"La presidenta del concejo deliberante de Santa Rosa, Paula Grotto, anunci\u00f3 que el d\u00eda jueves 5 de mayo, a las 19 horas, se inaugurar\u00e1 la muestra \u201cDe lugares y sentires\u201d,&hellip;\" \/>\n<meta property=\"og:url\" content=\"https:\/\/diariotextual.com\/inicio\/index.php\/2023\/05\/02\/la-galeria-alfredo-olivo-inaugura-nueva-muestra\/\" \/>\n<meta property=\"og:site_name\" content=\"Diario Textual\" \/>\n<meta property=\"article:publisher\" content=\"https:\/\/www.facebook.com\/eltextual\" \/>\n<meta property=\"article:published_time\" content=\"2023-05-02T17:07:22+00:00\" \/>\n<meta property=\"article:modified_time\" content=\"2023-05-02T17:07:24+00:00\" \/>\n<meta property=\"og:image\" content=\"https:\/\/diariotextual.com\/inicio\/wp-content\/uploads\/2023\/05\/olivomuestra563243.jpg\" \/>\n\t<meta property=\"og:image:width\" content=\"600\" \/>\n\t<meta property=\"og:image:height\" content=\"414\" \/>\n\t<meta property=\"og:image:type\" content=\"image\/jpeg\" \/>\n<meta name=\"author\" content=\"diario2\" \/>\n<meta name=\"twitter:card\" content=\"summary_large_image\" \/>\n<meta name=\"twitter:creator\" content=\"@eltextual\" \/>\n<meta name=\"twitter:site\" content=\"@eltextual\" \/>\n<meta name=\"twitter:label1\" content=\"Escrito por\" \/>\n\t<meta name=\"twitter:data1\" content=\"diario2\" \/>\n\t<meta name=\"twitter:label2\" content=\"Tiempo de lectura\" \/>\n\t<meta name=\"twitter:data2\" content=\"2 minutos\" \/>\n<script type=\"application\/ld+json\" class=\"yoast-schema-graph\">{\"@context\":\"https:\\\/\\\/schema.org\",\"@graph\":[{\"@type\":\"Article\",\"@id\":\"https:\\\/\\\/diariotextual.com\\\/inicio\\\/index.php\\\/2023\\\/05\\\/02\\\/la-galeria-alfredo-olivo-inaugura-nueva-muestra\\\/#article\",\"isPartOf\":{\"@id\":\"https:\\\/\\\/diariotextual.com\\\/inicio\\\/index.php\\\/2023\\\/05\\\/02\\\/la-galeria-alfredo-olivo-inaugura-nueva-muestra\\\/\"},\"author\":{\"name\":\"diario2\",\"@id\":\"https:\\\/\\\/diariotextual.com\\\/inicio\\\/#\\\/schema\\\/person\\\/694f60677f23c4a530867a98f22b3768\"},\"headline\":\"La Galer\u00eda Alfredo Olivo inaugura nueva muestra\",\"datePublished\":\"2023-05-02T17:07:22+00:00\",\"dateModified\":\"2023-05-02T17:07:24+00:00\",\"mainEntityOfPage\":{\"@id\":\"https:\\\/\\\/diariotextual.com\\\/inicio\\\/index.php\\\/2023\\\/05\\\/02\\\/la-galeria-alfredo-olivo-inaugura-nueva-muestra\\\/\"},\"wordCount\":352,\"publisher\":{\"@id\":\"https:\\\/\\\/diariotextual.com\\\/inicio\\\/#organization\"},\"image\":{\"@id\":\"https:\\\/\\\/diariotextual.com\\\/inicio\\\/index.php\\\/2023\\\/05\\\/02\\\/la-galeria-alfredo-olivo-inaugura-nueva-muestra\\\/#primaryimage\"},\"thumbnailUrl\":\"https:\\\/\\\/diariotextual.com\\\/inicio\\\/wp-content\\\/uploads\\\/2023\\\/05\\\/olivomuestra563243.jpg\",\"articleSection\":[\"A - ES NOTICIA (van abajo)\",\"CULTURA\"],\"inLanguage\":\"es\"},{\"@type\":\"WebPage\",\"@id\":\"https:\\\/\\\/diariotextual.com\\\/inicio\\\/index.php\\\/2023\\\/05\\\/02\\\/la-galeria-alfredo-olivo-inaugura-nueva-muestra\\\/\",\"url\":\"https:\\\/\\\/diariotextual.com\\\/inicio\\\/index.php\\\/2023\\\/05\\\/02\\\/la-galeria-alfredo-olivo-inaugura-nueva-muestra\\\/\",\"name\":\"La Galer\u00eda Alfredo Olivo inaugura nueva muestra - Diario Textual\",\"isPartOf\":{\"@id\":\"https:\\\/\\\/diariotextual.com\\\/inicio\\\/#website\"},\"primaryImageOfPage\":{\"@id\":\"https:\\\/\\\/diariotextual.com\\\/inicio\\\/index.php\\\/2023\\\/05\\\/02\\\/la-galeria-alfredo-olivo-inaugura-nueva-muestra\\\/#primaryimage\"},\"image\":{\"@id\":\"https:\\\/\\\/diariotextual.com\\\/inicio\\\/index.php\\\/2023\\\/05\\\/02\\\/la-galeria-alfredo-olivo-inaugura-nueva-muestra\\\/#primaryimage\"},\"thumbnailUrl\":\"https:\\\/\\\/diariotextual.com\\\/inicio\\\/wp-content\\\/uploads\\\/2023\\\/05\\\/olivomuestra563243.jpg\",\"datePublished\":\"2023-05-02T17:07:22+00:00\",\"dateModified\":\"2023-05-02T17:07:24+00:00\",\"breadcrumb\":{\"@id\":\"https:\\\/\\\/diariotextual.com\\\/inicio\\\/index.php\\\/2023\\\/05\\\/02\\\/la-galeria-alfredo-olivo-inaugura-nueva-muestra\\\/#breadcrumb\"},\"inLanguage\":\"es\",\"potentialAction\":[{\"@type\":\"ReadAction\",\"target\":[\"https:\\\/\\\/diariotextual.com\\\/inicio\\\/index.php\\\/2023\\\/05\\\/02\\\/la-galeria-alfredo-olivo-inaugura-nueva-muestra\\\/\"]}]},{\"@type\":\"ImageObject\",\"inLanguage\":\"es\",\"@id\":\"https:\\\/\\\/diariotextual.com\\\/inicio\\\/index.php\\\/2023\\\/05\\\/02\\\/la-galeria-alfredo-olivo-inaugura-nueva-muestra\\\/#primaryimage\",\"url\":\"https:\\\/\\\/diariotextual.com\\\/inicio\\\/wp-content\\\/uploads\\\/2023\\\/05\\\/olivomuestra563243.jpg\",\"contentUrl\":\"https:\\\/\\\/diariotextual.com\\\/inicio\\\/wp-content\\\/uploads\\\/2023\\\/05\\\/olivomuestra563243.jpg\",\"width\":600,\"height\":414},{\"@type\":\"BreadcrumbList\",\"@id\":\"https:\\\/\\\/diariotextual.com\\\/inicio\\\/index.php\\\/2023\\\/05\\\/02\\\/la-galeria-alfredo-olivo-inaugura-nueva-muestra\\\/#breadcrumb\",\"itemListElement\":[{\"@type\":\"ListItem\",\"position\":1,\"name\":\"Portada\",\"item\":\"https:\\\/\\\/diariotextual.com\\\/inicio\\\/\"},{\"@type\":\"ListItem\",\"position\":2,\"name\":\"La Galer\u00eda Alfredo Olivo inaugura nueva muestra\"}]},{\"@type\":\"WebSite\",\"@id\":\"https:\\\/\\\/diariotextual.com\\\/inicio\\\/#website\",\"url\":\"https:\\\/\\\/diariotextual.com\\\/inicio\\\/\",\"name\":\"Diario Textual\",\"description\":\"\",\"publisher\":{\"@id\":\"https:\\\/\\\/diariotextual.com\\\/inicio\\\/#organization\"},\"potentialAction\":[{\"@type\":\"SearchAction\",\"target\":{\"@type\":\"EntryPoint\",\"urlTemplate\":\"https:\\\/\\\/diariotextual.com\\\/inicio\\\/?s={search_term_string}\"},\"query-input\":{\"@type\":\"PropertyValueSpecification\",\"valueRequired\":true,\"valueName\":\"search_term_string\"}}],\"inLanguage\":\"es\"},{\"@type\":\"Organization\",\"@id\":\"https:\\\/\\\/diariotextual.com\\\/inicio\\\/#organization\",\"name\":\"Diario Textual\",\"url\":\"https:\\\/\\\/diariotextual.com\\\/inicio\\\/\",\"logo\":{\"@type\":\"ImageObject\",\"inLanguage\":\"es\",\"@id\":\"https:\\\/\\\/diariotextual.com\\\/inicio\\\/#\\\/schema\\\/logo\\\/image\\\/\",\"url\":\"https:\\\/\\\/diariotextual.com\\\/inicio\\\/wp-content\\\/uploads\\\/2023\\\/05\\\/logotextual1.jpg\",\"contentUrl\":\"https:\\\/\\\/diariotextual.com\\\/inicio\\\/wp-content\\\/uploads\\\/2023\\\/05\\\/logotextual1.jpg\",\"width\":516,\"height\":76,\"caption\":\"Diario Textual\"},\"image\":{\"@id\":\"https:\\\/\\\/diariotextual.com\\\/inicio\\\/#\\\/schema\\\/logo\\\/image\\\/\"},\"sameAs\":[\"https:\\\/\\\/www.facebook.com\\\/eltextual\",\"https:\\\/\\\/x.com\\\/eltextual\",\"http:\\\/\\\/www.instagram.com\\\/eltextual\"]},{\"@type\":\"Person\",\"@id\":\"https:\\\/\\\/diariotextual.com\\\/inicio\\\/#\\\/schema\\\/person\\\/694f60677f23c4a530867a98f22b3768\",\"name\":\"diario2\",\"image\":{\"@type\":\"ImageObject\",\"inLanguage\":\"es\",\"@id\":\"https:\\\/\\\/secure.gravatar.com\\\/avatar\\\/5a2567495ba16b852fcd8f1ed006a2e24fcace936018ed8237e95f488ad6e0a7?s=96&d=mm&r=g\",\"url\":\"https:\\\/\\\/secure.gravatar.com\\\/avatar\\\/5a2567495ba16b852fcd8f1ed006a2e24fcace936018ed8237e95f488ad6e0a7?s=96&d=mm&r=g\",\"contentUrl\":\"https:\\\/\\\/secure.gravatar.com\\\/avatar\\\/5a2567495ba16b852fcd8f1ed006a2e24fcace936018ed8237e95f488ad6e0a7?s=96&d=mm&r=g\",\"caption\":\"diario2\"},\"url\":\"https:\\\/\\\/diariotextual.com\\\/inicio\\\/index.php\\\/author\\\/diario2\\\/\"}]}<\/script>\n<!-- \/ Yoast SEO plugin. -->","yoast_head_json":{"title":"La Galer\u00eda Alfredo Olivo inaugura nueva muestra - Diario Textual","robots":{"index":"index","follow":"follow","max-snippet":"max-snippet:-1","max-image-preview":"max-image-preview:large","max-video-preview":"max-video-preview:-1"},"canonical":"https:\/\/diariotextual.com\/inicio\/index.php\/2023\/05\/02\/la-galeria-alfredo-olivo-inaugura-nueva-muestra\/","og_locale":"es_ES","og_type":"article","og_title":"La Galer\u00eda Alfredo Olivo inaugura nueva muestra - Diario Textual","og_description":"La presidenta del concejo deliberante de Santa Rosa, Paula Grotto, anunci\u00f3 que el d\u00eda jueves 5 de mayo, a las 19 horas, se inaugurar\u00e1 la muestra \u201cDe lugares y sentires\u201d,&hellip;","og_url":"https:\/\/diariotextual.com\/inicio\/index.php\/2023\/05\/02\/la-galeria-alfredo-olivo-inaugura-nueva-muestra\/","og_site_name":"Diario Textual","article_publisher":"https:\/\/www.facebook.com\/eltextual","article_published_time":"2023-05-02T17:07:22+00:00","article_modified_time":"2023-05-02T17:07:24+00:00","og_image":[{"width":600,"height":414,"url":"https:\/\/diariotextual.com\/inicio\/wp-content\/uploads\/2023\/05\/olivomuestra563243.jpg","type":"image\/jpeg"}],"author":"diario2","twitter_card":"summary_large_image","twitter_creator":"@eltextual","twitter_site":"@eltextual","twitter_misc":{"Escrito por":"diario2","Tiempo de lectura":"2 minutos"},"schema":{"@context":"https:\/\/schema.org","@graph":[{"@type":"Article","@id":"https:\/\/diariotextual.com\/inicio\/index.php\/2023\/05\/02\/la-galeria-alfredo-olivo-inaugura-nueva-muestra\/#article","isPartOf":{"@id":"https:\/\/diariotextual.com\/inicio\/index.php\/2023\/05\/02\/la-galeria-alfredo-olivo-inaugura-nueva-muestra\/"},"author":{"name":"diario2","@id":"https:\/\/diariotextual.com\/inicio\/#\/schema\/person\/694f60677f23c4a530867a98f22b3768"},"headline":"La Galer\u00eda Alfredo Olivo inaugura nueva muestra","datePublished":"2023-05-02T17:07:22+00:00","dateModified":"2023-05-02T17:07:24+00:00","mainEntityOfPage":{"@id":"https:\/\/diariotextual.com\/inicio\/index.php\/2023\/05\/02\/la-galeria-alfredo-olivo-inaugura-nueva-muestra\/"},"wordCount":352,"publisher":{"@id":"https:\/\/diariotextual.com\/inicio\/#organization"},"image":{"@id":"https:\/\/diariotextual.com\/inicio\/index.php\/2023\/05\/02\/la-galeria-alfredo-olivo-inaugura-nueva-muestra\/#primaryimage"},"thumbnailUrl":"https:\/\/diariotextual.com\/inicio\/wp-content\/uploads\/2023\/05\/olivomuestra563243.jpg","articleSection":["A - ES NOTICIA (van abajo)","CULTURA"],"inLanguage":"es"},{"@type":"WebPage","@id":"https:\/\/diariotextual.com\/inicio\/index.php\/2023\/05\/02\/la-galeria-alfredo-olivo-inaugura-nueva-muestra\/","url":"https:\/\/diariotextual.com\/inicio\/index.php\/2023\/05\/02\/la-galeria-alfredo-olivo-inaugura-nueva-muestra\/","name":"La Galer\u00eda Alfredo Olivo inaugura nueva muestra - Diario Textual","isPartOf":{"@id":"https:\/\/diariotextual.com\/inicio\/#website"},"primaryImageOfPage":{"@id":"https:\/\/diariotextual.com\/inicio\/index.php\/2023\/05\/02\/la-galeria-alfredo-olivo-inaugura-nueva-muestra\/#primaryimage"},"image":{"@id":"https:\/\/diariotextual.com\/inicio\/index.php\/2023\/05\/02\/la-galeria-alfredo-olivo-inaugura-nueva-muestra\/#primaryimage"},"thumbnailUrl":"https:\/\/diariotextual.com\/inicio\/wp-content\/uploads\/2023\/05\/olivomuestra563243.jpg","datePublished":"2023-05-02T17:07:22+00:00","dateModified":"2023-05-02T17:07:24+00:00","breadcrumb":{"@id":"https:\/\/diariotextual.com\/inicio\/index.php\/2023\/05\/02\/la-galeria-alfredo-olivo-inaugura-nueva-muestra\/#breadcrumb"},"inLanguage":"es","potentialAction":[{"@type":"ReadAction","target":["https:\/\/diariotextual.com\/inicio\/index.php\/2023\/05\/02\/la-galeria-alfredo-olivo-inaugura-nueva-muestra\/"]}]},{"@type":"ImageObject","inLanguage":"es","@id":"https:\/\/diariotextual.com\/inicio\/index.php\/2023\/05\/02\/la-galeria-alfredo-olivo-inaugura-nueva-muestra\/#primaryimage","url":"https:\/\/diariotextual.com\/inicio\/wp-content\/uploads\/2023\/05\/olivomuestra563243.jpg","contentUrl":"https:\/\/diariotextual.com\/inicio\/wp-content\/uploads\/2023\/05\/olivomuestra563243.jpg","width":600,"height":414},{"@type":"BreadcrumbList","@id":"https:\/\/diariotextual.com\/inicio\/index.php\/2023\/05\/02\/la-galeria-alfredo-olivo-inaugura-nueva-muestra\/#breadcrumb","itemListElement":[{"@type":"ListItem","position":1,"name":"Portada","item":"https:\/\/diariotextual.com\/inicio\/"},{"@type":"ListItem","position":2,"name":"La Galer\u00eda Alfredo Olivo inaugura nueva muestra"}]},{"@type":"WebSite","@id":"https:\/\/diariotextual.com\/inicio\/#website","url":"https:\/\/diariotextual.com\/inicio\/","name":"Diario Textual","description":"","publisher":{"@id":"https:\/\/diariotextual.com\/inicio\/#organization"},"potentialAction":[{"@type":"SearchAction","target":{"@type":"EntryPoint","urlTemplate":"https:\/\/diariotextual.com\/inicio\/?s={search_term_string}"},"query-input":{"@type":"PropertyValueSpecification","valueRequired":true,"valueName":"search_term_string"}}],"inLanguage":"es"},{"@type":"Organization","@id":"https:\/\/diariotextual.com\/inicio\/#organization","name":"Diario Textual","url":"https:\/\/diariotextual.com\/inicio\/","logo":{"@type":"ImageObject","inLanguage":"es","@id":"https:\/\/diariotextual.com\/inicio\/#\/schema\/logo\/image\/","url":"https:\/\/diariotextual.com\/inicio\/wp-content\/uploads\/2023\/05\/logotextual1.jpg","contentUrl":"https:\/\/diariotextual.com\/inicio\/wp-content\/uploads\/2023\/05\/logotextual1.jpg","width":516,"height":76,"caption":"Diario Textual"},"image":{"@id":"https:\/\/diariotextual.com\/inicio\/#\/schema\/logo\/image\/"},"sameAs":["https:\/\/www.facebook.com\/eltextual","https:\/\/x.com\/eltextual","http:\/\/www.instagram.com\/eltextual"]},{"@type":"Person","@id":"https:\/\/diariotextual.com\/inicio\/#\/schema\/person\/694f60677f23c4a530867a98f22b3768","name":"diario2","image":{"@type":"ImageObject","inLanguage":"es","@id":"https:\/\/secure.gravatar.com\/avatar\/5a2567495ba16b852fcd8f1ed006a2e24fcace936018ed8237e95f488ad6e0a7?s=96&d=mm&r=g","url":"https:\/\/secure.gravatar.com\/avatar\/5a2567495ba16b852fcd8f1ed006a2e24fcace936018ed8237e95f488ad6e0a7?s=96&d=mm&r=g","contentUrl":"https:\/\/secure.gravatar.com\/avatar\/5a2567495ba16b852fcd8f1ed006a2e24fcace936018ed8237e95f488ad6e0a7?s=96&d=mm&r=g","caption":"diario2"},"url":"https:\/\/diariotextual.com\/inicio\/index.php\/author\/diario2\/"}]}},"_links":{"self":[{"href":"https:\/\/diariotextual.com\/inicio\/index.php\/wp-json\/wp\/v2\/posts\/223906","targetHints":{"allow":["GET"]}}],"collection":[{"href":"https:\/\/diariotextual.com\/inicio\/index.php\/wp-json\/wp\/v2\/posts"}],"about":[{"href":"https:\/\/diariotextual.com\/inicio\/index.php\/wp-json\/wp\/v2\/types\/post"}],"author":[{"embeddable":true,"href":"https:\/\/diariotextual.com\/inicio\/index.php\/wp-json\/wp\/v2\/users\/4"}],"replies":[{"embeddable":true,"href":"https:\/\/diariotextual.com\/inicio\/index.php\/wp-json\/wp\/v2\/comments?post=223906"}],"version-history":[{"count":1,"href":"https:\/\/diariotextual.com\/inicio\/index.php\/wp-json\/wp\/v2\/posts\/223906\/revisions"}],"predecessor-version":[{"id":223908,"href":"https:\/\/diariotextual.com\/inicio\/index.php\/wp-json\/wp\/v2\/posts\/223906\/revisions\/223908"}],"wp:featuredmedia":[{"embeddable":true,"href":"https:\/\/diariotextual.com\/inicio\/index.php\/wp-json\/wp\/v2\/media\/223907"}],"wp:attachment":[{"href":"https:\/\/diariotextual.com\/inicio\/index.php\/wp-json\/wp\/v2\/media?parent=223906"}],"wp:term":[{"taxonomy":"category","embeddable":true,"href":"https:\/\/diariotextual.com\/inicio\/index.php\/wp-json\/wp\/v2\/categories?post=223906"},{"taxonomy":"post_tag","embeddable":true,"href":"https:\/\/diariotextual.com\/inicio\/index.php\/wp-json\/wp\/v2\/tags?post=223906"}],"curies":[{"name":"wp","href":"https:\/\/api.w.org\/{rel}","templated":true}]}}