{"id":223909,"date":"2023-05-02T14:15:20","date_gmt":"2023-05-02T17:15:20","guid":{"rendered":"https:\/\/diariotextual.com\/inicio\/?p=223909"},"modified":"2023-05-02T14:15:21","modified_gmt":"2023-05-02T17:15:21","slug":"ya-estan-en-marcha-los-juegos-culturales-evita-2023","status":"publish","type":"post","link":"https:\/\/diariotextual.com\/inicio\/index.php\/2023\/05\/02\/ya-estan-en-marcha-los-juegos-culturales-evita-2023\/","title":{"rendered":"Ya est\u00e1n en marcha los Juegos Culturales Evita 2023"},"content":{"rendered":"\n<p>La Secretar\u00eda de Cultura del Gobierno de La Pampa invit\u00f3 a j\u00f3venes y personas mayores a participar en las instancias zonales de la 18\u00b0edici\u00f3n de los <strong>Juegos Culturales Evita 2023<\/strong>, las que se desarrollar\u00e1n durante el mes de junio en las sedes designadas para cada una de las 10 regiones en las que se divide nuestra provincia. El lema 2023 es \u201cCreciendo en Democracia\u201d.<\/p>\n\n\n\n<p>Los Juegos Evita son una pol\u00edtica p\u00fablica inclusiva que promueven, por medio del arte y la cultura, los valores de la solidaridad, el trabajo colectivo y el respeto mutuo. La esencia de este programa no es la competencia en s\u00ed misma, sino que las y los participantes se encuentren, se conozcan e intercambien experiencias. Este a\u00f1o llegan con m\u00e1s disciplinas, m\u00e1s categor\u00edas, m\u00e1s inclusi\u00f3n y mayor participaci\u00f3n.<\/p>\n\n\n\n<div style=\"height:100px\" aria-hidden=\"true\" class=\"wp-block-spacer\"><\/div>\n\n\n\n<p><strong>Destinatarios<\/strong><\/p>\n\n\n\n<p>Los Juegos Evita est\u00e1n destinados a j\u00f3venes de 12 a 18 a\u00f1os y a personas mayores de 60 a\u00f1os de todo el pa\u00eds, organizados en las siguientes categor\u00edas:<\/p>\n\n\n\n<p>&#8211; Sub 15: (12, 13, 14 y 15 a\u00f1os). Nacidos durante los a\u00f1os 2008, 2009, 2010 y 2011.<\/p>\n\n\n\n<p>&#8211; Sub 18: (16, 17 y 18 a\u00f1os). Nacidos durante los a\u00f1os 2005, 2006 y 2007.<\/p>\n\n\n\n<p>&#8211; Personas Mayores: (60 a\u00f1os o m\u00e1s). Nacidos durante el a\u00f1o 1963, o con anterioridad.<\/p>\n\n\n\n<p>&#8211; Categor\u00eda \u00danica: (12 a 18 a\u00f1os). Nacidos entre los a\u00f1os 2005 y 2011.<\/p>\n\n\n\n<p>&#8211; Personas con Discapacidad: (12 a 18 a\u00f1os). Nacidos entre los a\u00f1os 2005 y 2011.<\/p>\n\n\n\n<div style=\"height:100px\" aria-hidden=\"true\" class=\"wp-block-spacer\"><\/div>\n\n\n\n<p><strong>Disciplinas<\/strong><\/p>\n\n\n\n<p>CUENTO: categor\u00edas sub 15, sub 18 y Personas Mayores.<\/p>\n\n\n\n<p>POES\u00cdA: categor\u00edas sub 15, sub 18 y Personas Mayores.<\/p>\n\n\n\n<p>FOTOGRAF\u00cdA: categor\u00edas sub 15, sub 18, Personas Mayores y Personas con Discapacidad (PCD).<\/p>\n\n\n\n<p>PINTURA \/ DIBUJO: categor\u00edas sub 15, sub 18 y Personas Mayores.<\/p>\n\n\n\n<p>VIDEOMINUTO: categor\u00edas sub 15 y sub 18.<\/p>\n\n\n\n<p>CANTO SOLISTA: categor\u00edas sub 15, sub 18 y Personas Mayores.<\/p>\n\n\n\n<p>FREESTYLE: categor\u00edas sub 15 y sub 18.<\/p>\n\n\n\n<p>DANZA (Pareja): categor\u00edas sub 15, sub 18 y Personas Mayores.<\/p>\n\n\n\n<p>DANZA (Individual): categor\u00eda \u00fanica.<\/p>\n\n\n\n<p>TEATRO (Grupal): categor\u00eda \u00fanica (12 a 18 a\u00f1os).<\/p>\n\n\n\n<p>TEATRO (Unipersonal): categor\u00eda \u00fanica (12 a 18 a\u00f1os) &#8211; Personas Con Discapacidad (PCD) y Personas Mayores.<\/p>\n\n\n\n<p>CONJUNTO MUSICAL: categor\u00eda \u00fanica.<\/p>\n\n\n\n<p>HISTORIETA: categor\u00eda \u00fanica.<\/p>\n\n\n\n<div style=\"height:100px\" aria-hidden=\"true\" class=\"wp-block-spacer\"><\/div>\n\n\n\n<p><strong>Instancias dentro de la provincia<\/strong><\/p>\n\n\n\n<p>La Secretar\u00eda de Cultura junto a los municipios pampeanos organizan y coordinan las instancias zonal y provincial.<\/p>\n\n\n\n<p>Las Instancias Zonales se desarrollar\u00e1n en el mes de Junio en las siguientes Sedes:<\/p>\n\n\n\n<p>Zona 1- Quetrequen. Jueves 1\u00b0 de junio.<\/p>\n\n\n\n<p>Localidades: Rancul, Realic\u00f3, Parera, Quetrequ\u00e9n, Ingeniero Luiggi, Embajador Martini, Maissonnave.<\/p>\n\n\n\n<p>Zona 2 &#8211; Cnel. Hilario Lagos. Lunes 5 de junio.<\/p>\n\n\n\n<p>Intendente Alvear, Alta Italia, Bernardo Larroud\u00e9, Cnel. Hilario Lagos, V\u00e9rtiz, Speluzzi, Adolfo Van Praet, Ceballos, Sarah, Ojeda y Falucho.<\/p>\n\n\n\n<p>Zona 3 &#8211; Caleuf\u00fa. Jueves 8 de junio.<\/p>\n\n\n\n<p>Localidades: Eduardo Castex, Trenel, Arata, Caleuf\u00fa, Metileo, La Maruja, Pichi Huinca, Conhelo, Monte Nievas.<\/p>\n\n\n\n<p>Zona 4 \u2013 Catril\u00f3. Lunes 12 de junio.<\/p>\n\n\n\n<p>Localidades: Quem\u00fa Quem\u00fa, Villa Mirasol, Colonia Bar\u00f3n, Miguel Can\u00e9, Catril\u00f3, Lonquimay, Uriburu, Anguil, Dorila, Agustoni, Relmo.<\/p>\n\n\n\n<p>Zona 5 &#8211; General Pico. Viernes 16 de junio.<\/p>\n\n\n\n<p>Zona 6 &#8211; Luan Toro. Jueves 15 de junio.<\/p>\n\n\n\n<p>Localidades: Victorica, Luan Toro, Carro Quemado, Tel\u00e9n, Loventu\u00e9, Rucanelo, Mauricio Mayer, Winifreda.<\/p>\n\n\n\n<p>Zona 7 &#8211; Santa Rosa. Viernes 23 de junio.<\/p>\n\n\n\n<p>Zona 8 &#8211; Jacinto Arauz. Jueves 22 de Junio.<\/p>\n\n\n\n<p>Jacinto Arauz, Bernasconi, La Adela, Guatrach\u00e9, Colonia Santa Teresa, General San Mart\u00edn, Abramo, General Campos y Cuchillo-C\u00f3.<\/p>\n\n\n\n<p>Zona 9- Macach\u00edn. Lunes 26 de junio.<\/p>\n\n\n\n<p>Localidades: General Acha, Toay, Per\u00fa, Quehu\u00e9, Unanue, Ataliva Roca, Miguel Riglos, Macach\u00edn, Alpachiri, Rol\u00f3n, Doblas, Colonia Santa Mar\u00eda, Tom\u00e1s M. de Anchorena.<\/p>\n\n\n\n<p>Zona 10 &#8211; 25 de Mayo. Jueves 29 de junio.<\/p>\n\n\n\n<p>Localidades: Santa Isabel, La Humada, Algarrobo del \u00c1guila, Puel\u00e9n, 25 de Mayo, Gobernador Duval, Chacharramendi, La Reforma, Puelches, Limay Mahuida, Casa de Piedra.<\/p>\n","protected":false},"excerpt":{"rendered":"<p>La Secretar\u00eda de Cultura del Gobierno de La Pampa invit\u00f3 a j\u00f3venes y personas mayores a participar en las instancias zonales de la 18\u00b0edici\u00f3n de los Juegos Culturales Evita 2023,&hellip;<\/p>\n","protected":false},"author":4,"featured_media":223911,"comment_status":"closed","ping_status":"open","sticky":false,"template":"","format":"standard","meta":{"_acf_changed":false,"footnotes":""},"categories":[1,2],"tags":[],"class_list":["post-223909","post","type-post","status-publish","format-standard","has-post-thumbnail","hentry","category-es-noticia","category-cultura"],"acf":[],"yoast_head":"<!-- This site is optimized with the Yoast SEO plugin v27.5 - https:\/\/yoast.com\/product\/yoast-seo-wordpress\/ -->\n<title>Ya est\u00e1n en marcha los Juegos Culturales Evita 2023 - Diario Textual<\/title>\n<meta name=\"robots\" content=\"index, follow, max-snippet:-1, max-image-preview:large, max-video-preview:-1\" \/>\n<link rel=\"canonical\" href=\"https:\/\/diariotextual.com\/inicio\/index.php\/2023\/05\/02\/ya-estan-en-marcha-los-juegos-culturales-evita-2023\/\" \/>\n<meta property=\"og:locale\" content=\"es_ES\" \/>\n<meta property=\"og:type\" content=\"article\" \/>\n<meta property=\"og:title\" content=\"Ya est\u00e1n en marcha los Juegos Culturales Evita 2023 - Diario Textual\" \/>\n<meta property=\"og:description\" content=\"La Secretar\u00eda de Cultura del Gobierno de La Pampa invit\u00f3 a j\u00f3venes y personas mayores a participar en las instancias zonales de la 18\u00b0edici\u00f3n de los Juegos Culturales Evita 2023,&hellip;\" \/>\n<meta property=\"og:url\" content=\"https:\/\/diariotextual.com\/inicio\/index.php\/2023\/05\/02\/ya-estan-en-marcha-los-juegos-culturales-evita-2023\/\" \/>\n<meta property=\"og:site_name\" content=\"Diario Textual\" \/>\n<meta property=\"article:publisher\" content=\"https:\/\/www.facebook.com\/eltextual\" \/>\n<meta property=\"article:published_time\" content=\"2023-05-02T17:15:20+00:00\" \/>\n<meta property=\"article:modified_time\" content=\"2023-05-02T17:15:21+00:00\" \/>\n<meta property=\"og:image\" content=\"https:\/\/diariotextual.com\/inicio\/wp-content\/uploads\/2023\/05\/juegosevitadanza4563254.jpg\" \/>\n\t<meta property=\"og:image:width\" content=\"1530\" \/>\n\t<meta property=\"og:image:height\" content=\"876\" \/>\n\t<meta property=\"og:image:type\" content=\"image\/jpeg\" \/>\n<meta name=\"author\" content=\"diario2\" \/>\n<meta name=\"twitter:card\" content=\"summary_large_image\" \/>\n<meta name=\"twitter:creator\" content=\"@eltextual\" \/>\n<meta name=\"twitter:site\" content=\"@eltextual\" \/>\n<meta name=\"twitter:label1\" content=\"Escrito por\" \/>\n\t<meta name=\"twitter:data1\" content=\"diario2\" \/>\n\t<meta name=\"twitter:label2\" content=\"Tiempo de lectura\" \/>\n\t<meta name=\"twitter:data2\" content=\"3 minutos\" \/>\n<script type=\"application\/ld+json\" class=\"yoast-schema-graph\">{\"@context\":\"https:\\\/\\\/schema.org\",\"@graph\":[{\"@type\":\"Article\",\"@id\":\"https:\\\/\\\/diariotextual.com\\\/inicio\\\/index.php\\\/2023\\\/05\\\/02\\\/ya-estan-en-marcha-los-juegos-culturales-evita-2023\\\/#article\",\"isPartOf\":{\"@id\":\"https:\\\/\\\/diariotextual.com\\\/inicio\\\/index.php\\\/2023\\\/05\\\/02\\\/ya-estan-en-marcha-los-juegos-culturales-evita-2023\\\/\"},\"author\":{\"name\":\"diario2\",\"@id\":\"https:\\\/\\\/diariotextual.com\\\/inicio\\\/#\\\/schema\\\/person\\\/694f60677f23c4a530867a98f22b3768\"},\"headline\":\"Ya est\u00e1n en marcha los Juegos Culturales Evita 2023\",\"datePublished\":\"2023-05-02T17:15:20+00:00\",\"dateModified\":\"2023-05-02T17:15:21+00:00\",\"mainEntityOfPage\":{\"@id\":\"https:\\\/\\\/diariotextual.com\\\/inicio\\\/index.php\\\/2023\\\/05\\\/02\\\/ya-estan-en-marcha-los-juegos-culturales-evita-2023\\\/\"},\"wordCount\":601,\"publisher\":{\"@id\":\"https:\\\/\\\/diariotextual.com\\\/inicio\\\/#organization\"},\"image\":{\"@id\":\"https:\\\/\\\/diariotextual.com\\\/inicio\\\/index.php\\\/2023\\\/05\\\/02\\\/ya-estan-en-marcha-los-juegos-culturales-evita-2023\\\/#primaryimage\"},\"thumbnailUrl\":\"https:\\\/\\\/diariotextual.com\\\/inicio\\\/wp-content\\\/uploads\\\/2023\\\/05\\\/juegosevitadanza4563254.jpg\",\"articleSection\":[\"A - ES NOTICIA (van abajo)\",\"CULTURA\"],\"inLanguage\":\"es\"},{\"@type\":\"WebPage\",\"@id\":\"https:\\\/\\\/diariotextual.com\\\/inicio\\\/index.php\\\/2023\\\/05\\\/02\\\/ya-estan-en-marcha-los-juegos-culturales-evita-2023\\\/\",\"url\":\"https:\\\/\\\/diariotextual.com\\\/inicio\\\/index.php\\\/2023\\\/05\\\/02\\\/ya-estan-en-marcha-los-juegos-culturales-evita-2023\\\/\",\"name\":\"Ya est\u00e1n en marcha los Juegos Culturales Evita 2023 - Diario Textual\",\"isPartOf\":{\"@id\":\"https:\\\/\\\/diariotextual.com\\\/inicio\\\/#website\"},\"primaryImageOfPage\":{\"@id\":\"https:\\\/\\\/diariotextual.com\\\/inicio\\\/index.php\\\/2023\\\/05\\\/02\\\/ya-estan-en-marcha-los-juegos-culturales-evita-2023\\\/#primaryimage\"},\"image\":{\"@id\":\"https:\\\/\\\/diariotextual.com\\\/inicio\\\/index.php\\\/2023\\\/05\\\/02\\\/ya-estan-en-marcha-los-juegos-culturales-evita-2023\\\/#primaryimage\"},\"thumbnailUrl\":\"https:\\\/\\\/diariotextual.com\\\/inicio\\\/wp-content\\\/uploads\\\/2023\\\/05\\\/juegosevitadanza4563254.jpg\",\"datePublished\":\"2023-05-02T17:15:20+00:00\",\"dateModified\":\"2023-05-02T17:15:21+00:00\",\"breadcrumb\":{\"@id\":\"https:\\\/\\\/diariotextual.com\\\/inicio\\\/index.php\\\/2023\\\/05\\\/02\\\/ya-estan-en-marcha-los-juegos-culturales-evita-2023\\\/#breadcrumb\"},\"inLanguage\":\"es\",\"potentialAction\":[{\"@type\":\"ReadAction\",\"target\":[\"https:\\\/\\\/diariotextual.com\\\/inicio\\\/index.php\\\/2023\\\/05\\\/02\\\/ya-estan-en-marcha-los-juegos-culturales-evita-2023\\\/\"]}]},{\"@type\":\"ImageObject\",\"inLanguage\":\"es\",\"@id\":\"https:\\\/\\\/diariotextual.com\\\/inicio\\\/index.php\\\/2023\\\/05\\\/02\\\/ya-estan-en-marcha-los-juegos-culturales-evita-2023\\\/#primaryimage\",\"url\":\"https:\\\/\\\/diariotextual.com\\\/inicio\\\/wp-content\\\/uploads\\\/2023\\\/05\\\/juegosevitadanza4563254.jpg\",\"contentUrl\":\"https:\\\/\\\/diariotextual.com\\\/inicio\\\/wp-content\\\/uploads\\\/2023\\\/05\\\/juegosevitadanza4563254.jpg\",\"width\":1530,\"height\":876},{\"@type\":\"BreadcrumbList\",\"@id\":\"https:\\\/\\\/diariotextual.com\\\/inicio\\\/index.php\\\/2023\\\/05\\\/02\\\/ya-estan-en-marcha-los-juegos-culturales-evita-2023\\\/#breadcrumb\",\"itemListElement\":[{\"@type\":\"ListItem\",\"position\":1,\"name\":\"Portada\",\"item\":\"https:\\\/\\\/diariotextual.com\\\/inicio\\\/\"},{\"@type\":\"ListItem\",\"position\":2,\"name\":\"Ya est\u00e1n en marcha los Juegos Culturales Evita 2023\"}]},{\"@type\":\"WebSite\",\"@id\":\"https:\\\/\\\/diariotextual.com\\\/inicio\\\/#website\",\"url\":\"https:\\\/\\\/diariotextual.com\\\/inicio\\\/\",\"name\":\"Diario Textual\",\"description\":\"\",\"publisher\":{\"@id\":\"https:\\\/\\\/diariotextual.com\\\/inicio\\\/#organization\"},\"potentialAction\":[{\"@type\":\"SearchAction\",\"target\":{\"@type\":\"EntryPoint\",\"urlTemplate\":\"https:\\\/\\\/diariotextual.com\\\/inicio\\\/?s={search_term_string}\"},\"query-input\":{\"@type\":\"PropertyValueSpecification\",\"valueRequired\":true,\"valueName\":\"search_term_string\"}}],\"inLanguage\":\"es\"},{\"@type\":\"Organization\",\"@id\":\"https:\\\/\\\/diariotextual.com\\\/inicio\\\/#organization\",\"name\":\"Diario Textual\",\"url\":\"https:\\\/\\\/diariotextual.com\\\/inicio\\\/\",\"logo\":{\"@type\":\"ImageObject\",\"inLanguage\":\"es\",\"@id\":\"https:\\\/\\\/diariotextual.com\\\/inicio\\\/#\\\/schema\\\/logo\\\/image\\\/\",\"url\":\"https:\\\/\\\/diariotextual.com\\\/inicio\\\/wp-content\\\/uploads\\\/2023\\\/05\\\/logotextual1.jpg\",\"contentUrl\":\"https:\\\/\\\/diariotextual.com\\\/inicio\\\/wp-content\\\/uploads\\\/2023\\\/05\\\/logotextual1.jpg\",\"width\":516,\"height\":76,\"caption\":\"Diario Textual\"},\"image\":{\"@id\":\"https:\\\/\\\/diariotextual.com\\\/inicio\\\/#\\\/schema\\\/logo\\\/image\\\/\"},\"sameAs\":[\"https:\\\/\\\/www.facebook.com\\\/eltextual\",\"https:\\\/\\\/x.com\\\/eltextual\",\"http:\\\/\\\/www.instagram.com\\\/eltextual\"]},{\"@type\":\"Person\",\"@id\":\"https:\\\/\\\/diariotextual.com\\\/inicio\\\/#\\\/schema\\\/person\\\/694f60677f23c4a530867a98f22b3768\",\"name\":\"diario2\",\"image\":{\"@type\":\"ImageObject\",\"inLanguage\":\"es\",\"@id\":\"https:\\\/\\\/secure.gravatar.com\\\/avatar\\\/5a2567495ba16b852fcd8f1ed006a2e24fcace936018ed8237e95f488ad6e0a7?s=96&d=mm&r=g\",\"url\":\"https:\\\/\\\/secure.gravatar.com\\\/avatar\\\/5a2567495ba16b852fcd8f1ed006a2e24fcace936018ed8237e95f488ad6e0a7?s=96&d=mm&r=g\",\"contentUrl\":\"https:\\\/\\\/secure.gravatar.com\\\/avatar\\\/5a2567495ba16b852fcd8f1ed006a2e24fcace936018ed8237e95f488ad6e0a7?s=96&d=mm&r=g\",\"caption\":\"diario2\"},\"url\":\"https:\\\/\\\/diariotextual.com\\\/inicio\\\/index.php\\\/author\\\/diario2\\\/\"}]}<\/script>\n<!-- \/ Yoast SEO plugin. -->","yoast_head_json":{"title":"Ya est\u00e1n en marcha los Juegos Culturales Evita 2023 - Diario Textual","robots":{"index":"index","follow":"follow","max-snippet":"max-snippet:-1","max-image-preview":"max-image-preview:large","max-video-preview":"max-video-preview:-1"},"canonical":"https:\/\/diariotextual.com\/inicio\/index.php\/2023\/05\/02\/ya-estan-en-marcha-los-juegos-culturales-evita-2023\/","og_locale":"es_ES","og_type":"article","og_title":"Ya est\u00e1n en marcha los Juegos Culturales Evita 2023 - Diario Textual","og_description":"La Secretar\u00eda de Cultura del Gobierno de La Pampa invit\u00f3 a j\u00f3venes y personas mayores a participar en las instancias zonales de la 18\u00b0edici\u00f3n de los Juegos Culturales Evita 2023,&hellip;","og_url":"https:\/\/diariotextual.com\/inicio\/index.php\/2023\/05\/02\/ya-estan-en-marcha-los-juegos-culturales-evita-2023\/","og_site_name":"Diario Textual","article_publisher":"https:\/\/www.facebook.com\/eltextual","article_published_time":"2023-05-02T17:15:20+00:00","article_modified_time":"2023-05-02T17:15:21+00:00","og_image":[{"width":1530,"height":876,"url":"https:\/\/diariotextual.com\/inicio\/wp-content\/uploads\/2023\/05\/juegosevitadanza4563254.jpg","type":"image\/jpeg"}],"author":"diario2","twitter_card":"summary_large_image","twitter_creator":"@eltextual","twitter_site":"@eltextual","twitter_misc":{"Escrito por":"diario2","Tiempo de lectura":"3 minutos"},"schema":{"@context":"https:\/\/schema.org","@graph":[{"@type":"Article","@id":"https:\/\/diariotextual.com\/inicio\/index.php\/2023\/05\/02\/ya-estan-en-marcha-los-juegos-culturales-evita-2023\/#article","isPartOf":{"@id":"https:\/\/diariotextual.com\/inicio\/index.php\/2023\/05\/02\/ya-estan-en-marcha-los-juegos-culturales-evita-2023\/"},"author":{"name":"diario2","@id":"https:\/\/diariotextual.com\/inicio\/#\/schema\/person\/694f60677f23c4a530867a98f22b3768"},"headline":"Ya est\u00e1n en marcha los Juegos Culturales Evita 2023","datePublished":"2023-05-02T17:15:20+00:00","dateModified":"2023-05-02T17:15:21+00:00","mainEntityOfPage":{"@id":"https:\/\/diariotextual.com\/inicio\/index.php\/2023\/05\/02\/ya-estan-en-marcha-los-juegos-culturales-evita-2023\/"},"wordCount":601,"publisher":{"@id":"https:\/\/diariotextual.com\/inicio\/#organization"},"image":{"@id":"https:\/\/diariotextual.com\/inicio\/index.php\/2023\/05\/02\/ya-estan-en-marcha-los-juegos-culturales-evita-2023\/#primaryimage"},"thumbnailUrl":"https:\/\/diariotextual.com\/inicio\/wp-content\/uploads\/2023\/05\/juegosevitadanza4563254.jpg","articleSection":["A - ES NOTICIA (van abajo)","CULTURA"],"inLanguage":"es"},{"@type":"WebPage","@id":"https:\/\/diariotextual.com\/inicio\/index.php\/2023\/05\/02\/ya-estan-en-marcha-los-juegos-culturales-evita-2023\/","url":"https:\/\/diariotextual.com\/inicio\/index.php\/2023\/05\/02\/ya-estan-en-marcha-los-juegos-culturales-evita-2023\/","name":"Ya est\u00e1n en marcha los Juegos Culturales Evita 2023 - Diario Textual","isPartOf":{"@id":"https:\/\/diariotextual.com\/inicio\/#website"},"primaryImageOfPage":{"@id":"https:\/\/diariotextual.com\/inicio\/index.php\/2023\/05\/02\/ya-estan-en-marcha-los-juegos-culturales-evita-2023\/#primaryimage"},"image":{"@id":"https:\/\/diariotextual.com\/inicio\/index.php\/2023\/05\/02\/ya-estan-en-marcha-los-juegos-culturales-evita-2023\/#primaryimage"},"thumbnailUrl":"https:\/\/diariotextual.com\/inicio\/wp-content\/uploads\/2023\/05\/juegosevitadanza4563254.jpg","datePublished":"2023-05-02T17:15:20+00:00","dateModified":"2023-05-02T17:15:21+00:00","breadcrumb":{"@id":"https:\/\/diariotextual.com\/inicio\/index.php\/2023\/05\/02\/ya-estan-en-marcha-los-juegos-culturales-evita-2023\/#breadcrumb"},"inLanguage":"es","potentialAction":[{"@type":"ReadAction","target":["https:\/\/diariotextual.com\/inicio\/index.php\/2023\/05\/02\/ya-estan-en-marcha-los-juegos-culturales-evita-2023\/"]}]},{"@type":"ImageObject","inLanguage":"es","@id":"https:\/\/diariotextual.com\/inicio\/index.php\/2023\/05\/02\/ya-estan-en-marcha-los-juegos-culturales-evita-2023\/#primaryimage","url":"https:\/\/diariotextual.com\/inicio\/wp-content\/uploads\/2023\/05\/juegosevitadanza4563254.jpg","contentUrl":"https:\/\/diariotextual.com\/inicio\/wp-content\/uploads\/2023\/05\/juegosevitadanza4563254.jpg","width":1530,"height":876},{"@type":"BreadcrumbList","@id":"https:\/\/diariotextual.com\/inicio\/index.php\/2023\/05\/02\/ya-estan-en-marcha-los-juegos-culturales-evita-2023\/#breadcrumb","itemListElement":[{"@type":"ListItem","position":1,"name":"Portada","item":"https:\/\/diariotextual.com\/inicio\/"},{"@type":"ListItem","position":2,"name":"Ya est\u00e1n en marcha los Juegos Culturales Evita 2023"}]},{"@type":"WebSite","@id":"https:\/\/diariotextual.com\/inicio\/#website","url":"https:\/\/diariotextual.com\/inicio\/","name":"Diario Textual","description":"","publisher":{"@id":"https:\/\/diariotextual.com\/inicio\/#organization"},"potentialAction":[{"@type":"SearchAction","target":{"@type":"EntryPoint","urlTemplate":"https:\/\/diariotextual.com\/inicio\/?s={search_term_string}"},"query-input":{"@type":"PropertyValueSpecification","valueRequired":true,"valueName":"search_term_string"}}],"inLanguage":"es"},{"@type":"Organization","@id":"https:\/\/diariotextual.com\/inicio\/#organization","name":"Diario Textual","url":"https:\/\/diariotextual.com\/inicio\/","logo":{"@type":"ImageObject","inLanguage":"es","@id":"https:\/\/diariotextual.com\/inicio\/#\/schema\/logo\/image\/","url":"https:\/\/diariotextual.com\/inicio\/wp-content\/uploads\/2023\/05\/logotextual1.jpg","contentUrl":"https:\/\/diariotextual.com\/inicio\/wp-content\/uploads\/2023\/05\/logotextual1.jpg","width":516,"height":76,"caption":"Diario Textual"},"image":{"@id":"https:\/\/diariotextual.com\/inicio\/#\/schema\/logo\/image\/"},"sameAs":["https:\/\/www.facebook.com\/eltextual","https:\/\/x.com\/eltextual","http:\/\/www.instagram.com\/eltextual"]},{"@type":"Person","@id":"https:\/\/diariotextual.com\/inicio\/#\/schema\/person\/694f60677f23c4a530867a98f22b3768","name":"diario2","image":{"@type":"ImageObject","inLanguage":"es","@id":"https:\/\/secure.gravatar.com\/avatar\/5a2567495ba16b852fcd8f1ed006a2e24fcace936018ed8237e95f488ad6e0a7?s=96&d=mm&r=g","url":"https:\/\/secure.gravatar.com\/avatar\/5a2567495ba16b852fcd8f1ed006a2e24fcace936018ed8237e95f488ad6e0a7?s=96&d=mm&r=g","contentUrl":"https:\/\/secure.gravatar.com\/avatar\/5a2567495ba16b852fcd8f1ed006a2e24fcace936018ed8237e95f488ad6e0a7?s=96&d=mm&r=g","caption":"diario2"},"url":"https:\/\/diariotextual.com\/inicio\/index.php\/author\/diario2\/"}]}},"_links":{"self":[{"href":"https:\/\/diariotextual.com\/inicio\/index.php\/wp-json\/wp\/v2\/posts\/223909","targetHints":{"allow":["GET"]}}],"collection":[{"href":"https:\/\/diariotextual.com\/inicio\/index.php\/wp-json\/wp\/v2\/posts"}],"about":[{"href":"https:\/\/diariotextual.com\/inicio\/index.php\/wp-json\/wp\/v2\/types\/post"}],"author":[{"embeddable":true,"href":"https:\/\/diariotextual.com\/inicio\/index.php\/wp-json\/wp\/v2\/users\/4"}],"replies":[{"embeddable":true,"href":"https:\/\/diariotextual.com\/inicio\/index.php\/wp-json\/wp\/v2\/comments?post=223909"}],"version-history":[{"count":2,"href":"https:\/\/diariotextual.com\/inicio\/index.php\/wp-json\/wp\/v2\/posts\/223909\/revisions"}],"predecessor-version":[{"id":223912,"href":"https:\/\/diariotextual.com\/inicio\/index.php\/wp-json\/wp\/v2\/posts\/223909\/revisions\/223912"}],"wp:featuredmedia":[{"embeddable":true,"href":"https:\/\/diariotextual.com\/inicio\/index.php\/wp-json\/wp\/v2\/media\/223911"}],"wp:attachment":[{"href":"https:\/\/diariotextual.com\/inicio\/index.php\/wp-json\/wp\/v2\/media?parent=223909"}],"wp:term":[{"taxonomy":"category","embeddable":true,"href":"https:\/\/diariotextual.com\/inicio\/index.php\/wp-json\/wp\/v2\/categories?post=223909"},{"taxonomy":"post_tag","embeddable":true,"href":"https:\/\/diariotextual.com\/inicio\/index.php\/wp-json\/wp\/v2\/tags?post=223909"}],"curies":[{"name":"wp","href":"https:\/\/api.w.org\/{rel}","templated":true}]}}