{"id":223919,"date":"2023-05-02T17:28:04","date_gmt":"2023-05-02T20:28:04","guid":{"rendered":"https:\/\/diariotextual.com\/inicio\/?p=223919"},"modified":"2023-05-03T05:59:14","modified_gmt":"2023-05-03T08:59:14","slug":"en-pico-comenzo-el-juicio-contra-el-cura-padilla","status":"publish","type":"post","link":"https:\/\/diariotextual.com\/inicio\/index.php\/2023\/05\/02\/en-pico-comenzo-el-juicio-contra-el-cura-padilla\/","title":{"rendered":"En Pico comenz\u00f3 el juicio contra el cura Padilla"},"content":{"rendered":"\n<p>El cura <strong>Jos\u00e9 Miguel Padilla<\/strong> comenz\u00f3 a afrontar este martes un juicio en su contra en los Tribunales de General Pico, acusado de abusos sexuales contra un seminarista. <\/p>\n\n\n\n<p>El sacerdote fue hasta diciembre del 2020 superior de la Fraternidad de Bel\u00e9n, de los Capuchinos Recoletos, y responsable del colegio secundario Nuestra Se\u00f1ora de Luj\u00e1n, de Intendente Alvear.<\/p>\n\n\n\n<p>La denuncia contra Padilla por abuso sexual fue radicada el 11 de noviembre de 2019 por\u00a0<strong>Vicente Su\u00e1rez Wollert<\/strong>, un\u00a0joven entrerriano y exseminarita de la Fraternidad de Bel\u00e9n, de Intendente Alvear.\u00a0El joven que lo acus\u00f3 estuvo presente en la primera jornada del juicio.<\/p>\n\n\n\n<p>El debate se inici\u00f3 a las 8.30 horas. Est\u00e1 a cargo de la jueza de audiencia de juicio Mar\u00eda Jos\u00e9 Gianinetto. La fiscal interviniente es Andreina Montes, acompa\u00f1ada por la fiscal adjunta Mar\u00eda Emilia Oporto y Cintia Schenfeld, todas integrantes de la Fiscal\u00eda Tem\u00e1tica de Delitos de G\u00e9nero.<\/p>\n\n\n\n<p> Est\u00e1 previsto que las audiencias se extiendan hasta el 9 de mayo-, en la Sala 1 del Edificio Judicial de la ciudad de General Pico. Luego la magistrada tiene 10 d\u00edas h\u00e1biles para dictar su sentencia.<\/p>\n\n\n\n<figure class=\"wp-block-image size-large\"><img fetchpriority=\"high\" decoding=\"async\" width=\"1024\" height=\"461\" src=\"https:\/\/diariotextual.com\/inicio\/wp-content\/uploads\/2023\/05\/padillacurajuicio2023-1-1024x461.jpeg\" alt=\"\" class=\"wp-image-223921\" srcset=\"https:\/\/diariotextual.com\/inicio\/wp-content\/uploads\/2023\/05\/padillacurajuicio2023-1-1024x461.jpeg 1024w, https:\/\/diariotextual.com\/inicio\/wp-content\/uploads\/2023\/05\/padillacurajuicio2023-1-300x135.jpeg 300w, https:\/\/diariotextual.com\/inicio\/wp-content\/uploads\/2023\/05\/padillacurajuicio2023-1-768x346.jpeg 768w, https:\/\/diariotextual.com\/inicio\/wp-content\/uploads\/2023\/05\/padillacurajuicio2023-1-1536x692.jpeg 1536w, https:\/\/diariotextual.com\/inicio\/wp-content\/uploads\/2023\/05\/padillacurajuicio2023-1-1170x527.jpeg 1170w, https:\/\/diariotextual.com\/inicio\/wp-content\/uploads\/2023\/05\/padillacurajuicio2023-1-585x264.jpeg 585w, https:\/\/diariotextual.com\/inicio\/wp-content\/uploads\/2023\/05\/padillacurajuicio2023-1.jpeg 1600w\" sizes=\"(max-width: 1024px) 100vw, 1024px\" \/><\/figure>\n\n\n\n<p><\/p>\n\n\n\n<p>Por la defensa del imputado interviene el abogado particular Jorge Salamone y la letrada Florencia Boglietti. Como parte querellante, en representaci\u00f3n de la v\u00edctima, lo hacen los defensores oficiales Guillermo Costantino y Mauro Fern\u00e1ndez.<\/p>\n\n\n\n<p>En el transcurso de las seis jornadas de juicio est\u00e1 previsto que declaren 29 testigos. Las audiencias ser\u00e1n a puertas cerradas, ya que se debate un delito contra la integridad sexual.<\/p>\n\n\n\n<p>La fiscal\u00eda acus\u00f3 a Padilla por el delito de abuso sexual con acceso carnal agravado.<\/p>\n\n\n\n<p>En el d\u00eda de hoy la fiscal\u00eda, la parte de la defensa y la parte querellante realizaron los alegatos de inicio del debate. Luego se recibi\u00f3 declaraci\u00f3n del imputado y el testimonio de la v\u00edctima.<\/p>\n\n\n\n<p>A los 19 a\u00f1os, Suarez Wollert sinti\u00f3 que ten\u00eda vocaci\u00f3n religiosa. Por entonces se encontraba estudiando en La Plata, para ser asistente gerontol\u00f3gico y empez\u00f3 a tener contacto con La Fraternidad de Bel\u00e9n,&nbsp;una congregaci\u00f3n de Capuchinos Recoletos que fund\u00f3 el cura Padilla en 1995.<\/p>\n\n\n\n<p>En noviembre de 2015 ingres\u00f3 a la congregaci\u00f3n, ubicada en Intendente Alvear. A poco de entrar, seg\u00fan denunci\u00f3 en la justicia, empez\u00f3 a sufrir distintas situaciones de abuso sexual de parte de Padilla, que se extendieron durante unos cinco meses, hasta que Vicente decidi\u00f3 dejar la congregaci\u00f3n.&nbsp;<\/p>\n\n\n\n<p>Seg\u00fan el denunciante, Padilla le ped\u00eda por las noches que le pusiera una crema en un tobillo y esa escena era el pre\u00e1mbulo para los abusos: algunos ocurrieron durante unas vacaciones con los dem\u00e1s religiosos en San Luis.<\/p>\n\n\n\n<p><\/p>\n","protected":false},"excerpt":{"rendered":"<p>El cura Jos\u00e9 Miguel Padilla comenz\u00f3 a afrontar este martes un juicio en su contra en los Tribunales de General Pico, acusado de abusos sexuales contra un seminarista. El sacerdote&hellip;<\/p>\n","protected":false},"author":3,"featured_media":68634,"comment_status":"closed","ping_status":"open","sticky":false,"template":"","format":"standard","meta":{"_acf_changed":false,"footnotes":""},"categories":[1,11,12],"tags":[],"class_list":["post-223919","post","type-post","status-publish","format-standard","has-post-thumbnail","hentry","category-es-noticia","category-que-pasa","category-sociedad"],"acf":[],"yoast_head":"<!-- This site is optimized with the Yoast SEO plugin v27.5 - https:\/\/yoast.com\/product\/yoast-seo-wordpress\/ -->\n<title>En Pico comenz\u00f3 el juicio contra el cura Padilla - Diario Textual<\/title>\n<meta name=\"robots\" content=\"index, follow, max-snippet:-1, max-image-preview:large, max-video-preview:-1\" \/>\n<link rel=\"canonical\" href=\"https:\/\/diariotextual.com\/inicio\/index.php\/2023\/05\/02\/en-pico-comenzo-el-juicio-contra-el-cura-padilla\/\" \/>\n<meta property=\"og:locale\" content=\"es_ES\" \/>\n<meta property=\"og:type\" content=\"article\" \/>\n<meta property=\"og:title\" content=\"En Pico comenz\u00f3 el juicio contra el cura Padilla - Diario Textual\" \/>\n<meta property=\"og:description\" content=\"El cura Jos\u00e9 Miguel Padilla comenz\u00f3 a afrontar este martes un juicio en su contra en los Tribunales de General Pico, acusado de abusos sexuales contra un seminarista. El sacerdote&hellip;\" \/>\n<meta property=\"og:url\" content=\"https:\/\/diariotextual.com\/inicio\/index.php\/2023\/05\/02\/en-pico-comenzo-el-juicio-contra-el-cura-padilla\/\" \/>\n<meta property=\"og:site_name\" content=\"Diario Textual\" \/>\n<meta property=\"article:publisher\" content=\"https:\/\/www.facebook.com\/eltextual\" \/>\n<meta property=\"article:published_time\" content=\"2023-05-02T20:28:04+00:00\" \/>\n<meta property=\"article:modified_time\" content=\"2023-05-03T08:59:14+00:00\" \/>\n<meta property=\"og:image\" content=\"https:\/\/diariotextual.com\/inicio\/wp-content\/uploads\/2019\/11\/padillacuraescrache2019-1.jpg\" \/>\n\t<meta property=\"og:image:width\" content=\"748\" \/>\n\t<meta property=\"og:image:height\" content=\"418\" \/>\n\t<meta property=\"og:image:type\" content=\"image\/jpeg\" \/>\n<meta name=\"author\" content=\"Diario1 Diario1\" \/>\n<meta name=\"twitter:card\" content=\"summary_large_image\" \/>\n<meta name=\"twitter:creator\" content=\"@eltextual\" \/>\n<meta name=\"twitter:site\" content=\"@eltextual\" \/>\n<meta name=\"twitter:label1\" content=\"Escrito por\" \/>\n\t<meta name=\"twitter:data1\" content=\"Diario1 Diario1\" \/>\n\t<meta name=\"twitter:label2\" content=\"Tiempo de lectura\" \/>\n\t<meta name=\"twitter:data2\" content=\"3 minutos\" \/>\n<script type=\"application\/ld+json\" class=\"yoast-schema-graph\">{\"@context\":\"https:\\\/\\\/schema.org\",\"@graph\":[{\"@type\":\"Article\",\"@id\":\"https:\\\/\\\/diariotextual.com\\\/inicio\\\/index.php\\\/2023\\\/05\\\/02\\\/en-pico-comenzo-el-juicio-contra-el-cura-padilla\\\/#article\",\"isPartOf\":{\"@id\":\"https:\\\/\\\/diariotextual.com\\\/inicio\\\/index.php\\\/2023\\\/05\\\/02\\\/en-pico-comenzo-el-juicio-contra-el-cura-padilla\\\/\"},\"author\":{\"name\":\"Diario1 Diario1\",\"@id\":\"https:\\\/\\\/diariotextual.com\\\/inicio\\\/#\\\/schema\\\/person\\\/418fc4093c33e86ed41562db3508f958\"},\"headline\":\"En Pico comenz\u00f3 el juicio contra el cura Padilla\",\"datePublished\":\"2023-05-02T20:28:04+00:00\",\"dateModified\":\"2023-05-03T08:59:14+00:00\",\"mainEntityOfPage\":{\"@id\":\"https:\\\/\\\/diariotextual.com\\\/inicio\\\/index.php\\\/2023\\\/05\\\/02\\\/en-pico-comenzo-el-juicio-contra-el-cura-padilla\\\/\"},\"wordCount\":466,\"publisher\":{\"@id\":\"https:\\\/\\\/diariotextual.com\\\/inicio\\\/#organization\"},\"image\":{\"@id\":\"https:\\\/\\\/diariotextual.com\\\/inicio\\\/index.php\\\/2023\\\/05\\\/02\\\/en-pico-comenzo-el-juicio-contra-el-cura-padilla\\\/#primaryimage\"},\"thumbnailUrl\":\"https:\\\/\\\/diariotextual.com\\\/inicio\\\/wp-content\\\/uploads\\\/2019\\\/11\\\/padillacuraescrache2019-1.jpg\",\"articleSection\":[\"A - ES NOTICIA (van abajo)\",\"A - QUE PASA (al costado)\",\"SOCIEDAD\"],\"inLanguage\":\"es\"},{\"@type\":\"WebPage\",\"@id\":\"https:\\\/\\\/diariotextual.com\\\/inicio\\\/index.php\\\/2023\\\/05\\\/02\\\/en-pico-comenzo-el-juicio-contra-el-cura-padilla\\\/\",\"url\":\"https:\\\/\\\/diariotextual.com\\\/inicio\\\/index.php\\\/2023\\\/05\\\/02\\\/en-pico-comenzo-el-juicio-contra-el-cura-padilla\\\/\",\"name\":\"En Pico comenz\u00f3 el juicio contra el cura Padilla - Diario Textual\",\"isPartOf\":{\"@id\":\"https:\\\/\\\/diariotextual.com\\\/inicio\\\/#website\"},\"primaryImageOfPage\":{\"@id\":\"https:\\\/\\\/diariotextual.com\\\/inicio\\\/index.php\\\/2023\\\/05\\\/02\\\/en-pico-comenzo-el-juicio-contra-el-cura-padilla\\\/#primaryimage\"},\"image\":{\"@id\":\"https:\\\/\\\/diariotextual.com\\\/inicio\\\/index.php\\\/2023\\\/05\\\/02\\\/en-pico-comenzo-el-juicio-contra-el-cura-padilla\\\/#primaryimage\"},\"thumbnailUrl\":\"https:\\\/\\\/diariotextual.com\\\/inicio\\\/wp-content\\\/uploads\\\/2019\\\/11\\\/padillacuraescrache2019-1.jpg\",\"datePublished\":\"2023-05-02T20:28:04+00:00\",\"dateModified\":\"2023-05-03T08:59:14+00:00\",\"breadcrumb\":{\"@id\":\"https:\\\/\\\/diariotextual.com\\\/inicio\\\/index.php\\\/2023\\\/05\\\/02\\\/en-pico-comenzo-el-juicio-contra-el-cura-padilla\\\/#breadcrumb\"},\"inLanguage\":\"es\",\"potentialAction\":[{\"@type\":\"ReadAction\",\"target\":[\"https:\\\/\\\/diariotextual.com\\\/inicio\\\/index.php\\\/2023\\\/05\\\/02\\\/en-pico-comenzo-el-juicio-contra-el-cura-padilla\\\/\"]}]},{\"@type\":\"ImageObject\",\"inLanguage\":\"es\",\"@id\":\"https:\\\/\\\/diariotextual.com\\\/inicio\\\/index.php\\\/2023\\\/05\\\/02\\\/en-pico-comenzo-el-juicio-contra-el-cura-padilla\\\/#primaryimage\",\"url\":\"https:\\\/\\\/diariotextual.com\\\/inicio\\\/wp-content\\\/uploads\\\/2019\\\/11\\\/padillacuraescrache2019-1.jpg\",\"contentUrl\":\"https:\\\/\\\/diariotextual.com\\\/inicio\\\/wp-content\\\/uploads\\\/2019\\\/11\\\/padillacuraescrache2019-1.jpg\",\"width\":748,\"height\":418},{\"@type\":\"BreadcrumbList\",\"@id\":\"https:\\\/\\\/diariotextual.com\\\/inicio\\\/index.php\\\/2023\\\/05\\\/02\\\/en-pico-comenzo-el-juicio-contra-el-cura-padilla\\\/#breadcrumb\",\"itemListElement\":[{\"@type\":\"ListItem\",\"position\":1,\"name\":\"Portada\",\"item\":\"https:\\\/\\\/diariotextual.com\\\/inicio\\\/\"},{\"@type\":\"ListItem\",\"position\":2,\"name\":\"En Pico comenz\u00f3 el juicio contra el cura Padilla\"}]},{\"@type\":\"WebSite\",\"@id\":\"https:\\\/\\\/diariotextual.com\\\/inicio\\\/#website\",\"url\":\"https:\\\/\\\/diariotextual.com\\\/inicio\\\/\",\"name\":\"Diario Textual\",\"description\":\"\",\"publisher\":{\"@id\":\"https:\\\/\\\/diariotextual.com\\\/inicio\\\/#organization\"},\"potentialAction\":[{\"@type\":\"SearchAction\",\"target\":{\"@type\":\"EntryPoint\",\"urlTemplate\":\"https:\\\/\\\/diariotextual.com\\\/inicio\\\/?s={search_term_string}\"},\"query-input\":{\"@type\":\"PropertyValueSpecification\",\"valueRequired\":true,\"valueName\":\"search_term_string\"}}],\"inLanguage\":\"es\"},{\"@type\":\"Organization\",\"@id\":\"https:\\\/\\\/diariotextual.com\\\/inicio\\\/#organization\",\"name\":\"Diario Textual\",\"url\":\"https:\\\/\\\/diariotextual.com\\\/inicio\\\/\",\"logo\":{\"@type\":\"ImageObject\",\"inLanguage\":\"es\",\"@id\":\"https:\\\/\\\/diariotextual.com\\\/inicio\\\/#\\\/schema\\\/logo\\\/image\\\/\",\"url\":\"https:\\\/\\\/diariotextual.com\\\/inicio\\\/wp-content\\\/uploads\\\/2023\\\/05\\\/logotextual1.jpg\",\"contentUrl\":\"https:\\\/\\\/diariotextual.com\\\/inicio\\\/wp-content\\\/uploads\\\/2023\\\/05\\\/logotextual1.jpg\",\"width\":516,\"height\":76,\"caption\":\"Diario Textual\"},\"image\":{\"@id\":\"https:\\\/\\\/diariotextual.com\\\/inicio\\\/#\\\/schema\\\/logo\\\/image\\\/\"},\"sameAs\":[\"https:\\\/\\\/www.facebook.com\\\/eltextual\",\"https:\\\/\\\/x.com\\\/eltextual\",\"http:\\\/\\\/www.instagram.com\\\/eltextual\"]},{\"@type\":\"Person\",\"@id\":\"https:\\\/\\\/diariotextual.com\\\/inicio\\\/#\\\/schema\\\/person\\\/418fc4093c33e86ed41562db3508f958\",\"name\":\"Diario1 Diario1\",\"image\":{\"@type\":\"ImageObject\",\"inLanguage\":\"es\",\"@id\":\"https:\\\/\\\/secure.gravatar.com\\\/avatar\\\/9167d280179c85bc18be67aa7eda765854300033af4896dd779b608640f2ef7a?s=96&d=mm&r=g\",\"url\":\"https:\\\/\\\/secure.gravatar.com\\\/avatar\\\/9167d280179c85bc18be67aa7eda765854300033af4896dd779b608640f2ef7a?s=96&d=mm&r=g\",\"contentUrl\":\"https:\\\/\\\/secure.gravatar.com\\\/avatar\\\/9167d280179c85bc18be67aa7eda765854300033af4896dd779b608640f2ef7a?s=96&d=mm&r=g\",\"caption\":\"Diario1 Diario1\"},\"url\":\"https:\\\/\\\/diariotextual.com\\\/inicio\\\/index.php\\\/author\\\/diario1\\\/\"}]}<\/script>\n<!-- \/ Yoast SEO plugin. -->","yoast_head_json":{"title":"En Pico comenz\u00f3 el juicio contra el cura Padilla - Diario Textual","robots":{"index":"index","follow":"follow","max-snippet":"max-snippet:-1","max-image-preview":"max-image-preview:large","max-video-preview":"max-video-preview:-1"},"canonical":"https:\/\/diariotextual.com\/inicio\/index.php\/2023\/05\/02\/en-pico-comenzo-el-juicio-contra-el-cura-padilla\/","og_locale":"es_ES","og_type":"article","og_title":"En Pico comenz\u00f3 el juicio contra el cura Padilla - Diario Textual","og_description":"El cura Jos\u00e9 Miguel Padilla comenz\u00f3 a afrontar este martes un juicio en su contra en los Tribunales de General Pico, acusado de abusos sexuales contra un seminarista. El sacerdote&hellip;","og_url":"https:\/\/diariotextual.com\/inicio\/index.php\/2023\/05\/02\/en-pico-comenzo-el-juicio-contra-el-cura-padilla\/","og_site_name":"Diario Textual","article_publisher":"https:\/\/www.facebook.com\/eltextual","article_published_time":"2023-05-02T20:28:04+00:00","article_modified_time":"2023-05-03T08:59:14+00:00","og_image":[{"width":748,"height":418,"url":"https:\/\/diariotextual.com\/inicio\/wp-content\/uploads\/2019\/11\/padillacuraescrache2019-1.jpg","type":"image\/jpeg"}],"author":"Diario1 Diario1","twitter_card":"summary_large_image","twitter_creator":"@eltextual","twitter_site":"@eltextual","twitter_misc":{"Escrito por":"Diario1 Diario1","Tiempo de lectura":"3 minutos"},"schema":{"@context":"https:\/\/schema.org","@graph":[{"@type":"Article","@id":"https:\/\/diariotextual.com\/inicio\/index.php\/2023\/05\/02\/en-pico-comenzo-el-juicio-contra-el-cura-padilla\/#article","isPartOf":{"@id":"https:\/\/diariotextual.com\/inicio\/index.php\/2023\/05\/02\/en-pico-comenzo-el-juicio-contra-el-cura-padilla\/"},"author":{"name":"Diario1 Diario1","@id":"https:\/\/diariotextual.com\/inicio\/#\/schema\/person\/418fc4093c33e86ed41562db3508f958"},"headline":"En Pico comenz\u00f3 el juicio contra el cura Padilla","datePublished":"2023-05-02T20:28:04+00:00","dateModified":"2023-05-03T08:59:14+00:00","mainEntityOfPage":{"@id":"https:\/\/diariotextual.com\/inicio\/index.php\/2023\/05\/02\/en-pico-comenzo-el-juicio-contra-el-cura-padilla\/"},"wordCount":466,"publisher":{"@id":"https:\/\/diariotextual.com\/inicio\/#organization"},"image":{"@id":"https:\/\/diariotextual.com\/inicio\/index.php\/2023\/05\/02\/en-pico-comenzo-el-juicio-contra-el-cura-padilla\/#primaryimage"},"thumbnailUrl":"https:\/\/diariotextual.com\/inicio\/wp-content\/uploads\/2019\/11\/padillacuraescrache2019-1.jpg","articleSection":["A - ES NOTICIA (van abajo)","A - QUE PASA (al costado)","SOCIEDAD"],"inLanguage":"es"},{"@type":"WebPage","@id":"https:\/\/diariotextual.com\/inicio\/index.php\/2023\/05\/02\/en-pico-comenzo-el-juicio-contra-el-cura-padilla\/","url":"https:\/\/diariotextual.com\/inicio\/index.php\/2023\/05\/02\/en-pico-comenzo-el-juicio-contra-el-cura-padilla\/","name":"En Pico comenz\u00f3 el juicio contra el cura Padilla - Diario Textual","isPartOf":{"@id":"https:\/\/diariotextual.com\/inicio\/#website"},"primaryImageOfPage":{"@id":"https:\/\/diariotextual.com\/inicio\/index.php\/2023\/05\/02\/en-pico-comenzo-el-juicio-contra-el-cura-padilla\/#primaryimage"},"image":{"@id":"https:\/\/diariotextual.com\/inicio\/index.php\/2023\/05\/02\/en-pico-comenzo-el-juicio-contra-el-cura-padilla\/#primaryimage"},"thumbnailUrl":"https:\/\/diariotextual.com\/inicio\/wp-content\/uploads\/2019\/11\/padillacuraescrache2019-1.jpg","datePublished":"2023-05-02T20:28:04+00:00","dateModified":"2023-05-03T08:59:14+00:00","breadcrumb":{"@id":"https:\/\/diariotextual.com\/inicio\/index.php\/2023\/05\/02\/en-pico-comenzo-el-juicio-contra-el-cura-padilla\/#breadcrumb"},"inLanguage":"es","potentialAction":[{"@type":"ReadAction","target":["https:\/\/diariotextual.com\/inicio\/index.php\/2023\/05\/02\/en-pico-comenzo-el-juicio-contra-el-cura-padilla\/"]}]},{"@type":"ImageObject","inLanguage":"es","@id":"https:\/\/diariotextual.com\/inicio\/index.php\/2023\/05\/02\/en-pico-comenzo-el-juicio-contra-el-cura-padilla\/#primaryimage","url":"https:\/\/diariotextual.com\/inicio\/wp-content\/uploads\/2019\/11\/padillacuraescrache2019-1.jpg","contentUrl":"https:\/\/diariotextual.com\/inicio\/wp-content\/uploads\/2019\/11\/padillacuraescrache2019-1.jpg","width":748,"height":418},{"@type":"BreadcrumbList","@id":"https:\/\/diariotextual.com\/inicio\/index.php\/2023\/05\/02\/en-pico-comenzo-el-juicio-contra-el-cura-padilla\/#breadcrumb","itemListElement":[{"@type":"ListItem","position":1,"name":"Portada","item":"https:\/\/diariotextual.com\/inicio\/"},{"@type":"ListItem","position":2,"name":"En Pico comenz\u00f3 el juicio contra el cura Padilla"}]},{"@type":"WebSite","@id":"https:\/\/diariotextual.com\/inicio\/#website","url":"https:\/\/diariotextual.com\/inicio\/","name":"Diario Textual","description":"","publisher":{"@id":"https:\/\/diariotextual.com\/inicio\/#organization"},"potentialAction":[{"@type":"SearchAction","target":{"@type":"EntryPoint","urlTemplate":"https:\/\/diariotextual.com\/inicio\/?s={search_term_string}"},"query-input":{"@type":"PropertyValueSpecification","valueRequired":true,"valueName":"search_term_string"}}],"inLanguage":"es"},{"@type":"Organization","@id":"https:\/\/diariotextual.com\/inicio\/#organization","name":"Diario Textual","url":"https:\/\/diariotextual.com\/inicio\/","logo":{"@type":"ImageObject","inLanguage":"es","@id":"https:\/\/diariotextual.com\/inicio\/#\/schema\/logo\/image\/","url":"https:\/\/diariotextual.com\/inicio\/wp-content\/uploads\/2023\/05\/logotextual1.jpg","contentUrl":"https:\/\/diariotextual.com\/inicio\/wp-content\/uploads\/2023\/05\/logotextual1.jpg","width":516,"height":76,"caption":"Diario Textual"},"image":{"@id":"https:\/\/diariotextual.com\/inicio\/#\/schema\/logo\/image\/"},"sameAs":["https:\/\/www.facebook.com\/eltextual","https:\/\/x.com\/eltextual","http:\/\/www.instagram.com\/eltextual"]},{"@type":"Person","@id":"https:\/\/diariotextual.com\/inicio\/#\/schema\/person\/418fc4093c33e86ed41562db3508f958","name":"Diario1 Diario1","image":{"@type":"ImageObject","inLanguage":"es","@id":"https:\/\/secure.gravatar.com\/avatar\/9167d280179c85bc18be67aa7eda765854300033af4896dd779b608640f2ef7a?s=96&d=mm&r=g","url":"https:\/\/secure.gravatar.com\/avatar\/9167d280179c85bc18be67aa7eda765854300033af4896dd779b608640f2ef7a?s=96&d=mm&r=g","contentUrl":"https:\/\/secure.gravatar.com\/avatar\/9167d280179c85bc18be67aa7eda765854300033af4896dd779b608640f2ef7a?s=96&d=mm&r=g","caption":"Diario1 Diario1"},"url":"https:\/\/diariotextual.com\/inicio\/index.php\/author\/diario1\/"}]}},"_links":{"self":[{"href":"https:\/\/diariotextual.com\/inicio\/index.php\/wp-json\/wp\/v2\/posts\/223919","targetHints":{"allow":["GET"]}}],"collection":[{"href":"https:\/\/diariotextual.com\/inicio\/index.php\/wp-json\/wp\/v2\/posts"}],"about":[{"href":"https:\/\/diariotextual.com\/inicio\/index.php\/wp-json\/wp\/v2\/types\/post"}],"author":[{"embeddable":true,"href":"https:\/\/diariotextual.com\/inicio\/index.php\/wp-json\/wp\/v2\/users\/3"}],"replies":[{"embeddable":true,"href":"https:\/\/diariotextual.com\/inicio\/index.php\/wp-json\/wp\/v2\/comments?post=223919"}],"version-history":[{"count":6,"href":"https:\/\/diariotextual.com\/inicio\/index.php\/wp-json\/wp\/v2\/posts\/223919\/revisions"}],"predecessor-version":[{"id":223929,"href":"https:\/\/diariotextual.com\/inicio\/index.php\/wp-json\/wp\/v2\/posts\/223919\/revisions\/223929"}],"wp:featuredmedia":[{"embeddable":true,"href":"https:\/\/diariotextual.com\/inicio\/index.php\/wp-json\/wp\/v2\/media\/68634"}],"wp:attachment":[{"href":"https:\/\/diariotextual.com\/inicio\/index.php\/wp-json\/wp\/v2\/media?parent=223919"}],"wp:term":[{"taxonomy":"category","embeddable":true,"href":"https:\/\/diariotextual.com\/inicio\/index.php\/wp-json\/wp\/v2\/categories?post=223919"},{"taxonomy":"post_tag","embeddable":true,"href":"https:\/\/diariotextual.com\/inicio\/index.php\/wp-json\/wp\/v2\/tags?post=223919"}],"curies":[{"name":"wp","href":"https:\/\/api.w.org\/{rel}","templated":true}]}}