{"id":224011,"date":"2023-05-03T08:52:34","date_gmt":"2023-05-03T11:52:34","guid":{"rendered":"https:\/\/diariotextual.com\/inicio\/?p=224011"},"modified":"2023-05-03T12:26:58","modified_gmt":"2023-05-03T15:26:58","slug":"milei-volvio-a-apoyar-la-venta-de-organos-busquemos-mecanismos-de-mercado","status":"publish","type":"post","link":"https:\/\/diariotextual.com\/inicio\/index.php\/2023\/05\/03\/milei-volvio-a-apoyar-la-venta-de-organos-busquemos-mecanismos-de-mercado\/","title":{"rendered":"Milei volvi\u00f3 a apoyar la venta de \u00f3rganos: \u201cBusquemos mecanismos de mercado\u201d"},"content":{"rendered":"\n<p>El precandidato presidencial <strong>Javier Milei <\/strong>volvi\u00f3 a mostrarse a favor de la <strong>venta de \u00f3rganos<\/strong> y sostuvo que deber\u00eda ser una decisi\u00f3n personal ya que cada uno tendr\u00eda que disponer de su cuerpo. El precandidato presidencial propuso \u201crevisar el mercado y buscar mecanismos al respecto\u201d.<\/p>\n\n\n\n<p>El diputado nacional por La Libertad Avanza volvi\u00f3 a ser consultado sobre este tema y coment\u00f3 que se ha planteado que \u201cm\u00e1s de 350 mil personas mueren por a\u00f1o\u201d.<\/p>\n\n\n\n<p><strong>\u201cPor Ley Justina -continu\u00f3- son todos potencialmente donantes. Hay 7.500 personas que est\u00e1n sufriendo, esperando los trasplantes. Hay algo que no est\u00e1 funcionando bien\u201d.<\/strong><\/p>\n\n\n\n<p>\u201cLo que uno est\u00e1 planteando ac\u00e1 es que revisemos el mecanismo, busquemos mecanismos de mercado para resolver estos problemas. No se necesita que nadie venda ni haga nada\u201d, opin\u00f3 el diputado nacional este martes 2 de mayo en di\u00e1logo con Nicol\u00e1s Wi\u00f1azki y Santiago Fioriti en Somos Buenos (TN).<\/p>\n\n\n\n<p>\u201cNo hay peor soluci\u00f3n que la que implica la garra del Estado. Siempre lo mejor es que los individuos act\u00faen libremente. Es al rev\u00e9s: cada vez que se produce una intervenci\u00f3n del Estado, el resultado posterior es peor que el que ten\u00edas. Lo vemos en los planes contra el hambre, que aumentan el hambre, o en los planes contra el desempleo, que aumentan el desempleo. Todo lo que toca el Estado lo hace mal. Hace da\u00f1o\u201d, agreg\u00f3.<\/p>\n\n\n\n<p>No es la primera vez que Javier Milei plantea su postura sobre la venta de \u00f3rganos: a mediados del 2022 se mostr\u00f3 a favor de someter los intercambios al mercado y cuestion\u00f3 la regulaci\u00f3n del Estado en esta \u00e1rea.&nbsp;\u201cMi primera propiedad es mi cuerpo. \u00bfPor qu\u00e9 no voy a poder disponer de mi cuerpo?\u201d.<\/p>\n\n\n\n<p>\u201cEl problema es por qu\u00e9 todo lo tiene que estar regulando el Estado. Hay estudios de Estados Unidos que (dicen que) si dejaras esos mercados libres funcionan much\u00edsimo mejor y tendr\u00edas menos problemas\u201d, insisti\u00f3 el legislador.<\/p>\n\n\n\n<p>\u201c\u00bfPor qu\u00e9 no puedo decidir sobre mi cuerpo? \u00bfCu\u00e1l es el problema?&nbsp;Si el liberalismo es el respeto irrestricto del proyecto de vida del pr\u00f3jimo, basado en el principio de no agresi\u00f3n y en defensa del derecho a la vida, a la libertad y a la propiedad, mi primera propiedad es mi cuerpo \u00bfPor qu\u00e9 no voy a poder disponer de mi cuerpo?\u201d, se\u00f1al\u00f3 el economista para justificar su postura.<\/p>\n\n\n\n<p>El problema principal, seg\u00fan Milei era que \u201chay un doble est\u00e1ndar: para que el Estado me esclavice, s\u00ed. <strong>Ahora, si yo quiero disponer de una parte de mi cuerpo por el motivo que fuera, \u00bfcu\u00e1l es el problema?\u201d<\/strong>. El diputado dijo que quien decide vender sus \u00f3rganos puede ser que est\u00e9 en una circunstancia desesperada que lo lleve a eso: \u201cEntonces lo vamos a poner en otros t\u00e9rminos: si no le termin\u00e1s comprando ese \u00f3rgano, se termina muriendo de hambre y ni siquiera tiene vida\u201d.<\/p>\n","protected":false},"excerpt":{"rendered":"<p>El precandidato presidencial Javier Milei volvi\u00f3 a mostrarse a favor de la venta de \u00f3rganos y sostuvo que deber\u00eda ser una decisi\u00f3n personal ya que cada uno tendr\u00eda que disponer&hellip;<\/p>\n","protected":false},"author":4,"featured_media":186798,"comment_status":"closed","ping_status":"open","sticky":false,"template":"","format":"standard","meta":{"_acf_changed":false,"footnotes":""},"categories":[1,8],"tags":[],"class_list":["post-224011","post","type-post","status-publish","format-standard","has-post-thumbnail","hentry","category-es-noticia","category-politica"],"acf":[],"yoast_head":"<!-- This site is optimized with the Yoast SEO plugin v27.5 - https:\/\/yoast.com\/product\/yoast-seo-wordpress\/ -->\n<title>Milei volvi\u00f3 a apoyar la venta de \u00f3rganos: \u201cBusquemos mecanismos de mercado\u201d - Diario Textual<\/title>\n<meta name=\"robots\" content=\"index, follow, max-snippet:-1, max-image-preview:large, max-video-preview:-1\" \/>\n<link rel=\"canonical\" href=\"https:\/\/diariotextual.com\/inicio\/index.php\/2023\/05\/03\/milei-volvio-a-apoyar-la-venta-de-organos-busquemos-mecanismos-de-mercado\/\" \/>\n<meta property=\"og:locale\" content=\"es_ES\" \/>\n<meta property=\"og:type\" content=\"article\" \/>\n<meta property=\"og:title\" content=\"Milei volvi\u00f3 a apoyar la venta de \u00f3rganos: \u201cBusquemos mecanismos de mercado\u201d - Diario Textual\" \/>\n<meta property=\"og:description\" content=\"El precandidato presidencial Javier Milei volvi\u00f3 a mostrarse a favor de la venta de \u00f3rganos y sostuvo que deber\u00eda ser una decisi\u00f3n personal ya que cada uno tendr\u00eda que disponer&hellip;\" \/>\n<meta property=\"og:url\" content=\"https:\/\/diariotextual.com\/inicio\/index.php\/2023\/05\/03\/milei-volvio-a-apoyar-la-venta-de-organos-busquemos-mecanismos-de-mercado\/\" \/>\n<meta property=\"og:site_name\" content=\"Diario Textual\" \/>\n<meta property=\"article:publisher\" content=\"https:\/\/www.facebook.com\/eltextual\" \/>\n<meta property=\"article:published_time\" content=\"2023-05-03T11:52:34+00:00\" \/>\n<meta property=\"article:modified_time\" content=\"2023-05-03T15:26:58+00:00\" \/>\n<meta property=\"og:image\" content=\"https:\/\/diariotextual.com\/inicio\/wp-content\/uploads\/2022\/04\/milei.jpg\" \/>\n\t<meta property=\"og:image:width\" content=\"950\" \/>\n\t<meta property=\"og:image:height\" content=\"534\" \/>\n\t<meta property=\"og:image:type\" content=\"image\/jpeg\" \/>\n<meta name=\"author\" content=\"diario2\" \/>\n<meta name=\"twitter:card\" content=\"summary_large_image\" \/>\n<meta name=\"twitter:creator\" content=\"@eltextual\" \/>\n<meta name=\"twitter:site\" content=\"@eltextual\" \/>\n<meta name=\"twitter:label1\" content=\"Escrito por\" \/>\n\t<meta name=\"twitter:data1\" content=\"diario2\" \/>\n\t<meta name=\"twitter:label2\" content=\"Tiempo de lectura\" \/>\n\t<meta name=\"twitter:data2\" content=\"3 minutos\" \/>\n<script type=\"application\/ld+json\" class=\"yoast-schema-graph\">{\"@context\":\"https:\\\/\\\/schema.org\",\"@graph\":[{\"@type\":\"Article\",\"@id\":\"https:\\\/\\\/diariotextual.com\\\/inicio\\\/index.php\\\/2023\\\/05\\\/03\\\/milei-volvio-a-apoyar-la-venta-de-organos-busquemos-mecanismos-de-mercado\\\/#article\",\"isPartOf\":{\"@id\":\"https:\\\/\\\/diariotextual.com\\\/inicio\\\/index.php\\\/2023\\\/05\\\/03\\\/milei-volvio-a-apoyar-la-venta-de-organos-busquemos-mecanismos-de-mercado\\\/\"},\"author\":{\"name\":\"diario2\",\"@id\":\"https:\\\/\\\/diariotextual.com\\\/inicio\\\/#\\\/schema\\\/person\\\/694f60677f23c4a530867a98f22b3768\"},\"headline\":\"Milei volvi\u00f3 a apoyar la venta de \u00f3rganos: \u201cBusquemos mecanismos de mercado\u201d\",\"datePublished\":\"2023-05-03T11:52:34+00:00\",\"dateModified\":\"2023-05-03T15:26:58+00:00\",\"mainEntityOfPage\":{\"@id\":\"https:\\\/\\\/diariotextual.com\\\/inicio\\\/index.php\\\/2023\\\/05\\\/03\\\/milei-volvio-a-apoyar-la-venta-de-organos-busquemos-mecanismos-de-mercado\\\/\"},\"wordCount\":508,\"publisher\":{\"@id\":\"https:\\\/\\\/diariotextual.com\\\/inicio\\\/#organization\"},\"image\":{\"@id\":\"https:\\\/\\\/diariotextual.com\\\/inicio\\\/index.php\\\/2023\\\/05\\\/03\\\/milei-volvio-a-apoyar-la-venta-de-organos-busquemos-mecanismos-de-mercado\\\/#primaryimage\"},\"thumbnailUrl\":\"https:\\\/\\\/diariotextual.com\\\/inicio\\\/wp-content\\\/uploads\\\/2022\\\/04\\\/milei.jpg\",\"articleSection\":[\"A - ES NOTICIA (van abajo)\",\"POLITICA\"],\"inLanguage\":\"es\"},{\"@type\":\"WebPage\",\"@id\":\"https:\\\/\\\/diariotextual.com\\\/inicio\\\/index.php\\\/2023\\\/05\\\/03\\\/milei-volvio-a-apoyar-la-venta-de-organos-busquemos-mecanismos-de-mercado\\\/\",\"url\":\"https:\\\/\\\/diariotextual.com\\\/inicio\\\/index.php\\\/2023\\\/05\\\/03\\\/milei-volvio-a-apoyar-la-venta-de-organos-busquemos-mecanismos-de-mercado\\\/\",\"name\":\"Milei volvi\u00f3 a apoyar la venta de \u00f3rganos: \u201cBusquemos mecanismos de mercado\u201d - Diario Textual\",\"isPartOf\":{\"@id\":\"https:\\\/\\\/diariotextual.com\\\/inicio\\\/#website\"},\"primaryImageOfPage\":{\"@id\":\"https:\\\/\\\/diariotextual.com\\\/inicio\\\/index.php\\\/2023\\\/05\\\/03\\\/milei-volvio-a-apoyar-la-venta-de-organos-busquemos-mecanismos-de-mercado\\\/#primaryimage\"},\"image\":{\"@id\":\"https:\\\/\\\/diariotextual.com\\\/inicio\\\/index.php\\\/2023\\\/05\\\/03\\\/milei-volvio-a-apoyar-la-venta-de-organos-busquemos-mecanismos-de-mercado\\\/#primaryimage\"},\"thumbnailUrl\":\"https:\\\/\\\/diariotextual.com\\\/inicio\\\/wp-content\\\/uploads\\\/2022\\\/04\\\/milei.jpg\",\"datePublished\":\"2023-05-03T11:52:34+00:00\",\"dateModified\":\"2023-05-03T15:26:58+00:00\",\"breadcrumb\":{\"@id\":\"https:\\\/\\\/diariotextual.com\\\/inicio\\\/index.php\\\/2023\\\/05\\\/03\\\/milei-volvio-a-apoyar-la-venta-de-organos-busquemos-mecanismos-de-mercado\\\/#breadcrumb\"},\"inLanguage\":\"es\",\"potentialAction\":[{\"@type\":\"ReadAction\",\"target\":[\"https:\\\/\\\/diariotextual.com\\\/inicio\\\/index.php\\\/2023\\\/05\\\/03\\\/milei-volvio-a-apoyar-la-venta-de-organos-busquemos-mecanismos-de-mercado\\\/\"]}]},{\"@type\":\"ImageObject\",\"inLanguage\":\"es\",\"@id\":\"https:\\\/\\\/diariotextual.com\\\/inicio\\\/index.php\\\/2023\\\/05\\\/03\\\/milei-volvio-a-apoyar-la-venta-de-organos-busquemos-mecanismos-de-mercado\\\/#primaryimage\",\"url\":\"https:\\\/\\\/diariotextual.com\\\/inicio\\\/wp-content\\\/uploads\\\/2022\\\/04\\\/milei.jpg\",\"contentUrl\":\"https:\\\/\\\/diariotextual.com\\\/inicio\\\/wp-content\\\/uploads\\\/2022\\\/04\\\/milei.jpg\",\"width\":950,\"height\":534},{\"@type\":\"BreadcrumbList\",\"@id\":\"https:\\\/\\\/diariotextual.com\\\/inicio\\\/index.php\\\/2023\\\/05\\\/03\\\/milei-volvio-a-apoyar-la-venta-de-organos-busquemos-mecanismos-de-mercado\\\/#breadcrumb\",\"itemListElement\":[{\"@type\":\"ListItem\",\"position\":1,\"name\":\"Portada\",\"item\":\"https:\\\/\\\/diariotextual.com\\\/inicio\\\/\"},{\"@type\":\"ListItem\",\"position\":2,\"name\":\"Milei volvi\u00f3 a apoyar la venta de \u00f3rganos: \u201cBusquemos mecanismos de mercado\u201d\"}]},{\"@type\":\"WebSite\",\"@id\":\"https:\\\/\\\/diariotextual.com\\\/inicio\\\/#website\",\"url\":\"https:\\\/\\\/diariotextual.com\\\/inicio\\\/\",\"name\":\"Diario Textual\",\"description\":\"\",\"publisher\":{\"@id\":\"https:\\\/\\\/diariotextual.com\\\/inicio\\\/#organization\"},\"potentialAction\":[{\"@type\":\"SearchAction\",\"target\":{\"@type\":\"EntryPoint\",\"urlTemplate\":\"https:\\\/\\\/diariotextual.com\\\/inicio\\\/?s={search_term_string}\"},\"query-input\":{\"@type\":\"PropertyValueSpecification\",\"valueRequired\":true,\"valueName\":\"search_term_string\"}}],\"inLanguage\":\"es\"},{\"@type\":\"Organization\",\"@id\":\"https:\\\/\\\/diariotextual.com\\\/inicio\\\/#organization\",\"name\":\"Diario Textual\",\"url\":\"https:\\\/\\\/diariotextual.com\\\/inicio\\\/\",\"logo\":{\"@type\":\"ImageObject\",\"inLanguage\":\"es\",\"@id\":\"https:\\\/\\\/diariotextual.com\\\/inicio\\\/#\\\/schema\\\/logo\\\/image\\\/\",\"url\":\"https:\\\/\\\/diariotextual.com\\\/inicio\\\/wp-content\\\/uploads\\\/2023\\\/05\\\/logotextual1.jpg\",\"contentUrl\":\"https:\\\/\\\/diariotextual.com\\\/inicio\\\/wp-content\\\/uploads\\\/2023\\\/05\\\/logotextual1.jpg\",\"width\":516,\"height\":76,\"caption\":\"Diario Textual\"},\"image\":{\"@id\":\"https:\\\/\\\/diariotextual.com\\\/inicio\\\/#\\\/schema\\\/logo\\\/image\\\/\"},\"sameAs\":[\"https:\\\/\\\/www.facebook.com\\\/eltextual\",\"https:\\\/\\\/x.com\\\/eltextual\",\"http:\\\/\\\/www.instagram.com\\\/eltextual\"]},{\"@type\":\"Person\",\"@id\":\"https:\\\/\\\/diariotextual.com\\\/inicio\\\/#\\\/schema\\\/person\\\/694f60677f23c4a530867a98f22b3768\",\"name\":\"diario2\",\"image\":{\"@type\":\"ImageObject\",\"inLanguage\":\"es\",\"@id\":\"https:\\\/\\\/secure.gravatar.com\\\/avatar\\\/5a2567495ba16b852fcd8f1ed006a2e24fcace936018ed8237e95f488ad6e0a7?s=96&d=mm&r=g\",\"url\":\"https:\\\/\\\/secure.gravatar.com\\\/avatar\\\/5a2567495ba16b852fcd8f1ed006a2e24fcace936018ed8237e95f488ad6e0a7?s=96&d=mm&r=g\",\"contentUrl\":\"https:\\\/\\\/secure.gravatar.com\\\/avatar\\\/5a2567495ba16b852fcd8f1ed006a2e24fcace936018ed8237e95f488ad6e0a7?s=96&d=mm&r=g\",\"caption\":\"diario2\"},\"url\":\"https:\\\/\\\/diariotextual.com\\\/inicio\\\/index.php\\\/author\\\/diario2\\\/\"}]}<\/script>\n<!-- \/ Yoast SEO plugin. -->","yoast_head_json":{"title":"Milei volvi\u00f3 a apoyar la venta de \u00f3rganos: \u201cBusquemos mecanismos de mercado\u201d - Diario Textual","robots":{"index":"index","follow":"follow","max-snippet":"max-snippet:-1","max-image-preview":"max-image-preview:large","max-video-preview":"max-video-preview:-1"},"canonical":"https:\/\/diariotextual.com\/inicio\/index.php\/2023\/05\/03\/milei-volvio-a-apoyar-la-venta-de-organos-busquemos-mecanismos-de-mercado\/","og_locale":"es_ES","og_type":"article","og_title":"Milei volvi\u00f3 a apoyar la venta de \u00f3rganos: \u201cBusquemos mecanismos de mercado\u201d - Diario Textual","og_description":"El precandidato presidencial Javier Milei volvi\u00f3 a mostrarse a favor de la venta de \u00f3rganos y sostuvo que deber\u00eda ser una decisi\u00f3n personal ya que cada uno tendr\u00eda que disponer&hellip;","og_url":"https:\/\/diariotextual.com\/inicio\/index.php\/2023\/05\/03\/milei-volvio-a-apoyar-la-venta-de-organos-busquemos-mecanismos-de-mercado\/","og_site_name":"Diario Textual","article_publisher":"https:\/\/www.facebook.com\/eltextual","article_published_time":"2023-05-03T11:52:34+00:00","article_modified_time":"2023-05-03T15:26:58+00:00","og_image":[{"width":950,"height":534,"url":"https:\/\/diariotextual.com\/inicio\/wp-content\/uploads\/2022\/04\/milei.jpg","type":"image\/jpeg"}],"author":"diario2","twitter_card":"summary_large_image","twitter_creator":"@eltextual","twitter_site":"@eltextual","twitter_misc":{"Escrito por":"diario2","Tiempo de lectura":"3 minutos"},"schema":{"@context":"https:\/\/schema.org","@graph":[{"@type":"Article","@id":"https:\/\/diariotextual.com\/inicio\/index.php\/2023\/05\/03\/milei-volvio-a-apoyar-la-venta-de-organos-busquemos-mecanismos-de-mercado\/#article","isPartOf":{"@id":"https:\/\/diariotextual.com\/inicio\/index.php\/2023\/05\/03\/milei-volvio-a-apoyar-la-venta-de-organos-busquemos-mecanismos-de-mercado\/"},"author":{"name":"diario2","@id":"https:\/\/diariotextual.com\/inicio\/#\/schema\/person\/694f60677f23c4a530867a98f22b3768"},"headline":"Milei volvi\u00f3 a apoyar la venta de \u00f3rganos: \u201cBusquemos mecanismos de mercado\u201d","datePublished":"2023-05-03T11:52:34+00:00","dateModified":"2023-05-03T15:26:58+00:00","mainEntityOfPage":{"@id":"https:\/\/diariotextual.com\/inicio\/index.php\/2023\/05\/03\/milei-volvio-a-apoyar-la-venta-de-organos-busquemos-mecanismos-de-mercado\/"},"wordCount":508,"publisher":{"@id":"https:\/\/diariotextual.com\/inicio\/#organization"},"image":{"@id":"https:\/\/diariotextual.com\/inicio\/index.php\/2023\/05\/03\/milei-volvio-a-apoyar-la-venta-de-organos-busquemos-mecanismos-de-mercado\/#primaryimage"},"thumbnailUrl":"https:\/\/diariotextual.com\/inicio\/wp-content\/uploads\/2022\/04\/milei.jpg","articleSection":["A - ES NOTICIA (van abajo)","POLITICA"],"inLanguage":"es"},{"@type":"WebPage","@id":"https:\/\/diariotextual.com\/inicio\/index.php\/2023\/05\/03\/milei-volvio-a-apoyar-la-venta-de-organos-busquemos-mecanismos-de-mercado\/","url":"https:\/\/diariotextual.com\/inicio\/index.php\/2023\/05\/03\/milei-volvio-a-apoyar-la-venta-de-organos-busquemos-mecanismos-de-mercado\/","name":"Milei volvi\u00f3 a apoyar la venta de \u00f3rganos: \u201cBusquemos mecanismos de mercado\u201d - Diario Textual","isPartOf":{"@id":"https:\/\/diariotextual.com\/inicio\/#website"},"primaryImageOfPage":{"@id":"https:\/\/diariotextual.com\/inicio\/index.php\/2023\/05\/03\/milei-volvio-a-apoyar-la-venta-de-organos-busquemos-mecanismos-de-mercado\/#primaryimage"},"image":{"@id":"https:\/\/diariotextual.com\/inicio\/index.php\/2023\/05\/03\/milei-volvio-a-apoyar-la-venta-de-organos-busquemos-mecanismos-de-mercado\/#primaryimage"},"thumbnailUrl":"https:\/\/diariotextual.com\/inicio\/wp-content\/uploads\/2022\/04\/milei.jpg","datePublished":"2023-05-03T11:52:34+00:00","dateModified":"2023-05-03T15:26:58+00:00","breadcrumb":{"@id":"https:\/\/diariotextual.com\/inicio\/index.php\/2023\/05\/03\/milei-volvio-a-apoyar-la-venta-de-organos-busquemos-mecanismos-de-mercado\/#breadcrumb"},"inLanguage":"es","potentialAction":[{"@type":"ReadAction","target":["https:\/\/diariotextual.com\/inicio\/index.php\/2023\/05\/03\/milei-volvio-a-apoyar-la-venta-de-organos-busquemos-mecanismos-de-mercado\/"]}]},{"@type":"ImageObject","inLanguage":"es","@id":"https:\/\/diariotextual.com\/inicio\/index.php\/2023\/05\/03\/milei-volvio-a-apoyar-la-venta-de-organos-busquemos-mecanismos-de-mercado\/#primaryimage","url":"https:\/\/diariotextual.com\/inicio\/wp-content\/uploads\/2022\/04\/milei.jpg","contentUrl":"https:\/\/diariotextual.com\/inicio\/wp-content\/uploads\/2022\/04\/milei.jpg","width":950,"height":534},{"@type":"BreadcrumbList","@id":"https:\/\/diariotextual.com\/inicio\/index.php\/2023\/05\/03\/milei-volvio-a-apoyar-la-venta-de-organos-busquemos-mecanismos-de-mercado\/#breadcrumb","itemListElement":[{"@type":"ListItem","position":1,"name":"Portada","item":"https:\/\/diariotextual.com\/inicio\/"},{"@type":"ListItem","position":2,"name":"Milei volvi\u00f3 a apoyar la venta de \u00f3rganos: \u201cBusquemos mecanismos de mercado\u201d"}]},{"@type":"WebSite","@id":"https:\/\/diariotextual.com\/inicio\/#website","url":"https:\/\/diariotextual.com\/inicio\/","name":"Diario Textual","description":"","publisher":{"@id":"https:\/\/diariotextual.com\/inicio\/#organization"},"potentialAction":[{"@type":"SearchAction","target":{"@type":"EntryPoint","urlTemplate":"https:\/\/diariotextual.com\/inicio\/?s={search_term_string}"},"query-input":{"@type":"PropertyValueSpecification","valueRequired":true,"valueName":"search_term_string"}}],"inLanguage":"es"},{"@type":"Organization","@id":"https:\/\/diariotextual.com\/inicio\/#organization","name":"Diario Textual","url":"https:\/\/diariotextual.com\/inicio\/","logo":{"@type":"ImageObject","inLanguage":"es","@id":"https:\/\/diariotextual.com\/inicio\/#\/schema\/logo\/image\/","url":"https:\/\/diariotextual.com\/inicio\/wp-content\/uploads\/2023\/05\/logotextual1.jpg","contentUrl":"https:\/\/diariotextual.com\/inicio\/wp-content\/uploads\/2023\/05\/logotextual1.jpg","width":516,"height":76,"caption":"Diario Textual"},"image":{"@id":"https:\/\/diariotextual.com\/inicio\/#\/schema\/logo\/image\/"},"sameAs":["https:\/\/www.facebook.com\/eltextual","https:\/\/x.com\/eltextual","http:\/\/www.instagram.com\/eltextual"]},{"@type":"Person","@id":"https:\/\/diariotextual.com\/inicio\/#\/schema\/person\/694f60677f23c4a530867a98f22b3768","name":"diario2","image":{"@type":"ImageObject","inLanguage":"es","@id":"https:\/\/secure.gravatar.com\/avatar\/5a2567495ba16b852fcd8f1ed006a2e24fcace936018ed8237e95f488ad6e0a7?s=96&d=mm&r=g","url":"https:\/\/secure.gravatar.com\/avatar\/5a2567495ba16b852fcd8f1ed006a2e24fcace936018ed8237e95f488ad6e0a7?s=96&d=mm&r=g","contentUrl":"https:\/\/secure.gravatar.com\/avatar\/5a2567495ba16b852fcd8f1ed006a2e24fcace936018ed8237e95f488ad6e0a7?s=96&d=mm&r=g","caption":"diario2"},"url":"https:\/\/diariotextual.com\/inicio\/index.php\/author\/diario2\/"}]}},"_links":{"self":[{"href":"https:\/\/diariotextual.com\/inicio\/index.php\/wp-json\/wp\/v2\/posts\/224011","targetHints":{"allow":["GET"]}}],"collection":[{"href":"https:\/\/diariotextual.com\/inicio\/index.php\/wp-json\/wp\/v2\/posts"}],"about":[{"href":"https:\/\/diariotextual.com\/inicio\/index.php\/wp-json\/wp\/v2\/types\/post"}],"author":[{"embeddable":true,"href":"https:\/\/diariotextual.com\/inicio\/index.php\/wp-json\/wp\/v2\/users\/4"}],"replies":[{"embeddable":true,"href":"https:\/\/diariotextual.com\/inicio\/index.php\/wp-json\/wp\/v2\/comments?post=224011"}],"version-history":[{"count":2,"href":"https:\/\/diariotextual.com\/inicio\/index.php\/wp-json\/wp\/v2\/posts\/224011\/revisions"}],"predecessor-version":[{"id":224013,"href":"https:\/\/diariotextual.com\/inicio\/index.php\/wp-json\/wp\/v2\/posts\/224011\/revisions\/224013"}],"wp:featuredmedia":[{"embeddable":true,"href":"https:\/\/diariotextual.com\/inicio\/index.php\/wp-json\/wp\/v2\/media\/186798"}],"wp:attachment":[{"href":"https:\/\/diariotextual.com\/inicio\/index.php\/wp-json\/wp\/v2\/media?parent=224011"}],"wp:term":[{"taxonomy":"category","embeddable":true,"href":"https:\/\/diariotextual.com\/inicio\/index.php\/wp-json\/wp\/v2\/categories?post=224011"},{"taxonomy":"post_tag","embeddable":true,"href":"https:\/\/diariotextual.com\/inicio\/index.php\/wp-json\/wp\/v2\/tags?post=224011"}],"curies":[{"name":"wp","href":"https:\/\/api.w.org\/{rel}","templated":true}]}}