{"id":224062,"date":"2023-05-03T14:17:33","date_gmt":"2023-05-03T17:17:33","guid":{"rendered":"https:\/\/diariotextual.com\/inicio\/?p=224062"},"modified":"2023-05-04T04:41:21","modified_gmt":"2023-05-04T07:41:21","slug":"dos-testigos-en-la-segunda-jornada-del-juicio-contra-el-cura-padilla-en-pico","status":"publish","type":"post","link":"https:\/\/diariotextual.com\/inicio\/index.php\/2023\/05\/03\/dos-testigos-en-la-segunda-jornada-del-juicio-contra-el-cura-padilla-en-pico\/","title":{"rendered":"Dos testigos, en la segunda jornada del  juicio contra el cura Padilla en Pico"},"content":{"rendered":"\n<p>El juicio contra el cura <strong>Jos\u00e9 Miguel Padilla<\/strong>, acusado de abusos sexuales contra un seminarista, continu\u00f3 este mi\u00e9rcoles con la presentaci\u00f3n a testificar de dos personas, una psic\u00f3loga y una asistente social.<\/p>\n\n\n\n<p>El sacerdote fue hasta diciembre del 2020 superior de la Fraternidad de Bel\u00e9n, de los Capuchinos Recoletos, y responsable del colegio secundario Nuestra Se\u00f1ora de Luj\u00e1n, de Intendente Alvear.<\/p>\n\n\n\n<p>La denuncia contra Padilla por abuso sexual fue radicada el 11 de noviembre de 2019 por\u00a0<strong>Vicente Su\u00e1rez Wollert<\/strong>, un\u00a0joven entrerriano y exseminarita de la Fraternidad de Bel\u00e9n, de Intendente Alvear.\u00a0El joven que lo acus\u00f3 estuvo presente en la primera jornada del juicio.<\/p>\n\n\n\n<p>El debate comenz\u00f3 este martes en los Tribunales de General Pico a cargo de la jueza de audiencia de juicio Mar\u00eda Jos\u00e9 Gianinetto. Interviene la fiscal\u00a0Andreina Montes,\u00a0quien estuvo acompa\u00f1ada por el fiscal Luciano Rebecchi.<\/p>\n\n\n\n<p>Por la defensa del imputado interviene el abogado particular Jorge Salamone y la letrada Florencia Boglietti. Como parte querellante, en representaci\u00f3n de la v\u00edctima, lo hacen los defensores oficiales&nbsp;Guillermo Costantino y Mauro Fern\u00e1ndez.<\/p>\n\n\n\n<p>Para este jueves est\u00e1 previsto la recepci\u00f3n del testimonio de otros seis testigos.<\/p>\n\n\n\n<p>Las audiencias se desarrollan a puertas cerradas, ya que se trata de un debate sobre un delito contra la integridad sexual.&nbsp;La fiscal\u00eda acus\u00f3 a Padilla por el delito de abuso sexual con acceso carnal agravado.<\/p>\n\n\n\n<p>El juicio comenz\u00f3 este martes y est\u00e1 previsto que se lleve a cabo durante seis jornadas. Las audiencias se extender\u00e1n hasta el 9 de mayo en la Sala 1 del Edificio Judicial de la ciudad de General Pico. Luego la magistrada tiene 10 d\u00edas h\u00e1biles para\u00a0dictar su sentencia.<\/p>\n\n\n\n<p><\/p>\n\n\n\n<figure class=\"wp-block-embed is-type-wp-embed is-provider-diario-textual wp-block-embed-diario-textual\"><div class=\"wp-block-embed__wrapper\">\n<blockquote class=\"wp-embedded-content\" data-secret=\"G54NtnR000\"><a href=\"https:\/\/diariotextual.com\/inicio\/index.php\/2023\/05\/02\/en-pico-comenzo-el-juicio-contra-el-cura-padilla\/\">En Pico comenz\u00f3 el juicio contra el cura Padilla<\/a><\/blockquote><iframe class=\"wp-embedded-content\" sandbox=\"allow-scripts\" security=\"restricted\" style=\"position: absolute; clip: rect(1px, 1px, 1px, 1px);\" title=\"\u00abEn Pico comenz\u00f3 el juicio contra el cura Padilla\u00bb \u2014 Diario Textual\" src=\"https:\/\/diariotextual.com\/inicio\/index.php\/2023\/05\/02\/en-pico-comenzo-el-juicio-contra-el-cura-padilla\/embed\/#?secret=W1bvUTdssu#?secret=G54NtnR000\" data-secret=\"G54NtnR000\" width=\"600\" height=\"338\" frameborder=\"0\" marginwidth=\"0\" marginheight=\"0\" scrolling=\"no\"><\/iframe>\n<\/div><\/figure>\n","protected":false},"excerpt":{"rendered":"<p>El juicio contra el cura Jos\u00e9 Miguel Padilla, acusado de abusos sexuales contra un seminarista, continu\u00f3 este mi\u00e9rcoles con la presentaci\u00f3n a testificar de dos personas, una psic\u00f3loga y una&hellip;<\/p>\n","protected":false},"author":4,"featured_media":224063,"comment_status":"closed","ping_status":"open","sticky":false,"template":"","format":"standard","meta":{"_acf_changed":false,"footnotes":""},"categories":[1,11,12],"tags":[],"class_list":["post-224062","post","type-post","status-publish","format-standard","has-post-thumbnail","hentry","category-es-noticia","category-que-pasa","category-sociedad"],"acf":[],"yoast_head":"<!-- This site is optimized with the Yoast SEO plugin v27.5 - https:\/\/yoast.com\/product\/yoast-seo-wordpress\/ -->\n<title>Dos testigos, en la segunda jornada del juicio contra el cura Padilla en Pico - Diario Textual<\/title>\n<meta name=\"robots\" content=\"index, follow, max-snippet:-1, max-image-preview:large, max-video-preview:-1\" \/>\n<link rel=\"canonical\" href=\"https:\/\/diariotextual.com\/inicio\/index.php\/2023\/05\/03\/dos-testigos-en-la-segunda-jornada-del-juicio-contra-el-cura-padilla-en-pico\/\" \/>\n<meta property=\"og:locale\" content=\"es_ES\" \/>\n<meta property=\"og:type\" content=\"article\" \/>\n<meta property=\"og:title\" content=\"Dos testigos, en la segunda jornada del juicio contra el cura Padilla en Pico - Diario Textual\" \/>\n<meta property=\"og:description\" content=\"El juicio contra el cura Jos\u00e9 Miguel Padilla, acusado de abusos sexuales contra un seminarista, continu\u00f3 este mi\u00e9rcoles con la presentaci\u00f3n a testificar de dos personas, una psic\u00f3loga y una&hellip;\" \/>\n<meta property=\"og:url\" content=\"https:\/\/diariotextual.com\/inicio\/index.php\/2023\/05\/03\/dos-testigos-en-la-segunda-jornada-del-juicio-contra-el-cura-padilla-en-pico\/\" \/>\n<meta property=\"og:site_name\" content=\"Diario Textual\" \/>\n<meta property=\"article:publisher\" content=\"https:\/\/www.facebook.com\/eltextual\" \/>\n<meta property=\"article:published_time\" content=\"2023-05-03T17:17:33+00:00\" \/>\n<meta property=\"article:modified_time\" content=\"2023-05-04T07:41:21+00:00\" \/>\n<meta property=\"og:image\" content=\"https:\/\/diariotextual.com\/inicio\/wp-content\/uploads\/2023\/05\/padillacurajuicioabuso344.jpeg\" \/>\n\t<meta property=\"og:image:width\" content=\"844\" \/>\n\t<meta property=\"og:image:height\" content=\"492\" \/>\n\t<meta property=\"og:image:type\" content=\"image\/jpeg\" \/>\n<meta name=\"author\" content=\"diario2\" \/>\n<meta name=\"twitter:card\" content=\"summary_large_image\" \/>\n<meta name=\"twitter:creator\" content=\"@eltextual\" \/>\n<meta name=\"twitter:site\" content=\"@eltextual\" \/>\n<meta name=\"twitter:label1\" content=\"Escrito por\" \/>\n\t<meta name=\"twitter:data1\" content=\"diario2\" \/>\n\t<meta name=\"twitter:label2\" content=\"Tiempo de lectura\" \/>\n\t<meta name=\"twitter:data2\" content=\"2 minutos\" \/>\n<script type=\"application\/ld+json\" class=\"yoast-schema-graph\">{\"@context\":\"https:\\\/\\\/schema.org\",\"@graph\":[{\"@type\":\"Article\",\"@id\":\"https:\\\/\\\/diariotextual.com\\\/inicio\\\/index.php\\\/2023\\\/05\\\/03\\\/dos-testigos-en-la-segunda-jornada-del-juicio-contra-el-cura-padilla-en-pico\\\/#article\",\"isPartOf\":{\"@id\":\"https:\\\/\\\/diariotextual.com\\\/inicio\\\/index.php\\\/2023\\\/05\\\/03\\\/dos-testigos-en-la-segunda-jornada-del-juicio-contra-el-cura-padilla-en-pico\\\/\"},\"author\":{\"name\":\"diario2\",\"@id\":\"https:\\\/\\\/diariotextual.com\\\/inicio\\\/#\\\/schema\\\/person\\\/694f60677f23c4a530867a98f22b3768\"},\"headline\":\"Dos testigos, en la segunda jornada del juicio contra el cura Padilla en Pico\",\"datePublished\":\"2023-05-03T17:17:33+00:00\",\"dateModified\":\"2023-05-04T07:41:21+00:00\",\"mainEntityOfPage\":{\"@id\":\"https:\\\/\\\/diariotextual.com\\\/inicio\\\/index.php\\\/2023\\\/05\\\/03\\\/dos-testigos-en-la-segunda-jornada-del-juicio-contra-el-cura-padilla-en-pico\\\/\"},\"wordCount\":309,\"publisher\":{\"@id\":\"https:\\\/\\\/diariotextual.com\\\/inicio\\\/#organization\"},\"image\":{\"@id\":\"https:\\\/\\\/diariotextual.com\\\/inicio\\\/index.php\\\/2023\\\/05\\\/03\\\/dos-testigos-en-la-segunda-jornada-del-juicio-contra-el-cura-padilla-en-pico\\\/#primaryimage\"},\"thumbnailUrl\":\"https:\\\/\\\/diariotextual.com\\\/inicio\\\/wp-content\\\/uploads\\\/2023\\\/05\\\/padillacurajuicioabuso344.jpeg\",\"articleSection\":[\"A - ES NOTICIA (van abajo)\",\"A - QUE PASA (al costado)\",\"SOCIEDAD\"],\"inLanguage\":\"es\"},{\"@type\":\"WebPage\",\"@id\":\"https:\\\/\\\/diariotextual.com\\\/inicio\\\/index.php\\\/2023\\\/05\\\/03\\\/dos-testigos-en-la-segunda-jornada-del-juicio-contra-el-cura-padilla-en-pico\\\/\",\"url\":\"https:\\\/\\\/diariotextual.com\\\/inicio\\\/index.php\\\/2023\\\/05\\\/03\\\/dos-testigos-en-la-segunda-jornada-del-juicio-contra-el-cura-padilla-en-pico\\\/\",\"name\":\"Dos testigos, en la segunda jornada del juicio contra el cura Padilla en Pico - Diario Textual\",\"isPartOf\":{\"@id\":\"https:\\\/\\\/diariotextual.com\\\/inicio\\\/#website\"},\"primaryImageOfPage\":{\"@id\":\"https:\\\/\\\/diariotextual.com\\\/inicio\\\/index.php\\\/2023\\\/05\\\/03\\\/dos-testigos-en-la-segunda-jornada-del-juicio-contra-el-cura-padilla-en-pico\\\/#primaryimage\"},\"image\":{\"@id\":\"https:\\\/\\\/diariotextual.com\\\/inicio\\\/index.php\\\/2023\\\/05\\\/03\\\/dos-testigos-en-la-segunda-jornada-del-juicio-contra-el-cura-padilla-en-pico\\\/#primaryimage\"},\"thumbnailUrl\":\"https:\\\/\\\/diariotextual.com\\\/inicio\\\/wp-content\\\/uploads\\\/2023\\\/05\\\/padillacurajuicioabuso344.jpeg\",\"datePublished\":\"2023-05-03T17:17:33+00:00\",\"dateModified\":\"2023-05-04T07:41:21+00:00\",\"breadcrumb\":{\"@id\":\"https:\\\/\\\/diariotextual.com\\\/inicio\\\/index.php\\\/2023\\\/05\\\/03\\\/dos-testigos-en-la-segunda-jornada-del-juicio-contra-el-cura-padilla-en-pico\\\/#breadcrumb\"},\"inLanguage\":\"es\",\"potentialAction\":[{\"@type\":\"ReadAction\",\"target\":[\"https:\\\/\\\/diariotextual.com\\\/inicio\\\/index.php\\\/2023\\\/05\\\/03\\\/dos-testigos-en-la-segunda-jornada-del-juicio-contra-el-cura-padilla-en-pico\\\/\"]}]},{\"@type\":\"ImageObject\",\"inLanguage\":\"es\",\"@id\":\"https:\\\/\\\/diariotextual.com\\\/inicio\\\/index.php\\\/2023\\\/05\\\/03\\\/dos-testigos-en-la-segunda-jornada-del-juicio-contra-el-cura-padilla-en-pico\\\/#primaryimage\",\"url\":\"https:\\\/\\\/diariotextual.com\\\/inicio\\\/wp-content\\\/uploads\\\/2023\\\/05\\\/padillacurajuicioabuso344.jpeg\",\"contentUrl\":\"https:\\\/\\\/diariotextual.com\\\/inicio\\\/wp-content\\\/uploads\\\/2023\\\/05\\\/padillacurajuicioabuso344.jpeg\",\"width\":844,\"height\":492},{\"@type\":\"BreadcrumbList\",\"@id\":\"https:\\\/\\\/diariotextual.com\\\/inicio\\\/index.php\\\/2023\\\/05\\\/03\\\/dos-testigos-en-la-segunda-jornada-del-juicio-contra-el-cura-padilla-en-pico\\\/#breadcrumb\",\"itemListElement\":[{\"@type\":\"ListItem\",\"position\":1,\"name\":\"Portada\",\"item\":\"https:\\\/\\\/diariotextual.com\\\/inicio\\\/\"},{\"@type\":\"ListItem\",\"position\":2,\"name\":\"Dos testigos, en la segunda jornada del juicio contra el cura Padilla en Pico\"}]},{\"@type\":\"WebSite\",\"@id\":\"https:\\\/\\\/diariotextual.com\\\/inicio\\\/#website\",\"url\":\"https:\\\/\\\/diariotextual.com\\\/inicio\\\/\",\"name\":\"Diario Textual\",\"description\":\"\",\"publisher\":{\"@id\":\"https:\\\/\\\/diariotextual.com\\\/inicio\\\/#organization\"},\"potentialAction\":[{\"@type\":\"SearchAction\",\"target\":{\"@type\":\"EntryPoint\",\"urlTemplate\":\"https:\\\/\\\/diariotextual.com\\\/inicio\\\/?s={search_term_string}\"},\"query-input\":{\"@type\":\"PropertyValueSpecification\",\"valueRequired\":true,\"valueName\":\"search_term_string\"}}],\"inLanguage\":\"es\"},{\"@type\":\"Organization\",\"@id\":\"https:\\\/\\\/diariotextual.com\\\/inicio\\\/#organization\",\"name\":\"Diario Textual\",\"url\":\"https:\\\/\\\/diariotextual.com\\\/inicio\\\/\",\"logo\":{\"@type\":\"ImageObject\",\"inLanguage\":\"es\",\"@id\":\"https:\\\/\\\/diariotextual.com\\\/inicio\\\/#\\\/schema\\\/logo\\\/image\\\/\",\"url\":\"https:\\\/\\\/diariotextual.com\\\/inicio\\\/wp-content\\\/uploads\\\/2023\\\/05\\\/logotextual1.jpg\",\"contentUrl\":\"https:\\\/\\\/diariotextual.com\\\/inicio\\\/wp-content\\\/uploads\\\/2023\\\/05\\\/logotextual1.jpg\",\"width\":516,\"height\":76,\"caption\":\"Diario Textual\"},\"image\":{\"@id\":\"https:\\\/\\\/diariotextual.com\\\/inicio\\\/#\\\/schema\\\/logo\\\/image\\\/\"},\"sameAs\":[\"https:\\\/\\\/www.facebook.com\\\/eltextual\",\"https:\\\/\\\/x.com\\\/eltextual\",\"http:\\\/\\\/www.instagram.com\\\/eltextual\"]},{\"@type\":\"Person\",\"@id\":\"https:\\\/\\\/diariotextual.com\\\/inicio\\\/#\\\/schema\\\/person\\\/694f60677f23c4a530867a98f22b3768\",\"name\":\"diario2\",\"image\":{\"@type\":\"ImageObject\",\"inLanguage\":\"es\",\"@id\":\"https:\\\/\\\/secure.gravatar.com\\\/avatar\\\/5a2567495ba16b852fcd8f1ed006a2e24fcace936018ed8237e95f488ad6e0a7?s=96&d=mm&r=g\",\"url\":\"https:\\\/\\\/secure.gravatar.com\\\/avatar\\\/5a2567495ba16b852fcd8f1ed006a2e24fcace936018ed8237e95f488ad6e0a7?s=96&d=mm&r=g\",\"contentUrl\":\"https:\\\/\\\/secure.gravatar.com\\\/avatar\\\/5a2567495ba16b852fcd8f1ed006a2e24fcace936018ed8237e95f488ad6e0a7?s=96&d=mm&r=g\",\"caption\":\"diario2\"},\"url\":\"https:\\\/\\\/diariotextual.com\\\/inicio\\\/index.php\\\/author\\\/diario2\\\/\"}]}<\/script>\n<!-- \/ Yoast SEO plugin. -->","yoast_head_json":{"title":"Dos testigos, en la segunda jornada del juicio contra el cura Padilla en Pico - Diario Textual","robots":{"index":"index","follow":"follow","max-snippet":"max-snippet:-1","max-image-preview":"max-image-preview:large","max-video-preview":"max-video-preview:-1"},"canonical":"https:\/\/diariotextual.com\/inicio\/index.php\/2023\/05\/03\/dos-testigos-en-la-segunda-jornada-del-juicio-contra-el-cura-padilla-en-pico\/","og_locale":"es_ES","og_type":"article","og_title":"Dos testigos, en la segunda jornada del juicio contra el cura Padilla en Pico - Diario Textual","og_description":"El juicio contra el cura Jos\u00e9 Miguel Padilla, acusado de abusos sexuales contra un seminarista, continu\u00f3 este mi\u00e9rcoles con la presentaci\u00f3n a testificar de dos personas, una psic\u00f3loga y una&hellip;","og_url":"https:\/\/diariotextual.com\/inicio\/index.php\/2023\/05\/03\/dos-testigos-en-la-segunda-jornada-del-juicio-contra-el-cura-padilla-en-pico\/","og_site_name":"Diario Textual","article_publisher":"https:\/\/www.facebook.com\/eltextual","article_published_time":"2023-05-03T17:17:33+00:00","article_modified_time":"2023-05-04T07:41:21+00:00","og_image":[{"width":844,"height":492,"url":"https:\/\/diariotextual.com\/inicio\/wp-content\/uploads\/2023\/05\/padillacurajuicioabuso344.jpeg","type":"image\/jpeg"}],"author":"diario2","twitter_card":"summary_large_image","twitter_creator":"@eltextual","twitter_site":"@eltextual","twitter_misc":{"Escrito por":"diario2","Tiempo de lectura":"2 minutos"},"schema":{"@context":"https:\/\/schema.org","@graph":[{"@type":"Article","@id":"https:\/\/diariotextual.com\/inicio\/index.php\/2023\/05\/03\/dos-testigos-en-la-segunda-jornada-del-juicio-contra-el-cura-padilla-en-pico\/#article","isPartOf":{"@id":"https:\/\/diariotextual.com\/inicio\/index.php\/2023\/05\/03\/dos-testigos-en-la-segunda-jornada-del-juicio-contra-el-cura-padilla-en-pico\/"},"author":{"name":"diario2","@id":"https:\/\/diariotextual.com\/inicio\/#\/schema\/person\/694f60677f23c4a530867a98f22b3768"},"headline":"Dos testigos, en la segunda jornada del juicio contra el cura Padilla en Pico","datePublished":"2023-05-03T17:17:33+00:00","dateModified":"2023-05-04T07:41:21+00:00","mainEntityOfPage":{"@id":"https:\/\/diariotextual.com\/inicio\/index.php\/2023\/05\/03\/dos-testigos-en-la-segunda-jornada-del-juicio-contra-el-cura-padilla-en-pico\/"},"wordCount":309,"publisher":{"@id":"https:\/\/diariotextual.com\/inicio\/#organization"},"image":{"@id":"https:\/\/diariotextual.com\/inicio\/index.php\/2023\/05\/03\/dos-testigos-en-la-segunda-jornada-del-juicio-contra-el-cura-padilla-en-pico\/#primaryimage"},"thumbnailUrl":"https:\/\/diariotextual.com\/inicio\/wp-content\/uploads\/2023\/05\/padillacurajuicioabuso344.jpeg","articleSection":["A - ES NOTICIA (van abajo)","A - QUE PASA (al costado)","SOCIEDAD"],"inLanguage":"es"},{"@type":"WebPage","@id":"https:\/\/diariotextual.com\/inicio\/index.php\/2023\/05\/03\/dos-testigos-en-la-segunda-jornada-del-juicio-contra-el-cura-padilla-en-pico\/","url":"https:\/\/diariotextual.com\/inicio\/index.php\/2023\/05\/03\/dos-testigos-en-la-segunda-jornada-del-juicio-contra-el-cura-padilla-en-pico\/","name":"Dos testigos, en la segunda jornada del juicio contra el cura Padilla en Pico - Diario Textual","isPartOf":{"@id":"https:\/\/diariotextual.com\/inicio\/#website"},"primaryImageOfPage":{"@id":"https:\/\/diariotextual.com\/inicio\/index.php\/2023\/05\/03\/dos-testigos-en-la-segunda-jornada-del-juicio-contra-el-cura-padilla-en-pico\/#primaryimage"},"image":{"@id":"https:\/\/diariotextual.com\/inicio\/index.php\/2023\/05\/03\/dos-testigos-en-la-segunda-jornada-del-juicio-contra-el-cura-padilla-en-pico\/#primaryimage"},"thumbnailUrl":"https:\/\/diariotextual.com\/inicio\/wp-content\/uploads\/2023\/05\/padillacurajuicioabuso344.jpeg","datePublished":"2023-05-03T17:17:33+00:00","dateModified":"2023-05-04T07:41:21+00:00","breadcrumb":{"@id":"https:\/\/diariotextual.com\/inicio\/index.php\/2023\/05\/03\/dos-testigos-en-la-segunda-jornada-del-juicio-contra-el-cura-padilla-en-pico\/#breadcrumb"},"inLanguage":"es","potentialAction":[{"@type":"ReadAction","target":["https:\/\/diariotextual.com\/inicio\/index.php\/2023\/05\/03\/dos-testigos-en-la-segunda-jornada-del-juicio-contra-el-cura-padilla-en-pico\/"]}]},{"@type":"ImageObject","inLanguage":"es","@id":"https:\/\/diariotextual.com\/inicio\/index.php\/2023\/05\/03\/dos-testigos-en-la-segunda-jornada-del-juicio-contra-el-cura-padilla-en-pico\/#primaryimage","url":"https:\/\/diariotextual.com\/inicio\/wp-content\/uploads\/2023\/05\/padillacurajuicioabuso344.jpeg","contentUrl":"https:\/\/diariotextual.com\/inicio\/wp-content\/uploads\/2023\/05\/padillacurajuicioabuso344.jpeg","width":844,"height":492},{"@type":"BreadcrumbList","@id":"https:\/\/diariotextual.com\/inicio\/index.php\/2023\/05\/03\/dos-testigos-en-la-segunda-jornada-del-juicio-contra-el-cura-padilla-en-pico\/#breadcrumb","itemListElement":[{"@type":"ListItem","position":1,"name":"Portada","item":"https:\/\/diariotextual.com\/inicio\/"},{"@type":"ListItem","position":2,"name":"Dos testigos, en la segunda jornada del juicio contra el cura Padilla en Pico"}]},{"@type":"WebSite","@id":"https:\/\/diariotextual.com\/inicio\/#website","url":"https:\/\/diariotextual.com\/inicio\/","name":"Diario Textual","description":"","publisher":{"@id":"https:\/\/diariotextual.com\/inicio\/#organization"},"potentialAction":[{"@type":"SearchAction","target":{"@type":"EntryPoint","urlTemplate":"https:\/\/diariotextual.com\/inicio\/?s={search_term_string}"},"query-input":{"@type":"PropertyValueSpecification","valueRequired":true,"valueName":"search_term_string"}}],"inLanguage":"es"},{"@type":"Organization","@id":"https:\/\/diariotextual.com\/inicio\/#organization","name":"Diario Textual","url":"https:\/\/diariotextual.com\/inicio\/","logo":{"@type":"ImageObject","inLanguage":"es","@id":"https:\/\/diariotextual.com\/inicio\/#\/schema\/logo\/image\/","url":"https:\/\/diariotextual.com\/inicio\/wp-content\/uploads\/2023\/05\/logotextual1.jpg","contentUrl":"https:\/\/diariotextual.com\/inicio\/wp-content\/uploads\/2023\/05\/logotextual1.jpg","width":516,"height":76,"caption":"Diario Textual"},"image":{"@id":"https:\/\/diariotextual.com\/inicio\/#\/schema\/logo\/image\/"},"sameAs":["https:\/\/www.facebook.com\/eltextual","https:\/\/x.com\/eltextual","http:\/\/www.instagram.com\/eltextual"]},{"@type":"Person","@id":"https:\/\/diariotextual.com\/inicio\/#\/schema\/person\/694f60677f23c4a530867a98f22b3768","name":"diario2","image":{"@type":"ImageObject","inLanguage":"es","@id":"https:\/\/secure.gravatar.com\/avatar\/5a2567495ba16b852fcd8f1ed006a2e24fcace936018ed8237e95f488ad6e0a7?s=96&d=mm&r=g","url":"https:\/\/secure.gravatar.com\/avatar\/5a2567495ba16b852fcd8f1ed006a2e24fcace936018ed8237e95f488ad6e0a7?s=96&d=mm&r=g","contentUrl":"https:\/\/secure.gravatar.com\/avatar\/5a2567495ba16b852fcd8f1ed006a2e24fcace936018ed8237e95f488ad6e0a7?s=96&d=mm&r=g","caption":"diario2"},"url":"https:\/\/diariotextual.com\/inicio\/index.php\/author\/diario2\/"}]}},"_links":{"self":[{"href":"https:\/\/diariotextual.com\/inicio\/index.php\/wp-json\/wp\/v2\/posts\/224062","targetHints":{"allow":["GET"]}}],"collection":[{"href":"https:\/\/diariotextual.com\/inicio\/index.php\/wp-json\/wp\/v2\/posts"}],"about":[{"href":"https:\/\/diariotextual.com\/inicio\/index.php\/wp-json\/wp\/v2\/types\/post"}],"author":[{"embeddable":true,"href":"https:\/\/diariotextual.com\/inicio\/index.php\/wp-json\/wp\/v2\/users\/4"}],"replies":[{"embeddable":true,"href":"https:\/\/diariotextual.com\/inicio\/index.php\/wp-json\/wp\/v2\/comments?post=224062"}],"version-history":[{"count":1,"href":"https:\/\/diariotextual.com\/inicio\/index.php\/wp-json\/wp\/v2\/posts\/224062\/revisions"}],"predecessor-version":[{"id":224064,"href":"https:\/\/diariotextual.com\/inicio\/index.php\/wp-json\/wp\/v2\/posts\/224062\/revisions\/224064"}],"wp:featuredmedia":[{"embeddable":true,"href":"https:\/\/diariotextual.com\/inicio\/index.php\/wp-json\/wp\/v2\/media\/224063"}],"wp:attachment":[{"href":"https:\/\/diariotextual.com\/inicio\/index.php\/wp-json\/wp\/v2\/media?parent=224062"}],"wp:term":[{"taxonomy":"category","embeddable":true,"href":"https:\/\/diariotextual.com\/inicio\/index.php\/wp-json\/wp\/v2\/categories?post=224062"},{"taxonomy":"post_tag","embeddable":true,"href":"https:\/\/diariotextual.com\/inicio\/index.php\/wp-json\/wp\/v2\/tags?post=224062"}],"curies":[{"name":"wp","href":"https:\/\/api.w.org\/{rel}","templated":true}]}}