{"id":224065,"date":"2023-05-03T14:48:00","date_gmt":"2023-05-03T17:48:00","guid":{"rendered":"https:\/\/diariotextual.com\/inicio\/?p=224065"},"modified":"2023-05-03T14:48:01","modified_gmt":"2023-05-03T17:48:01","slug":"esta-abierta-la-segunda-convocatoria-para-agrupaciones-tradicionalistas-y-gauchas","status":"publish","type":"post","link":"https:\/\/diariotextual.com\/inicio\/index.php\/2023\/05\/03\/esta-abierta-la-segunda-convocatoria-para-agrupaciones-tradicionalistas-y-gauchas\/","title":{"rendered":"Est\u00e1 abierta la segunda convocatoria para agrupaciones tradicionalistas y gauchas"},"content":{"rendered":"\n<p>El programa del Ministerio de Cultura de la Naci\u00f3n, que destina <strong>fondos federales para organizaciones tradicionalistas, criollistas y rurales, lanz\u00f3 su segunda convocatoria<\/strong>. La inscripci\u00f3n permanecer\u00e1 abierta hasta el 31 de mayo.<\/p>\n\n\n\n<p>Agrupaciones tradicionalistas y gauchas de todo el pa\u00eds podr\u00e1n inscribirse hasta el 31 mayo en la Segunda Convocatoria Federal de Culturas Gauchas, el programa de la Secretar\u00eda de Gesti\u00f3n Cultural que busca reconocer el trabajo cultural de los centros tradicionalistas y de las organizaciones que visibilizan las tradiciones y costumbres gauchescas.<\/p>\n\n\n\n<p>Adem\u00e1s, podr\u00e1n participar los municipios y comunas de menos de diez mil habitantes, presentando proyectos o actividades de base cultural, que contribuyan a potenciar, difundir o incentivar el trabajo que realizan estas agrupaciones u organismos.<\/p>\n\n\n\n<p>La inscripci\u00f3n se realiza a trav\u00e9s de la plataforma del Registro Federal de Cultura. Luego de haber completado los registros de personas f\u00edsicas y\/o de espacios u organizaciones, tendr\u00e1n que completar el formulario espec\u00edfico de la convocatoria.<\/p>\n\n\n\n<p>Para los municipios y organizaciones, la inscripci\u00f3n a las CAPACITACIONES VIRTUALES \/ SEGUNDA CONVOCATORIA FEDERAL CULTURAS GAUCHAS <a href=\"https:\/\/docs.google.com\/forms\/d\/e\/1FAIpQLSewmCzNaAxT4JePIwrLclIku5nZnGSJou7UzxCgZDl_GNlgnw\/viewform\" target=\"_blank\" rel=\"noreferrer noopener\"><strong>se deber\u00e1 completar el siguiente formulario.<\/strong><\/a><\/p>\n\n\n\n<p>Se podr\u00e1n postular proyectos ligados a la organizaci\u00f3n de fiestas, celebraciones, homenajes o eventos similares; propuestas vinculadas a la comunicaci\u00f3n y difusi\u00f3n; proyectos de capacitaci\u00f3n, de investigaci\u00f3n o innovaci\u00f3n, de recuperaci\u00f3n o preservaci\u00f3n del patrimonio cultural de la comunidad, o cualquier otro que potencie el ejercicio y la difusi\u00f3n del tradicionalismo y las costumbres gauchescas. Las personas jur\u00eddicas sin fines de lucro tambi\u00e9n podr\u00e1n presentar propuestas para el mantenimiento y\/o acondicionamiento de sus sedes f\u00edsicas y\/o para la adquisici\u00f3n de insumos necesarios para el trabajo de base cultural de la organizaci\u00f3n.<\/p>\n\n\n\n<p>\u201cLas comunidades rurales son claves en el desarrollo de la Patria, tanto en la conformaci\u00f3n hist\u00f3rica de nuestras identidades, como en la cultura que est\u00e1 viva en el cotidiano de gran parte del territorio argentino. La cultura gauchesca va mucho m\u00e1s all\u00e1 del espect\u00e1culo que se hace de la misma, es un conjunto de tradiciones y de pr\u00e1cticas que expresan en el presente un modo de ser y estar en los distintos lugares de nuestro pa\u00eds. Muchas maneras de vivir y crear en el territorio, de producir vida y cultura a partir de lo que se vive en relaci\u00f3n con la naturaleza, sus sonidos, sus silencios, sus colores y sus ritmos\u201d, afirm\u00f3&nbsp;Federico Prieto, secretario de Gesti\u00f3n Cultural del Ministerio de Cultura de la Naci\u00f3n.<\/p>\n\n\n\n<p>Los proyectos ser\u00e1n evaluados por un jurado conformado por cinco miembros, que considerar\u00e1 en cada presentaci\u00f3n la trayectoria y el reconocimiento institucional de la organizaci\u00f3n; el valor del proyecto como herramienta de promoci\u00f3n y visibilizaci\u00f3n de las identidades culturales tradicionalistas y gauchescas; el valor del proyecto como medio para fortalecer las identidades locales y regionales; el an\u00e1lisis de la labor y actividades culturales que la organizaci\u00f3n realiz\u00f3 en a\u00f1os anteriores; el impacto sociocultural, la consistencia y la factibilidad del proyecto; la demanda cultural del territorio y la inserci\u00f3n del proyecto.<\/p>\n\n\n\n<p>Se valorar\u00e1n proyectos con inserci\u00f3n en peque\u00f1as localidades y en poblaciones de alta vulnerabilidad social; y el aporte del mismo para la promoci\u00f3n de pr\u00e1cticas que vayan en contra del maltrato de los animales.<\/p>\n\n\n\n<p>Las propuestas seleccionadas recibir\u00e1n entre $700.000 y $1.000.000 de acuerdo a los montos pedidos y al tipo de organizaci\u00f3n que lo presente.<\/p>\n\n\n\n<p>Para m\u00e1s informaci\u00f3n:<br><a href=\"https:\/\/www.cultura.gob.ar\/media\/uploads\/cg-reglamento2daconvocatoria.pdf\">Bases y condiciones<\/a>\u00a0para postular los proyectos<br><a href=\"https:\/\/www.cultura.gob.ar\/media\/uploads\/cg_preguntas_frecuentes.pdf\" target=\"_blank\" rel=\"noreferrer noopener\">Preguntas frecuentes<\/a><br><a href=\"https:\/\/www.cultura.gob.ar\/media\/uploads\/culturas_gauchas_-_instructivo_municipios.pdf\" target=\"_blank\" rel=\"noreferrer noopener\">Instructivo para Municipios<\/a><br><a href=\"https:\/\/www.cultura.gob.ar\/media\/uploads\/culturas_gauchas_-_instructivo_organizaciones.pdf\" target=\"_blank\" rel=\"noreferrer noopener\">Instructivo para Organizaciones<\/a><\/p>\n\n\n\n<p>Consultas:&nbsp;<a href=\"mailto:culturasgauchas@cultura.gob.ar\">culturasgauchas@cultura.gob.ar<\/a><br>Por consultas sobre el Registro Federal de Cultura, escribir a&nbsp;<a href=\"mailto:consultas.rfc@cultura.gob.ar\">consultas.rfc@cultura.gob.ar<\/a><\/p>\n","protected":false},"excerpt":{"rendered":"<p>El programa del Ministerio de Cultura de la Naci\u00f3n, que destina fondos federales para organizaciones tradicionalistas, criollistas y rurales, lanz\u00f3 su segunda convocatoria. La inscripci\u00f3n permanecer\u00e1 abierta hasta el 31&hellip;<\/p>\n","protected":false},"author":4,"featured_media":70163,"comment_status":"closed","ping_status":"open","sticky":false,"template":"","format":"standard","meta":{"_acf_changed":false,"footnotes":""},"categories":[1,2],"tags":[],"class_list":["post-224065","post","type-post","status-publish","format-standard","has-post-thumbnail","hentry","category-es-noticia","category-cultura"],"acf":[],"yoast_head":"<!-- This site is optimized with the Yoast SEO plugin v27.5 - https:\/\/yoast.com\/product\/yoast-seo-wordpress\/ -->\n<title>Est\u00e1 abierta la segunda convocatoria para agrupaciones tradicionalistas y gauchas - Diario Textual<\/title>\n<meta name=\"robots\" content=\"index, follow, max-snippet:-1, max-image-preview:large, max-video-preview:-1\" \/>\n<link rel=\"canonical\" href=\"https:\/\/diariotextual.com\/inicio\/index.php\/2023\/05\/03\/esta-abierta-la-segunda-convocatoria-para-agrupaciones-tradicionalistas-y-gauchas\/\" \/>\n<meta property=\"og:locale\" content=\"es_ES\" \/>\n<meta property=\"og:type\" content=\"article\" \/>\n<meta property=\"og:title\" content=\"Est\u00e1 abierta la segunda convocatoria para agrupaciones tradicionalistas y gauchas - Diario Textual\" \/>\n<meta property=\"og:description\" content=\"El programa del Ministerio de Cultura de la Naci\u00f3n, que destina fondos federales para organizaciones tradicionalistas, criollistas y rurales, lanz\u00f3 su segunda convocatoria. La inscripci\u00f3n permanecer\u00e1 abierta hasta el 31&hellip;\" \/>\n<meta property=\"og:url\" content=\"https:\/\/diariotextual.com\/inicio\/index.php\/2023\/05\/03\/esta-abierta-la-segunda-convocatoria-para-agrupaciones-tradicionalistas-y-gauchas\/\" \/>\n<meta property=\"og:site_name\" content=\"Diario Textual\" \/>\n<meta property=\"article:publisher\" content=\"https:\/\/www.facebook.com\/eltextual\" \/>\n<meta property=\"article:published_time\" content=\"2023-05-03T17:48:00+00:00\" \/>\n<meta property=\"article:modified_time\" content=\"2023-05-03T17:48:01+00:00\" \/>\n<meta property=\"og:image\" content=\"https:\/\/diariotextual.com\/inicio\/wp-content\/uploads\/2019\/11\/gauchocampo23.jpg\" \/>\n\t<meta property=\"og:image:width\" content=\"855\" \/>\n\t<meta property=\"og:image:height\" content=\"586\" \/>\n\t<meta property=\"og:image:type\" content=\"image\/jpeg\" \/>\n<meta name=\"author\" content=\"diario2\" \/>\n<meta name=\"twitter:card\" content=\"summary_large_image\" \/>\n<meta name=\"twitter:creator\" content=\"@eltextual\" \/>\n<meta name=\"twitter:site\" content=\"@eltextual\" \/>\n<meta name=\"twitter:label1\" content=\"Escrito por\" \/>\n\t<meta name=\"twitter:data1\" content=\"diario2\" \/>\n\t<meta name=\"twitter:label2\" content=\"Tiempo de lectura\" \/>\n\t<meta name=\"twitter:data2\" content=\"3 minutos\" \/>\n<script type=\"application\/ld+json\" class=\"yoast-schema-graph\">{\"@context\":\"https:\\\/\\\/schema.org\",\"@graph\":[{\"@type\":\"Article\",\"@id\":\"https:\\\/\\\/diariotextual.com\\\/inicio\\\/index.php\\\/2023\\\/05\\\/03\\\/esta-abierta-la-segunda-convocatoria-para-agrupaciones-tradicionalistas-y-gauchas\\\/#article\",\"isPartOf\":{\"@id\":\"https:\\\/\\\/diariotextual.com\\\/inicio\\\/index.php\\\/2023\\\/05\\\/03\\\/esta-abierta-la-segunda-convocatoria-para-agrupaciones-tradicionalistas-y-gauchas\\\/\"},\"author\":{\"name\":\"diario2\",\"@id\":\"https:\\\/\\\/diariotextual.com\\\/inicio\\\/#\\\/schema\\\/person\\\/694f60677f23c4a530867a98f22b3768\"},\"headline\":\"Est\u00e1 abierta la segunda convocatoria para agrupaciones tradicionalistas y gauchas\",\"datePublished\":\"2023-05-03T17:48:00+00:00\",\"dateModified\":\"2023-05-03T17:48:01+00:00\",\"mainEntityOfPage\":{\"@id\":\"https:\\\/\\\/diariotextual.com\\\/inicio\\\/index.php\\\/2023\\\/05\\\/03\\\/esta-abierta-la-segunda-convocatoria-para-agrupaciones-tradicionalistas-y-gauchas\\\/\"},\"wordCount\":646,\"publisher\":{\"@id\":\"https:\\\/\\\/diariotextual.com\\\/inicio\\\/#organization\"},\"image\":{\"@id\":\"https:\\\/\\\/diariotextual.com\\\/inicio\\\/index.php\\\/2023\\\/05\\\/03\\\/esta-abierta-la-segunda-convocatoria-para-agrupaciones-tradicionalistas-y-gauchas\\\/#primaryimage\"},\"thumbnailUrl\":\"https:\\\/\\\/diariotextual.com\\\/inicio\\\/wp-content\\\/uploads\\\/2019\\\/11\\\/gauchocampo23.jpg\",\"articleSection\":[\"A - ES NOTICIA (van abajo)\",\"CULTURA\"],\"inLanguage\":\"es\"},{\"@type\":\"WebPage\",\"@id\":\"https:\\\/\\\/diariotextual.com\\\/inicio\\\/index.php\\\/2023\\\/05\\\/03\\\/esta-abierta-la-segunda-convocatoria-para-agrupaciones-tradicionalistas-y-gauchas\\\/\",\"url\":\"https:\\\/\\\/diariotextual.com\\\/inicio\\\/index.php\\\/2023\\\/05\\\/03\\\/esta-abierta-la-segunda-convocatoria-para-agrupaciones-tradicionalistas-y-gauchas\\\/\",\"name\":\"Est\u00e1 abierta la segunda convocatoria para agrupaciones tradicionalistas y gauchas - Diario Textual\",\"isPartOf\":{\"@id\":\"https:\\\/\\\/diariotextual.com\\\/inicio\\\/#website\"},\"primaryImageOfPage\":{\"@id\":\"https:\\\/\\\/diariotextual.com\\\/inicio\\\/index.php\\\/2023\\\/05\\\/03\\\/esta-abierta-la-segunda-convocatoria-para-agrupaciones-tradicionalistas-y-gauchas\\\/#primaryimage\"},\"image\":{\"@id\":\"https:\\\/\\\/diariotextual.com\\\/inicio\\\/index.php\\\/2023\\\/05\\\/03\\\/esta-abierta-la-segunda-convocatoria-para-agrupaciones-tradicionalistas-y-gauchas\\\/#primaryimage\"},\"thumbnailUrl\":\"https:\\\/\\\/diariotextual.com\\\/inicio\\\/wp-content\\\/uploads\\\/2019\\\/11\\\/gauchocampo23.jpg\",\"datePublished\":\"2023-05-03T17:48:00+00:00\",\"dateModified\":\"2023-05-03T17:48:01+00:00\",\"breadcrumb\":{\"@id\":\"https:\\\/\\\/diariotextual.com\\\/inicio\\\/index.php\\\/2023\\\/05\\\/03\\\/esta-abierta-la-segunda-convocatoria-para-agrupaciones-tradicionalistas-y-gauchas\\\/#breadcrumb\"},\"inLanguage\":\"es\",\"potentialAction\":[{\"@type\":\"ReadAction\",\"target\":[\"https:\\\/\\\/diariotextual.com\\\/inicio\\\/index.php\\\/2023\\\/05\\\/03\\\/esta-abierta-la-segunda-convocatoria-para-agrupaciones-tradicionalistas-y-gauchas\\\/\"]}]},{\"@type\":\"ImageObject\",\"inLanguage\":\"es\",\"@id\":\"https:\\\/\\\/diariotextual.com\\\/inicio\\\/index.php\\\/2023\\\/05\\\/03\\\/esta-abierta-la-segunda-convocatoria-para-agrupaciones-tradicionalistas-y-gauchas\\\/#primaryimage\",\"url\":\"https:\\\/\\\/diariotextual.com\\\/inicio\\\/wp-content\\\/uploads\\\/2019\\\/11\\\/gauchocampo23.jpg\",\"contentUrl\":\"https:\\\/\\\/diariotextual.com\\\/inicio\\\/wp-content\\\/uploads\\\/2019\\\/11\\\/gauchocampo23.jpg\",\"width\":855,\"height\":586},{\"@type\":\"BreadcrumbList\",\"@id\":\"https:\\\/\\\/diariotextual.com\\\/inicio\\\/index.php\\\/2023\\\/05\\\/03\\\/esta-abierta-la-segunda-convocatoria-para-agrupaciones-tradicionalistas-y-gauchas\\\/#breadcrumb\",\"itemListElement\":[{\"@type\":\"ListItem\",\"position\":1,\"name\":\"Portada\",\"item\":\"https:\\\/\\\/diariotextual.com\\\/inicio\\\/\"},{\"@type\":\"ListItem\",\"position\":2,\"name\":\"Est\u00e1 abierta la segunda convocatoria para agrupaciones tradicionalistas y gauchas\"}]},{\"@type\":\"WebSite\",\"@id\":\"https:\\\/\\\/diariotextual.com\\\/inicio\\\/#website\",\"url\":\"https:\\\/\\\/diariotextual.com\\\/inicio\\\/\",\"name\":\"Diario Textual\",\"description\":\"\",\"publisher\":{\"@id\":\"https:\\\/\\\/diariotextual.com\\\/inicio\\\/#organization\"},\"potentialAction\":[{\"@type\":\"SearchAction\",\"target\":{\"@type\":\"EntryPoint\",\"urlTemplate\":\"https:\\\/\\\/diariotextual.com\\\/inicio\\\/?s={search_term_string}\"},\"query-input\":{\"@type\":\"PropertyValueSpecification\",\"valueRequired\":true,\"valueName\":\"search_term_string\"}}],\"inLanguage\":\"es\"},{\"@type\":\"Organization\",\"@id\":\"https:\\\/\\\/diariotextual.com\\\/inicio\\\/#organization\",\"name\":\"Diario Textual\",\"url\":\"https:\\\/\\\/diariotextual.com\\\/inicio\\\/\",\"logo\":{\"@type\":\"ImageObject\",\"inLanguage\":\"es\",\"@id\":\"https:\\\/\\\/diariotextual.com\\\/inicio\\\/#\\\/schema\\\/logo\\\/image\\\/\",\"url\":\"https:\\\/\\\/diariotextual.com\\\/inicio\\\/wp-content\\\/uploads\\\/2023\\\/05\\\/logotextual1.jpg\",\"contentUrl\":\"https:\\\/\\\/diariotextual.com\\\/inicio\\\/wp-content\\\/uploads\\\/2023\\\/05\\\/logotextual1.jpg\",\"width\":516,\"height\":76,\"caption\":\"Diario Textual\"},\"image\":{\"@id\":\"https:\\\/\\\/diariotextual.com\\\/inicio\\\/#\\\/schema\\\/logo\\\/image\\\/\"},\"sameAs\":[\"https:\\\/\\\/www.facebook.com\\\/eltextual\",\"https:\\\/\\\/x.com\\\/eltextual\",\"http:\\\/\\\/www.instagram.com\\\/eltextual\"]},{\"@type\":\"Person\",\"@id\":\"https:\\\/\\\/diariotextual.com\\\/inicio\\\/#\\\/schema\\\/person\\\/694f60677f23c4a530867a98f22b3768\",\"name\":\"diario2\",\"image\":{\"@type\":\"ImageObject\",\"inLanguage\":\"es\",\"@id\":\"https:\\\/\\\/secure.gravatar.com\\\/avatar\\\/5a2567495ba16b852fcd8f1ed006a2e24fcace936018ed8237e95f488ad6e0a7?s=96&d=mm&r=g\",\"url\":\"https:\\\/\\\/secure.gravatar.com\\\/avatar\\\/5a2567495ba16b852fcd8f1ed006a2e24fcace936018ed8237e95f488ad6e0a7?s=96&d=mm&r=g\",\"contentUrl\":\"https:\\\/\\\/secure.gravatar.com\\\/avatar\\\/5a2567495ba16b852fcd8f1ed006a2e24fcace936018ed8237e95f488ad6e0a7?s=96&d=mm&r=g\",\"caption\":\"diario2\"},\"url\":\"https:\\\/\\\/diariotextual.com\\\/inicio\\\/index.php\\\/author\\\/diario2\\\/\"}]}<\/script>\n<!-- \/ Yoast SEO plugin. -->","yoast_head_json":{"title":"Est\u00e1 abierta la segunda convocatoria para agrupaciones tradicionalistas y gauchas - Diario Textual","robots":{"index":"index","follow":"follow","max-snippet":"max-snippet:-1","max-image-preview":"max-image-preview:large","max-video-preview":"max-video-preview:-1"},"canonical":"https:\/\/diariotextual.com\/inicio\/index.php\/2023\/05\/03\/esta-abierta-la-segunda-convocatoria-para-agrupaciones-tradicionalistas-y-gauchas\/","og_locale":"es_ES","og_type":"article","og_title":"Est\u00e1 abierta la segunda convocatoria para agrupaciones tradicionalistas y gauchas - Diario Textual","og_description":"El programa del Ministerio de Cultura de la Naci\u00f3n, que destina fondos federales para organizaciones tradicionalistas, criollistas y rurales, lanz\u00f3 su segunda convocatoria. La inscripci\u00f3n permanecer\u00e1 abierta hasta el 31&hellip;","og_url":"https:\/\/diariotextual.com\/inicio\/index.php\/2023\/05\/03\/esta-abierta-la-segunda-convocatoria-para-agrupaciones-tradicionalistas-y-gauchas\/","og_site_name":"Diario Textual","article_publisher":"https:\/\/www.facebook.com\/eltextual","article_published_time":"2023-05-03T17:48:00+00:00","article_modified_time":"2023-05-03T17:48:01+00:00","og_image":[{"width":855,"height":586,"url":"https:\/\/diariotextual.com\/inicio\/wp-content\/uploads\/2019\/11\/gauchocampo23.jpg","type":"image\/jpeg"}],"author":"diario2","twitter_card":"summary_large_image","twitter_creator":"@eltextual","twitter_site":"@eltextual","twitter_misc":{"Escrito por":"diario2","Tiempo de lectura":"3 minutos"},"schema":{"@context":"https:\/\/schema.org","@graph":[{"@type":"Article","@id":"https:\/\/diariotextual.com\/inicio\/index.php\/2023\/05\/03\/esta-abierta-la-segunda-convocatoria-para-agrupaciones-tradicionalistas-y-gauchas\/#article","isPartOf":{"@id":"https:\/\/diariotextual.com\/inicio\/index.php\/2023\/05\/03\/esta-abierta-la-segunda-convocatoria-para-agrupaciones-tradicionalistas-y-gauchas\/"},"author":{"name":"diario2","@id":"https:\/\/diariotextual.com\/inicio\/#\/schema\/person\/694f60677f23c4a530867a98f22b3768"},"headline":"Est\u00e1 abierta la segunda convocatoria para agrupaciones tradicionalistas y gauchas","datePublished":"2023-05-03T17:48:00+00:00","dateModified":"2023-05-03T17:48:01+00:00","mainEntityOfPage":{"@id":"https:\/\/diariotextual.com\/inicio\/index.php\/2023\/05\/03\/esta-abierta-la-segunda-convocatoria-para-agrupaciones-tradicionalistas-y-gauchas\/"},"wordCount":646,"publisher":{"@id":"https:\/\/diariotextual.com\/inicio\/#organization"},"image":{"@id":"https:\/\/diariotextual.com\/inicio\/index.php\/2023\/05\/03\/esta-abierta-la-segunda-convocatoria-para-agrupaciones-tradicionalistas-y-gauchas\/#primaryimage"},"thumbnailUrl":"https:\/\/diariotextual.com\/inicio\/wp-content\/uploads\/2019\/11\/gauchocampo23.jpg","articleSection":["A - ES NOTICIA (van abajo)","CULTURA"],"inLanguage":"es"},{"@type":"WebPage","@id":"https:\/\/diariotextual.com\/inicio\/index.php\/2023\/05\/03\/esta-abierta-la-segunda-convocatoria-para-agrupaciones-tradicionalistas-y-gauchas\/","url":"https:\/\/diariotextual.com\/inicio\/index.php\/2023\/05\/03\/esta-abierta-la-segunda-convocatoria-para-agrupaciones-tradicionalistas-y-gauchas\/","name":"Est\u00e1 abierta la segunda convocatoria para agrupaciones tradicionalistas y gauchas - Diario Textual","isPartOf":{"@id":"https:\/\/diariotextual.com\/inicio\/#website"},"primaryImageOfPage":{"@id":"https:\/\/diariotextual.com\/inicio\/index.php\/2023\/05\/03\/esta-abierta-la-segunda-convocatoria-para-agrupaciones-tradicionalistas-y-gauchas\/#primaryimage"},"image":{"@id":"https:\/\/diariotextual.com\/inicio\/index.php\/2023\/05\/03\/esta-abierta-la-segunda-convocatoria-para-agrupaciones-tradicionalistas-y-gauchas\/#primaryimage"},"thumbnailUrl":"https:\/\/diariotextual.com\/inicio\/wp-content\/uploads\/2019\/11\/gauchocampo23.jpg","datePublished":"2023-05-03T17:48:00+00:00","dateModified":"2023-05-03T17:48:01+00:00","breadcrumb":{"@id":"https:\/\/diariotextual.com\/inicio\/index.php\/2023\/05\/03\/esta-abierta-la-segunda-convocatoria-para-agrupaciones-tradicionalistas-y-gauchas\/#breadcrumb"},"inLanguage":"es","potentialAction":[{"@type":"ReadAction","target":["https:\/\/diariotextual.com\/inicio\/index.php\/2023\/05\/03\/esta-abierta-la-segunda-convocatoria-para-agrupaciones-tradicionalistas-y-gauchas\/"]}]},{"@type":"ImageObject","inLanguage":"es","@id":"https:\/\/diariotextual.com\/inicio\/index.php\/2023\/05\/03\/esta-abierta-la-segunda-convocatoria-para-agrupaciones-tradicionalistas-y-gauchas\/#primaryimage","url":"https:\/\/diariotextual.com\/inicio\/wp-content\/uploads\/2019\/11\/gauchocampo23.jpg","contentUrl":"https:\/\/diariotextual.com\/inicio\/wp-content\/uploads\/2019\/11\/gauchocampo23.jpg","width":855,"height":586},{"@type":"BreadcrumbList","@id":"https:\/\/diariotextual.com\/inicio\/index.php\/2023\/05\/03\/esta-abierta-la-segunda-convocatoria-para-agrupaciones-tradicionalistas-y-gauchas\/#breadcrumb","itemListElement":[{"@type":"ListItem","position":1,"name":"Portada","item":"https:\/\/diariotextual.com\/inicio\/"},{"@type":"ListItem","position":2,"name":"Est\u00e1 abierta la segunda convocatoria para agrupaciones tradicionalistas y gauchas"}]},{"@type":"WebSite","@id":"https:\/\/diariotextual.com\/inicio\/#website","url":"https:\/\/diariotextual.com\/inicio\/","name":"Diario Textual","description":"","publisher":{"@id":"https:\/\/diariotextual.com\/inicio\/#organization"},"potentialAction":[{"@type":"SearchAction","target":{"@type":"EntryPoint","urlTemplate":"https:\/\/diariotextual.com\/inicio\/?s={search_term_string}"},"query-input":{"@type":"PropertyValueSpecification","valueRequired":true,"valueName":"search_term_string"}}],"inLanguage":"es"},{"@type":"Organization","@id":"https:\/\/diariotextual.com\/inicio\/#organization","name":"Diario Textual","url":"https:\/\/diariotextual.com\/inicio\/","logo":{"@type":"ImageObject","inLanguage":"es","@id":"https:\/\/diariotextual.com\/inicio\/#\/schema\/logo\/image\/","url":"https:\/\/diariotextual.com\/inicio\/wp-content\/uploads\/2023\/05\/logotextual1.jpg","contentUrl":"https:\/\/diariotextual.com\/inicio\/wp-content\/uploads\/2023\/05\/logotextual1.jpg","width":516,"height":76,"caption":"Diario Textual"},"image":{"@id":"https:\/\/diariotextual.com\/inicio\/#\/schema\/logo\/image\/"},"sameAs":["https:\/\/www.facebook.com\/eltextual","https:\/\/x.com\/eltextual","http:\/\/www.instagram.com\/eltextual"]},{"@type":"Person","@id":"https:\/\/diariotextual.com\/inicio\/#\/schema\/person\/694f60677f23c4a530867a98f22b3768","name":"diario2","image":{"@type":"ImageObject","inLanguage":"es","@id":"https:\/\/secure.gravatar.com\/avatar\/5a2567495ba16b852fcd8f1ed006a2e24fcace936018ed8237e95f488ad6e0a7?s=96&d=mm&r=g","url":"https:\/\/secure.gravatar.com\/avatar\/5a2567495ba16b852fcd8f1ed006a2e24fcace936018ed8237e95f488ad6e0a7?s=96&d=mm&r=g","contentUrl":"https:\/\/secure.gravatar.com\/avatar\/5a2567495ba16b852fcd8f1ed006a2e24fcace936018ed8237e95f488ad6e0a7?s=96&d=mm&r=g","caption":"diario2"},"url":"https:\/\/diariotextual.com\/inicio\/index.php\/author\/diario2\/"}]}},"_links":{"self":[{"href":"https:\/\/diariotextual.com\/inicio\/index.php\/wp-json\/wp\/v2\/posts\/224065","targetHints":{"allow":["GET"]}}],"collection":[{"href":"https:\/\/diariotextual.com\/inicio\/index.php\/wp-json\/wp\/v2\/posts"}],"about":[{"href":"https:\/\/diariotextual.com\/inicio\/index.php\/wp-json\/wp\/v2\/types\/post"}],"author":[{"embeddable":true,"href":"https:\/\/diariotextual.com\/inicio\/index.php\/wp-json\/wp\/v2\/users\/4"}],"replies":[{"embeddable":true,"href":"https:\/\/diariotextual.com\/inicio\/index.php\/wp-json\/wp\/v2\/comments?post=224065"}],"version-history":[{"count":2,"href":"https:\/\/diariotextual.com\/inicio\/index.php\/wp-json\/wp\/v2\/posts\/224065\/revisions"}],"predecessor-version":[{"id":224067,"href":"https:\/\/diariotextual.com\/inicio\/index.php\/wp-json\/wp\/v2\/posts\/224065\/revisions\/224067"}],"wp:featuredmedia":[{"embeddable":true,"href":"https:\/\/diariotextual.com\/inicio\/index.php\/wp-json\/wp\/v2\/media\/70163"}],"wp:attachment":[{"href":"https:\/\/diariotextual.com\/inicio\/index.php\/wp-json\/wp\/v2\/media?parent=224065"}],"wp:term":[{"taxonomy":"category","embeddable":true,"href":"https:\/\/diariotextual.com\/inicio\/index.php\/wp-json\/wp\/v2\/categories?post=224065"},{"taxonomy":"post_tag","embeddable":true,"href":"https:\/\/diariotextual.com\/inicio\/index.php\/wp-json\/wp\/v2\/tags?post=224065"}],"curies":[{"name":"wp","href":"https:\/\/api.w.org\/{rel}","templated":true}]}}