{"id":224068,"date":"2023-05-03T15:37:11","date_gmt":"2023-05-03T18:37:11","guid":{"rendered":"https:\/\/diariotextual.com\/inicio\/?p=224068"},"modified":"2023-05-03T15:37:13","modified_gmt":"2023-05-03T18:37:13","slug":"pico-capacitaran-a-profesionales-de-la-industria-audiovisual","status":"publish","type":"post","link":"https:\/\/diariotextual.com\/inicio\/index.php\/2023\/05\/03\/pico-capacitaran-a-profesionales-de-la-industria-audiovisual\/","title":{"rendered":"Pico: capacitar\u00e1n a profesionales de la industria audiovisual"},"content":{"rendered":"\n<p>Este fin de semana se pondr\u00e1 en marcha en General Pico un ciclo de capacitaciones&nbsp;para profesionales de la industria audiovisual con el fin de generar herramientas que impulsen el crecimiento de dicho&nbsp;sector en la Provincia. &nbsp;<\/p>\n\n\n\n<p>La actividad se organiza a trav\u00e9s de La Pampa Film Commission, oficina audiovisual de la Secretar\u00eda de Cultura de La Pampa que se est\u00e1 conformando en General Pico con la colaboraci\u00f3n del Municipio y en estrecha relaci\u00f3n con el Instituto de Cine y Artes Audiovisuales a trav\u00e9s de la red de Film Commission.<\/p>\n\n\n\n<div style=\"height:100px\" aria-hidden=\"true\" class=\"wp-block-spacer\"><\/div>\n\n\n\n<p><strong>Taller intensivo<\/strong><br>El ciclo inicia con\u00a0Gonzalo Marull,\u00a0dramaturgo, licenciado en teatro -egresado de la Facultad de Artes de la Universidad Nacional de C\u00f3rdoba-, quien brindar\u00e1 un\u00a0taller intensivo para directores, guionistas, productores, realizadores, dramaturgos o escritores de la Provincia, con experiencia en la creaci\u00f3n de dramaturgias y\u00a0dramaturgias en im\u00e1genes.<\/p>\n\n\n\n<div style=\"height:100px\" aria-hidden=\"true\" class=\"wp-block-spacer\"><\/div>\n\n\n\n<p><strong>D\u00edas y horarios<\/strong><br>Bajo la modalidad taller, Marull desarrollar\u00e1 la actividad los d\u00edas s\u00e1bado 6 y domingo 7 de mayo de 10 a 14,\u00a0en el Multiespacio MEDANO de General Pico.<\/p>\n\n\n\n<p>La inscripci\u00f3n puede hacerse mediante el link\u00a0<a href=\"https:\/\/forms.gle\/k6cco1P8viRPdjmj9\">https:\/\/forms.gle\/k6cco1P8viRPdjmj9<\/a> y por \u00a0consultas pueden escribir al mail\u00a0<a href=\"mailto:lapampafilmcommission@gmail.com\">lapampafilmcommission@gmail.com<\/a><\/p>\n\n\n\n<p>El encuentro es coordinado por Francisco&nbsp;Mart\u00edn y Claudia Ferrero.&nbsp;<\/p>\n","protected":false},"excerpt":{"rendered":"<p>Este fin de semana se pondr\u00e1 en marcha en General Pico un ciclo de capacitaciones&nbsp;para profesionales de la industria audiovisual con el fin de generar herramientas que impulsen el crecimiento&hellip;<\/p>\n","protected":false},"author":4,"featured_media":112759,"comment_status":"closed","ping_status":"open","sticky":false,"template":"","format":"standard","meta":{"_acf_changed":false,"footnotes":""},"categories":[1,2],"tags":[],"class_list":["post-224068","post","type-post","status-publish","format-standard","has-post-thumbnail","hentry","category-es-noticia","category-cultura"],"acf":[],"yoast_head":"<!-- This site is optimized with the Yoast SEO plugin v27.5 - https:\/\/yoast.com\/product\/yoast-seo-wordpress\/ -->\n<title>Pico: capacitar\u00e1n a profesionales de la industria audiovisual - Diario Textual<\/title>\n<meta name=\"robots\" content=\"index, follow, max-snippet:-1, max-image-preview:large, max-video-preview:-1\" \/>\n<link rel=\"canonical\" href=\"https:\/\/diariotextual.com\/inicio\/index.php\/2023\/05\/03\/pico-capacitaran-a-profesionales-de-la-industria-audiovisual\/\" \/>\n<meta property=\"og:locale\" content=\"es_ES\" \/>\n<meta property=\"og:type\" content=\"article\" \/>\n<meta property=\"og:title\" content=\"Pico: capacitar\u00e1n a profesionales de la industria audiovisual - Diario Textual\" \/>\n<meta property=\"og:description\" content=\"Este fin de semana se pondr\u00e1 en marcha en General Pico un ciclo de capacitaciones&nbsp;para profesionales de la industria audiovisual con el fin de generar herramientas que impulsen el crecimiento&hellip;\" \/>\n<meta property=\"og:url\" content=\"https:\/\/diariotextual.com\/inicio\/index.php\/2023\/05\/03\/pico-capacitaran-a-profesionales-de-la-industria-audiovisual\/\" \/>\n<meta property=\"og:site_name\" content=\"Diario Textual\" \/>\n<meta property=\"article:publisher\" content=\"https:\/\/www.facebook.com\/eltextual\" \/>\n<meta property=\"article:published_time\" content=\"2023-05-03T18:37:11+00:00\" \/>\n<meta property=\"article:modified_time\" content=\"2023-05-03T18:37:13+00:00\" \/>\n<meta property=\"og:image\" content=\"https:\/\/diariotextual.com\/inicio\/wp-content\/uploads\/2020\/09\/audiovisual637194.jpg\" \/>\n\t<meta property=\"og:image:width\" content=\"560\" \/>\n\t<meta property=\"og:image:height\" content=\"301\" \/>\n\t<meta property=\"og:image:type\" content=\"image\/jpeg\" \/>\n<meta name=\"author\" content=\"diario2\" \/>\n<meta name=\"twitter:card\" content=\"summary_large_image\" \/>\n<meta name=\"twitter:creator\" content=\"@eltextual\" \/>\n<meta name=\"twitter:site\" content=\"@eltextual\" \/>\n<meta name=\"twitter:label1\" content=\"Escrito por\" \/>\n\t<meta name=\"twitter:data1\" content=\"diario2\" \/>\n\t<meta name=\"twitter:label2\" content=\"Tiempo de lectura\" \/>\n\t<meta name=\"twitter:data2\" content=\"1 minuto\" \/>\n<script type=\"application\/ld+json\" class=\"yoast-schema-graph\">{\"@context\":\"https:\\\/\\\/schema.org\",\"@graph\":[{\"@type\":\"Article\",\"@id\":\"https:\\\/\\\/diariotextual.com\\\/inicio\\\/index.php\\\/2023\\\/05\\\/03\\\/pico-capacitaran-a-profesionales-de-la-industria-audiovisual\\\/#article\",\"isPartOf\":{\"@id\":\"https:\\\/\\\/diariotextual.com\\\/inicio\\\/index.php\\\/2023\\\/05\\\/03\\\/pico-capacitaran-a-profesionales-de-la-industria-audiovisual\\\/\"},\"author\":{\"name\":\"diario2\",\"@id\":\"https:\\\/\\\/diariotextual.com\\\/inicio\\\/#\\\/schema\\\/person\\\/694f60677f23c4a530867a98f22b3768\"},\"headline\":\"Pico: capacitar\u00e1n a profesionales de la industria audiovisual\",\"datePublished\":\"2023-05-03T18:37:11+00:00\",\"dateModified\":\"2023-05-03T18:37:13+00:00\",\"mainEntityOfPage\":{\"@id\":\"https:\\\/\\\/diariotextual.com\\\/inicio\\\/index.php\\\/2023\\\/05\\\/03\\\/pico-capacitaran-a-profesionales-de-la-industria-audiovisual\\\/\"},\"wordCount\":229,\"publisher\":{\"@id\":\"https:\\\/\\\/diariotextual.com\\\/inicio\\\/#organization\"},\"image\":{\"@id\":\"https:\\\/\\\/diariotextual.com\\\/inicio\\\/index.php\\\/2023\\\/05\\\/03\\\/pico-capacitaran-a-profesionales-de-la-industria-audiovisual\\\/#primaryimage\"},\"thumbnailUrl\":\"https:\\\/\\\/diariotextual.com\\\/inicio\\\/wp-content\\\/uploads\\\/2020\\\/09\\\/audiovisual637194.jpg\",\"articleSection\":[\"A - ES NOTICIA (van abajo)\",\"CULTURA\"],\"inLanguage\":\"es\"},{\"@type\":\"WebPage\",\"@id\":\"https:\\\/\\\/diariotextual.com\\\/inicio\\\/index.php\\\/2023\\\/05\\\/03\\\/pico-capacitaran-a-profesionales-de-la-industria-audiovisual\\\/\",\"url\":\"https:\\\/\\\/diariotextual.com\\\/inicio\\\/index.php\\\/2023\\\/05\\\/03\\\/pico-capacitaran-a-profesionales-de-la-industria-audiovisual\\\/\",\"name\":\"Pico: capacitar\u00e1n a profesionales de la industria audiovisual - Diario Textual\",\"isPartOf\":{\"@id\":\"https:\\\/\\\/diariotextual.com\\\/inicio\\\/#website\"},\"primaryImageOfPage\":{\"@id\":\"https:\\\/\\\/diariotextual.com\\\/inicio\\\/index.php\\\/2023\\\/05\\\/03\\\/pico-capacitaran-a-profesionales-de-la-industria-audiovisual\\\/#primaryimage\"},\"image\":{\"@id\":\"https:\\\/\\\/diariotextual.com\\\/inicio\\\/index.php\\\/2023\\\/05\\\/03\\\/pico-capacitaran-a-profesionales-de-la-industria-audiovisual\\\/#primaryimage\"},\"thumbnailUrl\":\"https:\\\/\\\/diariotextual.com\\\/inicio\\\/wp-content\\\/uploads\\\/2020\\\/09\\\/audiovisual637194.jpg\",\"datePublished\":\"2023-05-03T18:37:11+00:00\",\"dateModified\":\"2023-05-03T18:37:13+00:00\",\"breadcrumb\":{\"@id\":\"https:\\\/\\\/diariotextual.com\\\/inicio\\\/index.php\\\/2023\\\/05\\\/03\\\/pico-capacitaran-a-profesionales-de-la-industria-audiovisual\\\/#breadcrumb\"},\"inLanguage\":\"es\",\"potentialAction\":[{\"@type\":\"ReadAction\",\"target\":[\"https:\\\/\\\/diariotextual.com\\\/inicio\\\/index.php\\\/2023\\\/05\\\/03\\\/pico-capacitaran-a-profesionales-de-la-industria-audiovisual\\\/\"]}]},{\"@type\":\"ImageObject\",\"inLanguage\":\"es\",\"@id\":\"https:\\\/\\\/diariotextual.com\\\/inicio\\\/index.php\\\/2023\\\/05\\\/03\\\/pico-capacitaran-a-profesionales-de-la-industria-audiovisual\\\/#primaryimage\",\"url\":\"https:\\\/\\\/diariotextual.com\\\/inicio\\\/wp-content\\\/uploads\\\/2020\\\/09\\\/audiovisual637194.jpg\",\"contentUrl\":\"https:\\\/\\\/diariotextual.com\\\/inicio\\\/wp-content\\\/uploads\\\/2020\\\/09\\\/audiovisual637194.jpg\",\"width\":560,\"height\":301},{\"@type\":\"BreadcrumbList\",\"@id\":\"https:\\\/\\\/diariotextual.com\\\/inicio\\\/index.php\\\/2023\\\/05\\\/03\\\/pico-capacitaran-a-profesionales-de-la-industria-audiovisual\\\/#breadcrumb\",\"itemListElement\":[{\"@type\":\"ListItem\",\"position\":1,\"name\":\"Portada\",\"item\":\"https:\\\/\\\/diariotextual.com\\\/inicio\\\/\"},{\"@type\":\"ListItem\",\"position\":2,\"name\":\"Pico: capacitar\u00e1n a profesionales de la industria audiovisual\"}]},{\"@type\":\"WebSite\",\"@id\":\"https:\\\/\\\/diariotextual.com\\\/inicio\\\/#website\",\"url\":\"https:\\\/\\\/diariotextual.com\\\/inicio\\\/\",\"name\":\"Diario Textual\",\"description\":\"\",\"publisher\":{\"@id\":\"https:\\\/\\\/diariotextual.com\\\/inicio\\\/#organization\"},\"potentialAction\":[{\"@type\":\"SearchAction\",\"target\":{\"@type\":\"EntryPoint\",\"urlTemplate\":\"https:\\\/\\\/diariotextual.com\\\/inicio\\\/?s={search_term_string}\"},\"query-input\":{\"@type\":\"PropertyValueSpecification\",\"valueRequired\":true,\"valueName\":\"search_term_string\"}}],\"inLanguage\":\"es\"},{\"@type\":\"Organization\",\"@id\":\"https:\\\/\\\/diariotextual.com\\\/inicio\\\/#organization\",\"name\":\"Diario Textual\",\"url\":\"https:\\\/\\\/diariotextual.com\\\/inicio\\\/\",\"logo\":{\"@type\":\"ImageObject\",\"inLanguage\":\"es\",\"@id\":\"https:\\\/\\\/diariotextual.com\\\/inicio\\\/#\\\/schema\\\/logo\\\/image\\\/\",\"url\":\"https:\\\/\\\/diariotextual.com\\\/inicio\\\/wp-content\\\/uploads\\\/2023\\\/05\\\/logotextual1.jpg\",\"contentUrl\":\"https:\\\/\\\/diariotextual.com\\\/inicio\\\/wp-content\\\/uploads\\\/2023\\\/05\\\/logotextual1.jpg\",\"width\":516,\"height\":76,\"caption\":\"Diario Textual\"},\"image\":{\"@id\":\"https:\\\/\\\/diariotextual.com\\\/inicio\\\/#\\\/schema\\\/logo\\\/image\\\/\"},\"sameAs\":[\"https:\\\/\\\/www.facebook.com\\\/eltextual\",\"https:\\\/\\\/x.com\\\/eltextual\",\"http:\\\/\\\/www.instagram.com\\\/eltextual\"]},{\"@type\":\"Person\",\"@id\":\"https:\\\/\\\/diariotextual.com\\\/inicio\\\/#\\\/schema\\\/person\\\/694f60677f23c4a530867a98f22b3768\",\"name\":\"diario2\",\"image\":{\"@type\":\"ImageObject\",\"inLanguage\":\"es\",\"@id\":\"https:\\\/\\\/secure.gravatar.com\\\/avatar\\\/5a2567495ba16b852fcd8f1ed006a2e24fcace936018ed8237e95f488ad6e0a7?s=96&d=mm&r=g\",\"url\":\"https:\\\/\\\/secure.gravatar.com\\\/avatar\\\/5a2567495ba16b852fcd8f1ed006a2e24fcace936018ed8237e95f488ad6e0a7?s=96&d=mm&r=g\",\"contentUrl\":\"https:\\\/\\\/secure.gravatar.com\\\/avatar\\\/5a2567495ba16b852fcd8f1ed006a2e24fcace936018ed8237e95f488ad6e0a7?s=96&d=mm&r=g\",\"caption\":\"diario2\"},\"url\":\"https:\\\/\\\/diariotextual.com\\\/inicio\\\/index.php\\\/author\\\/diario2\\\/\"}]}<\/script>\n<!-- \/ Yoast SEO plugin. -->","yoast_head_json":{"title":"Pico: capacitar\u00e1n a profesionales de la industria audiovisual - Diario Textual","robots":{"index":"index","follow":"follow","max-snippet":"max-snippet:-1","max-image-preview":"max-image-preview:large","max-video-preview":"max-video-preview:-1"},"canonical":"https:\/\/diariotextual.com\/inicio\/index.php\/2023\/05\/03\/pico-capacitaran-a-profesionales-de-la-industria-audiovisual\/","og_locale":"es_ES","og_type":"article","og_title":"Pico: capacitar\u00e1n a profesionales de la industria audiovisual - Diario Textual","og_description":"Este fin de semana se pondr\u00e1 en marcha en General Pico un ciclo de capacitaciones&nbsp;para profesionales de la industria audiovisual con el fin de generar herramientas que impulsen el crecimiento&hellip;","og_url":"https:\/\/diariotextual.com\/inicio\/index.php\/2023\/05\/03\/pico-capacitaran-a-profesionales-de-la-industria-audiovisual\/","og_site_name":"Diario Textual","article_publisher":"https:\/\/www.facebook.com\/eltextual","article_published_time":"2023-05-03T18:37:11+00:00","article_modified_time":"2023-05-03T18:37:13+00:00","og_image":[{"width":560,"height":301,"url":"https:\/\/diariotextual.com\/inicio\/wp-content\/uploads\/2020\/09\/audiovisual637194.jpg","type":"image\/jpeg"}],"author":"diario2","twitter_card":"summary_large_image","twitter_creator":"@eltextual","twitter_site":"@eltextual","twitter_misc":{"Escrito por":"diario2","Tiempo de lectura":"1 minuto"},"schema":{"@context":"https:\/\/schema.org","@graph":[{"@type":"Article","@id":"https:\/\/diariotextual.com\/inicio\/index.php\/2023\/05\/03\/pico-capacitaran-a-profesionales-de-la-industria-audiovisual\/#article","isPartOf":{"@id":"https:\/\/diariotextual.com\/inicio\/index.php\/2023\/05\/03\/pico-capacitaran-a-profesionales-de-la-industria-audiovisual\/"},"author":{"name":"diario2","@id":"https:\/\/diariotextual.com\/inicio\/#\/schema\/person\/694f60677f23c4a530867a98f22b3768"},"headline":"Pico: capacitar\u00e1n a profesionales de la industria audiovisual","datePublished":"2023-05-03T18:37:11+00:00","dateModified":"2023-05-03T18:37:13+00:00","mainEntityOfPage":{"@id":"https:\/\/diariotextual.com\/inicio\/index.php\/2023\/05\/03\/pico-capacitaran-a-profesionales-de-la-industria-audiovisual\/"},"wordCount":229,"publisher":{"@id":"https:\/\/diariotextual.com\/inicio\/#organization"},"image":{"@id":"https:\/\/diariotextual.com\/inicio\/index.php\/2023\/05\/03\/pico-capacitaran-a-profesionales-de-la-industria-audiovisual\/#primaryimage"},"thumbnailUrl":"https:\/\/diariotextual.com\/inicio\/wp-content\/uploads\/2020\/09\/audiovisual637194.jpg","articleSection":["A - ES NOTICIA (van abajo)","CULTURA"],"inLanguage":"es"},{"@type":"WebPage","@id":"https:\/\/diariotextual.com\/inicio\/index.php\/2023\/05\/03\/pico-capacitaran-a-profesionales-de-la-industria-audiovisual\/","url":"https:\/\/diariotextual.com\/inicio\/index.php\/2023\/05\/03\/pico-capacitaran-a-profesionales-de-la-industria-audiovisual\/","name":"Pico: capacitar\u00e1n a profesionales de la industria audiovisual - Diario Textual","isPartOf":{"@id":"https:\/\/diariotextual.com\/inicio\/#website"},"primaryImageOfPage":{"@id":"https:\/\/diariotextual.com\/inicio\/index.php\/2023\/05\/03\/pico-capacitaran-a-profesionales-de-la-industria-audiovisual\/#primaryimage"},"image":{"@id":"https:\/\/diariotextual.com\/inicio\/index.php\/2023\/05\/03\/pico-capacitaran-a-profesionales-de-la-industria-audiovisual\/#primaryimage"},"thumbnailUrl":"https:\/\/diariotextual.com\/inicio\/wp-content\/uploads\/2020\/09\/audiovisual637194.jpg","datePublished":"2023-05-03T18:37:11+00:00","dateModified":"2023-05-03T18:37:13+00:00","breadcrumb":{"@id":"https:\/\/diariotextual.com\/inicio\/index.php\/2023\/05\/03\/pico-capacitaran-a-profesionales-de-la-industria-audiovisual\/#breadcrumb"},"inLanguage":"es","potentialAction":[{"@type":"ReadAction","target":["https:\/\/diariotextual.com\/inicio\/index.php\/2023\/05\/03\/pico-capacitaran-a-profesionales-de-la-industria-audiovisual\/"]}]},{"@type":"ImageObject","inLanguage":"es","@id":"https:\/\/diariotextual.com\/inicio\/index.php\/2023\/05\/03\/pico-capacitaran-a-profesionales-de-la-industria-audiovisual\/#primaryimage","url":"https:\/\/diariotextual.com\/inicio\/wp-content\/uploads\/2020\/09\/audiovisual637194.jpg","contentUrl":"https:\/\/diariotextual.com\/inicio\/wp-content\/uploads\/2020\/09\/audiovisual637194.jpg","width":560,"height":301},{"@type":"BreadcrumbList","@id":"https:\/\/diariotextual.com\/inicio\/index.php\/2023\/05\/03\/pico-capacitaran-a-profesionales-de-la-industria-audiovisual\/#breadcrumb","itemListElement":[{"@type":"ListItem","position":1,"name":"Portada","item":"https:\/\/diariotextual.com\/inicio\/"},{"@type":"ListItem","position":2,"name":"Pico: capacitar\u00e1n a profesionales de la industria audiovisual"}]},{"@type":"WebSite","@id":"https:\/\/diariotextual.com\/inicio\/#website","url":"https:\/\/diariotextual.com\/inicio\/","name":"Diario Textual","description":"","publisher":{"@id":"https:\/\/diariotextual.com\/inicio\/#organization"},"potentialAction":[{"@type":"SearchAction","target":{"@type":"EntryPoint","urlTemplate":"https:\/\/diariotextual.com\/inicio\/?s={search_term_string}"},"query-input":{"@type":"PropertyValueSpecification","valueRequired":true,"valueName":"search_term_string"}}],"inLanguage":"es"},{"@type":"Organization","@id":"https:\/\/diariotextual.com\/inicio\/#organization","name":"Diario Textual","url":"https:\/\/diariotextual.com\/inicio\/","logo":{"@type":"ImageObject","inLanguage":"es","@id":"https:\/\/diariotextual.com\/inicio\/#\/schema\/logo\/image\/","url":"https:\/\/diariotextual.com\/inicio\/wp-content\/uploads\/2023\/05\/logotextual1.jpg","contentUrl":"https:\/\/diariotextual.com\/inicio\/wp-content\/uploads\/2023\/05\/logotextual1.jpg","width":516,"height":76,"caption":"Diario Textual"},"image":{"@id":"https:\/\/diariotextual.com\/inicio\/#\/schema\/logo\/image\/"},"sameAs":["https:\/\/www.facebook.com\/eltextual","https:\/\/x.com\/eltextual","http:\/\/www.instagram.com\/eltextual"]},{"@type":"Person","@id":"https:\/\/diariotextual.com\/inicio\/#\/schema\/person\/694f60677f23c4a530867a98f22b3768","name":"diario2","image":{"@type":"ImageObject","inLanguage":"es","@id":"https:\/\/secure.gravatar.com\/avatar\/5a2567495ba16b852fcd8f1ed006a2e24fcace936018ed8237e95f488ad6e0a7?s=96&d=mm&r=g","url":"https:\/\/secure.gravatar.com\/avatar\/5a2567495ba16b852fcd8f1ed006a2e24fcace936018ed8237e95f488ad6e0a7?s=96&d=mm&r=g","contentUrl":"https:\/\/secure.gravatar.com\/avatar\/5a2567495ba16b852fcd8f1ed006a2e24fcace936018ed8237e95f488ad6e0a7?s=96&d=mm&r=g","caption":"diario2"},"url":"https:\/\/diariotextual.com\/inicio\/index.php\/author\/diario2\/"}]}},"_links":{"self":[{"href":"https:\/\/diariotextual.com\/inicio\/index.php\/wp-json\/wp\/v2\/posts\/224068","targetHints":{"allow":["GET"]}}],"collection":[{"href":"https:\/\/diariotextual.com\/inicio\/index.php\/wp-json\/wp\/v2\/posts"}],"about":[{"href":"https:\/\/diariotextual.com\/inicio\/index.php\/wp-json\/wp\/v2\/types\/post"}],"author":[{"embeddable":true,"href":"https:\/\/diariotextual.com\/inicio\/index.php\/wp-json\/wp\/v2\/users\/4"}],"replies":[{"embeddable":true,"href":"https:\/\/diariotextual.com\/inicio\/index.php\/wp-json\/wp\/v2\/comments?post=224068"}],"version-history":[{"count":1,"href":"https:\/\/diariotextual.com\/inicio\/index.php\/wp-json\/wp\/v2\/posts\/224068\/revisions"}],"predecessor-version":[{"id":224069,"href":"https:\/\/diariotextual.com\/inicio\/index.php\/wp-json\/wp\/v2\/posts\/224068\/revisions\/224069"}],"wp:featuredmedia":[{"embeddable":true,"href":"https:\/\/diariotextual.com\/inicio\/index.php\/wp-json\/wp\/v2\/media\/112759"}],"wp:attachment":[{"href":"https:\/\/diariotextual.com\/inicio\/index.php\/wp-json\/wp\/v2\/media?parent=224068"}],"wp:term":[{"taxonomy":"category","embeddable":true,"href":"https:\/\/diariotextual.com\/inicio\/index.php\/wp-json\/wp\/v2\/categories?post=224068"},{"taxonomy":"post_tag","embeddable":true,"href":"https:\/\/diariotextual.com\/inicio\/index.php\/wp-json\/wp\/v2\/tags?post=224068"}],"curies":[{"name":"wp","href":"https:\/\/api.w.org\/{rel}","templated":true}]}}