{"id":224171,"date":"2023-05-04T09:06:11","date_gmt":"2023-05-04T12:06:11","guid":{"rendered":"https:\/\/diariotextual.com\/inicio\/?p=224171"},"modified":"2023-05-04T19:43:44","modified_gmt":"2023-05-04T22:43:44","slug":"utelpa-un-conflicto-irresuelto-que-dispara-reclamos","status":"publish","type":"post","link":"https:\/\/diariotextual.com\/inicio\/index.php\/2023\/05\/04\/utelpa-un-conflicto-irresuelto-que-dispara-reclamos\/","title":{"rendered":"Utelpa: un conflicto irresuelto que dispara reclamos"},"content":{"rendered":"\n<p>El reclamo de <strong>docentes autoconvocados<\/strong> por la \u201ccreciente violencia\u201d y otras problem\u00e1ticas al Ministerio de Educaci\u00f3n y sobre todo a las autoridades de la Uni\u00f3n de Trabajadores de la Educaci\u00f3n de La Pampa (Utelpa) dio cuenta de los coletazos de la elecci\u00f3n no resuelta del gremio en la Seccional Santa Rosa que todav\u00eda se dirime en la Justicia.<br><\/p>\n\n\n\n<p>El mi\u00e9rcoles a la noche el grupo de autoconvocados -de diferentes sectores, algunos de izquierda, pero todos opositores a la conducci\u00f3n provincial del sindicato- se reuni\u00f3 frente al gremio para entregar la nota exigiendo un paro.<br><\/p>\n\n\n\n<p>El reclamo ya se hab\u00eda manifestado la semana pasada durante un encuentro en el que el sector hab\u00eda advertido de la conflictividad en las aulas.<br><\/p>\n\n\n\n<p>Esto se suma a una serie de exigencias puntuales impulsadas en los \u00faltimos tiempos que van en el mismo sentido, como la creaci\u00f3n de cargos y recursos materiales para las instituciones educativas o espacio y tiempo para jornadas situadas donde se discuta la necesidad de cada instituci\u00f3n.<br><\/p>\n\n\n\n<p><strong>Estos reclamos con apoyo de sectores opositores a la actual conducci\u00f3n de Utelpa est\u00e1n enmarcados en el conflicto irresuelto por la conducci\u00f3n de la Seccional Santa Rosa. El 7 de septiembre de 2022 se realiz\u00f3 la elecci\u00f3n en el que la lista Rosa y Verde se impuso en un primer momento a la oficialista Celeste, pero despu\u00e9s de un recuento se dio por ganadora a la segunda.<\/strong><br><\/p>\n\n\n\n<p>La conducci\u00f3n de Utelpa quiso que asumieran las autoridades de la Celeste pero fueron impugnadas y el tema se judicializ\u00f3. La justicia laboral en primera instancia hizo lugar al reclamo opositor y las autoridades presentaron un recurso. El juez Carlos Soto se declar\u00f3 incompetente y la cuesti\u00f3n pas\u00f3 al juez federal de Santa Rosa Juan Jos\u00e9 Baric que pidi\u00f3 que el Ministerio de Trabajo intervenga la seccional Santa Rosa. La causa se elev\u00f3 a la Corte Suprema para que defina cu\u00e1les son los pasos a seguir.<\/p>\n\n\n\n<figure class=\"wp-block-embed is-type-wp-embed is-provider-diario-textual wp-block-embed-diario-textual\"><div class=\"wp-block-embed__wrapper\">\n<blockquote class=\"wp-embedded-content\" data-secret=\"WFtCcVXFy3\"><a href=\"https:\/\/diariotextual.com\/inicio\/index.php\/2023\/05\/03\/autoconvocados-apuran-a-utelpa-y-reclaman-paro-por-violencia-en-las-escuelas\/\">Autoconvocados \u201capuran\u201d a Utelpa y reclaman paro por violencia en las escuelas<\/a><\/blockquote><iframe class=\"wp-embedded-content\" sandbox=\"allow-scripts\" security=\"restricted\" style=\"position: absolute; clip: rect(1px, 1px, 1px, 1px);\" title=\"\u00abAutoconvocados \u201capuran\u201d a Utelpa y reclaman paro por violencia en las escuelas\u00bb \u2014 Diario Textual\" src=\"https:\/\/diariotextual.com\/inicio\/index.php\/2023\/05\/03\/autoconvocados-apuran-a-utelpa-y-reclaman-paro-por-violencia-en-las-escuelas\/embed\/#?secret=VKnMpARkrU#?secret=WFtCcVXFy3\" data-secret=\"WFtCcVXFy3\" width=\"600\" height=\"338\" frameborder=\"0\" marginwidth=\"0\" marginheight=\"0\" scrolling=\"no\"><\/iframe>\n<\/div><\/figure>\n\n\n\n<p><br><\/p>\n\n\n\n<p>Luego del conflicto, la decisi\u00f3n de la Utelpa provincial fue la de dar continuidad a la conducci\u00f3n actual de la seccional. El gremio argument\u00f3 que as\u00ed est\u00e1 establecido en el estatuto. La oposici\u00f3n rechaz\u00f3 esa salida.<\/p>\n","protected":false},"excerpt":{"rendered":"<p>El reclamo de docentes autoconvocados por la \u201ccreciente violencia\u201d y otras problem\u00e1ticas al Ministerio de Educaci\u00f3n y sobre todo a las autoridades de la Uni\u00f3n de Trabajadores de la Educaci\u00f3n&hellip;<\/p>\n","protected":false},"author":3,"featured_media":224174,"comment_status":"closed","ping_status":"open","sticky":false,"template":"","format":"standard","meta":{"_acf_changed":false,"footnotes":""},"categories":[10,8],"tags":[],"class_list":["post-224171","post","type-post","status-publish","format-standard","has-post-thumbnail","hentry","category-portada-2","category-politica"],"acf":[],"yoast_head":"<!-- This site is optimized with the Yoast SEO plugin v27.5 - https:\/\/yoast.com\/product\/yoast-seo-wordpress\/ -->\n<title>Utelpa: un conflicto irresuelto que dispara reclamos - Diario Textual<\/title>\n<meta name=\"robots\" content=\"index, follow, max-snippet:-1, max-image-preview:large, max-video-preview:-1\" \/>\n<link rel=\"canonical\" href=\"https:\/\/diariotextual.com\/inicio\/index.php\/2023\/05\/04\/utelpa-un-conflicto-irresuelto-que-dispara-reclamos\/\" \/>\n<meta property=\"og:locale\" content=\"es_ES\" \/>\n<meta property=\"og:type\" content=\"article\" \/>\n<meta property=\"og:title\" content=\"Utelpa: un conflicto irresuelto que dispara reclamos - Diario Textual\" \/>\n<meta property=\"og:description\" content=\"El reclamo de docentes autoconvocados por la \u201ccreciente violencia\u201d y otras problem\u00e1ticas al Ministerio de Educaci\u00f3n y sobre todo a las autoridades de la Uni\u00f3n de Trabajadores de la Educaci\u00f3n&hellip;\" \/>\n<meta property=\"og:url\" content=\"https:\/\/diariotextual.com\/inicio\/index.php\/2023\/05\/04\/utelpa-un-conflicto-irresuelto-que-dispara-reclamos\/\" \/>\n<meta property=\"og:site_name\" content=\"Diario Textual\" \/>\n<meta property=\"article:publisher\" content=\"https:\/\/www.facebook.com\/eltextual\" \/>\n<meta property=\"article:published_time\" content=\"2023-05-04T12:06:11+00:00\" \/>\n<meta property=\"article:modified_time\" content=\"2023-05-04T22:43:44+00:00\" \/>\n<meta property=\"og:image\" content=\"https:\/\/diariotextual.com\/inicio\/wp-content\/uploads\/2023\/05\/utelpaautoconvocados2023-2.jpeg\" \/>\n\t<meta property=\"og:image:width\" content=\"1600\" \/>\n\t<meta property=\"og:image:height\" content=\"900\" \/>\n\t<meta property=\"og:image:type\" content=\"image\/jpeg\" \/>\n<meta name=\"author\" content=\"Diario1 Diario1\" \/>\n<meta name=\"twitter:card\" content=\"summary_large_image\" \/>\n<meta name=\"twitter:creator\" content=\"@eltextual\" \/>\n<meta name=\"twitter:site\" content=\"@eltextual\" \/>\n<meta name=\"twitter:label1\" content=\"Escrito por\" \/>\n\t<meta name=\"twitter:data1\" content=\"Diario1 Diario1\" \/>\n\t<meta name=\"twitter:label2\" content=\"Tiempo de lectura\" \/>\n\t<meta name=\"twitter:data2\" content=\"2 minutos\" \/>\n<script type=\"application\/ld+json\" class=\"yoast-schema-graph\">{\"@context\":\"https:\\\/\\\/schema.org\",\"@graph\":[{\"@type\":\"Article\",\"@id\":\"https:\\\/\\\/diariotextual.com\\\/inicio\\\/index.php\\\/2023\\\/05\\\/04\\\/utelpa-un-conflicto-irresuelto-que-dispara-reclamos\\\/#article\",\"isPartOf\":{\"@id\":\"https:\\\/\\\/diariotextual.com\\\/inicio\\\/index.php\\\/2023\\\/05\\\/04\\\/utelpa-un-conflicto-irresuelto-que-dispara-reclamos\\\/\"},\"author\":{\"name\":\"Diario1 Diario1\",\"@id\":\"https:\\\/\\\/diariotextual.com\\\/inicio\\\/#\\\/schema\\\/person\\\/418fc4093c33e86ed41562db3508f958\"},\"headline\":\"Utelpa: un conflicto irresuelto que dispara reclamos\",\"datePublished\":\"2023-05-04T12:06:11+00:00\",\"dateModified\":\"2023-05-04T22:43:44+00:00\",\"mainEntityOfPage\":{\"@id\":\"https:\\\/\\\/diariotextual.com\\\/inicio\\\/index.php\\\/2023\\\/05\\\/04\\\/utelpa-un-conflicto-irresuelto-que-dispara-reclamos\\\/\"},\"wordCount\":390,\"publisher\":{\"@id\":\"https:\\\/\\\/diariotextual.com\\\/inicio\\\/#organization\"},\"image\":{\"@id\":\"https:\\\/\\\/diariotextual.com\\\/inicio\\\/index.php\\\/2023\\\/05\\\/04\\\/utelpa-un-conflicto-irresuelto-que-dispara-reclamos\\\/#primaryimage\"},\"thumbnailUrl\":\"https:\\\/\\\/diariotextual.com\\\/inicio\\\/wp-content\\\/uploads\\\/2023\\\/05\\\/utelpaautoconvocados2023-2.jpeg\",\"articleSection\":[\"A - PORTADA2\",\"POLITICA\"],\"inLanguage\":\"es\"},{\"@type\":\"WebPage\",\"@id\":\"https:\\\/\\\/diariotextual.com\\\/inicio\\\/index.php\\\/2023\\\/05\\\/04\\\/utelpa-un-conflicto-irresuelto-que-dispara-reclamos\\\/\",\"url\":\"https:\\\/\\\/diariotextual.com\\\/inicio\\\/index.php\\\/2023\\\/05\\\/04\\\/utelpa-un-conflicto-irresuelto-que-dispara-reclamos\\\/\",\"name\":\"Utelpa: un conflicto irresuelto que dispara reclamos - Diario Textual\",\"isPartOf\":{\"@id\":\"https:\\\/\\\/diariotextual.com\\\/inicio\\\/#website\"},\"primaryImageOfPage\":{\"@id\":\"https:\\\/\\\/diariotextual.com\\\/inicio\\\/index.php\\\/2023\\\/05\\\/04\\\/utelpa-un-conflicto-irresuelto-que-dispara-reclamos\\\/#primaryimage\"},\"image\":{\"@id\":\"https:\\\/\\\/diariotextual.com\\\/inicio\\\/index.php\\\/2023\\\/05\\\/04\\\/utelpa-un-conflicto-irresuelto-que-dispara-reclamos\\\/#primaryimage\"},\"thumbnailUrl\":\"https:\\\/\\\/diariotextual.com\\\/inicio\\\/wp-content\\\/uploads\\\/2023\\\/05\\\/utelpaautoconvocados2023-2.jpeg\",\"datePublished\":\"2023-05-04T12:06:11+00:00\",\"dateModified\":\"2023-05-04T22:43:44+00:00\",\"breadcrumb\":{\"@id\":\"https:\\\/\\\/diariotextual.com\\\/inicio\\\/index.php\\\/2023\\\/05\\\/04\\\/utelpa-un-conflicto-irresuelto-que-dispara-reclamos\\\/#breadcrumb\"},\"inLanguage\":\"es\",\"potentialAction\":[{\"@type\":\"ReadAction\",\"target\":[\"https:\\\/\\\/diariotextual.com\\\/inicio\\\/index.php\\\/2023\\\/05\\\/04\\\/utelpa-un-conflicto-irresuelto-que-dispara-reclamos\\\/\"]}]},{\"@type\":\"ImageObject\",\"inLanguage\":\"es\",\"@id\":\"https:\\\/\\\/diariotextual.com\\\/inicio\\\/index.php\\\/2023\\\/05\\\/04\\\/utelpa-un-conflicto-irresuelto-que-dispara-reclamos\\\/#primaryimage\",\"url\":\"https:\\\/\\\/diariotextual.com\\\/inicio\\\/wp-content\\\/uploads\\\/2023\\\/05\\\/utelpaautoconvocados2023-2.jpeg\",\"contentUrl\":\"https:\\\/\\\/diariotextual.com\\\/inicio\\\/wp-content\\\/uploads\\\/2023\\\/05\\\/utelpaautoconvocados2023-2.jpeg\",\"width\":1600,\"height\":900},{\"@type\":\"BreadcrumbList\",\"@id\":\"https:\\\/\\\/diariotextual.com\\\/inicio\\\/index.php\\\/2023\\\/05\\\/04\\\/utelpa-un-conflicto-irresuelto-que-dispara-reclamos\\\/#breadcrumb\",\"itemListElement\":[{\"@type\":\"ListItem\",\"position\":1,\"name\":\"Portada\",\"item\":\"https:\\\/\\\/diariotextual.com\\\/inicio\\\/\"},{\"@type\":\"ListItem\",\"position\":2,\"name\":\"Utelpa: un conflicto irresuelto que dispara reclamos\"}]},{\"@type\":\"WebSite\",\"@id\":\"https:\\\/\\\/diariotextual.com\\\/inicio\\\/#website\",\"url\":\"https:\\\/\\\/diariotextual.com\\\/inicio\\\/\",\"name\":\"Diario Textual\",\"description\":\"\",\"publisher\":{\"@id\":\"https:\\\/\\\/diariotextual.com\\\/inicio\\\/#organization\"},\"potentialAction\":[{\"@type\":\"SearchAction\",\"target\":{\"@type\":\"EntryPoint\",\"urlTemplate\":\"https:\\\/\\\/diariotextual.com\\\/inicio\\\/?s={search_term_string}\"},\"query-input\":{\"@type\":\"PropertyValueSpecification\",\"valueRequired\":true,\"valueName\":\"search_term_string\"}}],\"inLanguage\":\"es\"},{\"@type\":\"Organization\",\"@id\":\"https:\\\/\\\/diariotextual.com\\\/inicio\\\/#organization\",\"name\":\"Diario Textual\",\"url\":\"https:\\\/\\\/diariotextual.com\\\/inicio\\\/\",\"logo\":{\"@type\":\"ImageObject\",\"inLanguage\":\"es\",\"@id\":\"https:\\\/\\\/diariotextual.com\\\/inicio\\\/#\\\/schema\\\/logo\\\/image\\\/\",\"url\":\"https:\\\/\\\/diariotextual.com\\\/inicio\\\/wp-content\\\/uploads\\\/2023\\\/05\\\/logotextual1.jpg\",\"contentUrl\":\"https:\\\/\\\/diariotextual.com\\\/inicio\\\/wp-content\\\/uploads\\\/2023\\\/05\\\/logotextual1.jpg\",\"width\":516,\"height\":76,\"caption\":\"Diario Textual\"},\"image\":{\"@id\":\"https:\\\/\\\/diariotextual.com\\\/inicio\\\/#\\\/schema\\\/logo\\\/image\\\/\"},\"sameAs\":[\"https:\\\/\\\/www.facebook.com\\\/eltextual\",\"https:\\\/\\\/x.com\\\/eltextual\",\"http:\\\/\\\/www.instagram.com\\\/eltextual\"]},{\"@type\":\"Person\",\"@id\":\"https:\\\/\\\/diariotextual.com\\\/inicio\\\/#\\\/schema\\\/person\\\/418fc4093c33e86ed41562db3508f958\",\"name\":\"Diario1 Diario1\",\"image\":{\"@type\":\"ImageObject\",\"inLanguage\":\"es\",\"@id\":\"https:\\\/\\\/secure.gravatar.com\\\/avatar\\\/9167d280179c85bc18be67aa7eda765854300033af4896dd779b608640f2ef7a?s=96&d=mm&r=g\",\"url\":\"https:\\\/\\\/secure.gravatar.com\\\/avatar\\\/9167d280179c85bc18be67aa7eda765854300033af4896dd779b608640f2ef7a?s=96&d=mm&r=g\",\"contentUrl\":\"https:\\\/\\\/secure.gravatar.com\\\/avatar\\\/9167d280179c85bc18be67aa7eda765854300033af4896dd779b608640f2ef7a?s=96&d=mm&r=g\",\"caption\":\"Diario1 Diario1\"},\"url\":\"https:\\\/\\\/diariotextual.com\\\/inicio\\\/index.php\\\/author\\\/diario1\\\/\"}]}<\/script>\n<!-- \/ Yoast SEO plugin. -->","yoast_head_json":{"title":"Utelpa: un conflicto irresuelto que dispara reclamos - Diario Textual","robots":{"index":"index","follow":"follow","max-snippet":"max-snippet:-1","max-image-preview":"max-image-preview:large","max-video-preview":"max-video-preview:-1"},"canonical":"https:\/\/diariotextual.com\/inicio\/index.php\/2023\/05\/04\/utelpa-un-conflicto-irresuelto-que-dispara-reclamos\/","og_locale":"es_ES","og_type":"article","og_title":"Utelpa: un conflicto irresuelto que dispara reclamos - Diario Textual","og_description":"El reclamo de docentes autoconvocados por la \u201ccreciente violencia\u201d y otras problem\u00e1ticas al Ministerio de Educaci\u00f3n y sobre todo a las autoridades de la Uni\u00f3n de Trabajadores de la Educaci\u00f3n&hellip;","og_url":"https:\/\/diariotextual.com\/inicio\/index.php\/2023\/05\/04\/utelpa-un-conflicto-irresuelto-que-dispara-reclamos\/","og_site_name":"Diario Textual","article_publisher":"https:\/\/www.facebook.com\/eltextual","article_published_time":"2023-05-04T12:06:11+00:00","article_modified_time":"2023-05-04T22:43:44+00:00","og_image":[{"width":1600,"height":900,"url":"https:\/\/diariotextual.com\/inicio\/wp-content\/uploads\/2023\/05\/utelpaautoconvocados2023-2.jpeg","type":"image\/jpeg"}],"author":"Diario1 Diario1","twitter_card":"summary_large_image","twitter_creator":"@eltextual","twitter_site":"@eltextual","twitter_misc":{"Escrito por":"Diario1 Diario1","Tiempo de lectura":"2 minutos"},"schema":{"@context":"https:\/\/schema.org","@graph":[{"@type":"Article","@id":"https:\/\/diariotextual.com\/inicio\/index.php\/2023\/05\/04\/utelpa-un-conflicto-irresuelto-que-dispara-reclamos\/#article","isPartOf":{"@id":"https:\/\/diariotextual.com\/inicio\/index.php\/2023\/05\/04\/utelpa-un-conflicto-irresuelto-que-dispara-reclamos\/"},"author":{"name":"Diario1 Diario1","@id":"https:\/\/diariotextual.com\/inicio\/#\/schema\/person\/418fc4093c33e86ed41562db3508f958"},"headline":"Utelpa: un conflicto irresuelto que dispara reclamos","datePublished":"2023-05-04T12:06:11+00:00","dateModified":"2023-05-04T22:43:44+00:00","mainEntityOfPage":{"@id":"https:\/\/diariotextual.com\/inicio\/index.php\/2023\/05\/04\/utelpa-un-conflicto-irresuelto-que-dispara-reclamos\/"},"wordCount":390,"publisher":{"@id":"https:\/\/diariotextual.com\/inicio\/#organization"},"image":{"@id":"https:\/\/diariotextual.com\/inicio\/index.php\/2023\/05\/04\/utelpa-un-conflicto-irresuelto-que-dispara-reclamos\/#primaryimage"},"thumbnailUrl":"https:\/\/diariotextual.com\/inicio\/wp-content\/uploads\/2023\/05\/utelpaautoconvocados2023-2.jpeg","articleSection":["A - PORTADA2","POLITICA"],"inLanguage":"es"},{"@type":"WebPage","@id":"https:\/\/diariotextual.com\/inicio\/index.php\/2023\/05\/04\/utelpa-un-conflicto-irresuelto-que-dispara-reclamos\/","url":"https:\/\/diariotextual.com\/inicio\/index.php\/2023\/05\/04\/utelpa-un-conflicto-irresuelto-que-dispara-reclamos\/","name":"Utelpa: un conflicto irresuelto que dispara reclamos - Diario Textual","isPartOf":{"@id":"https:\/\/diariotextual.com\/inicio\/#website"},"primaryImageOfPage":{"@id":"https:\/\/diariotextual.com\/inicio\/index.php\/2023\/05\/04\/utelpa-un-conflicto-irresuelto-que-dispara-reclamos\/#primaryimage"},"image":{"@id":"https:\/\/diariotextual.com\/inicio\/index.php\/2023\/05\/04\/utelpa-un-conflicto-irresuelto-que-dispara-reclamos\/#primaryimage"},"thumbnailUrl":"https:\/\/diariotextual.com\/inicio\/wp-content\/uploads\/2023\/05\/utelpaautoconvocados2023-2.jpeg","datePublished":"2023-05-04T12:06:11+00:00","dateModified":"2023-05-04T22:43:44+00:00","breadcrumb":{"@id":"https:\/\/diariotextual.com\/inicio\/index.php\/2023\/05\/04\/utelpa-un-conflicto-irresuelto-que-dispara-reclamos\/#breadcrumb"},"inLanguage":"es","potentialAction":[{"@type":"ReadAction","target":["https:\/\/diariotextual.com\/inicio\/index.php\/2023\/05\/04\/utelpa-un-conflicto-irresuelto-que-dispara-reclamos\/"]}]},{"@type":"ImageObject","inLanguage":"es","@id":"https:\/\/diariotextual.com\/inicio\/index.php\/2023\/05\/04\/utelpa-un-conflicto-irresuelto-que-dispara-reclamos\/#primaryimage","url":"https:\/\/diariotextual.com\/inicio\/wp-content\/uploads\/2023\/05\/utelpaautoconvocados2023-2.jpeg","contentUrl":"https:\/\/diariotextual.com\/inicio\/wp-content\/uploads\/2023\/05\/utelpaautoconvocados2023-2.jpeg","width":1600,"height":900},{"@type":"BreadcrumbList","@id":"https:\/\/diariotextual.com\/inicio\/index.php\/2023\/05\/04\/utelpa-un-conflicto-irresuelto-que-dispara-reclamos\/#breadcrumb","itemListElement":[{"@type":"ListItem","position":1,"name":"Portada","item":"https:\/\/diariotextual.com\/inicio\/"},{"@type":"ListItem","position":2,"name":"Utelpa: un conflicto irresuelto que dispara reclamos"}]},{"@type":"WebSite","@id":"https:\/\/diariotextual.com\/inicio\/#website","url":"https:\/\/diariotextual.com\/inicio\/","name":"Diario Textual","description":"","publisher":{"@id":"https:\/\/diariotextual.com\/inicio\/#organization"},"potentialAction":[{"@type":"SearchAction","target":{"@type":"EntryPoint","urlTemplate":"https:\/\/diariotextual.com\/inicio\/?s={search_term_string}"},"query-input":{"@type":"PropertyValueSpecification","valueRequired":true,"valueName":"search_term_string"}}],"inLanguage":"es"},{"@type":"Organization","@id":"https:\/\/diariotextual.com\/inicio\/#organization","name":"Diario Textual","url":"https:\/\/diariotextual.com\/inicio\/","logo":{"@type":"ImageObject","inLanguage":"es","@id":"https:\/\/diariotextual.com\/inicio\/#\/schema\/logo\/image\/","url":"https:\/\/diariotextual.com\/inicio\/wp-content\/uploads\/2023\/05\/logotextual1.jpg","contentUrl":"https:\/\/diariotextual.com\/inicio\/wp-content\/uploads\/2023\/05\/logotextual1.jpg","width":516,"height":76,"caption":"Diario Textual"},"image":{"@id":"https:\/\/diariotextual.com\/inicio\/#\/schema\/logo\/image\/"},"sameAs":["https:\/\/www.facebook.com\/eltextual","https:\/\/x.com\/eltextual","http:\/\/www.instagram.com\/eltextual"]},{"@type":"Person","@id":"https:\/\/diariotextual.com\/inicio\/#\/schema\/person\/418fc4093c33e86ed41562db3508f958","name":"Diario1 Diario1","image":{"@type":"ImageObject","inLanguage":"es","@id":"https:\/\/secure.gravatar.com\/avatar\/9167d280179c85bc18be67aa7eda765854300033af4896dd779b608640f2ef7a?s=96&d=mm&r=g","url":"https:\/\/secure.gravatar.com\/avatar\/9167d280179c85bc18be67aa7eda765854300033af4896dd779b608640f2ef7a?s=96&d=mm&r=g","contentUrl":"https:\/\/secure.gravatar.com\/avatar\/9167d280179c85bc18be67aa7eda765854300033af4896dd779b608640f2ef7a?s=96&d=mm&r=g","caption":"Diario1 Diario1"},"url":"https:\/\/diariotextual.com\/inicio\/index.php\/author\/diario1\/"}]}},"_links":{"self":[{"href":"https:\/\/diariotextual.com\/inicio\/index.php\/wp-json\/wp\/v2\/posts\/224171","targetHints":{"allow":["GET"]}}],"collection":[{"href":"https:\/\/diariotextual.com\/inicio\/index.php\/wp-json\/wp\/v2\/posts"}],"about":[{"href":"https:\/\/diariotextual.com\/inicio\/index.php\/wp-json\/wp\/v2\/types\/post"}],"author":[{"embeddable":true,"href":"https:\/\/diariotextual.com\/inicio\/index.php\/wp-json\/wp\/v2\/users\/3"}],"replies":[{"embeddable":true,"href":"https:\/\/diariotextual.com\/inicio\/index.php\/wp-json\/wp\/v2\/comments?post=224171"}],"version-history":[{"count":2,"href":"https:\/\/diariotextual.com\/inicio\/index.php\/wp-json\/wp\/v2\/posts\/224171\/revisions"}],"predecessor-version":[{"id":224173,"href":"https:\/\/diariotextual.com\/inicio\/index.php\/wp-json\/wp\/v2\/posts\/224171\/revisions\/224173"}],"wp:featuredmedia":[{"embeddable":true,"href":"https:\/\/diariotextual.com\/inicio\/index.php\/wp-json\/wp\/v2\/media\/224174"}],"wp:attachment":[{"href":"https:\/\/diariotextual.com\/inicio\/index.php\/wp-json\/wp\/v2\/media?parent=224171"}],"wp:term":[{"taxonomy":"category","embeddable":true,"href":"https:\/\/diariotextual.com\/inicio\/index.php\/wp-json\/wp\/v2\/categories?post=224171"},{"taxonomy":"post_tag","embeddable":true,"href":"https:\/\/diariotextual.com\/inicio\/index.php\/wp-json\/wp\/v2\/tags?post=224171"}],"curies":[{"name":"wp","href":"https:\/\/api.w.org\/{rel}","templated":true}]}}