{"id":224199,"date":"2023-05-04T13:26:28","date_gmt":"2023-05-04T16:26:28","guid":{"rendered":"https:\/\/diariotextual.com\/inicio\/?p=224199"},"modified":"2023-05-04T18:30:09","modified_gmt":"2023-05-04T21:30:09","slug":"pico-el-tip-confirmo-dos-condenas-por-abuso-sexual-y-robo-con-armas","status":"publish","type":"post","link":"https:\/\/diariotextual.com\/inicio\/index.php\/2023\/05\/04\/pico-el-tip-confirmo-dos-condenas-por-abuso-sexual-y-robo-con-armas\/","title":{"rendered":"Pico: el TIP confirm\u00f3 dos condenas por abuso sexual y robo con armas"},"content":{"rendered":"\n<p>El Tribunal de Impugnaci\u00f3n Penal confirm\u00f3 dos condenas dictadas por la jueza de audiencia Mar\u00eda Jos\u00e9 Gianinetto y el juez de audiencia Marcelo Pagano, ambos de General Pico, en casos de <strong>abuso sexual y robo agravado<\/strong>, respectivamente.<\/p>\n\n\n\n<p>La Sala A, conformada por la jueza Mar\u00eda Eugenia Schijvarger y el juez Mauricio Piombi, ratific\u00f3 la condena contra un empleado municipal de 34 a\u00f1os, a siete a\u00f1os de prisi\u00f3n, por abuso sexual con acceso carnal en perjuicio de la hija de un primo.<\/p>\n\n\n\n<p>As\u00ed lo hizo saber al no hacer lugar al recurso de impugnaci\u00f3n interpuesto por los defensores particulares, Cristina Lujan Salvadori y Jer\u00f3nimo Altamirano, por lo que confirm\u00f3 el fallo que Gianinetto dictara el 21 de diciembre.<\/p>\n\n\n\n<p>Los hechos ocurrieron en una vivienda familiar, <strong>a la salida de un boliche, cuando el imputado le ofreci\u00f3 a la v\u00edctima, una menor de 16 a\u00f1os, llevarla a su casa y, en cambio, cerr\u00f3 con llave una habitaci\u00f3n para cometer la agresi\u00f3n sexual.<\/strong> Despu\u00e9s llam\u00f3 al padre para que fuera a buscarla, argumentando que estaba borracha, lo que no fue verdad.<\/p>\n\n\n\n<p>Schijvarger y Piombi respondieron minuciosamente, en un texto con 189 puntos, los cuestionamientos de la defensa; especialmente las presuntas contradicciones de los relatos de la v\u00edctima y algunos testigos.<\/p>\n\n\n\n<p>Salvadori y Altamirano tambi\u00e9n se quejaron por la pena, pero el Tribunal les contest\u00f3 que \u201cla sentencia valor\u00f3 la prueba de conformidad con las pautas de la sana cr\u00edtica racional\u201d y que \u201csus conclusiones no devinieron de la \u00edntima convicci\u00f3n de la jueza, sino de la valoraci\u00f3n conjunta de toda la prueba producida\u201d.<\/p>\n\n\n\n<p>All\u00ed incluyeron las afectaciones que el episodio de violencia sexual le produjo a la menor y que se tradujeron en \u201cconsecuencias en su vida cotidiana, tales como dejar los estudios, no querer conocer gente nueva del sexo masculino y haber tenido episodios de autolesiones\u201d.<\/p>\n\n\n\n<p>Por otra parte, la Sala B del TIP, integrada por los jueces Gabriel Lauce Ted\u00edn y Filinto Rebechi, confirm\u00f3 en un todo la sentencia que, el 7 de marzo dictara Pagano, condenando a Alex Javier Quiroz a tres a\u00f1os y seis meses de prisi\u00f3n de cumplimiento efectivo, como autor de los delitos de robo agravado por la utilizaci\u00f3n de arma de fuego \u2013cuya aptitud para el disparo no ha podido ser acreditada\u2013 y encubrimiento agravado por el \u00e1nimo de lucro, en concurso real con estelionato en grado de tentativa.<\/p>\n\n\n\n<p>Ted\u00edn y Rebechi no hicieron lugar al recurso de impugnaci\u00f3n presentado por el defensor Michel Divoy, en nombre del imputado. El abogado hab\u00eda sostenido que, con la prueba reunida durante el debate oral, exist\u00eda una duda razonable y que por eso Quiroz (28 a\u00f1os) deb\u00eda ser absuelto.<\/p>\n\n\n\n<p>Sin embargo, el TIP ratific\u00f3 su culpabilidad en las dos causas penales. En una dio por probado que el 22 de junio del a\u00f1o pasado, Quiroz ingres\u00f3 a un departamento \u2013junto a otra persona no identificada\u2013 y, exhibi\u00e9ndole una pistola, le manifest\u00f3 a su morador: \u201ccallate la boca, tirate al piso\u2026. no grites, las manos en la nuca y no mires\u201d. \u2026\u2026no mires\u201d.<\/p>\n\n\n\n<p>Luego <strong>le taparon los ojos con un buzo<\/strong> y llevaron a la v\u00edctima hacia una habitaci\u00f3n ubicada en el primer piso, pregunt\u00e1ndole donde hab\u00eda dinero. All\u00ed le ordenaron que se arrodillara en el suelo y le sujetaron sus manos con el cable cargador de una computadora y un cintur\u00f3n. Posteriormente <strong>ambos ladrones sustrajeron 133.000 pesos, una notebook, un teclado num\u00e9rico, un celular, una billetera con documentaci\u00f3n personal y tarjetas y una mochila.<\/strong><\/p>\n\n\n\n<p>En este otro legajo se acredit\u00f3 que el 27 de junio, Quiroz ten\u00eda en su poder una notebook que desconocidos le hab\u00edan robado el d\u00eda anterior a otro damnificado y que intent\u00f3 vend\u00e9rsela a un hombre \u201cal precio \u00ednfimo\u201d de 20.000 pesos; para lo cual le envi\u00f3 fotos a trav\u00e9s del Whatsapp. Adem\u00e1s tambi\u00e9n ten\u00eda un cuchillo que hab\u00eda sustra\u00eddo del departamento.\u200b<\/p>\n","protected":false},"excerpt":{"rendered":"<p>El Tribunal de Impugnaci\u00f3n Penal confirm\u00f3 dos condenas dictadas por la jueza de audiencia Mar\u00eda Jos\u00e9 Gianinetto y el juez de audiencia Marcelo Pagano, ambos de General Pico, en casos&hellip;<\/p>\n","protected":false},"author":4,"featured_media":73562,"comment_status":"closed","ping_status":"open","sticky":false,"template":"","format":"standard","meta":{"_acf_changed":false,"footnotes":""},"categories":[1,12],"tags":[],"class_list":["post-224199","post","type-post","status-publish","format-standard","has-post-thumbnail","hentry","category-es-noticia","category-sociedad"],"acf":[],"yoast_head":"<!-- This site is optimized with the Yoast SEO plugin v27.5 - https:\/\/yoast.com\/product\/yoast-seo-wordpress\/ -->\n<title>Pico: el TIP confirm\u00f3 dos condenas por abuso sexual y robo con armas - Diario Textual<\/title>\n<meta name=\"robots\" content=\"index, follow, max-snippet:-1, max-image-preview:large, max-video-preview:-1\" \/>\n<link rel=\"canonical\" href=\"https:\/\/diariotextual.com\/inicio\/index.php\/2023\/05\/04\/pico-el-tip-confirmo-dos-condenas-por-abuso-sexual-y-robo-con-armas\/\" \/>\n<meta property=\"og:locale\" content=\"es_ES\" \/>\n<meta property=\"og:type\" content=\"article\" \/>\n<meta property=\"og:title\" content=\"Pico: el TIP confirm\u00f3 dos condenas por abuso sexual y robo con armas - Diario Textual\" \/>\n<meta property=\"og:description\" content=\"El Tribunal de Impugnaci\u00f3n Penal confirm\u00f3 dos condenas dictadas por la jueza de audiencia Mar\u00eda Jos\u00e9 Gianinetto y el juez de audiencia Marcelo Pagano, ambos de General Pico, en casos&hellip;\" \/>\n<meta property=\"og:url\" content=\"https:\/\/diariotextual.com\/inicio\/index.php\/2023\/05\/04\/pico-el-tip-confirmo-dos-condenas-por-abuso-sexual-y-robo-con-armas\/\" \/>\n<meta property=\"og:site_name\" content=\"Diario Textual\" \/>\n<meta property=\"article:publisher\" content=\"https:\/\/www.facebook.com\/eltextual\" \/>\n<meta property=\"article:published_time\" content=\"2023-05-04T16:26:28+00:00\" \/>\n<meta property=\"article:modified_time\" content=\"2023-05-04T21:30:09+00:00\" \/>\n<meta property=\"og:image\" content=\"https:\/\/diariotextual.com\/inicio\/wp-content\/uploads\/2019\/12\/Tribunales-pico-vistageneral.jpg\" \/>\n\t<meta property=\"og:image:width\" content=\"640\" \/>\n\t<meta property=\"og:image:height\" content=\"400\" \/>\n\t<meta property=\"og:image:type\" content=\"image\/jpeg\" \/>\n<meta name=\"author\" content=\"diario2\" \/>\n<meta name=\"twitter:card\" content=\"summary_large_image\" \/>\n<meta name=\"twitter:creator\" content=\"@eltextual\" \/>\n<meta name=\"twitter:site\" content=\"@eltextual\" \/>\n<meta name=\"twitter:label1\" content=\"Escrito por\" \/>\n\t<meta name=\"twitter:data1\" content=\"diario2\" \/>\n\t<meta name=\"twitter:label2\" content=\"Tiempo de lectura\" \/>\n\t<meta name=\"twitter:data2\" content=\"3 minutos\" \/>\n<script type=\"application\/ld+json\" class=\"yoast-schema-graph\">{\"@context\":\"https:\\\/\\\/schema.org\",\"@graph\":[{\"@type\":\"Article\",\"@id\":\"https:\\\/\\\/diariotextual.com\\\/inicio\\\/index.php\\\/2023\\\/05\\\/04\\\/pico-el-tip-confirmo-dos-condenas-por-abuso-sexual-y-robo-con-armas\\\/#article\",\"isPartOf\":{\"@id\":\"https:\\\/\\\/diariotextual.com\\\/inicio\\\/index.php\\\/2023\\\/05\\\/04\\\/pico-el-tip-confirmo-dos-condenas-por-abuso-sexual-y-robo-con-armas\\\/\"},\"author\":{\"name\":\"diario2\",\"@id\":\"https:\\\/\\\/diariotextual.com\\\/inicio\\\/#\\\/schema\\\/person\\\/694f60677f23c4a530867a98f22b3768\"},\"headline\":\"Pico: el TIP confirm\u00f3 dos condenas por abuso sexual y robo con armas\",\"datePublished\":\"2023-05-04T16:26:28+00:00\",\"dateModified\":\"2023-05-04T21:30:09+00:00\",\"mainEntityOfPage\":{\"@id\":\"https:\\\/\\\/diariotextual.com\\\/inicio\\\/index.php\\\/2023\\\/05\\\/04\\\/pico-el-tip-confirmo-dos-condenas-por-abuso-sexual-y-robo-con-armas\\\/\"},\"wordCount\":687,\"publisher\":{\"@id\":\"https:\\\/\\\/diariotextual.com\\\/inicio\\\/#organization\"},\"image\":{\"@id\":\"https:\\\/\\\/diariotextual.com\\\/inicio\\\/index.php\\\/2023\\\/05\\\/04\\\/pico-el-tip-confirmo-dos-condenas-por-abuso-sexual-y-robo-con-armas\\\/#primaryimage\"},\"thumbnailUrl\":\"https:\\\/\\\/diariotextual.com\\\/inicio\\\/wp-content\\\/uploads\\\/2019\\\/12\\\/Tribunales-pico-vistageneral.jpg\",\"articleSection\":[\"A - ES NOTICIA (van abajo)\",\"SOCIEDAD\"],\"inLanguage\":\"es\"},{\"@type\":\"WebPage\",\"@id\":\"https:\\\/\\\/diariotextual.com\\\/inicio\\\/index.php\\\/2023\\\/05\\\/04\\\/pico-el-tip-confirmo-dos-condenas-por-abuso-sexual-y-robo-con-armas\\\/\",\"url\":\"https:\\\/\\\/diariotextual.com\\\/inicio\\\/index.php\\\/2023\\\/05\\\/04\\\/pico-el-tip-confirmo-dos-condenas-por-abuso-sexual-y-robo-con-armas\\\/\",\"name\":\"Pico: el TIP confirm\u00f3 dos condenas por abuso sexual y robo con armas - Diario Textual\",\"isPartOf\":{\"@id\":\"https:\\\/\\\/diariotextual.com\\\/inicio\\\/#website\"},\"primaryImageOfPage\":{\"@id\":\"https:\\\/\\\/diariotextual.com\\\/inicio\\\/index.php\\\/2023\\\/05\\\/04\\\/pico-el-tip-confirmo-dos-condenas-por-abuso-sexual-y-robo-con-armas\\\/#primaryimage\"},\"image\":{\"@id\":\"https:\\\/\\\/diariotextual.com\\\/inicio\\\/index.php\\\/2023\\\/05\\\/04\\\/pico-el-tip-confirmo-dos-condenas-por-abuso-sexual-y-robo-con-armas\\\/#primaryimage\"},\"thumbnailUrl\":\"https:\\\/\\\/diariotextual.com\\\/inicio\\\/wp-content\\\/uploads\\\/2019\\\/12\\\/Tribunales-pico-vistageneral.jpg\",\"datePublished\":\"2023-05-04T16:26:28+00:00\",\"dateModified\":\"2023-05-04T21:30:09+00:00\",\"breadcrumb\":{\"@id\":\"https:\\\/\\\/diariotextual.com\\\/inicio\\\/index.php\\\/2023\\\/05\\\/04\\\/pico-el-tip-confirmo-dos-condenas-por-abuso-sexual-y-robo-con-armas\\\/#breadcrumb\"},\"inLanguage\":\"es\",\"potentialAction\":[{\"@type\":\"ReadAction\",\"target\":[\"https:\\\/\\\/diariotextual.com\\\/inicio\\\/index.php\\\/2023\\\/05\\\/04\\\/pico-el-tip-confirmo-dos-condenas-por-abuso-sexual-y-robo-con-armas\\\/\"]}]},{\"@type\":\"ImageObject\",\"inLanguage\":\"es\",\"@id\":\"https:\\\/\\\/diariotextual.com\\\/inicio\\\/index.php\\\/2023\\\/05\\\/04\\\/pico-el-tip-confirmo-dos-condenas-por-abuso-sexual-y-robo-con-armas\\\/#primaryimage\",\"url\":\"https:\\\/\\\/diariotextual.com\\\/inicio\\\/wp-content\\\/uploads\\\/2019\\\/12\\\/Tribunales-pico-vistageneral.jpg\",\"contentUrl\":\"https:\\\/\\\/diariotextual.com\\\/inicio\\\/wp-content\\\/uploads\\\/2019\\\/12\\\/Tribunales-pico-vistageneral.jpg\",\"width\":640,\"height\":400},{\"@type\":\"BreadcrumbList\",\"@id\":\"https:\\\/\\\/diariotextual.com\\\/inicio\\\/index.php\\\/2023\\\/05\\\/04\\\/pico-el-tip-confirmo-dos-condenas-por-abuso-sexual-y-robo-con-armas\\\/#breadcrumb\",\"itemListElement\":[{\"@type\":\"ListItem\",\"position\":1,\"name\":\"Portada\",\"item\":\"https:\\\/\\\/diariotextual.com\\\/inicio\\\/\"},{\"@type\":\"ListItem\",\"position\":2,\"name\":\"Pico: el TIP confirm\u00f3 dos condenas por abuso sexual y robo con armas\"}]},{\"@type\":\"WebSite\",\"@id\":\"https:\\\/\\\/diariotextual.com\\\/inicio\\\/#website\",\"url\":\"https:\\\/\\\/diariotextual.com\\\/inicio\\\/\",\"name\":\"Diario Textual\",\"description\":\"\",\"publisher\":{\"@id\":\"https:\\\/\\\/diariotextual.com\\\/inicio\\\/#organization\"},\"potentialAction\":[{\"@type\":\"SearchAction\",\"target\":{\"@type\":\"EntryPoint\",\"urlTemplate\":\"https:\\\/\\\/diariotextual.com\\\/inicio\\\/?s={search_term_string}\"},\"query-input\":{\"@type\":\"PropertyValueSpecification\",\"valueRequired\":true,\"valueName\":\"search_term_string\"}}],\"inLanguage\":\"es\"},{\"@type\":\"Organization\",\"@id\":\"https:\\\/\\\/diariotextual.com\\\/inicio\\\/#organization\",\"name\":\"Diario Textual\",\"url\":\"https:\\\/\\\/diariotextual.com\\\/inicio\\\/\",\"logo\":{\"@type\":\"ImageObject\",\"inLanguage\":\"es\",\"@id\":\"https:\\\/\\\/diariotextual.com\\\/inicio\\\/#\\\/schema\\\/logo\\\/image\\\/\",\"url\":\"https:\\\/\\\/diariotextual.com\\\/inicio\\\/wp-content\\\/uploads\\\/2023\\\/05\\\/logotextual1.jpg\",\"contentUrl\":\"https:\\\/\\\/diariotextual.com\\\/inicio\\\/wp-content\\\/uploads\\\/2023\\\/05\\\/logotextual1.jpg\",\"width\":516,\"height\":76,\"caption\":\"Diario Textual\"},\"image\":{\"@id\":\"https:\\\/\\\/diariotextual.com\\\/inicio\\\/#\\\/schema\\\/logo\\\/image\\\/\"},\"sameAs\":[\"https:\\\/\\\/www.facebook.com\\\/eltextual\",\"https:\\\/\\\/x.com\\\/eltextual\",\"http:\\\/\\\/www.instagram.com\\\/eltextual\"]},{\"@type\":\"Person\",\"@id\":\"https:\\\/\\\/diariotextual.com\\\/inicio\\\/#\\\/schema\\\/person\\\/694f60677f23c4a530867a98f22b3768\",\"name\":\"diario2\",\"image\":{\"@type\":\"ImageObject\",\"inLanguage\":\"es\",\"@id\":\"https:\\\/\\\/secure.gravatar.com\\\/avatar\\\/5a2567495ba16b852fcd8f1ed006a2e24fcace936018ed8237e95f488ad6e0a7?s=96&d=mm&r=g\",\"url\":\"https:\\\/\\\/secure.gravatar.com\\\/avatar\\\/5a2567495ba16b852fcd8f1ed006a2e24fcace936018ed8237e95f488ad6e0a7?s=96&d=mm&r=g\",\"contentUrl\":\"https:\\\/\\\/secure.gravatar.com\\\/avatar\\\/5a2567495ba16b852fcd8f1ed006a2e24fcace936018ed8237e95f488ad6e0a7?s=96&d=mm&r=g\",\"caption\":\"diario2\"},\"url\":\"https:\\\/\\\/diariotextual.com\\\/inicio\\\/index.php\\\/author\\\/diario2\\\/\"}]}<\/script>\n<!-- \/ Yoast SEO plugin. -->","yoast_head_json":{"title":"Pico: el TIP confirm\u00f3 dos condenas por abuso sexual y robo con armas - Diario Textual","robots":{"index":"index","follow":"follow","max-snippet":"max-snippet:-1","max-image-preview":"max-image-preview:large","max-video-preview":"max-video-preview:-1"},"canonical":"https:\/\/diariotextual.com\/inicio\/index.php\/2023\/05\/04\/pico-el-tip-confirmo-dos-condenas-por-abuso-sexual-y-robo-con-armas\/","og_locale":"es_ES","og_type":"article","og_title":"Pico: el TIP confirm\u00f3 dos condenas por abuso sexual y robo con armas - Diario Textual","og_description":"El Tribunal de Impugnaci\u00f3n Penal confirm\u00f3 dos condenas dictadas por la jueza de audiencia Mar\u00eda Jos\u00e9 Gianinetto y el juez de audiencia Marcelo Pagano, ambos de General Pico, en casos&hellip;","og_url":"https:\/\/diariotextual.com\/inicio\/index.php\/2023\/05\/04\/pico-el-tip-confirmo-dos-condenas-por-abuso-sexual-y-robo-con-armas\/","og_site_name":"Diario Textual","article_publisher":"https:\/\/www.facebook.com\/eltextual","article_published_time":"2023-05-04T16:26:28+00:00","article_modified_time":"2023-05-04T21:30:09+00:00","og_image":[{"width":640,"height":400,"url":"https:\/\/diariotextual.com\/inicio\/wp-content\/uploads\/2019\/12\/Tribunales-pico-vistageneral.jpg","type":"image\/jpeg"}],"author":"diario2","twitter_card":"summary_large_image","twitter_creator":"@eltextual","twitter_site":"@eltextual","twitter_misc":{"Escrito por":"diario2","Tiempo de lectura":"3 minutos"},"schema":{"@context":"https:\/\/schema.org","@graph":[{"@type":"Article","@id":"https:\/\/diariotextual.com\/inicio\/index.php\/2023\/05\/04\/pico-el-tip-confirmo-dos-condenas-por-abuso-sexual-y-robo-con-armas\/#article","isPartOf":{"@id":"https:\/\/diariotextual.com\/inicio\/index.php\/2023\/05\/04\/pico-el-tip-confirmo-dos-condenas-por-abuso-sexual-y-robo-con-armas\/"},"author":{"name":"diario2","@id":"https:\/\/diariotextual.com\/inicio\/#\/schema\/person\/694f60677f23c4a530867a98f22b3768"},"headline":"Pico: el TIP confirm\u00f3 dos condenas por abuso sexual y robo con armas","datePublished":"2023-05-04T16:26:28+00:00","dateModified":"2023-05-04T21:30:09+00:00","mainEntityOfPage":{"@id":"https:\/\/diariotextual.com\/inicio\/index.php\/2023\/05\/04\/pico-el-tip-confirmo-dos-condenas-por-abuso-sexual-y-robo-con-armas\/"},"wordCount":687,"publisher":{"@id":"https:\/\/diariotextual.com\/inicio\/#organization"},"image":{"@id":"https:\/\/diariotextual.com\/inicio\/index.php\/2023\/05\/04\/pico-el-tip-confirmo-dos-condenas-por-abuso-sexual-y-robo-con-armas\/#primaryimage"},"thumbnailUrl":"https:\/\/diariotextual.com\/inicio\/wp-content\/uploads\/2019\/12\/Tribunales-pico-vistageneral.jpg","articleSection":["A - ES NOTICIA (van abajo)","SOCIEDAD"],"inLanguage":"es"},{"@type":"WebPage","@id":"https:\/\/diariotextual.com\/inicio\/index.php\/2023\/05\/04\/pico-el-tip-confirmo-dos-condenas-por-abuso-sexual-y-robo-con-armas\/","url":"https:\/\/diariotextual.com\/inicio\/index.php\/2023\/05\/04\/pico-el-tip-confirmo-dos-condenas-por-abuso-sexual-y-robo-con-armas\/","name":"Pico: el TIP confirm\u00f3 dos condenas por abuso sexual y robo con armas - Diario Textual","isPartOf":{"@id":"https:\/\/diariotextual.com\/inicio\/#website"},"primaryImageOfPage":{"@id":"https:\/\/diariotextual.com\/inicio\/index.php\/2023\/05\/04\/pico-el-tip-confirmo-dos-condenas-por-abuso-sexual-y-robo-con-armas\/#primaryimage"},"image":{"@id":"https:\/\/diariotextual.com\/inicio\/index.php\/2023\/05\/04\/pico-el-tip-confirmo-dos-condenas-por-abuso-sexual-y-robo-con-armas\/#primaryimage"},"thumbnailUrl":"https:\/\/diariotextual.com\/inicio\/wp-content\/uploads\/2019\/12\/Tribunales-pico-vistageneral.jpg","datePublished":"2023-05-04T16:26:28+00:00","dateModified":"2023-05-04T21:30:09+00:00","breadcrumb":{"@id":"https:\/\/diariotextual.com\/inicio\/index.php\/2023\/05\/04\/pico-el-tip-confirmo-dos-condenas-por-abuso-sexual-y-robo-con-armas\/#breadcrumb"},"inLanguage":"es","potentialAction":[{"@type":"ReadAction","target":["https:\/\/diariotextual.com\/inicio\/index.php\/2023\/05\/04\/pico-el-tip-confirmo-dos-condenas-por-abuso-sexual-y-robo-con-armas\/"]}]},{"@type":"ImageObject","inLanguage":"es","@id":"https:\/\/diariotextual.com\/inicio\/index.php\/2023\/05\/04\/pico-el-tip-confirmo-dos-condenas-por-abuso-sexual-y-robo-con-armas\/#primaryimage","url":"https:\/\/diariotextual.com\/inicio\/wp-content\/uploads\/2019\/12\/Tribunales-pico-vistageneral.jpg","contentUrl":"https:\/\/diariotextual.com\/inicio\/wp-content\/uploads\/2019\/12\/Tribunales-pico-vistageneral.jpg","width":640,"height":400},{"@type":"BreadcrumbList","@id":"https:\/\/diariotextual.com\/inicio\/index.php\/2023\/05\/04\/pico-el-tip-confirmo-dos-condenas-por-abuso-sexual-y-robo-con-armas\/#breadcrumb","itemListElement":[{"@type":"ListItem","position":1,"name":"Portada","item":"https:\/\/diariotextual.com\/inicio\/"},{"@type":"ListItem","position":2,"name":"Pico: el TIP confirm\u00f3 dos condenas por abuso sexual y robo con armas"}]},{"@type":"WebSite","@id":"https:\/\/diariotextual.com\/inicio\/#website","url":"https:\/\/diariotextual.com\/inicio\/","name":"Diario Textual","description":"","publisher":{"@id":"https:\/\/diariotextual.com\/inicio\/#organization"},"potentialAction":[{"@type":"SearchAction","target":{"@type":"EntryPoint","urlTemplate":"https:\/\/diariotextual.com\/inicio\/?s={search_term_string}"},"query-input":{"@type":"PropertyValueSpecification","valueRequired":true,"valueName":"search_term_string"}}],"inLanguage":"es"},{"@type":"Organization","@id":"https:\/\/diariotextual.com\/inicio\/#organization","name":"Diario Textual","url":"https:\/\/diariotextual.com\/inicio\/","logo":{"@type":"ImageObject","inLanguage":"es","@id":"https:\/\/diariotextual.com\/inicio\/#\/schema\/logo\/image\/","url":"https:\/\/diariotextual.com\/inicio\/wp-content\/uploads\/2023\/05\/logotextual1.jpg","contentUrl":"https:\/\/diariotextual.com\/inicio\/wp-content\/uploads\/2023\/05\/logotextual1.jpg","width":516,"height":76,"caption":"Diario Textual"},"image":{"@id":"https:\/\/diariotextual.com\/inicio\/#\/schema\/logo\/image\/"},"sameAs":["https:\/\/www.facebook.com\/eltextual","https:\/\/x.com\/eltextual","http:\/\/www.instagram.com\/eltextual"]},{"@type":"Person","@id":"https:\/\/diariotextual.com\/inicio\/#\/schema\/person\/694f60677f23c4a530867a98f22b3768","name":"diario2","image":{"@type":"ImageObject","inLanguage":"es","@id":"https:\/\/secure.gravatar.com\/avatar\/5a2567495ba16b852fcd8f1ed006a2e24fcace936018ed8237e95f488ad6e0a7?s=96&d=mm&r=g","url":"https:\/\/secure.gravatar.com\/avatar\/5a2567495ba16b852fcd8f1ed006a2e24fcace936018ed8237e95f488ad6e0a7?s=96&d=mm&r=g","contentUrl":"https:\/\/secure.gravatar.com\/avatar\/5a2567495ba16b852fcd8f1ed006a2e24fcace936018ed8237e95f488ad6e0a7?s=96&d=mm&r=g","caption":"diario2"},"url":"https:\/\/diariotextual.com\/inicio\/index.php\/author\/diario2\/"}]}},"_links":{"self":[{"href":"https:\/\/diariotextual.com\/inicio\/index.php\/wp-json\/wp\/v2\/posts\/224199","targetHints":{"allow":["GET"]}}],"collection":[{"href":"https:\/\/diariotextual.com\/inicio\/index.php\/wp-json\/wp\/v2\/posts"}],"about":[{"href":"https:\/\/diariotextual.com\/inicio\/index.php\/wp-json\/wp\/v2\/types\/post"}],"author":[{"embeddable":true,"href":"https:\/\/diariotextual.com\/inicio\/index.php\/wp-json\/wp\/v2\/users\/4"}],"replies":[{"embeddable":true,"href":"https:\/\/diariotextual.com\/inicio\/index.php\/wp-json\/wp\/v2\/comments?post=224199"}],"version-history":[{"count":1,"href":"https:\/\/diariotextual.com\/inicio\/index.php\/wp-json\/wp\/v2\/posts\/224199\/revisions"}],"predecessor-version":[{"id":224200,"href":"https:\/\/diariotextual.com\/inicio\/index.php\/wp-json\/wp\/v2\/posts\/224199\/revisions\/224200"}],"wp:featuredmedia":[{"embeddable":true,"href":"https:\/\/diariotextual.com\/inicio\/index.php\/wp-json\/wp\/v2\/media\/73562"}],"wp:attachment":[{"href":"https:\/\/diariotextual.com\/inicio\/index.php\/wp-json\/wp\/v2\/media?parent=224199"}],"wp:term":[{"taxonomy":"category","embeddable":true,"href":"https:\/\/diariotextual.com\/inicio\/index.php\/wp-json\/wp\/v2\/categories?post=224199"},{"taxonomy":"post_tag","embeddable":true,"href":"https:\/\/diariotextual.com\/inicio\/index.php\/wp-json\/wp\/v2\/tags?post=224199"}],"curies":[{"name":"wp","href":"https:\/\/api.w.org\/{rel}","templated":true}]}}