{"id":224201,"date":"2023-05-04T14:11:55","date_gmt":"2023-05-04T17:11:55","guid":{"rendered":"https:\/\/diariotextual.com\/inicio\/?p=224201"},"modified":"2023-05-04T14:14:16","modified_gmt":"2023-05-04T17:14:16","slug":"estrenan-en-santa-rosa-la-obra-de-quien-es-el-mar-del-programa-teatro-nacional-cervantes-produce","status":"publish","type":"post","link":"https:\/\/diariotextual.com\/inicio\/index.php\/2023\/05\/04\/estrenan-en-santa-rosa-la-obra-de-quien-es-el-mar-del-programa-teatro-nacional-cervantes-produce\/","title":{"rendered":"Estrenan en Santa Rosa la obra \u201cDe qui\u00e9n es el mar\u201d"},"content":{"rendered":"\n<p>La obra<strong> \u201cDe qui\u00e9n es el mar<\/strong>\u201d ser\u00e1 estrenada este viernes 5 de mayo en el Teatro Espa\u00f1ol de Santa Rosa como parte del <strong>programa Teatro Nacional Cervantes Produce<\/strong> en el pa\u00eds de la temporada 2023.<\/p>\n\n\n\n<p>La obra fue escrita por Carola di Nardo y cuenta con la direcci\u00f3n de Astrid Urban y la actuaci\u00f3n de B\u00e1rbara Maldonado. <\/p>\n\n\n\n<p>TNC Produce en el pa\u00eds es un programa que promueve el desarrollo de artistas locales en diferentes ciudades de la Argentina, para que formen parte de la programaci\u00f3n del TNC m\u00e1s all\u00e1 de su sede central.<\/p>\n\n\n\n<p>Odisea arma un ritual, una confesi\u00f3n, un ensayo de lo que ser\u00eda contarle al mundo su deseo. El deseo de migrar a otro cuerpo, el deseo de mostrarse tal cual es: una persona trans. As\u00ed, al igual que Ulises en La Odisea que recorre un camino espiritual para hallar su interior, su capacidad de amar y de reencontrarse consigo mismo, el personaje de esta obra viaja por escenarios mitol\u00f3gicos que le ayudan a develar su verdad.<\/p>\n\n\n\n<p>Nuestra Odisea pampeana navega el mar-m\u00e9dano. El mar como pasado arqueol\u00f3gico, como origen natural. <strong>El suelo pampeano como territorio trans: el antiguo mar que fue y el desierto que es ahora.<\/strong><\/p>\n\n\n\n<p>El dise\u00f1o sonoro es de Majo Leiva, la coreograf\u00eda de Nala Valenzuela, el maquillaje y peinado de Victoria Castillo, la realizaci\u00f3n de escenograf\u00eda de Diego G\u00f3mez, la realizaci\u00f3n de vestuario de Agustina Bergonzi, la asistencia de direcci\u00f3n de Carolina Vergara, la producci\u00f3n local de Sol Riscossa y el dise\u00f1o de escenograf\u00eda, luces y vestuario de Agustina Blanc.<\/p>\n\n\n\n<p>\u201cDe qui\u00e9n es el mar\u201d se presentar\u00e1 del 5 de mayo al 30 de junio, en el Teatro Espa\u00f1ol, en Hilario Lagos 44, Santa Rosa, los viernes a las 21 horas y domingos a las 20 horas.<\/p>\n\n\n\n<p>Las localidades son gratuitas y ya se pueden retirar en la boleter\u00eda del teatro.<\/p>\n","protected":false},"excerpt":{"rendered":"<p>La obra \u201cDe qui\u00e9n es el mar\u201d ser\u00e1 estrenada este viernes 5 de mayo en el Teatro Espa\u00f1ol de Santa Rosa como parte del programa Teatro Nacional Cervantes Produce en&hellip;<\/p>\n","protected":false},"author":4,"featured_media":224202,"comment_status":"closed","ping_status":"open","sticky":false,"template":"","format":"standard","meta":{"_acf_changed":false,"footnotes":""},"categories":[1,2],"tags":[],"class_list":["post-224201","post","type-post","status-publish","format-standard","has-post-thumbnail","hentry","category-es-noticia","category-cultura"],"acf":[],"yoast_head":"<!-- This site is optimized with the Yoast SEO plugin v27.5 - https:\/\/yoast.com\/product\/yoast-seo-wordpress\/ -->\n<title>Estrenan en Santa Rosa la obra \u201cDe qui\u00e9n es el mar\u201d - Diario Textual<\/title>\n<meta name=\"robots\" content=\"index, follow, max-snippet:-1, max-image-preview:large, max-video-preview:-1\" \/>\n<link rel=\"canonical\" href=\"https:\/\/diariotextual.com\/inicio\/index.php\/2023\/05\/04\/estrenan-en-santa-rosa-la-obra-de-quien-es-el-mar-del-programa-teatro-nacional-cervantes-produce\/\" \/>\n<meta property=\"og:locale\" content=\"es_ES\" \/>\n<meta property=\"og:type\" content=\"article\" \/>\n<meta property=\"og:title\" content=\"Estrenan en Santa Rosa la obra \u201cDe qui\u00e9n es el mar\u201d - Diario Textual\" \/>\n<meta property=\"og:description\" content=\"La obra \u201cDe qui\u00e9n es el mar\u201d ser\u00e1 estrenada este viernes 5 de mayo en el Teatro Espa\u00f1ol de Santa Rosa como parte del programa Teatro Nacional Cervantes Produce en&hellip;\" \/>\n<meta property=\"og:url\" content=\"https:\/\/diariotextual.com\/inicio\/index.php\/2023\/05\/04\/estrenan-en-santa-rosa-la-obra-de-quien-es-el-mar-del-programa-teatro-nacional-cervantes-produce\/\" \/>\n<meta property=\"og:site_name\" content=\"Diario Textual\" \/>\n<meta property=\"article:publisher\" content=\"https:\/\/www.facebook.com\/eltextual\" \/>\n<meta property=\"article:published_time\" content=\"2023-05-04T17:11:55+00:00\" \/>\n<meta property=\"article:modified_time\" content=\"2023-05-04T17:14:16+00:00\" \/>\n<meta property=\"og:image\" content=\"https:\/\/diariotextual.com\/inicio\/wp-content\/uploads\/2023\/05\/dequineselmarteatro74325.jpg\" \/>\n\t<meta property=\"og:image:width\" content=\"900\" \/>\n\t<meta property=\"og:image:height\" content=\"499\" \/>\n\t<meta property=\"og:image:type\" content=\"image\/jpeg\" \/>\n<meta name=\"author\" content=\"diario2\" \/>\n<meta name=\"twitter:card\" content=\"summary_large_image\" \/>\n<meta name=\"twitter:creator\" content=\"@eltextual\" \/>\n<meta name=\"twitter:site\" content=\"@eltextual\" \/>\n<meta name=\"twitter:label1\" content=\"Escrito por\" \/>\n\t<meta name=\"twitter:data1\" content=\"diario2\" \/>\n\t<meta name=\"twitter:label2\" content=\"Tiempo de lectura\" \/>\n\t<meta name=\"twitter:data2\" content=\"2 minutos\" \/>\n<script type=\"application\/ld+json\" class=\"yoast-schema-graph\">{\"@context\":\"https:\\\/\\\/schema.org\",\"@graph\":[{\"@type\":\"Article\",\"@id\":\"https:\\\/\\\/diariotextual.com\\\/inicio\\\/index.php\\\/2023\\\/05\\\/04\\\/estrenan-en-santa-rosa-la-obra-de-quien-es-el-mar-del-programa-teatro-nacional-cervantes-produce\\\/#article\",\"isPartOf\":{\"@id\":\"https:\\\/\\\/diariotextual.com\\\/inicio\\\/index.php\\\/2023\\\/05\\\/04\\\/estrenan-en-santa-rosa-la-obra-de-quien-es-el-mar-del-programa-teatro-nacional-cervantes-produce\\\/\"},\"author\":{\"name\":\"diario2\",\"@id\":\"https:\\\/\\\/diariotextual.com\\\/inicio\\\/#\\\/schema\\\/person\\\/694f60677f23c4a530867a98f22b3768\"},\"headline\":\"Estrenan en Santa Rosa la obra \u201cDe qui\u00e9n es el mar\u201d\",\"datePublished\":\"2023-05-04T17:11:55+00:00\",\"dateModified\":\"2023-05-04T17:14:16+00:00\",\"mainEntityOfPage\":{\"@id\":\"https:\\\/\\\/diariotextual.com\\\/inicio\\\/index.php\\\/2023\\\/05\\\/04\\\/estrenan-en-santa-rosa-la-obra-de-quien-es-el-mar-del-programa-teatro-nacional-cervantes-produce\\\/\"},\"wordCount\":341,\"publisher\":{\"@id\":\"https:\\\/\\\/diariotextual.com\\\/inicio\\\/#organization\"},\"image\":{\"@id\":\"https:\\\/\\\/diariotextual.com\\\/inicio\\\/index.php\\\/2023\\\/05\\\/04\\\/estrenan-en-santa-rosa-la-obra-de-quien-es-el-mar-del-programa-teatro-nacional-cervantes-produce\\\/#primaryimage\"},\"thumbnailUrl\":\"https:\\\/\\\/diariotextual.com\\\/inicio\\\/wp-content\\\/uploads\\\/2023\\\/05\\\/dequineselmarteatro74325.jpg\",\"articleSection\":[\"A - ES NOTICIA (van abajo)\",\"CULTURA\"],\"inLanguage\":\"es\"},{\"@type\":\"WebPage\",\"@id\":\"https:\\\/\\\/diariotextual.com\\\/inicio\\\/index.php\\\/2023\\\/05\\\/04\\\/estrenan-en-santa-rosa-la-obra-de-quien-es-el-mar-del-programa-teatro-nacional-cervantes-produce\\\/\",\"url\":\"https:\\\/\\\/diariotextual.com\\\/inicio\\\/index.php\\\/2023\\\/05\\\/04\\\/estrenan-en-santa-rosa-la-obra-de-quien-es-el-mar-del-programa-teatro-nacional-cervantes-produce\\\/\",\"name\":\"Estrenan en Santa Rosa la obra \u201cDe qui\u00e9n es el mar\u201d - Diario Textual\",\"isPartOf\":{\"@id\":\"https:\\\/\\\/diariotextual.com\\\/inicio\\\/#website\"},\"primaryImageOfPage\":{\"@id\":\"https:\\\/\\\/diariotextual.com\\\/inicio\\\/index.php\\\/2023\\\/05\\\/04\\\/estrenan-en-santa-rosa-la-obra-de-quien-es-el-mar-del-programa-teatro-nacional-cervantes-produce\\\/#primaryimage\"},\"image\":{\"@id\":\"https:\\\/\\\/diariotextual.com\\\/inicio\\\/index.php\\\/2023\\\/05\\\/04\\\/estrenan-en-santa-rosa-la-obra-de-quien-es-el-mar-del-programa-teatro-nacional-cervantes-produce\\\/#primaryimage\"},\"thumbnailUrl\":\"https:\\\/\\\/diariotextual.com\\\/inicio\\\/wp-content\\\/uploads\\\/2023\\\/05\\\/dequineselmarteatro74325.jpg\",\"datePublished\":\"2023-05-04T17:11:55+00:00\",\"dateModified\":\"2023-05-04T17:14:16+00:00\",\"breadcrumb\":{\"@id\":\"https:\\\/\\\/diariotextual.com\\\/inicio\\\/index.php\\\/2023\\\/05\\\/04\\\/estrenan-en-santa-rosa-la-obra-de-quien-es-el-mar-del-programa-teatro-nacional-cervantes-produce\\\/#breadcrumb\"},\"inLanguage\":\"es\",\"potentialAction\":[{\"@type\":\"ReadAction\",\"target\":[\"https:\\\/\\\/diariotextual.com\\\/inicio\\\/index.php\\\/2023\\\/05\\\/04\\\/estrenan-en-santa-rosa-la-obra-de-quien-es-el-mar-del-programa-teatro-nacional-cervantes-produce\\\/\"]}]},{\"@type\":\"ImageObject\",\"inLanguage\":\"es\",\"@id\":\"https:\\\/\\\/diariotextual.com\\\/inicio\\\/index.php\\\/2023\\\/05\\\/04\\\/estrenan-en-santa-rosa-la-obra-de-quien-es-el-mar-del-programa-teatro-nacional-cervantes-produce\\\/#primaryimage\",\"url\":\"https:\\\/\\\/diariotextual.com\\\/inicio\\\/wp-content\\\/uploads\\\/2023\\\/05\\\/dequineselmarteatro74325.jpg\",\"contentUrl\":\"https:\\\/\\\/diariotextual.com\\\/inicio\\\/wp-content\\\/uploads\\\/2023\\\/05\\\/dequineselmarteatro74325.jpg\",\"width\":900,\"height\":499},{\"@type\":\"BreadcrumbList\",\"@id\":\"https:\\\/\\\/diariotextual.com\\\/inicio\\\/index.php\\\/2023\\\/05\\\/04\\\/estrenan-en-santa-rosa-la-obra-de-quien-es-el-mar-del-programa-teatro-nacional-cervantes-produce\\\/#breadcrumb\",\"itemListElement\":[{\"@type\":\"ListItem\",\"position\":1,\"name\":\"Portada\",\"item\":\"https:\\\/\\\/diariotextual.com\\\/inicio\\\/\"},{\"@type\":\"ListItem\",\"position\":2,\"name\":\"Estrenan en Santa Rosa la obra \u201cDe qui\u00e9n es el mar\u201d\"}]},{\"@type\":\"WebSite\",\"@id\":\"https:\\\/\\\/diariotextual.com\\\/inicio\\\/#website\",\"url\":\"https:\\\/\\\/diariotextual.com\\\/inicio\\\/\",\"name\":\"Diario Textual\",\"description\":\"\",\"publisher\":{\"@id\":\"https:\\\/\\\/diariotextual.com\\\/inicio\\\/#organization\"},\"potentialAction\":[{\"@type\":\"SearchAction\",\"target\":{\"@type\":\"EntryPoint\",\"urlTemplate\":\"https:\\\/\\\/diariotextual.com\\\/inicio\\\/?s={search_term_string}\"},\"query-input\":{\"@type\":\"PropertyValueSpecification\",\"valueRequired\":true,\"valueName\":\"search_term_string\"}}],\"inLanguage\":\"es\"},{\"@type\":\"Organization\",\"@id\":\"https:\\\/\\\/diariotextual.com\\\/inicio\\\/#organization\",\"name\":\"Diario Textual\",\"url\":\"https:\\\/\\\/diariotextual.com\\\/inicio\\\/\",\"logo\":{\"@type\":\"ImageObject\",\"inLanguage\":\"es\",\"@id\":\"https:\\\/\\\/diariotextual.com\\\/inicio\\\/#\\\/schema\\\/logo\\\/image\\\/\",\"url\":\"https:\\\/\\\/diariotextual.com\\\/inicio\\\/wp-content\\\/uploads\\\/2023\\\/05\\\/logotextual1.jpg\",\"contentUrl\":\"https:\\\/\\\/diariotextual.com\\\/inicio\\\/wp-content\\\/uploads\\\/2023\\\/05\\\/logotextual1.jpg\",\"width\":516,\"height\":76,\"caption\":\"Diario Textual\"},\"image\":{\"@id\":\"https:\\\/\\\/diariotextual.com\\\/inicio\\\/#\\\/schema\\\/logo\\\/image\\\/\"},\"sameAs\":[\"https:\\\/\\\/www.facebook.com\\\/eltextual\",\"https:\\\/\\\/x.com\\\/eltextual\",\"http:\\\/\\\/www.instagram.com\\\/eltextual\"]},{\"@type\":\"Person\",\"@id\":\"https:\\\/\\\/diariotextual.com\\\/inicio\\\/#\\\/schema\\\/person\\\/694f60677f23c4a530867a98f22b3768\",\"name\":\"diario2\",\"image\":{\"@type\":\"ImageObject\",\"inLanguage\":\"es\",\"@id\":\"https:\\\/\\\/secure.gravatar.com\\\/avatar\\\/5a2567495ba16b852fcd8f1ed006a2e24fcace936018ed8237e95f488ad6e0a7?s=96&d=mm&r=g\",\"url\":\"https:\\\/\\\/secure.gravatar.com\\\/avatar\\\/5a2567495ba16b852fcd8f1ed006a2e24fcace936018ed8237e95f488ad6e0a7?s=96&d=mm&r=g\",\"contentUrl\":\"https:\\\/\\\/secure.gravatar.com\\\/avatar\\\/5a2567495ba16b852fcd8f1ed006a2e24fcace936018ed8237e95f488ad6e0a7?s=96&d=mm&r=g\",\"caption\":\"diario2\"},\"url\":\"https:\\\/\\\/diariotextual.com\\\/inicio\\\/index.php\\\/author\\\/diario2\\\/\"}]}<\/script>\n<!-- \/ Yoast SEO plugin. -->","yoast_head_json":{"title":"Estrenan en Santa Rosa la obra \u201cDe qui\u00e9n es el mar\u201d - Diario Textual","robots":{"index":"index","follow":"follow","max-snippet":"max-snippet:-1","max-image-preview":"max-image-preview:large","max-video-preview":"max-video-preview:-1"},"canonical":"https:\/\/diariotextual.com\/inicio\/index.php\/2023\/05\/04\/estrenan-en-santa-rosa-la-obra-de-quien-es-el-mar-del-programa-teatro-nacional-cervantes-produce\/","og_locale":"es_ES","og_type":"article","og_title":"Estrenan en Santa Rosa la obra \u201cDe qui\u00e9n es el mar\u201d - Diario Textual","og_description":"La obra \u201cDe qui\u00e9n es el mar\u201d ser\u00e1 estrenada este viernes 5 de mayo en el Teatro Espa\u00f1ol de Santa Rosa como parte del programa Teatro Nacional Cervantes Produce en&hellip;","og_url":"https:\/\/diariotextual.com\/inicio\/index.php\/2023\/05\/04\/estrenan-en-santa-rosa-la-obra-de-quien-es-el-mar-del-programa-teatro-nacional-cervantes-produce\/","og_site_name":"Diario Textual","article_publisher":"https:\/\/www.facebook.com\/eltextual","article_published_time":"2023-05-04T17:11:55+00:00","article_modified_time":"2023-05-04T17:14:16+00:00","og_image":[{"width":900,"height":499,"url":"https:\/\/diariotextual.com\/inicio\/wp-content\/uploads\/2023\/05\/dequineselmarteatro74325.jpg","type":"image\/jpeg"}],"author":"diario2","twitter_card":"summary_large_image","twitter_creator":"@eltextual","twitter_site":"@eltextual","twitter_misc":{"Escrito por":"diario2","Tiempo de lectura":"2 minutos"},"schema":{"@context":"https:\/\/schema.org","@graph":[{"@type":"Article","@id":"https:\/\/diariotextual.com\/inicio\/index.php\/2023\/05\/04\/estrenan-en-santa-rosa-la-obra-de-quien-es-el-mar-del-programa-teatro-nacional-cervantes-produce\/#article","isPartOf":{"@id":"https:\/\/diariotextual.com\/inicio\/index.php\/2023\/05\/04\/estrenan-en-santa-rosa-la-obra-de-quien-es-el-mar-del-programa-teatro-nacional-cervantes-produce\/"},"author":{"name":"diario2","@id":"https:\/\/diariotextual.com\/inicio\/#\/schema\/person\/694f60677f23c4a530867a98f22b3768"},"headline":"Estrenan en Santa Rosa la obra \u201cDe qui\u00e9n es el mar\u201d","datePublished":"2023-05-04T17:11:55+00:00","dateModified":"2023-05-04T17:14:16+00:00","mainEntityOfPage":{"@id":"https:\/\/diariotextual.com\/inicio\/index.php\/2023\/05\/04\/estrenan-en-santa-rosa-la-obra-de-quien-es-el-mar-del-programa-teatro-nacional-cervantes-produce\/"},"wordCount":341,"publisher":{"@id":"https:\/\/diariotextual.com\/inicio\/#organization"},"image":{"@id":"https:\/\/diariotextual.com\/inicio\/index.php\/2023\/05\/04\/estrenan-en-santa-rosa-la-obra-de-quien-es-el-mar-del-programa-teatro-nacional-cervantes-produce\/#primaryimage"},"thumbnailUrl":"https:\/\/diariotextual.com\/inicio\/wp-content\/uploads\/2023\/05\/dequineselmarteatro74325.jpg","articleSection":["A - ES NOTICIA (van abajo)","CULTURA"],"inLanguage":"es"},{"@type":"WebPage","@id":"https:\/\/diariotextual.com\/inicio\/index.php\/2023\/05\/04\/estrenan-en-santa-rosa-la-obra-de-quien-es-el-mar-del-programa-teatro-nacional-cervantes-produce\/","url":"https:\/\/diariotextual.com\/inicio\/index.php\/2023\/05\/04\/estrenan-en-santa-rosa-la-obra-de-quien-es-el-mar-del-programa-teatro-nacional-cervantes-produce\/","name":"Estrenan en Santa Rosa la obra \u201cDe qui\u00e9n es el mar\u201d - Diario Textual","isPartOf":{"@id":"https:\/\/diariotextual.com\/inicio\/#website"},"primaryImageOfPage":{"@id":"https:\/\/diariotextual.com\/inicio\/index.php\/2023\/05\/04\/estrenan-en-santa-rosa-la-obra-de-quien-es-el-mar-del-programa-teatro-nacional-cervantes-produce\/#primaryimage"},"image":{"@id":"https:\/\/diariotextual.com\/inicio\/index.php\/2023\/05\/04\/estrenan-en-santa-rosa-la-obra-de-quien-es-el-mar-del-programa-teatro-nacional-cervantes-produce\/#primaryimage"},"thumbnailUrl":"https:\/\/diariotextual.com\/inicio\/wp-content\/uploads\/2023\/05\/dequineselmarteatro74325.jpg","datePublished":"2023-05-04T17:11:55+00:00","dateModified":"2023-05-04T17:14:16+00:00","breadcrumb":{"@id":"https:\/\/diariotextual.com\/inicio\/index.php\/2023\/05\/04\/estrenan-en-santa-rosa-la-obra-de-quien-es-el-mar-del-programa-teatro-nacional-cervantes-produce\/#breadcrumb"},"inLanguage":"es","potentialAction":[{"@type":"ReadAction","target":["https:\/\/diariotextual.com\/inicio\/index.php\/2023\/05\/04\/estrenan-en-santa-rosa-la-obra-de-quien-es-el-mar-del-programa-teatro-nacional-cervantes-produce\/"]}]},{"@type":"ImageObject","inLanguage":"es","@id":"https:\/\/diariotextual.com\/inicio\/index.php\/2023\/05\/04\/estrenan-en-santa-rosa-la-obra-de-quien-es-el-mar-del-programa-teatro-nacional-cervantes-produce\/#primaryimage","url":"https:\/\/diariotextual.com\/inicio\/wp-content\/uploads\/2023\/05\/dequineselmarteatro74325.jpg","contentUrl":"https:\/\/diariotextual.com\/inicio\/wp-content\/uploads\/2023\/05\/dequineselmarteatro74325.jpg","width":900,"height":499},{"@type":"BreadcrumbList","@id":"https:\/\/diariotextual.com\/inicio\/index.php\/2023\/05\/04\/estrenan-en-santa-rosa-la-obra-de-quien-es-el-mar-del-programa-teatro-nacional-cervantes-produce\/#breadcrumb","itemListElement":[{"@type":"ListItem","position":1,"name":"Portada","item":"https:\/\/diariotextual.com\/inicio\/"},{"@type":"ListItem","position":2,"name":"Estrenan en Santa Rosa la obra \u201cDe qui\u00e9n es el mar\u201d"}]},{"@type":"WebSite","@id":"https:\/\/diariotextual.com\/inicio\/#website","url":"https:\/\/diariotextual.com\/inicio\/","name":"Diario Textual","description":"","publisher":{"@id":"https:\/\/diariotextual.com\/inicio\/#organization"},"potentialAction":[{"@type":"SearchAction","target":{"@type":"EntryPoint","urlTemplate":"https:\/\/diariotextual.com\/inicio\/?s={search_term_string}"},"query-input":{"@type":"PropertyValueSpecification","valueRequired":true,"valueName":"search_term_string"}}],"inLanguage":"es"},{"@type":"Organization","@id":"https:\/\/diariotextual.com\/inicio\/#organization","name":"Diario Textual","url":"https:\/\/diariotextual.com\/inicio\/","logo":{"@type":"ImageObject","inLanguage":"es","@id":"https:\/\/diariotextual.com\/inicio\/#\/schema\/logo\/image\/","url":"https:\/\/diariotextual.com\/inicio\/wp-content\/uploads\/2023\/05\/logotextual1.jpg","contentUrl":"https:\/\/diariotextual.com\/inicio\/wp-content\/uploads\/2023\/05\/logotextual1.jpg","width":516,"height":76,"caption":"Diario Textual"},"image":{"@id":"https:\/\/diariotextual.com\/inicio\/#\/schema\/logo\/image\/"},"sameAs":["https:\/\/www.facebook.com\/eltextual","https:\/\/x.com\/eltextual","http:\/\/www.instagram.com\/eltextual"]},{"@type":"Person","@id":"https:\/\/diariotextual.com\/inicio\/#\/schema\/person\/694f60677f23c4a530867a98f22b3768","name":"diario2","image":{"@type":"ImageObject","inLanguage":"es","@id":"https:\/\/secure.gravatar.com\/avatar\/5a2567495ba16b852fcd8f1ed006a2e24fcace936018ed8237e95f488ad6e0a7?s=96&d=mm&r=g","url":"https:\/\/secure.gravatar.com\/avatar\/5a2567495ba16b852fcd8f1ed006a2e24fcace936018ed8237e95f488ad6e0a7?s=96&d=mm&r=g","contentUrl":"https:\/\/secure.gravatar.com\/avatar\/5a2567495ba16b852fcd8f1ed006a2e24fcace936018ed8237e95f488ad6e0a7?s=96&d=mm&r=g","caption":"diario2"},"url":"https:\/\/diariotextual.com\/inicio\/index.php\/author\/diario2\/"}]}},"_links":{"self":[{"href":"https:\/\/diariotextual.com\/inicio\/index.php\/wp-json\/wp\/v2\/posts\/224201","targetHints":{"allow":["GET"]}}],"collection":[{"href":"https:\/\/diariotextual.com\/inicio\/index.php\/wp-json\/wp\/v2\/posts"}],"about":[{"href":"https:\/\/diariotextual.com\/inicio\/index.php\/wp-json\/wp\/v2\/types\/post"}],"author":[{"embeddable":true,"href":"https:\/\/diariotextual.com\/inicio\/index.php\/wp-json\/wp\/v2\/users\/4"}],"replies":[{"embeddable":true,"href":"https:\/\/diariotextual.com\/inicio\/index.php\/wp-json\/wp\/v2\/comments?post=224201"}],"version-history":[{"count":3,"href":"https:\/\/diariotextual.com\/inicio\/index.php\/wp-json\/wp\/v2\/posts\/224201\/revisions"}],"predecessor-version":[{"id":224205,"href":"https:\/\/diariotextual.com\/inicio\/index.php\/wp-json\/wp\/v2\/posts\/224201\/revisions\/224205"}],"wp:featuredmedia":[{"embeddable":true,"href":"https:\/\/diariotextual.com\/inicio\/index.php\/wp-json\/wp\/v2\/media\/224202"}],"wp:attachment":[{"href":"https:\/\/diariotextual.com\/inicio\/index.php\/wp-json\/wp\/v2\/media?parent=224201"}],"wp:term":[{"taxonomy":"category","embeddable":true,"href":"https:\/\/diariotextual.com\/inicio\/index.php\/wp-json\/wp\/v2\/categories?post=224201"},{"taxonomy":"post_tag","embeddable":true,"href":"https:\/\/diariotextual.com\/inicio\/index.php\/wp-json\/wp\/v2\/tags?post=224201"}],"curies":[{"name":"wp","href":"https:\/\/api.w.org\/{rel}","templated":true}]}}