{"id":224401,"date":"2023-05-07T09:37:15","date_gmt":"2023-05-07T12:37:15","guid":{"rendered":"https:\/\/diariotextual.com\/inicio\/?p=224401"},"modified":"2023-05-07T21:21:29","modified_gmt":"2023-05-08T00:21:29","slug":"river-vs-boca-por-el-superclasico-de-la-liga-profesional-horario-y-formaciones","status":"publish","type":"post","link":"https:\/\/diariotextual.com\/inicio\/index.php\/2023\/05\/07\/river-vs-boca-por-el-superclasico-de-la-liga-profesional-horario-y-formaciones\/","title":{"rendered":"River vs. Boca, por el Supercl\u00e1sico de la Liga Profesional: horario y formaciones"},"content":{"rendered":"\n<p><strong>River y Boca<\/strong>\u00a0se vuelve a ver las caras este domingo en un\u00a0<strong>Supercl\u00e1sico\u00a0<\/strong>que promete mucho y pone en vilo al f\u00fatbol argentino. Casi ocho meses despu\u00e9s de su \u00faltimo cruce, el Monumental ser\u00e1 el escenario de un nuevo cara a cara, esta vez\u00a0<strong>en el marco de la 15\u00ba fecha de La Liga Profesional.\u00a0<\/strong><\/p>\n\n\n\n<p>El encuentro se jugar\u00e1 este domingo a partir de las 17.30 en el estadio de River, ubicado en el barrio porte\u00f1o de N\u00fa\u00f1ez, ser\u00e1 arbitrado por el neuquino Dar\u00edo Herrera y lo televisar\u00e1n ESPN Premium y TNT Sports. <\/p>\n\n\n\n<p>El Millonario de Demichelis quiere recuperarse del golpe en la Copa Libertadores y seguir pisando fuerte a nivel local, mientras que el Xeneize de Jorge Almir\u00f3n buscar\u00e1 dar el golpe ante el puntero para seguir en alza.<\/p>\n\n\n\n<p><strong>Primero a seis puntos de diferencia del escolta San Lorenzo, los de N\u00fa\u00f1ez atraviesan un presente demoledor en el campeonato<\/strong>, con 11 triunfos, un empate y apenas dos derrotas. Sin embargo,&nbsp;<strong>no llegan al Supercl\u00e1sico con las mejores sensaciones despu\u00e9s del dur\u00edsimo golpe con Fluminense<\/strong>&nbsp;entre semana: fue derrota 5-1 en el Maracan\u00e1, que lo dej\u00f3 \u00faltimo en su grupo del certamen internacional.<\/p>\n\n\n\n<p>A pesar del cimbronazo del \u00faltimo mi\u00e9rcoles, a priori\u00a0<strong>Demichelis no meter\u00eda demasiada mano en el equipo\u00a0<\/strong>y mantendr\u00eda a la base de los que vienen de jugar ante el Flu. El que s\u00ed har\u00e1 su retorno al once titular despu\u00e9s de haberse perdido la \u00faltima cita por suspensi\u00f3n, es<strong>\u00a0Enzo D\u00edaz<\/strong>, que<strong>\u00a0ingresar\u00e1 en lugar de Andr\u00e9s Herrera y as\u00ed Milton Casco se mover\u00e1 al lateral derecho.<\/strong><\/p>\n\n\n\n<p>Adem\u00e1s de esta variante,\u00a0<strong>la principal inc\u00f3gnita en la formaci\u00f3n de River pasa por el acompa\u00f1ante de Leandro Gonz\u00e1lez P\u00edrez en la zaga central: Emmanuel Mammana y Paulo D\u00edaz<\/strong>, recientemente recuperado de una distensi\u00f3n muscular, pelean por un lugar en el fondo. A su vez, tambi\u00e9n podr\u00eda volver a los dos delanteros y eval\u00faa el ingreso de Pablo Solari por Nicol\u00e1s de la Cruz.<\/p>\n\n\n\n<p>Por el lado de&nbsp;<strong>Boca<\/strong>, vive una realidad casi a la inversa: despu\u00e9s de unas semanas turbulentas y con flojos resultados que derivaron en que hoy se encuentre&nbsp;<strong>13\u00ba en la tabla de la LPF<\/strong>, empez\u00f3 a encarrilar el rumbo de la mano de Almir\u00f3n y<strong>&nbsp;lleva una racha de cuatro partidos invicto contando Copa Libertadores.<\/strong><\/p>\n\n\n\n<p>El elenco de la Ribera<strong>&nbsp;viene de ganarle a Racing por el campeonato y a Colo Colo a nivel continental,<\/strong>&nbsp;en donde se evidenci\u00f3 una mejora futbol\u00edstica. Con este envi\u00f3n an\u00edmico, buscar\u00e1 bajar al puntero y seguir en alza, aunque la realidad es que el DT no podr\u00e1 repetir el mismo once que le viene dando resultados por la&nbsp;<strong>expulsi\u00f3n de Mart\u00edn Payero con La Academia.<\/strong><\/p>\n\n\n\n<p>En principio,<strong>\u00a0Cristian Medina es el que se perfila como titular luego de lo que prob\u00f3 el t\u00e9cnico en la pr\u00e1ctica del s\u00e1bado<\/strong>, pese a que en la previa se baraj\u00f3 tambi\u00e9n a Ezequiel Fern\u00e1ndez y Diego Gonz\u00e1lez como alternativas.M\u00e1s all\u00e1 de esta modificaci\u00f3n obligada, el t\u00e9cnico planear\u00eda moficiar el esquema con el ingreso de<strong>\u00a0Nicol\u00e1s Valentini en lugar de Marcelo Weigandt\u00a0<\/strong>para formar una l\u00ednea de tres centrales, con Luis Adv\u00edncula y Valent\u00edn Barco como carrileros.<\/p>\n\n\n\n<h2 class=\"wp-block-heading\">La probable formaci\u00f3n de River vs. Boca, por el Supercl\u00e1sico de la Liga Profesional<\/h2>\n\n\n\n<p>Franco Armani; Milton Casco, Leandro Gonz\u00e1lez Pirez, Paulo D\u00edaz o Emanuel Mammana, Enzo D\u00edaz; Rodrigo Aliendro, Enzo P\u00e9rez; Nacho Fern\u00e1ndez, Nicol\u00e1s de la Cruz o Pablo Solari, Esequiel Barco; Lucas Beltr\u00e1n.<\/p>\n\n\n\n<h2 class=\"wp-block-heading\">La probable formaci\u00f3n de Boca vs. River, por el Supercl\u00e1sico de la Liga Profesional<\/h2>\n\n\n\n<p>Sergio Romero; Facundo Roncaglia, Nicol\u00e1s Figal, Nicol\u00e1s Valentini; Luis Adv\u00edncula, Pol Fern\u00e1ndez, Alan Varela, Cristian Medina, Valent\u00edn Barco; Sebasti\u00e1n Villa y Luis V\u00e1zquez.<\/p>\n","protected":false},"excerpt":{"rendered":"<p>River y Boca\u00a0se vuelve a ver las caras este domingo en un\u00a0Supercl\u00e1sico\u00a0que promete mucho y pone en vilo al f\u00fatbol argentino. Casi ocho meses despu\u00e9s de su \u00faltimo cruce, el&hellip;<\/p>\n","protected":false},"author":3,"featured_media":224406,"comment_status":"closed","ping_status":"open","sticky":false,"template":"","format":"standard","meta":{"_acf_changed":false,"footnotes":""},"categories":[3],"tags":[],"class_list":["post-224401","post","type-post","status-publish","format-standard","has-post-thumbnail","hentry","category-deportes"],"acf":[],"yoast_head":"<!-- This site is optimized with the Yoast SEO plugin v27.5 - https:\/\/yoast.com\/product\/yoast-seo-wordpress\/ -->\n<title>River vs. Boca, por el Supercl\u00e1sico de la Liga Profesional: horario y formaciones - Diario Textual<\/title>\n<meta name=\"robots\" content=\"index, follow, max-snippet:-1, max-image-preview:large, max-video-preview:-1\" \/>\n<link rel=\"canonical\" href=\"https:\/\/diariotextual.com\/inicio\/index.php\/2023\/05\/07\/river-vs-boca-por-el-superclasico-de-la-liga-profesional-horario-y-formaciones\/\" \/>\n<meta property=\"og:locale\" content=\"es_ES\" \/>\n<meta property=\"og:type\" content=\"article\" \/>\n<meta property=\"og:title\" content=\"River vs. Boca, por el Supercl\u00e1sico de la Liga Profesional: horario y formaciones - Diario Textual\" \/>\n<meta property=\"og:description\" content=\"River y Boca\u00a0se vuelve a ver las caras este domingo en un\u00a0Supercl\u00e1sico\u00a0que promete mucho y pone en vilo al f\u00fatbol argentino. Casi ocho meses despu\u00e9s de su \u00faltimo cruce, el&hellip;\" \/>\n<meta property=\"og:url\" content=\"https:\/\/diariotextual.com\/inicio\/index.php\/2023\/05\/07\/river-vs-boca-por-el-superclasico-de-la-liga-profesional-horario-y-formaciones\/\" \/>\n<meta property=\"og:site_name\" content=\"Diario Textual\" \/>\n<meta property=\"article:publisher\" content=\"https:\/\/www.facebook.com\/eltextual\" \/>\n<meta property=\"article:published_time\" content=\"2023-05-07T12:37:15+00:00\" \/>\n<meta property=\"article:modified_time\" content=\"2023-05-08T00:21:29+00:00\" \/>\n<meta property=\"og:image\" content=\"https:\/\/diariotextual.com\/inicio\/wp-content\/uploads\/2023\/05\/riverboca2023-1.png\" \/>\n\t<meta property=\"og:image:width\" content=\"810\" \/>\n\t<meta property=\"og:image:height\" content=\"482\" \/>\n\t<meta property=\"og:image:type\" content=\"image\/png\" \/>\n<meta name=\"author\" content=\"Diario1 Diario1\" \/>\n<meta name=\"twitter:card\" content=\"summary_large_image\" \/>\n<meta name=\"twitter:creator\" content=\"@eltextual\" \/>\n<meta name=\"twitter:site\" content=\"@eltextual\" \/>\n<meta name=\"twitter:label1\" content=\"Escrito por\" \/>\n\t<meta name=\"twitter:data1\" content=\"Diario1 Diario1\" \/>\n\t<meta name=\"twitter:label2\" content=\"Tiempo de lectura\" \/>\n\t<meta name=\"twitter:data2\" content=\"3 minutos\" \/>\n<script type=\"application\/ld+json\" class=\"yoast-schema-graph\">{\"@context\":\"https:\\\/\\\/schema.org\",\"@graph\":[{\"@type\":\"Article\",\"@id\":\"https:\\\/\\\/diariotextual.com\\\/inicio\\\/index.php\\\/2023\\\/05\\\/07\\\/river-vs-boca-por-el-superclasico-de-la-liga-profesional-horario-y-formaciones\\\/#article\",\"isPartOf\":{\"@id\":\"https:\\\/\\\/diariotextual.com\\\/inicio\\\/index.php\\\/2023\\\/05\\\/07\\\/river-vs-boca-por-el-superclasico-de-la-liga-profesional-horario-y-formaciones\\\/\"},\"author\":{\"name\":\"Diario1 Diario1\",\"@id\":\"https:\\\/\\\/diariotextual.com\\\/inicio\\\/#\\\/schema\\\/person\\\/418fc4093c33e86ed41562db3508f958\"},\"headline\":\"River vs. Boca, por el Supercl\u00e1sico de la Liga Profesional: horario y formaciones\",\"datePublished\":\"2023-05-07T12:37:15+00:00\",\"dateModified\":\"2023-05-08T00:21:29+00:00\",\"mainEntityOfPage\":{\"@id\":\"https:\\\/\\\/diariotextual.com\\\/inicio\\\/index.php\\\/2023\\\/05\\\/07\\\/river-vs-boca-por-el-superclasico-de-la-liga-profesional-horario-y-formaciones\\\/\"},\"wordCount\":696,\"publisher\":{\"@id\":\"https:\\\/\\\/diariotextual.com\\\/inicio\\\/#organization\"},\"image\":{\"@id\":\"https:\\\/\\\/diariotextual.com\\\/inicio\\\/index.php\\\/2023\\\/05\\\/07\\\/river-vs-boca-por-el-superclasico-de-la-liga-profesional-horario-y-formaciones\\\/#primaryimage\"},\"thumbnailUrl\":\"https:\\\/\\\/diariotextual.com\\\/inicio\\\/wp-content\\\/uploads\\\/2023\\\/05\\\/riverboca2023-1.png\",\"articleSection\":[\"DEPORTES\"],\"inLanguage\":\"es\"},{\"@type\":\"WebPage\",\"@id\":\"https:\\\/\\\/diariotextual.com\\\/inicio\\\/index.php\\\/2023\\\/05\\\/07\\\/river-vs-boca-por-el-superclasico-de-la-liga-profesional-horario-y-formaciones\\\/\",\"url\":\"https:\\\/\\\/diariotextual.com\\\/inicio\\\/index.php\\\/2023\\\/05\\\/07\\\/river-vs-boca-por-el-superclasico-de-la-liga-profesional-horario-y-formaciones\\\/\",\"name\":\"River vs. Boca, por el Supercl\u00e1sico de la Liga Profesional: horario y formaciones - Diario Textual\",\"isPartOf\":{\"@id\":\"https:\\\/\\\/diariotextual.com\\\/inicio\\\/#website\"},\"primaryImageOfPage\":{\"@id\":\"https:\\\/\\\/diariotextual.com\\\/inicio\\\/index.php\\\/2023\\\/05\\\/07\\\/river-vs-boca-por-el-superclasico-de-la-liga-profesional-horario-y-formaciones\\\/#primaryimage\"},\"image\":{\"@id\":\"https:\\\/\\\/diariotextual.com\\\/inicio\\\/index.php\\\/2023\\\/05\\\/07\\\/river-vs-boca-por-el-superclasico-de-la-liga-profesional-horario-y-formaciones\\\/#primaryimage\"},\"thumbnailUrl\":\"https:\\\/\\\/diariotextual.com\\\/inicio\\\/wp-content\\\/uploads\\\/2023\\\/05\\\/riverboca2023-1.png\",\"datePublished\":\"2023-05-07T12:37:15+00:00\",\"dateModified\":\"2023-05-08T00:21:29+00:00\",\"breadcrumb\":{\"@id\":\"https:\\\/\\\/diariotextual.com\\\/inicio\\\/index.php\\\/2023\\\/05\\\/07\\\/river-vs-boca-por-el-superclasico-de-la-liga-profesional-horario-y-formaciones\\\/#breadcrumb\"},\"inLanguage\":\"es\",\"potentialAction\":[{\"@type\":\"ReadAction\",\"target\":[\"https:\\\/\\\/diariotextual.com\\\/inicio\\\/index.php\\\/2023\\\/05\\\/07\\\/river-vs-boca-por-el-superclasico-de-la-liga-profesional-horario-y-formaciones\\\/\"]}]},{\"@type\":\"ImageObject\",\"inLanguage\":\"es\",\"@id\":\"https:\\\/\\\/diariotextual.com\\\/inicio\\\/index.php\\\/2023\\\/05\\\/07\\\/river-vs-boca-por-el-superclasico-de-la-liga-profesional-horario-y-formaciones\\\/#primaryimage\",\"url\":\"https:\\\/\\\/diariotextual.com\\\/inicio\\\/wp-content\\\/uploads\\\/2023\\\/05\\\/riverboca2023-1.png\",\"contentUrl\":\"https:\\\/\\\/diariotextual.com\\\/inicio\\\/wp-content\\\/uploads\\\/2023\\\/05\\\/riverboca2023-1.png\",\"width\":810,\"height\":482},{\"@type\":\"BreadcrumbList\",\"@id\":\"https:\\\/\\\/diariotextual.com\\\/inicio\\\/index.php\\\/2023\\\/05\\\/07\\\/river-vs-boca-por-el-superclasico-de-la-liga-profesional-horario-y-formaciones\\\/#breadcrumb\",\"itemListElement\":[{\"@type\":\"ListItem\",\"position\":1,\"name\":\"Portada\",\"item\":\"https:\\\/\\\/diariotextual.com\\\/inicio\\\/\"},{\"@type\":\"ListItem\",\"position\":2,\"name\":\"River vs. Boca, por el Supercl\u00e1sico de la Liga Profesional: horario y formaciones\"}]},{\"@type\":\"WebSite\",\"@id\":\"https:\\\/\\\/diariotextual.com\\\/inicio\\\/#website\",\"url\":\"https:\\\/\\\/diariotextual.com\\\/inicio\\\/\",\"name\":\"Diario Textual\",\"description\":\"\",\"publisher\":{\"@id\":\"https:\\\/\\\/diariotextual.com\\\/inicio\\\/#organization\"},\"potentialAction\":[{\"@type\":\"SearchAction\",\"target\":{\"@type\":\"EntryPoint\",\"urlTemplate\":\"https:\\\/\\\/diariotextual.com\\\/inicio\\\/?s={search_term_string}\"},\"query-input\":{\"@type\":\"PropertyValueSpecification\",\"valueRequired\":true,\"valueName\":\"search_term_string\"}}],\"inLanguage\":\"es\"},{\"@type\":\"Organization\",\"@id\":\"https:\\\/\\\/diariotextual.com\\\/inicio\\\/#organization\",\"name\":\"Diario Textual\",\"url\":\"https:\\\/\\\/diariotextual.com\\\/inicio\\\/\",\"logo\":{\"@type\":\"ImageObject\",\"inLanguage\":\"es\",\"@id\":\"https:\\\/\\\/diariotextual.com\\\/inicio\\\/#\\\/schema\\\/logo\\\/image\\\/\",\"url\":\"https:\\\/\\\/diariotextual.com\\\/inicio\\\/wp-content\\\/uploads\\\/2023\\\/05\\\/logotextual1.jpg\",\"contentUrl\":\"https:\\\/\\\/diariotextual.com\\\/inicio\\\/wp-content\\\/uploads\\\/2023\\\/05\\\/logotextual1.jpg\",\"width\":516,\"height\":76,\"caption\":\"Diario Textual\"},\"image\":{\"@id\":\"https:\\\/\\\/diariotextual.com\\\/inicio\\\/#\\\/schema\\\/logo\\\/image\\\/\"},\"sameAs\":[\"https:\\\/\\\/www.facebook.com\\\/eltextual\",\"https:\\\/\\\/x.com\\\/eltextual\",\"http:\\\/\\\/www.instagram.com\\\/eltextual\"]},{\"@type\":\"Person\",\"@id\":\"https:\\\/\\\/diariotextual.com\\\/inicio\\\/#\\\/schema\\\/person\\\/418fc4093c33e86ed41562db3508f958\",\"name\":\"Diario1 Diario1\",\"image\":{\"@type\":\"ImageObject\",\"inLanguage\":\"es\",\"@id\":\"https:\\\/\\\/secure.gravatar.com\\\/avatar\\\/9167d280179c85bc18be67aa7eda765854300033af4896dd779b608640f2ef7a?s=96&d=mm&r=g\",\"url\":\"https:\\\/\\\/secure.gravatar.com\\\/avatar\\\/9167d280179c85bc18be67aa7eda765854300033af4896dd779b608640f2ef7a?s=96&d=mm&r=g\",\"contentUrl\":\"https:\\\/\\\/secure.gravatar.com\\\/avatar\\\/9167d280179c85bc18be67aa7eda765854300033af4896dd779b608640f2ef7a?s=96&d=mm&r=g\",\"caption\":\"Diario1 Diario1\"},\"url\":\"https:\\\/\\\/diariotextual.com\\\/inicio\\\/index.php\\\/author\\\/diario1\\\/\"}]}<\/script>\n<!-- \/ Yoast SEO plugin. -->","yoast_head_json":{"title":"River vs. Boca, por el Supercl\u00e1sico de la Liga Profesional: horario y formaciones - Diario Textual","robots":{"index":"index","follow":"follow","max-snippet":"max-snippet:-1","max-image-preview":"max-image-preview:large","max-video-preview":"max-video-preview:-1"},"canonical":"https:\/\/diariotextual.com\/inicio\/index.php\/2023\/05\/07\/river-vs-boca-por-el-superclasico-de-la-liga-profesional-horario-y-formaciones\/","og_locale":"es_ES","og_type":"article","og_title":"River vs. Boca, por el Supercl\u00e1sico de la Liga Profesional: horario y formaciones - Diario Textual","og_description":"River y Boca\u00a0se vuelve a ver las caras este domingo en un\u00a0Supercl\u00e1sico\u00a0que promete mucho y pone en vilo al f\u00fatbol argentino. Casi ocho meses despu\u00e9s de su \u00faltimo cruce, el&hellip;","og_url":"https:\/\/diariotextual.com\/inicio\/index.php\/2023\/05\/07\/river-vs-boca-por-el-superclasico-de-la-liga-profesional-horario-y-formaciones\/","og_site_name":"Diario Textual","article_publisher":"https:\/\/www.facebook.com\/eltextual","article_published_time":"2023-05-07T12:37:15+00:00","article_modified_time":"2023-05-08T00:21:29+00:00","og_image":[{"width":810,"height":482,"url":"https:\/\/diariotextual.com\/inicio\/wp-content\/uploads\/2023\/05\/riverboca2023-1.png","type":"image\/png"}],"author":"Diario1 Diario1","twitter_card":"summary_large_image","twitter_creator":"@eltextual","twitter_site":"@eltextual","twitter_misc":{"Escrito por":"Diario1 Diario1","Tiempo de lectura":"3 minutos"},"schema":{"@context":"https:\/\/schema.org","@graph":[{"@type":"Article","@id":"https:\/\/diariotextual.com\/inicio\/index.php\/2023\/05\/07\/river-vs-boca-por-el-superclasico-de-la-liga-profesional-horario-y-formaciones\/#article","isPartOf":{"@id":"https:\/\/diariotextual.com\/inicio\/index.php\/2023\/05\/07\/river-vs-boca-por-el-superclasico-de-la-liga-profesional-horario-y-formaciones\/"},"author":{"name":"Diario1 Diario1","@id":"https:\/\/diariotextual.com\/inicio\/#\/schema\/person\/418fc4093c33e86ed41562db3508f958"},"headline":"River vs. Boca, por el Supercl\u00e1sico de la Liga Profesional: horario y formaciones","datePublished":"2023-05-07T12:37:15+00:00","dateModified":"2023-05-08T00:21:29+00:00","mainEntityOfPage":{"@id":"https:\/\/diariotextual.com\/inicio\/index.php\/2023\/05\/07\/river-vs-boca-por-el-superclasico-de-la-liga-profesional-horario-y-formaciones\/"},"wordCount":696,"publisher":{"@id":"https:\/\/diariotextual.com\/inicio\/#organization"},"image":{"@id":"https:\/\/diariotextual.com\/inicio\/index.php\/2023\/05\/07\/river-vs-boca-por-el-superclasico-de-la-liga-profesional-horario-y-formaciones\/#primaryimage"},"thumbnailUrl":"https:\/\/diariotextual.com\/inicio\/wp-content\/uploads\/2023\/05\/riverboca2023-1.png","articleSection":["DEPORTES"],"inLanguage":"es"},{"@type":"WebPage","@id":"https:\/\/diariotextual.com\/inicio\/index.php\/2023\/05\/07\/river-vs-boca-por-el-superclasico-de-la-liga-profesional-horario-y-formaciones\/","url":"https:\/\/diariotextual.com\/inicio\/index.php\/2023\/05\/07\/river-vs-boca-por-el-superclasico-de-la-liga-profesional-horario-y-formaciones\/","name":"River vs. Boca, por el Supercl\u00e1sico de la Liga Profesional: horario y formaciones - Diario Textual","isPartOf":{"@id":"https:\/\/diariotextual.com\/inicio\/#website"},"primaryImageOfPage":{"@id":"https:\/\/diariotextual.com\/inicio\/index.php\/2023\/05\/07\/river-vs-boca-por-el-superclasico-de-la-liga-profesional-horario-y-formaciones\/#primaryimage"},"image":{"@id":"https:\/\/diariotextual.com\/inicio\/index.php\/2023\/05\/07\/river-vs-boca-por-el-superclasico-de-la-liga-profesional-horario-y-formaciones\/#primaryimage"},"thumbnailUrl":"https:\/\/diariotextual.com\/inicio\/wp-content\/uploads\/2023\/05\/riverboca2023-1.png","datePublished":"2023-05-07T12:37:15+00:00","dateModified":"2023-05-08T00:21:29+00:00","breadcrumb":{"@id":"https:\/\/diariotextual.com\/inicio\/index.php\/2023\/05\/07\/river-vs-boca-por-el-superclasico-de-la-liga-profesional-horario-y-formaciones\/#breadcrumb"},"inLanguage":"es","potentialAction":[{"@type":"ReadAction","target":["https:\/\/diariotextual.com\/inicio\/index.php\/2023\/05\/07\/river-vs-boca-por-el-superclasico-de-la-liga-profesional-horario-y-formaciones\/"]}]},{"@type":"ImageObject","inLanguage":"es","@id":"https:\/\/diariotextual.com\/inicio\/index.php\/2023\/05\/07\/river-vs-boca-por-el-superclasico-de-la-liga-profesional-horario-y-formaciones\/#primaryimage","url":"https:\/\/diariotextual.com\/inicio\/wp-content\/uploads\/2023\/05\/riverboca2023-1.png","contentUrl":"https:\/\/diariotextual.com\/inicio\/wp-content\/uploads\/2023\/05\/riverboca2023-1.png","width":810,"height":482},{"@type":"BreadcrumbList","@id":"https:\/\/diariotextual.com\/inicio\/index.php\/2023\/05\/07\/river-vs-boca-por-el-superclasico-de-la-liga-profesional-horario-y-formaciones\/#breadcrumb","itemListElement":[{"@type":"ListItem","position":1,"name":"Portada","item":"https:\/\/diariotextual.com\/inicio\/"},{"@type":"ListItem","position":2,"name":"River vs. Boca, por el Supercl\u00e1sico de la Liga Profesional: horario y formaciones"}]},{"@type":"WebSite","@id":"https:\/\/diariotextual.com\/inicio\/#website","url":"https:\/\/diariotextual.com\/inicio\/","name":"Diario Textual","description":"","publisher":{"@id":"https:\/\/diariotextual.com\/inicio\/#organization"},"potentialAction":[{"@type":"SearchAction","target":{"@type":"EntryPoint","urlTemplate":"https:\/\/diariotextual.com\/inicio\/?s={search_term_string}"},"query-input":{"@type":"PropertyValueSpecification","valueRequired":true,"valueName":"search_term_string"}}],"inLanguage":"es"},{"@type":"Organization","@id":"https:\/\/diariotextual.com\/inicio\/#organization","name":"Diario Textual","url":"https:\/\/diariotextual.com\/inicio\/","logo":{"@type":"ImageObject","inLanguage":"es","@id":"https:\/\/diariotextual.com\/inicio\/#\/schema\/logo\/image\/","url":"https:\/\/diariotextual.com\/inicio\/wp-content\/uploads\/2023\/05\/logotextual1.jpg","contentUrl":"https:\/\/diariotextual.com\/inicio\/wp-content\/uploads\/2023\/05\/logotextual1.jpg","width":516,"height":76,"caption":"Diario Textual"},"image":{"@id":"https:\/\/diariotextual.com\/inicio\/#\/schema\/logo\/image\/"},"sameAs":["https:\/\/www.facebook.com\/eltextual","https:\/\/x.com\/eltextual","http:\/\/www.instagram.com\/eltextual"]},{"@type":"Person","@id":"https:\/\/diariotextual.com\/inicio\/#\/schema\/person\/418fc4093c33e86ed41562db3508f958","name":"Diario1 Diario1","image":{"@type":"ImageObject","inLanguage":"es","@id":"https:\/\/secure.gravatar.com\/avatar\/9167d280179c85bc18be67aa7eda765854300033af4896dd779b608640f2ef7a?s=96&d=mm&r=g","url":"https:\/\/secure.gravatar.com\/avatar\/9167d280179c85bc18be67aa7eda765854300033af4896dd779b608640f2ef7a?s=96&d=mm&r=g","contentUrl":"https:\/\/secure.gravatar.com\/avatar\/9167d280179c85bc18be67aa7eda765854300033af4896dd779b608640f2ef7a?s=96&d=mm&r=g","caption":"Diario1 Diario1"},"url":"https:\/\/diariotextual.com\/inicio\/index.php\/author\/diario1\/"}]}},"_links":{"self":[{"href":"https:\/\/diariotextual.com\/inicio\/index.php\/wp-json\/wp\/v2\/posts\/224401","targetHints":{"allow":["GET"]}}],"collection":[{"href":"https:\/\/diariotextual.com\/inicio\/index.php\/wp-json\/wp\/v2\/posts"}],"about":[{"href":"https:\/\/diariotextual.com\/inicio\/index.php\/wp-json\/wp\/v2\/types\/post"}],"author":[{"embeddable":true,"href":"https:\/\/diariotextual.com\/inicio\/index.php\/wp-json\/wp\/v2\/users\/3"}],"replies":[{"embeddable":true,"href":"https:\/\/diariotextual.com\/inicio\/index.php\/wp-json\/wp\/v2\/comments?post=224401"}],"version-history":[{"count":5,"href":"https:\/\/diariotextual.com\/inicio\/index.php\/wp-json\/wp\/v2\/posts\/224401\/revisions"}],"predecessor-version":[{"id":224407,"href":"https:\/\/diariotextual.com\/inicio\/index.php\/wp-json\/wp\/v2\/posts\/224401\/revisions\/224407"}],"wp:featuredmedia":[{"embeddable":true,"href":"https:\/\/diariotextual.com\/inicio\/index.php\/wp-json\/wp\/v2\/media\/224406"}],"wp:attachment":[{"href":"https:\/\/diariotextual.com\/inicio\/index.php\/wp-json\/wp\/v2\/media?parent=224401"}],"wp:term":[{"taxonomy":"category","embeddable":true,"href":"https:\/\/diariotextual.com\/inicio\/index.php\/wp-json\/wp\/v2\/categories?post=224401"},{"taxonomy":"post_tag","embeddable":true,"href":"https:\/\/diariotextual.com\/inicio\/index.php\/wp-json\/wp\/v2\/tags?post=224401"}],"curies":[{"name":"wp","href":"https:\/\/api.w.org\/{rel}","templated":true}]}}