{"id":224413,"date":"2023-05-07T17:14:25","date_gmt":"2023-05-07T20:14:25","guid":{"rendered":"https:\/\/diariotextual.com\/inicio\/?p=224413"},"modified":"2023-05-08T08:53:07","modified_gmt":"2023-05-08T11:53:07","slug":"la-secretaria-de-milman-dijo-que-borraron-su-celular-en-una-oficina-de-patricia-bullrich","status":"publish","type":"post","link":"https:\/\/diariotextual.com\/inicio\/index.php\/2023\/05\/07\/la-secretaria-de-milman-dijo-que-borraron-su-celular-en-una-oficina-de-patricia-bullrich\/","title":{"rendered":"La secretaria de Milman dijo que borraron su celular en una oficina de Patricia Bullrich"},"content":{"rendered":"\n<p>Una de las secretarias del diputado de Juntos por el Cambio (JxC) Gerardo Milman&nbsp;<strong>declar\u00f3 ante la Justicia que el borrado de informaci\u00f3n contenida en su tel\u00e9fono celular se produjo en unas oficinas que atribuy\u00f3 a la referente del PRO Patricia Bullrich<\/strong>, y que el hecho habr\u00eda ocurrido con intervenci\u00f3n del propio legislador cuyo apellido da nombre a una de las pistas que se investigan en la causa del intento de homicidio de la vicepresidenta Cristina Fern\u00e1ndez de Kirchner.<br><br><strong>Se trata de Ivana Bohdziewicz<\/strong>, una de las excolaboradoras de Milman en el Congreso, aparentemente despedida a principios de este a\u00f1o, y quien lo acompa\u00f1aba el 30 de agosto pasado en el bar Casablanca cuando un testigo de la causa le escuch\u00f3 decir -seg\u00fan declar\u00f3 luego en el expediente- \u201ccuando la maten voy a estar camino a la costa\u201d.<br><br><strong>Bohdziewicz hab\u00eda adelantado d\u00edas atr\u00e1s ante la Justicia la intenci\u00f3n de ampliar su declaraci\u00f3n testimonial y le hab\u00edan fijado fecha para el 10 de mayo<\/strong>, pero el viernes se present\u00f3 de manera espont\u00e1nea en los tribunales federales de Comodoro Py acompa\u00f1ada de un abogado&nbsp;<strong>\u201cmanifestando su intenci\u00f3n de prestar declaraci\u00f3n testimonial en el d\u00eda de hoy, en virtud de haber recibido presiones\u201d<\/strong>, seg\u00fan consta en un registro del expediente al que tuvo acceso T\u00e9lam.<br><br>La declaraci\u00f3n se produjo ante la fiscal Alejandra Mangano -y no ante Carlos Rivolo porque estaba de licencia-, dur\u00f3 dos horas y Bohdziewicz se fue cerca de las 15, acompa\u00f1ada por el abogado que la esperaba en el pasillo, sin hacer declaraciones ante esta agencia.<br><br>A pesar de que la declaraci\u00f3n testimonial no hab\u00eda sido cargada al sistema hasta la ma\u00f1ana de este domingo, por lo que no trascendieron los detalles,&nbsp;<strong>T\u00e9lam pudo reconstruir de fuentes seguras que la exsecretaria de Milman se present\u00f3 para contar que el borrado del contenido de su celular lo hizo \u201cun perito\u201d presuntamente facilitado por Milman en oficinas que atribuy\u00f3 a Bullrich.<\/strong><\/p>\n\n\n\n<p>Dijo que fue en presencia del diputado y que las presiones que la llevaron a adelantar su nuevo testimonio habr\u00edan provenido de su otrora compa\u00f1era Carolina G\u00f3mez M\u00f3naco, tambi\u00e9n involucrada en la causa, a quien le achac\u00f3 la idea de borrar en su momento el contenido de sus tel\u00e9fonos para preservar su privacidad y de hacerlo en las se\u00f1aladas oficinas.<br><br>Entre el d\u00eda en que se present\u00f3 para pedir la ampliaci\u00f3n testimonial -la \u00faltima semana de abril- y el viernes pasado, en que asisti\u00f3 espont\u00e1neamente a los tribunales federales de Comodoro Py,<strong>&nbsp;<\/strong><strong>G<\/strong><strong>\u00f3<\/strong><strong>mez M<\/strong><strong>\u00f3<\/strong><strong>naco habr<\/strong><strong>\u00ed<\/strong><strong>a vuelto a contactarla, despu<\/strong><strong>\u00e9<\/strong><strong>s de muchos meses, interesada en saber qu<\/strong><strong>\u00e9<\/strong><strong> ten<\/strong><strong>\u00ed<\/strong><strong>a para decirle a la Justicia:<\/strong><strong>&nbsp;<\/strong>esa aparici\u00f3n fue considerada por Bohdziewicz como un mecanismo de presi\u00f3n, seg\u00fan dijo.<br><br><strong>El borrado de la informaci\u00f3n de su celular, relat\u00f3, se produjo junto con el de los tel\u00e9fonos de G\u00f3mez M\u00f3naco y el del propio Milman<\/strong>&nbsp;en una oficina ubicada en Avenida de Mayo al 900, seg\u00fan pudo reconstruir esta agencia.<br><br><strong>El hecho habr\u00eda ocurrido en noviembre pasado<\/strong>, despu\u00e9s de la primera declaraci\u00f3n testimonial que brindaron tanto Bohdziewicz como G\u00f3mez M\u00f3naco y cuando ya estaban al tanto de que exist\u00eda la posibilidad -porque estaba en debate- de que les fueran secuestrados o reclamados sus tel\u00e9fonos celulares.<br><br>En la primera testimonial,<strong>&nbsp;<\/strong><strong>la querella de la vicepresidenta, encabezada por los abogados Marcos Aldazabal y Jos<\/strong><strong>\u00e9<\/strong><strong> Manuel Ubeira, hab<\/strong><strong>\u00ed<\/strong><strong>a solicitado que se les secuestraran los tel<\/strong><strong>\u00e9<\/strong><strong>fonos, pero la medida fue rechazada por la jueza Mar\u00eda Eugenia Capuchetti:<\/strong>&nbsp;el tema qued\u00f3 en discusi\u00f3n y tiempo despu\u00e9s lo habilit\u00f3 la C\u00e1mara Federal porte\u00f1a.<\/p>\n\n\n\n<p>La testigo \u201cno refiri\u00f3\u00bb ahora que&nbsp;<strong>\u00abse hubiera borrado informaci\u00f3n relativa al intento de atentado contra la vicepresidenta\u201d<\/strong>&nbsp;sino que volvi\u00f3 a referirse a informaci\u00f3n vinculada a su intimidad, aunque agreg\u00f3 que el borrado incluy\u00f3 contenido laboral, indicaron las fuentes consultadas, que resaltaron que, de constatarse la maniobra en los t\u00e9rminos en los que fue relatada, podr\u00eda estarse ante una hip\u00f3tesis de encubrimiento o manipulaci\u00f3n de la prueba.<br><br>Cuando declararon el 1 de diciembre pasado,&nbsp;<strong>el fiscal Rivolo le hab\u00eda pregunt\u00f3 a Bohdziewicz si en su tel\u00e9fono celular ten\u00eda conversaciones con Milman, a lo que ella hab\u00eda respondido:<\/strong>&nbsp;\u00abS\u00ed, de temas laborales. Pero quiero aclarar que las borr\u00e9. Tanto los mensajes como las fotos, porque sent\u00ed que se pod\u00eda violar mi intimidad si me ped\u00edan mi tel\u00e9fono. Yo borr\u00e9 todo porque no hab\u00eda posibilidad de seleccionar s\u00f3lo algunas cosas y ten\u00eda fotos intimas m\u00edas comprometedoras. Para eso me asesor\u00e9\u201d.<br><br>\u201cDe todas formas, quiero aclarar que nunca habl\u00e9 de nada relacionado con el atentado a la vicepresidenta en cuanto a una participaci\u00f3n criminal en el mismo. S\u00ed hemos hablado sobre el tema del atentado, desde el punto de vista de lo que se escuchaba por los medios\u201d, continu\u00f3 al declarar como testigo el a\u00f1o pasado.<\/p>\n\n\n\n<p><\/p>\n","protected":false},"excerpt":{"rendered":"<p>Una de las secretarias del diputado de Juntos por el Cambio (JxC) Gerardo Milman&nbsp;declar\u00f3 ante la Justicia que el borrado de informaci\u00f3n contenida en su tel\u00e9fono celular se produjo en&hellip;<\/p>\n","protected":false},"author":3,"featured_media":34162,"comment_status":"closed","ping_status":"open","sticky":false,"template":"","format":"standard","meta":{"_acf_changed":false,"footnotes":""},"categories":[1,8],"tags":[],"class_list":["post-224413","post","type-post","status-publish","format-standard","has-post-thumbnail","hentry","category-es-noticia","category-politica"],"acf":[],"yoast_head":"<!-- This site is optimized with the Yoast SEO plugin v27.5 - https:\/\/yoast.com\/product\/yoast-seo-wordpress\/ -->\n<title>La secretaria de Milman dijo que borraron su celular en una oficina de Patricia Bullrich - Diario Textual<\/title>\n<meta name=\"robots\" content=\"index, follow, max-snippet:-1, max-image-preview:large, max-video-preview:-1\" \/>\n<link rel=\"canonical\" href=\"https:\/\/diariotextual.com\/inicio\/index.php\/2023\/05\/07\/la-secretaria-de-milman-dijo-que-borraron-su-celular-en-una-oficina-de-patricia-bullrich\/\" \/>\n<meta property=\"og:locale\" content=\"es_ES\" \/>\n<meta property=\"og:type\" content=\"article\" \/>\n<meta property=\"og:title\" content=\"La secretaria de Milman dijo que borraron su celular en una oficina de Patricia Bullrich - Diario Textual\" \/>\n<meta property=\"og:description\" content=\"Una de las secretarias del diputado de Juntos por el Cambio (JxC) Gerardo Milman&nbsp;declar\u00f3 ante la Justicia que el borrado de informaci\u00f3n contenida en su tel\u00e9fono celular se produjo en&hellip;\" \/>\n<meta property=\"og:url\" content=\"https:\/\/diariotextual.com\/inicio\/index.php\/2023\/05\/07\/la-secretaria-de-milman-dijo-que-borraron-su-celular-en-una-oficina-de-patricia-bullrich\/\" \/>\n<meta property=\"og:site_name\" content=\"Diario Textual\" \/>\n<meta property=\"article:publisher\" content=\"https:\/\/www.facebook.com\/eltextual\" \/>\n<meta property=\"article:published_time\" content=\"2023-05-07T20:14:25+00:00\" \/>\n<meta property=\"article:modified_time\" content=\"2023-05-08T11:53:07+00:00\" \/>\n<meta property=\"og:image\" content=\"https:\/\/diariotextual.com\/inicio\/wp-content\/uploads\/2019\/01\/bullrichpatricia1111111.jpg\" \/>\n\t<meta property=\"og:image:width\" content=\"1372\" \/>\n\t<meta property=\"og:image:height\" content=\"923\" \/>\n\t<meta property=\"og:image:type\" content=\"image\/jpeg\" \/>\n<meta name=\"author\" content=\"Diario1 Diario1\" \/>\n<meta name=\"twitter:card\" content=\"summary_large_image\" \/>\n<meta name=\"twitter:creator\" content=\"@eltextual\" \/>\n<meta name=\"twitter:site\" content=\"@eltextual\" \/>\n<meta name=\"twitter:label1\" content=\"Escrito por\" \/>\n\t<meta name=\"twitter:data1\" content=\"Diario1 Diario1\" \/>\n\t<meta name=\"twitter:label2\" content=\"Tiempo de lectura\" \/>\n\t<meta name=\"twitter:data2\" content=\"4 minutos\" \/>\n<script type=\"application\/ld+json\" class=\"yoast-schema-graph\">{\"@context\":\"https:\\\/\\\/schema.org\",\"@graph\":[{\"@type\":\"Article\",\"@id\":\"https:\\\/\\\/diariotextual.com\\\/inicio\\\/index.php\\\/2023\\\/05\\\/07\\\/la-secretaria-de-milman-dijo-que-borraron-su-celular-en-una-oficina-de-patricia-bullrich\\\/#article\",\"isPartOf\":{\"@id\":\"https:\\\/\\\/diariotextual.com\\\/inicio\\\/index.php\\\/2023\\\/05\\\/07\\\/la-secretaria-de-milman-dijo-que-borraron-su-celular-en-una-oficina-de-patricia-bullrich\\\/\"},\"author\":{\"name\":\"Diario1 Diario1\",\"@id\":\"https:\\\/\\\/diariotextual.com\\\/inicio\\\/#\\\/schema\\\/person\\\/418fc4093c33e86ed41562db3508f958\"},\"headline\":\"La secretaria de Milman dijo que borraron su celular en una oficina de Patricia Bullrich\",\"datePublished\":\"2023-05-07T20:14:25+00:00\",\"dateModified\":\"2023-05-08T11:53:07+00:00\",\"mainEntityOfPage\":{\"@id\":\"https:\\\/\\\/diariotextual.com\\\/inicio\\\/index.php\\\/2023\\\/05\\\/07\\\/la-secretaria-de-milman-dijo-que-borraron-su-celular-en-una-oficina-de-patricia-bullrich\\\/\"},\"wordCount\":891,\"publisher\":{\"@id\":\"https:\\\/\\\/diariotextual.com\\\/inicio\\\/#organization\"},\"image\":{\"@id\":\"https:\\\/\\\/diariotextual.com\\\/inicio\\\/index.php\\\/2023\\\/05\\\/07\\\/la-secretaria-de-milman-dijo-que-borraron-su-celular-en-una-oficina-de-patricia-bullrich\\\/#primaryimage\"},\"thumbnailUrl\":\"https:\\\/\\\/diariotextual.com\\\/inicio\\\/wp-content\\\/uploads\\\/2019\\\/01\\\/bullrichpatricia1111111.jpg\",\"articleSection\":[\"A - ES NOTICIA (van abajo)\",\"POLITICA\"],\"inLanguage\":\"es\"},{\"@type\":\"WebPage\",\"@id\":\"https:\\\/\\\/diariotextual.com\\\/inicio\\\/index.php\\\/2023\\\/05\\\/07\\\/la-secretaria-de-milman-dijo-que-borraron-su-celular-en-una-oficina-de-patricia-bullrich\\\/\",\"url\":\"https:\\\/\\\/diariotextual.com\\\/inicio\\\/index.php\\\/2023\\\/05\\\/07\\\/la-secretaria-de-milman-dijo-que-borraron-su-celular-en-una-oficina-de-patricia-bullrich\\\/\",\"name\":\"La secretaria de Milman dijo que borraron su celular en una oficina de Patricia Bullrich - Diario Textual\",\"isPartOf\":{\"@id\":\"https:\\\/\\\/diariotextual.com\\\/inicio\\\/#website\"},\"primaryImageOfPage\":{\"@id\":\"https:\\\/\\\/diariotextual.com\\\/inicio\\\/index.php\\\/2023\\\/05\\\/07\\\/la-secretaria-de-milman-dijo-que-borraron-su-celular-en-una-oficina-de-patricia-bullrich\\\/#primaryimage\"},\"image\":{\"@id\":\"https:\\\/\\\/diariotextual.com\\\/inicio\\\/index.php\\\/2023\\\/05\\\/07\\\/la-secretaria-de-milman-dijo-que-borraron-su-celular-en-una-oficina-de-patricia-bullrich\\\/#primaryimage\"},\"thumbnailUrl\":\"https:\\\/\\\/diariotextual.com\\\/inicio\\\/wp-content\\\/uploads\\\/2019\\\/01\\\/bullrichpatricia1111111.jpg\",\"datePublished\":\"2023-05-07T20:14:25+00:00\",\"dateModified\":\"2023-05-08T11:53:07+00:00\",\"breadcrumb\":{\"@id\":\"https:\\\/\\\/diariotextual.com\\\/inicio\\\/index.php\\\/2023\\\/05\\\/07\\\/la-secretaria-de-milman-dijo-que-borraron-su-celular-en-una-oficina-de-patricia-bullrich\\\/#breadcrumb\"},\"inLanguage\":\"es\",\"potentialAction\":[{\"@type\":\"ReadAction\",\"target\":[\"https:\\\/\\\/diariotextual.com\\\/inicio\\\/index.php\\\/2023\\\/05\\\/07\\\/la-secretaria-de-milman-dijo-que-borraron-su-celular-en-una-oficina-de-patricia-bullrich\\\/\"]}]},{\"@type\":\"ImageObject\",\"inLanguage\":\"es\",\"@id\":\"https:\\\/\\\/diariotextual.com\\\/inicio\\\/index.php\\\/2023\\\/05\\\/07\\\/la-secretaria-de-milman-dijo-que-borraron-su-celular-en-una-oficina-de-patricia-bullrich\\\/#primaryimage\",\"url\":\"https:\\\/\\\/diariotextual.com\\\/inicio\\\/wp-content\\\/uploads\\\/2019\\\/01\\\/bullrichpatricia1111111.jpg\",\"contentUrl\":\"https:\\\/\\\/diariotextual.com\\\/inicio\\\/wp-content\\\/uploads\\\/2019\\\/01\\\/bullrichpatricia1111111.jpg\",\"width\":1372,\"height\":923,\"caption\":\"La ministra de seguridad Patricia Bullrich llegando al Tedeum del 25 de Mayo de 2016.\"},{\"@type\":\"BreadcrumbList\",\"@id\":\"https:\\\/\\\/diariotextual.com\\\/inicio\\\/index.php\\\/2023\\\/05\\\/07\\\/la-secretaria-de-milman-dijo-que-borraron-su-celular-en-una-oficina-de-patricia-bullrich\\\/#breadcrumb\",\"itemListElement\":[{\"@type\":\"ListItem\",\"position\":1,\"name\":\"Portada\",\"item\":\"https:\\\/\\\/diariotextual.com\\\/inicio\\\/\"},{\"@type\":\"ListItem\",\"position\":2,\"name\":\"La secretaria de Milman dijo que borraron su celular en una oficina de Patricia Bullrich\"}]},{\"@type\":\"WebSite\",\"@id\":\"https:\\\/\\\/diariotextual.com\\\/inicio\\\/#website\",\"url\":\"https:\\\/\\\/diariotextual.com\\\/inicio\\\/\",\"name\":\"Diario Textual\",\"description\":\"\",\"publisher\":{\"@id\":\"https:\\\/\\\/diariotextual.com\\\/inicio\\\/#organization\"},\"potentialAction\":[{\"@type\":\"SearchAction\",\"target\":{\"@type\":\"EntryPoint\",\"urlTemplate\":\"https:\\\/\\\/diariotextual.com\\\/inicio\\\/?s={search_term_string}\"},\"query-input\":{\"@type\":\"PropertyValueSpecification\",\"valueRequired\":true,\"valueName\":\"search_term_string\"}}],\"inLanguage\":\"es\"},{\"@type\":\"Organization\",\"@id\":\"https:\\\/\\\/diariotextual.com\\\/inicio\\\/#organization\",\"name\":\"Diario Textual\",\"url\":\"https:\\\/\\\/diariotextual.com\\\/inicio\\\/\",\"logo\":{\"@type\":\"ImageObject\",\"inLanguage\":\"es\",\"@id\":\"https:\\\/\\\/diariotextual.com\\\/inicio\\\/#\\\/schema\\\/logo\\\/image\\\/\",\"url\":\"https:\\\/\\\/diariotextual.com\\\/inicio\\\/wp-content\\\/uploads\\\/2023\\\/05\\\/logotextual1.jpg\",\"contentUrl\":\"https:\\\/\\\/diariotextual.com\\\/inicio\\\/wp-content\\\/uploads\\\/2023\\\/05\\\/logotextual1.jpg\",\"width\":516,\"height\":76,\"caption\":\"Diario Textual\"},\"image\":{\"@id\":\"https:\\\/\\\/diariotextual.com\\\/inicio\\\/#\\\/schema\\\/logo\\\/image\\\/\"},\"sameAs\":[\"https:\\\/\\\/www.facebook.com\\\/eltextual\",\"https:\\\/\\\/x.com\\\/eltextual\",\"http:\\\/\\\/www.instagram.com\\\/eltextual\"]},{\"@type\":\"Person\",\"@id\":\"https:\\\/\\\/diariotextual.com\\\/inicio\\\/#\\\/schema\\\/person\\\/418fc4093c33e86ed41562db3508f958\",\"name\":\"Diario1 Diario1\",\"image\":{\"@type\":\"ImageObject\",\"inLanguage\":\"es\",\"@id\":\"https:\\\/\\\/secure.gravatar.com\\\/avatar\\\/9167d280179c85bc18be67aa7eda765854300033af4896dd779b608640f2ef7a?s=96&d=mm&r=g\",\"url\":\"https:\\\/\\\/secure.gravatar.com\\\/avatar\\\/9167d280179c85bc18be67aa7eda765854300033af4896dd779b608640f2ef7a?s=96&d=mm&r=g\",\"contentUrl\":\"https:\\\/\\\/secure.gravatar.com\\\/avatar\\\/9167d280179c85bc18be67aa7eda765854300033af4896dd779b608640f2ef7a?s=96&d=mm&r=g\",\"caption\":\"Diario1 Diario1\"},\"url\":\"https:\\\/\\\/diariotextual.com\\\/inicio\\\/index.php\\\/author\\\/diario1\\\/\"}]}<\/script>\n<!-- \/ Yoast SEO plugin. -->","yoast_head_json":{"title":"La secretaria de Milman dijo que borraron su celular en una oficina de Patricia Bullrich - Diario Textual","robots":{"index":"index","follow":"follow","max-snippet":"max-snippet:-1","max-image-preview":"max-image-preview:large","max-video-preview":"max-video-preview:-1"},"canonical":"https:\/\/diariotextual.com\/inicio\/index.php\/2023\/05\/07\/la-secretaria-de-milman-dijo-que-borraron-su-celular-en-una-oficina-de-patricia-bullrich\/","og_locale":"es_ES","og_type":"article","og_title":"La secretaria de Milman dijo que borraron su celular en una oficina de Patricia Bullrich - Diario Textual","og_description":"Una de las secretarias del diputado de Juntos por el Cambio (JxC) Gerardo Milman&nbsp;declar\u00f3 ante la Justicia que el borrado de informaci\u00f3n contenida en su tel\u00e9fono celular se produjo en&hellip;","og_url":"https:\/\/diariotextual.com\/inicio\/index.php\/2023\/05\/07\/la-secretaria-de-milman-dijo-que-borraron-su-celular-en-una-oficina-de-patricia-bullrich\/","og_site_name":"Diario Textual","article_publisher":"https:\/\/www.facebook.com\/eltextual","article_published_time":"2023-05-07T20:14:25+00:00","article_modified_time":"2023-05-08T11:53:07+00:00","og_image":[{"width":1372,"height":923,"url":"https:\/\/diariotextual.com\/inicio\/wp-content\/uploads\/2019\/01\/bullrichpatricia1111111.jpg","type":"image\/jpeg"}],"author":"Diario1 Diario1","twitter_card":"summary_large_image","twitter_creator":"@eltextual","twitter_site":"@eltextual","twitter_misc":{"Escrito por":"Diario1 Diario1","Tiempo de lectura":"4 minutos"},"schema":{"@context":"https:\/\/schema.org","@graph":[{"@type":"Article","@id":"https:\/\/diariotextual.com\/inicio\/index.php\/2023\/05\/07\/la-secretaria-de-milman-dijo-que-borraron-su-celular-en-una-oficina-de-patricia-bullrich\/#article","isPartOf":{"@id":"https:\/\/diariotextual.com\/inicio\/index.php\/2023\/05\/07\/la-secretaria-de-milman-dijo-que-borraron-su-celular-en-una-oficina-de-patricia-bullrich\/"},"author":{"name":"Diario1 Diario1","@id":"https:\/\/diariotextual.com\/inicio\/#\/schema\/person\/418fc4093c33e86ed41562db3508f958"},"headline":"La secretaria de Milman dijo que borraron su celular en una oficina de Patricia Bullrich","datePublished":"2023-05-07T20:14:25+00:00","dateModified":"2023-05-08T11:53:07+00:00","mainEntityOfPage":{"@id":"https:\/\/diariotextual.com\/inicio\/index.php\/2023\/05\/07\/la-secretaria-de-milman-dijo-que-borraron-su-celular-en-una-oficina-de-patricia-bullrich\/"},"wordCount":891,"publisher":{"@id":"https:\/\/diariotextual.com\/inicio\/#organization"},"image":{"@id":"https:\/\/diariotextual.com\/inicio\/index.php\/2023\/05\/07\/la-secretaria-de-milman-dijo-que-borraron-su-celular-en-una-oficina-de-patricia-bullrich\/#primaryimage"},"thumbnailUrl":"https:\/\/diariotextual.com\/inicio\/wp-content\/uploads\/2019\/01\/bullrichpatricia1111111.jpg","articleSection":["A - ES NOTICIA (van abajo)","POLITICA"],"inLanguage":"es"},{"@type":"WebPage","@id":"https:\/\/diariotextual.com\/inicio\/index.php\/2023\/05\/07\/la-secretaria-de-milman-dijo-que-borraron-su-celular-en-una-oficina-de-patricia-bullrich\/","url":"https:\/\/diariotextual.com\/inicio\/index.php\/2023\/05\/07\/la-secretaria-de-milman-dijo-que-borraron-su-celular-en-una-oficina-de-patricia-bullrich\/","name":"La secretaria de Milman dijo que borraron su celular en una oficina de Patricia Bullrich - Diario Textual","isPartOf":{"@id":"https:\/\/diariotextual.com\/inicio\/#website"},"primaryImageOfPage":{"@id":"https:\/\/diariotextual.com\/inicio\/index.php\/2023\/05\/07\/la-secretaria-de-milman-dijo-que-borraron-su-celular-en-una-oficina-de-patricia-bullrich\/#primaryimage"},"image":{"@id":"https:\/\/diariotextual.com\/inicio\/index.php\/2023\/05\/07\/la-secretaria-de-milman-dijo-que-borraron-su-celular-en-una-oficina-de-patricia-bullrich\/#primaryimage"},"thumbnailUrl":"https:\/\/diariotextual.com\/inicio\/wp-content\/uploads\/2019\/01\/bullrichpatricia1111111.jpg","datePublished":"2023-05-07T20:14:25+00:00","dateModified":"2023-05-08T11:53:07+00:00","breadcrumb":{"@id":"https:\/\/diariotextual.com\/inicio\/index.php\/2023\/05\/07\/la-secretaria-de-milman-dijo-que-borraron-su-celular-en-una-oficina-de-patricia-bullrich\/#breadcrumb"},"inLanguage":"es","potentialAction":[{"@type":"ReadAction","target":["https:\/\/diariotextual.com\/inicio\/index.php\/2023\/05\/07\/la-secretaria-de-milman-dijo-que-borraron-su-celular-en-una-oficina-de-patricia-bullrich\/"]}]},{"@type":"ImageObject","inLanguage":"es","@id":"https:\/\/diariotextual.com\/inicio\/index.php\/2023\/05\/07\/la-secretaria-de-milman-dijo-que-borraron-su-celular-en-una-oficina-de-patricia-bullrich\/#primaryimage","url":"https:\/\/diariotextual.com\/inicio\/wp-content\/uploads\/2019\/01\/bullrichpatricia1111111.jpg","contentUrl":"https:\/\/diariotextual.com\/inicio\/wp-content\/uploads\/2019\/01\/bullrichpatricia1111111.jpg","width":1372,"height":923,"caption":"La ministra de seguridad Patricia Bullrich llegando al Tedeum del 25 de Mayo de 2016."},{"@type":"BreadcrumbList","@id":"https:\/\/diariotextual.com\/inicio\/index.php\/2023\/05\/07\/la-secretaria-de-milman-dijo-que-borraron-su-celular-en-una-oficina-de-patricia-bullrich\/#breadcrumb","itemListElement":[{"@type":"ListItem","position":1,"name":"Portada","item":"https:\/\/diariotextual.com\/inicio\/"},{"@type":"ListItem","position":2,"name":"La secretaria de Milman dijo que borraron su celular en una oficina de Patricia Bullrich"}]},{"@type":"WebSite","@id":"https:\/\/diariotextual.com\/inicio\/#website","url":"https:\/\/diariotextual.com\/inicio\/","name":"Diario Textual","description":"","publisher":{"@id":"https:\/\/diariotextual.com\/inicio\/#organization"},"potentialAction":[{"@type":"SearchAction","target":{"@type":"EntryPoint","urlTemplate":"https:\/\/diariotextual.com\/inicio\/?s={search_term_string}"},"query-input":{"@type":"PropertyValueSpecification","valueRequired":true,"valueName":"search_term_string"}}],"inLanguage":"es"},{"@type":"Organization","@id":"https:\/\/diariotextual.com\/inicio\/#organization","name":"Diario Textual","url":"https:\/\/diariotextual.com\/inicio\/","logo":{"@type":"ImageObject","inLanguage":"es","@id":"https:\/\/diariotextual.com\/inicio\/#\/schema\/logo\/image\/","url":"https:\/\/diariotextual.com\/inicio\/wp-content\/uploads\/2023\/05\/logotextual1.jpg","contentUrl":"https:\/\/diariotextual.com\/inicio\/wp-content\/uploads\/2023\/05\/logotextual1.jpg","width":516,"height":76,"caption":"Diario Textual"},"image":{"@id":"https:\/\/diariotextual.com\/inicio\/#\/schema\/logo\/image\/"},"sameAs":["https:\/\/www.facebook.com\/eltextual","https:\/\/x.com\/eltextual","http:\/\/www.instagram.com\/eltextual"]},{"@type":"Person","@id":"https:\/\/diariotextual.com\/inicio\/#\/schema\/person\/418fc4093c33e86ed41562db3508f958","name":"Diario1 Diario1","image":{"@type":"ImageObject","inLanguage":"es","@id":"https:\/\/secure.gravatar.com\/avatar\/9167d280179c85bc18be67aa7eda765854300033af4896dd779b608640f2ef7a?s=96&d=mm&r=g","url":"https:\/\/secure.gravatar.com\/avatar\/9167d280179c85bc18be67aa7eda765854300033af4896dd779b608640f2ef7a?s=96&d=mm&r=g","contentUrl":"https:\/\/secure.gravatar.com\/avatar\/9167d280179c85bc18be67aa7eda765854300033af4896dd779b608640f2ef7a?s=96&d=mm&r=g","caption":"Diario1 Diario1"},"url":"https:\/\/diariotextual.com\/inicio\/index.php\/author\/diario1\/"}]}},"_links":{"self":[{"href":"https:\/\/diariotextual.com\/inicio\/index.php\/wp-json\/wp\/v2\/posts\/224413","targetHints":{"allow":["GET"]}}],"collection":[{"href":"https:\/\/diariotextual.com\/inicio\/index.php\/wp-json\/wp\/v2\/posts"}],"about":[{"href":"https:\/\/diariotextual.com\/inicio\/index.php\/wp-json\/wp\/v2\/types\/post"}],"author":[{"embeddable":true,"href":"https:\/\/diariotextual.com\/inicio\/index.php\/wp-json\/wp\/v2\/users\/3"}],"replies":[{"embeddable":true,"href":"https:\/\/diariotextual.com\/inicio\/index.php\/wp-json\/wp\/v2\/comments?post=224413"}],"version-history":[{"count":2,"href":"https:\/\/diariotextual.com\/inicio\/index.php\/wp-json\/wp\/v2\/posts\/224413\/revisions"}],"predecessor-version":[{"id":224456,"href":"https:\/\/diariotextual.com\/inicio\/index.php\/wp-json\/wp\/v2\/posts\/224413\/revisions\/224456"}],"wp:featuredmedia":[{"embeddable":true,"href":"https:\/\/diariotextual.com\/inicio\/index.php\/wp-json\/wp\/v2\/media\/34162"}],"wp:attachment":[{"href":"https:\/\/diariotextual.com\/inicio\/index.php\/wp-json\/wp\/v2\/media?parent=224413"}],"wp:term":[{"taxonomy":"category","embeddable":true,"href":"https:\/\/diariotextual.com\/inicio\/index.php\/wp-json\/wp\/v2\/categories?post=224413"},{"taxonomy":"post_tag","embeddable":true,"href":"https:\/\/diariotextual.com\/inicio\/index.php\/wp-json\/wp\/v2\/tags?post=224413"}],"curies":[{"name":"wp","href":"https:\/\/api.w.org\/{rel}","templated":true}]}}