{"id":224492,"date":"2023-05-08T14:07:30","date_gmt":"2023-05-08T17:07:30","guid":{"rendered":"https:\/\/diariotextual.com\/inicio\/?p=224492"},"modified":"2023-05-08T20:51:53","modified_gmt":"2023-05-08T23:51:53","slug":"fernandez-si-no-hay-un-candidato-que-sintetice-todo-que-surja-el-mas-votado-en-unas-paso","status":"publish","type":"post","link":"https:\/\/diariotextual.com\/inicio\/index.php\/2023\/05\/08\/fernandez-si-no-hay-un-candidato-que-sintetice-todo-que-surja-el-mas-votado-en-unas-paso\/","title":{"rendered":"Fern\u00e1ndez: \u201cSi no hay un candidato que sintetice todo, que surja el m\u00e1s votado en unas PASO\u201d"},"content":{"rendered":"\n<p>El presidente Alberto Fern\u00e1ndez se manifest\u00f3 hoy partidario de definir candidaturas en las PASO, al considerar que si no hay en el Frente de Todos (FdT) un postulante que \u201csintetice todo, que surja el candidato m\u00e1s votado en unas PASO\u201d.<\/p>\n\n\n\n<p>\u201cMi tarea es mantener unido al peronismo y garantizar transparencia en ese proceso\u201d, expres\u00f3 el mandatario en conferencia de prensa desde La Rioja.<\/p>\n\n\n\n<p>Por otro lado calific\u00f3 de \u201cvergonzosa\u201d<a href=\"https:\/\/diariotextual.com\/inicio\/index.php\/2023\/05\/07\/la-secretaria-de-milman-dijo-que-borraron-su-celular-en-una-oficina-de-patricia-bullrich\/\" target=\"_blank\" rel=\"noreferrer noopener\"> la maniobra del presunto borrado de datos de un celular en un despacho atribuido a la c\u00fapula del PRO<\/a> y afirm\u00f3 que \u201clos que tienen que explicar\u201d ese hecho, que se investiga en la causa por el intento de magnicidio contra la vicepresidenta Cristina Fern\u00e1ndez, son la referente del PRO Patricia Bullrich y el diputado de Juntos por el Cambio (JxC) Gerardo Milman.<\/p>\n\n\n\n<p>\u201cValoro el gesto de esa empelada que, sabiendo que pod\u00eda correr riesgos, se anim\u00f3 a decir la verdad\u201d, sostuvo Fern\u00e1ndez sobre la excolaboradora de Milman que declar\u00f3 en la Justicia haber sido presionada para que se eliminaran los contenidos de su tel\u00e9fono.<\/p>\n\n\n\n<p><\/p>\n","protected":false},"excerpt":{"rendered":"<p>El presidente Alberto Fern\u00e1ndez se manifest\u00f3 hoy partidario de definir candidaturas en las PASO, al considerar que si no hay en el Frente de Todos (FdT) un postulante que \u201csintetice&hellip;<\/p>\n","protected":false},"author":4,"featured_media":213798,"comment_status":"closed","ping_status":"open","sticky":false,"template":"","format":"standard","meta":{"_acf_changed":false,"footnotes":""},"categories":[1,8],"tags":[6879],"class_list":["post-224492","post","type-post","status-publish","format-standard","has-post-thumbnail","hentry","category-es-noticia","category-politica","tag-elecciones-2023"],"acf":[],"yoast_head":"<!-- This site is optimized with the Yoast SEO plugin v27.5 - https:\/\/yoast.com\/product\/yoast-seo-wordpress\/ -->\n<title>Fern\u00e1ndez: \u201cSi no hay un candidato que sintetice todo, que surja el m\u00e1s votado en unas PASO\u201d - Diario Textual<\/title>\n<meta name=\"robots\" content=\"index, follow, max-snippet:-1, max-image-preview:large, max-video-preview:-1\" \/>\n<link rel=\"canonical\" href=\"https:\/\/diariotextual.com\/inicio\/index.php\/2023\/05\/08\/fernandez-si-no-hay-un-candidato-que-sintetice-todo-que-surja-el-mas-votado-en-unas-paso\/\" \/>\n<meta property=\"og:locale\" content=\"es_ES\" \/>\n<meta property=\"og:type\" content=\"article\" \/>\n<meta property=\"og:title\" content=\"Fern\u00e1ndez: \u201cSi no hay un candidato que sintetice todo, que surja el m\u00e1s votado en unas PASO\u201d - Diario Textual\" \/>\n<meta property=\"og:description\" content=\"El presidente Alberto Fern\u00e1ndez se manifest\u00f3 hoy partidario de definir candidaturas en las PASO, al considerar que si no hay en el Frente de Todos (FdT) un postulante que \u201csintetice&hellip;\" \/>\n<meta property=\"og:url\" content=\"https:\/\/diariotextual.com\/inicio\/index.php\/2023\/05\/08\/fernandez-si-no-hay-un-candidato-que-sintetice-todo-que-surja-el-mas-votado-en-unas-paso\/\" \/>\n<meta property=\"og:site_name\" content=\"Diario Textual\" \/>\n<meta property=\"article:publisher\" content=\"https:\/\/www.facebook.com\/eltextual\" \/>\n<meta property=\"article:published_time\" content=\"2023-05-08T17:07:30+00:00\" \/>\n<meta property=\"article:modified_time\" content=\"2023-05-08T23:51:53+00:00\" \/>\n<meta property=\"og:image\" content=\"https:\/\/diariotextual.com\/inicio\/wp-content\/uploads\/2023\/01\/fernandezalberto2023-1.jpg\" \/>\n\t<meta property=\"og:image:width\" content=\"848\" \/>\n\t<meta property=\"og:image:height\" content=\"477\" \/>\n\t<meta property=\"og:image:type\" content=\"image\/jpeg\" \/>\n<meta name=\"author\" content=\"diario2\" \/>\n<meta name=\"twitter:card\" content=\"summary_large_image\" \/>\n<meta name=\"twitter:creator\" content=\"@eltextual\" \/>\n<meta name=\"twitter:site\" content=\"@eltextual\" \/>\n<meta name=\"twitter:label1\" content=\"Escrito por\" \/>\n\t<meta name=\"twitter:data1\" content=\"diario2\" \/>\n\t<meta name=\"twitter:label2\" content=\"Tiempo de lectura\" \/>\n\t<meta name=\"twitter:data2\" content=\"1 minuto\" \/>\n<script type=\"application\/ld+json\" class=\"yoast-schema-graph\">{\"@context\":\"https:\\\/\\\/schema.org\",\"@graph\":[{\"@type\":\"Article\",\"@id\":\"https:\\\/\\\/diariotextual.com\\\/inicio\\\/index.php\\\/2023\\\/05\\\/08\\\/fernandez-si-no-hay-un-candidato-que-sintetice-todo-que-surja-el-mas-votado-en-unas-paso\\\/#article\",\"isPartOf\":{\"@id\":\"https:\\\/\\\/diariotextual.com\\\/inicio\\\/index.php\\\/2023\\\/05\\\/08\\\/fernandez-si-no-hay-un-candidato-que-sintetice-todo-que-surja-el-mas-votado-en-unas-paso\\\/\"},\"author\":{\"name\":\"diario2\",\"@id\":\"https:\\\/\\\/diariotextual.com\\\/inicio\\\/#\\\/schema\\\/person\\\/694f60677f23c4a530867a98f22b3768\"},\"headline\":\"Fern\u00e1ndez: \u201cSi no hay un candidato que sintetice todo, que surja el m\u00e1s votado en unas PASO\u201d\",\"datePublished\":\"2023-05-08T17:07:30+00:00\",\"dateModified\":\"2023-05-08T23:51:53+00:00\",\"mainEntityOfPage\":{\"@id\":\"https:\\\/\\\/diariotextual.com\\\/inicio\\\/index.php\\\/2023\\\/05\\\/08\\\/fernandez-si-no-hay-un-candidato-que-sintetice-todo-que-surja-el-mas-votado-en-unas-paso\\\/\"},\"wordCount\":200,\"publisher\":{\"@id\":\"https:\\\/\\\/diariotextual.com\\\/inicio\\\/#organization\"},\"image\":{\"@id\":\"https:\\\/\\\/diariotextual.com\\\/inicio\\\/index.php\\\/2023\\\/05\\\/08\\\/fernandez-si-no-hay-un-candidato-que-sintetice-todo-que-surja-el-mas-votado-en-unas-paso\\\/#primaryimage\"},\"thumbnailUrl\":\"https:\\\/\\\/diariotextual.com\\\/inicio\\\/wp-content\\\/uploads\\\/2023\\\/01\\\/fernandezalberto2023-1.jpg\",\"keywords\":[\"elecciones 2023\"],\"articleSection\":[\"A - ES NOTICIA (van abajo)\",\"POLITICA\"],\"inLanguage\":\"es\"},{\"@type\":\"WebPage\",\"@id\":\"https:\\\/\\\/diariotextual.com\\\/inicio\\\/index.php\\\/2023\\\/05\\\/08\\\/fernandez-si-no-hay-un-candidato-que-sintetice-todo-que-surja-el-mas-votado-en-unas-paso\\\/\",\"url\":\"https:\\\/\\\/diariotextual.com\\\/inicio\\\/index.php\\\/2023\\\/05\\\/08\\\/fernandez-si-no-hay-un-candidato-que-sintetice-todo-que-surja-el-mas-votado-en-unas-paso\\\/\",\"name\":\"Fern\u00e1ndez: \u201cSi no hay un candidato que sintetice todo, que surja el m\u00e1s votado en unas PASO\u201d - Diario Textual\",\"isPartOf\":{\"@id\":\"https:\\\/\\\/diariotextual.com\\\/inicio\\\/#website\"},\"primaryImageOfPage\":{\"@id\":\"https:\\\/\\\/diariotextual.com\\\/inicio\\\/index.php\\\/2023\\\/05\\\/08\\\/fernandez-si-no-hay-un-candidato-que-sintetice-todo-que-surja-el-mas-votado-en-unas-paso\\\/#primaryimage\"},\"image\":{\"@id\":\"https:\\\/\\\/diariotextual.com\\\/inicio\\\/index.php\\\/2023\\\/05\\\/08\\\/fernandez-si-no-hay-un-candidato-que-sintetice-todo-que-surja-el-mas-votado-en-unas-paso\\\/#primaryimage\"},\"thumbnailUrl\":\"https:\\\/\\\/diariotextual.com\\\/inicio\\\/wp-content\\\/uploads\\\/2023\\\/01\\\/fernandezalberto2023-1.jpg\",\"datePublished\":\"2023-05-08T17:07:30+00:00\",\"dateModified\":\"2023-05-08T23:51:53+00:00\",\"breadcrumb\":{\"@id\":\"https:\\\/\\\/diariotextual.com\\\/inicio\\\/index.php\\\/2023\\\/05\\\/08\\\/fernandez-si-no-hay-un-candidato-que-sintetice-todo-que-surja-el-mas-votado-en-unas-paso\\\/#breadcrumb\"},\"inLanguage\":\"es\",\"potentialAction\":[{\"@type\":\"ReadAction\",\"target\":[\"https:\\\/\\\/diariotextual.com\\\/inicio\\\/index.php\\\/2023\\\/05\\\/08\\\/fernandez-si-no-hay-un-candidato-que-sintetice-todo-que-surja-el-mas-votado-en-unas-paso\\\/\"]}]},{\"@type\":\"ImageObject\",\"inLanguage\":\"es\",\"@id\":\"https:\\\/\\\/diariotextual.com\\\/inicio\\\/index.php\\\/2023\\\/05\\\/08\\\/fernandez-si-no-hay-un-candidato-que-sintetice-todo-que-surja-el-mas-votado-en-unas-paso\\\/#primaryimage\",\"url\":\"https:\\\/\\\/diariotextual.com\\\/inicio\\\/wp-content\\\/uploads\\\/2023\\\/01\\\/fernandezalberto2023-1.jpg\",\"contentUrl\":\"https:\\\/\\\/diariotextual.com\\\/inicio\\\/wp-content\\\/uploads\\\/2023\\\/01\\\/fernandezalberto2023-1.jpg\",\"width\":848,\"height\":477},{\"@type\":\"BreadcrumbList\",\"@id\":\"https:\\\/\\\/diariotextual.com\\\/inicio\\\/index.php\\\/2023\\\/05\\\/08\\\/fernandez-si-no-hay-un-candidato-que-sintetice-todo-que-surja-el-mas-votado-en-unas-paso\\\/#breadcrumb\",\"itemListElement\":[{\"@type\":\"ListItem\",\"position\":1,\"name\":\"Portada\",\"item\":\"https:\\\/\\\/diariotextual.com\\\/inicio\\\/\"},{\"@type\":\"ListItem\",\"position\":2,\"name\":\"Fern\u00e1ndez: \u201cSi no hay un candidato que sintetice todo, que surja el m\u00e1s votado en unas PASO\u201d\"}]},{\"@type\":\"WebSite\",\"@id\":\"https:\\\/\\\/diariotextual.com\\\/inicio\\\/#website\",\"url\":\"https:\\\/\\\/diariotextual.com\\\/inicio\\\/\",\"name\":\"Diario Textual\",\"description\":\"\",\"publisher\":{\"@id\":\"https:\\\/\\\/diariotextual.com\\\/inicio\\\/#organization\"},\"potentialAction\":[{\"@type\":\"SearchAction\",\"target\":{\"@type\":\"EntryPoint\",\"urlTemplate\":\"https:\\\/\\\/diariotextual.com\\\/inicio\\\/?s={search_term_string}\"},\"query-input\":{\"@type\":\"PropertyValueSpecification\",\"valueRequired\":true,\"valueName\":\"search_term_string\"}}],\"inLanguage\":\"es\"},{\"@type\":\"Organization\",\"@id\":\"https:\\\/\\\/diariotextual.com\\\/inicio\\\/#organization\",\"name\":\"Diario Textual\",\"url\":\"https:\\\/\\\/diariotextual.com\\\/inicio\\\/\",\"logo\":{\"@type\":\"ImageObject\",\"inLanguage\":\"es\",\"@id\":\"https:\\\/\\\/diariotextual.com\\\/inicio\\\/#\\\/schema\\\/logo\\\/image\\\/\",\"url\":\"https:\\\/\\\/diariotextual.com\\\/inicio\\\/wp-content\\\/uploads\\\/2023\\\/05\\\/logotextual1.jpg\",\"contentUrl\":\"https:\\\/\\\/diariotextual.com\\\/inicio\\\/wp-content\\\/uploads\\\/2023\\\/05\\\/logotextual1.jpg\",\"width\":516,\"height\":76,\"caption\":\"Diario Textual\"},\"image\":{\"@id\":\"https:\\\/\\\/diariotextual.com\\\/inicio\\\/#\\\/schema\\\/logo\\\/image\\\/\"},\"sameAs\":[\"https:\\\/\\\/www.facebook.com\\\/eltextual\",\"https:\\\/\\\/x.com\\\/eltextual\",\"http:\\\/\\\/www.instagram.com\\\/eltextual\"]},{\"@type\":\"Person\",\"@id\":\"https:\\\/\\\/diariotextual.com\\\/inicio\\\/#\\\/schema\\\/person\\\/694f60677f23c4a530867a98f22b3768\",\"name\":\"diario2\",\"image\":{\"@type\":\"ImageObject\",\"inLanguage\":\"es\",\"@id\":\"https:\\\/\\\/secure.gravatar.com\\\/avatar\\\/5a2567495ba16b852fcd8f1ed006a2e24fcace936018ed8237e95f488ad6e0a7?s=96&d=mm&r=g\",\"url\":\"https:\\\/\\\/secure.gravatar.com\\\/avatar\\\/5a2567495ba16b852fcd8f1ed006a2e24fcace936018ed8237e95f488ad6e0a7?s=96&d=mm&r=g\",\"contentUrl\":\"https:\\\/\\\/secure.gravatar.com\\\/avatar\\\/5a2567495ba16b852fcd8f1ed006a2e24fcace936018ed8237e95f488ad6e0a7?s=96&d=mm&r=g\",\"caption\":\"diario2\"},\"url\":\"https:\\\/\\\/diariotextual.com\\\/inicio\\\/index.php\\\/author\\\/diario2\\\/\"}]}<\/script>\n<!-- \/ Yoast SEO plugin. -->","yoast_head_json":{"title":"Fern\u00e1ndez: \u201cSi no hay un candidato que sintetice todo, que surja el m\u00e1s votado en unas PASO\u201d - Diario Textual","robots":{"index":"index","follow":"follow","max-snippet":"max-snippet:-1","max-image-preview":"max-image-preview:large","max-video-preview":"max-video-preview:-1"},"canonical":"https:\/\/diariotextual.com\/inicio\/index.php\/2023\/05\/08\/fernandez-si-no-hay-un-candidato-que-sintetice-todo-que-surja-el-mas-votado-en-unas-paso\/","og_locale":"es_ES","og_type":"article","og_title":"Fern\u00e1ndez: \u201cSi no hay un candidato que sintetice todo, que surja el m\u00e1s votado en unas PASO\u201d - Diario Textual","og_description":"El presidente Alberto Fern\u00e1ndez se manifest\u00f3 hoy partidario de definir candidaturas en las PASO, al considerar que si no hay en el Frente de Todos (FdT) un postulante que \u201csintetice&hellip;","og_url":"https:\/\/diariotextual.com\/inicio\/index.php\/2023\/05\/08\/fernandez-si-no-hay-un-candidato-que-sintetice-todo-que-surja-el-mas-votado-en-unas-paso\/","og_site_name":"Diario Textual","article_publisher":"https:\/\/www.facebook.com\/eltextual","article_published_time":"2023-05-08T17:07:30+00:00","article_modified_time":"2023-05-08T23:51:53+00:00","og_image":[{"width":848,"height":477,"url":"https:\/\/diariotextual.com\/inicio\/wp-content\/uploads\/2023\/01\/fernandezalberto2023-1.jpg","type":"image\/jpeg"}],"author":"diario2","twitter_card":"summary_large_image","twitter_creator":"@eltextual","twitter_site":"@eltextual","twitter_misc":{"Escrito por":"diario2","Tiempo de lectura":"1 minuto"},"schema":{"@context":"https:\/\/schema.org","@graph":[{"@type":"Article","@id":"https:\/\/diariotextual.com\/inicio\/index.php\/2023\/05\/08\/fernandez-si-no-hay-un-candidato-que-sintetice-todo-que-surja-el-mas-votado-en-unas-paso\/#article","isPartOf":{"@id":"https:\/\/diariotextual.com\/inicio\/index.php\/2023\/05\/08\/fernandez-si-no-hay-un-candidato-que-sintetice-todo-que-surja-el-mas-votado-en-unas-paso\/"},"author":{"name":"diario2","@id":"https:\/\/diariotextual.com\/inicio\/#\/schema\/person\/694f60677f23c4a530867a98f22b3768"},"headline":"Fern\u00e1ndez: \u201cSi no hay un candidato que sintetice todo, que surja el m\u00e1s votado en unas PASO\u201d","datePublished":"2023-05-08T17:07:30+00:00","dateModified":"2023-05-08T23:51:53+00:00","mainEntityOfPage":{"@id":"https:\/\/diariotextual.com\/inicio\/index.php\/2023\/05\/08\/fernandez-si-no-hay-un-candidato-que-sintetice-todo-que-surja-el-mas-votado-en-unas-paso\/"},"wordCount":200,"publisher":{"@id":"https:\/\/diariotextual.com\/inicio\/#organization"},"image":{"@id":"https:\/\/diariotextual.com\/inicio\/index.php\/2023\/05\/08\/fernandez-si-no-hay-un-candidato-que-sintetice-todo-que-surja-el-mas-votado-en-unas-paso\/#primaryimage"},"thumbnailUrl":"https:\/\/diariotextual.com\/inicio\/wp-content\/uploads\/2023\/01\/fernandezalberto2023-1.jpg","keywords":["elecciones 2023"],"articleSection":["A - ES NOTICIA (van abajo)","POLITICA"],"inLanguage":"es"},{"@type":"WebPage","@id":"https:\/\/diariotextual.com\/inicio\/index.php\/2023\/05\/08\/fernandez-si-no-hay-un-candidato-que-sintetice-todo-que-surja-el-mas-votado-en-unas-paso\/","url":"https:\/\/diariotextual.com\/inicio\/index.php\/2023\/05\/08\/fernandez-si-no-hay-un-candidato-que-sintetice-todo-que-surja-el-mas-votado-en-unas-paso\/","name":"Fern\u00e1ndez: \u201cSi no hay un candidato que sintetice todo, que surja el m\u00e1s votado en unas PASO\u201d - Diario Textual","isPartOf":{"@id":"https:\/\/diariotextual.com\/inicio\/#website"},"primaryImageOfPage":{"@id":"https:\/\/diariotextual.com\/inicio\/index.php\/2023\/05\/08\/fernandez-si-no-hay-un-candidato-que-sintetice-todo-que-surja-el-mas-votado-en-unas-paso\/#primaryimage"},"image":{"@id":"https:\/\/diariotextual.com\/inicio\/index.php\/2023\/05\/08\/fernandez-si-no-hay-un-candidato-que-sintetice-todo-que-surja-el-mas-votado-en-unas-paso\/#primaryimage"},"thumbnailUrl":"https:\/\/diariotextual.com\/inicio\/wp-content\/uploads\/2023\/01\/fernandezalberto2023-1.jpg","datePublished":"2023-05-08T17:07:30+00:00","dateModified":"2023-05-08T23:51:53+00:00","breadcrumb":{"@id":"https:\/\/diariotextual.com\/inicio\/index.php\/2023\/05\/08\/fernandez-si-no-hay-un-candidato-que-sintetice-todo-que-surja-el-mas-votado-en-unas-paso\/#breadcrumb"},"inLanguage":"es","potentialAction":[{"@type":"ReadAction","target":["https:\/\/diariotextual.com\/inicio\/index.php\/2023\/05\/08\/fernandez-si-no-hay-un-candidato-que-sintetice-todo-que-surja-el-mas-votado-en-unas-paso\/"]}]},{"@type":"ImageObject","inLanguage":"es","@id":"https:\/\/diariotextual.com\/inicio\/index.php\/2023\/05\/08\/fernandez-si-no-hay-un-candidato-que-sintetice-todo-que-surja-el-mas-votado-en-unas-paso\/#primaryimage","url":"https:\/\/diariotextual.com\/inicio\/wp-content\/uploads\/2023\/01\/fernandezalberto2023-1.jpg","contentUrl":"https:\/\/diariotextual.com\/inicio\/wp-content\/uploads\/2023\/01\/fernandezalberto2023-1.jpg","width":848,"height":477},{"@type":"BreadcrumbList","@id":"https:\/\/diariotextual.com\/inicio\/index.php\/2023\/05\/08\/fernandez-si-no-hay-un-candidato-que-sintetice-todo-que-surja-el-mas-votado-en-unas-paso\/#breadcrumb","itemListElement":[{"@type":"ListItem","position":1,"name":"Portada","item":"https:\/\/diariotextual.com\/inicio\/"},{"@type":"ListItem","position":2,"name":"Fern\u00e1ndez: \u201cSi no hay un candidato que sintetice todo, que surja el m\u00e1s votado en unas PASO\u201d"}]},{"@type":"WebSite","@id":"https:\/\/diariotextual.com\/inicio\/#website","url":"https:\/\/diariotextual.com\/inicio\/","name":"Diario Textual","description":"","publisher":{"@id":"https:\/\/diariotextual.com\/inicio\/#organization"},"potentialAction":[{"@type":"SearchAction","target":{"@type":"EntryPoint","urlTemplate":"https:\/\/diariotextual.com\/inicio\/?s={search_term_string}"},"query-input":{"@type":"PropertyValueSpecification","valueRequired":true,"valueName":"search_term_string"}}],"inLanguage":"es"},{"@type":"Organization","@id":"https:\/\/diariotextual.com\/inicio\/#organization","name":"Diario Textual","url":"https:\/\/diariotextual.com\/inicio\/","logo":{"@type":"ImageObject","inLanguage":"es","@id":"https:\/\/diariotextual.com\/inicio\/#\/schema\/logo\/image\/","url":"https:\/\/diariotextual.com\/inicio\/wp-content\/uploads\/2023\/05\/logotextual1.jpg","contentUrl":"https:\/\/diariotextual.com\/inicio\/wp-content\/uploads\/2023\/05\/logotextual1.jpg","width":516,"height":76,"caption":"Diario Textual"},"image":{"@id":"https:\/\/diariotextual.com\/inicio\/#\/schema\/logo\/image\/"},"sameAs":["https:\/\/www.facebook.com\/eltextual","https:\/\/x.com\/eltextual","http:\/\/www.instagram.com\/eltextual"]},{"@type":"Person","@id":"https:\/\/diariotextual.com\/inicio\/#\/schema\/person\/694f60677f23c4a530867a98f22b3768","name":"diario2","image":{"@type":"ImageObject","inLanguage":"es","@id":"https:\/\/secure.gravatar.com\/avatar\/5a2567495ba16b852fcd8f1ed006a2e24fcace936018ed8237e95f488ad6e0a7?s=96&d=mm&r=g","url":"https:\/\/secure.gravatar.com\/avatar\/5a2567495ba16b852fcd8f1ed006a2e24fcace936018ed8237e95f488ad6e0a7?s=96&d=mm&r=g","contentUrl":"https:\/\/secure.gravatar.com\/avatar\/5a2567495ba16b852fcd8f1ed006a2e24fcace936018ed8237e95f488ad6e0a7?s=96&d=mm&r=g","caption":"diario2"},"url":"https:\/\/diariotextual.com\/inicio\/index.php\/author\/diario2\/"}]}},"_links":{"self":[{"href":"https:\/\/diariotextual.com\/inicio\/index.php\/wp-json\/wp\/v2\/posts\/224492","targetHints":{"allow":["GET"]}}],"collection":[{"href":"https:\/\/diariotextual.com\/inicio\/index.php\/wp-json\/wp\/v2\/posts"}],"about":[{"href":"https:\/\/diariotextual.com\/inicio\/index.php\/wp-json\/wp\/v2\/types\/post"}],"author":[{"embeddable":true,"href":"https:\/\/diariotextual.com\/inicio\/index.php\/wp-json\/wp\/v2\/users\/4"}],"replies":[{"embeddable":true,"href":"https:\/\/diariotextual.com\/inicio\/index.php\/wp-json\/wp\/v2\/comments?post=224492"}],"version-history":[{"count":2,"href":"https:\/\/diariotextual.com\/inicio\/index.php\/wp-json\/wp\/v2\/posts\/224492\/revisions"}],"predecessor-version":[{"id":224495,"href":"https:\/\/diariotextual.com\/inicio\/index.php\/wp-json\/wp\/v2\/posts\/224492\/revisions\/224495"}],"wp:featuredmedia":[{"embeddable":true,"href":"https:\/\/diariotextual.com\/inicio\/index.php\/wp-json\/wp\/v2\/media\/213798"}],"wp:attachment":[{"href":"https:\/\/diariotextual.com\/inicio\/index.php\/wp-json\/wp\/v2\/media?parent=224492"}],"wp:term":[{"taxonomy":"category","embeddable":true,"href":"https:\/\/diariotextual.com\/inicio\/index.php\/wp-json\/wp\/v2\/categories?post=224492"},{"taxonomy":"post_tag","embeddable":true,"href":"https:\/\/diariotextual.com\/inicio\/index.php\/wp-json\/wp\/v2\/tags?post=224492"}],"curies":[{"name":"wp","href":"https:\/\/api.w.org\/{rel}","templated":true}]}}