{"id":224496,"date":"2023-05-08T14:19:36","date_gmt":"2023-05-08T17:19:36","guid":{"rendered":"https:\/\/diariotextual.com\/inicio\/?p=224496"},"modified":"2023-05-08T14:19:37","modified_gmt":"2023-05-08T17:19:37","slug":"fiesta-de-la-carneada-20-anos-de-una-tradicion-intacta-en-alpachiri","status":"publish","type":"post","link":"https:\/\/diariotextual.com\/inicio\/index.php\/2023\/05\/08\/fiesta-de-la-carneada-20-anos-de-una-tradicion-intacta-en-alpachiri\/","title":{"rendered":"Fiesta de la Carneada: 20 a\u00f1os de una tradici\u00f3n intacta en Alpachiri"},"content":{"rendered":"\n<p>En Alpachiri se llev\u00f3 a cabo una nueva edici\u00f3n de la tradicional <strong>Fiesta de la Carneada<\/strong> que lleg\u00f3 al n\u00famero 20, de este evento organizado por la Comunidad Alemana.<\/p>\n\n\n\n<p>Los festejos comenzaron con la tradicional ceremonia de bendici\u00f3n de la comida para luego pasar a servir una gran variedad de fiambres, ensaladas t\u00edpicas, asado y de postre la torta rusa (Riwwen Kuchen), luego la entrega de presentes, bailes t\u00edpicos alemanes y el cierre con un baile popular.<\/p>\n\n\n\n<p>Por el Gobierno de La Pampa asistieron el ministro de Gobierno, Justicia y Derechos Humanos, Ariel Rauschenberger y el de Seguridad, Horacio Di N\u00e1poli, acompa\u00f1ados por el subsecretario de Cooperativas, Fabi\u00e1n Bruna y directores y directoras de diversas \u00e1reas, quienes fueron recibidos por el vice intendente a cargo Iv\u00e1n Gonz\u00e1lez, ya que el intendente Rub\u00e9n M\u00fcller se encuentra en uso de licencia.<\/p>\n\n\n\n<p>\u201cSe vino acompa\u00f1ar a la comunidad de Alpachiri cumpliendo con el pedido del gobernador Sergio Ziliotto de estar cerca de los pueblos de acompa\u00f1arlos, como as\u00ed tambi\u00e9n escuchar inquietudes de la gente\u201d, dijo Rauschenberger.<\/p>\n\n\n\n<p>Felicit\u00f3 a la colectividad alemana, \u201cpor el trabajo para llevar adelante esta fiesta\u201d, agreg\u00f3 que se trata de \u201cuna fiesta muy importante que rescata la tradici\u00f3n y la cultura alemana reflej\u00e1ndose en las comidas t\u00edpicas que se disfrutaron\u201d.<\/p>\n\n\n\n<p>El ministro de Seguridad fue otro de los funcionarios que se acerc\u00f3 hasta Alpachiri para acompa\u00f1ar en los festejos de la XX edici\u00f3n de la Fiesta de la Carneada destacando que es el segundo a\u00f1o que asiste y consider\u00f3 que se trata de \u201cun honor, estar con la gente que se juntan, organizan y el entusiasmo que le ponen a todo el evento\u201d.<\/p>\n\n\n\n<p>\u201cA nosotros nos invitan y debemos hacer lo imposible para acompa\u00f1arlos, hay que estar y acompa\u00f1amos a Rub\u00e9n (M\u00fcller) que es el que nos convoca y ac\u00e1 estamos\u201d, dijo.<\/p>\n","protected":false},"excerpt":{"rendered":"<p>En Alpachiri se llev\u00f3 a cabo una nueva edici\u00f3n de la tradicional Fiesta de la Carneada que lleg\u00f3 al n\u00famero 20, de este evento organizado por la Comunidad Alemana. Los&hellip;<\/p>\n","protected":false},"author":4,"featured_media":224497,"comment_status":"closed","ping_status":"open","sticky":false,"template":"","format":"standard","meta":{"_acf_changed":false,"footnotes":""},"categories":[1,2],"tags":[],"class_list":["post-224496","post","type-post","status-publish","format-standard","has-post-thumbnail","hentry","category-es-noticia","category-cultura"],"acf":[],"yoast_head":"<!-- This site is optimized with the Yoast SEO plugin v27.5 - https:\/\/yoast.com\/product\/yoast-seo-wordpress\/ -->\n<title>Fiesta de la Carneada: 20 a\u00f1os de una tradici\u00f3n intacta en Alpachiri - Diario Textual<\/title>\n<meta name=\"robots\" content=\"index, follow, max-snippet:-1, max-image-preview:large, max-video-preview:-1\" \/>\n<link rel=\"canonical\" href=\"https:\/\/diariotextual.com\/inicio\/index.php\/2023\/05\/08\/fiesta-de-la-carneada-20-anos-de-una-tradicion-intacta-en-alpachiri\/\" \/>\n<meta property=\"og:locale\" content=\"es_ES\" \/>\n<meta property=\"og:type\" content=\"article\" \/>\n<meta property=\"og:title\" content=\"Fiesta de la Carneada: 20 a\u00f1os de una tradici\u00f3n intacta en Alpachiri - Diario Textual\" \/>\n<meta property=\"og:description\" content=\"En Alpachiri se llev\u00f3 a cabo una nueva edici\u00f3n de la tradicional Fiesta de la Carneada que lleg\u00f3 al n\u00famero 20, de este evento organizado por la Comunidad Alemana. Los&hellip;\" \/>\n<meta property=\"og:url\" content=\"https:\/\/diariotextual.com\/inicio\/index.php\/2023\/05\/08\/fiesta-de-la-carneada-20-anos-de-una-tradicion-intacta-en-alpachiri\/\" \/>\n<meta property=\"og:site_name\" content=\"Diario Textual\" \/>\n<meta property=\"article:publisher\" content=\"https:\/\/www.facebook.com\/eltextual\" \/>\n<meta property=\"article:published_time\" content=\"2023-05-08T17:19:36+00:00\" \/>\n<meta property=\"article:modified_time\" content=\"2023-05-08T17:19:37+00:00\" \/>\n<meta property=\"og:image\" content=\"https:\/\/diariotextual.com\/inicio\/wp-content\/uploads\/2023\/05\/fiestacarneadaalpachiri5654362.jpg\" \/>\n\t<meta property=\"og:image:width\" content=\"900\" \/>\n\t<meta property=\"og:image:height\" content=\"565\" \/>\n\t<meta property=\"og:image:type\" content=\"image\/jpeg\" \/>\n<meta name=\"author\" content=\"diario2\" \/>\n<meta name=\"twitter:card\" content=\"summary_large_image\" \/>\n<meta name=\"twitter:creator\" content=\"@eltextual\" \/>\n<meta name=\"twitter:site\" content=\"@eltextual\" \/>\n<meta name=\"twitter:label1\" content=\"Escrito por\" \/>\n\t<meta name=\"twitter:data1\" content=\"diario2\" \/>\n\t<meta name=\"twitter:label2\" content=\"Tiempo de lectura\" \/>\n\t<meta name=\"twitter:data2\" content=\"2 minutos\" \/>\n<script type=\"application\/ld+json\" class=\"yoast-schema-graph\">{\"@context\":\"https:\\\/\\\/schema.org\",\"@graph\":[{\"@type\":\"Article\",\"@id\":\"https:\\\/\\\/diariotextual.com\\\/inicio\\\/index.php\\\/2023\\\/05\\\/08\\\/fiesta-de-la-carneada-20-anos-de-una-tradicion-intacta-en-alpachiri\\\/#article\",\"isPartOf\":{\"@id\":\"https:\\\/\\\/diariotextual.com\\\/inicio\\\/index.php\\\/2023\\\/05\\\/08\\\/fiesta-de-la-carneada-20-anos-de-una-tradicion-intacta-en-alpachiri\\\/\"},\"author\":{\"name\":\"diario2\",\"@id\":\"https:\\\/\\\/diariotextual.com\\\/inicio\\\/#\\\/schema\\\/person\\\/694f60677f23c4a530867a98f22b3768\"},\"headline\":\"Fiesta de la Carneada: 20 a\u00f1os de una tradici\u00f3n intacta en Alpachiri\",\"datePublished\":\"2023-05-08T17:19:36+00:00\",\"dateModified\":\"2023-05-08T17:19:37+00:00\",\"mainEntityOfPage\":{\"@id\":\"https:\\\/\\\/diariotextual.com\\\/inicio\\\/index.php\\\/2023\\\/05\\\/08\\\/fiesta-de-la-carneada-20-anos-de-una-tradicion-intacta-en-alpachiri\\\/\"},\"wordCount\":340,\"publisher\":{\"@id\":\"https:\\\/\\\/diariotextual.com\\\/inicio\\\/#organization\"},\"image\":{\"@id\":\"https:\\\/\\\/diariotextual.com\\\/inicio\\\/index.php\\\/2023\\\/05\\\/08\\\/fiesta-de-la-carneada-20-anos-de-una-tradicion-intacta-en-alpachiri\\\/#primaryimage\"},\"thumbnailUrl\":\"https:\\\/\\\/diariotextual.com\\\/inicio\\\/wp-content\\\/uploads\\\/2023\\\/05\\\/fiestacarneadaalpachiri5654362.jpg\",\"articleSection\":[\"A - ES NOTICIA (van abajo)\",\"CULTURA\"],\"inLanguage\":\"es\"},{\"@type\":\"WebPage\",\"@id\":\"https:\\\/\\\/diariotextual.com\\\/inicio\\\/index.php\\\/2023\\\/05\\\/08\\\/fiesta-de-la-carneada-20-anos-de-una-tradicion-intacta-en-alpachiri\\\/\",\"url\":\"https:\\\/\\\/diariotextual.com\\\/inicio\\\/index.php\\\/2023\\\/05\\\/08\\\/fiesta-de-la-carneada-20-anos-de-una-tradicion-intacta-en-alpachiri\\\/\",\"name\":\"Fiesta de la Carneada: 20 a\u00f1os de una tradici\u00f3n intacta en Alpachiri - Diario Textual\",\"isPartOf\":{\"@id\":\"https:\\\/\\\/diariotextual.com\\\/inicio\\\/#website\"},\"primaryImageOfPage\":{\"@id\":\"https:\\\/\\\/diariotextual.com\\\/inicio\\\/index.php\\\/2023\\\/05\\\/08\\\/fiesta-de-la-carneada-20-anos-de-una-tradicion-intacta-en-alpachiri\\\/#primaryimage\"},\"image\":{\"@id\":\"https:\\\/\\\/diariotextual.com\\\/inicio\\\/index.php\\\/2023\\\/05\\\/08\\\/fiesta-de-la-carneada-20-anos-de-una-tradicion-intacta-en-alpachiri\\\/#primaryimage\"},\"thumbnailUrl\":\"https:\\\/\\\/diariotextual.com\\\/inicio\\\/wp-content\\\/uploads\\\/2023\\\/05\\\/fiestacarneadaalpachiri5654362.jpg\",\"datePublished\":\"2023-05-08T17:19:36+00:00\",\"dateModified\":\"2023-05-08T17:19:37+00:00\",\"breadcrumb\":{\"@id\":\"https:\\\/\\\/diariotextual.com\\\/inicio\\\/index.php\\\/2023\\\/05\\\/08\\\/fiesta-de-la-carneada-20-anos-de-una-tradicion-intacta-en-alpachiri\\\/#breadcrumb\"},\"inLanguage\":\"es\",\"potentialAction\":[{\"@type\":\"ReadAction\",\"target\":[\"https:\\\/\\\/diariotextual.com\\\/inicio\\\/index.php\\\/2023\\\/05\\\/08\\\/fiesta-de-la-carneada-20-anos-de-una-tradicion-intacta-en-alpachiri\\\/\"]}]},{\"@type\":\"ImageObject\",\"inLanguage\":\"es\",\"@id\":\"https:\\\/\\\/diariotextual.com\\\/inicio\\\/index.php\\\/2023\\\/05\\\/08\\\/fiesta-de-la-carneada-20-anos-de-una-tradicion-intacta-en-alpachiri\\\/#primaryimage\",\"url\":\"https:\\\/\\\/diariotextual.com\\\/inicio\\\/wp-content\\\/uploads\\\/2023\\\/05\\\/fiestacarneadaalpachiri5654362.jpg\",\"contentUrl\":\"https:\\\/\\\/diariotextual.com\\\/inicio\\\/wp-content\\\/uploads\\\/2023\\\/05\\\/fiestacarneadaalpachiri5654362.jpg\",\"width\":900,\"height\":565},{\"@type\":\"BreadcrumbList\",\"@id\":\"https:\\\/\\\/diariotextual.com\\\/inicio\\\/index.php\\\/2023\\\/05\\\/08\\\/fiesta-de-la-carneada-20-anos-de-una-tradicion-intacta-en-alpachiri\\\/#breadcrumb\",\"itemListElement\":[{\"@type\":\"ListItem\",\"position\":1,\"name\":\"Portada\",\"item\":\"https:\\\/\\\/diariotextual.com\\\/inicio\\\/\"},{\"@type\":\"ListItem\",\"position\":2,\"name\":\"Fiesta de la Carneada: 20 a\u00f1os de una tradici\u00f3n intacta en Alpachiri\"}]},{\"@type\":\"WebSite\",\"@id\":\"https:\\\/\\\/diariotextual.com\\\/inicio\\\/#website\",\"url\":\"https:\\\/\\\/diariotextual.com\\\/inicio\\\/\",\"name\":\"Diario Textual\",\"description\":\"\",\"publisher\":{\"@id\":\"https:\\\/\\\/diariotextual.com\\\/inicio\\\/#organization\"},\"potentialAction\":[{\"@type\":\"SearchAction\",\"target\":{\"@type\":\"EntryPoint\",\"urlTemplate\":\"https:\\\/\\\/diariotextual.com\\\/inicio\\\/?s={search_term_string}\"},\"query-input\":{\"@type\":\"PropertyValueSpecification\",\"valueRequired\":true,\"valueName\":\"search_term_string\"}}],\"inLanguage\":\"es\"},{\"@type\":\"Organization\",\"@id\":\"https:\\\/\\\/diariotextual.com\\\/inicio\\\/#organization\",\"name\":\"Diario Textual\",\"url\":\"https:\\\/\\\/diariotextual.com\\\/inicio\\\/\",\"logo\":{\"@type\":\"ImageObject\",\"inLanguage\":\"es\",\"@id\":\"https:\\\/\\\/diariotextual.com\\\/inicio\\\/#\\\/schema\\\/logo\\\/image\\\/\",\"url\":\"https:\\\/\\\/diariotextual.com\\\/inicio\\\/wp-content\\\/uploads\\\/2023\\\/05\\\/logotextual1.jpg\",\"contentUrl\":\"https:\\\/\\\/diariotextual.com\\\/inicio\\\/wp-content\\\/uploads\\\/2023\\\/05\\\/logotextual1.jpg\",\"width\":516,\"height\":76,\"caption\":\"Diario Textual\"},\"image\":{\"@id\":\"https:\\\/\\\/diariotextual.com\\\/inicio\\\/#\\\/schema\\\/logo\\\/image\\\/\"},\"sameAs\":[\"https:\\\/\\\/www.facebook.com\\\/eltextual\",\"https:\\\/\\\/x.com\\\/eltextual\",\"http:\\\/\\\/www.instagram.com\\\/eltextual\"]},{\"@type\":\"Person\",\"@id\":\"https:\\\/\\\/diariotextual.com\\\/inicio\\\/#\\\/schema\\\/person\\\/694f60677f23c4a530867a98f22b3768\",\"name\":\"diario2\",\"image\":{\"@type\":\"ImageObject\",\"inLanguage\":\"es\",\"@id\":\"https:\\\/\\\/secure.gravatar.com\\\/avatar\\\/5a2567495ba16b852fcd8f1ed006a2e24fcace936018ed8237e95f488ad6e0a7?s=96&d=mm&r=g\",\"url\":\"https:\\\/\\\/secure.gravatar.com\\\/avatar\\\/5a2567495ba16b852fcd8f1ed006a2e24fcace936018ed8237e95f488ad6e0a7?s=96&d=mm&r=g\",\"contentUrl\":\"https:\\\/\\\/secure.gravatar.com\\\/avatar\\\/5a2567495ba16b852fcd8f1ed006a2e24fcace936018ed8237e95f488ad6e0a7?s=96&d=mm&r=g\",\"caption\":\"diario2\"},\"url\":\"https:\\\/\\\/diariotextual.com\\\/inicio\\\/index.php\\\/author\\\/diario2\\\/\"}]}<\/script>\n<!-- \/ Yoast SEO plugin. -->","yoast_head_json":{"title":"Fiesta de la Carneada: 20 a\u00f1os de una tradici\u00f3n intacta en Alpachiri - Diario Textual","robots":{"index":"index","follow":"follow","max-snippet":"max-snippet:-1","max-image-preview":"max-image-preview:large","max-video-preview":"max-video-preview:-1"},"canonical":"https:\/\/diariotextual.com\/inicio\/index.php\/2023\/05\/08\/fiesta-de-la-carneada-20-anos-de-una-tradicion-intacta-en-alpachiri\/","og_locale":"es_ES","og_type":"article","og_title":"Fiesta de la Carneada: 20 a\u00f1os de una tradici\u00f3n intacta en Alpachiri - Diario Textual","og_description":"En Alpachiri se llev\u00f3 a cabo una nueva edici\u00f3n de la tradicional Fiesta de la Carneada que lleg\u00f3 al n\u00famero 20, de este evento organizado por la Comunidad Alemana. Los&hellip;","og_url":"https:\/\/diariotextual.com\/inicio\/index.php\/2023\/05\/08\/fiesta-de-la-carneada-20-anos-de-una-tradicion-intacta-en-alpachiri\/","og_site_name":"Diario Textual","article_publisher":"https:\/\/www.facebook.com\/eltextual","article_published_time":"2023-05-08T17:19:36+00:00","article_modified_time":"2023-05-08T17:19:37+00:00","og_image":[{"width":900,"height":565,"url":"https:\/\/diariotextual.com\/inicio\/wp-content\/uploads\/2023\/05\/fiestacarneadaalpachiri5654362.jpg","type":"image\/jpeg"}],"author":"diario2","twitter_card":"summary_large_image","twitter_creator":"@eltextual","twitter_site":"@eltextual","twitter_misc":{"Escrito por":"diario2","Tiempo de lectura":"2 minutos"},"schema":{"@context":"https:\/\/schema.org","@graph":[{"@type":"Article","@id":"https:\/\/diariotextual.com\/inicio\/index.php\/2023\/05\/08\/fiesta-de-la-carneada-20-anos-de-una-tradicion-intacta-en-alpachiri\/#article","isPartOf":{"@id":"https:\/\/diariotextual.com\/inicio\/index.php\/2023\/05\/08\/fiesta-de-la-carneada-20-anos-de-una-tradicion-intacta-en-alpachiri\/"},"author":{"name":"diario2","@id":"https:\/\/diariotextual.com\/inicio\/#\/schema\/person\/694f60677f23c4a530867a98f22b3768"},"headline":"Fiesta de la Carneada: 20 a\u00f1os de una tradici\u00f3n intacta en Alpachiri","datePublished":"2023-05-08T17:19:36+00:00","dateModified":"2023-05-08T17:19:37+00:00","mainEntityOfPage":{"@id":"https:\/\/diariotextual.com\/inicio\/index.php\/2023\/05\/08\/fiesta-de-la-carneada-20-anos-de-una-tradicion-intacta-en-alpachiri\/"},"wordCount":340,"publisher":{"@id":"https:\/\/diariotextual.com\/inicio\/#organization"},"image":{"@id":"https:\/\/diariotextual.com\/inicio\/index.php\/2023\/05\/08\/fiesta-de-la-carneada-20-anos-de-una-tradicion-intacta-en-alpachiri\/#primaryimage"},"thumbnailUrl":"https:\/\/diariotextual.com\/inicio\/wp-content\/uploads\/2023\/05\/fiestacarneadaalpachiri5654362.jpg","articleSection":["A - ES NOTICIA (van abajo)","CULTURA"],"inLanguage":"es"},{"@type":"WebPage","@id":"https:\/\/diariotextual.com\/inicio\/index.php\/2023\/05\/08\/fiesta-de-la-carneada-20-anos-de-una-tradicion-intacta-en-alpachiri\/","url":"https:\/\/diariotextual.com\/inicio\/index.php\/2023\/05\/08\/fiesta-de-la-carneada-20-anos-de-una-tradicion-intacta-en-alpachiri\/","name":"Fiesta de la Carneada: 20 a\u00f1os de una tradici\u00f3n intacta en Alpachiri - Diario Textual","isPartOf":{"@id":"https:\/\/diariotextual.com\/inicio\/#website"},"primaryImageOfPage":{"@id":"https:\/\/diariotextual.com\/inicio\/index.php\/2023\/05\/08\/fiesta-de-la-carneada-20-anos-de-una-tradicion-intacta-en-alpachiri\/#primaryimage"},"image":{"@id":"https:\/\/diariotextual.com\/inicio\/index.php\/2023\/05\/08\/fiesta-de-la-carneada-20-anos-de-una-tradicion-intacta-en-alpachiri\/#primaryimage"},"thumbnailUrl":"https:\/\/diariotextual.com\/inicio\/wp-content\/uploads\/2023\/05\/fiestacarneadaalpachiri5654362.jpg","datePublished":"2023-05-08T17:19:36+00:00","dateModified":"2023-05-08T17:19:37+00:00","breadcrumb":{"@id":"https:\/\/diariotextual.com\/inicio\/index.php\/2023\/05\/08\/fiesta-de-la-carneada-20-anos-de-una-tradicion-intacta-en-alpachiri\/#breadcrumb"},"inLanguage":"es","potentialAction":[{"@type":"ReadAction","target":["https:\/\/diariotextual.com\/inicio\/index.php\/2023\/05\/08\/fiesta-de-la-carneada-20-anos-de-una-tradicion-intacta-en-alpachiri\/"]}]},{"@type":"ImageObject","inLanguage":"es","@id":"https:\/\/diariotextual.com\/inicio\/index.php\/2023\/05\/08\/fiesta-de-la-carneada-20-anos-de-una-tradicion-intacta-en-alpachiri\/#primaryimage","url":"https:\/\/diariotextual.com\/inicio\/wp-content\/uploads\/2023\/05\/fiestacarneadaalpachiri5654362.jpg","contentUrl":"https:\/\/diariotextual.com\/inicio\/wp-content\/uploads\/2023\/05\/fiestacarneadaalpachiri5654362.jpg","width":900,"height":565},{"@type":"BreadcrumbList","@id":"https:\/\/diariotextual.com\/inicio\/index.php\/2023\/05\/08\/fiesta-de-la-carneada-20-anos-de-una-tradicion-intacta-en-alpachiri\/#breadcrumb","itemListElement":[{"@type":"ListItem","position":1,"name":"Portada","item":"https:\/\/diariotextual.com\/inicio\/"},{"@type":"ListItem","position":2,"name":"Fiesta de la Carneada: 20 a\u00f1os de una tradici\u00f3n intacta en Alpachiri"}]},{"@type":"WebSite","@id":"https:\/\/diariotextual.com\/inicio\/#website","url":"https:\/\/diariotextual.com\/inicio\/","name":"Diario Textual","description":"","publisher":{"@id":"https:\/\/diariotextual.com\/inicio\/#organization"},"potentialAction":[{"@type":"SearchAction","target":{"@type":"EntryPoint","urlTemplate":"https:\/\/diariotextual.com\/inicio\/?s={search_term_string}"},"query-input":{"@type":"PropertyValueSpecification","valueRequired":true,"valueName":"search_term_string"}}],"inLanguage":"es"},{"@type":"Organization","@id":"https:\/\/diariotextual.com\/inicio\/#organization","name":"Diario Textual","url":"https:\/\/diariotextual.com\/inicio\/","logo":{"@type":"ImageObject","inLanguage":"es","@id":"https:\/\/diariotextual.com\/inicio\/#\/schema\/logo\/image\/","url":"https:\/\/diariotextual.com\/inicio\/wp-content\/uploads\/2023\/05\/logotextual1.jpg","contentUrl":"https:\/\/diariotextual.com\/inicio\/wp-content\/uploads\/2023\/05\/logotextual1.jpg","width":516,"height":76,"caption":"Diario Textual"},"image":{"@id":"https:\/\/diariotextual.com\/inicio\/#\/schema\/logo\/image\/"},"sameAs":["https:\/\/www.facebook.com\/eltextual","https:\/\/x.com\/eltextual","http:\/\/www.instagram.com\/eltextual"]},{"@type":"Person","@id":"https:\/\/diariotextual.com\/inicio\/#\/schema\/person\/694f60677f23c4a530867a98f22b3768","name":"diario2","image":{"@type":"ImageObject","inLanguage":"es","@id":"https:\/\/secure.gravatar.com\/avatar\/5a2567495ba16b852fcd8f1ed006a2e24fcace936018ed8237e95f488ad6e0a7?s=96&d=mm&r=g","url":"https:\/\/secure.gravatar.com\/avatar\/5a2567495ba16b852fcd8f1ed006a2e24fcace936018ed8237e95f488ad6e0a7?s=96&d=mm&r=g","contentUrl":"https:\/\/secure.gravatar.com\/avatar\/5a2567495ba16b852fcd8f1ed006a2e24fcace936018ed8237e95f488ad6e0a7?s=96&d=mm&r=g","caption":"diario2"},"url":"https:\/\/diariotextual.com\/inicio\/index.php\/author\/diario2\/"}]}},"_links":{"self":[{"href":"https:\/\/diariotextual.com\/inicio\/index.php\/wp-json\/wp\/v2\/posts\/224496","targetHints":{"allow":["GET"]}}],"collection":[{"href":"https:\/\/diariotextual.com\/inicio\/index.php\/wp-json\/wp\/v2\/posts"}],"about":[{"href":"https:\/\/diariotextual.com\/inicio\/index.php\/wp-json\/wp\/v2\/types\/post"}],"author":[{"embeddable":true,"href":"https:\/\/diariotextual.com\/inicio\/index.php\/wp-json\/wp\/v2\/users\/4"}],"replies":[{"embeddable":true,"href":"https:\/\/diariotextual.com\/inicio\/index.php\/wp-json\/wp\/v2\/comments?post=224496"}],"version-history":[{"count":1,"href":"https:\/\/diariotextual.com\/inicio\/index.php\/wp-json\/wp\/v2\/posts\/224496\/revisions"}],"predecessor-version":[{"id":224498,"href":"https:\/\/diariotextual.com\/inicio\/index.php\/wp-json\/wp\/v2\/posts\/224496\/revisions\/224498"}],"wp:featuredmedia":[{"embeddable":true,"href":"https:\/\/diariotextual.com\/inicio\/index.php\/wp-json\/wp\/v2\/media\/224497"}],"wp:attachment":[{"href":"https:\/\/diariotextual.com\/inicio\/index.php\/wp-json\/wp\/v2\/media?parent=224496"}],"wp:term":[{"taxonomy":"category","embeddable":true,"href":"https:\/\/diariotextual.com\/inicio\/index.php\/wp-json\/wp\/v2\/categories?post=224496"},{"taxonomy":"post_tag","embeddable":true,"href":"https:\/\/diariotextual.com\/inicio\/index.php\/wp-json\/wp\/v2\/tags?post=224496"}],"curies":[{"name":"wp","href":"https:\/\/api.w.org\/{rel}","templated":true}]}}