{"id":224502,"date":"2023-05-08T17:33:51","date_gmt":"2023-05-08T20:33:51","guid":{"rendered":"https:\/\/diariotextual.com\/inicio\/?p=224502"},"modified":"2023-05-08T18:13:37","modified_gmt":"2023-05-08T21:13:37","slug":"miguel-cane-reconocio-a-los-pioneros-en-la-conmemoracion-del-115-aniversario","status":"publish","type":"post","link":"https:\/\/diariotextual.com\/inicio\/index.php\/2023\/05\/08\/miguel-cane-reconocio-a-los-pioneros-en-la-conmemoracion-del-115-aniversario\/","title":{"rendered":"Miguel Can\u00e9 reconoci\u00f3 a los pioneros en la conmemoraci\u00f3n del 115\u00b0 aniversario"},"content":{"rendered":"\n<p>Se desarroll\u00f3 este lunes en Plaza San Mart\u00edn el acto conmemorativo al<strong> 115\u00b0 aniversario de Miguel Can\u00e9 y d\u00eda de su Santa Patrona, la Virgen de Luj\u00e1n.<\/strong><\/p>\n\n\n\n<p>La ceremonia fue encabezada por el vicegobernador, Mariano Fern\u00e1ndez, acompa\u00f1ado por la intendenta, Bibiana Llacobe, el ministro de Gobierno, Justicia y Derechos Humanos, Ariel Rauschenberger, la secretaria de Turismo, Adriana Romero, concejales, dem\u00e1s autoridades provinciales y municipales, representantes de instituciones intermedias, delegaciones escolares, vecinos y vecinas.<\/p>\n\n\n\n<p>Luego de la entonaci\u00f3n del Himno Nacional Argentino, se realiz\u00f3 un minuto de silencio en memoria de las personas que vivieron en el pueblo y ya no est\u00e1n f\u00edsicamente.<\/p>\n\n\n\n<p>Seguidamente se nombr\u00f3 a quienes forjaron la historia institucional de la localidad: <strong>Mar\u00eda Illoa, Susana Mendiola, Ra\u00fal Mieza, Rub\u00e9n Richieri, Ang\u00e9lica Murray, Florentina Ca\u00f1adas, Rosa \u00c1lvarez, Mar\u00eda Eleno, Norberto Giovana, Marta Gonz\u00e1lez, H\u00e9ctor Pereyra, Dora Petrirena, Manuela Santos, Olegario Segovia, Mar\u00eda Carrera, Irma Ib\u00e1\u00f1ez, Eglee \u00c1lvarez, Lilia P\u00e9rez, \u00c1ngela S\u00e1nchez, Rodolfo Alessio, Manuel Santos, Judith Gonz\u00e1lez, Osvaldo Hern\u00e1ndez, Haydee Landa, Luis Llacone, Rodolfo Salvetti, Olga Silvestre, H\u00e9ctor Turrado, Alicia Bisbeek, Amilkar Zapata y Juana Hidalgo.<\/strong><\/p>\n\n\n\n<figure class=\"wp-block-image size-full\"><img fetchpriority=\"high\" decoding=\"async\" width=\"800\" height=\"533\" src=\"https:\/\/diariotextual.com\/inicio\/wp-content\/uploads\/2023\/05\/caneaniversariobanderas34.jpg\" alt=\"\" class=\"wp-image-224505\" srcset=\"https:\/\/diariotextual.com\/inicio\/wp-content\/uploads\/2023\/05\/caneaniversariobanderas34.jpg 800w, https:\/\/diariotextual.com\/inicio\/wp-content\/uploads\/2023\/05\/caneaniversariobanderas34-300x200.jpg 300w, https:\/\/diariotextual.com\/inicio\/wp-content\/uploads\/2023\/05\/caneaniversariobanderas34-768x512.jpg 768w, https:\/\/diariotextual.com\/inicio\/wp-content\/uploads\/2023\/05\/caneaniversariobanderas34-585x390.jpg 585w, https:\/\/diariotextual.com\/inicio\/wp-content\/uploads\/2023\/05\/caneaniversariobanderas34-263x175.jpg 263w\" sizes=\"(max-width: 800px) 100vw, 800px\" \/><\/figure>\n\n\n\n<p>Seguidamente hablaron a los presentes la jefa comunal y el vicegobernador de la Provincia, para luego despedir a las banderas de ceremonia, cantar el feliz cumplea\u00f1os e invitar, una vez finalizado el acto, a acercarse al cementerio local para colocar ofrendas florales y elevar una oraci\u00f3n en memoria de pobladores fallecidos.<\/p>\n\n\n\n<p>Mariano Fern\u00e1ndez acerc\u00f3 el saludo del gobernador Sergio Ziliotto, quien por razones de agenda no pudo concurrir al acto. \u201cLa se\u00f1ora intendenta ha recordado a vecinas y vecinos que no est\u00e1n y que han hecho mucho por esta localidad, sin importar ning\u00fan inter\u00e9s personal de por medio, lo \u00fanico que los animaba es que esta localidad siguiera teniendo pujanza y bienestar para las y los habitantes de Miguel Can\u00e9\u201d, a\u00f1adi\u00f3.<\/p>\n\n\n\n<p>\u201cA lo largo de la historia de la Provincia, desde que La Pampa dej\u00f3 de ser territorio nacional, no existieron localidades grandes o peque\u00f1as, existieron habitantes de la provincia de La Pampa, y ni hablar de este per\u00edodo que le toca encabezar al gobernador Sergio Ziliotto donde a cada localidad que vamos, sea del color partidario que sea, las y los intendentes enumeran las distintas obras que se est\u00e1n haciendo, en obra p\u00fablica, educaci\u00f3n, viviendas, seguridad, en tecnolog\u00eda. Y realmente como habitante de este suelo me reconforta el hecho de tener, cada d\u00eda una Provincia m\u00e1s inclusiva, con m\u00e1s equidad y con m\u00e1s justicia social\u201d, prosigui\u00f3 el vicegobernador, quien a modo de cierre dese\u00f3 un feliz cumplea\u00f1os a los habitantes de Miguel Can\u00e9.<\/p>\n\n\n\n<p>Por su parte, la jefa comunal brind\u00f3 la bienvenida y agradeci\u00f3 la presencia en este d\u00eda tan especial, \u201cel mejor homenaje que le podemos rendir a quienes apostaron a fundar y so\u00f1ar con la prosperidad de este pueblo es redoblar los esfuerzos para trabajar, d\u00eda a d\u00eda por el bienestar, generar el respeto a las instituciones y por mantener aquellos valores que heredamos de nuestros antepasados que se asentaron en este lugar\u201d.<\/p>\n\n\n\n<p>Destacando que desde la gesti\u00f3n municipal se acompa\u00f1a con la intensi\u00f3n de hacer lo necesario para estar cada d\u00eda mejor, la intendenta llam\u00f3 a respetar el pasado y apostar al futuro. Finalmente hizo hincapi\u00e9 en el permanente apoyo del Gobierno provincial. \u201cCon una pol\u00edtica apuntada a incentivar el progreso de cada una de las localidades, nos han tenido presente en su agenda, atendiendo cada una de nuestras necesidades, solicitudes y propuestas, brindando el aporte humano, log\u00edstico y econ\u00f3mico, que nos ha permitido seguir avanzando\u201d, sostuvo. <\/p>\n","protected":false},"excerpt":{"rendered":"<p>Se desarroll\u00f3 este lunes en Plaza San Mart\u00edn el acto conmemorativo al 115\u00b0 aniversario de Miguel Can\u00e9 y d\u00eda de su Santa Patrona, la Virgen de Luj\u00e1n. La ceremonia fue&hellip;<\/p>\n","protected":false},"author":4,"featured_media":224511,"comment_status":"closed","ping_status":"open","sticky":false,"template":"","format":"standard","meta":{"_acf_changed":false,"footnotes":""},"categories":[12],"tags":[],"class_list":["post-224502","post","type-post","status-publish","format-standard","has-post-thumbnail","hentry","category-sociedad"],"acf":[],"yoast_head":"<!-- This site is optimized with the Yoast SEO plugin v27.5 - https:\/\/yoast.com\/product\/yoast-seo-wordpress\/ -->\n<title>Miguel Can\u00e9 reconoci\u00f3 a los pioneros en la conmemoraci\u00f3n del 115\u00b0 aniversario - Diario Textual<\/title>\n<meta name=\"robots\" content=\"index, follow, max-snippet:-1, max-image-preview:large, max-video-preview:-1\" \/>\n<link rel=\"canonical\" href=\"https:\/\/diariotextual.com\/inicio\/index.php\/2023\/05\/08\/miguel-cane-reconocio-a-los-pioneros-en-la-conmemoracion-del-115-aniversario\/\" \/>\n<meta property=\"og:locale\" content=\"es_ES\" \/>\n<meta property=\"og:type\" content=\"article\" \/>\n<meta property=\"og:title\" content=\"Miguel Can\u00e9 reconoci\u00f3 a los pioneros en la conmemoraci\u00f3n del 115\u00b0 aniversario - Diario Textual\" \/>\n<meta property=\"og:description\" content=\"Se desarroll\u00f3 este lunes en Plaza San Mart\u00edn el acto conmemorativo al 115\u00b0 aniversario de Miguel Can\u00e9 y d\u00eda de su Santa Patrona, la Virgen de Luj\u00e1n. La ceremonia fue&hellip;\" \/>\n<meta property=\"og:url\" content=\"https:\/\/diariotextual.com\/inicio\/index.php\/2023\/05\/08\/miguel-cane-reconocio-a-los-pioneros-en-la-conmemoracion-del-115-aniversario\/\" \/>\n<meta property=\"og:site_name\" content=\"Diario Textual\" \/>\n<meta property=\"article:publisher\" content=\"https:\/\/www.facebook.com\/eltextual\" \/>\n<meta property=\"article:published_time\" content=\"2023-05-08T20:33:51+00:00\" \/>\n<meta property=\"article:modified_time\" content=\"2023-05-08T21:13:37+00:00\" \/>\n<meta property=\"og:image\" content=\"https:\/\/diariotextual.com\/inicio\/wp-content\/uploads\/2023\/05\/miguelcanefestejosaniversario2023-3.jpeg\" \/>\n\t<meta property=\"og:image:width\" content=\"1600\" \/>\n\t<meta property=\"og:image:height\" content=\"1066\" \/>\n\t<meta property=\"og:image:type\" content=\"image\/jpeg\" \/>\n<meta name=\"author\" content=\"diario2\" \/>\n<meta name=\"twitter:card\" content=\"summary_large_image\" \/>\n<meta name=\"twitter:creator\" content=\"@eltextual\" \/>\n<meta name=\"twitter:site\" content=\"@eltextual\" \/>\n<meta name=\"twitter:label1\" content=\"Escrito por\" \/>\n\t<meta name=\"twitter:data1\" content=\"diario2\" \/>\n\t<meta name=\"twitter:label2\" content=\"Tiempo de lectura\" \/>\n\t<meta name=\"twitter:data2\" content=\"3 minutos\" \/>\n<script type=\"application\/ld+json\" class=\"yoast-schema-graph\">{\"@context\":\"https:\\\/\\\/schema.org\",\"@graph\":[{\"@type\":\"Article\",\"@id\":\"https:\\\/\\\/diariotextual.com\\\/inicio\\\/index.php\\\/2023\\\/05\\\/08\\\/miguel-cane-reconocio-a-los-pioneros-en-la-conmemoracion-del-115-aniversario\\\/#article\",\"isPartOf\":{\"@id\":\"https:\\\/\\\/diariotextual.com\\\/inicio\\\/index.php\\\/2023\\\/05\\\/08\\\/miguel-cane-reconocio-a-los-pioneros-en-la-conmemoracion-del-115-aniversario\\\/\"},\"author\":{\"name\":\"diario2\",\"@id\":\"https:\\\/\\\/diariotextual.com\\\/inicio\\\/#\\\/schema\\\/person\\\/694f60677f23c4a530867a98f22b3768\"},\"headline\":\"Miguel Can\u00e9 reconoci\u00f3 a los pioneros en la conmemoraci\u00f3n del 115\u00b0 aniversario\",\"datePublished\":\"2023-05-08T20:33:51+00:00\",\"dateModified\":\"2023-05-08T21:13:37+00:00\",\"mainEntityOfPage\":{\"@id\":\"https:\\\/\\\/diariotextual.com\\\/inicio\\\/index.php\\\/2023\\\/05\\\/08\\\/miguel-cane-reconocio-a-los-pioneros-en-la-conmemoracion-del-115-aniversario\\\/\"},\"wordCount\":643,\"publisher\":{\"@id\":\"https:\\\/\\\/diariotextual.com\\\/inicio\\\/#organization\"},\"image\":{\"@id\":\"https:\\\/\\\/diariotextual.com\\\/inicio\\\/index.php\\\/2023\\\/05\\\/08\\\/miguel-cane-reconocio-a-los-pioneros-en-la-conmemoracion-del-115-aniversario\\\/#primaryimage\"},\"thumbnailUrl\":\"https:\\\/\\\/diariotextual.com\\\/inicio\\\/wp-content\\\/uploads\\\/2023\\\/05\\\/miguelcanefestejosaniversario2023-3.jpeg\",\"articleSection\":[\"SOCIEDAD\"],\"inLanguage\":\"es\"},{\"@type\":\"WebPage\",\"@id\":\"https:\\\/\\\/diariotextual.com\\\/inicio\\\/index.php\\\/2023\\\/05\\\/08\\\/miguel-cane-reconocio-a-los-pioneros-en-la-conmemoracion-del-115-aniversario\\\/\",\"url\":\"https:\\\/\\\/diariotextual.com\\\/inicio\\\/index.php\\\/2023\\\/05\\\/08\\\/miguel-cane-reconocio-a-los-pioneros-en-la-conmemoracion-del-115-aniversario\\\/\",\"name\":\"Miguel Can\u00e9 reconoci\u00f3 a los pioneros en la conmemoraci\u00f3n del 115\u00b0 aniversario - Diario Textual\",\"isPartOf\":{\"@id\":\"https:\\\/\\\/diariotextual.com\\\/inicio\\\/#website\"},\"primaryImageOfPage\":{\"@id\":\"https:\\\/\\\/diariotextual.com\\\/inicio\\\/index.php\\\/2023\\\/05\\\/08\\\/miguel-cane-reconocio-a-los-pioneros-en-la-conmemoracion-del-115-aniversario\\\/#primaryimage\"},\"image\":{\"@id\":\"https:\\\/\\\/diariotextual.com\\\/inicio\\\/index.php\\\/2023\\\/05\\\/08\\\/miguel-cane-reconocio-a-los-pioneros-en-la-conmemoracion-del-115-aniversario\\\/#primaryimage\"},\"thumbnailUrl\":\"https:\\\/\\\/diariotextual.com\\\/inicio\\\/wp-content\\\/uploads\\\/2023\\\/05\\\/miguelcanefestejosaniversario2023-3.jpeg\",\"datePublished\":\"2023-05-08T20:33:51+00:00\",\"dateModified\":\"2023-05-08T21:13:37+00:00\",\"breadcrumb\":{\"@id\":\"https:\\\/\\\/diariotextual.com\\\/inicio\\\/index.php\\\/2023\\\/05\\\/08\\\/miguel-cane-reconocio-a-los-pioneros-en-la-conmemoracion-del-115-aniversario\\\/#breadcrumb\"},\"inLanguage\":\"es\",\"potentialAction\":[{\"@type\":\"ReadAction\",\"target\":[\"https:\\\/\\\/diariotextual.com\\\/inicio\\\/index.php\\\/2023\\\/05\\\/08\\\/miguel-cane-reconocio-a-los-pioneros-en-la-conmemoracion-del-115-aniversario\\\/\"]}]},{\"@type\":\"ImageObject\",\"inLanguage\":\"es\",\"@id\":\"https:\\\/\\\/diariotextual.com\\\/inicio\\\/index.php\\\/2023\\\/05\\\/08\\\/miguel-cane-reconocio-a-los-pioneros-en-la-conmemoracion-del-115-aniversario\\\/#primaryimage\",\"url\":\"https:\\\/\\\/diariotextual.com\\\/inicio\\\/wp-content\\\/uploads\\\/2023\\\/05\\\/miguelcanefestejosaniversario2023-3.jpeg\",\"contentUrl\":\"https:\\\/\\\/diariotextual.com\\\/inicio\\\/wp-content\\\/uploads\\\/2023\\\/05\\\/miguelcanefestejosaniversario2023-3.jpeg\",\"width\":1600,\"height\":1066},{\"@type\":\"BreadcrumbList\",\"@id\":\"https:\\\/\\\/diariotextual.com\\\/inicio\\\/index.php\\\/2023\\\/05\\\/08\\\/miguel-cane-reconocio-a-los-pioneros-en-la-conmemoracion-del-115-aniversario\\\/#breadcrumb\",\"itemListElement\":[{\"@type\":\"ListItem\",\"position\":1,\"name\":\"Portada\",\"item\":\"https:\\\/\\\/diariotextual.com\\\/inicio\\\/\"},{\"@type\":\"ListItem\",\"position\":2,\"name\":\"Miguel Can\u00e9 reconoci\u00f3 a los pioneros en la conmemoraci\u00f3n del 115\u00b0 aniversario\"}]},{\"@type\":\"WebSite\",\"@id\":\"https:\\\/\\\/diariotextual.com\\\/inicio\\\/#website\",\"url\":\"https:\\\/\\\/diariotextual.com\\\/inicio\\\/\",\"name\":\"Diario Textual\",\"description\":\"\",\"publisher\":{\"@id\":\"https:\\\/\\\/diariotextual.com\\\/inicio\\\/#organization\"},\"potentialAction\":[{\"@type\":\"SearchAction\",\"target\":{\"@type\":\"EntryPoint\",\"urlTemplate\":\"https:\\\/\\\/diariotextual.com\\\/inicio\\\/?s={search_term_string}\"},\"query-input\":{\"@type\":\"PropertyValueSpecification\",\"valueRequired\":true,\"valueName\":\"search_term_string\"}}],\"inLanguage\":\"es\"},{\"@type\":\"Organization\",\"@id\":\"https:\\\/\\\/diariotextual.com\\\/inicio\\\/#organization\",\"name\":\"Diario Textual\",\"url\":\"https:\\\/\\\/diariotextual.com\\\/inicio\\\/\",\"logo\":{\"@type\":\"ImageObject\",\"inLanguage\":\"es\",\"@id\":\"https:\\\/\\\/diariotextual.com\\\/inicio\\\/#\\\/schema\\\/logo\\\/image\\\/\",\"url\":\"https:\\\/\\\/diariotextual.com\\\/inicio\\\/wp-content\\\/uploads\\\/2023\\\/05\\\/logotextual1.jpg\",\"contentUrl\":\"https:\\\/\\\/diariotextual.com\\\/inicio\\\/wp-content\\\/uploads\\\/2023\\\/05\\\/logotextual1.jpg\",\"width\":516,\"height\":76,\"caption\":\"Diario Textual\"},\"image\":{\"@id\":\"https:\\\/\\\/diariotextual.com\\\/inicio\\\/#\\\/schema\\\/logo\\\/image\\\/\"},\"sameAs\":[\"https:\\\/\\\/www.facebook.com\\\/eltextual\",\"https:\\\/\\\/x.com\\\/eltextual\",\"http:\\\/\\\/www.instagram.com\\\/eltextual\"]},{\"@type\":\"Person\",\"@id\":\"https:\\\/\\\/diariotextual.com\\\/inicio\\\/#\\\/schema\\\/person\\\/694f60677f23c4a530867a98f22b3768\",\"name\":\"diario2\",\"image\":{\"@type\":\"ImageObject\",\"inLanguage\":\"es\",\"@id\":\"https:\\\/\\\/secure.gravatar.com\\\/avatar\\\/5a2567495ba16b852fcd8f1ed006a2e24fcace936018ed8237e95f488ad6e0a7?s=96&d=mm&r=g\",\"url\":\"https:\\\/\\\/secure.gravatar.com\\\/avatar\\\/5a2567495ba16b852fcd8f1ed006a2e24fcace936018ed8237e95f488ad6e0a7?s=96&d=mm&r=g\",\"contentUrl\":\"https:\\\/\\\/secure.gravatar.com\\\/avatar\\\/5a2567495ba16b852fcd8f1ed006a2e24fcace936018ed8237e95f488ad6e0a7?s=96&d=mm&r=g\",\"caption\":\"diario2\"},\"url\":\"https:\\\/\\\/diariotextual.com\\\/inicio\\\/index.php\\\/author\\\/diario2\\\/\"}]}<\/script>\n<!-- \/ Yoast SEO plugin. -->","yoast_head_json":{"title":"Miguel Can\u00e9 reconoci\u00f3 a los pioneros en la conmemoraci\u00f3n del 115\u00b0 aniversario - Diario Textual","robots":{"index":"index","follow":"follow","max-snippet":"max-snippet:-1","max-image-preview":"max-image-preview:large","max-video-preview":"max-video-preview:-1"},"canonical":"https:\/\/diariotextual.com\/inicio\/index.php\/2023\/05\/08\/miguel-cane-reconocio-a-los-pioneros-en-la-conmemoracion-del-115-aniversario\/","og_locale":"es_ES","og_type":"article","og_title":"Miguel Can\u00e9 reconoci\u00f3 a los pioneros en la conmemoraci\u00f3n del 115\u00b0 aniversario - Diario Textual","og_description":"Se desarroll\u00f3 este lunes en Plaza San Mart\u00edn el acto conmemorativo al 115\u00b0 aniversario de Miguel Can\u00e9 y d\u00eda de su Santa Patrona, la Virgen de Luj\u00e1n. La ceremonia fue&hellip;","og_url":"https:\/\/diariotextual.com\/inicio\/index.php\/2023\/05\/08\/miguel-cane-reconocio-a-los-pioneros-en-la-conmemoracion-del-115-aniversario\/","og_site_name":"Diario Textual","article_publisher":"https:\/\/www.facebook.com\/eltextual","article_published_time":"2023-05-08T20:33:51+00:00","article_modified_time":"2023-05-08T21:13:37+00:00","og_image":[{"width":1600,"height":1066,"url":"https:\/\/diariotextual.com\/inicio\/wp-content\/uploads\/2023\/05\/miguelcanefestejosaniversario2023-3.jpeg","type":"image\/jpeg"}],"author":"diario2","twitter_card":"summary_large_image","twitter_creator":"@eltextual","twitter_site":"@eltextual","twitter_misc":{"Escrito por":"diario2","Tiempo de lectura":"3 minutos"},"schema":{"@context":"https:\/\/schema.org","@graph":[{"@type":"Article","@id":"https:\/\/diariotextual.com\/inicio\/index.php\/2023\/05\/08\/miguel-cane-reconocio-a-los-pioneros-en-la-conmemoracion-del-115-aniversario\/#article","isPartOf":{"@id":"https:\/\/diariotextual.com\/inicio\/index.php\/2023\/05\/08\/miguel-cane-reconocio-a-los-pioneros-en-la-conmemoracion-del-115-aniversario\/"},"author":{"name":"diario2","@id":"https:\/\/diariotextual.com\/inicio\/#\/schema\/person\/694f60677f23c4a530867a98f22b3768"},"headline":"Miguel Can\u00e9 reconoci\u00f3 a los pioneros en la conmemoraci\u00f3n del 115\u00b0 aniversario","datePublished":"2023-05-08T20:33:51+00:00","dateModified":"2023-05-08T21:13:37+00:00","mainEntityOfPage":{"@id":"https:\/\/diariotextual.com\/inicio\/index.php\/2023\/05\/08\/miguel-cane-reconocio-a-los-pioneros-en-la-conmemoracion-del-115-aniversario\/"},"wordCount":643,"publisher":{"@id":"https:\/\/diariotextual.com\/inicio\/#organization"},"image":{"@id":"https:\/\/diariotextual.com\/inicio\/index.php\/2023\/05\/08\/miguel-cane-reconocio-a-los-pioneros-en-la-conmemoracion-del-115-aniversario\/#primaryimage"},"thumbnailUrl":"https:\/\/diariotextual.com\/inicio\/wp-content\/uploads\/2023\/05\/miguelcanefestejosaniversario2023-3.jpeg","articleSection":["SOCIEDAD"],"inLanguage":"es"},{"@type":"WebPage","@id":"https:\/\/diariotextual.com\/inicio\/index.php\/2023\/05\/08\/miguel-cane-reconocio-a-los-pioneros-en-la-conmemoracion-del-115-aniversario\/","url":"https:\/\/diariotextual.com\/inicio\/index.php\/2023\/05\/08\/miguel-cane-reconocio-a-los-pioneros-en-la-conmemoracion-del-115-aniversario\/","name":"Miguel Can\u00e9 reconoci\u00f3 a los pioneros en la conmemoraci\u00f3n del 115\u00b0 aniversario - Diario Textual","isPartOf":{"@id":"https:\/\/diariotextual.com\/inicio\/#website"},"primaryImageOfPage":{"@id":"https:\/\/diariotextual.com\/inicio\/index.php\/2023\/05\/08\/miguel-cane-reconocio-a-los-pioneros-en-la-conmemoracion-del-115-aniversario\/#primaryimage"},"image":{"@id":"https:\/\/diariotextual.com\/inicio\/index.php\/2023\/05\/08\/miguel-cane-reconocio-a-los-pioneros-en-la-conmemoracion-del-115-aniversario\/#primaryimage"},"thumbnailUrl":"https:\/\/diariotextual.com\/inicio\/wp-content\/uploads\/2023\/05\/miguelcanefestejosaniversario2023-3.jpeg","datePublished":"2023-05-08T20:33:51+00:00","dateModified":"2023-05-08T21:13:37+00:00","breadcrumb":{"@id":"https:\/\/diariotextual.com\/inicio\/index.php\/2023\/05\/08\/miguel-cane-reconocio-a-los-pioneros-en-la-conmemoracion-del-115-aniversario\/#breadcrumb"},"inLanguage":"es","potentialAction":[{"@type":"ReadAction","target":["https:\/\/diariotextual.com\/inicio\/index.php\/2023\/05\/08\/miguel-cane-reconocio-a-los-pioneros-en-la-conmemoracion-del-115-aniversario\/"]}]},{"@type":"ImageObject","inLanguage":"es","@id":"https:\/\/diariotextual.com\/inicio\/index.php\/2023\/05\/08\/miguel-cane-reconocio-a-los-pioneros-en-la-conmemoracion-del-115-aniversario\/#primaryimage","url":"https:\/\/diariotextual.com\/inicio\/wp-content\/uploads\/2023\/05\/miguelcanefestejosaniversario2023-3.jpeg","contentUrl":"https:\/\/diariotextual.com\/inicio\/wp-content\/uploads\/2023\/05\/miguelcanefestejosaniversario2023-3.jpeg","width":1600,"height":1066},{"@type":"BreadcrumbList","@id":"https:\/\/diariotextual.com\/inicio\/index.php\/2023\/05\/08\/miguel-cane-reconocio-a-los-pioneros-en-la-conmemoracion-del-115-aniversario\/#breadcrumb","itemListElement":[{"@type":"ListItem","position":1,"name":"Portada","item":"https:\/\/diariotextual.com\/inicio\/"},{"@type":"ListItem","position":2,"name":"Miguel Can\u00e9 reconoci\u00f3 a los pioneros en la conmemoraci\u00f3n del 115\u00b0 aniversario"}]},{"@type":"WebSite","@id":"https:\/\/diariotextual.com\/inicio\/#website","url":"https:\/\/diariotextual.com\/inicio\/","name":"Diario Textual","description":"","publisher":{"@id":"https:\/\/diariotextual.com\/inicio\/#organization"},"potentialAction":[{"@type":"SearchAction","target":{"@type":"EntryPoint","urlTemplate":"https:\/\/diariotextual.com\/inicio\/?s={search_term_string}"},"query-input":{"@type":"PropertyValueSpecification","valueRequired":true,"valueName":"search_term_string"}}],"inLanguage":"es"},{"@type":"Organization","@id":"https:\/\/diariotextual.com\/inicio\/#organization","name":"Diario Textual","url":"https:\/\/diariotextual.com\/inicio\/","logo":{"@type":"ImageObject","inLanguage":"es","@id":"https:\/\/diariotextual.com\/inicio\/#\/schema\/logo\/image\/","url":"https:\/\/diariotextual.com\/inicio\/wp-content\/uploads\/2023\/05\/logotextual1.jpg","contentUrl":"https:\/\/diariotextual.com\/inicio\/wp-content\/uploads\/2023\/05\/logotextual1.jpg","width":516,"height":76,"caption":"Diario Textual"},"image":{"@id":"https:\/\/diariotextual.com\/inicio\/#\/schema\/logo\/image\/"},"sameAs":["https:\/\/www.facebook.com\/eltextual","https:\/\/x.com\/eltextual","http:\/\/www.instagram.com\/eltextual"]},{"@type":"Person","@id":"https:\/\/diariotextual.com\/inicio\/#\/schema\/person\/694f60677f23c4a530867a98f22b3768","name":"diario2","image":{"@type":"ImageObject","inLanguage":"es","@id":"https:\/\/secure.gravatar.com\/avatar\/5a2567495ba16b852fcd8f1ed006a2e24fcace936018ed8237e95f488ad6e0a7?s=96&d=mm&r=g","url":"https:\/\/secure.gravatar.com\/avatar\/5a2567495ba16b852fcd8f1ed006a2e24fcace936018ed8237e95f488ad6e0a7?s=96&d=mm&r=g","contentUrl":"https:\/\/secure.gravatar.com\/avatar\/5a2567495ba16b852fcd8f1ed006a2e24fcace936018ed8237e95f488ad6e0a7?s=96&d=mm&r=g","caption":"diario2"},"url":"https:\/\/diariotextual.com\/inicio\/index.php\/author\/diario2\/"}]}},"_links":{"self":[{"href":"https:\/\/diariotextual.com\/inicio\/index.php\/wp-json\/wp\/v2\/posts\/224502","targetHints":{"allow":["GET"]}}],"collection":[{"href":"https:\/\/diariotextual.com\/inicio\/index.php\/wp-json\/wp\/v2\/posts"}],"about":[{"href":"https:\/\/diariotextual.com\/inicio\/index.php\/wp-json\/wp\/v2\/types\/post"}],"author":[{"embeddable":true,"href":"https:\/\/diariotextual.com\/inicio\/index.php\/wp-json\/wp\/v2\/users\/4"}],"replies":[{"embeddable":true,"href":"https:\/\/diariotextual.com\/inicio\/index.php\/wp-json\/wp\/v2\/comments?post=224502"}],"version-history":[{"count":2,"href":"https:\/\/diariotextual.com\/inicio\/index.php\/wp-json\/wp\/v2\/posts\/224502\/revisions"}],"predecessor-version":[{"id":224506,"href":"https:\/\/diariotextual.com\/inicio\/index.php\/wp-json\/wp\/v2\/posts\/224502\/revisions\/224506"}],"wp:featuredmedia":[{"embeddable":true,"href":"https:\/\/diariotextual.com\/inicio\/index.php\/wp-json\/wp\/v2\/media\/224511"}],"wp:attachment":[{"href":"https:\/\/diariotextual.com\/inicio\/index.php\/wp-json\/wp\/v2\/media?parent=224502"}],"wp:term":[{"taxonomy":"category","embeddable":true,"href":"https:\/\/diariotextual.com\/inicio\/index.php\/wp-json\/wp\/v2\/categories?post=224502"},{"taxonomy":"post_tag","embeddable":true,"href":"https:\/\/diariotextual.com\/inicio\/index.php\/wp-json\/wp\/v2\/tags?post=224502"}],"curies":[{"name":"wp","href":"https:\/\/api.w.org\/{rel}","templated":true}]}}