{"id":224552,"date":"2023-05-09T07:25:03","date_gmt":"2023-05-09T10:25:03","guid":{"rendered":"https:\/\/diariotextual.com\/inicio\/?p=224552"},"modified":"2023-05-09T07:25:05","modified_gmt":"2023-05-09T10:25:05","slug":"jey-mammon-anuncio-que-acudira-a-la-justicia-las-personas-que-hayan-mentido-tienen-que-responder","status":"publish","type":"post","link":"https:\/\/diariotextual.com\/inicio\/index.php\/2023\/05\/09\/jey-mammon-anuncio-que-acudira-a-la-justicia-las-personas-que-hayan-mentido-tienen-que-responder\/","title":{"rendered":"Jey Mammon anunci\u00f3 que acudir\u00e1 a la Justicia: \u201cLas personas que hayan mentido tienen que responder\u201d"},"content":{"rendered":"\n<p>El conductor <strong>Jey Mammon<\/strong> anunci\u00f3 este lunes que acudir\u00e1 a la Justicia por la causa que prescribi\u00f3 en la que lo acusaron por un<strong> presunto abuso sexual<\/strong> contra Lucas Benvenuto.<\/p>\n\n\n\n<p><strong>\u201cLas personas que hayan mentido tienen que responder\u201d,<\/strong> asegur\u00f3 el tambi\u00e9n m\u00fasico, quien qued\u00f3 en el centro de la pol\u00e9mica desde mediados de marzo cuando se dio a conocer la denuncia hecha en diciembre de 2020.<\/p>\n\n\n\n<p>En la misma, Benvenuto hab\u00eda asegurado que ten\u00eda 14 a\u00f1os cuando Mammon aprovech\u00f3 de su situaci\u00f3n de vulnerabilidad.<\/p>\n\n\n\n<p>\u201cHace rato que hago vida normal. No hay un nuevo Jey Mammon, soy el mismo de siempre\u201d, dijo el conductor que fue apartado de La pe\u00f1a de Morfi cuando se revelaron la denuncia.<\/p>\n\n\n\n<p>Se trata de una nueva aparici\u00f3n de Jey, quien al principio mantuvo cierto hermetismo y luego comenz\u00f3 a dar entrevistas hasta que se fue a Espa\u00f1a para alejarse del conflicto.<\/p>\n\n\n\n<p>Ya en suelo argentino desde hace tiempo, este lunes fue consultado por el Mat\u00edas V\u00e1zquez, el notero de A la Tarde (Am\u00e9rica), sobre varias cuestiones.<\/p>\n\n\n\n<p><strong>\u201cSeguramente que vamos a volver. No s\u00e9 ad\u00f3nde, pero vamos a volver a la tele\u201d, <\/strong>le respondi\u00f3 Mammon a una de sus preguntas, de modo que dej\u00f3 en claro una vez m\u00e1s que quiere volver a la pantalla chica.<\/p>\n\n\n\n<p>\u201cSigo igual que siempre, sigo pensando lo mismo de siempre. No s\u00e9 cu\u00e1l es el cambio que se ve. Primero fue como una patada en la cabeza, te ten\u00e9s que levantar, eso puede ser lo que se vea. Pero sigo siendo el mismo porque los no hechos siguen siendo los no hechos, as\u00ed que no cambia nada\u201d, afirm\u00f3.<\/p>\n\n\n\n<p>\u201cUno por ah\u00ed se siente m\u00e1s s\u00f3lido porque est\u00e1 de pie, nada m\u00e1s. Pero sigo siendo el mismo y las circunstancias siguen siendo las mismas. No tengo ganas de hablar pr\u00e1cticamente de nada. No soy muy de anticipar lo que va a pasar tampoco. No me gusta hacer shows, nunca me gust\u00f3 hacer circo\u201d, agreg\u00f3.<\/p>\n\n\n\n<p>\u201cNunca me gust\u00f3 hacer circo de nada, entonces de las cosas serias menos. Tampoco me gusta anticipar lo que va a pasar, as\u00ed que bueno, cuando suceda lo que tenga que suceder me sentar\u00e9 a hablar de lo que est\u00e1 sucediendo. No me gusta decir: \u2018Va a pasar esto\u2019. Cuando pase, se enterar\u00e1n. Mientras tanto pueden hablar con los abogados y ellos le van a contar lo que sucede\u201d, comenz\u00f3 sobre las acciones legales que tomar\u00e1 en el asunto.<\/p>\n\n\n\n<p>Luego, apunt\u00f3 contra Lucas y algunos periodistas:<strong> \u201cTodas las personas que hayan mentido y se hayan subido o se hayan hecho due\u00f1as de una mentira, tienen que responder frente a esta mentira\u201d.<\/strong><\/p>\n\n\n\n<p>Y sigui\u00f3: \u201cEsa solidez es porque yo me siento seguro. Pasa que cuando recib\u00eds el chutazo o el bombazo es muy dif\u00edcil, es muy duro. Sobre todo cuando se suben a esa mentira, entonces te sent\u00eds avasallado. Hay gente que se dedica a eso, que no soy yo, que est\u00e1n trabajando sobre eso y a ellos tienen que ir a preguntarles\u201d.<\/p>\n\n\n\n<p>Para desmentir algunas de las cosas que se dijeron sobre \u00e9l, Mammon asegur\u00f3 que \u201cno estoy recluido ni escondido\u201d ni se fue a Espa\u00f1a para escaparse, sino que se fue de \u201cvacaciones\u201d.<\/p>\n\n\n\n<p>\u201cCada uno que haga la lectura que le parezca de los hechos e, incluso, de los no hechos. Pero despu\u00e9s viene la parte judicial. Hay cosas que se dirimen en espacios que est\u00e1n hechos para eso. Esto se dirime en la Justicia\u201d, puntualiz\u00f3.<\/p>\n","protected":false},"excerpt":{"rendered":"<p>El conductor Jey Mammon anunci\u00f3 este lunes que acudir\u00e1 a la Justicia por la causa que prescribi\u00f3 en la que lo acusaron por un presunto abuso sexual contra Lucas Benvenuto.&hellip;<\/p>\n","protected":false},"author":4,"featured_media":220391,"comment_status":"closed","ping_status":"open","sticky":false,"template":"","format":"standard","meta":{"_acf_changed":false,"footnotes":""},"categories":[1,12],"tags":[],"class_list":["post-224552","post","type-post","status-publish","format-standard","has-post-thumbnail","hentry","category-es-noticia","category-sociedad"],"acf":[],"yoast_head":"<!-- This site is optimized with the Yoast SEO plugin v27.5 - https:\/\/yoast.com\/product\/yoast-seo-wordpress\/ -->\n<title>Jey Mammon anunci\u00f3 que acudir\u00e1 a la Justicia: \u201cLas personas que hayan mentido tienen que responder\u201d - Diario Textual<\/title>\n<meta name=\"robots\" content=\"index, follow, max-snippet:-1, max-image-preview:large, max-video-preview:-1\" \/>\n<link rel=\"canonical\" href=\"https:\/\/diariotextual.com\/inicio\/index.php\/2023\/05\/09\/jey-mammon-anuncio-que-acudira-a-la-justicia-las-personas-que-hayan-mentido-tienen-que-responder\/\" \/>\n<meta property=\"og:locale\" content=\"es_ES\" \/>\n<meta property=\"og:type\" content=\"article\" \/>\n<meta property=\"og:title\" content=\"Jey Mammon anunci\u00f3 que acudir\u00e1 a la Justicia: \u201cLas personas que hayan mentido tienen que responder\u201d - Diario Textual\" \/>\n<meta property=\"og:description\" content=\"El conductor Jey Mammon anunci\u00f3 este lunes que acudir\u00e1 a la Justicia por la causa que prescribi\u00f3 en la que lo acusaron por un presunto abuso sexual contra Lucas Benvenuto.&hellip;\" \/>\n<meta property=\"og:url\" content=\"https:\/\/diariotextual.com\/inicio\/index.php\/2023\/05\/09\/jey-mammon-anuncio-que-acudira-a-la-justicia-las-personas-que-hayan-mentido-tienen-que-responder\/\" \/>\n<meta property=\"og:site_name\" content=\"Diario Textual\" \/>\n<meta property=\"article:publisher\" content=\"https:\/\/www.facebook.com\/eltextual\" \/>\n<meta property=\"article:published_time\" content=\"2023-05-09T10:25:03+00:00\" \/>\n<meta property=\"article:modified_time\" content=\"2023-05-09T10:25:05+00:00\" \/>\n<meta property=\"og:image\" content=\"https:\/\/diariotextual.com\/inicio\/wp-content\/uploads\/2023\/03\/jaymamon2023-1.png\" \/>\n\t<meta property=\"og:image:width\" content=\"798\" \/>\n\t<meta property=\"og:image:height\" content=\"462\" \/>\n\t<meta property=\"og:image:type\" content=\"image\/png\" \/>\n<meta name=\"author\" content=\"diario2\" \/>\n<meta name=\"twitter:card\" content=\"summary_large_image\" \/>\n<meta name=\"twitter:creator\" content=\"@eltextual\" \/>\n<meta name=\"twitter:site\" content=\"@eltextual\" \/>\n<meta name=\"twitter:label1\" content=\"Escrito por\" \/>\n\t<meta name=\"twitter:data1\" content=\"diario2\" \/>\n\t<meta name=\"twitter:label2\" content=\"Tiempo de lectura\" \/>\n\t<meta name=\"twitter:data2\" content=\"3 minutos\" \/>\n<script type=\"application\/ld+json\" class=\"yoast-schema-graph\">{\"@context\":\"https:\\\/\\\/schema.org\",\"@graph\":[{\"@type\":\"Article\",\"@id\":\"https:\\\/\\\/diariotextual.com\\\/inicio\\\/index.php\\\/2023\\\/05\\\/09\\\/jey-mammon-anuncio-que-acudira-a-la-justicia-las-personas-que-hayan-mentido-tienen-que-responder\\\/#article\",\"isPartOf\":{\"@id\":\"https:\\\/\\\/diariotextual.com\\\/inicio\\\/index.php\\\/2023\\\/05\\\/09\\\/jey-mammon-anuncio-que-acudira-a-la-justicia-las-personas-que-hayan-mentido-tienen-que-responder\\\/\"},\"author\":{\"name\":\"diario2\",\"@id\":\"https:\\\/\\\/diariotextual.com\\\/inicio\\\/#\\\/schema\\\/person\\\/694f60677f23c4a530867a98f22b3768\"},\"headline\":\"Jey Mammon anunci\u00f3 que acudir\u00e1 a la Justicia: \u201cLas personas que hayan mentido tienen que responder\u201d\",\"datePublished\":\"2023-05-09T10:25:03+00:00\",\"dateModified\":\"2023-05-09T10:25:05+00:00\",\"mainEntityOfPage\":{\"@id\":\"https:\\\/\\\/diariotextual.com\\\/inicio\\\/index.php\\\/2023\\\/05\\\/09\\\/jey-mammon-anuncio-que-acudira-a-la-justicia-las-personas-que-hayan-mentido-tienen-que-responder\\\/\"},\"wordCount\":615,\"publisher\":{\"@id\":\"https:\\\/\\\/diariotextual.com\\\/inicio\\\/#organization\"},\"image\":{\"@id\":\"https:\\\/\\\/diariotextual.com\\\/inicio\\\/index.php\\\/2023\\\/05\\\/09\\\/jey-mammon-anuncio-que-acudira-a-la-justicia-las-personas-que-hayan-mentido-tienen-que-responder\\\/#primaryimage\"},\"thumbnailUrl\":\"https:\\\/\\\/diariotextual.com\\\/inicio\\\/wp-content\\\/uploads\\\/2023\\\/03\\\/jaymamon2023-1.png\",\"articleSection\":[\"A - ES NOTICIA (van abajo)\",\"SOCIEDAD\"],\"inLanguage\":\"es\"},{\"@type\":\"WebPage\",\"@id\":\"https:\\\/\\\/diariotextual.com\\\/inicio\\\/index.php\\\/2023\\\/05\\\/09\\\/jey-mammon-anuncio-que-acudira-a-la-justicia-las-personas-que-hayan-mentido-tienen-que-responder\\\/\",\"url\":\"https:\\\/\\\/diariotextual.com\\\/inicio\\\/index.php\\\/2023\\\/05\\\/09\\\/jey-mammon-anuncio-que-acudira-a-la-justicia-las-personas-que-hayan-mentido-tienen-que-responder\\\/\",\"name\":\"Jey Mammon anunci\u00f3 que acudir\u00e1 a la Justicia: \u201cLas personas que hayan mentido tienen que responder\u201d - Diario Textual\",\"isPartOf\":{\"@id\":\"https:\\\/\\\/diariotextual.com\\\/inicio\\\/#website\"},\"primaryImageOfPage\":{\"@id\":\"https:\\\/\\\/diariotextual.com\\\/inicio\\\/index.php\\\/2023\\\/05\\\/09\\\/jey-mammon-anuncio-que-acudira-a-la-justicia-las-personas-que-hayan-mentido-tienen-que-responder\\\/#primaryimage\"},\"image\":{\"@id\":\"https:\\\/\\\/diariotextual.com\\\/inicio\\\/index.php\\\/2023\\\/05\\\/09\\\/jey-mammon-anuncio-que-acudira-a-la-justicia-las-personas-que-hayan-mentido-tienen-que-responder\\\/#primaryimage\"},\"thumbnailUrl\":\"https:\\\/\\\/diariotextual.com\\\/inicio\\\/wp-content\\\/uploads\\\/2023\\\/03\\\/jaymamon2023-1.png\",\"datePublished\":\"2023-05-09T10:25:03+00:00\",\"dateModified\":\"2023-05-09T10:25:05+00:00\",\"breadcrumb\":{\"@id\":\"https:\\\/\\\/diariotextual.com\\\/inicio\\\/index.php\\\/2023\\\/05\\\/09\\\/jey-mammon-anuncio-que-acudira-a-la-justicia-las-personas-que-hayan-mentido-tienen-que-responder\\\/#breadcrumb\"},\"inLanguage\":\"es\",\"potentialAction\":[{\"@type\":\"ReadAction\",\"target\":[\"https:\\\/\\\/diariotextual.com\\\/inicio\\\/index.php\\\/2023\\\/05\\\/09\\\/jey-mammon-anuncio-que-acudira-a-la-justicia-las-personas-que-hayan-mentido-tienen-que-responder\\\/\"]}]},{\"@type\":\"ImageObject\",\"inLanguage\":\"es\",\"@id\":\"https:\\\/\\\/diariotextual.com\\\/inicio\\\/index.php\\\/2023\\\/05\\\/09\\\/jey-mammon-anuncio-que-acudira-a-la-justicia-las-personas-que-hayan-mentido-tienen-que-responder\\\/#primaryimage\",\"url\":\"https:\\\/\\\/diariotextual.com\\\/inicio\\\/wp-content\\\/uploads\\\/2023\\\/03\\\/jaymamon2023-1.png\",\"contentUrl\":\"https:\\\/\\\/diariotextual.com\\\/inicio\\\/wp-content\\\/uploads\\\/2023\\\/03\\\/jaymamon2023-1.png\",\"width\":798,\"height\":462},{\"@type\":\"BreadcrumbList\",\"@id\":\"https:\\\/\\\/diariotextual.com\\\/inicio\\\/index.php\\\/2023\\\/05\\\/09\\\/jey-mammon-anuncio-que-acudira-a-la-justicia-las-personas-que-hayan-mentido-tienen-que-responder\\\/#breadcrumb\",\"itemListElement\":[{\"@type\":\"ListItem\",\"position\":1,\"name\":\"Portada\",\"item\":\"https:\\\/\\\/diariotextual.com\\\/inicio\\\/\"},{\"@type\":\"ListItem\",\"position\":2,\"name\":\"Jey Mammon anunci\u00f3 que acudir\u00e1 a la Justicia: \u201cLas personas que hayan mentido tienen que responder\u201d\"}]},{\"@type\":\"WebSite\",\"@id\":\"https:\\\/\\\/diariotextual.com\\\/inicio\\\/#website\",\"url\":\"https:\\\/\\\/diariotextual.com\\\/inicio\\\/\",\"name\":\"Diario Textual\",\"description\":\"\",\"publisher\":{\"@id\":\"https:\\\/\\\/diariotextual.com\\\/inicio\\\/#organization\"},\"potentialAction\":[{\"@type\":\"SearchAction\",\"target\":{\"@type\":\"EntryPoint\",\"urlTemplate\":\"https:\\\/\\\/diariotextual.com\\\/inicio\\\/?s={search_term_string}\"},\"query-input\":{\"@type\":\"PropertyValueSpecification\",\"valueRequired\":true,\"valueName\":\"search_term_string\"}}],\"inLanguage\":\"es\"},{\"@type\":\"Organization\",\"@id\":\"https:\\\/\\\/diariotextual.com\\\/inicio\\\/#organization\",\"name\":\"Diario Textual\",\"url\":\"https:\\\/\\\/diariotextual.com\\\/inicio\\\/\",\"logo\":{\"@type\":\"ImageObject\",\"inLanguage\":\"es\",\"@id\":\"https:\\\/\\\/diariotextual.com\\\/inicio\\\/#\\\/schema\\\/logo\\\/image\\\/\",\"url\":\"https:\\\/\\\/diariotextual.com\\\/inicio\\\/wp-content\\\/uploads\\\/2023\\\/05\\\/logotextual1.jpg\",\"contentUrl\":\"https:\\\/\\\/diariotextual.com\\\/inicio\\\/wp-content\\\/uploads\\\/2023\\\/05\\\/logotextual1.jpg\",\"width\":516,\"height\":76,\"caption\":\"Diario Textual\"},\"image\":{\"@id\":\"https:\\\/\\\/diariotextual.com\\\/inicio\\\/#\\\/schema\\\/logo\\\/image\\\/\"},\"sameAs\":[\"https:\\\/\\\/www.facebook.com\\\/eltextual\",\"https:\\\/\\\/x.com\\\/eltextual\",\"http:\\\/\\\/www.instagram.com\\\/eltextual\"]},{\"@type\":\"Person\",\"@id\":\"https:\\\/\\\/diariotextual.com\\\/inicio\\\/#\\\/schema\\\/person\\\/694f60677f23c4a530867a98f22b3768\",\"name\":\"diario2\",\"image\":{\"@type\":\"ImageObject\",\"inLanguage\":\"es\",\"@id\":\"https:\\\/\\\/secure.gravatar.com\\\/avatar\\\/5a2567495ba16b852fcd8f1ed006a2e24fcace936018ed8237e95f488ad6e0a7?s=96&d=mm&r=g\",\"url\":\"https:\\\/\\\/secure.gravatar.com\\\/avatar\\\/5a2567495ba16b852fcd8f1ed006a2e24fcace936018ed8237e95f488ad6e0a7?s=96&d=mm&r=g\",\"contentUrl\":\"https:\\\/\\\/secure.gravatar.com\\\/avatar\\\/5a2567495ba16b852fcd8f1ed006a2e24fcace936018ed8237e95f488ad6e0a7?s=96&d=mm&r=g\",\"caption\":\"diario2\"},\"url\":\"https:\\\/\\\/diariotextual.com\\\/inicio\\\/index.php\\\/author\\\/diario2\\\/\"}]}<\/script>\n<!-- \/ Yoast SEO plugin. -->","yoast_head_json":{"title":"Jey Mammon anunci\u00f3 que acudir\u00e1 a la Justicia: \u201cLas personas que hayan mentido tienen que responder\u201d - Diario Textual","robots":{"index":"index","follow":"follow","max-snippet":"max-snippet:-1","max-image-preview":"max-image-preview:large","max-video-preview":"max-video-preview:-1"},"canonical":"https:\/\/diariotextual.com\/inicio\/index.php\/2023\/05\/09\/jey-mammon-anuncio-que-acudira-a-la-justicia-las-personas-que-hayan-mentido-tienen-que-responder\/","og_locale":"es_ES","og_type":"article","og_title":"Jey Mammon anunci\u00f3 que acudir\u00e1 a la Justicia: \u201cLas personas que hayan mentido tienen que responder\u201d - Diario Textual","og_description":"El conductor Jey Mammon anunci\u00f3 este lunes que acudir\u00e1 a la Justicia por la causa que prescribi\u00f3 en la que lo acusaron por un presunto abuso sexual contra Lucas Benvenuto.&hellip;","og_url":"https:\/\/diariotextual.com\/inicio\/index.php\/2023\/05\/09\/jey-mammon-anuncio-que-acudira-a-la-justicia-las-personas-que-hayan-mentido-tienen-que-responder\/","og_site_name":"Diario Textual","article_publisher":"https:\/\/www.facebook.com\/eltextual","article_published_time":"2023-05-09T10:25:03+00:00","article_modified_time":"2023-05-09T10:25:05+00:00","og_image":[{"width":798,"height":462,"url":"https:\/\/diariotextual.com\/inicio\/wp-content\/uploads\/2023\/03\/jaymamon2023-1.png","type":"image\/png"}],"author":"diario2","twitter_card":"summary_large_image","twitter_creator":"@eltextual","twitter_site":"@eltextual","twitter_misc":{"Escrito por":"diario2","Tiempo de lectura":"3 minutos"},"schema":{"@context":"https:\/\/schema.org","@graph":[{"@type":"Article","@id":"https:\/\/diariotextual.com\/inicio\/index.php\/2023\/05\/09\/jey-mammon-anuncio-que-acudira-a-la-justicia-las-personas-que-hayan-mentido-tienen-que-responder\/#article","isPartOf":{"@id":"https:\/\/diariotextual.com\/inicio\/index.php\/2023\/05\/09\/jey-mammon-anuncio-que-acudira-a-la-justicia-las-personas-que-hayan-mentido-tienen-que-responder\/"},"author":{"name":"diario2","@id":"https:\/\/diariotextual.com\/inicio\/#\/schema\/person\/694f60677f23c4a530867a98f22b3768"},"headline":"Jey Mammon anunci\u00f3 que acudir\u00e1 a la Justicia: \u201cLas personas que hayan mentido tienen que responder\u201d","datePublished":"2023-05-09T10:25:03+00:00","dateModified":"2023-05-09T10:25:05+00:00","mainEntityOfPage":{"@id":"https:\/\/diariotextual.com\/inicio\/index.php\/2023\/05\/09\/jey-mammon-anuncio-que-acudira-a-la-justicia-las-personas-que-hayan-mentido-tienen-que-responder\/"},"wordCount":615,"publisher":{"@id":"https:\/\/diariotextual.com\/inicio\/#organization"},"image":{"@id":"https:\/\/diariotextual.com\/inicio\/index.php\/2023\/05\/09\/jey-mammon-anuncio-que-acudira-a-la-justicia-las-personas-que-hayan-mentido-tienen-que-responder\/#primaryimage"},"thumbnailUrl":"https:\/\/diariotextual.com\/inicio\/wp-content\/uploads\/2023\/03\/jaymamon2023-1.png","articleSection":["A - ES NOTICIA (van abajo)","SOCIEDAD"],"inLanguage":"es"},{"@type":"WebPage","@id":"https:\/\/diariotextual.com\/inicio\/index.php\/2023\/05\/09\/jey-mammon-anuncio-que-acudira-a-la-justicia-las-personas-que-hayan-mentido-tienen-que-responder\/","url":"https:\/\/diariotextual.com\/inicio\/index.php\/2023\/05\/09\/jey-mammon-anuncio-que-acudira-a-la-justicia-las-personas-que-hayan-mentido-tienen-que-responder\/","name":"Jey Mammon anunci\u00f3 que acudir\u00e1 a la Justicia: \u201cLas personas que hayan mentido tienen que responder\u201d - Diario Textual","isPartOf":{"@id":"https:\/\/diariotextual.com\/inicio\/#website"},"primaryImageOfPage":{"@id":"https:\/\/diariotextual.com\/inicio\/index.php\/2023\/05\/09\/jey-mammon-anuncio-que-acudira-a-la-justicia-las-personas-que-hayan-mentido-tienen-que-responder\/#primaryimage"},"image":{"@id":"https:\/\/diariotextual.com\/inicio\/index.php\/2023\/05\/09\/jey-mammon-anuncio-que-acudira-a-la-justicia-las-personas-que-hayan-mentido-tienen-que-responder\/#primaryimage"},"thumbnailUrl":"https:\/\/diariotextual.com\/inicio\/wp-content\/uploads\/2023\/03\/jaymamon2023-1.png","datePublished":"2023-05-09T10:25:03+00:00","dateModified":"2023-05-09T10:25:05+00:00","breadcrumb":{"@id":"https:\/\/diariotextual.com\/inicio\/index.php\/2023\/05\/09\/jey-mammon-anuncio-que-acudira-a-la-justicia-las-personas-que-hayan-mentido-tienen-que-responder\/#breadcrumb"},"inLanguage":"es","potentialAction":[{"@type":"ReadAction","target":["https:\/\/diariotextual.com\/inicio\/index.php\/2023\/05\/09\/jey-mammon-anuncio-que-acudira-a-la-justicia-las-personas-que-hayan-mentido-tienen-que-responder\/"]}]},{"@type":"ImageObject","inLanguage":"es","@id":"https:\/\/diariotextual.com\/inicio\/index.php\/2023\/05\/09\/jey-mammon-anuncio-que-acudira-a-la-justicia-las-personas-que-hayan-mentido-tienen-que-responder\/#primaryimage","url":"https:\/\/diariotextual.com\/inicio\/wp-content\/uploads\/2023\/03\/jaymamon2023-1.png","contentUrl":"https:\/\/diariotextual.com\/inicio\/wp-content\/uploads\/2023\/03\/jaymamon2023-1.png","width":798,"height":462},{"@type":"BreadcrumbList","@id":"https:\/\/diariotextual.com\/inicio\/index.php\/2023\/05\/09\/jey-mammon-anuncio-que-acudira-a-la-justicia-las-personas-que-hayan-mentido-tienen-que-responder\/#breadcrumb","itemListElement":[{"@type":"ListItem","position":1,"name":"Portada","item":"https:\/\/diariotextual.com\/inicio\/"},{"@type":"ListItem","position":2,"name":"Jey Mammon anunci\u00f3 que acudir\u00e1 a la Justicia: \u201cLas personas que hayan mentido tienen que responder\u201d"}]},{"@type":"WebSite","@id":"https:\/\/diariotextual.com\/inicio\/#website","url":"https:\/\/diariotextual.com\/inicio\/","name":"Diario Textual","description":"","publisher":{"@id":"https:\/\/diariotextual.com\/inicio\/#organization"},"potentialAction":[{"@type":"SearchAction","target":{"@type":"EntryPoint","urlTemplate":"https:\/\/diariotextual.com\/inicio\/?s={search_term_string}"},"query-input":{"@type":"PropertyValueSpecification","valueRequired":true,"valueName":"search_term_string"}}],"inLanguage":"es"},{"@type":"Organization","@id":"https:\/\/diariotextual.com\/inicio\/#organization","name":"Diario Textual","url":"https:\/\/diariotextual.com\/inicio\/","logo":{"@type":"ImageObject","inLanguage":"es","@id":"https:\/\/diariotextual.com\/inicio\/#\/schema\/logo\/image\/","url":"https:\/\/diariotextual.com\/inicio\/wp-content\/uploads\/2023\/05\/logotextual1.jpg","contentUrl":"https:\/\/diariotextual.com\/inicio\/wp-content\/uploads\/2023\/05\/logotextual1.jpg","width":516,"height":76,"caption":"Diario Textual"},"image":{"@id":"https:\/\/diariotextual.com\/inicio\/#\/schema\/logo\/image\/"},"sameAs":["https:\/\/www.facebook.com\/eltextual","https:\/\/x.com\/eltextual","http:\/\/www.instagram.com\/eltextual"]},{"@type":"Person","@id":"https:\/\/diariotextual.com\/inicio\/#\/schema\/person\/694f60677f23c4a530867a98f22b3768","name":"diario2","image":{"@type":"ImageObject","inLanguage":"es","@id":"https:\/\/secure.gravatar.com\/avatar\/5a2567495ba16b852fcd8f1ed006a2e24fcace936018ed8237e95f488ad6e0a7?s=96&d=mm&r=g","url":"https:\/\/secure.gravatar.com\/avatar\/5a2567495ba16b852fcd8f1ed006a2e24fcace936018ed8237e95f488ad6e0a7?s=96&d=mm&r=g","contentUrl":"https:\/\/secure.gravatar.com\/avatar\/5a2567495ba16b852fcd8f1ed006a2e24fcace936018ed8237e95f488ad6e0a7?s=96&d=mm&r=g","caption":"diario2"},"url":"https:\/\/diariotextual.com\/inicio\/index.php\/author\/diario2\/"}]}},"_links":{"self":[{"href":"https:\/\/diariotextual.com\/inicio\/index.php\/wp-json\/wp\/v2\/posts\/224552","targetHints":{"allow":["GET"]}}],"collection":[{"href":"https:\/\/diariotextual.com\/inicio\/index.php\/wp-json\/wp\/v2\/posts"}],"about":[{"href":"https:\/\/diariotextual.com\/inicio\/index.php\/wp-json\/wp\/v2\/types\/post"}],"author":[{"embeddable":true,"href":"https:\/\/diariotextual.com\/inicio\/index.php\/wp-json\/wp\/v2\/users\/4"}],"replies":[{"embeddable":true,"href":"https:\/\/diariotextual.com\/inicio\/index.php\/wp-json\/wp\/v2\/comments?post=224552"}],"version-history":[{"count":2,"href":"https:\/\/diariotextual.com\/inicio\/index.php\/wp-json\/wp\/v2\/posts\/224552\/revisions"}],"predecessor-version":[{"id":224554,"href":"https:\/\/diariotextual.com\/inicio\/index.php\/wp-json\/wp\/v2\/posts\/224552\/revisions\/224554"}],"wp:featuredmedia":[{"embeddable":true,"href":"https:\/\/diariotextual.com\/inicio\/index.php\/wp-json\/wp\/v2\/media\/220391"}],"wp:attachment":[{"href":"https:\/\/diariotextual.com\/inicio\/index.php\/wp-json\/wp\/v2\/media?parent=224552"}],"wp:term":[{"taxonomy":"category","embeddable":true,"href":"https:\/\/diariotextual.com\/inicio\/index.php\/wp-json\/wp\/v2\/categories?post=224552"},{"taxonomy":"post_tag","embeddable":true,"href":"https:\/\/diariotextual.com\/inicio\/index.php\/wp-json\/wp\/v2\/tags?post=224552"}],"curies":[{"name":"wp","href":"https:\/\/api.w.org\/{rel}","templated":true}]}}