{"id":224585,"date":"2023-05-09T13:16:51","date_gmt":"2023-05-09T16:16:51","guid":{"rendered":"https:\/\/diariotextual.com\/inicio\/?p=224585"},"modified":"2023-05-09T13:16:53","modified_gmt":"2023-05-09T16:16:53","slug":"se-inicio-la-obra-de-la-calle-stieben-en-santa-rosa","status":"publish","type":"post","link":"https:\/\/diariotextual.com\/inicio\/index.php\/2023\/05\/09\/se-inicio-la-obra-de-la-calle-stieben-en-santa-rosa\/","title":{"rendered":"Se inici\u00f3 la obra de la calle Stieben en Santa Rosa"},"content":{"rendered":"\n<p>La obra vial de la calle Stieben, que marca un antes y un despu\u00e9s para un importante sector de la ciudad de Santa Rosa, presenta avances a pocos d\u00edas de su inicio.<\/p>\n\n\n\n<p>Esta infraestructura urbana cuenta con un presupuesto actualizado de 1.370.610.031 pesos y est\u00e1 siendo ejecutada por la empresa Vial A, bajo la responsabilidad y supervisi\u00f3n de la Direcci\u00f3n Provincial de Vialidad quien se encarga de la inspecci\u00f3n, control y planificaci\u00f3n de las acciones de forma conjunta con los equipos t\u00e9cnicos de la constructora.<\/p>\n\n\n\n<p>La obra es de gran importancia para la capital pampeana, porque unir\u00e1 la arteria de calle Pilcomayo con la avenida San Mart\u00edn, el trayecto ser\u00e1 una v\u00eda de circulaci\u00f3n segura que integrar\u00e1 de forma efectiva al sector noroeste de la ciudad con el centro.<\/p>\n\n\n\n<p>Entre las acciones a ejecutar est\u00e1 prevista no s\u00f3lo la pavimentaci\u00f3n, sino tambi\u00e9n la iluminaci\u00f3n y veredas, lo que derivar\u00e1 en la comodidad que conlleva la presencia de calles asfaltadas en la circulaci\u00f3n vehicular, como tambi\u00e9n en aspectos de seguridad y est\u00e9ticos.<\/p>\n\n\n\n<p>El corredor de la calle Stieben deparar\u00e1 ventajas a los vecinos de la zona y a todos los que por ella circulan, tendr\u00e1 una influencia positiva en cuestiones sanitarias porque los cordones cunetas y pavimentos que la componen evitar\u00e1 la acumulaci\u00f3n de aguas durante \u00e9pocas de precipitaciones pluviales dando cauce a las mismas a sitios seguros.<\/p>\n\n\n\n<p>En di\u00e1logo con el inspector de Obra de la DPV, Walter Calo, coment\u00f3 a la Agencia Provincial de Noticias que se lleva a cabo \u201cde manera prolija, estamos trabajando sobre la calle Pilcomayo y sus v\u00edas que la atraviesan para llegar a la Stieben el 15 de mayo seg\u00fan la proyecci\u00f3n diagramada, con cordones e imprimaci\u00f3n en ese sector, donde solo restar\u00eda la carpeta que es la parte final en ese tramo. Estamos trabajando con la planta de asfalto sobre calle Uspallata, entre Pilcomayo y Acu\u00f1a, ya est\u00e1 finalizada con asfalto, Posta de Yatasto entre Pilcomayo y Bonnet\u201d.<\/p>\n\n\n\n<p>El inspector Calo, se refiri\u00f3 al sistema de trabajo que implementan para no perjudicar a los vecinos de los sectores. \u201cLos cortes se hacen programados, se informa a los vecinos con anterioridad por lo menos el d\u00eda anterior al corte, para que puedan sacar sus autos. En particular se les informa, si van a poder guardar el veh\u00edculo esa noche. Hasta el momento no hemos tenido ning\u00fan tipo de inconveniente, los vecinos est\u00e1n todos contentos, todos tranquilos y entienden que esta obra les va a traer muchos beneficios no solo como frentistas si no al barrio en general\u201d, explic\u00f3.<\/p>\n\n\n\n<p>\u201cLo normal en esta obra -continu\u00f3- es que el vecino a la ma\u00f1ana saque su auto temprano y a la noche pueda ingresarlo. La comunicaci\u00f3n permanente entre los trabajadores y los habitantes de esta zona es muy positiva, porque la informaci\u00f3n es fluida y ante cualquier duda estamos toda la jornada laboral abiertos a consultas o dudas que tengan\u201d.<\/p>\n\n\n\n<p>\u201cEsta obra, aunque est\u00e1 en su etapa inicial ya se nota, este sector de Santa Rosa est\u00e1 cambiando mucho visualmente y los vecinos lo reconocen\u201d, dijo.<\/p>\n\n\n\n<p>En cuanto a los puestos de trabajo que gener\u00f3 la obra del corredor vial de la calle Stieben, Walter Calo indic\u00f3 que, \u201cen este momento la empresa cuenta con 29 trabajadores todos de Santa Rosa, esta es otra de las virtudes que tiene la presencia de la obra p\u00fablica al ofrecer empleos a personas del lugar que en su mayor\u00eda son j\u00f3venes\u201d.<\/p>\n","protected":false},"excerpt":{"rendered":"<p>La obra vial de la calle Stieben, que marca un antes y un despu\u00e9s para un importante sector de la ciudad de Santa Rosa, presenta avances a pocos d\u00edas de&hellip;<\/p>\n","protected":false},"author":4,"featured_media":224587,"comment_status":"closed","ping_status":"open","sticky":false,"template":"","format":"standard","meta":{"_acf_changed":false,"footnotes":""},"categories":[1,12],"tags":[],"class_list":["post-224585","post","type-post","status-publish","format-standard","has-post-thumbnail","hentry","category-es-noticia","category-sociedad"],"acf":[],"yoast_head":"<!-- This site is optimized with the Yoast SEO plugin v27.5 - https:\/\/yoast.com\/product\/yoast-seo-wordpress\/ -->\n<title>Se inici\u00f3 la obra de la calle Stieben en Santa Rosa - Diario Textual<\/title>\n<meta name=\"robots\" content=\"index, follow, max-snippet:-1, max-image-preview:large, max-video-preview:-1\" \/>\n<link rel=\"canonical\" href=\"https:\/\/diariotextual.com\/inicio\/index.php\/2023\/05\/09\/se-inicio-la-obra-de-la-calle-stieben-en-santa-rosa\/\" \/>\n<meta property=\"og:locale\" content=\"es_ES\" \/>\n<meta property=\"og:type\" content=\"article\" \/>\n<meta property=\"og:title\" content=\"Se inici\u00f3 la obra de la calle Stieben en Santa Rosa - Diario Textual\" \/>\n<meta property=\"og:description\" content=\"La obra vial de la calle Stieben, que marca un antes y un despu\u00e9s para un importante sector de la ciudad de Santa Rosa, presenta avances a pocos d\u00edas de&hellip;\" \/>\n<meta property=\"og:url\" content=\"https:\/\/diariotextual.com\/inicio\/index.php\/2023\/05\/09\/se-inicio-la-obra-de-la-calle-stieben-en-santa-rosa\/\" \/>\n<meta property=\"og:site_name\" content=\"Diario Textual\" \/>\n<meta property=\"article:publisher\" content=\"https:\/\/www.facebook.com\/eltextual\" \/>\n<meta property=\"article:published_time\" content=\"2023-05-09T16:16:51+00:00\" \/>\n<meta property=\"article:modified_time\" content=\"2023-05-09T16:16:53+00:00\" \/>\n<meta property=\"og:image\" content=\"https:\/\/diariotextual.com\/inicio\/wp-content\/uploads\/2023\/05\/stiebencalleobrasantarosa34.jpg\" \/>\n\t<meta property=\"og:image:width\" content=\"900\" \/>\n\t<meta property=\"og:image:height\" content=\"538\" \/>\n\t<meta property=\"og:image:type\" content=\"image\/jpeg\" \/>\n<meta name=\"author\" content=\"diario2\" \/>\n<meta name=\"twitter:card\" content=\"summary_large_image\" \/>\n<meta name=\"twitter:creator\" content=\"@eltextual\" \/>\n<meta name=\"twitter:site\" content=\"@eltextual\" \/>\n<meta name=\"twitter:label1\" content=\"Escrito por\" \/>\n\t<meta name=\"twitter:data1\" content=\"diario2\" \/>\n\t<meta name=\"twitter:label2\" content=\"Tiempo de lectura\" \/>\n\t<meta name=\"twitter:data2\" content=\"3 minutos\" \/>\n<script type=\"application\/ld+json\" class=\"yoast-schema-graph\">{\"@context\":\"https:\\\/\\\/schema.org\",\"@graph\":[{\"@type\":\"Article\",\"@id\":\"https:\\\/\\\/diariotextual.com\\\/inicio\\\/index.php\\\/2023\\\/05\\\/09\\\/se-inicio-la-obra-de-la-calle-stieben-en-santa-rosa\\\/#article\",\"isPartOf\":{\"@id\":\"https:\\\/\\\/diariotextual.com\\\/inicio\\\/index.php\\\/2023\\\/05\\\/09\\\/se-inicio-la-obra-de-la-calle-stieben-en-santa-rosa\\\/\"},\"author\":{\"name\":\"diario2\",\"@id\":\"https:\\\/\\\/diariotextual.com\\\/inicio\\\/#\\\/schema\\\/person\\\/694f60677f23c4a530867a98f22b3768\"},\"headline\":\"Se inici\u00f3 la obra de la calle Stieben en Santa Rosa\",\"datePublished\":\"2023-05-09T16:16:51+00:00\",\"dateModified\":\"2023-05-09T16:16:53+00:00\",\"mainEntityOfPage\":{\"@id\":\"https:\\\/\\\/diariotextual.com\\\/inicio\\\/index.php\\\/2023\\\/05\\\/09\\\/se-inicio-la-obra-de-la-calle-stieben-en-santa-rosa\\\/\"},\"wordCount\":615,\"publisher\":{\"@id\":\"https:\\\/\\\/diariotextual.com\\\/inicio\\\/#organization\"},\"image\":{\"@id\":\"https:\\\/\\\/diariotextual.com\\\/inicio\\\/index.php\\\/2023\\\/05\\\/09\\\/se-inicio-la-obra-de-la-calle-stieben-en-santa-rosa\\\/#primaryimage\"},\"thumbnailUrl\":\"https:\\\/\\\/diariotextual.com\\\/inicio\\\/wp-content\\\/uploads\\\/2023\\\/05\\\/stiebencalleobrasantarosa34.jpg\",\"articleSection\":[\"A - ES NOTICIA (van abajo)\",\"SOCIEDAD\"],\"inLanguage\":\"es\"},{\"@type\":\"WebPage\",\"@id\":\"https:\\\/\\\/diariotextual.com\\\/inicio\\\/index.php\\\/2023\\\/05\\\/09\\\/se-inicio-la-obra-de-la-calle-stieben-en-santa-rosa\\\/\",\"url\":\"https:\\\/\\\/diariotextual.com\\\/inicio\\\/index.php\\\/2023\\\/05\\\/09\\\/se-inicio-la-obra-de-la-calle-stieben-en-santa-rosa\\\/\",\"name\":\"Se inici\u00f3 la obra de la calle Stieben en Santa Rosa - Diario Textual\",\"isPartOf\":{\"@id\":\"https:\\\/\\\/diariotextual.com\\\/inicio\\\/#website\"},\"primaryImageOfPage\":{\"@id\":\"https:\\\/\\\/diariotextual.com\\\/inicio\\\/index.php\\\/2023\\\/05\\\/09\\\/se-inicio-la-obra-de-la-calle-stieben-en-santa-rosa\\\/#primaryimage\"},\"image\":{\"@id\":\"https:\\\/\\\/diariotextual.com\\\/inicio\\\/index.php\\\/2023\\\/05\\\/09\\\/se-inicio-la-obra-de-la-calle-stieben-en-santa-rosa\\\/#primaryimage\"},\"thumbnailUrl\":\"https:\\\/\\\/diariotextual.com\\\/inicio\\\/wp-content\\\/uploads\\\/2023\\\/05\\\/stiebencalleobrasantarosa34.jpg\",\"datePublished\":\"2023-05-09T16:16:51+00:00\",\"dateModified\":\"2023-05-09T16:16:53+00:00\",\"breadcrumb\":{\"@id\":\"https:\\\/\\\/diariotextual.com\\\/inicio\\\/index.php\\\/2023\\\/05\\\/09\\\/se-inicio-la-obra-de-la-calle-stieben-en-santa-rosa\\\/#breadcrumb\"},\"inLanguage\":\"es\",\"potentialAction\":[{\"@type\":\"ReadAction\",\"target\":[\"https:\\\/\\\/diariotextual.com\\\/inicio\\\/index.php\\\/2023\\\/05\\\/09\\\/se-inicio-la-obra-de-la-calle-stieben-en-santa-rosa\\\/\"]}]},{\"@type\":\"ImageObject\",\"inLanguage\":\"es\",\"@id\":\"https:\\\/\\\/diariotextual.com\\\/inicio\\\/index.php\\\/2023\\\/05\\\/09\\\/se-inicio-la-obra-de-la-calle-stieben-en-santa-rosa\\\/#primaryimage\",\"url\":\"https:\\\/\\\/diariotextual.com\\\/inicio\\\/wp-content\\\/uploads\\\/2023\\\/05\\\/stiebencalleobrasantarosa34.jpg\",\"contentUrl\":\"https:\\\/\\\/diariotextual.com\\\/inicio\\\/wp-content\\\/uploads\\\/2023\\\/05\\\/stiebencalleobrasantarosa34.jpg\",\"width\":900,\"height\":538},{\"@type\":\"BreadcrumbList\",\"@id\":\"https:\\\/\\\/diariotextual.com\\\/inicio\\\/index.php\\\/2023\\\/05\\\/09\\\/se-inicio-la-obra-de-la-calle-stieben-en-santa-rosa\\\/#breadcrumb\",\"itemListElement\":[{\"@type\":\"ListItem\",\"position\":1,\"name\":\"Portada\",\"item\":\"https:\\\/\\\/diariotextual.com\\\/inicio\\\/\"},{\"@type\":\"ListItem\",\"position\":2,\"name\":\"Se inici\u00f3 la obra de la calle Stieben en Santa Rosa\"}]},{\"@type\":\"WebSite\",\"@id\":\"https:\\\/\\\/diariotextual.com\\\/inicio\\\/#website\",\"url\":\"https:\\\/\\\/diariotextual.com\\\/inicio\\\/\",\"name\":\"Diario Textual\",\"description\":\"\",\"publisher\":{\"@id\":\"https:\\\/\\\/diariotextual.com\\\/inicio\\\/#organization\"},\"potentialAction\":[{\"@type\":\"SearchAction\",\"target\":{\"@type\":\"EntryPoint\",\"urlTemplate\":\"https:\\\/\\\/diariotextual.com\\\/inicio\\\/?s={search_term_string}\"},\"query-input\":{\"@type\":\"PropertyValueSpecification\",\"valueRequired\":true,\"valueName\":\"search_term_string\"}}],\"inLanguage\":\"es\"},{\"@type\":\"Organization\",\"@id\":\"https:\\\/\\\/diariotextual.com\\\/inicio\\\/#organization\",\"name\":\"Diario Textual\",\"url\":\"https:\\\/\\\/diariotextual.com\\\/inicio\\\/\",\"logo\":{\"@type\":\"ImageObject\",\"inLanguage\":\"es\",\"@id\":\"https:\\\/\\\/diariotextual.com\\\/inicio\\\/#\\\/schema\\\/logo\\\/image\\\/\",\"url\":\"https:\\\/\\\/diariotextual.com\\\/inicio\\\/wp-content\\\/uploads\\\/2023\\\/05\\\/logotextual1.jpg\",\"contentUrl\":\"https:\\\/\\\/diariotextual.com\\\/inicio\\\/wp-content\\\/uploads\\\/2023\\\/05\\\/logotextual1.jpg\",\"width\":516,\"height\":76,\"caption\":\"Diario Textual\"},\"image\":{\"@id\":\"https:\\\/\\\/diariotextual.com\\\/inicio\\\/#\\\/schema\\\/logo\\\/image\\\/\"},\"sameAs\":[\"https:\\\/\\\/www.facebook.com\\\/eltextual\",\"https:\\\/\\\/x.com\\\/eltextual\",\"http:\\\/\\\/www.instagram.com\\\/eltextual\"]},{\"@type\":\"Person\",\"@id\":\"https:\\\/\\\/diariotextual.com\\\/inicio\\\/#\\\/schema\\\/person\\\/694f60677f23c4a530867a98f22b3768\",\"name\":\"diario2\",\"image\":{\"@type\":\"ImageObject\",\"inLanguage\":\"es\",\"@id\":\"https:\\\/\\\/secure.gravatar.com\\\/avatar\\\/5a2567495ba16b852fcd8f1ed006a2e24fcace936018ed8237e95f488ad6e0a7?s=96&d=mm&r=g\",\"url\":\"https:\\\/\\\/secure.gravatar.com\\\/avatar\\\/5a2567495ba16b852fcd8f1ed006a2e24fcace936018ed8237e95f488ad6e0a7?s=96&d=mm&r=g\",\"contentUrl\":\"https:\\\/\\\/secure.gravatar.com\\\/avatar\\\/5a2567495ba16b852fcd8f1ed006a2e24fcace936018ed8237e95f488ad6e0a7?s=96&d=mm&r=g\",\"caption\":\"diario2\"},\"url\":\"https:\\\/\\\/diariotextual.com\\\/inicio\\\/index.php\\\/author\\\/diario2\\\/\"}]}<\/script>\n<!-- \/ Yoast SEO plugin. -->","yoast_head_json":{"title":"Se inici\u00f3 la obra de la calle Stieben en Santa Rosa - Diario Textual","robots":{"index":"index","follow":"follow","max-snippet":"max-snippet:-1","max-image-preview":"max-image-preview:large","max-video-preview":"max-video-preview:-1"},"canonical":"https:\/\/diariotextual.com\/inicio\/index.php\/2023\/05\/09\/se-inicio-la-obra-de-la-calle-stieben-en-santa-rosa\/","og_locale":"es_ES","og_type":"article","og_title":"Se inici\u00f3 la obra de la calle Stieben en Santa Rosa - Diario Textual","og_description":"La obra vial de la calle Stieben, que marca un antes y un despu\u00e9s para un importante sector de la ciudad de Santa Rosa, presenta avances a pocos d\u00edas de&hellip;","og_url":"https:\/\/diariotextual.com\/inicio\/index.php\/2023\/05\/09\/se-inicio-la-obra-de-la-calle-stieben-en-santa-rosa\/","og_site_name":"Diario Textual","article_publisher":"https:\/\/www.facebook.com\/eltextual","article_published_time":"2023-05-09T16:16:51+00:00","article_modified_time":"2023-05-09T16:16:53+00:00","og_image":[{"width":900,"height":538,"url":"https:\/\/diariotextual.com\/inicio\/wp-content\/uploads\/2023\/05\/stiebencalleobrasantarosa34.jpg","type":"image\/jpeg"}],"author":"diario2","twitter_card":"summary_large_image","twitter_creator":"@eltextual","twitter_site":"@eltextual","twitter_misc":{"Escrito por":"diario2","Tiempo de lectura":"3 minutos"},"schema":{"@context":"https:\/\/schema.org","@graph":[{"@type":"Article","@id":"https:\/\/diariotextual.com\/inicio\/index.php\/2023\/05\/09\/se-inicio-la-obra-de-la-calle-stieben-en-santa-rosa\/#article","isPartOf":{"@id":"https:\/\/diariotextual.com\/inicio\/index.php\/2023\/05\/09\/se-inicio-la-obra-de-la-calle-stieben-en-santa-rosa\/"},"author":{"name":"diario2","@id":"https:\/\/diariotextual.com\/inicio\/#\/schema\/person\/694f60677f23c4a530867a98f22b3768"},"headline":"Se inici\u00f3 la obra de la calle Stieben en Santa Rosa","datePublished":"2023-05-09T16:16:51+00:00","dateModified":"2023-05-09T16:16:53+00:00","mainEntityOfPage":{"@id":"https:\/\/diariotextual.com\/inicio\/index.php\/2023\/05\/09\/se-inicio-la-obra-de-la-calle-stieben-en-santa-rosa\/"},"wordCount":615,"publisher":{"@id":"https:\/\/diariotextual.com\/inicio\/#organization"},"image":{"@id":"https:\/\/diariotextual.com\/inicio\/index.php\/2023\/05\/09\/se-inicio-la-obra-de-la-calle-stieben-en-santa-rosa\/#primaryimage"},"thumbnailUrl":"https:\/\/diariotextual.com\/inicio\/wp-content\/uploads\/2023\/05\/stiebencalleobrasantarosa34.jpg","articleSection":["A - ES NOTICIA (van abajo)","SOCIEDAD"],"inLanguage":"es"},{"@type":"WebPage","@id":"https:\/\/diariotextual.com\/inicio\/index.php\/2023\/05\/09\/se-inicio-la-obra-de-la-calle-stieben-en-santa-rosa\/","url":"https:\/\/diariotextual.com\/inicio\/index.php\/2023\/05\/09\/se-inicio-la-obra-de-la-calle-stieben-en-santa-rosa\/","name":"Se inici\u00f3 la obra de la calle Stieben en Santa Rosa - Diario Textual","isPartOf":{"@id":"https:\/\/diariotextual.com\/inicio\/#website"},"primaryImageOfPage":{"@id":"https:\/\/diariotextual.com\/inicio\/index.php\/2023\/05\/09\/se-inicio-la-obra-de-la-calle-stieben-en-santa-rosa\/#primaryimage"},"image":{"@id":"https:\/\/diariotextual.com\/inicio\/index.php\/2023\/05\/09\/se-inicio-la-obra-de-la-calle-stieben-en-santa-rosa\/#primaryimage"},"thumbnailUrl":"https:\/\/diariotextual.com\/inicio\/wp-content\/uploads\/2023\/05\/stiebencalleobrasantarosa34.jpg","datePublished":"2023-05-09T16:16:51+00:00","dateModified":"2023-05-09T16:16:53+00:00","breadcrumb":{"@id":"https:\/\/diariotextual.com\/inicio\/index.php\/2023\/05\/09\/se-inicio-la-obra-de-la-calle-stieben-en-santa-rosa\/#breadcrumb"},"inLanguage":"es","potentialAction":[{"@type":"ReadAction","target":["https:\/\/diariotextual.com\/inicio\/index.php\/2023\/05\/09\/se-inicio-la-obra-de-la-calle-stieben-en-santa-rosa\/"]}]},{"@type":"ImageObject","inLanguage":"es","@id":"https:\/\/diariotextual.com\/inicio\/index.php\/2023\/05\/09\/se-inicio-la-obra-de-la-calle-stieben-en-santa-rosa\/#primaryimage","url":"https:\/\/diariotextual.com\/inicio\/wp-content\/uploads\/2023\/05\/stiebencalleobrasantarosa34.jpg","contentUrl":"https:\/\/diariotextual.com\/inicio\/wp-content\/uploads\/2023\/05\/stiebencalleobrasantarosa34.jpg","width":900,"height":538},{"@type":"BreadcrumbList","@id":"https:\/\/diariotextual.com\/inicio\/index.php\/2023\/05\/09\/se-inicio-la-obra-de-la-calle-stieben-en-santa-rosa\/#breadcrumb","itemListElement":[{"@type":"ListItem","position":1,"name":"Portada","item":"https:\/\/diariotextual.com\/inicio\/"},{"@type":"ListItem","position":2,"name":"Se inici\u00f3 la obra de la calle Stieben en Santa Rosa"}]},{"@type":"WebSite","@id":"https:\/\/diariotextual.com\/inicio\/#website","url":"https:\/\/diariotextual.com\/inicio\/","name":"Diario Textual","description":"","publisher":{"@id":"https:\/\/diariotextual.com\/inicio\/#organization"},"potentialAction":[{"@type":"SearchAction","target":{"@type":"EntryPoint","urlTemplate":"https:\/\/diariotextual.com\/inicio\/?s={search_term_string}"},"query-input":{"@type":"PropertyValueSpecification","valueRequired":true,"valueName":"search_term_string"}}],"inLanguage":"es"},{"@type":"Organization","@id":"https:\/\/diariotextual.com\/inicio\/#organization","name":"Diario Textual","url":"https:\/\/diariotextual.com\/inicio\/","logo":{"@type":"ImageObject","inLanguage":"es","@id":"https:\/\/diariotextual.com\/inicio\/#\/schema\/logo\/image\/","url":"https:\/\/diariotextual.com\/inicio\/wp-content\/uploads\/2023\/05\/logotextual1.jpg","contentUrl":"https:\/\/diariotextual.com\/inicio\/wp-content\/uploads\/2023\/05\/logotextual1.jpg","width":516,"height":76,"caption":"Diario Textual"},"image":{"@id":"https:\/\/diariotextual.com\/inicio\/#\/schema\/logo\/image\/"},"sameAs":["https:\/\/www.facebook.com\/eltextual","https:\/\/x.com\/eltextual","http:\/\/www.instagram.com\/eltextual"]},{"@type":"Person","@id":"https:\/\/diariotextual.com\/inicio\/#\/schema\/person\/694f60677f23c4a530867a98f22b3768","name":"diario2","image":{"@type":"ImageObject","inLanguage":"es","@id":"https:\/\/secure.gravatar.com\/avatar\/5a2567495ba16b852fcd8f1ed006a2e24fcace936018ed8237e95f488ad6e0a7?s=96&d=mm&r=g","url":"https:\/\/secure.gravatar.com\/avatar\/5a2567495ba16b852fcd8f1ed006a2e24fcace936018ed8237e95f488ad6e0a7?s=96&d=mm&r=g","contentUrl":"https:\/\/secure.gravatar.com\/avatar\/5a2567495ba16b852fcd8f1ed006a2e24fcace936018ed8237e95f488ad6e0a7?s=96&d=mm&r=g","caption":"diario2"},"url":"https:\/\/diariotextual.com\/inicio\/index.php\/author\/diario2\/"}]}},"_links":{"self":[{"href":"https:\/\/diariotextual.com\/inicio\/index.php\/wp-json\/wp\/v2\/posts\/224585","targetHints":{"allow":["GET"]}}],"collection":[{"href":"https:\/\/diariotextual.com\/inicio\/index.php\/wp-json\/wp\/v2\/posts"}],"about":[{"href":"https:\/\/diariotextual.com\/inicio\/index.php\/wp-json\/wp\/v2\/types\/post"}],"author":[{"embeddable":true,"href":"https:\/\/diariotextual.com\/inicio\/index.php\/wp-json\/wp\/v2\/users\/4"}],"replies":[{"embeddable":true,"href":"https:\/\/diariotextual.com\/inicio\/index.php\/wp-json\/wp\/v2\/comments?post=224585"}],"version-history":[{"count":2,"href":"https:\/\/diariotextual.com\/inicio\/index.php\/wp-json\/wp\/v2\/posts\/224585\/revisions"}],"predecessor-version":[{"id":224588,"href":"https:\/\/diariotextual.com\/inicio\/index.php\/wp-json\/wp\/v2\/posts\/224585\/revisions\/224588"}],"wp:featuredmedia":[{"embeddable":true,"href":"https:\/\/diariotextual.com\/inicio\/index.php\/wp-json\/wp\/v2\/media\/224587"}],"wp:attachment":[{"href":"https:\/\/diariotextual.com\/inicio\/index.php\/wp-json\/wp\/v2\/media?parent=224585"}],"wp:term":[{"taxonomy":"category","embeddable":true,"href":"https:\/\/diariotextual.com\/inicio\/index.php\/wp-json\/wp\/v2\/categories?post=224585"},{"taxonomy":"post_tag","embeddable":true,"href":"https:\/\/diariotextual.com\/inicio\/index.php\/wp-json\/wp\/v2\/tags?post=224585"}],"curies":[{"name":"wp","href":"https:\/\/api.w.org\/{rel}","templated":true}]}}