{"id":224589,"date":"2023-05-09T13:22:47","date_gmt":"2023-05-09T16:22:47","guid":{"rendered":"https:\/\/diariotextual.com\/inicio\/?p=224589"},"modified":"2023-05-09T13:22:49","modified_gmt":"2023-05-09T16:22:49","slug":"llaman-a-concurso-publico-para-capacitar-a-agencias-de-dafas","status":"publish","type":"post","link":"https:\/\/diariotextual.com\/inicio\/index.php\/2023\/05\/09\/llaman-a-concurso-publico-para-capacitar-a-agencias-de-dafas\/","title":{"rendered":"Llaman a concurso p\u00fablico para capacitar a agencias de Dafas"},"content":{"rendered":"\n<p>La Direcci\u00f3n de Ayuda Financiera para la Acci\u00f3n Social (Dafas), organismo del Instituto de Seguridad Social de la provincia de La Pampa, que genera, regula y optimiza los recursos del Estado provenientes del juego de azar en la Provincia, en colaboraci\u00f3n con la Facultad de Ciencias Econ\u00f3micas y Jur\u00eddicas, llam\u00f3 a concurso para seleccionar una <strong>Consultora o Equipo de Capacitadores especializados, para llevar adelante el programa de Capacitaci\u00f3n \u201cDesarrollo Comercial a Agencias Oficiales de Dafas\u201d.\u00a0<\/strong><\/p>\n\n\n\n<p>El objetivo general del Programa de Capacitaci\u00f3n ser\u00e1 mejorar la performance comercial y nivelaci\u00f3n en el desempe\u00f1o de Agencias Oficiales en la provincia de La Pampa, tendr\u00e1 como destinatarios a titulares de agencias oficiales, personal, y apoderados o red de venta, y se llevar\u00e1 a cabo bajo modalidad virtual sincr\u00f3nica y asincr\u00f3nica.<\/p>\n\n\n\n<p>Las bases y requisitos de este llamado se pueden consultar en el siguiente documento: <a href=\"https:\/\/drive.google.com\/file\/d\/1YcuU9iy6h66AxR3OBz8EOiIbMVeB4STx\/view?usp=share_link\" target=\"_blank\" rel=\"noreferrer noopener\">https:\/\/drive.google.com\/file\/d\/1YcuU9iy6h66AxR3OBz8EOiIbMVeB4STx\/view?usp=share_link<\/a><\/p>\n\n\n\n<p>Se recibir\u00e1n las propuestas en sobre cerrado a trav\u00e9s de mesa de entradas y salidas de la FCEyJ hasta el 23 de mayo a las 13.<\/p>\n\n\n\n<p>Por consultas, se puede dirigir un correo a secextension@eco.unlpam.edu.ar.<\/p>\n","protected":false},"excerpt":{"rendered":"<p>La Direcci\u00f3n de Ayuda Financiera para la Acci\u00f3n Social (Dafas), organismo del Instituto de Seguridad Social de la provincia de La Pampa, que genera, regula y optimiza los recursos del&hellip;<\/p>\n","protected":false},"author":4,"featured_media":0,"comment_status":"closed","ping_status":"open","sticky":false,"template":"","format":"standard","meta":{"_acf_changed":false,"footnotes":""},"categories":[1,12],"tags":[],"class_list":["post-224589","post","type-post","status-publish","format-standard","hentry","category-es-noticia","category-sociedad"],"acf":[],"yoast_head":"<!-- This site is optimized with the Yoast SEO plugin v27.5 - https:\/\/yoast.com\/product\/yoast-seo-wordpress\/ -->\n<title>Llaman a concurso p\u00fablico para capacitar a agencias de Dafas - Diario Textual<\/title>\n<meta name=\"robots\" content=\"index, follow, max-snippet:-1, max-image-preview:large, max-video-preview:-1\" \/>\n<link rel=\"canonical\" href=\"https:\/\/diariotextual.com\/inicio\/index.php\/2023\/05\/09\/llaman-a-concurso-publico-para-capacitar-a-agencias-de-dafas\/\" \/>\n<meta property=\"og:locale\" content=\"es_ES\" \/>\n<meta property=\"og:type\" content=\"article\" \/>\n<meta property=\"og:title\" content=\"Llaman a concurso p\u00fablico para capacitar a agencias de Dafas - Diario Textual\" \/>\n<meta property=\"og:description\" content=\"La Direcci\u00f3n de Ayuda Financiera para la Acci\u00f3n Social (Dafas), organismo del Instituto de Seguridad Social de la provincia de La Pampa, que genera, regula y optimiza los recursos del&hellip;\" \/>\n<meta property=\"og:url\" content=\"https:\/\/diariotextual.com\/inicio\/index.php\/2023\/05\/09\/llaman-a-concurso-publico-para-capacitar-a-agencias-de-dafas\/\" \/>\n<meta property=\"og:site_name\" content=\"Diario Textual\" \/>\n<meta property=\"article:publisher\" content=\"https:\/\/www.facebook.com\/eltextual\" \/>\n<meta property=\"article:published_time\" content=\"2023-05-09T16:22:47+00:00\" \/>\n<meta property=\"article:modified_time\" content=\"2023-05-09T16:22:49+00:00\" \/>\n<meta name=\"author\" content=\"diario2\" \/>\n<meta name=\"twitter:card\" content=\"summary_large_image\" \/>\n<meta name=\"twitter:creator\" content=\"@eltextual\" \/>\n<meta name=\"twitter:site\" content=\"@eltextual\" \/>\n<meta name=\"twitter:label1\" content=\"Escrito por\" \/>\n\t<meta name=\"twitter:data1\" content=\"diario2\" \/>\n\t<meta name=\"twitter:label2\" content=\"Tiempo de lectura\" \/>\n\t<meta name=\"twitter:data2\" content=\"1 minuto\" \/>\n<script type=\"application\/ld+json\" class=\"yoast-schema-graph\">{\"@context\":\"https:\\\/\\\/schema.org\",\"@graph\":[{\"@type\":\"Article\",\"@id\":\"https:\\\/\\\/diariotextual.com\\\/inicio\\\/index.php\\\/2023\\\/05\\\/09\\\/llaman-a-concurso-publico-para-capacitar-a-agencias-de-dafas\\\/#article\",\"isPartOf\":{\"@id\":\"https:\\\/\\\/diariotextual.com\\\/inicio\\\/index.php\\\/2023\\\/05\\\/09\\\/llaman-a-concurso-publico-para-capacitar-a-agencias-de-dafas\\\/\"},\"author\":{\"name\":\"diario2\",\"@id\":\"https:\\\/\\\/diariotextual.com\\\/inicio\\\/#\\\/schema\\\/person\\\/694f60677f23c4a530867a98f22b3768\"},\"headline\":\"Llaman a concurso p\u00fablico para capacitar a agencias de Dafas\",\"datePublished\":\"2023-05-09T16:22:47+00:00\",\"dateModified\":\"2023-05-09T16:22:49+00:00\",\"mainEntityOfPage\":{\"@id\":\"https:\\\/\\\/diariotextual.com\\\/inicio\\\/index.php\\\/2023\\\/05\\\/09\\\/llaman-a-concurso-publico-para-capacitar-a-agencias-de-dafas\\\/\"},\"wordCount\":219,\"publisher\":{\"@id\":\"https:\\\/\\\/diariotextual.com\\\/inicio\\\/#organization\"},\"articleSection\":[\"A - ES NOTICIA (van abajo)\",\"SOCIEDAD\"],\"inLanguage\":\"es\"},{\"@type\":\"WebPage\",\"@id\":\"https:\\\/\\\/diariotextual.com\\\/inicio\\\/index.php\\\/2023\\\/05\\\/09\\\/llaman-a-concurso-publico-para-capacitar-a-agencias-de-dafas\\\/\",\"url\":\"https:\\\/\\\/diariotextual.com\\\/inicio\\\/index.php\\\/2023\\\/05\\\/09\\\/llaman-a-concurso-publico-para-capacitar-a-agencias-de-dafas\\\/\",\"name\":\"Llaman a concurso p\u00fablico para capacitar a agencias de Dafas - Diario Textual\",\"isPartOf\":{\"@id\":\"https:\\\/\\\/diariotextual.com\\\/inicio\\\/#website\"},\"datePublished\":\"2023-05-09T16:22:47+00:00\",\"dateModified\":\"2023-05-09T16:22:49+00:00\",\"breadcrumb\":{\"@id\":\"https:\\\/\\\/diariotextual.com\\\/inicio\\\/index.php\\\/2023\\\/05\\\/09\\\/llaman-a-concurso-publico-para-capacitar-a-agencias-de-dafas\\\/#breadcrumb\"},\"inLanguage\":\"es\",\"potentialAction\":[{\"@type\":\"ReadAction\",\"target\":[\"https:\\\/\\\/diariotextual.com\\\/inicio\\\/index.php\\\/2023\\\/05\\\/09\\\/llaman-a-concurso-publico-para-capacitar-a-agencias-de-dafas\\\/\"]}]},{\"@type\":\"BreadcrumbList\",\"@id\":\"https:\\\/\\\/diariotextual.com\\\/inicio\\\/index.php\\\/2023\\\/05\\\/09\\\/llaman-a-concurso-publico-para-capacitar-a-agencias-de-dafas\\\/#breadcrumb\",\"itemListElement\":[{\"@type\":\"ListItem\",\"position\":1,\"name\":\"Portada\",\"item\":\"https:\\\/\\\/diariotextual.com\\\/inicio\\\/\"},{\"@type\":\"ListItem\",\"position\":2,\"name\":\"Llaman a concurso p\u00fablico para capacitar a agencias de Dafas\"}]},{\"@type\":\"WebSite\",\"@id\":\"https:\\\/\\\/diariotextual.com\\\/inicio\\\/#website\",\"url\":\"https:\\\/\\\/diariotextual.com\\\/inicio\\\/\",\"name\":\"Diario Textual\",\"description\":\"\",\"publisher\":{\"@id\":\"https:\\\/\\\/diariotextual.com\\\/inicio\\\/#organization\"},\"potentialAction\":[{\"@type\":\"SearchAction\",\"target\":{\"@type\":\"EntryPoint\",\"urlTemplate\":\"https:\\\/\\\/diariotextual.com\\\/inicio\\\/?s={search_term_string}\"},\"query-input\":{\"@type\":\"PropertyValueSpecification\",\"valueRequired\":true,\"valueName\":\"search_term_string\"}}],\"inLanguage\":\"es\"},{\"@type\":\"Organization\",\"@id\":\"https:\\\/\\\/diariotextual.com\\\/inicio\\\/#organization\",\"name\":\"Diario Textual\",\"url\":\"https:\\\/\\\/diariotextual.com\\\/inicio\\\/\",\"logo\":{\"@type\":\"ImageObject\",\"inLanguage\":\"es\",\"@id\":\"https:\\\/\\\/diariotextual.com\\\/inicio\\\/#\\\/schema\\\/logo\\\/image\\\/\",\"url\":\"https:\\\/\\\/diariotextual.com\\\/inicio\\\/wp-content\\\/uploads\\\/2023\\\/05\\\/logotextual1.jpg\",\"contentUrl\":\"https:\\\/\\\/diariotextual.com\\\/inicio\\\/wp-content\\\/uploads\\\/2023\\\/05\\\/logotextual1.jpg\",\"width\":516,\"height\":76,\"caption\":\"Diario Textual\"},\"image\":{\"@id\":\"https:\\\/\\\/diariotextual.com\\\/inicio\\\/#\\\/schema\\\/logo\\\/image\\\/\"},\"sameAs\":[\"https:\\\/\\\/www.facebook.com\\\/eltextual\",\"https:\\\/\\\/x.com\\\/eltextual\",\"http:\\\/\\\/www.instagram.com\\\/eltextual\"]},{\"@type\":\"Person\",\"@id\":\"https:\\\/\\\/diariotextual.com\\\/inicio\\\/#\\\/schema\\\/person\\\/694f60677f23c4a530867a98f22b3768\",\"name\":\"diario2\",\"image\":{\"@type\":\"ImageObject\",\"inLanguage\":\"es\",\"@id\":\"https:\\\/\\\/secure.gravatar.com\\\/avatar\\\/5a2567495ba16b852fcd8f1ed006a2e24fcace936018ed8237e95f488ad6e0a7?s=96&d=mm&r=g\",\"url\":\"https:\\\/\\\/secure.gravatar.com\\\/avatar\\\/5a2567495ba16b852fcd8f1ed006a2e24fcace936018ed8237e95f488ad6e0a7?s=96&d=mm&r=g\",\"contentUrl\":\"https:\\\/\\\/secure.gravatar.com\\\/avatar\\\/5a2567495ba16b852fcd8f1ed006a2e24fcace936018ed8237e95f488ad6e0a7?s=96&d=mm&r=g\",\"caption\":\"diario2\"},\"url\":\"https:\\\/\\\/diariotextual.com\\\/inicio\\\/index.php\\\/author\\\/diario2\\\/\"}]}<\/script>\n<!-- \/ Yoast SEO plugin. -->","yoast_head_json":{"title":"Llaman a concurso p\u00fablico para capacitar a agencias de Dafas - Diario Textual","robots":{"index":"index","follow":"follow","max-snippet":"max-snippet:-1","max-image-preview":"max-image-preview:large","max-video-preview":"max-video-preview:-1"},"canonical":"https:\/\/diariotextual.com\/inicio\/index.php\/2023\/05\/09\/llaman-a-concurso-publico-para-capacitar-a-agencias-de-dafas\/","og_locale":"es_ES","og_type":"article","og_title":"Llaman a concurso p\u00fablico para capacitar a agencias de Dafas - Diario Textual","og_description":"La Direcci\u00f3n de Ayuda Financiera para la Acci\u00f3n Social (Dafas), organismo del Instituto de Seguridad Social de la provincia de La Pampa, que genera, regula y optimiza los recursos del&hellip;","og_url":"https:\/\/diariotextual.com\/inicio\/index.php\/2023\/05\/09\/llaman-a-concurso-publico-para-capacitar-a-agencias-de-dafas\/","og_site_name":"Diario Textual","article_publisher":"https:\/\/www.facebook.com\/eltextual","article_published_time":"2023-05-09T16:22:47+00:00","article_modified_time":"2023-05-09T16:22:49+00:00","author":"diario2","twitter_card":"summary_large_image","twitter_creator":"@eltextual","twitter_site":"@eltextual","twitter_misc":{"Escrito por":"diario2","Tiempo de lectura":"1 minuto"},"schema":{"@context":"https:\/\/schema.org","@graph":[{"@type":"Article","@id":"https:\/\/diariotextual.com\/inicio\/index.php\/2023\/05\/09\/llaman-a-concurso-publico-para-capacitar-a-agencias-de-dafas\/#article","isPartOf":{"@id":"https:\/\/diariotextual.com\/inicio\/index.php\/2023\/05\/09\/llaman-a-concurso-publico-para-capacitar-a-agencias-de-dafas\/"},"author":{"name":"diario2","@id":"https:\/\/diariotextual.com\/inicio\/#\/schema\/person\/694f60677f23c4a530867a98f22b3768"},"headline":"Llaman a concurso p\u00fablico para capacitar a agencias de Dafas","datePublished":"2023-05-09T16:22:47+00:00","dateModified":"2023-05-09T16:22:49+00:00","mainEntityOfPage":{"@id":"https:\/\/diariotextual.com\/inicio\/index.php\/2023\/05\/09\/llaman-a-concurso-publico-para-capacitar-a-agencias-de-dafas\/"},"wordCount":219,"publisher":{"@id":"https:\/\/diariotextual.com\/inicio\/#organization"},"articleSection":["A - ES NOTICIA (van abajo)","SOCIEDAD"],"inLanguage":"es"},{"@type":"WebPage","@id":"https:\/\/diariotextual.com\/inicio\/index.php\/2023\/05\/09\/llaman-a-concurso-publico-para-capacitar-a-agencias-de-dafas\/","url":"https:\/\/diariotextual.com\/inicio\/index.php\/2023\/05\/09\/llaman-a-concurso-publico-para-capacitar-a-agencias-de-dafas\/","name":"Llaman a concurso p\u00fablico para capacitar a agencias de Dafas - Diario Textual","isPartOf":{"@id":"https:\/\/diariotextual.com\/inicio\/#website"},"datePublished":"2023-05-09T16:22:47+00:00","dateModified":"2023-05-09T16:22:49+00:00","breadcrumb":{"@id":"https:\/\/diariotextual.com\/inicio\/index.php\/2023\/05\/09\/llaman-a-concurso-publico-para-capacitar-a-agencias-de-dafas\/#breadcrumb"},"inLanguage":"es","potentialAction":[{"@type":"ReadAction","target":["https:\/\/diariotextual.com\/inicio\/index.php\/2023\/05\/09\/llaman-a-concurso-publico-para-capacitar-a-agencias-de-dafas\/"]}]},{"@type":"BreadcrumbList","@id":"https:\/\/diariotextual.com\/inicio\/index.php\/2023\/05\/09\/llaman-a-concurso-publico-para-capacitar-a-agencias-de-dafas\/#breadcrumb","itemListElement":[{"@type":"ListItem","position":1,"name":"Portada","item":"https:\/\/diariotextual.com\/inicio\/"},{"@type":"ListItem","position":2,"name":"Llaman a concurso p\u00fablico para capacitar a agencias de Dafas"}]},{"@type":"WebSite","@id":"https:\/\/diariotextual.com\/inicio\/#website","url":"https:\/\/diariotextual.com\/inicio\/","name":"Diario Textual","description":"","publisher":{"@id":"https:\/\/diariotextual.com\/inicio\/#organization"},"potentialAction":[{"@type":"SearchAction","target":{"@type":"EntryPoint","urlTemplate":"https:\/\/diariotextual.com\/inicio\/?s={search_term_string}"},"query-input":{"@type":"PropertyValueSpecification","valueRequired":true,"valueName":"search_term_string"}}],"inLanguage":"es"},{"@type":"Organization","@id":"https:\/\/diariotextual.com\/inicio\/#organization","name":"Diario Textual","url":"https:\/\/diariotextual.com\/inicio\/","logo":{"@type":"ImageObject","inLanguage":"es","@id":"https:\/\/diariotextual.com\/inicio\/#\/schema\/logo\/image\/","url":"https:\/\/diariotextual.com\/inicio\/wp-content\/uploads\/2023\/05\/logotextual1.jpg","contentUrl":"https:\/\/diariotextual.com\/inicio\/wp-content\/uploads\/2023\/05\/logotextual1.jpg","width":516,"height":76,"caption":"Diario Textual"},"image":{"@id":"https:\/\/diariotextual.com\/inicio\/#\/schema\/logo\/image\/"},"sameAs":["https:\/\/www.facebook.com\/eltextual","https:\/\/x.com\/eltextual","http:\/\/www.instagram.com\/eltextual"]},{"@type":"Person","@id":"https:\/\/diariotextual.com\/inicio\/#\/schema\/person\/694f60677f23c4a530867a98f22b3768","name":"diario2","image":{"@type":"ImageObject","inLanguage":"es","@id":"https:\/\/secure.gravatar.com\/avatar\/5a2567495ba16b852fcd8f1ed006a2e24fcace936018ed8237e95f488ad6e0a7?s=96&d=mm&r=g","url":"https:\/\/secure.gravatar.com\/avatar\/5a2567495ba16b852fcd8f1ed006a2e24fcace936018ed8237e95f488ad6e0a7?s=96&d=mm&r=g","contentUrl":"https:\/\/secure.gravatar.com\/avatar\/5a2567495ba16b852fcd8f1ed006a2e24fcace936018ed8237e95f488ad6e0a7?s=96&d=mm&r=g","caption":"diario2"},"url":"https:\/\/diariotextual.com\/inicio\/index.php\/author\/diario2\/"}]}},"_links":{"self":[{"href":"https:\/\/diariotextual.com\/inicio\/index.php\/wp-json\/wp\/v2\/posts\/224589","targetHints":{"allow":["GET"]}}],"collection":[{"href":"https:\/\/diariotextual.com\/inicio\/index.php\/wp-json\/wp\/v2\/posts"}],"about":[{"href":"https:\/\/diariotextual.com\/inicio\/index.php\/wp-json\/wp\/v2\/types\/post"}],"author":[{"embeddable":true,"href":"https:\/\/diariotextual.com\/inicio\/index.php\/wp-json\/wp\/v2\/users\/4"}],"replies":[{"embeddable":true,"href":"https:\/\/diariotextual.com\/inicio\/index.php\/wp-json\/wp\/v2\/comments?post=224589"}],"version-history":[{"count":2,"href":"https:\/\/diariotextual.com\/inicio\/index.php\/wp-json\/wp\/v2\/posts\/224589\/revisions"}],"predecessor-version":[{"id":224591,"href":"https:\/\/diariotextual.com\/inicio\/index.php\/wp-json\/wp\/v2\/posts\/224589\/revisions\/224591"}],"wp:attachment":[{"href":"https:\/\/diariotextual.com\/inicio\/index.php\/wp-json\/wp\/v2\/media?parent=224589"}],"wp:term":[{"taxonomy":"category","embeddable":true,"href":"https:\/\/diariotextual.com\/inicio\/index.php\/wp-json\/wp\/v2\/categories?post=224589"},{"taxonomy":"post_tag","embeddable":true,"href":"https:\/\/diariotextual.com\/inicio\/index.php\/wp-json\/wp\/v2\/tags?post=224589"}],"curies":[{"name":"wp","href":"https:\/\/api.w.org\/{rel}","templated":true}]}}