{"id":224594,"date":"2023-05-09T13:53:33","date_gmt":"2023-05-09T16:53:33","guid":{"rendered":"https:\/\/diariotextual.com\/inicio\/?p=224594"},"modified":"2023-05-09T19:42:11","modified_gmt":"2023-05-09T22:42:11","slug":"scioli-ratifico-su-precandidatura-presidencial-y-anticipo-que-su-formula-va-a-ser-federal","status":"publish","type":"post","link":"https:\/\/diariotextual.com\/inicio\/index.php\/2023\/05\/09\/scioli-ratifico-su-precandidatura-presidencial-y-anticipo-que-su-formula-va-a-ser-federal\/","title":{"rendered":"Scioli ratific\u00f3 su precandidatura presidencial y anticip\u00f3 que su f\u00f3rmula \u201cva a ser federal\u201d"},"content":{"rendered":"\n<p>El embajador argentino en Brasil, <strong>Daniel Scioli<\/strong>, ratific\u00f3 sus intenciones de <strong>competir por la presidencia<\/strong> en las pr\u00f3ximas elecciones y anticip\u00f3 que su f\u00f3rmula \u201cva a ser federal\u201d.<\/p>\n\n\n\n<p><strong>\u201cLa f\u00f3rmula va a ser federal. En cada una de mis etapas pol\u00edticas tuve un fuerte compromiso con el Interior\u201d<\/strong>, sostuvo el precandidato presidencial del Frente de Todos.<\/p>\n\n\n\n<p>Al participar de la cumbre de AmCham, el ex gobernador bonaerense evit\u00f3 dar el nombre de qui\u00e9n ser\u00eda su precandidato a vicepresidente y se\u00f1al\u00f3 que la elecci\u00f3n de una persona del Interior es <strong>\u201cpensado para gobernar, no solamente para armar una f\u00f3rmula para una elecci\u00f3n\u201d.<\/strong><\/p>\n\n\n\n<p>En ese marco, analiz\u00f3 la situaci\u00f3n actual y afirm\u00f3 que&nbsp;\u201cla Argentina no tiene un problema estructural de d\u00f3lares, tiene hoy un problema de caja chica, coyuntural\u201d.<\/p>\n\n\n\n<p>\u201cS\u00e9 que hay pesimismo, incertidumbre: vengo a hablarles de lo que estoy convencido, de lo que se viene\u201d, remarc\u00f3 Scioli, quien&nbsp;subray\u00f3 que debe darse \u201cun salto cualitativo hacia el futuro\u201d.<\/p>\n\n\n\n<p>Y, de cara al auditorio repleto de empresario, a\u00f1adi\u00f3:&nbsp;\u201cYo garantizo clima amigable de negocios, seguridad jur\u00eddica, libertad de expresi\u00f3n, lograr puntos de acuerdo, hablar con todos los sectores\u201d.<\/p>\n\n\n\n<p>Al referirse al <strong>a\u00f1o electoral<\/strong>, el aspirante del Frente de Todos defendi\u00f3 las PASO como herramienta para definir las candidaturas:\u00a0<strong>\u201cQuiero con toda claridad que a m\u00ed no me elijan en una reuni\u00f3n pol\u00edtica entre cuatro paredes: quiero tener el respaldo y la legitimidad porque despu\u00e9s voy a tener que hacer las reformas que tengan que hacer\u201d.<\/strong><\/p>\n\n\n\n<p>Consultado sobre si una<strong>\u00a0eventual postulaci\u00f3n de Cristina Kirchner<\/strong>\u00a0har\u00eda que declinara su precandidatura, el ex motonauta ratific\u00f3 su carrera por el Sill\u00f3n de Rivadavia:\u00a0\u201cYa tom\u00e9 una decisi\u00f3n. Me gusta la competencia: mi vida es un sin\u00f3nimo de competencia. No en t\u00e9rminos desafiantes, en contra de nadie. Yo no corr\u00eda para hundirle la lancha al otro: compet\u00eda para superarlo\u201d.<\/p>\n\n\n\n<p>\u201cLa voluntad del pueblo argentino es el gran ordenador\u201d, concluy\u00f3.<\/p>\n","protected":false},"excerpt":{"rendered":"<p>El embajador argentino en Brasil, Daniel Scioli, ratific\u00f3 sus intenciones de competir por la presidencia en las pr\u00f3ximas elecciones y anticip\u00f3 que su f\u00f3rmula \u201cva a ser federal\u201d. \u201cLa f\u00f3rmula&hellip;<\/p>\n","protected":false},"author":4,"featured_media":190552,"comment_status":"closed","ping_status":"open","sticky":false,"template":"","format":"standard","meta":{"_acf_changed":false,"footnotes":""},"categories":[1,8],"tags":[6879],"class_list":["post-224594","post","type-post","status-publish","format-standard","has-post-thumbnail","hentry","category-es-noticia","category-politica","tag-elecciones-2023"],"acf":[],"yoast_head":"<!-- This site is optimized with the Yoast SEO plugin v27.5 - https:\/\/yoast.com\/product\/yoast-seo-wordpress\/ -->\n<title>Scioli ratific\u00f3 su precandidatura presidencial y anticip\u00f3 que su f\u00f3rmula \u201cva a ser federal\u201d - Diario Textual<\/title>\n<meta name=\"robots\" content=\"index, follow, max-snippet:-1, max-image-preview:large, max-video-preview:-1\" \/>\n<link rel=\"canonical\" href=\"https:\/\/diariotextual.com\/inicio\/index.php\/2023\/05\/09\/scioli-ratifico-su-precandidatura-presidencial-y-anticipo-que-su-formula-va-a-ser-federal\/\" \/>\n<meta property=\"og:locale\" content=\"es_ES\" \/>\n<meta property=\"og:type\" content=\"article\" \/>\n<meta property=\"og:title\" content=\"Scioli ratific\u00f3 su precandidatura presidencial y anticip\u00f3 que su f\u00f3rmula \u201cva a ser federal\u201d - Diario Textual\" \/>\n<meta property=\"og:description\" content=\"El embajador argentino en Brasil, Daniel Scioli, ratific\u00f3 sus intenciones de competir por la presidencia en las pr\u00f3ximas elecciones y anticip\u00f3 que su f\u00f3rmula \u201cva a ser federal\u201d. \u201cLa f\u00f3rmula&hellip;\" \/>\n<meta property=\"og:url\" content=\"https:\/\/diariotextual.com\/inicio\/index.php\/2023\/05\/09\/scioli-ratifico-su-precandidatura-presidencial-y-anticipo-que-su-formula-va-a-ser-federal\/\" \/>\n<meta property=\"og:site_name\" content=\"Diario Textual\" \/>\n<meta property=\"article:publisher\" content=\"https:\/\/www.facebook.com\/eltextual\" \/>\n<meta property=\"article:published_time\" content=\"2023-05-09T16:53:33+00:00\" \/>\n<meta property=\"article:modified_time\" content=\"2023-05-09T22:42:11+00:00\" \/>\n<meta property=\"og:image\" content=\"https:\/\/diariotextual.com\/inicio\/wp-content\/uploads\/2022\/06\/sciolidaniel2022-1.jpg\" \/>\n\t<meta property=\"og:image:width\" content=\"1024\" \/>\n\t<meta property=\"og:image:height\" content=\"562\" \/>\n\t<meta property=\"og:image:type\" content=\"image\/jpeg\" \/>\n<meta name=\"author\" content=\"diario2\" \/>\n<meta name=\"twitter:card\" content=\"summary_large_image\" \/>\n<meta name=\"twitter:creator\" content=\"@eltextual\" \/>\n<meta name=\"twitter:site\" content=\"@eltextual\" \/>\n<meta name=\"twitter:label1\" content=\"Escrito por\" \/>\n\t<meta name=\"twitter:data1\" content=\"diario2\" \/>\n\t<meta name=\"twitter:label2\" content=\"Tiempo de lectura\" \/>\n\t<meta name=\"twitter:data2\" content=\"2 minutos\" \/>\n<script type=\"application\/ld+json\" class=\"yoast-schema-graph\">{\"@context\":\"https:\\\/\\\/schema.org\",\"@graph\":[{\"@type\":\"Article\",\"@id\":\"https:\\\/\\\/diariotextual.com\\\/inicio\\\/index.php\\\/2023\\\/05\\\/09\\\/scioli-ratifico-su-precandidatura-presidencial-y-anticipo-que-su-formula-va-a-ser-federal\\\/#article\",\"isPartOf\":{\"@id\":\"https:\\\/\\\/diariotextual.com\\\/inicio\\\/index.php\\\/2023\\\/05\\\/09\\\/scioli-ratifico-su-precandidatura-presidencial-y-anticipo-que-su-formula-va-a-ser-federal\\\/\"},\"author\":{\"name\":\"diario2\",\"@id\":\"https:\\\/\\\/diariotextual.com\\\/inicio\\\/#\\\/schema\\\/person\\\/694f60677f23c4a530867a98f22b3768\"},\"headline\":\"Scioli ratific\u00f3 su precandidatura presidencial y anticip\u00f3 que su f\u00f3rmula \u201cva a ser federal\u201d\",\"datePublished\":\"2023-05-09T16:53:33+00:00\",\"dateModified\":\"2023-05-09T22:42:11+00:00\",\"mainEntityOfPage\":{\"@id\":\"https:\\\/\\\/diariotextual.com\\\/inicio\\\/index.php\\\/2023\\\/05\\\/09\\\/scioli-ratifico-su-precandidatura-presidencial-y-anticipo-que-su-formula-va-a-ser-federal\\\/\"},\"wordCount\":360,\"publisher\":{\"@id\":\"https:\\\/\\\/diariotextual.com\\\/inicio\\\/#organization\"},\"image\":{\"@id\":\"https:\\\/\\\/diariotextual.com\\\/inicio\\\/index.php\\\/2023\\\/05\\\/09\\\/scioli-ratifico-su-precandidatura-presidencial-y-anticipo-que-su-formula-va-a-ser-federal\\\/#primaryimage\"},\"thumbnailUrl\":\"https:\\\/\\\/diariotextual.com\\\/inicio\\\/wp-content\\\/uploads\\\/2022\\\/06\\\/sciolidaniel2022-1.jpg\",\"keywords\":[\"elecciones 2023\"],\"articleSection\":[\"A - ES NOTICIA (van abajo)\",\"POLITICA\"],\"inLanguage\":\"es\"},{\"@type\":\"WebPage\",\"@id\":\"https:\\\/\\\/diariotextual.com\\\/inicio\\\/index.php\\\/2023\\\/05\\\/09\\\/scioli-ratifico-su-precandidatura-presidencial-y-anticipo-que-su-formula-va-a-ser-federal\\\/\",\"url\":\"https:\\\/\\\/diariotextual.com\\\/inicio\\\/index.php\\\/2023\\\/05\\\/09\\\/scioli-ratifico-su-precandidatura-presidencial-y-anticipo-que-su-formula-va-a-ser-federal\\\/\",\"name\":\"Scioli ratific\u00f3 su precandidatura presidencial y anticip\u00f3 que su f\u00f3rmula \u201cva a ser federal\u201d - Diario Textual\",\"isPartOf\":{\"@id\":\"https:\\\/\\\/diariotextual.com\\\/inicio\\\/#website\"},\"primaryImageOfPage\":{\"@id\":\"https:\\\/\\\/diariotextual.com\\\/inicio\\\/index.php\\\/2023\\\/05\\\/09\\\/scioli-ratifico-su-precandidatura-presidencial-y-anticipo-que-su-formula-va-a-ser-federal\\\/#primaryimage\"},\"image\":{\"@id\":\"https:\\\/\\\/diariotextual.com\\\/inicio\\\/index.php\\\/2023\\\/05\\\/09\\\/scioli-ratifico-su-precandidatura-presidencial-y-anticipo-que-su-formula-va-a-ser-federal\\\/#primaryimage\"},\"thumbnailUrl\":\"https:\\\/\\\/diariotextual.com\\\/inicio\\\/wp-content\\\/uploads\\\/2022\\\/06\\\/sciolidaniel2022-1.jpg\",\"datePublished\":\"2023-05-09T16:53:33+00:00\",\"dateModified\":\"2023-05-09T22:42:11+00:00\",\"breadcrumb\":{\"@id\":\"https:\\\/\\\/diariotextual.com\\\/inicio\\\/index.php\\\/2023\\\/05\\\/09\\\/scioli-ratifico-su-precandidatura-presidencial-y-anticipo-que-su-formula-va-a-ser-federal\\\/#breadcrumb\"},\"inLanguage\":\"es\",\"potentialAction\":[{\"@type\":\"ReadAction\",\"target\":[\"https:\\\/\\\/diariotextual.com\\\/inicio\\\/index.php\\\/2023\\\/05\\\/09\\\/scioli-ratifico-su-precandidatura-presidencial-y-anticipo-que-su-formula-va-a-ser-federal\\\/\"]}]},{\"@type\":\"ImageObject\",\"inLanguage\":\"es\",\"@id\":\"https:\\\/\\\/diariotextual.com\\\/inicio\\\/index.php\\\/2023\\\/05\\\/09\\\/scioli-ratifico-su-precandidatura-presidencial-y-anticipo-que-su-formula-va-a-ser-federal\\\/#primaryimage\",\"url\":\"https:\\\/\\\/diariotextual.com\\\/inicio\\\/wp-content\\\/uploads\\\/2022\\\/06\\\/sciolidaniel2022-1.jpg\",\"contentUrl\":\"https:\\\/\\\/diariotextual.com\\\/inicio\\\/wp-content\\\/uploads\\\/2022\\\/06\\\/sciolidaniel2022-1.jpg\",\"width\":1024,\"height\":562},{\"@type\":\"BreadcrumbList\",\"@id\":\"https:\\\/\\\/diariotextual.com\\\/inicio\\\/index.php\\\/2023\\\/05\\\/09\\\/scioli-ratifico-su-precandidatura-presidencial-y-anticipo-que-su-formula-va-a-ser-federal\\\/#breadcrumb\",\"itemListElement\":[{\"@type\":\"ListItem\",\"position\":1,\"name\":\"Portada\",\"item\":\"https:\\\/\\\/diariotextual.com\\\/inicio\\\/\"},{\"@type\":\"ListItem\",\"position\":2,\"name\":\"Scioli ratific\u00f3 su precandidatura presidencial y anticip\u00f3 que su f\u00f3rmula \u201cva a ser federal\u201d\"}]},{\"@type\":\"WebSite\",\"@id\":\"https:\\\/\\\/diariotextual.com\\\/inicio\\\/#website\",\"url\":\"https:\\\/\\\/diariotextual.com\\\/inicio\\\/\",\"name\":\"Diario Textual\",\"description\":\"\",\"publisher\":{\"@id\":\"https:\\\/\\\/diariotextual.com\\\/inicio\\\/#organization\"},\"potentialAction\":[{\"@type\":\"SearchAction\",\"target\":{\"@type\":\"EntryPoint\",\"urlTemplate\":\"https:\\\/\\\/diariotextual.com\\\/inicio\\\/?s={search_term_string}\"},\"query-input\":{\"@type\":\"PropertyValueSpecification\",\"valueRequired\":true,\"valueName\":\"search_term_string\"}}],\"inLanguage\":\"es\"},{\"@type\":\"Organization\",\"@id\":\"https:\\\/\\\/diariotextual.com\\\/inicio\\\/#organization\",\"name\":\"Diario Textual\",\"url\":\"https:\\\/\\\/diariotextual.com\\\/inicio\\\/\",\"logo\":{\"@type\":\"ImageObject\",\"inLanguage\":\"es\",\"@id\":\"https:\\\/\\\/diariotextual.com\\\/inicio\\\/#\\\/schema\\\/logo\\\/image\\\/\",\"url\":\"https:\\\/\\\/diariotextual.com\\\/inicio\\\/wp-content\\\/uploads\\\/2023\\\/05\\\/logotextual1.jpg\",\"contentUrl\":\"https:\\\/\\\/diariotextual.com\\\/inicio\\\/wp-content\\\/uploads\\\/2023\\\/05\\\/logotextual1.jpg\",\"width\":516,\"height\":76,\"caption\":\"Diario Textual\"},\"image\":{\"@id\":\"https:\\\/\\\/diariotextual.com\\\/inicio\\\/#\\\/schema\\\/logo\\\/image\\\/\"},\"sameAs\":[\"https:\\\/\\\/www.facebook.com\\\/eltextual\",\"https:\\\/\\\/x.com\\\/eltextual\",\"http:\\\/\\\/www.instagram.com\\\/eltextual\"]},{\"@type\":\"Person\",\"@id\":\"https:\\\/\\\/diariotextual.com\\\/inicio\\\/#\\\/schema\\\/person\\\/694f60677f23c4a530867a98f22b3768\",\"name\":\"diario2\",\"image\":{\"@type\":\"ImageObject\",\"inLanguage\":\"es\",\"@id\":\"https:\\\/\\\/secure.gravatar.com\\\/avatar\\\/5a2567495ba16b852fcd8f1ed006a2e24fcace936018ed8237e95f488ad6e0a7?s=96&d=mm&r=g\",\"url\":\"https:\\\/\\\/secure.gravatar.com\\\/avatar\\\/5a2567495ba16b852fcd8f1ed006a2e24fcace936018ed8237e95f488ad6e0a7?s=96&d=mm&r=g\",\"contentUrl\":\"https:\\\/\\\/secure.gravatar.com\\\/avatar\\\/5a2567495ba16b852fcd8f1ed006a2e24fcace936018ed8237e95f488ad6e0a7?s=96&d=mm&r=g\",\"caption\":\"diario2\"},\"url\":\"https:\\\/\\\/diariotextual.com\\\/inicio\\\/index.php\\\/author\\\/diario2\\\/\"}]}<\/script>\n<!-- \/ Yoast SEO plugin. -->","yoast_head_json":{"title":"Scioli ratific\u00f3 su precandidatura presidencial y anticip\u00f3 que su f\u00f3rmula \u201cva a ser federal\u201d - Diario Textual","robots":{"index":"index","follow":"follow","max-snippet":"max-snippet:-1","max-image-preview":"max-image-preview:large","max-video-preview":"max-video-preview:-1"},"canonical":"https:\/\/diariotextual.com\/inicio\/index.php\/2023\/05\/09\/scioli-ratifico-su-precandidatura-presidencial-y-anticipo-que-su-formula-va-a-ser-federal\/","og_locale":"es_ES","og_type":"article","og_title":"Scioli ratific\u00f3 su precandidatura presidencial y anticip\u00f3 que su f\u00f3rmula \u201cva a ser federal\u201d - Diario Textual","og_description":"El embajador argentino en Brasil, Daniel Scioli, ratific\u00f3 sus intenciones de competir por la presidencia en las pr\u00f3ximas elecciones y anticip\u00f3 que su f\u00f3rmula \u201cva a ser federal\u201d. \u201cLa f\u00f3rmula&hellip;","og_url":"https:\/\/diariotextual.com\/inicio\/index.php\/2023\/05\/09\/scioli-ratifico-su-precandidatura-presidencial-y-anticipo-que-su-formula-va-a-ser-federal\/","og_site_name":"Diario Textual","article_publisher":"https:\/\/www.facebook.com\/eltextual","article_published_time":"2023-05-09T16:53:33+00:00","article_modified_time":"2023-05-09T22:42:11+00:00","og_image":[{"width":1024,"height":562,"url":"https:\/\/diariotextual.com\/inicio\/wp-content\/uploads\/2022\/06\/sciolidaniel2022-1.jpg","type":"image\/jpeg"}],"author":"diario2","twitter_card":"summary_large_image","twitter_creator":"@eltextual","twitter_site":"@eltextual","twitter_misc":{"Escrito por":"diario2","Tiempo de lectura":"2 minutos"},"schema":{"@context":"https:\/\/schema.org","@graph":[{"@type":"Article","@id":"https:\/\/diariotextual.com\/inicio\/index.php\/2023\/05\/09\/scioli-ratifico-su-precandidatura-presidencial-y-anticipo-que-su-formula-va-a-ser-federal\/#article","isPartOf":{"@id":"https:\/\/diariotextual.com\/inicio\/index.php\/2023\/05\/09\/scioli-ratifico-su-precandidatura-presidencial-y-anticipo-que-su-formula-va-a-ser-federal\/"},"author":{"name":"diario2","@id":"https:\/\/diariotextual.com\/inicio\/#\/schema\/person\/694f60677f23c4a530867a98f22b3768"},"headline":"Scioli ratific\u00f3 su precandidatura presidencial y anticip\u00f3 que su f\u00f3rmula \u201cva a ser federal\u201d","datePublished":"2023-05-09T16:53:33+00:00","dateModified":"2023-05-09T22:42:11+00:00","mainEntityOfPage":{"@id":"https:\/\/diariotextual.com\/inicio\/index.php\/2023\/05\/09\/scioli-ratifico-su-precandidatura-presidencial-y-anticipo-que-su-formula-va-a-ser-federal\/"},"wordCount":360,"publisher":{"@id":"https:\/\/diariotextual.com\/inicio\/#organization"},"image":{"@id":"https:\/\/diariotextual.com\/inicio\/index.php\/2023\/05\/09\/scioli-ratifico-su-precandidatura-presidencial-y-anticipo-que-su-formula-va-a-ser-federal\/#primaryimage"},"thumbnailUrl":"https:\/\/diariotextual.com\/inicio\/wp-content\/uploads\/2022\/06\/sciolidaniel2022-1.jpg","keywords":["elecciones 2023"],"articleSection":["A - ES NOTICIA (van abajo)","POLITICA"],"inLanguage":"es"},{"@type":"WebPage","@id":"https:\/\/diariotextual.com\/inicio\/index.php\/2023\/05\/09\/scioli-ratifico-su-precandidatura-presidencial-y-anticipo-que-su-formula-va-a-ser-federal\/","url":"https:\/\/diariotextual.com\/inicio\/index.php\/2023\/05\/09\/scioli-ratifico-su-precandidatura-presidencial-y-anticipo-que-su-formula-va-a-ser-federal\/","name":"Scioli ratific\u00f3 su precandidatura presidencial y anticip\u00f3 que su f\u00f3rmula \u201cva a ser federal\u201d - Diario Textual","isPartOf":{"@id":"https:\/\/diariotextual.com\/inicio\/#website"},"primaryImageOfPage":{"@id":"https:\/\/diariotextual.com\/inicio\/index.php\/2023\/05\/09\/scioli-ratifico-su-precandidatura-presidencial-y-anticipo-que-su-formula-va-a-ser-federal\/#primaryimage"},"image":{"@id":"https:\/\/diariotextual.com\/inicio\/index.php\/2023\/05\/09\/scioli-ratifico-su-precandidatura-presidencial-y-anticipo-que-su-formula-va-a-ser-federal\/#primaryimage"},"thumbnailUrl":"https:\/\/diariotextual.com\/inicio\/wp-content\/uploads\/2022\/06\/sciolidaniel2022-1.jpg","datePublished":"2023-05-09T16:53:33+00:00","dateModified":"2023-05-09T22:42:11+00:00","breadcrumb":{"@id":"https:\/\/diariotextual.com\/inicio\/index.php\/2023\/05\/09\/scioli-ratifico-su-precandidatura-presidencial-y-anticipo-que-su-formula-va-a-ser-federal\/#breadcrumb"},"inLanguage":"es","potentialAction":[{"@type":"ReadAction","target":["https:\/\/diariotextual.com\/inicio\/index.php\/2023\/05\/09\/scioli-ratifico-su-precandidatura-presidencial-y-anticipo-que-su-formula-va-a-ser-federal\/"]}]},{"@type":"ImageObject","inLanguage":"es","@id":"https:\/\/diariotextual.com\/inicio\/index.php\/2023\/05\/09\/scioli-ratifico-su-precandidatura-presidencial-y-anticipo-que-su-formula-va-a-ser-federal\/#primaryimage","url":"https:\/\/diariotextual.com\/inicio\/wp-content\/uploads\/2022\/06\/sciolidaniel2022-1.jpg","contentUrl":"https:\/\/diariotextual.com\/inicio\/wp-content\/uploads\/2022\/06\/sciolidaniel2022-1.jpg","width":1024,"height":562},{"@type":"BreadcrumbList","@id":"https:\/\/diariotextual.com\/inicio\/index.php\/2023\/05\/09\/scioli-ratifico-su-precandidatura-presidencial-y-anticipo-que-su-formula-va-a-ser-federal\/#breadcrumb","itemListElement":[{"@type":"ListItem","position":1,"name":"Portada","item":"https:\/\/diariotextual.com\/inicio\/"},{"@type":"ListItem","position":2,"name":"Scioli ratific\u00f3 su precandidatura presidencial y anticip\u00f3 que su f\u00f3rmula \u201cva a ser federal\u201d"}]},{"@type":"WebSite","@id":"https:\/\/diariotextual.com\/inicio\/#website","url":"https:\/\/diariotextual.com\/inicio\/","name":"Diario Textual","description":"","publisher":{"@id":"https:\/\/diariotextual.com\/inicio\/#organization"},"potentialAction":[{"@type":"SearchAction","target":{"@type":"EntryPoint","urlTemplate":"https:\/\/diariotextual.com\/inicio\/?s={search_term_string}"},"query-input":{"@type":"PropertyValueSpecification","valueRequired":true,"valueName":"search_term_string"}}],"inLanguage":"es"},{"@type":"Organization","@id":"https:\/\/diariotextual.com\/inicio\/#organization","name":"Diario Textual","url":"https:\/\/diariotextual.com\/inicio\/","logo":{"@type":"ImageObject","inLanguage":"es","@id":"https:\/\/diariotextual.com\/inicio\/#\/schema\/logo\/image\/","url":"https:\/\/diariotextual.com\/inicio\/wp-content\/uploads\/2023\/05\/logotextual1.jpg","contentUrl":"https:\/\/diariotextual.com\/inicio\/wp-content\/uploads\/2023\/05\/logotextual1.jpg","width":516,"height":76,"caption":"Diario Textual"},"image":{"@id":"https:\/\/diariotextual.com\/inicio\/#\/schema\/logo\/image\/"},"sameAs":["https:\/\/www.facebook.com\/eltextual","https:\/\/x.com\/eltextual","http:\/\/www.instagram.com\/eltextual"]},{"@type":"Person","@id":"https:\/\/diariotextual.com\/inicio\/#\/schema\/person\/694f60677f23c4a530867a98f22b3768","name":"diario2","image":{"@type":"ImageObject","inLanguage":"es","@id":"https:\/\/secure.gravatar.com\/avatar\/5a2567495ba16b852fcd8f1ed006a2e24fcace936018ed8237e95f488ad6e0a7?s=96&d=mm&r=g","url":"https:\/\/secure.gravatar.com\/avatar\/5a2567495ba16b852fcd8f1ed006a2e24fcace936018ed8237e95f488ad6e0a7?s=96&d=mm&r=g","contentUrl":"https:\/\/secure.gravatar.com\/avatar\/5a2567495ba16b852fcd8f1ed006a2e24fcace936018ed8237e95f488ad6e0a7?s=96&d=mm&r=g","caption":"diario2"},"url":"https:\/\/diariotextual.com\/inicio\/index.php\/author\/diario2\/"}]}},"_links":{"self":[{"href":"https:\/\/diariotextual.com\/inicio\/index.php\/wp-json\/wp\/v2\/posts\/224594","targetHints":{"allow":["GET"]}}],"collection":[{"href":"https:\/\/diariotextual.com\/inicio\/index.php\/wp-json\/wp\/v2\/posts"}],"about":[{"href":"https:\/\/diariotextual.com\/inicio\/index.php\/wp-json\/wp\/v2\/types\/post"}],"author":[{"embeddable":true,"href":"https:\/\/diariotextual.com\/inicio\/index.php\/wp-json\/wp\/v2\/users\/4"}],"replies":[{"embeddable":true,"href":"https:\/\/diariotextual.com\/inicio\/index.php\/wp-json\/wp\/v2\/comments?post=224594"}],"version-history":[{"count":2,"href":"https:\/\/diariotextual.com\/inicio\/index.php\/wp-json\/wp\/v2\/posts\/224594\/revisions"}],"predecessor-version":[{"id":224596,"href":"https:\/\/diariotextual.com\/inicio\/index.php\/wp-json\/wp\/v2\/posts\/224594\/revisions\/224596"}],"wp:featuredmedia":[{"embeddable":true,"href":"https:\/\/diariotextual.com\/inicio\/index.php\/wp-json\/wp\/v2\/media\/190552"}],"wp:attachment":[{"href":"https:\/\/diariotextual.com\/inicio\/index.php\/wp-json\/wp\/v2\/media?parent=224594"}],"wp:term":[{"taxonomy":"category","embeddable":true,"href":"https:\/\/diariotextual.com\/inicio\/index.php\/wp-json\/wp\/v2\/categories?post=224594"},{"taxonomy":"post_tag","embeddable":true,"href":"https:\/\/diariotextual.com\/inicio\/index.php\/wp-json\/wp\/v2\/tags?post=224594"}],"curies":[{"name":"wp","href":"https:\/\/api.w.org\/{rel}","templated":true}]}}